{"id":24151,"date":"2026-01-26T11:34:47","date_gmt":"2026-01-26T18:34:47","guid":{"rendered":"https:\/\/soledaddurazo.com\/?p=24151"},"modified":"2026-01-26T12:01:03","modified_gmt":"2026-01-26T19:01:03","slug":"aspectos-legales-y-operativos-de-la-portabilidad-de-derechos-imss-issste","status":"publish","type":"post","link":"https:\/\/soledaddurazo.com\/blog\/2026\/01\/26\/aspectos-legales-y-operativos-de-la-portabilidad-de-derechos-imss-issste\/","title":{"rendered":"Aspectos legales y operativos de la portabilidad de derechos IMSS\u2013ISSSTE"},"content":{"rendered":"<p><a href=\"https:\/\/soledaddurazo.com\/storage\/2026\/01\/e3562c8c-4069-4034-aab5-0ec64aac22d3.jpg\"><img loading=\"lazy\" decoding=\"async\" class=\"wp-image-24157 alignleft\" src=\"https:\/\/soledaddurazo.com\/storage\/2026\/01\/e3562c8c-4069-4034-aab5-0ec64aac22d3.jpg\" alt=\"\" width=\"110\" height=\"164\" srcset=\"https:\/\/soledaddurazo.com\/storage\/2026\/01\/e3562c8c-4069-4034-aab5-0ec64aac22d3.jpg 858w, https:\/\/soledaddurazo.com\/storage\/2026\/01\/e3562c8c-4069-4034-aab5-0ec64aac22d3-201x300.jpg 201w, https:\/\/soledaddurazo.com\/storage\/2026\/01\/e3562c8c-4069-4034-aab5-0ec64aac22d3-686x1024.jpg 686w, https:\/\/soledaddurazo.com\/storage\/2026\/01\/e3562c8c-4069-4034-aab5-0ec64aac22d3-768x1146.jpg 768w, https:\/\/soledaddurazo.com\/storage\/2026\/01\/e3562c8c-4069-4034-aab5-0ec64aac22d3-600x895.jpg 600w, https:\/\/soledaddurazo.com\/storage\/2026\/01\/e3562c8c-4069-4034-aab5-0ec64aac22d3-750x1119.jpg 750w\" sizes=\"auto, (max-width: 110px) 100vw, 110px\" \/><\/a><\/p>\n<p>&nbsp;<\/p>\n<p>Por <em><strong>Ing. Ver\u00f3nica Brise\u00f1o<\/strong><\/em><\/p>\n<p><strong>Consultora en pensiones y tr\u00e1mites IMSS<\/strong><\/p>\n<p>&nbsp;<\/p>\n<p>La portabilidad de derechos IMSS \u2013 ISSSTE es un derecho previsto en la Ley del ISSSTE y en la Ley del Seguro Social, por el que se pueden transferir periodos cotizados entre institutos, como estrategia para alcanzar requisitos para pensi\u00f3n u obtener ventajas competitivas.<\/p>\n<p>EL 17\u00a0 de febrero del 2009, IMSS e ISSSTE firman un convenio de colaboraci\u00f3n para determinar criterios, lineamientos, t\u00e9rminos, condiciones, mecanismos y procedimientos conforme a los cuales, los Trabajadores que hubieren cotizado a ISSSTE \u00a0y que por virtud de una nueva relaci\u00f3n laboral se inscriban al IMSS, podr\u00e1n transferir a este \u00faltimo los derechos de los a\u00f1os de cotizaci\u00f3n al Instituto; de igual modo , los trabajadores inscritos en el IMSS que inicien una relaci\u00f3n laboral que los sujete al r\u00e9gimen de ISSSTE, podr\u00e1n transferir al Instituto los derechos de sus semanas de cotizaci\u00f3n.<\/p>\n<p>Seg\u00fan se cotice, la portabilidad entre institutos puede aplicar a trabajadores que tenga cotizaciones seg\u00fan los casos, pero, debe de actuarse con cierta prudencia, pues en determinadas circunstancias no pudiera ser conveniente, sino obtener mejor el derecho a pensi\u00f3n por cada uno de los institutos.<\/p>\n<p>&nbsp;<\/p>\n<p><u>Hay algunas consideraciones importes que tienen que tomarse en cuenta entre ellos: <\/u><\/p>\n<p>&nbsp;<\/p>\n<ul>\n<li>Los periodos de cotizaci\u00f3n que el trabajador hubiera cotizado simult\u00e1neamente a ISSSTE y al IMSS, no se acumular\u00e1n para efectos de pensi\u00f3n.<\/li>\n<li>Que los recursos aportados a cada Instituto, se acumular\u00e1n en una sola cuenta individual, pero se registrar\u00e1n por separado.<\/li>\n<li>Los trabajadores deber\u00e1n tener reconocidos un m\u00ednimo de veinticinco a\u00f1os de cotizaci\u00f3n, exclusivamente en el ISSSTE o complementados por cotizaciones en IMSS para adquirir el derecho a pensi\u00f3n en ISSSTE.<\/li>\n<li>Trabajadores que lleguen a la edad para pensionarse por cesant\u00eda en edad avanzada o vejez, podr\u00e1n transferir sus periodos de cotizaci\u00f3n, no simult\u00e1neos, al IMSS cumpliendo con las semanas cotizadas seg\u00fan a la ley que pertenezcan ya sea ley 73 o bien ley 97.<\/li>\n<li>Los Trabajadores que se pensionen por cuentas individuales en ISSSTE y que, a su vez, coticen al IMSS, podr\u00e1n continuar cotizando bajo este \u00faltimo r\u00e9gimen, y una vez al a\u00f1o, en el mismo mes calendario en el que adquiri\u00f3 el derecho a la pensi\u00f3n, podr\u00e1 el pensionado transferir a la Aseguradora que le estuviera pagando la Renta Vitalicia, \u00a0a la AFORE que pagare su Retiro Programado, el saldo acumulado de su Cuenta Individual, para incrementar Pensi\u00f3n, o retirar el nuevo saldo, en una sola exhibici\u00f3n.<\/li>\n<li>La pensi\u00f3n se tramitar\u00e1 en el \u00faltimo instituto del cual cause baja.<\/li>\n<li>La solicitud de informaci\u00f3n de los periodos cotizados, se podr\u00e1 recibir dentro del a\u00f1o anterior a que el trabajador cumpla con la edad requerida para el disfrute de la pensi\u00f3n, pero para que \u00e9ste se pueda realizar, debe haber causado baja del instituto del que no obtendr\u00e1 su pensi\u00f3n.<\/li>\n<li>Deber\u00e1s manifestar de manera expresa tu voluntad de transferir los derechos de tus periodos de cotizaci\u00f3n bajo la\u00a0LSS y\u00a0la LISSSTE, al igual que los recursos acumulados en tus subcuentas del Seguro de Retiro, Cesant\u00eda en Edad Avanzada y Vejez, constituidas bajo los dos reg\u00edmenes.<\/li>\n<li>El Instituto que emiti\u00f3 la &#8220;Resoluci\u00f3n y\/o Concesi\u00f3n de Pensi\u00f3n&#8221; solicitar\u00e1\u00a0a la \u00a0AFORE, en la que se encuentra registrada tu\u00a0Cuenta Individual,\u00a0la transferencia de los recursos de las subcuentas correspondientes que se utilizar\u00e1n para financiar el pago de tu pensi\u00f3n.<\/li>\n<li>La Afore transferir\u00e1 los recursos de las subcuentas de tu Cuenta individual que se utilizar\u00e1n para el financiamiento del pago de tu Pensi\u00f3n, en su caso.<\/li>\n<\/ul>\n<p>La portabilidad no siempre es la mejor estrategia pues un trabajador mixto, hoy d\u00eda, puede elegir entre las siguientes opciones de pensi\u00f3n; antes de decir que s\u00ed, analicemos la situaci\u00f3n.<\/p>\n<p>Es recomendable que, antes de un proceso de portabilidad, se eval\u00fae minuciosamente, las posibles consecuencias de esta decisi\u00f3n.<\/p>\n<p>&nbsp;<\/p>\n<p><strong><em>M\u00e1s informaci\u00f3n y consultas <\/em><\/strong><\/p>\n<p><em>\ud83d\udcf1 <\/em><strong>6621-919194<\/strong><\/p>\n<p>Instagram:\u00a0<strong>veronicabrisenopensiones<\/strong><\/p>\n","protected":false},"excerpt":{"rendered":"<p>&nbsp; Por Ing. Ver\u00f3nica Brise\u00f1o Consultora en pensiones y tr\u00e1mites IMSS &nbsp; La portabilidad de derechos IMSS \u2013 ISSSTE es un derecho previsto en la Ley del ISSSTE y en la Ley del Seguro Social, por el que se pueden transferir periodos cotizados entre institutos, como estrategia para alcanzar requisitos para pensi\u00f3n u obtener ventajas [&hellip;]<\/p>\n","protected":false},"author":1,"featured_media":24153,"comment_status":"open","ping_status":"open","sticky":false,"template":"","format":"standard","meta":{"footnotes":""},"categories":[153],"tags":[],"class_list":["post"],"yoast_head":" \n<title>Aspectos legales y operativos de la portabilidad de derechos IMSS\u2013ISSSTE - Periodista SoledadDurazo.com<\/title>\n<meta name=\"robots\" content=\"index, follow, max-snippet:-1, max-image-preview:large, max-video-preview:-1\" \/>\n<link rel=\"canonical\" href=\"https:\/\/soledaddurazo.com\/blog\/2026\/01\/26\/aspectos-legales-y-operativos-de-la-portabilidad-de-derechos-imss-issste\/\" \/>\n<meta property=\"og:locale\" content=\"es_MX\" \/>\n<meta property=\"og:type\" content=\"article\" \/>\n<meta property=\"og:title\" content=\"Aspectos legales y operativos de la portabilidad de derechos IMSS\u2013ISSSTE\" \/>\n<meta property=\"og:description\" content=\"&nbsp; Por Ing. Ver\u00f3nica Brise\u00f1o Consultora en pensiones y tr\u00e1mites IMSS &nbsp; La portabilidad de derechos IMSS \u2013 ISSSTE es un derecho previsto en la Ley del ISSSTE y en la Ley del Seguro Social, por el que se pueden transferir periodos cotizados entre institutos, como estrategia para alcanzar requisitos para pensi\u00f3n u obtener ventajas [&hellip;]\" \/>\n<meta property=\"og:url\" content=\"https:\/\/soledaddurazo.com\/blog\/2026\/01\/26\/aspectos-legales-y-operativos-de-la-portabilidad-de-derechos-imss-issste\/\" \/>\n<meta property=\"og:site_name\" content=\"Periodista SoledadDurazo.com\" \/>\n<meta property=\"article:publisher\" content=\"https:\/\/www.facebook.com\/soledad.durazo.9\/\" \/>\n<meta property=\"article:published_time\" content=\"2026-01-26T18:34:47+00:00\" \/>\n<meta property=\"article:modified_time\" content=\"2026-01-26T19:01:03+00:00\" \/>\n<meta property=\"og:image\" content=\"https:\/\/soledaddurazo.com\/storage\/2026\/01\/pensiones-1280x720-1.png\" \/>\n\t<meta property=\"og:image:width\" content=\"1280\" \/>\n\t<meta property=\"og:image:height\" content=\"720\" \/>\n<meta name=\"twitter:card\" content=\"summary_large_image\" \/>\n<meta name=\"twitter:creator\" content=\"@SoledadDurazo\" \/>\n<meta name=\"twitter:site\" content=\"@SoledadDurazo\" \/>\n<meta name=\"twitter:label1\" content=\"Escrito por\" \/>\n\t<meta name=\"twitter:data1\" content=\"Redacci\u00f3n\" \/>\n\t<meta name=\"twitter:label2\" content=\"Tiempo de lectura\" \/>\n\t<meta name=\"twitter:data2\" content=\"3 minutos\" \/>\n<script type=\"application\/ld+json\" class=\"yoast-schema-graph\">{\"@context\":\"https:\/\/schema.org\",\"@graph\":[{\"@type\":\"Organization\",\"@id\":\"https:\/\/soledaddurazo.com\/#organization\",\"name\":\"Soledad Durazo\",\"url\":\"https:\/\/soledaddurazo.com\/\",\"sameAs\":[\"https:\/\/www.facebook.com\/soledad.durazo.9\/\",\"https:\/\/www.instagram.com\/soledaddurazo\",\"https:\/\/www.youtube.com\/channel\/UC9yGPw8-Vbl_B2XNkRwPS-w\",\"https:\/\/twitter.com\/SoledadDurazo\"],\"logo\":{\"@type\":\"ImageObject\",\"@id\":\"https:\/\/soledaddurazo.com\/#logo\",\"inLanguage\":\"es\",\"url\":\"https:\/\/soledaddurazo.com\/storage\/2021\/11\/nllp-720x375-1-2.png\",\"contentUrl\":\"https:\/\/soledaddurazo.com\/storage\/2021\/11\/nllp-720x375-1-2.png\",\"width\":720,\"height\":375,\"caption\":\"Soledad Durazo\"},\"image\":{\"@id\":\"https:\/\/soledaddurazo.com\/#logo\"}},{\"@type\":\"WebSite\",\"@id\":\"https:\/\/soledaddurazo.com\/#website\",\"url\":\"https:\/\/soledaddurazo.com\/\",\"name\":\"Periodista SoledadDurazo.com\",\"description\":\"Periodista sonorense. Directora de www.SoledadDurazo.com Columnista, conductora de radio y Tv. Catedr\\u00e1tica en la UNISON\",\"publisher\":{\"@id\":\"https:\/\/soledaddurazo.com\/#organization\"},\"potentialAction\":[{\"@type\":\"SearchAction\",\"target\":{\"@type\":\"EntryPoint\",\"urlTemplate\":\"https:\/\/soledaddurazo.com\/?s={search_term_string}\"},\"query-input\":\"required name=search_term_string\"}],\"inLanguage\":\"es\"},{\"@type\":\"ImageObject\",\"@id\":\"https:\/\/soledaddurazo.com\/blog\/2026\/01\/26\/aspectos-legales-y-operativos-de-la-portabilidad-de-derechos-imss-issste\/#primaryimage\",\"inLanguage\":\"es\",\"url\":\"https:\/\/soledaddurazo.com\/storage\/2026\/01\/pensiones-1280x720-1.png\",\"contentUrl\":\"https:\/\/soledaddurazo.com\/storage\/2026\/01\/pensiones-1280x720-1.png\",\"width\":1280,\"height\":720},{\"@type\":\"WebPage\",\"@id\":\"https:\/\/soledaddurazo.com\/blog\/2026\/01\/26\/aspectos-legales-y-operativos-de-la-portabilidad-de-derechos-imss-issste\/#webpage\",\"url\":\"https:\/\/soledaddurazo.com\/blog\/2026\/01\/26\/aspectos-legales-y-operativos-de-la-portabilidad-de-derechos-imss-issste\/\",\"name\":\"Aspectos legales y operativos de la portabilidad de derechos IMSS\\u2013ISSSTE - Periodista SoledadDurazo.com\",\"isPartOf\":{\"@id\":\"https:\/\/soledaddurazo.com\/#website\"},\"primaryImageOfPage\":{\"@id\":\"https:\/\/soledaddurazo.com\/blog\/2026\/01\/26\/aspectos-legales-y-operativos-de-la-portabilidad-de-derechos-imss-issste\/#primaryimage\"},\"datePublished\":\"2026-01-26T18:34:47+00:00\",\"dateModified\":\"2026-01-26T19:01:03+00:00\",\"breadcrumb\":{\"@id\":\"https:\/\/soledaddurazo.com\/blog\/2026\/01\/26\/aspectos-legales-y-operativos-de-la-portabilidad-de-derechos-imss-issste\/#breadcrumb\"},\"inLanguage\":\"es\",\"potentialAction\":[{\"@type\":\"ReadAction\",\"target\":[\"https:\/\/soledaddurazo.com\/blog\/2026\/01\/26\/aspectos-legales-y-operativos-de-la-portabilidad-de-derechos-imss-issste\/\"]}]},{\"@type\":\"BreadcrumbList\",\"@id\":\"https:\/\/soledaddurazo.com\/blog\/2026\/01\/26\/aspectos-legales-y-operativos-de-la-portabilidad-de-derechos-imss-issste\/#breadcrumb\",\"itemListElement\":[{\"@type\":\"ListItem\",\"position\":1,\"name\":\"Home\",\"item\":\"https:\/\/soledaddurazo.com\/\"},{\"@type\":\"ListItem\",\"position\":2,\"name\":\"Aspectos legales y operativos de la portabilidad de derechos IMSS\\u2013ISSSTE\"}]},{\"@type\":\"Article\",\"@id\":\"https:\/\/soledaddurazo.com\/blog\/2026\/01\/26\/aspectos-legales-y-operativos-de-la-portabilidad-de-derechos-imss-issste\/#article\",\"isPartOf\":{\"@id\":\"https:\/\/soledaddurazo.com\/blog\/2026\/01\/26\/aspectos-legales-y-operativos-de-la-portabilidad-de-derechos-imss-issste\/#webpage\"},\"author\":{\"@id\":\"https:\/\/soledaddurazo.com\/#\/schema\/person\/822d8e13aa288585e6546f179853758b\"},\"headline\":\"Aspectos legales y operativos de la portabilidad de derechos IMSS\\u2013ISSSTE\",\"datePublished\":\"2026-01-26T18:34:47+00:00\",\"dateModified\":\"2026-01-26T19:01:03+00:00\",\"mainEntityOfPage\":{\"@id\":\"https:\/\/soledaddurazo.com\/blog\/2026\/01\/26\/aspectos-legales-y-operativos-de-la-portabilidad-de-derechos-imss-issste\/#webpage\"},\"wordCount\":708,\"commentCount\":0,\"publisher\":{\"@id\":\"https:\/\/soledaddurazo.com\/#organization\"},\"image\":{\"@id\":\"https:\/\/soledaddurazo.com\/blog\/2026\/01\/26\/aspectos-legales-y-operativos-de-la-portabilidad-de-derechos-imss-issste\/#primaryimage\"},\"thumbnailUrl\":\"https:\/\/soledaddurazo.com\/storage\/2026\/01\/pensiones-1280x720-1.png\",\"articleSection\":[\"principal\"],\"inLanguage\":\"es\",\"potentialAction\":[{\"@type\":\"CommentAction\",\"name\":\"Comment\",\"target\":[\"https:\/\/soledaddurazo.com\/blog\/2026\/01\/26\/aspectos-legales-y-operativos-de-la-portabilidad-de-derechos-imss-issste\/#respond\"]}]},{\"@type\":\"Person\",\"@id\":\"https:\/\/soledaddurazo.com\/#\/schema\/person\/822d8e13aa288585e6546f179853758b\",\"name\":\"Redacci\\u00f3n\",\"image\":{\"@type\":\"ImageObject\",\"@id\":\"https:\/\/soledaddurazo.com\/#personlogo\",\"inLanguage\":\"es\",\"url\":\"https:\/\/secure.gravatar.com\/avatar\/c4e193752f756fd61f04deebed3a3a20dc188d37edb53682d313ac57f2725d54?s=96&d=mm&r=g\",\"contentUrl\":\"https:\/\/secure.gravatar.com\/avatar\/c4e193752f756fd61f04deebed3a3a20dc188d37edb53682d313ac57f2725d54?s=96&d=mm&r=g\",\"caption\":\"Redacci\\u00f3n\"},\"sameAs\":[\"https:\/\/soledaddurazo.com\"]}]}<\/script>\n ","yoast_head_json":{"title":"Aspectos legales y operativos de la portabilidad de derechos IMSS\u2013ISSSTE - Periodista SoledadDurazo.com","robots":{"index":"index","follow":"follow","max-snippet":"max-snippet:-1","max-image-preview":"max-image-preview:large","max-video-preview":"max-video-preview:-1"},"canonical":"https:\/\/soledaddurazo.com\/blog\/2026\/01\/26\/aspectos-legales-y-operativos-de-la-portabilidad-de-derechos-imss-issste\/","og_locale":"es_MX","og_type":"article","og_title":"Aspectos legales y operativos de la portabilidad de derechos IMSS\u2013ISSSTE","og_description":"&nbsp; Por Ing. Ver\u00f3nica Brise\u00f1o Consultora en pensiones y tr\u00e1mites IMSS &nbsp; La portabilidad de derechos IMSS \u2013 ISSSTE es un derecho previsto en la Ley del ISSSTE y en la Ley del Seguro Social, por el que se pueden transferir periodos cotizados entre institutos, como estrategia para alcanzar requisitos para pensi\u00f3n u obtener ventajas [&hellip;]","og_url":"https:\/\/soledaddurazo.com\/blog\/2026\/01\/26\/aspectos-legales-y-operativos-de-la-portabilidad-de-derechos-imss-issste\/","og_site_name":"Periodista SoledadDurazo.com","article_publisher":"https:\/\/www.facebook.com\/soledad.durazo.9\/","article_published_time":"2026-01-26T18:34:47+00:00","article_modified_time":"2026-01-26T19:01:03+00:00","og_image":[{"width":1280,"height":720,"url":"https:\/\/soledaddurazo.com\/storage\/2026\/01\/pensiones-1280x720-1.png","type":"image\/png"}],"twitter_card":"summary_large_image","twitter_creator":"@SoledadDurazo","twitter_site":"@SoledadDurazo","twitter_misc":{"Escrito por":"Redacci\u00f3n","Tiempo de lectura":"3 minutos"},"schema":{"@context":"https:\/\/schema.org","@graph":[{"@type":"Organization","@id":"https:\/\/soledaddurazo.com\/#organization","name":"Soledad Durazo","url":"https:\/\/soledaddurazo.com\/","sameAs":["https:\/\/www.facebook.com\/soledad.durazo.9\/","https:\/\/www.instagram.com\/soledaddurazo","https:\/\/www.youtube.com\/channel\/UC9yGPw8-Vbl_B2XNkRwPS-w","https:\/\/twitter.com\/SoledadDurazo"],"logo":{"@type":"ImageObject","@id":"https:\/\/soledaddurazo.com\/#logo","inLanguage":"es","url":"https:\/\/soledaddurazo.com\/storage\/2021\/11\/nllp-720x375-1-2.png","contentUrl":"https:\/\/soledaddurazo.com\/storage\/2021\/11\/nllp-720x375-1-2.png","width":720,"height":375,"caption":"Soledad Durazo"},"image":{"@id":"https:\/\/soledaddurazo.com\/#logo"}},{"@type":"WebSite","@id":"https:\/\/soledaddurazo.com\/#website","url":"https:\/\/soledaddurazo.com\/","name":"Periodista SoledadDurazo.com","description":"Periodista sonorense. Directora de www.SoledadDurazo.com Columnista, conductora de radio y Tv. Catedr\u00e1tica en la UNISON","publisher":{"@id":"https:\/\/soledaddurazo.com\/#organization"},"potentialAction":[{"@type":"SearchAction","target":{"@type":"EntryPoint","urlTemplate":"https:\/\/soledaddurazo.com\/?s={search_term_string}"},"query-input":"required name=search_term_string"}],"inLanguage":"es"},{"@type":"ImageObject","@id":"https:\/\/soledaddurazo.com\/blog\/2026\/01\/26\/aspectos-legales-y-operativos-de-la-portabilidad-de-derechos-imss-issste\/#primaryimage","inLanguage":"es","url":"https:\/\/soledaddurazo.com\/storage\/2026\/01\/pensiones-1280x720-1.png","contentUrl":"https:\/\/soledaddurazo.com\/storage\/2026\/01\/pensiones-1280x720-1.png","width":1280,"height":720},{"@type":"WebPage","@id":"https:\/\/soledaddurazo.com\/blog\/2026\/01\/26\/aspectos-legales-y-operativos-de-la-portabilidad-de-derechos-imss-issste\/#webpage","url":"https:\/\/soledaddurazo.com\/blog\/2026\/01\/26\/aspectos-legales-y-operativos-de-la-portabilidad-de-derechos-imss-issste\/","name":"Aspectos legales y operativos de la portabilidad de derechos IMSS\u2013ISSSTE - Periodista SoledadDurazo.com","isPartOf":{"@id":"https:\/\/soledaddurazo.com\/#website"},"primaryImageOfPage":{"@id":"https:\/\/soledaddurazo.com\/blog\/2026\/01\/26\/aspectos-legales-y-operativos-de-la-portabilidad-de-derechos-imss-issste\/#primaryimage"},"datePublished":"2026-01-26T18:34:47+00:00","dateModified":"2026-01-26T19:01:03+00:00","breadcrumb":{"@id":"https:\/\/soledaddurazo.com\/blog\/2026\/01\/26\/aspectos-legales-y-operativos-de-la-portabilidad-de-derechos-imss-issste\/#breadcrumb"},"inLanguage":"es","potentialAction":[{"@type":"ReadAction","target":["https:\/\/soledaddurazo.com\/blog\/2026\/01\/26\/aspectos-legales-y-operativos-de-la-portabilidad-de-derechos-imss-issste\/"]}]},{"@type":"BreadcrumbList","@id":"https:\/\/soledaddurazo.com\/blog\/2026\/01\/26\/aspectos-legales-y-operativos-de-la-portabilidad-de-derechos-imss-issste\/#breadcrumb","itemListElement":[{"@type":"ListItem","position":1,"name":"Home","item":"https:\/\/soledaddurazo.com\/"},{"@type":"ListItem","position":2,"name":"Aspectos legales y operativos de la portabilidad de derechos IMSS\u2013ISSSTE"}]},{"@type":"Article","@id":"https:\/\/soledaddurazo.com\/blog\/2026\/01\/26\/aspectos-legales-y-operativos-de-la-portabilidad-de-derechos-imss-issste\/#article","isPartOf":{"@id":"https:\/\/soledaddurazo.com\/blog\/2026\/01\/26\/aspectos-legales-y-operativos-de-la-portabilidad-de-derechos-imss-issste\/#webpage"},"author":{"@id":"https:\/\/soledaddurazo.com\/#\/schema\/person\/822d8e13aa288585e6546f179853758b"},"headline":"Aspectos legales y operativos de la portabilidad de derechos IMSS\u2013ISSSTE","datePublished":"2026-01-26T18:34:47+00:00","dateModified":"2026-01-26T19:01:03+00:00","mainEntityOfPage":{"@id":"https:\/\/soledaddurazo.com\/blog\/2026\/01\/26\/aspectos-legales-y-operativos-de-la-portabilidad-de-derechos-imss-issste\/#webpage"},"wordCount":708,"commentCount":0,"publisher":{"@id":"https:\/\/soledaddurazo.com\/#organization"},"image":{"@id":"https:\/\/soledaddurazo.com\/blog\/2026\/01\/26\/aspectos-legales-y-operativos-de-la-portabilidad-de-derechos-imss-issste\/#primaryimage"},"thumbnailUrl":"https:\/\/soledaddurazo.com\/storage\/2026\/01\/pensiones-1280x720-1.png","articleSection":["principal"],"inLanguage":"es","potentialAction":[{"@type":"CommentAction","name":"Comment","target":["https:\/\/soledaddurazo.com\/blog\/2026\/01\/26\/aspectos-legales-y-operativos-de-la-portabilidad-de-derechos-imss-issste\/#respond"]}]},{"@type":"Person","@id":"https:\/\/soledaddurazo.com\/#\/schema\/person\/822d8e13aa288585e6546f179853758b","name":"Redacci\u00f3n","image":{"@type":"ImageObject","@id":"https:\/\/soledaddurazo.com\/#personlogo","inLanguage":"es","url":"https:\/\/secure.gravatar.com\/avatar\/c4e193752f756fd61f04deebed3a3a20dc188d37edb53682d313ac57f2725d54?s=96&d=mm&r=g","contentUrl":"https:\/\/secure.gravatar.com\/avatar\/c4e193752f756fd61f04deebed3a3a20dc188d37edb53682d313ac57f2725d54?s=96&d=mm&r=g","caption":"Redacci\u00f3n"},"sameAs":["https:\/\/soledaddurazo.com"]}]}},"_links":{"self":[{"href":"https:\/\/soledaddurazo.com\/api\/wp\/v2\/posts\/24151","targetHints":{"allow":["GET"]}}],"collection":[{"href":"https:\/\/soledaddurazo.com\/api\/wp\/v2\/posts"}],"about":[{"href":"https:\/\/soledaddurazo.com\/api\/wp\/v2\/types\/post"}],"author":[{"embeddable":true,"href":"https:\/\/soledaddurazo.com\/api\/wp\/v2\/users\/1"}],"replies":[{"embeddable":true,"href":"https:\/\/soledaddurazo.com\/api\/wp\/v2\/comments?post=24151"}],"version-history":[{"count":3,"href":"https:\/\/soledaddurazo.com\/api\/wp\/v2\/posts\/24151\/revisions"}],"predecessor-version":[{"id":24159,"href":"https:\/\/soledaddurazo.com\/api\/wp\/v2\/posts\/24151\/revisions\/24159"}],"wp:featuredmedia":[{"embeddable":true,"href":"https:\/\/soledaddurazo.com\/api\/wp\/v2\/media\/24153"}],"wp:attachment":[{"href":"https:\/\/soledaddurazo.com\/api\/wp\/v2\/media?parent=24151"}],"wp:term":[{"taxonomy":"category","embeddable":true,"href":"https:\/\/soledaddurazo.com\/api\/wp\/v2\/categories?post=24151"},{"taxonomy":"post_tag","embeddable":true,"href":"https:\/\/soledaddurazo.com\/api\/wp\/v2\/tags?post=24151"}],"curies":[{"name":"wp","href":"https:\/\/api.w.org\/{rel}","templated":true}]}}