{"id":24141,"date":"2026-01-25T21:45:16","date_gmt":"2026-01-26T04:45:16","guid":{"rendered":"https:\/\/soledaddurazo.com\/?p=24141"},"modified":"2026-01-25T21:45:16","modified_gmt":"2026-01-26T04:45:16","slug":"inaugura-tono-astiazaran-paso-a-desnivel-colosio-solidaridad","status":"publish","type":"post","link":"https:\/\/soledaddurazo.com\/blog\/2026\/01\/25\/inaugura-tono-astiazaran-paso-a-desnivel-colosio-solidaridad\/","title":{"rendered":"Inaugura To\u00f1o Astiazar\u00e1n Paso a Desnivel Colosio\u2013Solidaridad"},"content":{"rendered":"<p data-start=\"220\" data-end=\"527\">El presidente municipal Antonio Astiazar\u00e1n Guti\u00e9rrez inaugur\u00f3 el Paso a Desnivel en el cruce de los bulevares Colosio y Solidaridad, una obra estrat\u00e9gica que fortalece la movilidad urbana y posiciona a Hermosillo como referente nacional en infraestructura vial sustentable e incluyente.<\/p>\n<p data-start=\"529\" data-end=\"974\">Acompa\u00f1ado de su familia y autoridades municipales, Astiazar\u00e1n destac\u00f3 que este proyecto marca el inicio de la visi\u00f3n Hermosillo 2055, al tratarse de una obra pensada no solo para automovilistas, sino tambi\u00e9n para peatones y ciclistas, con espacios seguros y una importante intervenci\u00f3n ambiental. Subray\u00f3 que es una apuesta por un futuro m\u00e1s verde, humano y seguro, realizada con recursos propios del Ayuntamiento y capacidad t\u00e9cnica municipal.<\/p>\n<p data-start=\"976\" data-end=\"1360\">La directora de Desarrollo de Infraestructura, Astart\u00e9 Corro Ruiz, inform\u00f3 que la obra fue concluida en tiempo y forma tras m\u00e1s de 380 d\u00edas de trabajo continuo, generando empleo y derrama econ\u00f3mica local. El proyecto beneficiar\u00e1 a m\u00e1s de 74 mil veh\u00edculos que transitan diariamente por la zona, logrando una reducci\u00f3n de hasta 70 por ciento en los tiempos de espera durante horas pico.<\/p>\n<p data-start=\"1362\" data-end=\"1749\">El paso a desnivel incluye m\u00e1s de 3 mil metros de ciclov\u00eda, sem\u00e1foros peatonales, infraestructura pluvial de gran capacidad, pavimentaci\u00f3n con concreto hidr\u00e1ulico, alumbrado LED y la plantaci\u00f3n de m\u00e1s de 3 mil \u00e1rboles y arbustos de especies nativas. Adem\u00e1s, se anunci\u00f3 la apertura de una convocatoria para la creaci\u00f3n de un mural que fortalecer\u00e1 la identidad cultural del espacio urbano.<\/p>\n<p data-start=\"1751\" data-end=\"1903\">Al evento asistieron representantes de organizaciones ambientalistas, ciclistas, c\u00e1maras empresariales, comerciantes, regidores y ciudadan\u00eda en general.<\/p>\n<p data-start=\"1751\" data-end=\"1903\"><a href=\"https:\/\/soledaddurazo.com\/storage\/2026\/01\/112673da-9497-481a-90e8-881a42879011.jpg\"><img loading=\"lazy\" decoding=\"async\" class=\"aligncenter size-full wp-image-24143\" src=\"https:\/\/soledaddurazo.com\/storage\/2026\/01\/112673da-9497-481a-90e8-881a42879011.jpg\" alt=\"\" width=\"1280\" height=\"960\" srcset=\"https:\/\/soledaddurazo.com\/storage\/2026\/01\/112673da-9497-481a-90e8-881a42879011.jpg 1280w, https:\/\/soledaddurazo.com\/storage\/2026\/01\/112673da-9497-481a-90e8-881a42879011-300x225.jpg 300w, https:\/\/soledaddurazo.com\/storage\/2026\/01\/112673da-9497-481a-90e8-881a42879011-1024x768.jpg 1024w, https:\/\/soledaddurazo.com\/storage\/2026\/01\/112673da-9497-481a-90e8-881a42879011-768x576.jpg 768w, https:\/\/soledaddurazo.com\/storage\/2026\/01\/112673da-9497-481a-90e8-881a42879011-600x450.jpg 600w, https:\/\/soledaddurazo.com\/storage\/2026\/01\/112673da-9497-481a-90e8-881a42879011-750x563.jpg 750w, https:\/\/soledaddurazo.com\/storage\/2026\/01\/112673da-9497-481a-90e8-881a42879011-1140x855.jpg 1140w\" sizes=\"auto, (max-width: 1280px) 100vw, 1280px\" \/><\/a><\/p>\n<p data-start=\"1751\" data-end=\"1903\">Numeralia | Paso a Desnivel Colosio\u2013Solidaridad<br \/>\n\u2022 Veh\u00edculos que circular\u00e1n diariamente: 74 mil<br \/>\n\u2022 Reducci\u00f3n de tiempos de espera de entre entre 15 y 20 minutos en horas pico<br \/>\n\u2022 Movilidad incluyente: M\u00e1s de 3 mil metros lineales de ciclov\u00eda, amplios espacios peatonales con prioridad al peat\u00f3n y ciclista<br \/>\n\u2022 Infraestructura verde: M\u00e1s de 3,000 \u00e1rboles y arbustos, 38 especies distintas plantadas<br \/>\n\u2022 Infraestructura el\u00e9ctrica y urbana: 6 mil 900 metros lineales de cable retirado, 30 postes de luz retirados, 8 mil 650 metros lineales de cable instalado, 43 registros el\u00e9ctricos, 28 mil metros lineales de cable subterr\u00e1neo<br \/>\n\u2022 Construcci\u00f3n: 91 mil 200 m\u00b3 de material excavado equivalente a 36 albercas ol\u00edmpicas \u00f3 13,000 dompes de tierra<br \/>\n\u2022 Empleo y proveedur\u00eda local: 215 empleos directos, 95 empleos indirectos, m\u00e1s de 130 proveedores, obra ejecutada por empresa constructora local<br \/>\n\u2022 Visi\u00f3n a futuro: Infraestructura con capacidad para sostener el crecimiento de Hermosillo por 30 a\u00f1os, proyecci\u00f3n urbana hacia el Hermosillo 2055<\/p>\n","protected":false},"excerpt":{"rendered":"<p>El presidente municipal Antonio Astiazar\u00e1n Guti\u00e9rrez inaugur\u00f3 el Paso a Desnivel en el cruce de los bulevares Colosio y Solidaridad, una obra estrat\u00e9gica que fortalece la movilidad urbana y posiciona a Hermosillo como referente nacional en infraestructura vial sustentable e incluyente. Acompa\u00f1ado de su familia y autoridades municipales, Astiazar\u00e1n destac\u00f3 que este proyecto marca el [&hellip;]<\/p>\n","protected":false},"author":1,"featured_media":24142,"comment_status":"open","ping_status":"open","sticky":false,"template":"","format":"standard","meta":{"footnotes":""},"categories":[153],"tags":[],"class_list":["post"],"yoast_head":" \n<title>Inaugura To\u00f1o Astiazar\u00e1n Paso a Desnivel Colosio\u2013Solidaridad - Periodista SoledadDurazo.com<\/title>\n<meta name=\"robots\" content=\"index, follow, max-snippet:-1, max-image-preview:large, max-video-preview:-1\" \/>\n<link rel=\"canonical\" href=\"https:\/\/soledaddurazo.com\/blog\/2026\/01\/25\/inaugura-tono-astiazaran-paso-a-desnivel-colosio-solidaridad\/\" \/>\n<meta property=\"og:locale\" content=\"es_MX\" \/>\n<meta property=\"og:type\" content=\"article\" \/>\n<meta property=\"og:title\" content=\"Inaugura To\u00f1o Astiazar\u00e1n Paso a Desnivel Colosio\u2013Solidaridad\" \/>\n<meta property=\"og:description\" content=\"El presidente municipal Antonio Astiazar\u00e1n Guti\u00e9rrez inaugur\u00f3 el Paso a Desnivel en el cruce de los bulevares Colosio y Solidaridad, una obra estrat\u00e9gica que fortalece la movilidad urbana y posiciona a Hermosillo como referente nacional en infraestructura vial sustentable e incluyente. Acompa\u00f1ado de su familia y autoridades municipales, Astiazar\u00e1n destac\u00f3 que este proyecto marca el [&hellip;]\" \/>\n<meta property=\"og:url\" content=\"https:\/\/soledaddurazo.com\/blog\/2026\/01\/25\/inaugura-tono-astiazaran-paso-a-desnivel-colosio-solidaridad\/\" \/>\n<meta property=\"og:site_name\" content=\"Periodista SoledadDurazo.com\" \/>\n<meta property=\"article:publisher\" content=\"https:\/\/www.facebook.com\/soledad.durazo.9\/\" \/>\n<meta property=\"article:published_time\" content=\"2026-01-26T04:45:16+00:00\" \/>\n<meta property=\"og:image\" content=\"https:\/\/soledaddurazo.com\/storage\/2026\/01\/52d2cc4a-492e-46d1-b260-5aed47a7fbd8.jpg\" \/>\n\t<meta property=\"og:image:width\" content=\"1280\" \/>\n\t<meta property=\"og:image:height\" content=\"960\" \/>\n<meta name=\"twitter:card\" content=\"summary_large_image\" \/>\n<meta name=\"twitter:creator\" content=\"@SoledadDurazo\" \/>\n<meta name=\"twitter:site\" content=\"@SoledadDurazo\" \/>\n<meta name=\"twitter:label1\" content=\"Escrito por\" \/>\n\t<meta name=\"twitter:data1\" content=\"Redacci\u00f3n\" \/>\n\t<meta name=\"twitter:label2\" content=\"Tiempo de lectura\" \/>\n\t<meta name=\"twitter:data2\" content=\"2 minutos\" \/>\n<script type=\"application\/ld+json\" class=\"yoast-schema-graph\">{\"@context\":\"https:\/\/schema.org\",\"@graph\":[{\"@type\":\"Organization\",\"@id\":\"https:\/\/soledaddurazo.com\/#organization\",\"name\":\"Soledad Durazo\",\"url\":\"https:\/\/soledaddurazo.com\/\",\"sameAs\":[\"https:\/\/www.facebook.com\/soledad.durazo.9\/\",\"https:\/\/www.instagram.com\/soledaddurazo\",\"https:\/\/www.youtube.com\/channel\/UC9yGPw8-Vbl_B2XNkRwPS-w\",\"https:\/\/twitter.com\/SoledadDurazo\"],\"logo\":{\"@type\":\"ImageObject\",\"@id\":\"https:\/\/soledaddurazo.com\/#logo\",\"inLanguage\":\"es\",\"url\":\"https:\/\/soledaddurazo.com\/storage\/2021\/11\/nllp-720x375-1-2.png\",\"contentUrl\":\"https:\/\/soledaddurazo.com\/storage\/2021\/11\/nllp-720x375-1-2.png\",\"width\":720,\"height\":375,\"caption\":\"Soledad Durazo\"},\"image\":{\"@id\":\"https:\/\/soledaddurazo.com\/#logo\"}},{\"@type\":\"WebSite\",\"@id\":\"https:\/\/soledaddurazo.com\/#website\",\"url\":\"https:\/\/soledaddurazo.com\/\",\"name\":\"Periodista SoledadDurazo.com\",\"description\":\"Periodista sonorense. Directora de www.SoledadDurazo.com Columnista, conductora de radio y Tv. Catedr\\u00e1tica en la UNISON\",\"publisher\":{\"@id\":\"https:\/\/soledaddurazo.com\/#organization\"},\"potentialAction\":[{\"@type\":\"SearchAction\",\"target\":{\"@type\":\"EntryPoint\",\"urlTemplate\":\"https:\/\/soledaddurazo.com\/?s={search_term_string}\"},\"query-input\":\"required name=search_term_string\"}],\"inLanguage\":\"es\"},{\"@type\":\"ImageObject\",\"@id\":\"https:\/\/soledaddurazo.com\/blog\/2026\/01\/25\/inaugura-tono-astiazaran-paso-a-desnivel-colosio-solidaridad\/#primaryimage\",\"inLanguage\":\"es\",\"url\":\"https:\/\/soledaddurazo.com\/storage\/2026\/01\/52d2cc4a-492e-46d1-b260-5aed47a7fbd8.jpg\",\"contentUrl\":\"https:\/\/soledaddurazo.com\/storage\/2026\/01\/52d2cc4a-492e-46d1-b260-5aed47a7fbd8.jpg\",\"width\":1280,\"height\":960},{\"@type\":\"WebPage\",\"@id\":\"https:\/\/soledaddurazo.com\/blog\/2026\/01\/25\/inaugura-tono-astiazaran-paso-a-desnivel-colosio-solidaridad\/#webpage\",\"url\":\"https:\/\/soledaddurazo.com\/blog\/2026\/01\/25\/inaugura-tono-astiazaran-paso-a-desnivel-colosio-solidaridad\/\",\"name\":\"Inaugura To\\u00f1o Astiazar\\u00e1n Paso a Desnivel Colosio\\u2013Solidaridad - Periodista SoledadDurazo.com\",\"isPartOf\":{\"@id\":\"https:\/\/soledaddurazo.com\/#website\"},\"primaryImageOfPage\":{\"@id\":\"https:\/\/soledaddurazo.com\/blog\/2026\/01\/25\/inaugura-tono-astiazaran-paso-a-desnivel-colosio-solidaridad\/#primaryimage\"},\"datePublished\":\"2026-01-26T04:45:16+00:00\",\"dateModified\":\"2026-01-26T04:45:16+00:00\",\"breadcrumb\":{\"@id\":\"https:\/\/soledaddurazo.com\/blog\/2026\/01\/25\/inaugura-tono-astiazaran-paso-a-desnivel-colosio-solidaridad\/#breadcrumb\"},\"inLanguage\":\"es\",\"potentialAction\":[{\"@type\":\"ReadAction\",\"target\":[\"https:\/\/soledaddurazo.com\/blog\/2026\/01\/25\/inaugura-tono-astiazaran-paso-a-desnivel-colosio-solidaridad\/\"]}]},{\"@type\":\"BreadcrumbList\",\"@id\":\"https:\/\/soledaddurazo.com\/blog\/2026\/01\/25\/inaugura-tono-astiazaran-paso-a-desnivel-colosio-solidaridad\/#breadcrumb\",\"itemListElement\":[{\"@type\":\"ListItem\",\"position\":1,\"name\":\"Home\",\"item\":\"https:\/\/soledaddurazo.com\/\"},{\"@type\":\"ListItem\",\"position\":2,\"name\":\"Inaugura To\\u00f1o Astiazar\\u00e1n Paso a Desnivel Colosio\\u2013Solidaridad\"}]},{\"@type\":\"Article\",\"@id\":\"https:\/\/soledaddurazo.com\/blog\/2026\/01\/25\/inaugura-tono-astiazaran-paso-a-desnivel-colosio-solidaridad\/#article\",\"isPartOf\":{\"@id\":\"https:\/\/soledaddurazo.com\/blog\/2026\/01\/25\/inaugura-tono-astiazaran-paso-a-desnivel-colosio-solidaridad\/#webpage\"},\"author\":{\"@id\":\"https:\/\/soledaddurazo.com\/#\/schema\/person\/822d8e13aa288585e6546f179853758b\"},\"headline\":\"Inaugura To\\u00f1o Astiazar\\u00e1n Paso a Desnivel Colosio\\u2013Solidaridad\",\"datePublished\":\"2026-01-26T04:45:16+00:00\",\"dateModified\":\"2026-01-26T04:45:16+00:00\",\"mainEntityOfPage\":{\"@id\":\"https:\/\/soledaddurazo.com\/blog\/2026\/01\/25\/inaugura-tono-astiazaran-paso-a-desnivel-colosio-solidaridad\/#webpage\"},\"wordCount\":426,\"commentCount\":0,\"publisher\":{\"@id\":\"https:\/\/soledaddurazo.com\/#organization\"},\"image\":{\"@id\":\"https:\/\/soledaddurazo.com\/blog\/2026\/01\/25\/inaugura-tono-astiazaran-paso-a-desnivel-colosio-solidaridad\/#primaryimage\"},\"thumbnailUrl\":\"https:\/\/soledaddurazo.com\/storage\/2026\/01\/52d2cc4a-492e-46d1-b260-5aed47a7fbd8.jpg\",\"articleSection\":[\"principal\"],\"inLanguage\":\"es\",\"potentialAction\":[{\"@type\":\"CommentAction\",\"name\":\"Comment\",\"target\":[\"https:\/\/soledaddurazo.com\/blog\/2026\/01\/25\/inaugura-tono-astiazaran-paso-a-desnivel-colosio-solidaridad\/#respond\"]}]},{\"@type\":\"Person\",\"@id\":\"https:\/\/soledaddurazo.com\/#\/schema\/person\/822d8e13aa288585e6546f179853758b\",\"name\":\"Redacci\\u00f3n\",\"image\":{\"@type\":\"ImageObject\",\"@id\":\"https:\/\/soledaddurazo.com\/#personlogo\",\"inLanguage\":\"es\",\"url\":\"https:\/\/secure.gravatar.com\/avatar\/c4e193752f756fd61f04deebed3a3a20dc188d37edb53682d313ac57f2725d54?s=96&d=mm&r=g\",\"contentUrl\":\"https:\/\/secure.gravatar.com\/avatar\/c4e193752f756fd61f04deebed3a3a20dc188d37edb53682d313ac57f2725d54?s=96&d=mm&r=g\",\"caption\":\"Redacci\\u00f3n\"},\"sameAs\":[\"https:\/\/soledaddurazo.com\"]}]}<\/script>\n ","yoast_head_json":{"title":"Inaugura To\u00f1o Astiazar\u00e1n Paso a Desnivel Colosio\u2013Solidaridad - Periodista SoledadDurazo.com","robots":{"index":"index","follow":"follow","max-snippet":"max-snippet:-1","max-image-preview":"max-image-preview:large","max-video-preview":"max-video-preview:-1"},"canonical":"https:\/\/soledaddurazo.com\/blog\/2026\/01\/25\/inaugura-tono-astiazaran-paso-a-desnivel-colosio-solidaridad\/","og_locale":"es_MX","og_type":"article","og_title":"Inaugura To\u00f1o Astiazar\u00e1n Paso a Desnivel Colosio\u2013Solidaridad","og_description":"El presidente municipal Antonio Astiazar\u00e1n Guti\u00e9rrez inaugur\u00f3 el Paso a Desnivel en el cruce de los bulevares Colosio y Solidaridad, una obra estrat\u00e9gica que fortalece la movilidad urbana y posiciona a Hermosillo como referente nacional en infraestructura vial sustentable e incluyente. Acompa\u00f1ado de su familia y autoridades municipales, Astiazar\u00e1n destac\u00f3 que este proyecto marca el [&hellip;]","og_url":"https:\/\/soledaddurazo.com\/blog\/2026\/01\/25\/inaugura-tono-astiazaran-paso-a-desnivel-colosio-solidaridad\/","og_site_name":"Periodista SoledadDurazo.com","article_publisher":"https:\/\/www.facebook.com\/soledad.durazo.9\/","article_published_time":"2026-01-26T04:45:16+00:00","og_image":[{"width":1280,"height":960,"url":"https:\/\/soledaddurazo.com\/storage\/2026\/01\/52d2cc4a-492e-46d1-b260-5aed47a7fbd8.jpg","type":"image\/jpeg"}],"twitter_card":"summary_large_image","twitter_creator":"@SoledadDurazo","twitter_site":"@SoledadDurazo","twitter_misc":{"Escrito por":"Redacci\u00f3n","Tiempo de lectura":"2 minutos"},"schema":{"@context":"https:\/\/schema.org","@graph":[{"@type":"Organization","@id":"https:\/\/soledaddurazo.com\/#organization","name":"Soledad Durazo","url":"https:\/\/soledaddurazo.com\/","sameAs":["https:\/\/www.facebook.com\/soledad.durazo.9\/","https:\/\/www.instagram.com\/soledaddurazo","https:\/\/www.youtube.com\/channel\/UC9yGPw8-Vbl_B2XNkRwPS-w","https:\/\/twitter.com\/SoledadDurazo"],"logo":{"@type":"ImageObject","@id":"https:\/\/soledaddurazo.com\/#logo","inLanguage":"es","url":"https:\/\/soledaddurazo.com\/storage\/2021\/11\/nllp-720x375-1-2.png","contentUrl":"https:\/\/soledaddurazo.com\/storage\/2021\/11\/nllp-720x375-1-2.png","width":720,"height":375,"caption":"Soledad Durazo"},"image":{"@id":"https:\/\/soledaddurazo.com\/#logo"}},{"@type":"WebSite","@id":"https:\/\/soledaddurazo.com\/#website","url":"https:\/\/soledaddurazo.com\/","name":"Periodista SoledadDurazo.com","description":"Periodista sonorense. Directora de www.SoledadDurazo.com Columnista, conductora de radio y Tv. Catedr\u00e1tica en la UNISON","publisher":{"@id":"https:\/\/soledaddurazo.com\/#organization"},"potentialAction":[{"@type":"SearchAction","target":{"@type":"EntryPoint","urlTemplate":"https:\/\/soledaddurazo.com\/?s={search_term_string}"},"query-input":"required name=search_term_string"}],"inLanguage":"es"},{"@type":"ImageObject","@id":"https:\/\/soledaddurazo.com\/blog\/2026\/01\/25\/inaugura-tono-astiazaran-paso-a-desnivel-colosio-solidaridad\/#primaryimage","inLanguage":"es","url":"https:\/\/soledaddurazo.com\/storage\/2026\/01\/52d2cc4a-492e-46d1-b260-5aed47a7fbd8.jpg","contentUrl":"https:\/\/soledaddurazo.com\/storage\/2026\/01\/52d2cc4a-492e-46d1-b260-5aed47a7fbd8.jpg","width":1280,"height":960},{"@type":"WebPage","@id":"https:\/\/soledaddurazo.com\/blog\/2026\/01\/25\/inaugura-tono-astiazaran-paso-a-desnivel-colosio-solidaridad\/#webpage","url":"https:\/\/soledaddurazo.com\/blog\/2026\/01\/25\/inaugura-tono-astiazaran-paso-a-desnivel-colosio-solidaridad\/","name":"Inaugura To\u00f1o Astiazar\u00e1n Paso a Desnivel Colosio\u2013Solidaridad - Periodista SoledadDurazo.com","isPartOf":{"@id":"https:\/\/soledaddurazo.com\/#website"},"primaryImageOfPage":{"@id":"https:\/\/soledaddurazo.com\/blog\/2026\/01\/25\/inaugura-tono-astiazaran-paso-a-desnivel-colosio-solidaridad\/#primaryimage"},"datePublished":"2026-01-26T04:45:16+00:00","dateModified":"2026-01-26T04:45:16+00:00","breadcrumb":{"@id":"https:\/\/soledaddurazo.com\/blog\/2026\/01\/25\/inaugura-tono-astiazaran-paso-a-desnivel-colosio-solidaridad\/#breadcrumb"},"inLanguage":"es","potentialAction":[{"@type":"ReadAction","target":["https:\/\/soledaddurazo.com\/blog\/2026\/01\/25\/inaugura-tono-astiazaran-paso-a-desnivel-colosio-solidaridad\/"]}]},{"@type":"BreadcrumbList","@id":"https:\/\/soledaddurazo.com\/blog\/2026\/01\/25\/inaugura-tono-astiazaran-paso-a-desnivel-colosio-solidaridad\/#breadcrumb","itemListElement":[{"@type":"ListItem","position":1,"name":"Home","item":"https:\/\/soledaddurazo.com\/"},{"@type":"ListItem","position":2,"name":"Inaugura To\u00f1o Astiazar\u00e1n Paso a Desnivel Colosio\u2013Solidaridad"}]},{"@type":"Article","@id":"https:\/\/soledaddurazo.com\/blog\/2026\/01\/25\/inaugura-tono-astiazaran-paso-a-desnivel-colosio-solidaridad\/#article","isPartOf":{"@id":"https:\/\/soledaddurazo.com\/blog\/2026\/01\/25\/inaugura-tono-astiazaran-paso-a-desnivel-colosio-solidaridad\/#webpage"},"author":{"@id":"https:\/\/soledaddurazo.com\/#\/schema\/person\/822d8e13aa288585e6546f179853758b"},"headline":"Inaugura To\u00f1o Astiazar\u00e1n Paso a Desnivel Colosio\u2013Solidaridad","datePublished":"2026-01-26T04:45:16+00:00","dateModified":"2026-01-26T04:45:16+00:00","mainEntityOfPage":{"@id":"https:\/\/soledaddurazo.com\/blog\/2026\/01\/25\/inaugura-tono-astiazaran-paso-a-desnivel-colosio-solidaridad\/#webpage"},"wordCount":426,"commentCount":0,"publisher":{"@id":"https:\/\/soledaddurazo.com\/#organization"},"image":{"@id":"https:\/\/soledaddurazo.com\/blog\/2026\/01\/25\/inaugura-tono-astiazaran-paso-a-desnivel-colosio-solidaridad\/#primaryimage"},"thumbnailUrl":"https:\/\/soledaddurazo.com\/storage\/2026\/01\/52d2cc4a-492e-46d1-b260-5aed47a7fbd8.jpg","articleSection":["principal"],"inLanguage":"es","potentialAction":[{"@type":"CommentAction","name":"Comment","target":["https:\/\/soledaddurazo.com\/blog\/2026\/01\/25\/inaugura-tono-astiazaran-paso-a-desnivel-colosio-solidaridad\/#respond"]}]},{"@type":"Person","@id":"https:\/\/soledaddurazo.com\/#\/schema\/person\/822d8e13aa288585e6546f179853758b","name":"Redacci\u00f3n","image":{"@type":"ImageObject","@id":"https:\/\/soledaddurazo.com\/#personlogo","inLanguage":"es","url":"https:\/\/secure.gravatar.com\/avatar\/c4e193752f756fd61f04deebed3a3a20dc188d37edb53682d313ac57f2725d54?s=96&d=mm&r=g","contentUrl":"https:\/\/secure.gravatar.com\/avatar\/c4e193752f756fd61f04deebed3a3a20dc188d37edb53682d313ac57f2725d54?s=96&d=mm&r=g","caption":"Redacci\u00f3n"},"sameAs":["https:\/\/soledaddurazo.com"]}]}},"_links":{"self":[{"href":"https:\/\/soledaddurazo.com\/api\/wp\/v2\/posts\/24141","targetHints":{"allow":["GET"]}}],"collection":[{"href":"https:\/\/soledaddurazo.com\/api\/wp\/v2\/posts"}],"about":[{"href":"https:\/\/soledaddurazo.com\/api\/wp\/v2\/types\/post"}],"author":[{"embeddable":true,"href":"https:\/\/soledaddurazo.com\/api\/wp\/v2\/users\/1"}],"replies":[{"embeddable":true,"href":"https:\/\/soledaddurazo.com\/api\/wp\/v2\/comments?post=24141"}],"version-history":[{"count":2,"href":"https:\/\/soledaddurazo.com\/api\/wp\/v2\/posts\/24141\/revisions"}],"predecessor-version":[{"id":24145,"href":"https:\/\/soledaddurazo.com\/api\/wp\/v2\/posts\/24141\/revisions\/24145"}],"wp:featuredmedia":[{"embeddable":true,"href":"https:\/\/soledaddurazo.com\/api\/wp\/v2\/media\/24142"}],"wp:attachment":[{"href":"https:\/\/soledaddurazo.com\/api\/wp\/v2\/media?parent=24141"}],"wp:term":[{"taxonomy":"category","embeddable":true,"href":"https:\/\/soledaddurazo.com\/api\/wp\/v2\/categories?post=24141"},{"taxonomy":"post_tag","embeddable":true,"href":"https:\/\/soledaddurazo.com\/api\/wp\/v2\/tags?post=24141"}],"curies":[{"name":"wp","href":"https:\/\/api.w.org\/{rel}","templated":true}]}}