{"id":24125,"date":"2026-01-25T20:33:35","date_gmt":"2026-01-26T03:33:35","guid":{"rendered":"https:\/\/soledaddurazo.com\/?p=24125"},"modified":"2026-01-25T20:33:35","modified_gmt":"2026-01-26T03:33:35","slug":"gobierno-de-sonora-modifica-horarios-escolares-por-bajas-temperaturas","status":"publish","type":"post","link":"https:\/\/soledaddurazo.com\/blog\/2026\/01\/25\/gobierno-de-sonora-modifica-horarios-escolares-por-bajas-temperaturas\/","title":{"rendered":"Gobierno de Sonora modifica horarios escolares por bajas temperaturas"},"content":{"rendered":"<p data-start=\"66\" data-end=\"139\">\n<p data-start=\"141\" data-end=\"518\">\u00a0Con el fin de proteger la salud e integridad de las y los estudiantes ante el pron\u00f3stico de bajas temperaturas, el Gobierno de Sonora, a trav\u00e9s de la Secretar\u00eda de Educaci\u00f3n y Cultura (SEC), anunci\u00f3 una modificaci\u00f3n temporal en los horarios de clases en escuelas p\u00fablicas y particulares de nivel b\u00e1sico en los 72 municipios del estado.<\/p>\n<p data-start=\"520\" data-end=\"738\">La medida se aplicar\u00e1 del lunes 26 al jueves 29 de enero. Durante este periodo, las escuelas del turno matutino iniciar\u00e1n clases una hora m\u00e1s tarde, mientras que en el turno vespertino la salida se adelantar\u00e1 una hora.<\/p>\n<p data-start=\"740\" data-end=\"1050\">El titular de la SEC, Froyl\u00e1n G\u00e1mez Gamboa, explic\u00f3 que esta decisi\u00f3n se tom\u00f3 con base en informaci\u00f3n proporcionada por Protecci\u00f3n Civil, ya que las condiciones clim\u00e1ticas previstas representan un riesgo para la salud, especialmente para ni\u00f1as y ni\u00f1os, quienes son m\u00e1s vulnerables a enfermedades respiratorias.<\/p>\n<p data-start=\"1052\" data-end=\"1419\">Indic\u00f3 que el ajuste permitir\u00e1 disminuir la exposici\u00f3n al fr\u00edo extremo sin afectar de manera significativa las actividades acad\u00e9micas, priorizando el bienestar f\u00edsico y emocional del alumnado. Asimismo, exhort\u00f3 a madres y padres de familia a enviar bien abrigados a los estudiantes y a la poblaci\u00f3n en general a mantenerse informada a trav\u00e9s de los canales oficiales.<\/p>\n","protected":false},"excerpt":{"rendered":"<p>\u00a0Con el fin de proteger la salud e integridad de las y los estudiantes ante el pron\u00f3stico de bajas temperaturas, el Gobierno de Sonora, a trav\u00e9s de la Secretar\u00eda de Educaci\u00f3n y Cultura (SEC), anunci\u00f3 una modificaci\u00f3n temporal en los horarios de clases en escuelas p\u00fablicas y particulares de nivel b\u00e1sico en los 72 municipios [&hellip;]<\/p>\n","protected":false},"author":1,"featured_media":24126,"comment_status":"open","ping_status":"open","sticky":false,"template":"","format":"standard","meta":{"footnotes":""},"categories":[153],"tags":[],"class_list":["post"],"yoast_head":" \n<title>Gobierno de Sonora modifica horarios escolares por bajas temperaturas - Periodista SoledadDurazo.com<\/title>\n<meta name=\"robots\" content=\"index, follow, max-snippet:-1, max-image-preview:large, max-video-preview:-1\" \/>\n<link rel=\"canonical\" href=\"https:\/\/soledaddurazo.com\/blog\/2026\/01\/25\/gobierno-de-sonora-modifica-horarios-escolares-por-bajas-temperaturas\/\" \/>\n<meta property=\"og:locale\" content=\"es_MX\" \/>\n<meta property=\"og:type\" content=\"article\" \/>\n<meta property=\"og:title\" content=\"Gobierno de Sonora modifica horarios escolares por bajas temperaturas\" \/>\n<meta property=\"og:description\" content=\"\u00a0Con el fin de proteger la salud e integridad de las y los estudiantes ante el pron\u00f3stico de bajas temperaturas, el Gobierno de Sonora, a trav\u00e9s de la Secretar\u00eda de Educaci\u00f3n y Cultura (SEC), anunci\u00f3 una modificaci\u00f3n temporal en los horarios de clases en escuelas p\u00fablicas y particulares de nivel b\u00e1sico en los 72 municipios [&hellip;]\" \/>\n<meta property=\"og:url\" content=\"https:\/\/soledaddurazo.com\/blog\/2026\/01\/25\/gobierno-de-sonora-modifica-horarios-escolares-por-bajas-temperaturas\/\" \/>\n<meta property=\"og:site_name\" content=\"Periodista SoledadDurazo.com\" \/>\n<meta property=\"article:publisher\" content=\"https:\/\/www.facebook.com\/soledad.durazo.9\/\" \/>\n<meta property=\"article:published_time\" content=\"2026-01-26T03:33:35+00:00\" \/>\n<meta property=\"og:image\" content=\"https:\/\/soledaddurazo.com\/storage\/2026\/01\/image.jpg\" \/>\n\t<meta property=\"og:image:width\" content=\"400\" \/>\n\t<meta property=\"og:image:height\" content=\"225\" \/>\n<meta name=\"twitter:card\" content=\"summary_large_image\" \/>\n<meta name=\"twitter:creator\" content=\"@SoledadDurazo\" \/>\n<meta name=\"twitter:site\" content=\"@SoledadDurazo\" \/>\n<meta name=\"twitter:label1\" content=\"Escrito por\" \/>\n\t<meta name=\"twitter:data1\" content=\"Redacci\u00f3n\" \/>\n\t<meta name=\"twitter:label2\" content=\"Tiempo de lectura\" \/>\n\t<meta name=\"twitter:data2\" content=\"1 minuto\" \/>\n<script type=\"application\/ld+json\" class=\"yoast-schema-graph\">{\"@context\":\"https:\/\/schema.org\",\"@graph\":[{\"@type\":\"Organization\",\"@id\":\"https:\/\/soledaddurazo.com\/#organization\",\"name\":\"Soledad Durazo\",\"url\":\"https:\/\/soledaddurazo.com\/\",\"sameAs\":[\"https:\/\/www.facebook.com\/soledad.durazo.9\/\",\"https:\/\/www.instagram.com\/soledaddurazo\",\"https:\/\/www.youtube.com\/channel\/UC9yGPw8-Vbl_B2XNkRwPS-w\",\"https:\/\/twitter.com\/SoledadDurazo\"],\"logo\":{\"@type\":\"ImageObject\",\"@id\":\"https:\/\/soledaddurazo.com\/#logo\",\"inLanguage\":\"es\",\"url\":\"https:\/\/soledaddurazo.com\/storage\/2021\/11\/nllp-720x375-1-2.png\",\"contentUrl\":\"https:\/\/soledaddurazo.com\/storage\/2021\/11\/nllp-720x375-1-2.png\",\"width\":720,\"height\":375,\"caption\":\"Soledad Durazo\"},\"image\":{\"@id\":\"https:\/\/soledaddurazo.com\/#logo\"}},{\"@type\":\"WebSite\",\"@id\":\"https:\/\/soledaddurazo.com\/#website\",\"url\":\"https:\/\/soledaddurazo.com\/\",\"name\":\"Periodista SoledadDurazo.com\",\"description\":\"Periodista sonorense. Directora de www.SoledadDurazo.com Columnista, conductora de radio y Tv. Catedr\\u00e1tica en la UNISON\",\"publisher\":{\"@id\":\"https:\/\/soledaddurazo.com\/#organization\"},\"potentialAction\":[{\"@type\":\"SearchAction\",\"target\":{\"@type\":\"EntryPoint\",\"urlTemplate\":\"https:\/\/soledaddurazo.com\/?s={search_term_string}\"},\"query-input\":\"required name=search_term_string\"}],\"inLanguage\":\"es\"},{\"@type\":\"ImageObject\",\"@id\":\"https:\/\/soledaddurazo.com\/blog\/2026\/01\/25\/gobierno-de-sonora-modifica-horarios-escolares-por-bajas-temperaturas\/#primaryimage\",\"inLanguage\":\"es\",\"url\":\"https:\/\/soledaddurazo.com\/storage\/2026\/01\/image.jpg\",\"contentUrl\":\"https:\/\/soledaddurazo.com\/storage\/2026\/01\/image.jpg\",\"width\":400,\"height\":225},{\"@type\":\"WebPage\",\"@id\":\"https:\/\/soledaddurazo.com\/blog\/2026\/01\/25\/gobierno-de-sonora-modifica-horarios-escolares-por-bajas-temperaturas\/#webpage\",\"url\":\"https:\/\/soledaddurazo.com\/blog\/2026\/01\/25\/gobierno-de-sonora-modifica-horarios-escolares-por-bajas-temperaturas\/\",\"name\":\"Gobierno de Sonora modifica horarios escolares por bajas temperaturas - Periodista SoledadDurazo.com\",\"isPartOf\":{\"@id\":\"https:\/\/soledaddurazo.com\/#website\"},\"primaryImageOfPage\":{\"@id\":\"https:\/\/soledaddurazo.com\/blog\/2026\/01\/25\/gobierno-de-sonora-modifica-horarios-escolares-por-bajas-temperaturas\/#primaryimage\"},\"datePublished\":\"2026-01-26T03:33:35+00:00\",\"dateModified\":\"2026-01-26T03:33:35+00:00\",\"breadcrumb\":{\"@id\":\"https:\/\/soledaddurazo.com\/blog\/2026\/01\/25\/gobierno-de-sonora-modifica-horarios-escolares-por-bajas-temperaturas\/#breadcrumb\"},\"inLanguage\":\"es\",\"potentialAction\":[{\"@type\":\"ReadAction\",\"target\":[\"https:\/\/soledaddurazo.com\/blog\/2026\/01\/25\/gobierno-de-sonora-modifica-horarios-escolares-por-bajas-temperaturas\/\"]}]},{\"@type\":\"BreadcrumbList\",\"@id\":\"https:\/\/soledaddurazo.com\/blog\/2026\/01\/25\/gobierno-de-sonora-modifica-horarios-escolares-por-bajas-temperaturas\/#breadcrumb\",\"itemListElement\":[{\"@type\":\"ListItem\",\"position\":1,\"name\":\"Home\",\"item\":\"https:\/\/soledaddurazo.com\/\"},{\"@type\":\"ListItem\",\"position\":2,\"name\":\"Gobierno de Sonora modifica horarios escolares por bajas temperaturas\"}]},{\"@type\":\"Article\",\"@id\":\"https:\/\/soledaddurazo.com\/blog\/2026\/01\/25\/gobierno-de-sonora-modifica-horarios-escolares-por-bajas-temperaturas\/#article\",\"isPartOf\":{\"@id\":\"https:\/\/soledaddurazo.com\/blog\/2026\/01\/25\/gobierno-de-sonora-modifica-horarios-escolares-por-bajas-temperaturas\/#webpage\"},\"author\":{\"@id\":\"https:\/\/soledaddurazo.com\/#\/schema\/person\/822d8e13aa288585e6546f179853758b\"},\"headline\":\"Gobierno de Sonora modifica horarios escolares por bajas temperaturas\",\"datePublished\":\"2026-01-26T03:33:35+00:00\",\"dateModified\":\"2026-01-26T03:33:35+00:00\",\"mainEntityOfPage\":{\"@id\":\"https:\/\/soledaddurazo.com\/blog\/2026\/01\/25\/gobierno-de-sonora-modifica-horarios-escolares-por-bajas-temperaturas\/#webpage\"},\"wordCount\":228,\"commentCount\":0,\"publisher\":{\"@id\":\"https:\/\/soledaddurazo.com\/#organization\"},\"image\":{\"@id\":\"https:\/\/soledaddurazo.com\/blog\/2026\/01\/25\/gobierno-de-sonora-modifica-horarios-escolares-por-bajas-temperaturas\/#primaryimage\"},\"thumbnailUrl\":\"https:\/\/soledaddurazo.com\/storage\/2026\/01\/image.jpg\",\"articleSection\":[\"principal\"],\"inLanguage\":\"es\",\"potentialAction\":[{\"@type\":\"CommentAction\",\"name\":\"Comment\",\"target\":[\"https:\/\/soledaddurazo.com\/blog\/2026\/01\/25\/gobierno-de-sonora-modifica-horarios-escolares-por-bajas-temperaturas\/#respond\"]}]},{\"@type\":\"Person\",\"@id\":\"https:\/\/soledaddurazo.com\/#\/schema\/person\/822d8e13aa288585e6546f179853758b\",\"name\":\"Redacci\\u00f3n\",\"image\":{\"@type\":\"ImageObject\",\"@id\":\"https:\/\/soledaddurazo.com\/#personlogo\",\"inLanguage\":\"es\",\"url\":\"https:\/\/secure.gravatar.com\/avatar\/c4e193752f756fd61f04deebed3a3a20dc188d37edb53682d313ac57f2725d54?s=96&d=mm&r=g\",\"contentUrl\":\"https:\/\/secure.gravatar.com\/avatar\/c4e193752f756fd61f04deebed3a3a20dc188d37edb53682d313ac57f2725d54?s=96&d=mm&r=g\",\"caption\":\"Redacci\\u00f3n\"},\"sameAs\":[\"https:\/\/soledaddurazo.com\"]}]}<\/script>\n ","yoast_head_json":{"title":"Gobierno de Sonora modifica horarios escolares por bajas temperaturas - Periodista SoledadDurazo.com","robots":{"index":"index","follow":"follow","max-snippet":"max-snippet:-1","max-image-preview":"max-image-preview:large","max-video-preview":"max-video-preview:-1"},"canonical":"https:\/\/soledaddurazo.com\/blog\/2026\/01\/25\/gobierno-de-sonora-modifica-horarios-escolares-por-bajas-temperaturas\/","og_locale":"es_MX","og_type":"article","og_title":"Gobierno de Sonora modifica horarios escolares por bajas temperaturas","og_description":"\u00a0Con el fin de proteger la salud e integridad de las y los estudiantes ante el pron\u00f3stico de bajas temperaturas, el Gobierno de Sonora, a trav\u00e9s de la Secretar\u00eda de Educaci\u00f3n y Cultura (SEC), anunci\u00f3 una modificaci\u00f3n temporal en los horarios de clases en escuelas p\u00fablicas y particulares de nivel b\u00e1sico en los 72 municipios [&hellip;]","og_url":"https:\/\/soledaddurazo.com\/blog\/2026\/01\/25\/gobierno-de-sonora-modifica-horarios-escolares-por-bajas-temperaturas\/","og_site_name":"Periodista SoledadDurazo.com","article_publisher":"https:\/\/www.facebook.com\/soledad.durazo.9\/","article_published_time":"2026-01-26T03:33:35+00:00","og_image":[{"width":400,"height":225,"url":"https:\/\/soledaddurazo.com\/storage\/2026\/01\/image.jpg","type":"image\/jpeg"}],"twitter_card":"summary_large_image","twitter_creator":"@SoledadDurazo","twitter_site":"@SoledadDurazo","twitter_misc":{"Escrito por":"Redacci\u00f3n","Tiempo de lectura":"1 minuto"},"schema":{"@context":"https:\/\/schema.org","@graph":[{"@type":"Organization","@id":"https:\/\/soledaddurazo.com\/#organization","name":"Soledad Durazo","url":"https:\/\/soledaddurazo.com\/","sameAs":["https:\/\/www.facebook.com\/soledad.durazo.9\/","https:\/\/www.instagram.com\/soledaddurazo","https:\/\/www.youtube.com\/channel\/UC9yGPw8-Vbl_B2XNkRwPS-w","https:\/\/twitter.com\/SoledadDurazo"],"logo":{"@type":"ImageObject","@id":"https:\/\/soledaddurazo.com\/#logo","inLanguage":"es","url":"https:\/\/soledaddurazo.com\/storage\/2021\/11\/nllp-720x375-1-2.png","contentUrl":"https:\/\/soledaddurazo.com\/storage\/2021\/11\/nllp-720x375-1-2.png","width":720,"height":375,"caption":"Soledad Durazo"},"image":{"@id":"https:\/\/soledaddurazo.com\/#logo"}},{"@type":"WebSite","@id":"https:\/\/soledaddurazo.com\/#website","url":"https:\/\/soledaddurazo.com\/","name":"Periodista SoledadDurazo.com","description":"Periodista sonorense. Directora de www.SoledadDurazo.com Columnista, conductora de radio y Tv. Catedr\u00e1tica en la UNISON","publisher":{"@id":"https:\/\/soledaddurazo.com\/#organization"},"potentialAction":[{"@type":"SearchAction","target":{"@type":"EntryPoint","urlTemplate":"https:\/\/soledaddurazo.com\/?s={search_term_string}"},"query-input":"required name=search_term_string"}],"inLanguage":"es"},{"@type":"ImageObject","@id":"https:\/\/soledaddurazo.com\/blog\/2026\/01\/25\/gobierno-de-sonora-modifica-horarios-escolares-por-bajas-temperaturas\/#primaryimage","inLanguage":"es","url":"https:\/\/soledaddurazo.com\/storage\/2026\/01\/image.jpg","contentUrl":"https:\/\/soledaddurazo.com\/storage\/2026\/01\/image.jpg","width":400,"height":225},{"@type":"WebPage","@id":"https:\/\/soledaddurazo.com\/blog\/2026\/01\/25\/gobierno-de-sonora-modifica-horarios-escolares-por-bajas-temperaturas\/#webpage","url":"https:\/\/soledaddurazo.com\/blog\/2026\/01\/25\/gobierno-de-sonora-modifica-horarios-escolares-por-bajas-temperaturas\/","name":"Gobierno de Sonora modifica horarios escolares por bajas temperaturas - Periodista SoledadDurazo.com","isPartOf":{"@id":"https:\/\/soledaddurazo.com\/#website"},"primaryImageOfPage":{"@id":"https:\/\/soledaddurazo.com\/blog\/2026\/01\/25\/gobierno-de-sonora-modifica-horarios-escolares-por-bajas-temperaturas\/#primaryimage"},"datePublished":"2026-01-26T03:33:35+00:00","dateModified":"2026-01-26T03:33:35+00:00","breadcrumb":{"@id":"https:\/\/soledaddurazo.com\/blog\/2026\/01\/25\/gobierno-de-sonora-modifica-horarios-escolares-por-bajas-temperaturas\/#breadcrumb"},"inLanguage":"es","potentialAction":[{"@type":"ReadAction","target":["https:\/\/soledaddurazo.com\/blog\/2026\/01\/25\/gobierno-de-sonora-modifica-horarios-escolares-por-bajas-temperaturas\/"]}]},{"@type":"BreadcrumbList","@id":"https:\/\/soledaddurazo.com\/blog\/2026\/01\/25\/gobierno-de-sonora-modifica-horarios-escolares-por-bajas-temperaturas\/#breadcrumb","itemListElement":[{"@type":"ListItem","position":1,"name":"Home","item":"https:\/\/soledaddurazo.com\/"},{"@type":"ListItem","position":2,"name":"Gobierno de Sonora modifica horarios escolares por bajas temperaturas"}]},{"@type":"Article","@id":"https:\/\/soledaddurazo.com\/blog\/2026\/01\/25\/gobierno-de-sonora-modifica-horarios-escolares-por-bajas-temperaturas\/#article","isPartOf":{"@id":"https:\/\/soledaddurazo.com\/blog\/2026\/01\/25\/gobierno-de-sonora-modifica-horarios-escolares-por-bajas-temperaturas\/#webpage"},"author":{"@id":"https:\/\/soledaddurazo.com\/#\/schema\/person\/822d8e13aa288585e6546f179853758b"},"headline":"Gobierno de Sonora modifica horarios escolares por bajas temperaturas","datePublished":"2026-01-26T03:33:35+00:00","dateModified":"2026-01-26T03:33:35+00:00","mainEntityOfPage":{"@id":"https:\/\/soledaddurazo.com\/blog\/2026\/01\/25\/gobierno-de-sonora-modifica-horarios-escolares-por-bajas-temperaturas\/#webpage"},"wordCount":228,"commentCount":0,"publisher":{"@id":"https:\/\/soledaddurazo.com\/#organization"},"image":{"@id":"https:\/\/soledaddurazo.com\/blog\/2026\/01\/25\/gobierno-de-sonora-modifica-horarios-escolares-por-bajas-temperaturas\/#primaryimage"},"thumbnailUrl":"https:\/\/soledaddurazo.com\/storage\/2026\/01\/image.jpg","articleSection":["principal"],"inLanguage":"es","potentialAction":[{"@type":"CommentAction","name":"Comment","target":["https:\/\/soledaddurazo.com\/blog\/2026\/01\/25\/gobierno-de-sonora-modifica-horarios-escolares-por-bajas-temperaturas\/#respond"]}]},{"@type":"Person","@id":"https:\/\/soledaddurazo.com\/#\/schema\/person\/822d8e13aa288585e6546f179853758b","name":"Redacci\u00f3n","image":{"@type":"ImageObject","@id":"https:\/\/soledaddurazo.com\/#personlogo","inLanguage":"es","url":"https:\/\/secure.gravatar.com\/avatar\/c4e193752f756fd61f04deebed3a3a20dc188d37edb53682d313ac57f2725d54?s=96&d=mm&r=g","contentUrl":"https:\/\/secure.gravatar.com\/avatar\/c4e193752f756fd61f04deebed3a3a20dc188d37edb53682d313ac57f2725d54?s=96&d=mm&r=g","caption":"Redacci\u00f3n"},"sameAs":["https:\/\/soledaddurazo.com"]}]}},"_links":{"self":[{"href":"https:\/\/soledaddurazo.com\/api\/wp\/v2\/posts\/24125","targetHints":{"allow":["GET"]}}],"collection":[{"href":"https:\/\/soledaddurazo.com\/api\/wp\/v2\/posts"}],"about":[{"href":"https:\/\/soledaddurazo.com\/api\/wp\/v2\/types\/post"}],"author":[{"embeddable":true,"href":"https:\/\/soledaddurazo.com\/api\/wp\/v2\/users\/1"}],"replies":[{"embeddable":true,"href":"https:\/\/soledaddurazo.com\/api\/wp\/v2\/comments?post=24125"}],"version-history":[{"count":1,"href":"https:\/\/soledaddurazo.com\/api\/wp\/v2\/posts\/24125\/revisions"}],"predecessor-version":[{"id":24127,"href":"https:\/\/soledaddurazo.com\/api\/wp\/v2\/posts\/24125\/revisions\/24127"}],"wp:featuredmedia":[{"embeddable":true,"href":"https:\/\/soledaddurazo.com\/api\/wp\/v2\/media\/24126"}],"wp:attachment":[{"href":"https:\/\/soledaddurazo.com\/api\/wp\/v2\/media?parent=24125"}],"wp:term":[{"taxonomy":"category","embeddable":true,"href":"https:\/\/soledaddurazo.com\/api\/wp\/v2\/categories?post=24125"},{"taxonomy":"post_tag","embeddable":true,"href":"https:\/\/soledaddurazo.com\/api\/wp\/v2\/tags?post=24125"}],"curies":[{"name":"wp","href":"https:\/\/api.w.org\/{rel}","templated":true}]}}