{"id":24119,"date":"2026-01-24T10:58:06","date_gmt":"2026-01-24T17:58:06","guid":{"rendered":"https:\/\/soledaddurazo.com\/?p=24119"},"modified":"2026-01-24T13:00:05","modified_gmt":"2026-01-24T20:00:05","slug":"24119","status":"publish","type":"post","link":"https:\/\/soledaddurazo.com\/blog\/2026\/01\/24\/24119\/","title":{"rendered":"Sonora frente al regreso del sarampi\u00f3n"},"content":{"rendered":"<p style=\"padding-left: 40px; text-align: left;\">\n<p>El sarampi\u00f3n no apareci\u00f3 de la nada ni fue un episodio aislado. Lleg\u00f3 desde el exterior, entr\u00f3 por el norte del pa\u00eds y comenz\u00f3 a expandirse sin encontrar un muro s\u00f3lido de vacunaci\u00f3n que lo detuviera. Lo que inici\u00f3 como casos dispersos, termin\u00f3 en un brote que alcanz\u00f3 a pr\u00e1cticamente todo M\u00e9xico.<\/p>\n<p>Cuando el brote ya hab\u00eda tomado fuerza en otros estados del norte, particularmente en Chihuahua, el virus comenz\u00f3 a aparecer en territorio sonorense. A partir de ah\u00ed, los casos empezaron a acumularse de manera constante. No fue un salto repentino ni un evento aislado: fue un crecimiento progresivo que se extendi\u00f3 durante todo 2025.<\/p>\n<p><a href=\"https:\/\/soledaddurazo.com\/storage\/2026\/01\/IMG-20260123-WA00911.jpg\"><img loading=\"lazy\" decoding=\"async\" class=\"aligncenter size-full wp-image-24120\" src=\"https:\/\/soledaddurazo.com\/storage\/2026\/01\/IMG-20260123-WA00911.jpg\" alt=\"\" width=\"1528\" height=\"832\" srcset=\"https:\/\/soledaddurazo.com\/storage\/2026\/01\/IMG-20260123-WA00911.jpg 1528w, https:\/\/soledaddurazo.com\/storage\/2026\/01\/IMG-20260123-WA00911-300x163.jpg 300w, https:\/\/soledaddurazo.com\/storage\/2026\/01\/IMG-20260123-WA00911-1024x558.jpg 1024w, https:\/\/soledaddurazo.com\/storage\/2026\/01\/IMG-20260123-WA00911-768x418.jpg 768w, https:\/\/soledaddurazo.com\/storage\/2026\/01\/IMG-20260123-WA00911-600x327.jpg 600w, https:\/\/soledaddurazo.com\/storage\/2026\/01\/IMG-20260123-WA00911-750x408.jpg 750w, https:\/\/soledaddurazo.com\/storage\/2026\/01\/IMG-20260123-WA00911-1140x621.jpg 1140w\" sizes=\"auto, (max-width: 1528px) 100vw, 1528px\" \/><\/a><\/p>\n<p>Entre junio y agosto, en pleno ascenso del brote, se solicitaron m\u00e1s de 125 mil dosis de distintas vacunas, incluida la triple viral contra sarampi\u00f3n, rub\u00e9ola y parotiditis. Sin embargo, lleg\u00f3 menos de la mitad. Decenas de miles de dosis no se surtieron o arribaron con retraso, justo cuando la curva de contagios iba hacia arriba y la prevenci\u00f3n era m\u00e1s necesaria que nunca.<\/p>\n<p>Ese vac\u00edo en el abasto no fue un detalle administrativo, tuvo consecuencias directas en la capacidad de prevenci\u00f3n. Mientras el virus avanzaba, la vacunaci\u00f3n no logr\u00f3 adelantarse al brote, sino que corri\u00f3 detr\u00e1s de \u00e9l. La oportunidad de cortar cadenas de transmisi\u00f3n en los primeros meses se fue cerrando, y el sarampi\u00f3n encontr\u00f3 el espacio suficiente para seguir circulando en la entidad.<\/p>\n<p>Hoy se habla de control y de coberturas cercanas al 95%, pero los datos cuentan otra historia. El sarampi\u00f3n no se ha contenido del todo en Sonora. Las tasas de incidencia siguen en aumento y los casos contin\u00faan acumul\u00e1ndose, aunque el discurso institucional insista en que el brote est\u00e1 bajo control.<\/p>\n<p>Este brote dej\u00f3 claro que llegar tarde a la vacunaci\u00f3n tiene consecuencias. La prevenci\u00f3n no puede depender de reaccionar cuando el problema ya est\u00e1 encima; pero tambi\u00e9n es importante entender que la vacunaci\u00f3n no es solo tarea de la Secretar\u00eda de Salud, sino una responsabilidad compartida entre instituciones que deben garantizar vacunas disponibles y una poblaci\u00f3n que complete sus esquemas.<\/p>\n<p>vacunarse no es opcional, es una responsabilidad con los dem\u00e1s.<\/p>\n","protected":false},"excerpt":{"rendered":"<p>El sarampi\u00f3n no apareci\u00f3 de la nada ni fue un episodio aislado. Lleg\u00f3 desde el exterior, entr\u00f3 por el norte del pa\u00eds y comenz\u00f3 a expandirse sin encontrar un muro s\u00f3lido de vacunaci\u00f3n que lo detuviera. Lo que inici\u00f3 como casos dispersos, termin\u00f3 en un brote que alcanz\u00f3 a pr\u00e1cticamente todo M\u00e9xico. Cuando el brote [&hellip;]<\/p>\n","protected":false},"author":1,"featured_media":24121,"comment_status":"open","ping_status":"open","sticky":false,"template":"","format":"standard","meta":{"footnotes":""},"categories":[153,1],"tags":[],"class_list":["post"],"yoast_head":" \n<title>Sonora frente al regreso del sarampi\u00f3n - Periodista SoledadDurazo.com<\/title>\n<meta name=\"robots\" content=\"index, follow, max-snippet:-1, max-image-preview:large, max-video-preview:-1\" \/>\n<link rel=\"canonical\" href=\"https:\/\/soledaddurazo.com\/blog\/2026\/01\/24\/24119\/\" \/>\n<meta property=\"og:locale\" content=\"es_MX\" \/>\n<meta property=\"og:type\" content=\"article\" \/>\n<meta property=\"og:title\" content=\"Sonora frente al regreso del sarampi\u00f3n\" \/>\n<meta property=\"og:description\" content=\"El sarampi\u00f3n no apareci\u00f3 de la nada ni fue un episodio aislado. Lleg\u00f3 desde el exterior, entr\u00f3 por el norte del pa\u00eds y comenz\u00f3 a expandirse sin encontrar un muro s\u00f3lido de vacunaci\u00f3n que lo detuviera. Lo que inici\u00f3 como casos dispersos, termin\u00f3 en un brote que alcanz\u00f3 a pr\u00e1cticamente todo M\u00e9xico. Cuando el brote [&hellip;]\" \/>\n<meta property=\"og:url\" content=\"https:\/\/soledaddurazo.com\/blog\/2026\/01\/24\/24119\/\" \/>\n<meta property=\"og:site_name\" content=\"Periodista SoledadDurazo.com\" \/>\n<meta property=\"article:publisher\" content=\"https:\/\/www.facebook.com\/soledad.durazo.9\/\" \/>\n<meta property=\"article:published_time\" content=\"2026-01-24T17:58:06+00:00\" \/>\n<meta property=\"article:modified_time\" content=\"2026-01-24T20:00:05+00:00\" \/>\n<meta property=\"og:image\" content=\"https:\/\/soledaddurazo.com\/storage\/2026\/01\/IMG-20260124-WA0018.jpg\" \/>\n\t<meta property=\"og:image:width\" content=\"784\" \/>\n\t<meta property=\"og:image:height\" content=\"440\" \/>\n<meta name=\"twitter:card\" content=\"summary_large_image\" \/>\n<meta name=\"twitter:creator\" content=\"@SoledadDurazo\" \/>\n<meta name=\"twitter:site\" content=\"@SoledadDurazo\" \/>\n<meta name=\"twitter:label1\" content=\"Escrito por\" \/>\n\t<meta name=\"twitter:data1\" content=\"Redacci\u00f3n\" \/>\n\t<meta name=\"twitter:label2\" content=\"Tiempo de lectura\" \/>\n\t<meta name=\"twitter:data2\" content=\"2 minutos\" \/>\n<script type=\"application\/ld+json\" class=\"yoast-schema-graph\">{\"@context\":\"https:\/\/schema.org\",\"@graph\":[{\"@type\":\"Organization\",\"@id\":\"https:\/\/soledaddurazo.com\/#organization\",\"name\":\"Soledad Durazo\",\"url\":\"https:\/\/soledaddurazo.com\/\",\"sameAs\":[\"https:\/\/www.facebook.com\/soledad.durazo.9\/\",\"https:\/\/www.instagram.com\/soledaddurazo\",\"https:\/\/www.youtube.com\/channel\/UC9yGPw8-Vbl_B2XNkRwPS-w\",\"https:\/\/twitter.com\/SoledadDurazo\"],\"logo\":{\"@type\":\"ImageObject\",\"@id\":\"https:\/\/soledaddurazo.com\/#logo\",\"inLanguage\":\"es\",\"url\":\"https:\/\/soledaddurazo.com\/storage\/2021\/11\/nllp-720x375-1-2.png\",\"contentUrl\":\"https:\/\/soledaddurazo.com\/storage\/2021\/11\/nllp-720x375-1-2.png\",\"width\":720,\"height\":375,\"caption\":\"Soledad Durazo\"},\"image\":{\"@id\":\"https:\/\/soledaddurazo.com\/#logo\"}},{\"@type\":\"WebSite\",\"@id\":\"https:\/\/soledaddurazo.com\/#website\",\"url\":\"https:\/\/soledaddurazo.com\/\",\"name\":\"Periodista SoledadDurazo.com\",\"description\":\"Periodista sonorense. Directora de www.SoledadDurazo.com Columnista, conductora de radio y Tv. Catedr\\u00e1tica en la UNISON\",\"publisher\":{\"@id\":\"https:\/\/soledaddurazo.com\/#organization\"},\"potentialAction\":[{\"@type\":\"SearchAction\",\"target\":{\"@type\":\"EntryPoint\",\"urlTemplate\":\"https:\/\/soledaddurazo.com\/?s={search_term_string}\"},\"query-input\":\"required name=search_term_string\"}],\"inLanguage\":\"es\"},{\"@type\":\"ImageObject\",\"@id\":\"https:\/\/soledaddurazo.com\/blog\/2026\/01\/24\/24119\/#primaryimage\",\"inLanguage\":\"es\",\"url\":\"https:\/\/soledaddurazo.com\/storage\/2026\/01\/IMG-20260124-WA0018.jpg\",\"contentUrl\":\"https:\/\/soledaddurazo.com\/storage\/2026\/01\/IMG-20260124-WA0018.jpg\",\"width\":784,\"height\":440},{\"@type\":\"WebPage\",\"@id\":\"https:\/\/soledaddurazo.com\/blog\/2026\/01\/24\/24119\/#webpage\",\"url\":\"https:\/\/soledaddurazo.com\/blog\/2026\/01\/24\/24119\/\",\"name\":\"Sonora frente al regreso del sarampi\\u00f3n - Periodista SoledadDurazo.com\",\"isPartOf\":{\"@id\":\"https:\/\/soledaddurazo.com\/#website\"},\"primaryImageOfPage\":{\"@id\":\"https:\/\/soledaddurazo.com\/blog\/2026\/01\/24\/24119\/#primaryimage\"},\"datePublished\":\"2026-01-24T17:58:06+00:00\",\"dateModified\":\"2026-01-24T20:00:05+00:00\",\"breadcrumb\":{\"@id\":\"https:\/\/soledaddurazo.com\/blog\/2026\/01\/24\/24119\/#breadcrumb\"},\"inLanguage\":\"es\",\"potentialAction\":[{\"@type\":\"ReadAction\",\"target\":[\"https:\/\/soledaddurazo.com\/blog\/2026\/01\/24\/24119\/\"]}]},{\"@type\":\"BreadcrumbList\",\"@id\":\"https:\/\/soledaddurazo.com\/blog\/2026\/01\/24\/24119\/#breadcrumb\",\"itemListElement\":[{\"@type\":\"ListItem\",\"position\":1,\"name\":\"Home\",\"item\":\"https:\/\/soledaddurazo.com\/\"},{\"@type\":\"ListItem\",\"position\":2,\"name\":\"Sonora frente al regreso del sarampi\\u00f3n\"}]},{\"@type\":\"Article\",\"@id\":\"https:\/\/soledaddurazo.com\/blog\/2026\/01\/24\/24119\/#article\",\"isPartOf\":{\"@id\":\"https:\/\/soledaddurazo.com\/blog\/2026\/01\/24\/24119\/#webpage\"},\"author\":{\"@id\":\"https:\/\/soledaddurazo.com\/#\/schema\/person\/822d8e13aa288585e6546f179853758b\"},\"headline\":\"Sonora frente al regreso del sarampi\\u00f3n\",\"datePublished\":\"2026-01-24T17:58:06+00:00\",\"dateModified\":\"2026-01-24T20:00:05+00:00\",\"mainEntityOfPage\":{\"@id\":\"https:\/\/soledaddurazo.com\/blog\/2026\/01\/24\/24119\/#webpage\"},\"wordCount\":385,\"commentCount\":0,\"publisher\":{\"@id\":\"https:\/\/soledaddurazo.com\/#organization\"},\"image\":{\"@id\":\"https:\/\/soledaddurazo.com\/blog\/2026\/01\/24\/24119\/#primaryimage\"},\"thumbnailUrl\":\"https:\/\/soledaddurazo.com\/storage\/2026\/01\/IMG-20260124-WA0018.jpg\",\"articleSection\":[\"principal\"],\"inLanguage\":\"es\",\"potentialAction\":[{\"@type\":\"CommentAction\",\"name\":\"Comment\",\"target\":[\"https:\/\/soledaddurazo.com\/blog\/2026\/01\/24\/24119\/#respond\"]}]},{\"@type\":\"Person\",\"@id\":\"https:\/\/soledaddurazo.com\/#\/schema\/person\/822d8e13aa288585e6546f179853758b\",\"name\":\"Redacci\\u00f3n\",\"image\":{\"@type\":\"ImageObject\",\"@id\":\"https:\/\/soledaddurazo.com\/#personlogo\",\"inLanguage\":\"es\",\"url\":\"https:\/\/secure.gravatar.com\/avatar\/c4e193752f756fd61f04deebed3a3a20dc188d37edb53682d313ac57f2725d54?s=96&d=mm&r=g\",\"contentUrl\":\"https:\/\/secure.gravatar.com\/avatar\/c4e193752f756fd61f04deebed3a3a20dc188d37edb53682d313ac57f2725d54?s=96&d=mm&r=g\",\"caption\":\"Redacci\\u00f3n\"},\"sameAs\":[\"https:\/\/soledaddurazo.com\"]}]}<\/script>\n ","yoast_head_json":{"title":"Sonora frente al regreso del sarampi\u00f3n - Periodista SoledadDurazo.com","robots":{"index":"index","follow":"follow","max-snippet":"max-snippet:-1","max-image-preview":"max-image-preview:large","max-video-preview":"max-video-preview:-1"},"canonical":"https:\/\/soledaddurazo.com\/blog\/2026\/01\/24\/24119\/","og_locale":"es_MX","og_type":"article","og_title":"Sonora frente al regreso del sarampi\u00f3n","og_description":"El sarampi\u00f3n no apareci\u00f3 de la nada ni fue un episodio aislado. Lleg\u00f3 desde el exterior, entr\u00f3 por el norte del pa\u00eds y comenz\u00f3 a expandirse sin encontrar un muro s\u00f3lido de vacunaci\u00f3n que lo detuviera. Lo que inici\u00f3 como casos dispersos, termin\u00f3 en un brote que alcanz\u00f3 a pr\u00e1cticamente todo M\u00e9xico. Cuando el brote [&hellip;]","og_url":"https:\/\/soledaddurazo.com\/blog\/2026\/01\/24\/24119\/","og_site_name":"Periodista SoledadDurazo.com","article_publisher":"https:\/\/www.facebook.com\/soledad.durazo.9\/","article_published_time":"2026-01-24T17:58:06+00:00","article_modified_time":"2026-01-24T20:00:05+00:00","og_image":[{"width":784,"height":440,"url":"https:\/\/soledaddurazo.com\/storage\/2026\/01\/IMG-20260124-WA0018.jpg","type":"image\/jpeg"}],"twitter_card":"summary_large_image","twitter_creator":"@SoledadDurazo","twitter_site":"@SoledadDurazo","twitter_misc":{"Escrito por":"Redacci\u00f3n","Tiempo de lectura":"2 minutos"},"schema":{"@context":"https:\/\/schema.org","@graph":[{"@type":"Organization","@id":"https:\/\/soledaddurazo.com\/#organization","name":"Soledad Durazo","url":"https:\/\/soledaddurazo.com\/","sameAs":["https:\/\/www.facebook.com\/soledad.durazo.9\/","https:\/\/www.instagram.com\/soledaddurazo","https:\/\/www.youtube.com\/channel\/UC9yGPw8-Vbl_B2XNkRwPS-w","https:\/\/twitter.com\/SoledadDurazo"],"logo":{"@type":"ImageObject","@id":"https:\/\/soledaddurazo.com\/#logo","inLanguage":"es","url":"https:\/\/soledaddurazo.com\/storage\/2021\/11\/nllp-720x375-1-2.png","contentUrl":"https:\/\/soledaddurazo.com\/storage\/2021\/11\/nllp-720x375-1-2.png","width":720,"height":375,"caption":"Soledad Durazo"},"image":{"@id":"https:\/\/soledaddurazo.com\/#logo"}},{"@type":"WebSite","@id":"https:\/\/soledaddurazo.com\/#website","url":"https:\/\/soledaddurazo.com\/","name":"Periodista SoledadDurazo.com","description":"Periodista sonorense. Directora de www.SoledadDurazo.com Columnista, conductora de radio y Tv. Catedr\u00e1tica en la UNISON","publisher":{"@id":"https:\/\/soledaddurazo.com\/#organization"},"potentialAction":[{"@type":"SearchAction","target":{"@type":"EntryPoint","urlTemplate":"https:\/\/soledaddurazo.com\/?s={search_term_string}"},"query-input":"required name=search_term_string"}],"inLanguage":"es"},{"@type":"ImageObject","@id":"https:\/\/soledaddurazo.com\/blog\/2026\/01\/24\/24119\/#primaryimage","inLanguage":"es","url":"https:\/\/soledaddurazo.com\/storage\/2026\/01\/IMG-20260124-WA0018.jpg","contentUrl":"https:\/\/soledaddurazo.com\/storage\/2026\/01\/IMG-20260124-WA0018.jpg","width":784,"height":440},{"@type":"WebPage","@id":"https:\/\/soledaddurazo.com\/blog\/2026\/01\/24\/24119\/#webpage","url":"https:\/\/soledaddurazo.com\/blog\/2026\/01\/24\/24119\/","name":"Sonora frente al regreso del sarampi\u00f3n - Periodista SoledadDurazo.com","isPartOf":{"@id":"https:\/\/soledaddurazo.com\/#website"},"primaryImageOfPage":{"@id":"https:\/\/soledaddurazo.com\/blog\/2026\/01\/24\/24119\/#primaryimage"},"datePublished":"2026-01-24T17:58:06+00:00","dateModified":"2026-01-24T20:00:05+00:00","breadcrumb":{"@id":"https:\/\/soledaddurazo.com\/blog\/2026\/01\/24\/24119\/#breadcrumb"},"inLanguage":"es","potentialAction":[{"@type":"ReadAction","target":["https:\/\/soledaddurazo.com\/blog\/2026\/01\/24\/24119\/"]}]},{"@type":"BreadcrumbList","@id":"https:\/\/soledaddurazo.com\/blog\/2026\/01\/24\/24119\/#breadcrumb","itemListElement":[{"@type":"ListItem","position":1,"name":"Home","item":"https:\/\/soledaddurazo.com\/"},{"@type":"ListItem","position":2,"name":"Sonora frente al regreso del sarampi\u00f3n"}]},{"@type":"Article","@id":"https:\/\/soledaddurazo.com\/blog\/2026\/01\/24\/24119\/#article","isPartOf":{"@id":"https:\/\/soledaddurazo.com\/blog\/2026\/01\/24\/24119\/#webpage"},"author":{"@id":"https:\/\/soledaddurazo.com\/#\/schema\/person\/822d8e13aa288585e6546f179853758b"},"headline":"Sonora frente al regreso del sarampi\u00f3n","datePublished":"2026-01-24T17:58:06+00:00","dateModified":"2026-01-24T20:00:05+00:00","mainEntityOfPage":{"@id":"https:\/\/soledaddurazo.com\/blog\/2026\/01\/24\/24119\/#webpage"},"wordCount":385,"commentCount":0,"publisher":{"@id":"https:\/\/soledaddurazo.com\/#organization"},"image":{"@id":"https:\/\/soledaddurazo.com\/blog\/2026\/01\/24\/24119\/#primaryimage"},"thumbnailUrl":"https:\/\/soledaddurazo.com\/storage\/2026\/01\/IMG-20260124-WA0018.jpg","articleSection":["principal"],"inLanguage":"es","potentialAction":[{"@type":"CommentAction","name":"Comment","target":["https:\/\/soledaddurazo.com\/blog\/2026\/01\/24\/24119\/#respond"]}]},{"@type":"Person","@id":"https:\/\/soledaddurazo.com\/#\/schema\/person\/822d8e13aa288585e6546f179853758b","name":"Redacci\u00f3n","image":{"@type":"ImageObject","@id":"https:\/\/soledaddurazo.com\/#personlogo","inLanguage":"es","url":"https:\/\/secure.gravatar.com\/avatar\/c4e193752f756fd61f04deebed3a3a20dc188d37edb53682d313ac57f2725d54?s=96&d=mm&r=g","contentUrl":"https:\/\/secure.gravatar.com\/avatar\/c4e193752f756fd61f04deebed3a3a20dc188d37edb53682d313ac57f2725d54?s=96&d=mm&r=g","caption":"Redacci\u00f3n"},"sameAs":["https:\/\/soledaddurazo.com"]}]}},"_links":{"self":[{"href":"https:\/\/soledaddurazo.com\/api\/wp\/v2\/posts\/24119","targetHints":{"allow":["GET"]}}],"collection":[{"href":"https:\/\/soledaddurazo.com\/api\/wp\/v2\/posts"}],"about":[{"href":"https:\/\/soledaddurazo.com\/api\/wp\/v2\/types\/post"}],"author":[{"embeddable":true,"href":"https:\/\/soledaddurazo.com\/api\/wp\/v2\/users\/1"}],"replies":[{"embeddable":true,"href":"https:\/\/soledaddurazo.com\/api\/wp\/v2\/comments?post=24119"}],"version-history":[{"count":3,"href":"https:\/\/soledaddurazo.com\/api\/wp\/v2\/posts\/24119\/revisions"}],"predecessor-version":[{"id":24124,"href":"https:\/\/soledaddurazo.com\/api\/wp\/v2\/posts\/24119\/revisions\/24124"}],"wp:featuredmedia":[{"embeddable":true,"href":"https:\/\/soledaddurazo.com\/api\/wp\/v2\/media\/24121"}],"wp:attachment":[{"href":"https:\/\/soledaddurazo.com\/api\/wp\/v2\/media?parent=24119"}],"wp:term":[{"taxonomy":"category","embeddable":true,"href":"https:\/\/soledaddurazo.com\/api\/wp\/v2\/categories?post=24119"},{"taxonomy":"post_tag","embeddable":true,"href":"https:\/\/soledaddurazo.com\/api\/wp\/v2\/tags?post=24119"}],"curies":[{"name":"wp","href":"https:\/\/api.w.org\/{rel}","templated":true}]}}