{"id":24087,"date":"2026-01-18T02:35:03","date_gmt":"2026-01-18T09:35:03","guid":{"rendered":"https:\/\/soledaddurazo.com\/?p=24087"},"modified":"2026-01-18T02:35:03","modified_gmt":"2026-01-18T09:35:03","slug":"presentan-cartelera-musical-del-carnaval-guaymas-2026-el-pueblo-esta-de-fiesta","status":"publish","type":"post","link":"https:\/\/soledaddurazo.com\/blog\/2026\/01\/18\/presentan-cartelera-musical-del-carnaval-guaymas-2026-el-pueblo-esta-de-fiesta\/","title":{"rendered":"Presentan cartelera musical del Carnaval Guaymas 2026 \u201cEl pueblo est\u00e1 de fiesta\u201d"},"content":{"rendered":"<p data-start=\"78\" data-end=\"162\">\n<p data-start=\"164\" data-end=\"443\">Con el objetivo de informar a la comunidad y visitantes, el Ayuntamiento de Guaymas, a trav\u00e9s de Desarrollo Econ\u00f3mico y Tur\u00edstico y la Coordinaci\u00f3n de Festividades, present\u00f3 este viernes la cartelera musical del Carnaval Guaymas 2026 \u201cEl pueblo est\u00e1 de fiesta\u201d.<\/p>\n<p data-start=\"445\" data-end=\"818\">Durante el evento, la titular de Desarrollo Econ\u00f3mico y Tur\u00edstico, Fernanda V\u00e1zquez Garc\u00eda, destac\u00f3 que el nombre del carnaval refleja el esp\u00edritu alegre, participativo y orgulloso de la comunidad guaymense, as\u00ed como la importancia de sus tradiciones. Se\u00f1al\u00f3 que el programa est\u00e1 dise\u00f1ado para personas de todas las edades, fomentando la convivencia y el disfrute familiar.<\/p>\n<p data-start=\"445\" data-end=\"818\"><a href=\"https:\/\/soledaddurazo.com\/storage\/2026\/01\/5fda4ff5-6576-4c14-be04-ee0065754ca2-1.jpg\"><img loading=\"lazy\" decoding=\"async\" class=\"aligncenter size-full wp-image-24089\" src=\"https:\/\/soledaddurazo.com\/storage\/2026\/01\/5fda4ff5-6576-4c14-be04-ee0065754ca2-1.jpg\" alt=\"\" width=\"1280\" height=\"960\" srcset=\"https:\/\/soledaddurazo.com\/storage\/2026\/01\/5fda4ff5-6576-4c14-be04-ee0065754ca2-1.jpg 1280w, https:\/\/soledaddurazo.com\/storage\/2026\/01\/5fda4ff5-6576-4c14-be04-ee0065754ca2-1-300x225.jpg 300w, https:\/\/soledaddurazo.com\/storage\/2026\/01\/5fda4ff5-6576-4c14-be04-ee0065754ca2-1-1024x768.jpg 1024w, https:\/\/soledaddurazo.com\/storage\/2026\/01\/5fda4ff5-6576-4c14-be04-ee0065754ca2-1-768x576.jpg 768w, https:\/\/soledaddurazo.com\/storage\/2026\/01\/5fda4ff5-6576-4c14-be04-ee0065754ca2-1-600x450.jpg 600w, https:\/\/soledaddurazo.com\/storage\/2026\/01\/5fda4ff5-6576-4c14-be04-ee0065754ca2-1-750x563.jpg 750w, https:\/\/soledaddurazo.com\/storage\/2026\/01\/5fda4ff5-6576-4c14-be04-ee0065754ca2-1-1140x855.jpg 1140w\" sizes=\"auto, (max-width: 1280px) 100vw, 1280px\" \/><\/a><\/p>\n<p data-start=\"820\" data-end=\"1099\">En conferencia de prensa, la alcaldesa Karla C\u00f3rdova Gonz\u00e1lez coloc\u00f3 la banda como mariscal del Carnaval 2026 a \u00d3scar Octavio Arce Qui\u00f1ones, quien cuenta con m\u00e1s de cuatro d\u00e9cadas de participaci\u00f3n en la elaboraci\u00f3n de carros aleg\u00f3ricos y comparsas de esta tradicional festividad.<\/p>\n<p data-start=\"1101\" data-end=\"1482\">La cartelera musical dar\u00e1 inicio el 12 de febrero con Banda Triguera; el 13 de febrero se presentar\u00e1 Laberinto; el 14 de febrero, Tropical\u00edsimo Apache; el 15 de febrero, La Brissa; el 16 de febrero, Edwin Luna; y el cierre ser\u00e1 el martes 17 de febrero con la presentaci\u00f3n de Gloria Trevi. Todos los conciertos se llevar\u00e1n a cabo en el Malec\u00f3n Tur\u00edstico a partir de las 23:00 horas.<\/p>\n<p data-start=\"1484\" data-end=\"1756\">Finalmente, la alcaldesa agradeci\u00f3 a organizadores, participantes y colaboradores por hacer posible esta celebraci\u00f3n e invit\u00f3 a la ciudadan\u00eda a disfrutar de las actividades programadas, pensadas para la sana convivencia y diversi\u00f3n de las familias guaymenses y visitantes.<\/p>\n<p data-start=\"1758\" data-end=\"2152\">En el evento estuvieron presentes el s\u00edndico municipal Celestino Sarabia Tautimez; la regidora y presidenta de la Comisi\u00f3n de Educaci\u00f3n, Cultura y Recreaci\u00f3n, Alma Ivonne Cota Lugo; el secretario del Ayuntamiento, Herman Garc\u00eda Luna; el tesorero municipal, Daniel Apodaca Larrinaga; as\u00ed como candidatas y candidatos a reina y rey del Carnaval Guaymas 2026, regidores y funcionarios municipales.<\/p>\n","protected":false},"excerpt":{"rendered":"<p>Con el objetivo de informar a la comunidad y visitantes, el Ayuntamiento de Guaymas, a trav\u00e9s de Desarrollo Econ\u00f3mico y Tur\u00edstico y la Coordinaci\u00f3n de Festividades, present\u00f3 este viernes la cartelera musical del Carnaval Guaymas 2026 \u201cEl pueblo est\u00e1 de fiesta\u201d. Durante el evento, la titular de Desarrollo Econ\u00f3mico y Tur\u00edstico, Fernanda V\u00e1zquez Garc\u00eda, destac\u00f3 [&hellip;]<\/p>\n","protected":false},"author":1,"featured_media":24088,"comment_status":"open","ping_status":"open","sticky":false,"template":"","format":"standard","meta":{"footnotes":""},"categories":[160],"tags":[],"class_list":["post"],"yoast_head":" \n<title>Presentan cartelera musical del Carnaval Guaymas 2026 \u201cEl pueblo est\u00e1 de fiesta\u201d - Periodista SoledadDurazo.com<\/title>\n<meta name=\"robots\" content=\"index, follow, max-snippet:-1, max-image-preview:large, max-video-preview:-1\" \/>\n<link rel=\"canonical\" href=\"https:\/\/soledaddurazo.com\/blog\/2026\/01\/18\/presentan-cartelera-musical-del-carnaval-guaymas-2026-el-pueblo-esta-de-fiesta\/\" \/>\n<meta property=\"og:locale\" content=\"es_MX\" \/>\n<meta property=\"og:type\" content=\"article\" \/>\n<meta property=\"og:title\" content=\"Presentan cartelera musical del Carnaval Guaymas 2026 \u201cEl pueblo est\u00e1 de fiesta\u201d\" \/>\n<meta property=\"og:description\" content=\"Con el objetivo de informar a la comunidad y visitantes, el Ayuntamiento de Guaymas, a trav\u00e9s de Desarrollo Econ\u00f3mico y Tur\u00edstico y la Coordinaci\u00f3n de Festividades, present\u00f3 este viernes la cartelera musical del Carnaval Guaymas 2026 \u201cEl pueblo est\u00e1 de fiesta\u201d. Durante el evento, la titular de Desarrollo Econ\u00f3mico y Tur\u00edstico, Fernanda V\u00e1zquez Garc\u00eda, destac\u00f3 [&hellip;]\" \/>\n<meta property=\"og:url\" content=\"https:\/\/soledaddurazo.com\/blog\/2026\/01\/18\/presentan-cartelera-musical-del-carnaval-guaymas-2026-el-pueblo-esta-de-fiesta\/\" \/>\n<meta property=\"og:site_name\" content=\"Periodista SoledadDurazo.com\" \/>\n<meta property=\"article:publisher\" content=\"https:\/\/www.facebook.com\/soledad.durazo.9\/\" \/>\n<meta property=\"article:published_time\" content=\"2026-01-18T09:35:03+00:00\" \/>\n<meta property=\"og:image\" content=\"https:\/\/soledaddurazo.com\/storage\/2026\/01\/5fda4ff5-6576-4c14-be04-ee0065754ca2.jpg\" \/>\n\t<meta property=\"og:image:width\" content=\"1280\" \/>\n\t<meta property=\"og:image:height\" content=\"960\" \/>\n<meta name=\"twitter:card\" content=\"summary_large_image\" \/>\n<meta name=\"twitter:creator\" content=\"@SoledadDurazo\" \/>\n<meta name=\"twitter:site\" content=\"@SoledadDurazo\" \/>\n<meta name=\"twitter:label1\" content=\"Escrito por\" \/>\n\t<meta name=\"twitter:data1\" content=\"Redacci\u00f3n\" \/>\n\t<meta name=\"twitter:label2\" content=\"Tiempo de lectura\" \/>\n\t<meta name=\"twitter:data2\" content=\"2 minutos\" \/>\n<script type=\"application\/ld+json\" class=\"yoast-schema-graph\">{\"@context\":\"https:\/\/schema.org\",\"@graph\":[{\"@type\":\"Organization\",\"@id\":\"https:\/\/soledaddurazo.com\/#organization\",\"name\":\"Soledad Durazo\",\"url\":\"https:\/\/soledaddurazo.com\/\",\"sameAs\":[\"https:\/\/www.facebook.com\/soledad.durazo.9\/\",\"https:\/\/www.instagram.com\/soledaddurazo\",\"https:\/\/www.youtube.com\/channel\/UC9yGPw8-Vbl_B2XNkRwPS-w\",\"https:\/\/twitter.com\/SoledadDurazo\"],\"logo\":{\"@type\":\"ImageObject\",\"@id\":\"https:\/\/soledaddurazo.com\/#logo\",\"inLanguage\":\"es\",\"url\":\"https:\/\/soledaddurazo.com\/storage\/2021\/11\/nllp-720x375-1-2.png\",\"contentUrl\":\"https:\/\/soledaddurazo.com\/storage\/2021\/11\/nllp-720x375-1-2.png\",\"width\":720,\"height\":375,\"caption\":\"Soledad Durazo\"},\"image\":{\"@id\":\"https:\/\/soledaddurazo.com\/#logo\"}},{\"@type\":\"WebSite\",\"@id\":\"https:\/\/soledaddurazo.com\/#website\",\"url\":\"https:\/\/soledaddurazo.com\/\",\"name\":\"Periodista SoledadDurazo.com\",\"description\":\"Periodista sonorense. Directora de www.SoledadDurazo.com Columnista, conductora de radio y Tv. Catedr\\u00e1tica en la UNISON\",\"publisher\":{\"@id\":\"https:\/\/soledaddurazo.com\/#organization\"},\"potentialAction\":[{\"@type\":\"SearchAction\",\"target\":{\"@type\":\"EntryPoint\",\"urlTemplate\":\"https:\/\/soledaddurazo.com\/?s={search_term_string}\"},\"query-input\":\"required name=search_term_string\"}],\"inLanguage\":\"es\"},{\"@type\":\"ImageObject\",\"@id\":\"https:\/\/soledaddurazo.com\/blog\/2026\/01\/18\/presentan-cartelera-musical-del-carnaval-guaymas-2026-el-pueblo-esta-de-fiesta\/#primaryimage\",\"inLanguage\":\"es\",\"url\":\"https:\/\/soledaddurazo.com\/storage\/2026\/01\/5fda4ff5-6576-4c14-be04-ee0065754ca2.jpg\",\"contentUrl\":\"https:\/\/soledaddurazo.com\/storage\/2026\/01\/5fda4ff5-6576-4c14-be04-ee0065754ca2.jpg\",\"width\":1280,\"height\":960},{\"@type\":\"WebPage\",\"@id\":\"https:\/\/soledaddurazo.com\/blog\/2026\/01\/18\/presentan-cartelera-musical-del-carnaval-guaymas-2026-el-pueblo-esta-de-fiesta\/#webpage\",\"url\":\"https:\/\/soledaddurazo.com\/blog\/2026\/01\/18\/presentan-cartelera-musical-del-carnaval-guaymas-2026-el-pueblo-esta-de-fiesta\/\",\"name\":\"Presentan cartelera musical del Carnaval Guaymas 2026 \\u201cEl pueblo est\\u00e1 de fiesta\\u201d - Periodista SoledadDurazo.com\",\"isPartOf\":{\"@id\":\"https:\/\/soledaddurazo.com\/#website\"},\"primaryImageOfPage\":{\"@id\":\"https:\/\/soledaddurazo.com\/blog\/2026\/01\/18\/presentan-cartelera-musical-del-carnaval-guaymas-2026-el-pueblo-esta-de-fiesta\/#primaryimage\"},\"datePublished\":\"2026-01-18T09:35:03+00:00\",\"dateModified\":\"2026-01-18T09:35:03+00:00\",\"breadcrumb\":{\"@id\":\"https:\/\/soledaddurazo.com\/blog\/2026\/01\/18\/presentan-cartelera-musical-del-carnaval-guaymas-2026-el-pueblo-esta-de-fiesta\/#breadcrumb\"},\"inLanguage\":\"es\",\"potentialAction\":[{\"@type\":\"ReadAction\",\"target\":[\"https:\/\/soledaddurazo.com\/blog\/2026\/01\/18\/presentan-cartelera-musical-del-carnaval-guaymas-2026-el-pueblo-esta-de-fiesta\/\"]}]},{\"@type\":\"BreadcrumbList\",\"@id\":\"https:\/\/soledaddurazo.com\/blog\/2026\/01\/18\/presentan-cartelera-musical-del-carnaval-guaymas-2026-el-pueblo-esta-de-fiesta\/#breadcrumb\",\"itemListElement\":[{\"@type\":\"ListItem\",\"position\":1,\"name\":\"Home\",\"item\":\"https:\/\/soledaddurazo.com\/\"},{\"@type\":\"ListItem\",\"position\":2,\"name\":\"Presentan cartelera musical del Carnaval Guaymas 2026 \\u201cEl pueblo est\\u00e1 de fiesta\\u201d\"}]},{\"@type\":\"Article\",\"@id\":\"https:\/\/soledaddurazo.com\/blog\/2026\/01\/18\/presentan-cartelera-musical-del-carnaval-guaymas-2026-el-pueblo-esta-de-fiesta\/#article\",\"isPartOf\":{\"@id\":\"https:\/\/soledaddurazo.com\/blog\/2026\/01\/18\/presentan-cartelera-musical-del-carnaval-guaymas-2026-el-pueblo-esta-de-fiesta\/#webpage\"},\"author\":{\"@id\":\"https:\/\/soledaddurazo.com\/#\/schema\/person\/822d8e13aa288585e6546f179853758b\"},\"headline\":\"Presentan cartelera musical del Carnaval Guaymas 2026 \\u201cEl pueblo est\\u00e1 de fiesta\\u201d\",\"datePublished\":\"2026-01-18T09:35:03+00:00\",\"dateModified\":\"2026-01-18T09:35:03+00:00\",\"mainEntityOfPage\":{\"@id\":\"https:\/\/soledaddurazo.com\/blog\/2026\/01\/18\/presentan-cartelera-musical-del-carnaval-guaymas-2026-el-pueblo-esta-de-fiesta\/#webpage\"},\"wordCount\":337,\"commentCount\":0,\"publisher\":{\"@id\":\"https:\/\/soledaddurazo.com\/#organization\"},\"image\":{\"@id\":\"https:\/\/soledaddurazo.com\/blog\/2026\/01\/18\/presentan-cartelera-musical-del-carnaval-guaymas-2026-el-pueblo-esta-de-fiesta\/#primaryimage\"},\"thumbnailUrl\":\"https:\/\/soledaddurazo.com\/storage\/2026\/01\/5fda4ff5-6576-4c14-be04-ee0065754ca2.jpg\",\"articleSection\":[\"Mas noticias\"],\"inLanguage\":\"es\",\"potentialAction\":[{\"@type\":\"CommentAction\",\"name\":\"Comment\",\"target\":[\"https:\/\/soledaddurazo.com\/blog\/2026\/01\/18\/presentan-cartelera-musical-del-carnaval-guaymas-2026-el-pueblo-esta-de-fiesta\/#respond\"]}]},{\"@type\":\"Person\",\"@id\":\"https:\/\/soledaddurazo.com\/#\/schema\/person\/822d8e13aa288585e6546f179853758b\",\"name\":\"Redacci\\u00f3n\",\"image\":{\"@type\":\"ImageObject\",\"@id\":\"https:\/\/soledaddurazo.com\/#personlogo\",\"inLanguage\":\"es\",\"url\":\"https:\/\/secure.gravatar.com\/avatar\/c4e193752f756fd61f04deebed3a3a20dc188d37edb53682d313ac57f2725d54?s=96&d=mm&r=g\",\"contentUrl\":\"https:\/\/secure.gravatar.com\/avatar\/c4e193752f756fd61f04deebed3a3a20dc188d37edb53682d313ac57f2725d54?s=96&d=mm&r=g\",\"caption\":\"Redacci\\u00f3n\"},\"sameAs\":[\"https:\/\/soledaddurazo.com\"]}]}<\/script>\n ","yoast_head_json":{"title":"Presentan cartelera musical del Carnaval Guaymas 2026 \u201cEl pueblo est\u00e1 de fiesta\u201d - Periodista SoledadDurazo.com","robots":{"index":"index","follow":"follow","max-snippet":"max-snippet:-1","max-image-preview":"max-image-preview:large","max-video-preview":"max-video-preview:-1"},"canonical":"https:\/\/soledaddurazo.com\/blog\/2026\/01\/18\/presentan-cartelera-musical-del-carnaval-guaymas-2026-el-pueblo-esta-de-fiesta\/","og_locale":"es_MX","og_type":"article","og_title":"Presentan cartelera musical del Carnaval Guaymas 2026 \u201cEl pueblo est\u00e1 de fiesta\u201d","og_description":"Con el objetivo de informar a la comunidad y visitantes, el Ayuntamiento de Guaymas, a trav\u00e9s de Desarrollo Econ\u00f3mico y Tur\u00edstico y la Coordinaci\u00f3n de Festividades, present\u00f3 este viernes la cartelera musical del Carnaval Guaymas 2026 \u201cEl pueblo est\u00e1 de fiesta\u201d. Durante el evento, la titular de Desarrollo Econ\u00f3mico y Tur\u00edstico, Fernanda V\u00e1zquez Garc\u00eda, destac\u00f3 [&hellip;]","og_url":"https:\/\/soledaddurazo.com\/blog\/2026\/01\/18\/presentan-cartelera-musical-del-carnaval-guaymas-2026-el-pueblo-esta-de-fiesta\/","og_site_name":"Periodista SoledadDurazo.com","article_publisher":"https:\/\/www.facebook.com\/soledad.durazo.9\/","article_published_time":"2026-01-18T09:35:03+00:00","og_image":[{"width":1280,"height":960,"url":"https:\/\/soledaddurazo.com\/storage\/2026\/01\/5fda4ff5-6576-4c14-be04-ee0065754ca2.jpg","type":"image\/jpeg"}],"twitter_card":"summary_large_image","twitter_creator":"@SoledadDurazo","twitter_site":"@SoledadDurazo","twitter_misc":{"Escrito por":"Redacci\u00f3n","Tiempo de lectura":"2 minutos"},"schema":{"@context":"https:\/\/schema.org","@graph":[{"@type":"Organization","@id":"https:\/\/soledaddurazo.com\/#organization","name":"Soledad Durazo","url":"https:\/\/soledaddurazo.com\/","sameAs":["https:\/\/www.facebook.com\/soledad.durazo.9\/","https:\/\/www.instagram.com\/soledaddurazo","https:\/\/www.youtube.com\/channel\/UC9yGPw8-Vbl_B2XNkRwPS-w","https:\/\/twitter.com\/SoledadDurazo"],"logo":{"@type":"ImageObject","@id":"https:\/\/soledaddurazo.com\/#logo","inLanguage":"es","url":"https:\/\/soledaddurazo.com\/storage\/2021\/11\/nllp-720x375-1-2.png","contentUrl":"https:\/\/soledaddurazo.com\/storage\/2021\/11\/nllp-720x375-1-2.png","width":720,"height":375,"caption":"Soledad Durazo"},"image":{"@id":"https:\/\/soledaddurazo.com\/#logo"}},{"@type":"WebSite","@id":"https:\/\/soledaddurazo.com\/#website","url":"https:\/\/soledaddurazo.com\/","name":"Periodista SoledadDurazo.com","description":"Periodista sonorense. Directora de www.SoledadDurazo.com Columnista, conductora de radio y Tv. Catedr\u00e1tica en la UNISON","publisher":{"@id":"https:\/\/soledaddurazo.com\/#organization"},"potentialAction":[{"@type":"SearchAction","target":{"@type":"EntryPoint","urlTemplate":"https:\/\/soledaddurazo.com\/?s={search_term_string}"},"query-input":"required name=search_term_string"}],"inLanguage":"es"},{"@type":"ImageObject","@id":"https:\/\/soledaddurazo.com\/blog\/2026\/01\/18\/presentan-cartelera-musical-del-carnaval-guaymas-2026-el-pueblo-esta-de-fiesta\/#primaryimage","inLanguage":"es","url":"https:\/\/soledaddurazo.com\/storage\/2026\/01\/5fda4ff5-6576-4c14-be04-ee0065754ca2.jpg","contentUrl":"https:\/\/soledaddurazo.com\/storage\/2026\/01\/5fda4ff5-6576-4c14-be04-ee0065754ca2.jpg","width":1280,"height":960},{"@type":"WebPage","@id":"https:\/\/soledaddurazo.com\/blog\/2026\/01\/18\/presentan-cartelera-musical-del-carnaval-guaymas-2026-el-pueblo-esta-de-fiesta\/#webpage","url":"https:\/\/soledaddurazo.com\/blog\/2026\/01\/18\/presentan-cartelera-musical-del-carnaval-guaymas-2026-el-pueblo-esta-de-fiesta\/","name":"Presentan cartelera musical del Carnaval Guaymas 2026 \u201cEl pueblo est\u00e1 de fiesta\u201d - Periodista SoledadDurazo.com","isPartOf":{"@id":"https:\/\/soledaddurazo.com\/#website"},"primaryImageOfPage":{"@id":"https:\/\/soledaddurazo.com\/blog\/2026\/01\/18\/presentan-cartelera-musical-del-carnaval-guaymas-2026-el-pueblo-esta-de-fiesta\/#primaryimage"},"datePublished":"2026-01-18T09:35:03+00:00","dateModified":"2026-01-18T09:35:03+00:00","breadcrumb":{"@id":"https:\/\/soledaddurazo.com\/blog\/2026\/01\/18\/presentan-cartelera-musical-del-carnaval-guaymas-2026-el-pueblo-esta-de-fiesta\/#breadcrumb"},"inLanguage":"es","potentialAction":[{"@type":"ReadAction","target":["https:\/\/soledaddurazo.com\/blog\/2026\/01\/18\/presentan-cartelera-musical-del-carnaval-guaymas-2026-el-pueblo-esta-de-fiesta\/"]}]},{"@type":"BreadcrumbList","@id":"https:\/\/soledaddurazo.com\/blog\/2026\/01\/18\/presentan-cartelera-musical-del-carnaval-guaymas-2026-el-pueblo-esta-de-fiesta\/#breadcrumb","itemListElement":[{"@type":"ListItem","position":1,"name":"Home","item":"https:\/\/soledaddurazo.com\/"},{"@type":"ListItem","position":2,"name":"Presentan cartelera musical del Carnaval Guaymas 2026 \u201cEl pueblo est\u00e1 de fiesta\u201d"}]},{"@type":"Article","@id":"https:\/\/soledaddurazo.com\/blog\/2026\/01\/18\/presentan-cartelera-musical-del-carnaval-guaymas-2026-el-pueblo-esta-de-fiesta\/#article","isPartOf":{"@id":"https:\/\/soledaddurazo.com\/blog\/2026\/01\/18\/presentan-cartelera-musical-del-carnaval-guaymas-2026-el-pueblo-esta-de-fiesta\/#webpage"},"author":{"@id":"https:\/\/soledaddurazo.com\/#\/schema\/person\/822d8e13aa288585e6546f179853758b"},"headline":"Presentan cartelera musical del Carnaval Guaymas 2026 \u201cEl pueblo est\u00e1 de fiesta\u201d","datePublished":"2026-01-18T09:35:03+00:00","dateModified":"2026-01-18T09:35:03+00:00","mainEntityOfPage":{"@id":"https:\/\/soledaddurazo.com\/blog\/2026\/01\/18\/presentan-cartelera-musical-del-carnaval-guaymas-2026-el-pueblo-esta-de-fiesta\/#webpage"},"wordCount":337,"commentCount":0,"publisher":{"@id":"https:\/\/soledaddurazo.com\/#organization"},"image":{"@id":"https:\/\/soledaddurazo.com\/blog\/2026\/01\/18\/presentan-cartelera-musical-del-carnaval-guaymas-2026-el-pueblo-esta-de-fiesta\/#primaryimage"},"thumbnailUrl":"https:\/\/soledaddurazo.com\/storage\/2026\/01\/5fda4ff5-6576-4c14-be04-ee0065754ca2.jpg","articleSection":["Mas noticias"],"inLanguage":"es","potentialAction":[{"@type":"CommentAction","name":"Comment","target":["https:\/\/soledaddurazo.com\/blog\/2026\/01\/18\/presentan-cartelera-musical-del-carnaval-guaymas-2026-el-pueblo-esta-de-fiesta\/#respond"]}]},{"@type":"Person","@id":"https:\/\/soledaddurazo.com\/#\/schema\/person\/822d8e13aa288585e6546f179853758b","name":"Redacci\u00f3n","image":{"@type":"ImageObject","@id":"https:\/\/soledaddurazo.com\/#personlogo","inLanguage":"es","url":"https:\/\/secure.gravatar.com\/avatar\/c4e193752f756fd61f04deebed3a3a20dc188d37edb53682d313ac57f2725d54?s=96&d=mm&r=g","contentUrl":"https:\/\/secure.gravatar.com\/avatar\/c4e193752f756fd61f04deebed3a3a20dc188d37edb53682d313ac57f2725d54?s=96&d=mm&r=g","caption":"Redacci\u00f3n"},"sameAs":["https:\/\/soledaddurazo.com"]}]}},"_links":{"self":[{"href":"https:\/\/soledaddurazo.com\/api\/wp\/v2\/posts\/24087","targetHints":{"allow":["GET"]}}],"collection":[{"href":"https:\/\/soledaddurazo.com\/api\/wp\/v2\/posts"}],"about":[{"href":"https:\/\/soledaddurazo.com\/api\/wp\/v2\/types\/post"}],"author":[{"embeddable":true,"href":"https:\/\/soledaddurazo.com\/api\/wp\/v2\/users\/1"}],"replies":[{"embeddable":true,"href":"https:\/\/soledaddurazo.com\/api\/wp\/v2\/comments?post=24087"}],"version-history":[{"count":1,"href":"https:\/\/soledaddurazo.com\/api\/wp\/v2\/posts\/24087\/revisions"}],"predecessor-version":[{"id":24090,"href":"https:\/\/soledaddurazo.com\/api\/wp\/v2\/posts\/24087\/revisions\/24090"}],"wp:featuredmedia":[{"embeddable":true,"href":"https:\/\/soledaddurazo.com\/api\/wp\/v2\/media\/24088"}],"wp:attachment":[{"href":"https:\/\/soledaddurazo.com\/api\/wp\/v2\/media?parent=24087"}],"wp:term":[{"taxonomy":"category","embeddable":true,"href":"https:\/\/soledaddurazo.com\/api\/wp\/v2\/categories?post=24087"},{"taxonomy":"post_tag","embeddable":true,"href":"https:\/\/soledaddurazo.com\/api\/wp\/v2\/tags?post=24087"}],"curies":[{"name":"wp","href":"https:\/\/api.w.org\/{rel}","templated":true}]}}