{"id":23877,"date":"2025-12-10T07:35:24","date_gmt":"2025-12-10T14:35:24","guid":{"rendered":"https:\/\/soledaddurazo.com\/?p=23877"},"modified":"2025-12-10T07:35:24","modified_gmt":"2025-12-10T14:35:24","slug":"de-la-protesta-legitima-al-acecho-de-intereses-oscuros","status":"publish","type":"post","link":"https:\/\/soledaddurazo.com\/blog\/2025\/12\/10\/de-la-protesta-legitima-al-acecho-de-intereses-oscuros\/","title":{"rendered":"De la protesta leg\u00edtima al acecho de intereses oscuros"},"content":{"rendered":"<div class=\"intro-text\">\n<ol>\n<li>\n\u2022 El\u00edas Retes, tiros de precisi\u00f3n que transforman realidades<br \/>\n\u2022 Alfonso Durazo impulsa crecimiento sostenido del PIB<\/li>\n<\/ol>\n<p><a href=\"https:\/\/soledaddurazo.com\/storage\/2025\/12\/IMG-20251210-WA0004.jpg\"><img loading=\"lazy\" decoding=\"async\" class=\"aligncenter size-full wp-image-23878\" src=\"https:\/\/soledaddurazo.com\/storage\/2025\/12\/IMG-20251210-WA0004.jpg\" alt=\"\" width=\"1263\" height=\"714\" srcset=\"https:\/\/soledaddurazo.com\/storage\/2025\/12\/IMG-20251210-WA0004.jpg 1263w, https:\/\/soledaddurazo.com\/storage\/2025\/12\/IMG-20251210-WA0004-300x170.jpg 300w, https:\/\/soledaddurazo.com\/storage\/2025\/12\/IMG-20251210-WA0004-1024x579.jpg 1024w, https:\/\/soledaddurazo.com\/storage\/2025\/12\/IMG-20251210-WA0004-768x434.jpg 768w, https:\/\/soledaddurazo.com\/storage\/2025\/12\/IMG-20251210-WA0004-600x339.jpg 600w, https:\/\/soledaddurazo.com\/storage\/2025\/12\/IMG-20251210-WA0004-750x424.jpg 750w, https:\/\/soledaddurazo.com\/storage\/2025\/12\/IMG-20251210-WA0004-1140x644.jpg 1140w\" sizes=\"auto, (max-width: 1263px) 100vw, 1263px\" \/><\/a><\/p>\n<\/div>\n<p>Activistas y pobladores de la regi\u00f3n de Ures llegaron ayer por la ma\u00f1ana hasta las puertas del Congreso del Estado para protestar por la iniciativa de reforma a la Ley de Aguas del Estado, presentada desde el pasado 2 de diciembre por el Diputado Omar Del Valle Colosio, en la que propone incorporar el Plan H\u00eddrico del Estado de Sonora como instrumento rector de la pol\u00edtica p\u00fablica en materia de agua para fortalecer la planeaci\u00f3n t\u00e9cnica que garantice el acceso sustentable al recurso al campo, la industria, las actividades productivas en general y para el consumo humano.<\/p>\n<p>Con portazo incluido, los manifestantes fueron atendidos por una comisi\u00f3n integrada por la Diputada Ernestina Castro y los Diputados Ra\u00fal Gonz\u00e1lez de la Vega y Omar Del Valle Colosio.<\/p>\n<p>Por m\u00e1s de dos horas los ciudadanos inconformes desahogaron sus inquietudes y dudas a los legisladores locales, entre gritos, sombrerazos, recordatorios maternales. Por momentos los manifestantes mostraron desconocimiento de la iniciativa presentada por el Diputado Omar Del Valle y que solo se tiene contemplado construir una sola presa.<\/p>\n<p>En la reuni\u00f3n se permiti\u00f3 a todos los presentes expresarse, pero cuando el Diputado Del Valle Colosio, que llev\u00f3 la voz cantante en la reuni\u00f3n por alusiones de los manifestantes, quiso detallar su iniciativa y precisar informaci\u00f3n, fue interrumpido varias veces con consignas o alegatos.<\/p>\n<p>Cualquier mal pensado hubiera cre\u00eddo que todo era parte de una provocaci\u00f3n, pero con una paciencia que ya hubiera querido el patriarca Job, Omar Del Valle, aguant\u00f3 a pie firme la andanada, no cay\u00f3 en las provocaciones.<\/p>\n<p>El reclamo ciudadano es leg\u00edtimo, pues desconf\u00edan que el impacto ambiental y social de la construcci\u00f3n de la presa en la regi\u00f3n de Ures no les afecte. La desconfianza no es para menos, habitantes de toda esa regi\u00f3n del r\u00edo Sonora fueron v\u00edctimas de la mayor tragedia ambiental ocurrida en nuestro pa\u00eds, el derrame t\u00f3xico de millones de litros de veneno procedente de una mina propiedad de Grupo M\u00e9xico, tragedia que permanece impune y sin remediaci\u00f3n, con da\u00f1os en la salud de mucha gente.<\/p>\n<p>Observ\u00e9 a personas ajenas al movimiento, participando en la reuni\u00f3n, activistas sociales, ofreciendo sus servicios e intercambiando n\u00fameros telef\u00f3nicos con algunos habitantes ribere\u00f1os.<\/p>\n<p>Creo que la presencia de estos personajes es una se\u00f1al de alerta, la protesta leg\u00edtima contra las presas en el r\u00edo Sonora puede ser distorsionada, enrarecida, manipulada por intereses oscuros, una noble causa pierde claridad y credibilidad, si se mezcla con agendas ocultas, sobre todo si son agendas pol\u00edticas. \u00a1Aguas!<\/p>\n<p>EL\u00cdAS RETES, TIROS DE PRECISI\u00d3N QUE TRANSFORMAN REALIDADES<\/p>\n<p>El Presidente Municipal de Navojoa, Jorge Alberto El\u00edas Retes cierra el a\u00f1o con tiros de precisi\u00f3n que reflejan el compromiso de su administraci\u00f3n con el trabajo en equipo.<\/p>\n<p>La pavimentaci\u00f3n con concreto hidr\u00e1ulico en puntos estrat\u00e9gicos, como la diagonal Ju\u00e1rez y los cruceros de Club Rotario, representa un avance tangible para una ciudad que merece vialidades dignas. En materia de vialidades, el programa de bacheo alcanza una cobertura de m\u00e1s de cuatro mil metros cuadrados en las principales vialidades en los dos \u00faltimos meses.<\/p>\n<p>El\u00edas Retes ha sabido gestionar ante el Gobernador Alfonso Durazo recursos para renovar la red hidrosanitaria, muestra clara de los esfuerzos entre municipio y Gobierno del Estado para traducirlos en obras sustanciales para el bienestar de la poblaci\u00f3n.<br \/>\nDesde la Presidencia del DIF Navojoa, la se\u00f1ora Luz Argel Gaxiola, con una sensibilidad que ha contagiado a muchos voluntarios, viene configurando el rostro humano del gobierno municipal y se ha constituido como el principal complemento de las pol\u00edticas trazadas por el Presidente Municipal.<\/p>\n<p>Reci\u00e9n acaba de lanzar la convocatoria para el Juguet\u00f3n 2025, acudiendo al buen coraz\u00f3n de todos los navojoenses para que ning\u00fan ni\u00f1o o ni\u00f1a en condici\u00f3n vulnerable, se quede sin una sonrisa en esta navidad y reciba un juguete de regalo.<\/p>\n<p>La se\u00f1ora Luz Argel Gaxiola al dirigir esta campa\u00f1a, reafirma que con visi\u00f3n y coraz\u00f3n es posible la verdadera transformaci\u00f3n en una sociedad ayudando a los m\u00e1s vulnerables.<\/p>\n<p>El Gobierno que encabeza Jorge Alberto El\u00edas en Navojoa es ejemplo de que, es posible transforma realidades.<\/p>\n<p>RETAZOS INTERESANTES<\/p>\n<p>1.- En la econom\u00eda, Sonora sobresale a nivel nacional a pesar de la recesi\u00f3n gracias a la visi\u00f3n y gesti\u00f3n del Gobernador Alfonso Durazo. Seg\u00fan el reporte del Producto Interno Bruto que da a conocer el INEGI; comercio, manufactura y servicios han presentado un crecimiento sostenido durante la actual administraci\u00f3n, acumulando un robusto 8.1% de crecimiento. La apuesta por generaci\u00f3n de empleo, atracci\u00f3n de inversiones y mayores niveles de bienestar, est\u00e1 en marcha en Sonora, ejemplo a nivel nacional.<br \/>\n2.- A prop\u00f3sito de cifras, ninguna ciudad de Sonora se encuentra en el ranking de las 20 ciudades m\u00e1s violentas del mundo con m\u00e1s homicidios dolosos por cada cien mil habitantes. La plataforma digital de redes sociales en twitter o X, especializada en compilar estad\u00edsticas sobre varios temas, World of Statistics (@stats_feed), en anteriores mediciones hab\u00eda incluido a Cajeme dentro del top 20 de su ranking. La coordinaci\u00f3n de los tres \u00f3rdenes de gobierno parece ir dando resultados.<br \/>\nLos invito a escuchar los viernes la mesa de an\u00e1lisis de SONORA EN RED NOTICIAS, ejercicio de opini\u00f3n que realizo en compa\u00f1\u00eda de mis amigos Arturo Chapo Soto, Arturo Ballesteros y Gustavo Valenzuela, por el 93.3 del cuadrante de F.M. desde Guaymas para todo el sur de Sonora, y por la se\u00f1al del canal 14 de Estrella Tucson TV, en el sur de Arizona.<br \/>\nY en Radio Sol 104.7 F.M. LENGUAS VESPERTINAS, de lunes a viernes a las 17:00 horas, le vamos a ofrecer una peque\u00f1a dosis de grilla.<\/p>\n<p>Podemos interactuar a trav\u00e9s de mi cuenta de Twitter @feroropeza20 o en mi correo electr\u00f3nico luiso@hmo.megared.net.mx<\/p>\n","protected":false},"excerpt":{"rendered":"<p>\u2022 El\u00edas Retes, tiros de precisi\u00f3n que transforman realidades \u2022 Alfonso Durazo impulsa crecimiento sostenido del PIB Activistas y pobladores de la regi\u00f3n de Ures llegaron ayer por la ma\u00f1ana hasta las puertas del Congreso del Estado para protestar por la iniciativa de reforma a la Ley de Aguas del Estado, presentada desde el pasado [&hellip;]<\/p>\n","protected":false},"author":1,"featured_media":23272,"comment_status":"open","ping_status":"open","sticky":false,"template":"","format":"standard","meta":{"footnotes":""},"categories":[173],"tags":[],"class_list":["post"],"yoast_head":" \n<title>De la protesta leg\u00edtima al acecho de intereses oscuros - Periodista SoledadDurazo.com<\/title>\n<meta name=\"robots\" content=\"index, follow, max-snippet:-1, max-image-preview:large, max-video-preview:-1\" \/>\n<link rel=\"canonical\" href=\"https:\/\/soledaddurazo.com\/blog\/2025\/12\/10\/de-la-protesta-legitima-al-acecho-de-intereses-oscuros\/\" \/>\n<meta property=\"og:locale\" content=\"es_MX\" \/>\n<meta property=\"og:type\" content=\"article\" \/>\n<meta property=\"og:title\" content=\"De la protesta leg\u00edtima al acecho de intereses oscuros\" \/>\n<meta property=\"og:description\" content=\"\u2022 El\u00edas Retes, tiros de precisi\u00f3n que transforman realidades \u2022 Alfonso Durazo impulsa crecimiento sostenido del PIB Activistas y pobladores de la regi\u00f3n de Ures llegaron ayer por la ma\u00f1ana hasta las puertas del Congreso del Estado para protestar por la iniciativa de reforma a la Ley de Aguas del Estado, presentada desde el pasado [&hellip;]\" \/>\n<meta property=\"og:url\" content=\"https:\/\/soledaddurazo.com\/blog\/2025\/12\/10\/de-la-protesta-legitima-al-acecho-de-intereses-oscuros\/\" \/>\n<meta property=\"og:site_name\" content=\"Periodista SoledadDurazo.com\" \/>\n<meta property=\"article:publisher\" content=\"https:\/\/www.facebook.com\/soledad.durazo.9\/\" \/>\n<meta property=\"article:published_time\" content=\"2025-12-10T14:35:24+00:00\" \/>\n<meta property=\"og:image\" content=\"https:\/\/soledaddurazo.com\/storage\/2025\/08\/9a-GRAFICO-FERNANDO-OROPEZA.jpeg\" \/>\n\t<meta property=\"og:image:width\" content=\"1092\" \/>\n\t<meta property=\"og:image:height\" content=\"983\" \/>\n<meta name=\"twitter:card\" content=\"summary_large_image\" \/>\n<meta name=\"twitter:creator\" content=\"@SoledadDurazo\" \/>\n<meta name=\"twitter:site\" content=\"@SoledadDurazo\" \/>\n<meta name=\"twitter:label1\" content=\"Escrito por\" \/>\n\t<meta name=\"twitter:data1\" content=\"Redacci\u00f3n\" \/>\n\t<meta name=\"twitter:label2\" content=\"Tiempo de lectura\" \/>\n\t<meta name=\"twitter:data2\" content=\"5 minutos\" \/>\n<script type=\"application\/ld+json\" class=\"yoast-schema-graph\">{\"@context\":\"https:\/\/schema.org\",\"@graph\":[{\"@type\":\"Organization\",\"@id\":\"https:\/\/soledaddurazo.com\/#organization\",\"name\":\"Soledad Durazo\",\"url\":\"https:\/\/soledaddurazo.com\/\",\"sameAs\":[\"https:\/\/www.facebook.com\/soledad.durazo.9\/\",\"https:\/\/www.instagram.com\/soledaddurazo\",\"https:\/\/www.youtube.com\/channel\/UC9yGPw8-Vbl_B2XNkRwPS-w\",\"https:\/\/twitter.com\/SoledadDurazo\"],\"logo\":{\"@type\":\"ImageObject\",\"@id\":\"https:\/\/soledaddurazo.com\/#logo\",\"inLanguage\":\"es\",\"url\":\"https:\/\/soledaddurazo.com\/storage\/2021\/11\/nllp-720x375-1-2.png\",\"contentUrl\":\"https:\/\/soledaddurazo.com\/storage\/2021\/11\/nllp-720x375-1-2.png\",\"width\":720,\"height\":375,\"caption\":\"Soledad Durazo\"},\"image\":{\"@id\":\"https:\/\/soledaddurazo.com\/#logo\"}},{\"@type\":\"WebSite\",\"@id\":\"https:\/\/soledaddurazo.com\/#website\",\"url\":\"https:\/\/soledaddurazo.com\/\",\"name\":\"Periodista SoledadDurazo.com\",\"description\":\"Periodista sonorense. Directora de www.SoledadDurazo.com Columnista, conductora de radio y Tv. Catedr\\u00e1tica en la UNISON\",\"publisher\":{\"@id\":\"https:\/\/soledaddurazo.com\/#organization\"},\"potentialAction\":[{\"@type\":\"SearchAction\",\"target\":{\"@type\":\"EntryPoint\",\"urlTemplate\":\"https:\/\/soledaddurazo.com\/?s={search_term_string}\"},\"query-input\":\"required name=search_term_string\"}],\"inLanguage\":\"es\"},{\"@type\":\"ImageObject\",\"@id\":\"https:\/\/soledaddurazo.com\/blog\/2025\/12\/10\/de-la-protesta-legitima-al-acecho-de-intereses-oscuros\/#primaryimage\",\"inLanguage\":\"es\",\"url\":\"https:\/\/soledaddurazo.com\/storage\/2025\/08\/9a-GRAFICO-FERNANDO-OROPEZA.jpeg\",\"contentUrl\":\"https:\/\/soledaddurazo.com\/storage\/2025\/08\/9a-GRAFICO-FERNANDO-OROPEZA.jpeg\",\"width\":1092,\"height\":983},{\"@type\":\"WebPage\",\"@id\":\"https:\/\/soledaddurazo.com\/blog\/2025\/12\/10\/de-la-protesta-legitima-al-acecho-de-intereses-oscuros\/#webpage\",\"url\":\"https:\/\/soledaddurazo.com\/blog\/2025\/12\/10\/de-la-protesta-legitima-al-acecho-de-intereses-oscuros\/\",\"name\":\"De la protesta leg\\u00edtima al acecho de intereses oscuros - Periodista SoledadDurazo.com\",\"isPartOf\":{\"@id\":\"https:\/\/soledaddurazo.com\/#website\"},\"primaryImageOfPage\":{\"@id\":\"https:\/\/soledaddurazo.com\/blog\/2025\/12\/10\/de-la-protesta-legitima-al-acecho-de-intereses-oscuros\/#primaryimage\"},\"datePublished\":\"2025-12-10T14:35:24+00:00\",\"dateModified\":\"2025-12-10T14:35:24+00:00\",\"breadcrumb\":{\"@id\":\"https:\/\/soledaddurazo.com\/blog\/2025\/12\/10\/de-la-protesta-legitima-al-acecho-de-intereses-oscuros\/#breadcrumb\"},\"inLanguage\":\"es\",\"potentialAction\":[{\"@type\":\"ReadAction\",\"target\":[\"https:\/\/soledaddurazo.com\/blog\/2025\/12\/10\/de-la-protesta-legitima-al-acecho-de-intereses-oscuros\/\"]}]},{\"@type\":\"BreadcrumbList\",\"@id\":\"https:\/\/soledaddurazo.com\/blog\/2025\/12\/10\/de-la-protesta-legitima-al-acecho-de-intereses-oscuros\/#breadcrumb\",\"itemListElement\":[{\"@type\":\"ListItem\",\"position\":1,\"name\":\"Home\",\"item\":\"https:\/\/soledaddurazo.com\/\"},{\"@type\":\"ListItem\",\"position\":2,\"name\":\"De la protesta leg\\u00edtima al acecho de intereses oscuros\"}]},{\"@type\":\"Article\",\"@id\":\"https:\/\/soledaddurazo.com\/blog\/2025\/12\/10\/de-la-protesta-legitima-al-acecho-de-intereses-oscuros\/#article\",\"isPartOf\":{\"@id\":\"https:\/\/soledaddurazo.com\/blog\/2025\/12\/10\/de-la-protesta-legitima-al-acecho-de-intereses-oscuros\/#webpage\"},\"author\":{\"@id\":\"https:\/\/soledaddurazo.com\/#\/schema\/person\/822d8e13aa288585e6546f179853758b\"},\"headline\":\"De la protesta leg\\u00edtima al acecho de intereses oscuros\",\"datePublished\":\"2025-12-10T14:35:24+00:00\",\"dateModified\":\"2025-12-10T14:35:24+00:00\",\"mainEntityOfPage\":{\"@id\":\"https:\/\/soledaddurazo.com\/blog\/2025\/12\/10\/de-la-protesta-legitima-al-acecho-de-intereses-oscuros\/#webpage\"},\"wordCount\":1048,\"commentCount\":0,\"publisher\":{\"@id\":\"https:\/\/soledaddurazo.com\/#organization\"},\"image\":{\"@id\":\"https:\/\/soledaddurazo.com\/blog\/2025\/12\/10\/de-la-protesta-legitima-al-acecho-de-intereses-oscuros\/#primaryimage\"},\"thumbnailUrl\":\"https:\/\/soledaddurazo.com\/storage\/2025\/08\/9a-GRAFICO-FERNANDO-OROPEZA.jpeg\",\"articleSection\":[\"Fernando Oropeza\"],\"inLanguage\":\"es\",\"potentialAction\":[{\"@type\":\"CommentAction\",\"name\":\"Comment\",\"target\":[\"https:\/\/soledaddurazo.com\/blog\/2025\/12\/10\/de-la-protesta-legitima-al-acecho-de-intereses-oscuros\/#respond\"]}]},{\"@type\":\"Person\",\"@id\":\"https:\/\/soledaddurazo.com\/#\/schema\/person\/822d8e13aa288585e6546f179853758b\",\"name\":\"Redacci\\u00f3n\",\"image\":{\"@type\":\"ImageObject\",\"@id\":\"https:\/\/soledaddurazo.com\/#personlogo\",\"inLanguage\":\"es\",\"url\":\"https:\/\/secure.gravatar.com\/avatar\/c4e193752f756fd61f04deebed3a3a20dc188d37edb53682d313ac57f2725d54?s=96&d=mm&r=g\",\"contentUrl\":\"https:\/\/secure.gravatar.com\/avatar\/c4e193752f756fd61f04deebed3a3a20dc188d37edb53682d313ac57f2725d54?s=96&d=mm&r=g\",\"caption\":\"Redacci\\u00f3n\"},\"sameAs\":[\"https:\/\/soledaddurazo.com\"]}]}<\/script>\n ","yoast_head_json":{"title":"De la protesta leg\u00edtima al acecho de intereses oscuros - Periodista SoledadDurazo.com","robots":{"index":"index","follow":"follow","max-snippet":"max-snippet:-1","max-image-preview":"max-image-preview:large","max-video-preview":"max-video-preview:-1"},"canonical":"https:\/\/soledaddurazo.com\/blog\/2025\/12\/10\/de-la-protesta-legitima-al-acecho-de-intereses-oscuros\/","og_locale":"es_MX","og_type":"article","og_title":"De la protesta leg\u00edtima al acecho de intereses oscuros","og_description":"\u2022 El\u00edas Retes, tiros de precisi\u00f3n que transforman realidades \u2022 Alfonso Durazo impulsa crecimiento sostenido del PIB Activistas y pobladores de la regi\u00f3n de Ures llegaron ayer por la ma\u00f1ana hasta las puertas del Congreso del Estado para protestar por la iniciativa de reforma a la Ley de Aguas del Estado, presentada desde el pasado [&hellip;]","og_url":"https:\/\/soledaddurazo.com\/blog\/2025\/12\/10\/de-la-protesta-legitima-al-acecho-de-intereses-oscuros\/","og_site_name":"Periodista SoledadDurazo.com","article_publisher":"https:\/\/www.facebook.com\/soledad.durazo.9\/","article_published_time":"2025-12-10T14:35:24+00:00","og_image":[{"width":1092,"height":983,"url":"https:\/\/soledaddurazo.com\/storage\/2025\/08\/9a-GRAFICO-FERNANDO-OROPEZA.jpeg","type":"image\/jpeg"}],"twitter_card":"summary_large_image","twitter_creator":"@SoledadDurazo","twitter_site":"@SoledadDurazo","twitter_misc":{"Escrito por":"Redacci\u00f3n","Tiempo de lectura":"5 minutos"},"schema":{"@context":"https:\/\/schema.org","@graph":[{"@type":"Organization","@id":"https:\/\/soledaddurazo.com\/#organization","name":"Soledad Durazo","url":"https:\/\/soledaddurazo.com\/","sameAs":["https:\/\/www.facebook.com\/soledad.durazo.9\/","https:\/\/www.instagram.com\/soledaddurazo","https:\/\/www.youtube.com\/channel\/UC9yGPw8-Vbl_B2XNkRwPS-w","https:\/\/twitter.com\/SoledadDurazo"],"logo":{"@type":"ImageObject","@id":"https:\/\/soledaddurazo.com\/#logo","inLanguage":"es","url":"https:\/\/soledaddurazo.com\/storage\/2021\/11\/nllp-720x375-1-2.png","contentUrl":"https:\/\/soledaddurazo.com\/storage\/2021\/11\/nllp-720x375-1-2.png","width":720,"height":375,"caption":"Soledad Durazo"},"image":{"@id":"https:\/\/soledaddurazo.com\/#logo"}},{"@type":"WebSite","@id":"https:\/\/soledaddurazo.com\/#website","url":"https:\/\/soledaddurazo.com\/","name":"Periodista SoledadDurazo.com","description":"Periodista sonorense. Directora de www.SoledadDurazo.com Columnista, conductora de radio y Tv. Catedr\u00e1tica en la UNISON","publisher":{"@id":"https:\/\/soledaddurazo.com\/#organization"},"potentialAction":[{"@type":"SearchAction","target":{"@type":"EntryPoint","urlTemplate":"https:\/\/soledaddurazo.com\/?s={search_term_string}"},"query-input":"required name=search_term_string"}],"inLanguage":"es"},{"@type":"ImageObject","@id":"https:\/\/soledaddurazo.com\/blog\/2025\/12\/10\/de-la-protesta-legitima-al-acecho-de-intereses-oscuros\/#primaryimage","inLanguage":"es","url":"https:\/\/soledaddurazo.com\/storage\/2025\/08\/9a-GRAFICO-FERNANDO-OROPEZA.jpeg","contentUrl":"https:\/\/soledaddurazo.com\/storage\/2025\/08\/9a-GRAFICO-FERNANDO-OROPEZA.jpeg","width":1092,"height":983},{"@type":"WebPage","@id":"https:\/\/soledaddurazo.com\/blog\/2025\/12\/10\/de-la-protesta-legitima-al-acecho-de-intereses-oscuros\/#webpage","url":"https:\/\/soledaddurazo.com\/blog\/2025\/12\/10\/de-la-protesta-legitima-al-acecho-de-intereses-oscuros\/","name":"De la protesta leg\u00edtima al acecho de intereses oscuros - Periodista SoledadDurazo.com","isPartOf":{"@id":"https:\/\/soledaddurazo.com\/#website"},"primaryImageOfPage":{"@id":"https:\/\/soledaddurazo.com\/blog\/2025\/12\/10\/de-la-protesta-legitima-al-acecho-de-intereses-oscuros\/#primaryimage"},"datePublished":"2025-12-10T14:35:24+00:00","dateModified":"2025-12-10T14:35:24+00:00","breadcrumb":{"@id":"https:\/\/soledaddurazo.com\/blog\/2025\/12\/10\/de-la-protesta-legitima-al-acecho-de-intereses-oscuros\/#breadcrumb"},"inLanguage":"es","potentialAction":[{"@type":"ReadAction","target":["https:\/\/soledaddurazo.com\/blog\/2025\/12\/10\/de-la-protesta-legitima-al-acecho-de-intereses-oscuros\/"]}]},{"@type":"BreadcrumbList","@id":"https:\/\/soledaddurazo.com\/blog\/2025\/12\/10\/de-la-protesta-legitima-al-acecho-de-intereses-oscuros\/#breadcrumb","itemListElement":[{"@type":"ListItem","position":1,"name":"Home","item":"https:\/\/soledaddurazo.com\/"},{"@type":"ListItem","position":2,"name":"De la protesta leg\u00edtima al acecho de intereses oscuros"}]},{"@type":"Article","@id":"https:\/\/soledaddurazo.com\/blog\/2025\/12\/10\/de-la-protesta-legitima-al-acecho-de-intereses-oscuros\/#article","isPartOf":{"@id":"https:\/\/soledaddurazo.com\/blog\/2025\/12\/10\/de-la-protesta-legitima-al-acecho-de-intereses-oscuros\/#webpage"},"author":{"@id":"https:\/\/soledaddurazo.com\/#\/schema\/person\/822d8e13aa288585e6546f179853758b"},"headline":"De la protesta leg\u00edtima al acecho de intereses oscuros","datePublished":"2025-12-10T14:35:24+00:00","dateModified":"2025-12-10T14:35:24+00:00","mainEntityOfPage":{"@id":"https:\/\/soledaddurazo.com\/blog\/2025\/12\/10\/de-la-protesta-legitima-al-acecho-de-intereses-oscuros\/#webpage"},"wordCount":1048,"commentCount":0,"publisher":{"@id":"https:\/\/soledaddurazo.com\/#organization"},"image":{"@id":"https:\/\/soledaddurazo.com\/blog\/2025\/12\/10\/de-la-protesta-legitima-al-acecho-de-intereses-oscuros\/#primaryimage"},"thumbnailUrl":"https:\/\/soledaddurazo.com\/storage\/2025\/08\/9a-GRAFICO-FERNANDO-OROPEZA.jpeg","articleSection":["Fernando Oropeza"],"inLanguage":"es","potentialAction":[{"@type":"CommentAction","name":"Comment","target":["https:\/\/soledaddurazo.com\/blog\/2025\/12\/10\/de-la-protesta-legitima-al-acecho-de-intereses-oscuros\/#respond"]}]},{"@type":"Person","@id":"https:\/\/soledaddurazo.com\/#\/schema\/person\/822d8e13aa288585e6546f179853758b","name":"Redacci\u00f3n","image":{"@type":"ImageObject","@id":"https:\/\/soledaddurazo.com\/#personlogo","inLanguage":"es","url":"https:\/\/secure.gravatar.com\/avatar\/c4e193752f756fd61f04deebed3a3a20dc188d37edb53682d313ac57f2725d54?s=96&d=mm&r=g","contentUrl":"https:\/\/secure.gravatar.com\/avatar\/c4e193752f756fd61f04deebed3a3a20dc188d37edb53682d313ac57f2725d54?s=96&d=mm&r=g","caption":"Redacci\u00f3n"},"sameAs":["https:\/\/soledaddurazo.com"]}]}},"_links":{"self":[{"href":"https:\/\/soledaddurazo.com\/api\/wp\/v2\/posts\/23877","targetHints":{"allow":["GET"]}}],"collection":[{"href":"https:\/\/soledaddurazo.com\/api\/wp\/v2\/posts"}],"about":[{"href":"https:\/\/soledaddurazo.com\/api\/wp\/v2\/types\/post"}],"author":[{"embeddable":true,"href":"https:\/\/soledaddurazo.com\/api\/wp\/v2\/users\/1"}],"replies":[{"embeddable":true,"href":"https:\/\/soledaddurazo.com\/api\/wp\/v2\/comments?post=23877"}],"version-history":[{"count":1,"href":"https:\/\/soledaddurazo.com\/api\/wp\/v2\/posts\/23877\/revisions"}],"predecessor-version":[{"id":23879,"href":"https:\/\/soledaddurazo.com\/api\/wp\/v2\/posts\/23877\/revisions\/23879"}],"wp:featuredmedia":[{"embeddable":true,"href":"https:\/\/soledaddurazo.com\/api\/wp\/v2\/media\/23272"}],"wp:attachment":[{"href":"https:\/\/soledaddurazo.com\/api\/wp\/v2\/media?parent=23877"}],"wp:term":[{"taxonomy":"category","embeddable":true,"href":"https:\/\/soledaddurazo.com\/api\/wp\/v2\/categories?post=23877"},{"taxonomy":"post_tag","embeddable":true,"href":"https:\/\/soledaddurazo.com\/api\/wp\/v2\/tags?post=23877"}],"curies":[{"name":"wp","href":"https:\/\/api.w.org\/{rel}","templated":true}]}}