{"id":23874,"date":"2025-12-09T21:39:23","date_gmt":"2025-12-10T04:39:23","guid":{"rendered":"https:\/\/soledaddurazo.com\/?p=23874"},"modified":"2025-12-12T11:51:23","modified_gmt":"2025-12-12T18:51:23","slug":"propone-senador-ivan-jaimes-beneficios-fiscales-para-familias-que-recurren-a-educacion-privada-ante-falta-de-cupo-en-escuelas-publicas","status":"publish","type":"post","link":"https:\/\/soledaddurazo.com\/blog\/2025\/12\/09\/propone-senador-ivan-jaimes-beneficios-fiscales-para-familias-que-recurren-a-educacion-privada-ante-falta-de-cupo-en-escuelas-publicas\/","title":{"rendered":"Propone senador Iv\u00e1n Jaimes beneficios fiscales para familias que recurren a educaci\u00f3n privada ante falta de cupo en escuelas p\u00fablicas"},"content":{"rendered":"<div class=\"draggable h-header-height bg-token-bg-primary sticky top-0 z-10 flex items-center justify-between gap-2 border-transparent px-2 md:hidden print:hidden [box-shadow:var(--sharp-edge-top-shadow)]\">\n<div class=\"no-draggable flex items-center\">\n<div class=\"flex items-center\"><\/div>\n<\/div>\n<\/div>\n<p><main id=\"main\" class=\"transition-width relative min-h-0 min-w-0 flex-1 overflow-auto -translate-y-[calc(env(safe-area-inset-bottom,0px)\/2)] pt-[calc(env(safe-area-inset-bottom,0px)\/2)]\"><\/p>\n<div id=\"thread\" class=\"group\/thread h-full w-full\">\n<div class=\"composer-parent flex flex-col focus-visible:outline-0 overflow-hidden h-full\" role=\"presentation\">\n<div class=\"relative basis-auto flex-col -mb-(--composer-overlap-px) [--composer-overlap-px:55px] grow flex overflow-hidden\">\n<div class=\"relative h-full\">\n<div class=\"flex h-full flex-col overflow-y-auto @w-xl\/main:pt-(--header-height) [scrollbar-gutter:stable_both-edges]\">\n<div class=\"flex flex-col text-sm @w-xl\/main:pt-header-height keyboard-open:pb-[calc(var(--composer-height,100px)+var(--screen-keyboard-height,0))] pb-25\">\n<article class=\"text-token-text-primary w-full focus:outline-none [--shadow-height:45px] has-data-writing-block:pointer-events-none has-data-writing-block:-mt-(--shadow-height) has-data-writing-block:pt-(--shadow-height) [&amp;:has([data-writing-block])&gt;*]:pointer-events-auto scroll-mt-[calc(var(--header-height)+min(200px,max(70px,20svh)))]\" dir=\"auto\" tabindex=\"-1\" data-turn-id=\"request-WEB:2497dc98-ad06-4bfb-bbce-8a8d1cae86d8-1\" data-testid=\"conversation-turn-4\" data-scroll-anchor=\"true\" data-turn=\"assistant\">\n<div class=\"text-base my-auto mx-auto pb-10 [--thread-content-margin:--spacing(4)] @w-sm\/main:[--thread-content-margin:--spacing(6)] @w-lg\/main:[--thread-content-margin:--spacing(16)] px-(--thread-content-margin)\">\n<div class=\"[--thread-content-max-width:40rem] @w-lg\/main:[--thread-content-max-width:48rem] mx-auto max-w-(--thread-content-max-width) flex-1 group\/turn-messages focus-visible:outline-hidden relative flex w-full min-w-0 flex-col agent-turn\" tabindex=\"-1\">\n<div class=\"flex max-w-full flex-col grow\">\n<div class=\"min-h-8 text-message relative flex w-full flex-col items-end gap-2 text-start break-words whitespace-normal [.text-message+&amp;]:mt-1\" dir=\"auto\" data-message-author-role=\"assistant\" data-message-id=\"aafb5c30-0e19-49d8-a72e-ccf6c0a70609\" data-message-model-slug=\"gpt-5-1\">\n<div class=\"flex w-full flex-col gap-1 empty:hidden first:pt-[1px]\">\n<div class=\"markdown prose dark:prose-invert w-full break-words light markdown-new-styling\">\n<p data-start=\"235\" data-end=\"595\">\u00a0Ante la creciente incapacidad del Estado para garantizar espacios en instituciones p\u00fablicas de educaci\u00f3n media superior y superior, el senador por Sonora,\u00a0<strong data-start=\"437\" data-end=\"462\">Iv\u00e1n Jaimes Archundia<\/strong>, present\u00f3 una iniciativa para otorgar\u00a0<strong data-start=\"501\" data-end=\"524\">beneficios fiscales<\/strong>\u00a0a padres de familia que opten por la educaci\u00f3n privada para sus hijos.<\/p>\n<p data-start=\"597\" data-end=\"1057\">El legislador expuso que el d\u00e9ficit de cupo en universidades como la UNAM, UAM y el IPN deja fuera cada a\u00f1o a cientos de miles de j\u00f3venes. Detall\u00f3 que, tan solo en el m\u00e1s reciente ciclo escolar, la\u00a0<strong data-start=\"795\" data-end=\"803\">UNAM<\/strong>\u00a0recibi\u00f3\u00a0<strong data-start=\"812\" data-end=\"835\">201 mil solicitudes<\/strong>\u00a0y \u00fanicamente\u00a0<strong data-start=\"849\" data-end=\"870\">48 mil aspirantes<\/strong>\u00a0lograron ingresar. En la\u00a0<strong data-start=\"896\" data-end=\"903\">UAM<\/strong>, de m\u00e1s de 80 mil aspirantes, solo\u00a0<strong data-start=\"939\" data-end=\"957\">11 mil j\u00f3venes<\/strong>\u00a0obtuvieron un lugar, mientras que en el\u00a0<strong data-start=\"998\" data-end=\"1005\">IPN<\/strong>\u00a0alrededor de\u00a0<strong data-start=\"1019\" data-end=\"1041\">56 mil estudiantes<\/strong>\u00a0quedaron fuera.<\/p>\n<p data-start=\"1059\" data-end=\"1451\">Jaimes Archundia afirm\u00f3 que la iniciativa, que plantea reformar el\u00a0<strong data-start=\"1126\" data-end=\"1186\">art\u00edculo 151 de la Ley del Impuesto Sobre la Renta (ISR)<\/strong>, permitir\u00eda hacer menos onerosos los pagos de colegiaturas en instituciones privadas. Se\u00f1al\u00f3 que se trata de un\u00a0<strong data-start=\"1299\" data-end=\"1327\">tema de derechos humanos<\/strong>, pues, ante la insuficiencia del sistema p\u00fablico, la educaci\u00f3n privada \u201cno es un privilegio, sino un sacrificio necesario\u201d.<\/p>\n<p data-start=\"1453\" data-end=\"1788\">El senador explic\u00f3 que el alto costo de la educaci\u00f3n en M\u00e9xico representa un desaf\u00edo para miles de familias que buscan dar continuidad a los estudios de sus hijos. Argument\u00f3 que el acceso a instituciones de nivel superior ha crecido, seg\u00fan datos del\u00a0<strong data-start=\"1703\" data-end=\"1712\">INEGI<\/strong>, pero la demanda sigue superando con creces la oferta educativa del Estado.<\/p>\n<p data-start=\"1790\" data-end=\"1997\">Actualmente \u2014se\u00f1al\u00f3\u2014 existen\u00a0<strong data-start=\"1819\" data-end=\"1850\">5.2 millones de estudiantes<\/strong>\u00a0matriculados en educaci\u00f3n media superior y superior, de un universo potencial de\u00a0<strong data-start=\"1932\" data-end=\"1958\">11 millones de j\u00f3venes<\/strong>\u00a0que desean continuar con sus estudios.<\/p>\n<p data-start=\"1999\" data-end=\"2286\">Jaimes Archundia enfatiz\u00f3 que la falta de apoyos afecta particularmente a sectores como las madres solteras y j\u00f3venes que deben cubrir colegiaturas por su cuenta. \u201cHay muchas oportunidades que se est\u00e1n perdiendo por el simple hecho de no contar con una compensaci\u00f3n tributaria\u201d, sostuvo.<\/p>\n<p data-start=\"2288\" data-end=\"2376\">La propuesta legislativa ser\u00e1 turnada a comisiones para su an\u00e1lisis y eventual dictamen.<\/p>\n<\/div>\n<\/div>\n<\/div>\n<\/div>\n<\/div>\n<\/div>\n<\/article>\n<\/div>\n<\/div>\n<\/div>\n<\/div>\n<\/div>\n<\/div>\n<p><\/main><\/p>\n","protected":false},"excerpt":{"rendered":"<p>\u00a0Ante la creciente incapacidad del Estado para garantizar espacios en instituciones p\u00fablicas de educaci\u00f3n media superior y superior, el senador por Sonora,\u00a0Iv\u00e1n Jaimes Archundia, present\u00f3 una iniciativa para otorgar\u00a0beneficios fiscales\u00a0a padres de familia que opten por la educaci\u00f3n privada para sus hijos. El legislador expuso que el d\u00e9ficit de cupo en universidades como la UNAM, [&hellip;]<\/p>\n","protected":false},"author":1,"featured_media":23875,"comment_status":"open","ping_status":"open","sticky":false,"template":"","format":"standard","meta":{"footnotes":""},"categories":[1],"tags":[],"class_list":["post"],"yoast_head":" \n<title>Propone senador Iv\u00e1n Jaimes beneficios fiscales para familias que recurren a educaci\u00f3n privada ante falta de cupo en escuelas p\u00fablicas - Periodista SoledadDurazo.com<\/title>\n<meta name=\"robots\" content=\"index, follow, max-snippet:-1, max-image-preview:large, max-video-preview:-1\" \/>\n<link rel=\"canonical\" href=\"https:\/\/soledaddurazo.com\/blog\/2025\/12\/09\/propone-senador-ivan-jaimes-beneficios-fiscales-para-familias-que-recurren-a-educacion-privada-ante-falta-de-cupo-en-escuelas-publicas\/\" \/>\n<meta property=\"og:locale\" content=\"es_MX\" \/>\n<meta property=\"og:type\" content=\"article\" \/>\n<meta property=\"og:title\" content=\"Propone senador Iv\u00e1n Jaimes beneficios fiscales para familias que recurren a educaci\u00f3n privada ante falta de cupo en escuelas p\u00fablicas\" \/>\n<meta property=\"og:description\" content=\"\u00a0Ante la creciente incapacidad del Estado para garantizar espacios en instituciones p\u00fablicas de educaci\u00f3n media superior y superior, el senador por Sonora,\u00a0Iv\u00e1n Jaimes Archundia, present\u00f3 una iniciativa para otorgar\u00a0beneficios fiscales\u00a0a padres de familia que opten por la educaci\u00f3n privada para sus hijos. El legislador expuso que el d\u00e9ficit de cupo en universidades como la UNAM, [&hellip;]\" \/>\n<meta property=\"og:url\" content=\"https:\/\/soledaddurazo.com\/blog\/2025\/12\/09\/propone-senador-ivan-jaimes-beneficios-fiscales-para-familias-que-recurren-a-educacion-privada-ante-falta-de-cupo-en-escuelas-publicas\/\" \/>\n<meta property=\"og:site_name\" content=\"Periodista SoledadDurazo.com\" \/>\n<meta property=\"article:publisher\" content=\"https:\/\/www.facebook.com\/soledad.durazo.9\/\" \/>\n<meta property=\"article:published_time\" content=\"2025-12-10T04:39:23+00:00\" \/>\n<meta property=\"article:modified_time\" content=\"2025-12-12T18:51:23+00:00\" \/>\n<meta property=\"og:image\" content=\"https:\/\/soledaddurazo.com\/storage\/2025\/12\/IMG-20251209-WA0088.jpg\" \/>\n\t<meta property=\"og:image:width\" content=\"1600\" \/>\n\t<meta property=\"og:image:height\" content=\"1066\" \/>\n<meta name=\"twitter:card\" content=\"summary_large_image\" \/>\n<meta name=\"twitter:creator\" content=\"@SoledadDurazo\" \/>\n<meta name=\"twitter:site\" content=\"@SoledadDurazo\" \/>\n<meta name=\"twitter:label1\" content=\"Escrito por\" \/>\n\t<meta name=\"twitter:data1\" content=\"Redacci\u00f3n\" \/>\n\t<meta name=\"twitter:label2\" content=\"Tiempo de lectura\" \/>\n\t<meta name=\"twitter:data2\" content=\"2 minutos\" \/>\n<script type=\"application\/ld+json\" class=\"yoast-schema-graph\">{\"@context\":\"https:\/\/schema.org\",\"@graph\":[{\"@type\":\"Organization\",\"@id\":\"https:\/\/soledaddurazo.com\/#organization\",\"name\":\"Soledad Durazo\",\"url\":\"https:\/\/soledaddurazo.com\/\",\"sameAs\":[\"https:\/\/www.facebook.com\/soledad.durazo.9\/\",\"https:\/\/www.instagram.com\/soledaddurazo\",\"https:\/\/www.youtube.com\/channel\/UC9yGPw8-Vbl_B2XNkRwPS-w\",\"https:\/\/twitter.com\/SoledadDurazo\"],\"logo\":{\"@type\":\"ImageObject\",\"@id\":\"https:\/\/soledaddurazo.com\/#logo\",\"inLanguage\":\"es\",\"url\":\"https:\/\/soledaddurazo.com\/storage\/2021\/11\/nllp-720x375-1-2.png\",\"contentUrl\":\"https:\/\/soledaddurazo.com\/storage\/2021\/11\/nllp-720x375-1-2.png\",\"width\":720,\"height\":375,\"caption\":\"Soledad Durazo\"},\"image\":{\"@id\":\"https:\/\/soledaddurazo.com\/#logo\"}},{\"@type\":\"WebSite\",\"@id\":\"https:\/\/soledaddurazo.com\/#website\",\"url\":\"https:\/\/soledaddurazo.com\/\",\"name\":\"Periodista SoledadDurazo.com\",\"description\":\"Periodista sonorense. Directora de www.SoledadDurazo.com Columnista, conductora de radio y Tv. Catedr\\u00e1tica en la UNISON\",\"publisher\":{\"@id\":\"https:\/\/soledaddurazo.com\/#organization\"},\"potentialAction\":[{\"@type\":\"SearchAction\",\"target\":{\"@type\":\"EntryPoint\",\"urlTemplate\":\"https:\/\/soledaddurazo.com\/?s={search_term_string}\"},\"query-input\":\"required name=search_term_string\"}],\"inLanguage\":\"es\"},{\"@type\":\"ImageObject\",\"@id\":\"https:\/\/soledaddurazo.com\/blog\/2025\/12\/09\/propone-senador-ivan-jaimes-beneficios-fiscales-para-familias-que-recurren-a-educacion-privada-ante-falta-de-cupo-en-escuelas-publicas\/#primaryimage\",\"inLanguage\":\"es\",\"url\":\"https:\/\/soledaddurazo.com\/storage\/2025\/12\/IMG-20251209-WA0088.jpg\",\"contentUrl\":\"https:\/\/soledaddurazo.com\/storage\/2025\/12\/IMG-20251209-WA0088.jpg\",\"width\":1600,\"height\":1066},{\"@type\":\"WebPage\",\"@id\":\"https:\/\/soledaddurazo.com\/blog\/2025\/12\/09\/propone-senador-ivan-jaimes-beneficios-fiscales-para-familias-que-recurren-a-educacion-privada-ante-falta-de-cupo-en-escuelas-publicas\/#webpage\",\"url\":\"https:\/\/soledaddurazo.com\/blog\/2025\/12\/09\/propone-senador-ivan-jaimes-beneficios-fiscales-para-familias-que-recurren-a-educacion-privada-ante-falta-de-cupo-en-escuelas-publicas\/\",\"name\":\"Propone senador Iv\\u00e1n Jaimes beneficios fiscales para familias que recurren a educaci\\u00f3n privada ante falta de cupo en escuelas p\\u00fablicas - Periodista SoledadDurazo.com\",\"isPartOf\":{\"@id\":\"https:\/\/soledaddurazo.com\/#website\"},\"primaryImageOfPage\":{\"@id\":\"https:\/\/soledaddurazo.com\/blog\/2025\/12\/09\/propone-senador-ivan-jaimes-beneficios-fiscales-para-familias-que-recurren-a-educacion-privada-ante-falta-de-cupo-en-escuelas-publicas\/#primaryimage\"},\"datePublished\":\"2025-12-10T04:39:23+00:00\",\"dateModified\":\"2025-12-12T18:51:23+00:00\",\"breadcrumb\":{\"@id\":\"https:\/\/soledaddurazo.com\/blog\/2025\/12\/09\/propone-senador-ivan-jaimes-beneficios-fiscales-para-familias-que-recurren-a-educacion-privada-ante-falta-de-cupo-en-escuelas-publicas\/#breadcrumb\"},\"inLanguage\":\"es\",\"potentialAction\":[{\"@type\":\"ReadAction\",\"target\":[\"https:\/\/soledaddurazo.com\/blog\/2025\/12\/09\/propone-senador-ivan-jaimes-beneficios-fiscales-para-familias-que-recurren-a-educacion-privada-ante-falta-de-cupo-en-escuelas-publicas\/\"]}]},{\"@type\":\"BreadcrumbList\",\"@id\":\"https:\/\/soledaddurazo.com\/blog\/2025\/12\/09\/propone-senador-ivan-jaimes-beneficios-fiscales-para-familias-que-recurren-a-educacion-privada-ante-falta-de-cupo-en-escuelas-publicas\/#breadcrumb\",\"itemListElement\":[{\"@type\":\"ListItem\",\"position\":1,\"name\":\"Home\",\"item\":\"https:\/\/soledaddurazo.com\/\"},{\"@type\":\"ListItem\",\"position\":2,\"name\":\"Propone senador Iv\\u00e1n Jaimes beneficios fiscales para familias que recurren a educaci\\u00f3n privada ante falta de cupo en escuelas p\\u00fablicas\"}]},{\"@type\":\"Article\",\"@id\":\"https:\/\/soledaddurazo.com\/blog\/2025\/12\/09\/propone-senador-ivan-jaimes-beneficios-fiscales-para-familias-que-recurren-a-educacion-privada-ante-falta-de-cupo-en-escuelas-publicas\/#article\",\"isPartOf\":{\"@id\":\"https:\/\/soledaddurazo.com\/blog\/2025\/12\/09\/propone-senador-ivan-jaimes-beneficios-fiscales-para-familias-que-recurren-a-educacion-privada-ante-falta-de-cupo-en-escuelas-publicas\/#webpage\"},\"author\":{\"@id\":\"https:\/\/soledaddurazo.com\/#\/schema\/person\/822d8e13aa288585e6546f179853758b\"},\"headline\":\"Propone senador Iv\\u00e1n Jaimes beneficios fiscales para familias que recurren a educaci\\u00f3n privada ante falta de cupo en escuelas p\\u00fablicas\",\"datePublished\":\"2025-12-10T04:39:23+00:00\",\"dateModified\":\"2025-12-12T18:51:23+00:00\",\"mainEntityOfPage\":{\"@id\":\"https:\/\/soledaddurazo.com\/blog\/2025\/12\/09\/propone-senador-ivan-jaimes-beneficios-fiscales-para-familias-que-recurren-a-educacion-privada-ante-falta-de-cupo-en-escuelas-publicas\/#webpage\"},\"wordCount\":366,\"commentCount\":0,\"publisher\":{\"@id\":\"https:\/\/soledaddurazo.com\/#organization\"},\"image\":{\"@id\":\"https:\/\/soledaddurazo.com\/blog\/2025\/12\/09\/propone-senador-ivan-jaimes-beneficios-fiscales-para-familias-que-recurren-a-educacion-privada-ante-falta-de-cupo-en-escuelas-publicas\/#primaryimage\"},\"thumbnailUrl\":\"https:\/\/soledaddurazo.com\/storage\/2025\/12\/IMG-20251209-WA0088.jpg\",\"inLanguage\":\"es\",\"potentialAction\":[{\"@type\":\"CommentAction\",\"name\":\"Comment\",\"target\":[\"https:\/\/soledaddurazo.com\/blog\/2025\/12\/09\/propone-senador-ivan-jaimes-beneficios-fiscales-para-familias-que-recurren-a-educacion-privada-ante-falta-de-cupo-en-escuelas-publicas\/#respond\"]}]},{\"@type\":\"Person\",\"@id\":\"https:\/\/soledaddurazo.com\/#\/schema\/person\/822d8e13aa288585e6546f179853758b\",\"name\":\"Redacci\\u00f3n\",\"image\":{\"@type\":\"ImageObject\",\"@id\":\"https:\/\/soledaddurazo.com\/#personlogo\",\"inLanguage\":\"es\",\"url\":\"https:\/\/secure.gravatar.com\/avatar\/c4e193752f756fd61f04deebed3a3a20dc188d37edb53682d313ac57f2725d54?s=96&d=mm&r=g\",\"contentUrl\":\"https:\/\/secure.gravatar.com\/avatar\/c4e193752f756fd61f04deebed3a3a20dc188d37edb53682d313ac57f2725d54?s=96&d=mm&r=g\",\"caption\":\"Redacci\\u00f3n\"},\"sameAs\":[\"https:\/\/soledaddurazo.com\"]}]}<\/script>\n ","yoast_head_json":{"title":"Propone senador Iv\u00e1n Jaimes beneficios fiscales para familias que recurren a educaci\u00f3n privada ante falta de cupo en escuelas p\u00fablicas - Periodista SoledadDurazo.com","robots":{"index":"index","follow":"follow","max-snippet":"max-snippet:-1","max-image-preview":"max-image-preview:large","max-video-preview":"max-video-preview:-1"},"canonical":"https:\/\/soledaddurazo.com\/blog\/2025\/12\/09\/propone-senador-ivan-jaimes-beneficios-fiscales-para-familias-que-recurren-a-educacion-privada-ante-falta-de-cupo-en-escuelas-publicas\/","og_locale":"es_MX","og_type":"article","og_title":"Propone senador Iv\u00e1n Jaimes beneficios fiscales para familias que recurren a educaci\u00f3n privada ante falta de cupo en escuelas p\u00fablicas","og_description":"\u00a0Ante la creciente incapacidad del Estado para garantizar espacios en instituciones p\u00fablicas de educaci\u00f3n media superior y superior, el senador por Sonora,\u00a0Iv\u00e1n Jaimes Archundia, present\u00f3 una iniciativa para otorgar\u00a0beneficios fiscales\u00a0a padres de familia que opten por la educaci\u00f3n privada para sus hijos. El legislador expuso que el d\u00e9ficit de cupo en universidades como la UNAM, [&hellip;]","og_url":"https:\/\/soledaddurazo.com\/blog\/2025\/12\/09\/propone-senador-ivan-jaimes-beneficios-fiscales-para-familias-que-recurren-a-educacion-privada-ante-falta-de-cupo-en-escuelas-publicas\/","og_site_name":"Periodista SoledadDurazo.com","article_publisher":"https:\/\/www.facebook.com\/soledad.durazo.9\/","article_published_time":"2025-12-10T04:39:23+00:00","article_modified_time":"2025-12-12T18:51:23+00:00","og_image":[{"width":1600,"height":1066,"url":"https:\/\/soledaddurazo.com\/storage\/2025\/12\/IMG-20251209-WA0088.jpg","type":"image\/jpeg"}],"twitter_card":"summary_large_image","twitter_creator":"@SoledadDurazo","twitter_site":"@SoledadDurazo","twitter_misc":{"Escrito por":"Redacci\u00f3n","Tiempo de lectura":"2 minutos"},"schema":{"@context":"https:\/\/schema.org","@graph":[{"@type":"Organization","@id":"https:\/\/soledaddurazo.com\/#organization","name":"Soledad Durazo","url":"https:\/\/soledaddurazo.com\/","sameAs":["https:\/\/www.facebook.com\/soledad.durazo.9\/","https:\/\/www.instagram.com\/soledaddurazo","https:\/\/www.youtube.com\/channel\/UC9yGPw8-Vbl_B2XNkRwPS-w","https:\/\/twitter.com\/SoledadDurazo"],"logo":{"@type":"ImageObject","@id":"https:\/\/soledaddurazo.com\/#logo","inLanguage":"es","url":"https:\/\/soledaddurazo.com\/storage\/2021\/11\/nllp-720x375-1-2.png","contentUrl":"https:\/\/soledaddurazo.com\/storage\/2021\/11\/nllp-720x375-1-2.png","width":720,"height":375,"caption":"Soledad Durazo"},"image":{"@id":"https:\/\/soledaddurazo.com\/#logo"}},{"@type":"WebSite","@id":"https:\/\/soledaddurazo.com\/#website","url":"https:\/\/soledaddurazo.com\/","name":"Periodista SoledadDurazo.com","description":"Periodista sonorense. Directora de www.SoledadDurazo.com Columnista, conductora de radio y Tv. Catedr\u00e1tica en la UNISON","publisher":{"@id":"https:\/\/soledaddurazo.com\/#organization"},"potentialAction":[{"@type":"SearchAction","target":{"@type":"EntryPoint","urlTemplate":"https:\/\/soledaddurazo.com\/?s={search_term_string}"},"query-input":"required name=search_term_string"}],"inLanguage":"es"},{"@type":"ImageObject","@id":"https:\/\/soledaddurazo.com\/blog\/2025\/12\/09\/propone-senador-ivan-jaimes-beneficios-fiscales-para-familias-que-recurren-a-educacion-privada-ante-falta-de-cupo-en-escuelas-publicas\/#primaryimage","inLanguage":"es","url":"https:\/\/soledaddurazo.com\/storage\/2025\/12\/IMG-20251209-WA0088.jpg","contentUrl":"https:\/\/soledaddurazo.com\/storage\/2025\/12\/IMG-20251209-WA0088.jpg","width":1600,"height":1066},{"@type":"WebPage","@id":"https:\/\/soledaddurazo.com\/blog\/2025\/12\/09\/propone-senador-ivan-jaimes-beneficios-fiscales-para-familias-que-recurren-a-educacion-privada-ante-falta-de-cupo-en-escuelas-publicas\/#webpage","url":"https:\/\/soledaddurazo.com\/blog\/2025\/12\/09\/propone-senador-ivan-jaimes-beneficios-fiscales-para-familias-que-recurren-a-educacion-privada-ante-falta-de-cupo-en-escuelas-publicas\/","name":"Propone senador Iv\u00e1n Jaimes beneficios fiscales para familias que recurren a educaci\u00f3n privada ante falta de cupo en escuelas p\u00fablicas - Periodista SoledadDurazo.com","isPartOf":{"@id":"https:\/\/soledaddurazo.com\/#website"},"primaryImageOfPage":{"@id":"https:\/\/soledaddurazo.com\/blog\/2025\/12\/09\/propone-senador-ivan-jaimes-beneficios-fiscales-para-familias-que-recurren-a-educacion-privada-ante-falta-de-cupo-en-escuelas-publicas\/#primaryimage"},"datePublished":"2025-12-10T04:39:23+00:00","dateModified":"2025-12-12T18:51:23+00:00","breadcrumb":{"@id":"https:\/\/soledaddurazo.com\/blog\/2025\/12\/09\/propone-senador-ivan-jaimes-beneficios-fiscales-para-familias-que-recurren-a-educacion-privada-ante-falta-de-cupo-en-escuelas-publicas\/#breadcrumb"},"inLanguage":"es","potentialAction":[{"@type":"ReadAction","target":["https:\/\/soledaddurazo.com\/blog\/2025\/12\/09\/propone-senador-ivan-jaimes-beneficios-fiscales-para-familias-que-recurren-a-educacion-privada-ante-falta-de-cupo-en-escuelas-publicas\/"]}]},{"@type":"BreadcrumbList","@id":"https:\/\/soledaddurazo.com\/blog\/2025\/12\/09\/propone-senador-ivan-jaimes-beneficios-fiscales-para-familias-que-recurren-a-educacion-privada-ante-falta-de-cupo-en-escuelas-publicas\/#breadcrumb","itemListElement":[{"@type":"ListItem","position":1,"name":"Home","item":"https:\/\/soledaddurazo.com\/"},{"@type":"ListItem","position":2,"name":"Propone senador Iv\u00e1n Jaimes beneficios fiscales para familias que recurren a educaci\u00f3n privada ante falta de cupo en escuelas p\u00fablicas"}]},{"@type":"Article","@id":"https:\/\/soledaddurazo.com\/blog\/2025\/12\/09\/propone-senador-ivan-jaimes-beneficios-fiscales-para-familias-que-recurren-a-educacion-privada-ante-falta-de-cupo-en-escuelas-publicas\/#article","isPartOf":{"@id":"https:\/\/soledaddurazo.com\/blog\/2025\/12\/09\/propone-senador-ivan-jaimes-beneficios-fiscales-para-familias-que-recurren-a-educacion-privada-ante-falta-de-cupo-en-escuelas-publicas\/#webpage"},"author":{"@id":"https:\/\/soledaddurazo.com\/#\/schema\/person\/822d8e13aa288585e6546f179853758b"},"headline":"Propone senador Iv\u00e1n Jaimes beneficios fiscales para familias que recurren a educaci\u00f3n privada ante falta de cupo en escuelas p\u00fablicas","datePublished":"2025-12-10T04:39:23+00:00","dateModified":"2025-12-12T18:51:23+00:00","mainEntityOfPage":{"@id":"https:\/\/soledaddurazo.com\/blog\/2025\/12\/09\/propone-senador-ivan-jaimes-beneficios-fiscales-para-familias-que-recurren-a-educacion-privada-ante-falta-de-cupo-en-escuelas-publicas\/#webpage"},"wordCount":366,"commentCount":0,"publisher":{"@id":"https:\/\/soledaddurazo.com\/#organization"},"image":{"@id":"https:\/\/soledaddurazo.com\/blog\/2025\/12\/09\/propone-senador-ivan-jaimes-beneficios-fiscales-para-familias-que-recurren-a-educacion-privada-ante-falta-de-cupo-en-escuelas-publicas\/#primaryimage"},"thumbnailUrl":"https:\/\/soledaddurazo.com\/storage\/2025\/12\/IMG-20251209-WA0088.jpg","inLanguage":"es","potentialAction":[{"@type":"CommentAction","name":"Comment","target":["https:\/\/soledaddurazo.com\/blog\/2025\/12\/09\/propone-senador-ivan-jaimes-beneficios-fiscales-para-familias-que-recurren-a-educacion-privada-ante-falta-de-cupo-en-escuelas-publicas\/#respond"]}]},{"@type":"Person","@id":"https:\/\/soledaddurazo.com\/#\/schema\/person\/822d8e13aa288585e6546f179853758b","name":"Redacci\u00f3n","image":{"@type":"ImageObject","@id":"https:\/\/soledaddurazo.com\/#personlogo","inLanguage":"es","url":"https:\/\/secure.gravatar.com\/avatar\/c4e193752f756fd61f04deebed3a3a20dc188d37edb53682d313ac57f2725d54?s=96&d=mm&r=g","contentUrl":"https:\/\/secure.gravatar.com\/avatar\/c4e193752f756fd61f04deebed3a3a20dc188d37edb53682d313ac57f2725d54?s=96&d=mm&r=g","caption":"Redacci\u00f3n"},"sameAs":["https:\/\/soledaddurazo.com"]}]}},"_links":{"self":[{"href":"https:\/\/soledaddurazo.com\/api\/wp\/v2\/posts\/23874","targetHints":{"allow":["GET"]}}],"collection":[{"href":"https:\/\/soledaddurazo.com\/api\/wp\/v2\/posts"}],"about":[{"href":"https:\/\/soledaddurazo.com\/api\/wp\/v2\/types\/post"}],"author":[{"embeddable":true,"href":"https:\/\/soledaddurazo.com\/api\/wp\/v2\/users\/1"}],"replies":[{"embeddable":true,"href":"https:\/\/soledaddurazo.com\/api\/wp\/v2\/comments?post=23874"}],"version-history":[{"count":1,"href":"https:\/\/soledaddurazo.com\/api\/wp\/v2\/posts\/23874\/revisions"}],"predecessor-version":[{"id":23876,"href":"https:\/\/soledaddurazo.com\/api\/wp\/v2\/posts\/23874\/revisions\/23876"}],"wp:featuredmedia":[{"embeddable":true,"href":"https:\/\/soledaddurazo.com\/api\/wp\/v2\/media\/23875"}],"wp:attachment":[{"href":"https:\/\/soledaddurazo.com\/api\/wp\/v2\/media?parent=23874"}],"wp:term":[{"taxonomy":"category","embeddable":true,"href":"https:\/\/soledaddurazo.com\/api\/wp\/v2\/categories?post=23874"},{"taxonomy":"post_tag","embeddable":true,"href":"https:\/\/soledaddurazo.com\/api\/wp\/v2\/tags?post=23874"}],"curies":[{"name":"wp","href":"https:\/\/api.w.org\/{rel}","templated":true}]}}