{"id":23863,"date":"2025-12-09T16:38:19","date_gmt":"2025-12-09T23:38:19","guid":{"rendered":"https:\/\/soledaddurazo.com\/?p=23863"},"modified":"2025-12-09T16:40:14","modified_gmt":"2025-12-09T23:40:14","slug":"impulsan-politicas-publicas-mas-incluyentes-para-personas-con-discapacidad-en-sonora","status":"publish","type":"post","link":"https:\/\/soledaddurazo.com\/blog\/2025\/12\/09\/impulsan-politicas-publicas-mas-incluyentes-para-personas-con-discapacidad-en-sonora\/","title":{"rendered":"Impulsan pol\u00edticas p\u00fablicas m\u00e1s incluyentes para personas con discapacidad en Sonora"},"content":{"rendered":"<p data-start=\"167\" data-end=\"537\">\u00a0En el marco del D\u00eda Internacional de las Personas en Situaci\u00f3n de Discapacidad, la diputada Jazm\u00edn G\u00f3mez Liz\u00e1rraga, del Partido del Trabajo, encabez\u00f3 una rueda de prensa en la que se presentaron los avances legislativos y gubernamentales orientados a fortalecer los derechos y la inclusi\u00f3n de este sector de la poblaci\u00f3n.<\/p>\n<p data-start=\"539\" data-end=\"849\">La legisladora, quien preside la Comisi\u00f3n de Atenci\u00f3n a Grupos Vulnerables de la Sociedad, destac\u00f3 que el Congreso del Estado ha impulsado foros, actividades y ejercicios de participaci\u00f3n ciudadana para visibilizar las necesidades de las personas con discapacidad y promover pol\u00edticas p\u00fablicas m\u00e1s incluyentes.<\/p>\n<p data-start=\"851\" data-end=\"1190\">G\u00f3mez Liz\u00e1rraga anunci\u00f3 la realizaci\u00f3n del <strong data-start=\"894\" data-end=\"948\">Tercer Parlamento de las Personas con Discapacidad<\/strong>, que se llevar\u00e1 a cabo este viernes 5 de diciembre a las 9:00 horas en el CRIT Sonora. En este espacio, mujeres y hombres con discapacidad podr\u00e1n presentar propuestas y experiencias que contribuyan al fortalecimiento del di\u00e1logo democr\u00e1tico.<\/p>\n<p data-start=\"1192\" data-end=\"1539\">Por parte del Gobierno del Estado, <strong data-start=\"1227\" data-end=\"1254\">Cervando Flores Castelo<\/strong>, procurador de la Defensa de los Derechos de Personas con Discapacidad de DIF Sonora, reconoci\u00f3 el compromiso gubernamental con el programa <em data-start=\"1395\" data-end=\"1409\">Becaterapias<\/em>, el cual ha permitido brindar atenci\u00f3n terap\u00e9utica especializada sin que el aspecto econ\u00f3mico sea un obst\u00e1culo para las familias.<\/p>\n<p data-start=\"1541\" data-end=\"1796\">Como parte de las actividades conmemorativas, se invit\u00f3 a la ciudadan\u00eda a participar en la <strong data-start=\"1632\" data-end=\"1664\">Caminata por la Discapacidad<\/strong>, que se realizar\u00e1 este domingo 7 de diciembre a las 10:00 horas, partiendo desde Plaza Zaragoza con destino al Congreso del Estado.<\/p>\n<p data-start=\"1798\" data-end=\"2057\">En la conferencia tambi\u00e9n participaron <strong data-start=\"1837\" data-end=\"1856\">Yadira Verduzco<\/strong>, subprocuradora de Protecci\u00f3n Jur\u00eddica a Personas con Discapacidad; <strong data-start=\"1925\" data-end=\"1942\">Martha Guzm\u00e1n<\/strong>, representante de la Junta de Asistencia Social; y <strong data-start=\"1994\" data-end=\"2010\">Hener Garner<\/strong>, de la asociaci\u00f3n S\u00edndrome de Down Hermosillo.<\/p>\n","protected":false},"excerpt":{"rendered":"<p>\u00a0En el marco del D\u00eda Internacional de las Personas en Situaci\u00f3n de Discapacidad, la diputada Jazm\u00edn G\u00f3mez Liz\u00e1rraga, del Partido del Trabajo, encabez\u00f3 una rueda de prensa en la que se presentaron los avances legislativos y gubernamentales orientados a fortalecer los derechos y la inclusi\u00f3n de este sector de la poblaci\u00f3n. La legisladora, quien preside [&hellip;]<\/p>\n","protected":false},"author":1,"featured_media":23864,"comment_status":"open","ping_status":"open","sticky":false,"template":"","format":"standard","meta":{"footnotes":""},"categories":[159],"tags":[],"class_list":["post"],"yoast_head":" \n<title>Impulsan pol\u00edticas p\u00fablicas m\u00e1s incluyentes para personas con discapacidad en Sonora - Periodista SoledadDurazo.com<\/title>\n<meta name=\"robots\" content=\"index, follow, max-snippet:-1, max-image-preview:large, max-video-preview:-1\" \/>\n<link rel=\"canonical\" href=\"https:\/\/soledaddurazo.com\/blog\/2025\/12\/09\/impulsan-politicas-publicas-mas-incluyentes-para-personas-con-discapacidad-en-sonora\/\" \/>\n<meta property=\"og:locale\" content=\"es_MX\" \/>\n<meta property=\"og:type\" content=\"article\" \/>\n<meta property=\"og:title\" content=\"Impulsan pol\u00edticas p\u00fablicas m\u00e1s incluyentes para personas con discapacidad en Sonora\" \/>\n<meta property=\"og:description\" content=\"\u00a0En el marco del D\u00eda Internacional de las Personas en Situaci\u00f3n de Discapacidad, la diputada Jazm\u00edn G\u00f3mez Liz\u00e1rraga, del Partido del Trabajo, encabez\u00f3 una rueda de prensa en la que se presentaron los avances legislativos y gubernamentales orientados a fortalecer los derechos y la inclusi\u00f3n de este sector de la poblaci\u00f3n. La legisladora, quien preside [&hellip;]\" \/>\n<meta property=\"og:url\" content=\"https:\/\/soledaddurazo.com\/blog\/2025\/12\/09\/impulsan-politicas-publicas-mas-incluyentes-para-personas-con-discapacidad-en-sonora\/\" \/>\n<meta property=\"og:site_name\" content=\"Periodista SoledadDurazo.com\" \/>\n<meta property=\"article:publisher\" content=\"https:\/\/www.facebook.com\/soledad.durazo.9\/\" \/>\n<meta property=\"article:published_time\" content=\"2025-12-09T23:38:19+00:00\" \/>\n<meta property=\"article:modified_time\" content=\"2025-12-09T23:40:14+00:00\" \/>\n<meta property=\"og:image\" content=\"https:\/\/soledaddurazo.com\/storage\/2025\/12\/4cd176d0-ac0a-4e46-a86f-056b357f038f.jpeg\" \/>\n\t<meta property=\"og:image:width\" content=\"1600\" \/>\n\t<meta property=\"og:image:height\" content=\"1066\" \/>\n<meta name=\"twitter:card\" content=\"summary_large_image\" \/>\n<meta name=\"twitter:creator\" content=\"@SoledadDurazo\" \/>\n<meta name=\"twitter:site\" content=\"@SoledadDurazo\" \/>\n<meta name=\"twitter:label1\" content=\"Escrito por\" \/>\n\t<meta name=\"twitter:data1\" content=\"Redacci\u00f3n\" \/>\n\t<meta name=\"twitter:label2\" content=\"Tiempo de lectura\" \/>\n\t<meta name=\"twitter:data2\" content=\"1 minuto\" \/>\n<script type=\"application\/ld+json\" class=\"yoast-schema-graph\">{\"@context\":\"https:\/\/schema.org\",\"@graph\":[{\"@type\":\"Organization\",\"@id\":\"https:\/\/soledaddurazo.com\/#organization\",\"name\":\"Soledad Durazo\",\"url\":\"https:\/\/soledaddurazo.com\/\",\"sameAs\":[\"https:\/\/www.facebook.com\/soledad.durazo.9\/\",\"https:\/\/www.instagram.com\/soledaddurazo\",\"https:\/\/www.youtube.com\/channel\/UC9yGPw8-Vbl_B2XNkRwPS-w\",\"https:\/\/twitter.com\/SoledadDurazo\"],\"logo\":{\"@type\":\"ImageObject\",\"@id\":\"https:\/\/soledaddurazo.com\/#logo\",\"inLanguage\":\"es\",\"url\":\"https:\/\/soledaddurazo.com\/storage\/2021\/11\/nllp-720x375-1-2.png\",\"contentUrl\":\"https:\/\/soledaddurazo.com\/storage\/2021\/11\/nllp-720x375-1-2.png\",\"width\":720,\"height\":375,\"caption\":\"Soledad Durazo\"},\"image\":{\"@id\":\"https:\/\/soledaddurazo.com\/#logo\"}},{\"@type\":\"WebSite\",\"@id\":\"https:\/\/soledaddurazo.com\/#website\",\"url\":\"https:\/\/soledaddurazo.com\/\",\"name\":\"Periodista SoledadDurazo.com\",\"description\":\"Periodista sonorense. Directora de www.SoledadDurazo.com Columnista, conductora de radio y Tv. Catedr\\u00e1tica en la UNISON\",\"publisher\":{\"@id\":\"https:\/\/soledaddurazo.com\/#organization\"},\"potentialAction\":[{\"@type\":\"SearchAction\",\"target\":{\"@type\":\"EntryPoint\",\"urlTemplate\":\"https:\/\/soledaddurazo.com\/?s={search_term_string}\"},\"query-input\":\"required name=search_term_string\"}],\"inLanguage\":\"es\"},{\"@type\":\"ImageObject\",\"@id\":\"https:\/\/soledaddurazo.com\/blog\/2025\/12\/09\/impulsan-politicas-publicas-mas-incluyentes-para-personas-con-discapacidad-en-sonora\/#primaryimage\",\"inLanguage\":\"es\",\"url\":\"https:\/\/soledaddurazo.com\/storage\/2025\/12\/4cd176d0-ac0a-4e46-a86f-056b357f038f.jpeg\",\"contentUrl\":\"https:\/\/soledaddurazo.com\/storage\/2025\/12\/4cd176d0-ac0a-4e46-a86f-056b357f038f.jpeg\",\"width\":1600,\"height\":1066},{\"@type\":\"WebPage\",\"@id\":\"https:\/\/soledaddurazo.com\/blog\/2025\/12\/09\/impulsan-politicas-publicas-mas-incluyentes-para-personas-con-discapacidad-en-sonora\/#webpage\",\"url\":\"https:\/\/soledaddurazo.com\/blog\/2025\/12\/09\/impulsan-politicas-publicas-mas-incluyentes-para-personas-con-discapacidad-en-sonora\/\",\"name\":\"Impulsan pol\\u00edticas p\\u00fablicas m\\u00e1s incluyentes para personas con discapacidad en Sonora - Periodista SoledadDurazo.com\",\"isPartOf\":{\"@id\":\"https:\/\/soledaddurazo.com\/#website\"},\"primaryImageOfPage\":{\"@id\":\"https:\/\/soledaddurazo.com\/blog\/2025\/12\/09\/impulsan-politicas-publicas-mas-incluyentes-para-personas-con-discapacidad-en-sonora\/#primaryimage\"},\"datePublished\":\"2025-12-09T23:38:19+00:00\",\"dateModified\":\"2025-12-09T23:40:14+00:00\",\"breadcrumb\":{\"@id\":\"https:\/\/soledaddurazo.com\/blog\/2025\/12\/09\/impulsan-politicas-publicas-mas-incluyentes-para-personas-con-discapacidad-en-sonora\/#breadcrumb\"},\"inLanguage\":\"es\",\"potentialAction\":[{\"@type\":\"ReadAction\",\"target\":[\"https:\/\/soledaddurazo.com\/blog\/2025\/12\/09\/impulsan-politicas-publicas-mas-incluyentes-para-personas-con-discapacidad-en-sonora\/\"]}]},{\"@type\":\"BreadcrumbList\",\"@id\":\"https:\/\/soledaddurazo.com\/blog\/2025\/12\/09\/impulsan-politicas-publicas-mas-incluyentes-para-personas-con-discapacidad-en-sonora\/#breadcrumb\",\"itemListElement\":[{\"@type\":\"ListItem\",\"position\":1,\"name\":\"Home\",\"item\":\"https:\/\/soledaddurazo.com\/\"},{\"@type\":\"ListItem\",\"position\":2,\"name\":\"Impulsan pol\\u00edticas p\\u00fablicas m\\u00e1s incluyentes para personas con discapacidad en Sonora\"}]},{\"@type\":\"Article\",\"@id\":\"https:\/\/soledaddurazo.com\/blog\/2025\/12\/09\/impulsan-politicas-publicas-mas-incluyentes-para-personas-con-discapacidad-en-sonora\/#article\",\"isPartOf\":{\"@id\":\"https:\/\/soledaddurazo.com\/blog\/2025\/12\/09\/impulsan-politicas-publicas-mas-incluyentes-para-personas-con-discapacidad-en-sonora\/#webpage\"},\"author\":{\"@id\":\"https:\/\/soledaddurazo.com\/#\/schema\/person\/822d8e13aa288585e6546f179853758b\"},\"headline\":\"Impulsan pol\\u00edticas p\\u00fablicas m\\u00e1s incluyentes para personas con discapacidad en Sonora\",\"datePublished\":\"2025-12-09T23:38:19+00:00\",\"dateModified\":\"2025-12-09T23:40:14+00:00\",\"mainEntityOfPage\":{\"@id\":\"https:\/\/soledaddurazo.com\/blog\/2025\/12\/09\/impulsan-politicas-publicas-mas-incluyentes-para-personas-con-discapacidad-en-sonora\/#webpage\"},\"wordCount\":311,\"commentCount\":0,\"publisher\":{\"@id\":\"https:\/\/soledaddurazo.com\/#organization\"},\"image\":{\"@id\":\"https:\/\/soledaddurazo.com\/blog\/2025\/12\/09\/impulsan-politicas-publicas-mas-incluyentes-para-personas-con-discapacidad-en-sonora\/#primaryimage\"},\"thumbnailUrl\":\"https:\/\/soledaddurazo.com\/storage\/2025\/12\/4cd176d0-ac0a-4e46-a86f-056b357f038f.jpeg\",\"articleSection\":[\"Mi Sonora\"],\"inLanguage\":\"es\",\"potentialAction\":[{\"@type\":\"CommentAction\",\"name\":\"Comment\",\"target\":[\"https:\/\/soledaddurazo.com\/blog\/2025\/12\/09\/impulsan-politicas-publicas-mas-incluyentes-para-personas-con-discapacidad-en-sonora\/#respond\"]}]},{\"@type\":\"Person\",\"@id\":\"https:\/\/soledaddurazo.com\/#\/schema\/person\/822d8e13aa288585e6546f179853758b\",\"name\":\"Redacci\\u00f3n\",\"image\":{\"@type\":\"ImageObject\",\"@id\":\"https:\/\/soledaddurazo.com\/#personlogo\",\"inLanguage\":\"es\",\"url\":\"https:\/\/secure.gravatar.com\/avatar\/c4e193752f756fd61f04deebed3a3a20dc188d37edb53682d313ac57f2725d54?s=96&d=mm&r=g\",\"contentUrl\":\"https:\/\/secure.gravatar.com\/avatar\/c4e193752f756fd61f04deebed3a3a20dc188d37edb53682d313ac57f2725d54?s=96&d=mm&r=g\",\"caption\":\"Redacci\\u00f3n\"},\"sameAs\":[\"https:\/\/soledaddurazo.com\"]}]}<\/script>\n ","yoast_head_json":{"title":"Impulsan pol\u00edticas p\u00fablicas m\u00e1s incluyentes para personas con discapacidad en Sonora - Periodista SoledadDurazo.com","robots":{"index":"index","follow":"follow","max-snippet":"max-snippet:-1","max-image-preview":"max-image-preview:large","max-video-preview":"max-video-preview:-1"},"canonical":"https:\/\/soledaddurazo.com\/blog\/2025\/12\/09\/impulsan-politicas-publicas-mas-incluyentes-para-personas-con-discapacidad-en-sonora\/","og_locale":"es_MX","og_type":"article","og_title":"Impulsan pol\u00edticas p\u00fablicas m\u00e1s incluyentes para personas con discapacidad en Sonora","og_description":"\u00a0En el marco del D\u00eda Internacional de las Personas en Situaci\u00f3n de Discapacidad, la diputada Jazm\u00edn G\u00f3mez Liz\u00e1rraga, del Partido del Trabajo, encabez\u00f3 una rueda de prensa en la que se presentaron los avances legislativos y gubernamentales orientados a fortalecer los derechos y la inclusi\u00f3n de este sector de la poblaci\u00f3n. La legisladora, quien preside [&hellip;]","og_url":"https:\/\/soledaddurazo.com\/blog\/2025\/12\/09\/impulsan-politicas-publicas-mas-incluyentes-para-personas-con-discapacidad-en-sonora\/","og_site_name":"Periodista SoledadDurazo.com","article_publisher":"https:\/\/www.facebook.com\/soledad.durazo.9\/","article_published_time":"2025-12-09T23:38:19+00:00","article_modified_time":"2025-12-09T23:40:14+00:00","og_image":[{"width":1600,"height":1066,"url":"https:\/\/soledaddurazo.com\/storage\/2025\/12\/4cd176d0-ac0a-4e46-a86f-056b357f038f.jpeg","type":"image\/jpeg"}],"twitter_card":"summary_large_image","twitter_creator":"@SoledadDurazo","twitter_site":"@SoledadDurazo","twitter_misc":{"Escrito por":"Redacci\u00f3n","Tiempo de lectura":"1 minuto"},"schema":{"@context":"https:\/\/schema.org","@graph":[{"@type":"Organization","@id":"https:\/\/soledaddurazo.com\/#organization","name":"Soledad Durazo","url":"https:\/\/soledaddurazo.com\/","sameAs":["https:\/\/www.facebook.com\/soledad.durazo.9\/","https:\/\/www.instagram.com\/soledaddurazo","https:\/\/www.youtube.com\/channel\/UC9yGPw8-Vbl_B2XNkRwPS-w","https:\/\/twitter.com\/SoledadDurazo"],"logo":{"@type":"ImageObject","@id":"https:\/\/soledaddurazo.com\/#logo","inLanguage":"es","url":"https:\/\/soledaddurazo.com\/storage\/2021\/11\/nllp-720x375-1-2.png","contentUrl":"https:\/\/soledaddurazo.com\/storage\/2021\/11\/nllp-720x375-1-2.png","width":720,"height":375,"caption":"Soledad Durazo"},"image":{"@id":"https:\/\/soledaddurazo.com\/#logo"}},{"@type":"WebSite","@id":"https:\/\/soledaddurazo.com\/#website","url":"https:\/\/soledaddurazo.com\/","name":"Periodista SoledadDurazo.com","description":"Periodista sonorense. Directora de www.SoledadDurazo.com Columnista, conductora de radio y Tv. Catedr\u00e1tica en la UNISON","publisher":{"@id":"https:\/\/soledaddurazo.com\/#organization"},"potentialAction":[{"@type":"SearchAction","target":{"@type":"EntryPoint","urlTemplate":"https:\/\/soledaddurazo.com\/?s={search_term_string}"},"query-input":"required name=search_term_string"}],"inLanguage":"es"},{"@type":"ImageObject","@id":"https:\/\/soledaddurazo.com\/blog\/2025\/12\/09\/impulsan-politicas-publicas-mas-incluyentes-para-personas-con-discapacidad-en-sonora\/#primaryimage","inLanguage":"es","url":"https:\/\/soledaddurazo.com\/storage\/2025\/12\/4cd176d0-ac0a-4e46-a86f-056b357f038f.jpeg","contentUrl":"https:\/\/soledaddurazo.com\/storage\/2025\/12\/4cd176d0-ac0a-4e46-a86f-056b357f038f.jpeg","width":1600,"height":1066},{"@type":"WebPage","@id":"https:\/\/soledaddurazo.com\/blog\/2025\/12\/09\/impulsan-politicas-publicas-mas-incluyentes-para-personas-con-discapacidad-en-sonora\/#webpage","url":"https:\/\/soledaddurazo.com\/blog\/2025\/12\/09\/impulsan-politicas-publicas-mas-incluyentes-para-personas-con-discapacidad-en-sonora\/","name":"Impulsan pol\u00edticas p\u00fablicas m\u00e1s incluyentes para personas con discapacidad en Sonora - Periodista SoledadDurazo.com","isPartOf":{"@id":"https:\/\/soledaddurazo.com\/#website"},"primaryImageOfPage":{"@id":"https:\/\/soledaddurazo.com\/blog\/2025\/12\/09\/impulsan-politicas-publicas-mas-incluyentes-para-personas-con-discapacidad-en-sonora\/#primaryimage"},"datePublished":"2025-12-09T23:38:19+00:00","dateModified":"2025-12-09T23:40:14+00:00","breadcrumb":{"@id":"https:\/\/soledaddurazo.com\/blog\/2025\/12\/09\/impulsan-politicas-publicas-mas-incluyentes-para-personas-con-discapacidad-en-sonora\/#breadcrumb"},"inLanguage":"es","potentialAction":[{"@type":"ReadAction","target":["https:\/\/soledaddurazo.com\/blog\/2025\/12\/09\/impulsan-politicas-publicas-mas-incluyentes-para-personas-con-discapacidad-en-sonora\/"]}]},{"@type":"BreadcrumbList","@id":"https:\/\/soledaddurazo.com\/blog\/2025\/12\/09\/impulsan-politicas-publicas-mas-incluyentes-para-personas-con-discapacidad-en-sonora\/#breadcrumb","itemListElement":[{"@type":"ListItem","position":1,"name":"Home","item":"https:\/\/soledaddurazo.com\/"},{"@type":"ListItem","position":2,"name":"Impulsan pol\u00edticas p\u00fablicas m\u00e1s incluyentes para personas con discapacidad en Sonora"}]},{"@type":"Article","@id":"https:\/\/soledaddurazo.com\/blog\/2025\/12\/09\/impulsan-politicas-publicas-mas-incluyentes-para-personas-con-discapacidad-en-sonora\/#article","isPartOf":{"@id":"https:\/\/soledaddurazo.com\/blog\/2025\/12\/09\/impulsan-politicas-publicas-mas-incluyentes-para-personas-con-discapacidad-en-sonora\/#webpage"},"author":{"@id":"https:\/\/soledaddurazo.com\/#\/schema\/person\/822d8e13aa288585e6546f179853758b"},"headline":"Impulsan pol\u00edticas p\u00fablicas m\u00e1s incluyentes para personas con discapacidad en Sonora","datePublished":"2025-12-09T23:38:19+00:00","dateModified":"2025-12-09T23:40:14+00:00","mainEntityOfPage":{"@id":"https:\/\/soledaddurazo.com\/blog\/2025\/12\/09\/impulsan-politicas-publicas-mas-incluyentes-para-personas-con-discapacidad-en-sonora\/#webpage"},"wordCount":311,"commentCount":0,"publisher":{"@id":"https:\/\/soledaddurazo.com\/#organization"},"image":{"@id":"https:\/\/soledaddurazo.com\/blog\/2025\/12\/09\/impulsan-politicas-publicas-mas-incluyentes-para-personas-con-discapacidad-en-sonora\/#primaryimage"},"thumbnailUrl":"https:\/\/soledaddurazo.com\/storage\/2025\/12\/4cd176d0-ac0a-4e46-a86f-056b357f038f.jpeg","articleSection":["Mi Sonora"],"inLanguage":"es","potentialAction":[{"@type":"CommentAction","name":"Comment","target":["https:\/\/soledaddurazo.com\/blog\/2025\/12\/09\/impulsan-politicas-publicas-mas-incluyentes-para-personas-con-discapacidad-en-sonora\/#respond"]}]},{"@type":"Person","@id":"https:\/\/soledaddurazo.com\/#\/schema\/person\/822d8e13aa288585e6546f179853758b","name":"Redacci\u00f3n","image":{"@type":"ImageObject","@id":"https:\/\/soledaddurazo.com\/#personlogo","inLanguage":"es","url":"https:\/\/secure.gravatar.com\/avatar\/c4e193752f756fd61f04deebed3a3a20dc188d37edb53682d313ac57f2725d54?s=96&d=mm&r=g","contentUrl":"https:\/\/secure.gravatar.com\/avatar\/c4e193752f756fd61f04deebed3a3a20dc188d37edb53682d313ac57f2725d54?s=96&d=mm&r=g","caption":"Redacci\u00f3n"},"sameAs":["https:\/\/soledaddurazo.com"]}]}},"_links":{"self":[{"href":"https:\/\/soledaddurazo.com\/api\/wp\/v2\/posts\/23863","targetHints":{"allow":["GET"]}}],"collection":[{"href":"https:\/\/soledaddurazo.com\/api\/wp\/v2\/posts"}],"about":[{"href":"https:\/\/soledaddurazo.com\/api\/wp\/v2\/types\/post"}],"author":[{"embeddable":true,"href":"https:\/\/soledaddurazo.com\/api\/wp\/v2\/users\/1"}],"replies":[{"embeddable":true,"href":"https:\/\/soledaddurazo.com\/api\/wp\/v2\/comments?post=23863"}],"version-history":[{"count":1,"href":"https:\/\/soledaddurazo.com\/api\/wp\/v2\/posts\/23863\/revisions"}],"predecessor-version":[{"id":23865,"href":"https:\/\/soledaddurazo.com\/api\/wp\/v2\/posts\/23863\/revisions\/23865"}],"wp:featuredmedia":[{"embeddable":true,"href":"https:\/\/soledaddurazo.com\/api\/wp\/v2\/media\/23864"}],"wp:attachment":[{"href":"https:\/\/soledaddurazo.com\/api\/wp\/v2\/media?parent=23863"}],"wp:term":[{"taxonomy":"category","embeddable":true,"href":"https:\/\/soledaddurazo.com\/api\/wp\/v2\/categories?post=23863"},{"taxonomy":"post_tag","embeddable":true,"href":"https:\/\/soledaddurazo.com\/api\/wp\/v2\/tags?post=23863"}],"curies":[{"name":"wp","href":"https:\/\/api.w.org\/{rel}","templated":true}]}}