{"id":23858,"date":"2025-12-08T16:27:24","date_gmt":"2025-12-08T23:27:24","guid":{"rendered":"https:\/\/soledaddurazo.com\/?p=23858"},"modified":"2025-12-12T13:04:21","modified_gmt":"2025-12-12T20:04:21","slug":"evita-dolores-provocados-por-el-frio","status":"publish","type":"post","link":"https:\/\/soledaddurazo.com\/blog\/2025\/12\/08\/evita-dolores-provocados-por-el-frio\/","title":{"rendered":"Evita dolores provocados por el fr\u00edo"},"content":{"rendered":"<p>&nbsp;<\/p>\n<p>Con la llegada de las bajas temperaturas es com\u00fan que muchas personas experimenten dolores musculares y articulares. El fr\u00edo provoca que los m\u00fasculos se tensionen y que las articulaciones se vuelvan m\u00e1s r\u00edgidas, lo que incrementa la sensaci\u00f3n de molestia, especialmente en quienes ya presentan alguna condici\u00f3n de salud previa. Para reducir estos dolores, los especialistas recomiendan mantener una buena protecci\u00f3n t\u00e9rmica, utilizando ropa abrigadora en capas y cubriendo especialmente cuello, manos y pies, zonas que suelen enfriarse con mayor rapidez. Tambi\u00e9n es \u00fatil realizar estiramientos suaves por la ma\u00f1ana y antes de dormir, lo que ayuda a mejorar la circulaci\u00f3n y disminuir la tensi\u00f3n muscular.<\/p>\n<p><a href=\"https:\/\/soledaddurazo.com\/storage\/2025\/12\/images-5.jpeg\"><img loading=\"lazy\" decoding=\"async\" class=\"aligncenter size-full wp-image-23860\" src=\"https:\/\/soledaddurazo.com\/storage\/2025\/12\/images-5.jpeg\" alt=\"\" width=\"300\" height=\"168\" \/><\/a><\/p>\n<p>Otro consejo importante es evitar la exposici\u00f3n prolongada a cambios bruscos de temperatura. Tomar bebidas calientes y mantener los espacios interiores a una temperatura confortable contribuye a que el cuerpo no tenga que hacer un esfuerzo extra para regular el calor. Asimismo, practicar actividad f\u00edsica ligera, como caminatas o ejercicios de movilidad, favorece que las articulaciones se mantengan lubricadas y reduces la rigidez t\u00edpica del invierno.<\/p>\n<p>Las personas que suelen padecer m\u00e1s dolores durante el fr\u00edo son los adultos mayores, quienes tienen una menor elasticidad muscular y articular; las personas con artritis, artrosis o lesiones previas; y aquellas con mala circulaci\u00f3n o enfermedades cr\u00f3nicas que afectan huesos y articulaciones. Para todos ellos, las medidas preventivas y un seguimiento m\u00e9dico adecuado pueden marcar la diferencia durante la temporada invernal.<\/p>\n","protected":false},"excerpt":{"rendered":"<p>&nbsp; Con la llegada de las bajas temperaturas es com\u00fan que muchas personas experimenten dolores musculares y articulares. El fr\u00edo provoca que los m\u00fasculos se tensionen y que las articulaciones se vuelvan m\u00e1s r\u00edgidas, lo que incrementa la sensaci\u00f3n de molestia, especialmente en quienes ya presentan alguna condici\u00f3n de salud previa. Para reducir estos dolores, [&hellip;]<\/p>\n","protected":false},"author":1,"featured_media":23859,"comment_status":"open","ping_status":"open","sticky":false,"template":"","format":"standard","meta":{"footnotes":""},"categories":[153],"tags":[],"class_list":["post"],"yoast_head":" \n<title>Evita dolores provocados por el fr\u00edo - Periodista SoledadDurazo.com<\/title>\n<meta name=\"robots\" content=\"index, follow, max-snippet:-1, max-image-preview:large, max-video-preview:-1\" \/>\n<link rel=\"canonical\" href=\"https:\/\/soledaddurazo.com\/blog\/2025\/12\/08\/evita-dolores-provocados-por-el-frio\/\" \/>\n<meta property=\"og:locale\" content=\"es_MX\" \/>\n<meta property=\"og:type\" content=\"article\" \/>\n<meta property=\"og:title\" content=\"Evita dolores provocados por el fr\u00edo\" \/>\n<meta property=\"og:description\" content=\"&nbsp; Con la llegada de las bajas temperaturas es com\u00fan que muchas personas experimenten dolores musculares y articulares. El fr\u00edo provoca que los m\u00fasculos se tensionen y que las articulaciones se vuelvan m\u00e1s r\u00edgidas, lo que incrementa la sensaci\u00f3n de molestia, especialmente en quienes ya presentan alguna condici\u00f3n de salud previa. Para reducir estos dolores, [&hellip;]\" \/>\n<meta property=\"og:url\" content=\"https:\/\/soledaddurazo.com\/blog\/2025\/12\/08\/evita-dolores-provocados-por-el-frio\/\" \/>\n<meta property=\"og:site_name\" content=\"Periodista SoledadDurazo.com\" \/>\n<meta property=\"article:publisher\" content=\"https:\/\/www.facebook.com\/soledad.durazo.9\/\" \/>\n<meta property=\"article:published_time\" content=\"2025-12-08T23:27:24+00:00\" \/>\n<meta property=\"article:modified_time\" content=\"2025-12-12T20:04:21+00:00\" \/>\n<meta property=\"og:image\" content=\"https:\/\/soledaddurazo.com\/storage\/2025\/12\/images-4.jpeg\" \/>\n\t<meta property=\"og:image:width\" content=\"284\" \/>\n\t<meta property=\"og:image:height\" content=\"177\" \/>\n<meta name=\"twitter:card\" content=\"summary_large_image\" \/>\n<meta name=\"twitter:creator\" content=\"@SoledadDurazo\" \/>\n<meta name=\"twitter:site\" content=\"@SoledadDurazo\" \/>\n<meta name=\"twitter:label1\" content=\"Escrito por\" \/>\n\t<meta name=\"twitter:data1\" content=\"Redacci\u00f3n\" \/>\n\t<meta name=\"twitter:label2\" content=\"Tiempo de lectura\" \/>\n\t<meta name=\"twitter:data2\" content=\"2 minutos\" \/>\n<script type=\"application\/ld+json\" class=\"yoast-schema-graph\">{\"@context\":\"https:\/\/schema.org\",\"@graph\":[{\"@type\":\"Organization\",\"@id\":\"https:\/\/soledaddurazo.com\/#organization\",\"name\":\"Soledad Durazo\",\"url\":\"https:\/\/soledaddurazo.com\/\",\"sameAs\":[\"https:\/\/www.facebook.com\/soledad.durazo.9\/\",\"https:\/\/www.instagram.com\/soledaddurazo\",\"https:\/\/www.youtube.com\/channel\/UC9yGPw8-Vbl_B2XNkRwPS-w\",\"https:\/\/twitter.com\/SoledadDurazo\"],\"logo\":{\"@type\":\"ImageObject\",\"@id\":\"https:\/\/soledaddurazo.com\/#logo\",\"inLanguage\":\"es\",\"url\":\"https:\/\/soledaddurazo.com\/storage\/2021\/11\/nllp-720x375-1-2.png\",\"contentUrl\":\"https:\/\/soledaddurazo.com\/storage\/2021\/11\/nllp-720x375-1-2.png\",\"width\":720,\"height\":375,\"caption\":\"Soledad Durazo\"},\"image\":{\"@id\":\"https:\/\/soledaddurazo.com\/#logo\"}},{\"@type\":\"WebSite\",\"@id\":\"https:\/\/soledaddurazo.com\/#website\",\"url\":\"https:\/\/soledaddurazo.com\/\",\"name\":\"Periodista SoledadDurazo.com\",\"description\":\"Periodista sonorense. Directora de www.SoledadDurazo.com Columnista, conductora de radio y Tv. Catedr\\u00e1tica en la UNISON\",\"publisher\":{\"@id\":\"https:\/\/soledaddurazo.com\/#organization\"},\"potentialAction\":[{\"@type\":\"SearchAction\",\"target\":{\"@type\":\"EntryPoint\",\"urlTemplate\":\"https:\/\/soledaddurazo.com\/?s={search_term_string}\"},\"query-input\":\"required name=search_term_string\"}],\"inLanguage\":\"es\"},{\"@type\":\"ImageObject\",\"@id\":\"https:\/\/soledaddurazo.com\/blog\/2025\/12\/08\/evita-dolores-provocados-por-el-frio\/#primaryimage\",\"inLanguage\":\"es\",\"url\":\"https:\/\/soledaddurazo.com\/storage\/2025\/12\/images-4.jpeg\",\"contentUrl\":\"https:\/\/soledaddurazo.com\/storage\/2025\/12\/images-4.jpeg\",\"width\":284,\"height\":177},{\"@type\":\"WebPage\",\"@id\":\"https:\/\/soledaddurazo.com\/blog\/2025\/12\/08\/evita-dolores-provocados-por-el-frio\/#webpage\",\"url\":\"https:\/\/soledaddurazo.com\/blog\/2025\/12\/08\/evita-dolores-provocados-por-el-frio\/\",\"name\":\"Evita dolores provocados por el fr\\u00edo - Periodista SoledadDurazo.com\",\"isPartOf\":{\"@id\":\"https:\/\/soledaddurazo.com\/#website\"},\"primaryImageOfPage\":{\"@id\":\"https:\/\/soledaddurazo.com\/blog\/2025\/12\/08\/evita-dolores-provocados-por-el-frio\/#primaryimage\"},\"datePublished\":\"2025-12-08T23:27:24+00:00\",\"dateModified\":\"2025-12-12T20:04:21+00:00\",\"breadcrumb\":{\"@id\":\"https:\/\/soledaddurazo.com\/blog\/2025\/12\/08\/evita-dolores-provocados-por-el-frio\/#breadcrumb\"},\"inLanguage\":\"es\",\"potentialAction\":[{\"@type\":\"ReadAction\",\"target\":[\"https:\/\/soledaddurazo.com\/blog\/2025\/12\/08\/evita-dolores-provocados-por-el-frio\/\"]}]},{\"@type\":\"BreadcrumbList\",\"@id\":\"https:\/\/soledaddurazo.com\/blog\/2025\/12\/08\/evita-dolores-provocados-por-el-frio\/#breadcrumb\",\"itemListElement\":[{\"@type\":\"ListItem\",\"position\":1,\"name\":\"Home\",\"item\":\"https:\/\/soledaddurazo.com\/\"},{\"@type\":\"ListItem\",\"position\":2,\"name\":\"Evita dolores provocados por el fr\\u00edo\"}]},{\"@type\":\"Article\",\"@id\":\"https:\/\/soledaddurazo.com\/blog\/2025\/12\/08\/evita-dolores-provocados-por-el-frio\/#article\",\"isPartOf\":{\"@id\":\"https:\/\/soledaddurazo.com\/blog\/2025\/12\/08\/evita-dolores-provocados-por-el-frio\/#webpage\"},\"author\":{\"@id\":\"https:\/\/soledaddurazo.com\/#\/schema\/person\/822d8e13aa288585e6546f179853758b\"},\"headline\":\"Evita dolores provocados por el fr\\u00edo\",\"datePublished\":\"2025-12-08T23:27:24+00:00\",\"dateModified\":\"2025-12-12T20:04:21+00:00\",\"mainEntityOfPage\":{\"@id\":\"https:\/\/soledaddurazo.com\/blog\/2025\/12\/08\/evita-dolores-provocados-por-el-frio\/#webpage\"},\"wordCount\":263,\"commentCount\":0,\"publisher\":{\"@id\":\"https:\/\/soledaddurazo.com\/#organization\"},\"image\":{\"@id\":\"https:\/\/soledaddurazo.com\/blog\/2025\/12\/08\/evita-dolores-provocados-por-el-frio\/#primaryimage\"},\"thumbnailUrl\":\"https:\/\/soledaddurazo.com\/storage\/2025\/12\/images-4.jpeg\",\"articleSection\":[\"principal\"],\"inLanguage\":\"es\",\"potentialAction\":[{\"@type\":\"CommentAction\",\"name\":\"Comment\",\"target\":[\"https:\/\/soledaddurazo.com\/blog\/2025\/12\/08\/evita-dolores-provocados-por-el-frio\/#respond\"]}]},{\"@type\":\"Person\",\"@id\":\"https:\/\/soledaddurazo.com\/#\/schema\/person\/822d8e13aa288585e6546f179853758b\",\"name\":\"Redacci\\u00f3n\",\"image\":{\"@type\":\"ImageObject\",\"@id\":\"https:\/\/soledaddurazo.com\/#personlogo\",\"inLanguage\":\"es\",\"url\":\"https:\/\/secure.gravatar.com\/avatar\/c4e193752f756fd61f04deebed3a3a20dc188d37edb53682d313ac57f2725d54?s=96&d=mm&r=g\",\"contentUrl\":\"https:\/\/secure.gravatar.com\/avatar\/c4e193752f756fd61f04deebed3a3a20dc188d37edb53682d313ac57f2725d54?s=96&d=mm&r=g\",\"caption\":\"Redacci\\u00f3n\"},\"sameAs\":[\"https:\/\/soledaddurazo.com\"]}]}<\/script>\n ","yoast_head_json":{"title":"Evita dolores provocados por el fr\u00edo - Periodista SoledadDurazo.com","robots":{"index":"index","follow":"follow","max-snippet":"max-snippet:-1","max-image-preview":"max-image-preview:large","max-video-preview":"max-video-preview:-1"},"canonical":"https:\/\/soledaddurazo.com\/blog\/2025\/12\/08\/evita-dolores-provocados-por-el-frio\/","og_locale":"es_MX","og_type":"article","og_title":"Evita dolores provocados por el fr\u00edo","og_description":"&nbsp; Con la llegada de las bajas temperaturas es com\u00fan que muchas personas experimenten dolores musculares y articulares. El fr\u00edo provoca que los m\u00fasculos se tensionen y que las articulaciones se vuelvan m\u00e1s r\u00edgidas, lo que incrementa la sensaci\u00f3n de molestia, especialmente en quienes ya presentan alguna condici\u00f3n de salud previa. Para reducir estos dolores, [&hellip;]","og_url":"https:\/\/soledaddurazo.com\/blog\/2025\/12\/08\/evita-dolores-provocados-por-el-frio\/","og_site_name":"Periodista SoledadDurazo.com","article_publisher":"https:\/\/www.facebook.com\/soledad.durazo.9\/","article_published_time":"2025-12-08T23:27:24+00:00","article_modified_time":"2025-12-12T20:04:21+00:00","og_image":[{"width":284,"height":177,"url":"https:\/\/soledaddurazo.com\/storage\/2025\/12\/images-4.jpeg","type":"image\/jpeg"}],"twitter_card":"summary_large_image","twitter_creator":"@SoledadDurazo","twitter_site":"@SoledadDurazo","twitter_misc":{"Escrito por":"Redacci\u00f3n","Tiempo de lectura":"2 minutos"},"schema":{"@context":"https:\/\/schema.org","@graph":[{"@type":"Organization","@id":"https:\/\/soledaddurazo.com\/#organization","name":"Soledad Durazo","url":"https:\/\/soledaddurazo.com\/","sameAs":["https:\/\/www.facebook.com\/soledad.durazo.9\/","https:\/\/www.instagram.com\/soledaddurazo","https:\/\/www.youtube.com\/channel\/UC9yGPw8-Vbl_B2XNkRwPS-w","https:\/\/twitter.com\/SoledadDurazo"],"logo":{"@type":"ImageObject","@id":"https:\/\/soledaddurazo.com\/#logo","inLanguage":"es","url":"https:\/\/soledaddurazo.com\/storage\/2021\/11\/nllp-720x375-1-2.png","contentUrl":"https:\/\/soledaddurazo.com\/storage\/2021\/11\/nllp-720x375-1-2.png","width":720,"height":375,"caption":"Soledad Durazo"},"image":{"@id":"https:\/\/soledaddurazo.com\/#logo"}},{"@type":"WebSite","@id":"https:\/\/soledaddurazo.com\/#website","url":"https:\/\/soledaddurazo.com\/","name":"Periodista SoledadDurazo.com","description":"Periodista sonorense. Directora de www.SoledadDurazo.com Columnista, conductora de radio y Tv. Catedr\u00e1tica en la UNISON","publisher":{"@id":"https:\/\/soledaddurazo.com\/#organization"},"potentialAction":[{"@type":"SearchAction","target":{"@type":"EntryPoint","urlTemplate":"https:\/\/soledaddurazo.com\/?s={search_term_string}"},"query-input":"required name=search_term_string"}],"inLanguage":"es"},{"@type":"ImageObject","@id":"https:\/\/soledaddurazo.com\/blog\/2025\/12\/08\/evita-dolores-provocados-por-el-frio\/#primaryimage","inLanguage":"es","url":"https:\/\/soledaddurazo.com\/storage\/2025\/12\/images-4.jpeg","contentUrl":"https:\/\/soledaddurazo.com\/storage\/2025\/12\/images-4.jpeg","width":284,"height":177},{"@type":"WebPage","@id":"https:\/\/soledaddurazo.com\/blog\/2025\/12\/08\/evita-dolores-provocados-por-el-frio\/#webpage","url":"https:\/\/soledaddurazo.com\/blog\/2025\/12\/08\/evita-dolores-provocados-por-el-frio\/","name":"Evita dolores provocados por el fr\u00edo - Periodista SoledadDurazo.com","isPartOf":{"@id":"https:\/\/soledaddurazo.com\/#website"},"primaryImageOfPage":{"@id":"https:\/\/soledaddurazo.com\/blog\/2025\/12\/08\/evita-dolores-provocados-por-el-frio\/#primaryimage"},"datePublished":"2025-12-08T23:27:24+00:00","dateModified":"2025-12-12T20:04:21+00:00","breadcrumb":{"@id":"https:\/\/soledaddurazo.com\/blog\/2025\/12\/08\/evita-dolores-provocados-por-el-frio\/#breadcrumb"},"inLanguage":"es","potentialAction":[{"@type":"ReadAction","target":["https:\/\/soledaddurazo.com\/blog\/2025\/12\/08\/evita-dolores-provocados-por-el-frio\/"]}]},{"@type":"BreadcrumbList","@id":"https:\/\/soledaddurazo.com\/blog\/2025\/12\/08\/evita-dolores-provocados-por-el-frio\/#breadcrumb","itemListElement":[{"@type":"ListItem","position":1,"name":"Home","item":"https:\/\/soledaddurazo.com\/"},{"@type":"ListItem","position":2,"name":"Evita dolores provocados por el fr\u00edo"}]},{"@type":"Article","@id":"https:\/\/soledaddurazo.com\/blog\/2025\/12\/08\/evita-dolores-provocados-por-el-frio\/#article","isPartOf":{"@id":"https:\/\/soledaddurazo.com\/blog\/2025\/12\/08\/evita-dolores-provocados-por-el-frio\/#webpage"},"author":{"@id":"https:\/\/soledaddurazo.com\/#\/schema\/person\/822d8e13aa288585e6546f179853758b"},"headline":"Evita dolores provocados por el fr\u00edo","datePublished":"2025-12-08T23:27:24+00:00","dateModified":"2025-12-12T20:04:21+00:00","mainEntityOfPage":{"@id":"https:\/\/soledaddurazo.com\/blog\/2025\/12\/08\/evita-dolores-provocados-por-el-frio\/#webpage"},"wordCount":263,"commentCount":0,"publisher":{"@id":"https:\/\/soledaddurazo.com\/#organization"},"image":{"@id":"https:\/\/soledaddurazo.com\/blog\/2025\/12\/08\/evita-dolores-provocados-por-el-frio\/#primaryimage"},"thumbnailUrl":"https:\/\/soledaddurazo.com\/storage\/2025\/12\/images-4.jpeg","articleSection":["principal"],"inLanguage":"es","potentialAction":[{"@type":"CommentAction","name":"Comment","target":["https:\/\/soledaddurazo.com\/blog\/2025\/12\/08\/evita-dolores-provocados-por-el-frio\/#respond"]}]},{"@type":"Person","@id":"https:\/\/soledaddurazo.com\/#\/schema\/person\/822d8e13aa288585e6546f179853758b","name":"Redacci\u00f3n","image":{"@type":"ImageObject","@id":"https:\/\/soledaddurazo.com\/#personlogo","inLanguage":"es","url":"https:\/\/secure.gravatar.com\/avatar\/c4e193752f756fd61f04deebed3a3a20dc188d37edb53682d313ac57f2725d54?s=96&d=mm&r=g","contentUrl":"https:\/\/secure.gravatar.com\/avatar\/c4e193752f756fd61f04deebed3a3a20dc188d37edb53682d313ac57f2725d54?s=96&d=mm&r=g","caption":"Redacci\u00f3n"},"sameAs":["https:\/\/soledaddurazo.com"]}]}},"_links":{"self":[{"href":"https:\/\/soledaddurazo.com\/api\/wp\/v2\/posts\/23858","targetHints":{"allow":["GET"]}}],"collection":[{"href":"https:\/\/soledaddurazo.com\/api\/wp\/v2\/posts"}],"about":[{"href":"https:\/\/soledaddurazo.com\/api\/wp\/v2\/types\/post"}],"author":[{"embeddable":true,"href":"https:\/\/soledaddurazo.com\/api\/wp\/v2\/users\/1"}],"replies":[{"embeddable":true,"href":"https:\/\/soledaddurazo.com\/api\/wp\/v2\/comments?post=23858"}],"version-history":[{"count":1,"href":"https:\/\/soledaddurazo.com\/api\/wp\/v2\/posts\/23858\/revisions"}],"predecessor-version":[{"id":23861,"href":"https:\/\/soledaddurazo.com\/api\/wp\/v2\/posts\/23858\/revisions\/23861"}],"wp:featuredmedia":[{"embeddable":true,"href":"https:\/\/soledaddurazo.com\/api\/wp\/v2\/media\/23859"}],"wp:attachment":[{"href":"https:\/\/soledaddurazo.com\/api\/wp\/v2\/media?parent=23858"}],"wp:term":[{"taxonomy":"category","embeddable":true,"href":"https:\/\/soledaddurazo.com\/api\/wp\/v2\/categories?post=23858"},{"taxonomy":"post_tag","embeddable":true,"href":"https:\/\/soledaddurazo.com\/api\/wp\/v2\/tags?post=23858"}],"curies":[{"name":"wp","href":"https:\/\/api.w.org\/{rel}","templated":true}]}}