{"id":23849,"date":"2025-12-09T16:14:06","date_gmt":"2025-12-09T23:14:06","guid":{"rendered":"https:\/\/soledaddurazo.com\/?p=23849"},"modified":"2025-12-12T15:18:26","modified_gmt":"2025-12-12T22:18:26","slug":"reconocen-en-espana-la-trayectoria-del-artista-hermosillense-pablo-aldaco","status":"publish","type":"post","link":"https:\/\/soledaddurazo.com\/blog\/2025\/12\/09\/reconocen-en-espana-la-trayectoria-del-artista-hermosillense-pablo-aldaco\/","title":{"rendered":"Reconocen en Espa\u00f1a la trayectoria del artista hermosillense Pablo Aldaco"},"content":{"rendered":"<p>El artista sonorense Pablo Aldaco fue distinguido en Espa\u00f1a con dos importantes reconocimientos otorgados por la C\u00e1mara Internacional de Escritores y Artistas (CIESART), organismo dedicado a la promoci\u00f3n cultural y la defensa de creadores en el \u00e1mbito internacional.<\/p>\n<p>Las distinciones se realiz\u00f3 en el marco de la Cumbre Internacional CIESART Castilla-La Mancha 2025, celebrada del 4 al 7 de diciembre en Madrid, donde se llevaron a cabo conferencias, investiduras honor\u00edficas y la Gala Internacional de Premiaciones.<\/p>\n<p><a href=\"https:\/\/soledaddurazo.com\/storage\/2025\/12\/2d7f3eee-bef5-4379-a5a3-ac20dd8ee6cb.jpeg\"><img loading=\"lazy\" decoding=\"async\" class=\"aligncenter size-full wp-image-23852\" src=\"https:\/\/soledaddurazo.com\/storage\/2025\/12\/2d7f3eee-bef5-4379-a5a3-ac20dd8ee6cb.jpeg\" alt=\"\" width=\"1600\" height=\"1200\" srcset=\"https:\/\/soledaddurazo.com\/storage\/2025\/12\/2d7f3eee-bef5-4379-a5a3-ac20dd8ee6cb.jpeg 1600w, https:\/\/soledaddurazo.com\/storage\/2025\/12\/2d7f3eee-bef5-4379-a5a3-ac20dd8ee6cb-300x225.jpeg 300w, https:\/\/soledaddurazo.com\/storage\/2025\/12\/2d7f3eee-bef5-4379-a5a3-ac20dd8ee6cb-1024x768.jpeg 1024w, https:\/\/soledaddurazo.com\/storage\/2025\/12\/2d7f3eee-bef5-4379-a5a3-ac20dd8ee6cb-768x576.jpeg 768w, https:\/\/soledaddurazo.com\/storage\/2025\/12\/2d7f3eee-bef5-4379-a5a3-ac20dd8ee6cb-1536x1152.jpeg 1536w, https:\/\/soledaddurazo.com\/storage\/2025\/12\/2d7f3eee-bef5-4379-a5a3-ac20dd8ee6cb-600x450.jpeg 600w, https:\/\/soledaddurazo.com\/storage\/2025\/12\/2d7f3eee-bef5-4379-a5a3-ac20dd8ee6cb-750x563.jpeg 750w, https:\/\/soledaddurazo.com\/storage\/2025\/12\/2d7f3eee-bef5-4379-a5a3-ac20dd8ee6cb-1140x855.jpeg 1140w\" sizes=\"auto, (max-width: 1600px) 100vw, 1600px\" \/><\/a><\/p>\n<p>Aldaco recibi\u00f3 el Doctorado Honoris Causa por sus contribuciones a la m\u00fasica y la literatura. Posteriormente, fue galardonado con el Premio CIESART 2025 en la categor\u00eda M\u00fasica, reconocimiento que destaca la calidad de su obra art\u00edstica, su voz po\u00e9tica y su permanente evoluci\u00f3n creativa. El artista dedic\u00f3 ambos honores a su familia y a su natal Sonora, y agradeci\u00f3 el apoyo del Instituto Municipal de Cultura y Arte (IMCA Hermosillo) para concretar su participaci\u00f3n en el evento.<\/p>\n<p>Nacido en 1989, Pablo Aldaco inici\u00f3 su formaci\u00f3n art\u00edstica a los seis a\u00f1os y ha construido una trayectoria que integra composici\u00f3n musical y creaci\u00f3n literaria. Su discograf\u00eda incluye Primeros vuelos, Pablo Aldaco, Nube de verano, Crepuscular y Hombre del para\u00edso; mientras que en el \u00e1mbito literario es autor de Las aguas del regreso, La noche que se expande, Coraz\u00f3n punto cero y Palabras en ca\u00edda libre.<\/p>\n<p><a href=\"https:\/\/soledaddurazo.com\/storage\/2025\/12\/2d7f3eee-bef5-4379-a5a3-ac20dd8ee6cb.jpeg\"><img loading=\"lazy\" decoding=\"async\" class=\"aligncenter size-full wp-image-23852\" src=\"https:\/\/soledaddurazo.com\/storage\/2025\/12\/2d7f3eee-bef5-4379-a5a3-ac20dd8ee6cb.jpeg\" alt=\"\" width=\"1600\" height=\"1200\" srcset=\"https:\/\/soledaddurazo.com\/storage\/2025\/12\/2d7f3eee-bef5-4379-a5a3-ac20dd8ee6cb.jpeg 1600w, https:\/\/soledaddurazo.com\/storage\/2025\/12\/2d7f3eee-bef5-4379-a5a3-ac20dd8ee6cb-300x225.jpeg 300w, https:\/\/soledaddurazo.com\/storage\/2025\/12\/2d7f3eee-bef5-4379-a5a3-ac20dd8ee6cb-1024x768.jpeg 1024w, https:\/\/soledaddurazo.com\/storage\/2025\/12\/2d7f3eee-bef5-4379-a5a3-ac20dd8ee6cb-768x576.jpeg 768w, https:\/\/soledaddurazo.com\/storage\/2025\/12\/2d7f3eee-bef5-4379-a5a3-ac20dd8ee6cb-1536x1152.jpeg 1536w, https:\/\/soledaddurazo.com\/storage\/2025\/12\/2d7f3eee-bef5-4379-a5a3-ac20dd8ee6cb-600x450.jpeg 600w, https:\/\/soledaddurazo.com\/storage\/2025\/12\/2d7f3eee-bef5-4379-a5a3-ac20dd8ee6cb-750x563.jpeg 750w, https:\/\/soledaddurazo.com\/storage\/2025\/12\/2d7f3eee-bef5-4379-a5a3-ac20dd8ee6cb-1140x855.jpeg 1140w\" sizes=\"auto, (max-width: 1600px) 100vw, 1600px\" \/><\/a><\/p>\n<p>Con presencia cultural en M\u00e9xico, Argentina, Colombia y otros pa\u00edses latinoamericanos \u2014y ahora tambi\u00e9n en Espa\u00f1a\u2014 Aldaco atraviesa una etapa de madurez creativa desde la ciudad de Medell\u00edn, donde desarrolla nuevas exploraciones sonoras y literarias.<\/p>\n<p>Estos reconocimientos consolidan la proyecci\u00f3n internacional del artista hermosillense y destacan el talento sonorense en el panorama cultural iberoamericano.<\/p>\n","protected":false},"excerpt":{"rendered":"<p>El artista sonorense Pablo Aldaco fue distinguido en Espa\u00f1a con dos importantes reconocimientos otorgados por la C\u00e1mara Internacional de Escritores y Artistas (CIESART), organismo dedicado a la promoci\u00f3n cultural y la defensa de creadores en el \u00e1mbito internacional. Las distinciones se realiz\u00f3 en el marco de la Cumbre Internacional CIESART Castilla-La Mancha 2025, celebrada del [&hellip;]<\/p>\n","protected":false},"author":1,"featured_media":23850,"comment_status":"open","ping_status":"open","sticky":false,"template":"","format":"standard","meta":{"footnotes":""},"categories":[153],"tags":[],"class_list":["post"],"yoast_head":" \n<title>Reconocen en Espa\u00f1a la trayectoria del artista hermosillense Pablo Aldaco - Periodista SoledadDurazo.com<\/title>\n<meta name=\"robots\" content=\"index, follow, max-snippet:-1, max-image-preview:large, max-video-preview:-1\" \/>\n<link rel=\"canonical\" href=\"https:\/\/soledaddurazo.com\/blog\/2025\/12\/09\/reconocen-en-espana-la-trayectoria-del-artista-hermosillense-pablo-aldaco\/\" \/>\n<meta property=\"og:locale\" content=\"es_MX\" \/>\n<meta property=\"og:type\" content=\"article\" \/>\n<meta property=\"og:title\" content=\"Reconocen en Espa\u00f1a la trayectoria del artista hermosillense Pablo Aldaco\" \/>\n<meta property=\"og:description\" content=\"El artista sonorense Pablo Aldaco fue distinguido en Espa\u00f1a con dos importantes reconocimientos otorgados por la C\u00e1mara Internacional de Escritores y Artistas (CIESART), organismo dedicado a la promoci\u00f3n cultural y la defensa de creadores en el \u00e1mbito internacional. Las distinciones se realiz\u00f3 en el marco de la Cumbre Internacional CIESART Castilla-La Mancha 2025, celebrada del [&hellip;]\" \/>\n<meta property=\"og:url\" content=\"https:\/\/soledaddurazo.com\/blog\/2025\/12\/09\/reconocen-en-espana-la-trayectoria-del-artista-hermosillense-pablo-aldaco\/\" \/>\n<meta property=\"og:site_name\" content=\"Periodista SoledadDurazo.com\" \/>\n<meta property=\"article:publisher\" content=\"https:\/\/www.facebook.com\/soledad.durazo.9\/\" \/>\n<meta property=\"article:published_time\" content=\"2025-12-09T23:14:06+00:00\" \/>\n<meta property=\"article:modified_time\" content=\"2025-12-12T22:18:26+00:00\" \/>\n<meta property=\"og:image\" content=\"https:\/\/soledaddurazo.com\/storage\/2025\/12\/ee54809a-df03-4a16-be95-1034b7cd619d.jpeg\" \/>\n\t<meta property=\"og:image:width\" content=\"1280\" \/>\n\t<meta property=\"og:image:height\" content=\"1018\" \/>\n<meta name=\"twitter:card\" content=\"summary_large_image\" \/>\n<meta name=\"twitter:creator\" content=\"@SoledadDurazo\" \/>\n<meta name=\"twitter:site\" content=\"@SoledadDurazo\" \/>\n<meta name=\"twitter:label1\" content=\"Escrito por\" \/>\n\t<meta name=\"twitter:data1\" content=\"Redacci\u00f3n\" \/>\n\t<meta name=\"twitter:label2\" content=\"Tiempo de lectura\" \/>\n\t<meta name=\"twitter:data2\" content=\"1 minuto\" \/>\n<script type=\"application\/ld+json\" class=\"yoast-schema-graph\">{\"@context\":\"https:\/\/schema.org\",\"@graph\":[{\"@type\":\"Organization\",\"@id\":\"https:\/\/soledaddurazo.com\/#organization\",\"name\":\"Soledad Durazo\",\"url\":\"https:\/\/soledaddurazo.com\/\",\"sameAs\":[\"https:\/\/www.facebook.com\/soledad.durazo.9\/\",\"https:\/\/www.instagram.com\/soledaddurazo\",\"https:\/\/www.youtube.com\/channel\/UC9yGPw8-Vbl_B2XNkRwPS-w\",\"https:\/\/twitter.com\/SoledadDurazo\"],\"logo\":{\"@type\":\"ImageObject\",\"@id\":\"https:\/\/soledaddurazo.com\/#logo\",\"inLanguage\":\"es\",\"url\":\"https:\/\/soledaddurazo.com\/storage\/2021\/11\/nllp-720x375-1-2.png\",\"contentUrl\":\"https:\/\/soledaddurazo.com\/storage\/2021\/11\/nllp-720x375-1-2.png\",\"width\":720,\"height\":375,\"caption\":\"Soledad Durazo\"},\"image\":{\"@id\":\"https:\/\/soledaddurazo.com\/#logo\"}},{\"@type\":\"WebSite\",\"@id\":\"https:\/\/soledaddurazo.com\/#website\",\"url\":\"https:\/\/soledaddurazo.com\/\",\"name\":\"Periodista SoledadDurazo.com\",\"description\":\"Periodista sonorense. Directora de www.SoledadDurazo.com Columnista, conductora de radio y Tv. Catedr\\u00e1tica en la UNISON\",\"publisher\":{\"@id\":\"https:\/\/soledaddurazo.com\/#organization\"},\"potentialAction\":[{\"@type\":\"SearchAction\",\"target\":{\"@type\":\"EntryPoint\",\"urlTemplate\":\"https:\/\/soledaddurazo.com\/?s={search_term_string}\"},\"query-input\":\"required name=search_term_string\"}],\"inLanguage\":\"es\"},{\"@type\":\"ImageObject\",\"@id\":\"https:\/\/soledaddurazo.com\/blog\/2025\/12\/09\/reconocen-en-espana-la-trayectoria-del-artista-hermosillense-pablo-aldaco\/#primaryimage\",\"inLanguage\":\"es\",\"url\":\"https:\/\/soledaddurazo.com\/storage\/2025\/12\/ee54809a-df03-4a16-be95-1034b7cd619d.jpeg\",\"contentUrl\":\"https:\/\/soledaddurazo.com\/storage\/2025\/12\/ee54809a-df03-4a16-be95-1034b7cd619d.jpeg\",\"width\":1280,\"height\":1018},{\"@type\":\"WebPage\",\"@id\":\"https:\/\/soledaddurazo.com\/blog\/2025\/12\/09\/reconocen-en-espana-la-trayectoria-del-artista-hermosillense-pablo-aldaco\/#webpage\",\"url\":\"https:\/\/soledaddurazo.com\/blog\/2025\/12\/09\/reconocen-en-espana-la-trayectoria-del-artista-hermosillense-pablo-aldaco\/\",\"name\":\"Reconocen en Espa\\u00f1a la trayectoria del artista hermosillense Pablo Aldaco - Periodista SoledadDurazo.com\",\"isPartOf\":{\"@id\":\"https:\/\/soledaddurazo.com\/#website\"},\"primaryImageOfPage\":{\"@id\":\"https:\/\/soledaddurazo.com\/blog\/2025\/12\/09\/reconocen-en-espana-la-trayectoria-del-artista-hermosillense-pablo-aldaco\/#primaryimage\"},\"datePublished\":\"2025-12-09T23:14:06+00:00\",\"dateModified\":\"2025-12-12T22:18:26+00:00\",\"breadcrumb\":{\"@id\":\"https:\/\/soledaddurazo.com\/blog\/2025\/12\/09\/reconocen-en-espana-la-trayectoria-del-artista-hermosillense-pablo-aldaco\/#breadcrumb\"},\"inLanguage\":\"es\",\"potentialAction\":[{\"@type\":\"ReadAction\",\"target\":[\"https:\/\/soledaddurazo.com\/blog\/2025\/12\/09\/reconocen-en-espana-la-trayectoria-del-artista-hermosillense-pablo-aldaco\/\"]}]},{\"@type\":\"BreadcrumbList\",\"@id\":\"https:\/\/soledaddurazo.com\/blog\/2025\/12\/09\/reconocen-en-espana-la-trayectoria-del-artista-hermosillense-pablo-aldaco\/#breadcrumb\",\"itemListElement\":[{\"@type\":\"ListItem\",\"position\":1,\"name\":\"Home\",\"item\":\"https:\/\/soledaddurazo.com\/\"},{\"@type\":\"ListItem\",\"position\":2,\"name\":\"Reconocen en Espa\\u00f1a la trayectoria del artista hermosillense Pablo Aldaco\"}]},{\"@type\":\"Article\",\"@id\":\"https:\/\/soledaddurazo.com\/blog\/2025\/12\/09\/reconocen-en-espana-la-trayectoria-del-artista-hermosillense-pablo-aldaco\/#article\",\"isPartOf\":{\"@id\":\"https:\/\/soledaddurazo.com\/blog\/2025\/12\/09\/reconocen-en-espana-la-trayectoria-del-artista-hermosillense-pablo-aldaco\/#webpage\"},\"author\":{\"@id\":\"https:\/\/soledaddurazo.com\/#\/schema\/person\/822d8e13aa288585e6546f179853758b\"},\"headline\":\"Reconocen en Espa\\u00f1a la trayectoria del artista hermosillense Pablo Aldaco\",\"datePublished\":\"2025-12-09T23:14:06+00:00\",\"dateModified\":\"2025-12-12T22:18:26+00:00\",\"mainEntityOfPage\":{\"@id\":\"https:\/\/soledaddurazo.com\/blog\/2025\/12\/09\/reconocen-en-espana-la-trayectoria-del-artista-hermosillense-pablo-aldaco\/#webpage\"},\"wordCount\":305,\"commentCount\":0,\"publisher\":{\"@id\":\"https:\/\/soledaddurazo.com\/#organization\"},\"image\":{\"@id\":\"https:\/\/soledaddurazo.com\/blog\/2025\/12\/09\/reconocen-en-espana-la-trayectoria-del-artista-hermosillense-pablo-aldaco\/#primaryimage\"},\"thumbnailUrl\":\"https:\/\/soledaddurazo.com\/storage\/2025\/12\/ee54809a-df03-4a16-be95-1034b7cd619d.jpeg\",\"articleSection\":[\"principal\"],\"inLanguage\":\"es\",\"potentialAction\":[{\"@type\":\"CommentAction\",\"name\":\"Comment\",\"target\":[\"https:\/\/soledaddurazo.com\/blog\/2025\/12\/09\/reconocen-en-espana-la-trayectoria-del-artista-hermosillense-pablo-aldaco\/#respond\"]}]},{\"@type\":\"Person\",\"@id\":\"https:\/\/soledaddurazo.com\/#\/schema\/person\/822d8e13aa288585e6546f179853758b\",\"name\":\"Redacci\\u00f3n\",\"image\":{\"@type\":\"ImageObject\",\"@id\":\"https:\/\/soledaddurazo.com\/#personlogo\",\"inLanguage\":\"es\",\"url\":\"https:\/\/secure.gravatar.com\/avatar\/c4e193752f756fd61f04deebed3a3a20dc188d37edb53682d313ac57f2725d54?s=96&d=mm&r=g\",\"contentUrl\":\"https:\/\/secure.gravatar.com\/avatar\/c4e193752f756fd61f04deebed3a3a20dc188d37edb53682d313ac57f2725d54?s=96&d=mm&r=g\",\"caption\":\"Redacci\\u00f3n\"},\"sameAs\":[\"https:\/\/soledaddurazo.com\"]}]}<\/script>\n ","yoast_head_json":{"title":"Reconocen en Espa\u00f1a la trayectoria del artista hermosillense Pablo Aldaco - Periodista SoledadDurazo.com","robots":{"index":"index","follow":"follow","max-snippet":"max-snippet:-1","max-image-preview":"max-image-preview:large","max-video-preview":"max-video-preview:-1"},"canonical":"https:\/\/soledaddurazo.com\/blog\/2025\/12\/09\/reconocen-en-espana-la-trayectoria-del-artista-hermosillense-pablo-aldaco\/","og_locale":"es_MX","og_type":"article","og_title":"Reconocen en Espa\u00f1a la trayectoria del artista hermosillense Pablo Aldaco","og_description":"El artista sonorense Pablo Aldaco fue distinguido en Espa\u00f1a con dos importantes reconocimientos otorgados por la C\u00e1mara Internacional de Escritores y Artistas (CIESART), organismo dedicado a la promoci\u00f3n cultural y la defensa de creadores en el \u00e1mbito internacional. Las distinciones se realiz\u00f3 en el marco de la Cumbre Internacional CIESART Castilla-La Mancha 2025, celebrada del [&hellip;]","og_url":"https:\/\/soledaddurazo.com\/blog\/2025\/12\/09\/reconocen-en-espana-la-trayectoria-del-artista-hermosillense-pablo-aldaco\/","og_site_name":"Periodista SoledadDurazo.com","article_publisher":"https:\/\/www.facebook.com\/soledad.durazo.9\/","article_published_time":"2025-12-09T23:14:06+00:00","article_modified_time":"2025-12-12T22:18:26+00:00","og_image":[{"width":1280,"height":1018,"url":"https:\/\/soledaddurazo.com\/storage\/2025\/12\/ee54809a-df03-4a16-be95-1034b7cd619d.jpeg","type":"image\/jpeg"}],"twitter_card":"summary_large_image","twitter_creator":"@SoledadDurazo","twitter_site":"@SoledadDurazo","twitter_misc":{"Escrito por":"Redacci\u00f3n","Tiempo de lectura":"1 minuto"},"schema":{"@context":"https:\/\/schema.org","@graph":[{"@type":"Organization","@id":"https:\/\/soledaddurazo.com\/#organization","name":"Soledad Durazo","url":"https:\/\/soledaddurazo.com\/","sameAs":["https:\/\/www.facebook.com\/soledad.durazo.9\/","https:\/\/www.instagram.com\/soledaddurazo","https:\/\/www.youtube.com\/channel\/UC9yGPw8-Vbl_B2XNkRwPS-w","https:\/\/twitter.com\/SoledadDurazo"],"logo":{"@type":"ImageObject","@id":"https:\/\/soledaddurazo.com\/#logo","inLanguage":"es","url":"https:\/\/soledaddurazo.com\/storage\/2021\/11\/nllp-720x375-1-2.png","contentUrl":"https:\/\/soledaddurazo.com\/storage\/2021\/11\/nllp-720x375-1-2.png","width":720,"height":375,"caption":"Soledad Durazo"},"image":{"@id":"https:\/\/soledaddurazo.com\/#logo"}},{"@type":"WebSite","@id":"https:\/\/soledaddurazo.com\/#website","url":"https:\/\/soledaddurazo.com\/","name":"Periodista SoledadDurazo.com","description":"Periodista sonorense. Directora de www.SoledadDurazo.com Columnista, conductora de radio y Tv. Catedr\u00e1tica en la UNISON","publisher":{"@id":"https:\/\/soledaddurazo.com\/#organization"},"potentialAction":[{"@type":"SearchAction","target":{"@type":"EntryPoint","urlTemplate":"https:\/\/soledaddurazo.com\/?s={search_term_string}"},"query-input":"required name=search_term_string"}],"inLanguage":"es"},{"@type":"ImageObject","@id":"https:\/\/soledaddurazo.com\/blog\/2025\/12\/09\/reconocen-en-espana-la-trayectoria-del-artista-hermosillense-pablo-aldaco\/#primaryimage","inLanguage":"es","url":"https:\/\/soledaddurazo.com\/storage\/2025\/12\/ee54809a-df03-4a16-be95-1034b7cd619d.jpeg","contentUrl":"https:\/\/soledaddurazo.com\/storage\/2025\/12\/ee54809a-df03-4a16-be95-1034b7cd619d.jpeg","width":1280,"height":1018},{"@type":"WebPage","@id":"https:\/\/soledaddurazo.com\/blog\/2025\/12\/09\/reconocen-en-espana-la-trayectoria-del-artista-hermosillense-pablo-aldaco\/#webpage","url":"https:\/\/soledaddurazo.com\/blog\/2025\/12\/09\/reconocen-en-espana-la-trayectoria-del-artista-hermosillense-pablo-aldaco\/","name":"Reconocen en Espa\u00f1a la trayectoria del artista hermosillense Pablo Aldaco - Periodista SoledadDurazo.com","isPartOf":{"@id":"https:\/\/soledaddurazo.com\/#website"},"primaryImageOfPage":{"@id":"https:\/\/soledaddurazo.com\/blog\/2025\/12\/09\/reconocen-en-espana-la-trayectoria-del-artista-hermosillense-pablo-aldaco\/#primaryimage"},"datePublished":"2025-12-09T23:14:06+00:00","dateModified":"2025-12-12T22:18:26+00:00","breadcrumb":{"@id":"https:\/\/soledaddurazo.com\/blog\/2025\/12\/09\/reconocen-en-espana-la-trayectoria-del-artista-hermosillense-pablo-aldaco\/#breadcrumb"},"inLanguage":"es","potentialAction":[{"@type":"ReadAction","target":["https:\/\/soledaddurazo.com\/blog\/2025\/12\/09\/reconocen-en-espana-la-trayectoria-del-artista-hermosillense-pablo-aldaco\/"]}]},{"@type":"BreadcrumbList","@id":"https:\/\/soledaddurazo.com\/blog\/2025\/12\/09\/reconocen-en-espana-la-trayectoria-del-artista-hermosillense-pablo-aldaco\/#breadcrumb","itemListElement":[{"@type":"ListItem","position":1,"name":"Home","item":"https:\/\/soledaddurazo.com\/"},{"@type":"ListItem","position":2,"name":"Reconocen en Espa\u00f1a la trayectoria del artista hermosillense Pablo Aldaco"}]},{"@type":"Article","@id":"https:\/\/soledaddurazo.com\/blog\/2025\/12\/09\/reconocen-en-espana-la-trayectoria-del-artista-hermosillense-pablo-aldaco\/#article","isPartOf":{"@id":"https:\/\/soledaddurazo.com\/blog\/2025\/12\/09\/reconocen-en-espana-la-trayectoria-del-artista-hermosillense-pablo-aldaco\/#webpage"},"author":{"@id":"https:\/\/soledaddurazo.com\/#\/schema\/person\/822d8e13aa288585e6546f179853758b"},"headline":"Reconocen en Espa\u00f1a la trayectoria del artista hermosillense Pablo Aldaco","datePublished":"2025-12-09T23:14:06+00:00","dateModified":"2025-12-12T22:18:26+00:00","mainEntityOfPage":{"@id":"https:\/\/soledaddurazo.com\/blog\/2025\/12\/09\/reconocen-en-espana-la-trayectoria-del-artista-hermosillense-pablo-aldaco\/#webpage"},"wordCount":305,"commentCount":0,"publisher":{"@id":"https:\/\/soledaddurazo.com\/#organization"},"image":{"@id":"https:\/\/soledaddurazo.com\/blog\/2025\/12\/09\/reconocen-en-espana-la-trayectoria-del-artista-hermosillense-pablo-aldaco\/#primaryimage"},"thumbnailUrl":"https:\/\/soledaddurazo.com\/storage\/2025\/12\/ee54809a-df03-4a16-be95-1034b7cd619d.jpeg","articleSection":["principal"],"inLanguage":"es","potentialAction":[{"@type":"CommentAction","name":"Comment","target":["https:\/\/soledaddurazo.com\/blog\/2025\/12\/09\/reconocen-en-espana-la-trayectoria-del-artista-hermosillense-pablo-aldaco\/#respond"]}]},{"@type":"Person","@id":"https:\/\/soledaddurazo.com\/#\/schema\/person\/822d8e13aa288585e6546f179853758b","name":"Redacci\u00f3n","image":{"@type":"ImageObject","@id":"https:\/\/soledaddurazo.com\/#personlogo","inLanguage":"es","url":"https:\/\/secure.gravatar.com\/avatar\/c4e193752f756fd61f04deebed3a3a20dc188d37edb53682d313ac57f2725d54?s=96&d=mm&r=g","contentUrl":"https:\/\/secure.gravatar.com\/avatar\/c4e193752f756fd61f04deebed3a3a20dc188d37edb53682d313ac57f2725d54?s=96&d=mm&r=g","caption":"Redacci\u00f3n"},"sameAs":["https:\/\/soledaddurazo.com"]}]}},"_links":{"self":[{"href":"https:\/\/soledaddurazo.com\/api\/wp\/v2\/posts\/23849","targetHints":{"allow":["GET"]}}],"collection":[{"href":"https:\/\/soledaddurazo.com\/api\/wp\/v2\/posts"}],"about":[{"href":"https:\/\/soledaddurazo.com\/api\/wp\/v2\/types\/post"}],"author":[{"embeddable":true,"href":"https:\/\/soledaddurazo.com\/api\/wp\/v2\/users\/1"}],"replies":[{"embeddable":true,"href":"https:\/\/soledaddurazo.com\/api\/wp\/v2\/comments?post=23849"}],"version-history":[{"count":2,"href":"https:\/\/soledaddurazo.com\/api\/wp\/v2\/posts\/23849\/revisions"}],"predecessor-version":[{"id":23854,"href":"https:\/\/soledaddurazo.com\/api\/wp\/v2\/posts\/23849\/revisions\/23854"}],"wp:featuredmedia":[{"embeddable":true,"href":"https:\/\/soledaddurazo.com\/api\/wp\/v2\/media\/23850"}],"wp:attachment":[{"href":"https:\/\/soledaddurazo.com\/api\/wp\/v2\/media?parent=23849"}],"wp:term":[{"taxonomy":"category","embeddable":true,"href":"https:\/\/soledaddurazo.com\/api\/wp\/v2\/categories?post=23849"},{"taxonomy":"post_tag","embeddable":true,"href":"https:\/\/soledaddurazo.com\/api\/wp\/v2\/tags?post=23849"}],"curies":[{"name":"wp","href":"https:\/\/api.w.org\/{rel}","templated":true}]}}