{"id":23844,"date":"2025-12-09T14:00:18","date_gmt":"2025-12-09T21:00:18","guid":{"rendered":"https:\/\/soledaddurazo.com\/?p=23844"},"modified":"2025-12-09T14:00:18","modified_gmt":"2025-12-09T21:00:18","slug":"congreso-del-estado-aprueba-presupuesto-que-transforma","status":"publish","type":"post","link":"https:\/\/soledaddurazo.com\/blog\/2025\/12\/09\/congreso-del-estado-aprueba-presupuesto-que-transforma\/","title":{"rendered":"Congreso del Estado aprueba presupuesto que transforma"},"content":{"rendered":"<ul>\n<li>Enrique de la Madrid y su versi\u00f3n m\u00e1s terrenal<\/li>\n<li>Aumenta el salario m\u00ednimo \u00bfcausa efecto inflacionario?<\/li>\n<li>jugo de naranja con machaca, sin birote ni salsa bandera<\/li>\n<li>Guillermo Padr\u00e9s prepara fiesta de cumplea\u00f1os<\/li>\n<\/ul>\n<p><a href=\"https:\/\/soledaddurazo.com\/storage\/2025\/12\/d5880d80-8eac-404f-ba28-6b308c391795.jpeg\"><img loading=\"lazy\" decoding=\"async\" class=\"aligncenter size-full wp-image-23845\" src=\"https:\/\/soledaddurazo.com\/storage\/2025\/12\/d5880d80-8eac-404f-ba28-6b308c391795.jpeg\" alt=\"\" width=\"1024\" height=\"683\" srcset=\"https:\/\/soledaddurazo.com\/storage\/2025\/12\/d5880d80-8eac-404f-ba28-6b308c391795.jpeg 1024w, https:\/\/soledaddurazo.com\/storage\/2025\/12\/d5880d80-8eac-404f-ba28-6b308c391795-300x200.jpeg 300w, https:\/\/soledaddurazo.com\/storage\/2025\/12\/d5880d80-8eac-404f-ba28-6b308c391795-768x512.jpeg 768w, https:\/\/soledaddurazo.com\/storage\/2025\/12\/d5880d80-8eac-404f-ba28-6b308c391795-600x400.jpeg 600w, https:\/\/soledaddurazo.com\/storage\/2025\/12\/d5880d80-8eac-404f-ba28-6b308c391795-750x500.jpeg 750w\" sizes=\"auto, (max-width: 1024px) 100vw, 1024px\" \/><\/a><\/p>\n<p>El presupuesto para el a\u00f1o 2026 enviado por el titular del Poder Ejecutivo Estatal al Congreso del Estado, fue aprobado por la mayor\u00eda de los Diputados Locales.<\/p>\n<p>El presupuesto de 92 mil 571 millones de pesos, mantiene una visi\u00f3n netamente social, que apuesta por educaci\u00f3n, vivienda digna, justicia, acceso al agua potable y otras obras de infraestructura, como se ha marcado durante toda la administraci\u00f3n de Alfonso Durazo Monta\u00f1o.<\/p>\n<p>En este proceso, destaca el trabajo minucioso y responsable de la Diputada Ely Sallard, que, al presidir la Comisi\u00f3n de Hacienda, mostr\u00f3 capacidad para construir acuerdos y aterrizar un dictamen t\u00e9cnicamente s\u00f3lido, que fue clave para destrabar discusiones, sobre un presupuesto que crece 3.8% sin que pierda su sensibilidad social, garantizando que cada peso destinado, tenga un impacto real en las familias sonorenses.<\/p>\n<p>Con el liderazgo y dedicaci\u00f3n que le han caracterizado en su gesti\u00f3n legislativa, la Diputada Ely Sallard, paralelamente, logr\u00f3 llevar a buen puerto, reformas fiscales importantes para optimizar la captaci\u00f3n y distribuci\u00f3n de recursos, con garant\u00eda de transparencia y eficiencia, un marco financiero que atiende a los retos actuales.<\/p>\n<p>La dedicaci\u00f3n y trabajo t\u00e9cnico de la Diputada Ely Sallard, permiti\u00f3 que la visi\u00f3n presupuestal del Gobernador Alfonso Durazo se mantuviera alineada con el desarrollo social y el bienestar de los sonorenses, sin desvirtuarse y sin contratiempos en el Congreso del Estado.<\/p>\n<p><strong>ENRIQUE DE LA MADRID Y SU VERSI\u00d3N M\u00c1S TERRENAL<\/strong><\/p>\n<p>La semana pasada tuve la oportunidad de acudir, junto a otros colegas, a un desayuno-conversaci\u00f3n con el se\u00f1or Enrique de la Madrid, pol\u00edtico surgido de las filas del PRI, partido al que ya no pertenece desde el a\u00f1o 2024.<\/p>\n<p>Enrique de la Madrid anda haciendo un recorrido por el pa\u00eds, sosteniendo di\u00e1logos con distintos sectores de nuestra sociedad, manifestando su visi\u00f3n de pa\u00eds, como opositor al gobierno actual.<\/p>\n<p>La charla se puede dividir en dos partes, la primera, todos los presentes escuchamos una larga exposici\u00f3n sobre los buenos gobiernos del pasado donde no hab\u00eda pobreza, desempleo, las obras eran de gran utilidad y la justicia hac\u00eda que nuestra sociedad no sufriera impunidad.<\/p>\n<p>La segunda parte de la reuni\u00f3n inici\u00f3 cuando el compa\u00f1ero Arturo \u201cChapo\u201d Soto le pregunt\u00f3 su explicaci\u00f3n a la contundente derrota que los mexicanos le proporcionaron a esos gobiernos en el 2018, algo inexplicable considerando, lo bien que hab\u00edan hecho las cosas.<\/p>\n<p>Ah\u00ed fue donde el se\u00f1or de la Madrid, acept\u00f3 que no todo est\u00e1 mal, ni perdido. Calific\u00f3 como positiva la pol\u00edtica salarial actual, que es por obra y gracia de los empresarios que pagan los aumentos del salario m\u00ednimo y no por el gobierno, pero consider\u00f3 un error de gobiernos anteriores castigar los salarios de la clase trabajadora de este pa\u00eds, que constituye la base de la pir\u00e1mide social.<\/p>\n<p>Acept\u00f3 que el n\u00famero de pobres en el pa\u00eds han disminuido y la utilidad de los programas sociales.<\/p>\n<p>Fue bueno observar la versi\u00f3n m\u00e1s terrenal del se\u00f1or Enrique de la Madrid, que marc\u00f3 un contraste bien interesante, un pasado para presumir ante un presente que con hechos se impone.<\/p>\n<p><strong>AUMENTA EL SALARIO M\u00cdNIMO \u00bfCAUSA EFECTO INFLACIONARIO?<\/strong><\/p>\n<p>A prop\u00f3sito de pol\u00edtica salarial, el anuncio de la Presidenta Claudia Sheinbaum del aumento del 13% al salario m\u00ednimo, volvi\u00f3 a encender la narrativa marcada por voces opositoras, que tales aumentos provocan efectos negativos a la econom\u00eda, alejando la inversi\u00f3n y provocando el cierre de empresas.<\/p>\n<p>El modelo econ\u00f3mico aplicado desde la d\u00e9cada de los a\u00f1os ochenta en M\u00e9xico hasta 2018, promovi\u00f3 la llegada de inversiones extranjeras castigando los salarios, ocasionando que el salario de la clase trabajadora sufriera una exponencial disminuci\u00f3n de su poder adquisitivo con todo el efecto nocivo que eso implica, incluyendo el deterioro de la calidad de vida de millones de mexicanos.<\/p>\n<p>Por mera curiosidad y para despejar dudas si el aumento al salario provoca un efecto inflacionario, me ech\u00e9 un clavado a las cifras hist\u00f3ricas del aumento al salario m\u00ednimo y el comportamiento de la inflaci\u00f3n, cifras que est\u00e1n al alcance de cualquier persona que tenga una computadora con enlace a internet.<\/p>\n<p>A continuaci\u00f3n, le presento algunas cifras seleccionadas aleatoriamente por cuesti\u00f3n de espacio:<\/p>\n<p>En 1996 el salario m\u00ednimo pas\u00f3 de 22.6.00 a 26.45, un aumento del 14.55% contra el 27.7% de aumento en la inflaci\u00f3n.<\/p>\n<p>En 1998 el salario m\u00ednimo paso de 30.02 a 34.45 un aumento del 12.85% contra el 18.1% de aumento en la inflaci\u00f3n.<\/p>\n<p>En 2004 el salario m\u00ednimo pas\u00f3 de 42.11 a 44.05 un aumento del 4.62 % contra el 5.19 de la inflaci\u00f3n.<\/p>\n<p>En el 2010 el salario m\u00ednimo pas\u00f3 de 51.95 a 54.47 un aumento del 4.62% contra el 4.40% de la inflaci\u00f3n<\/p>\n<p>En 2014 el salario m\u00ednimo pas\u00f3 de 61.38 a 63.77 un aumento del 3.74% contra el 4.08% de la inflaci\u00f3n<\/p>\n<p>En el 2017 el salario m\u00ednimo pas\u00f3 de 73.04 a 80.4 un aumento del 9.15% contra el 6.77 % de la inflaci\u00f3n<\/p>\n<p>En el 2020 el salario m\u00ednimo pas\u00f3 de 102.68 a 123.22 un aumento de 16.66% contra el 3.5% de la inflaci\u00f3n<\/p>\n<p>En el 2021 el salario m\u00ednimo pas\u00f3 de 123.22 a 141.70 un aumento de 13.04% contra el 7.36% de la inflaci\u00f3n<\/p>\n<p>En el 2023 el salario m\u00ednimo pas\u00f3 de 172.87 a 207.44 un aumento de 16.45% contra el 4.66 de la inflaci\u00f3n.<\/p>\n<p>Creo que, comparando las cifras, queda demostrado que el aumento a la inflaci\u00f3n tiene otras causales ajenas al aumento salarias, las voces que advirtieron el desastre en el pa\u00eds por aumentar sostenidamente el salario m\u00ednimo para recuperar su poder adquisitivo, desde hace siete a\u00f1os, se han equivocado<\/p>\n<p>Me queda claro que la clase trabajadora de este pais, se merece un monumento por soportar por tres d\u00e9cadas de salarios que le han condenado a una vida de pobreza y miseria.<\/p>\n<p><strong>JUGO DE NARANJA CON MACHACA, SIN BIROTE NI SALSA BANDERA<\/strong><\/p>\n<p>Por el rumbo de la oposici\u00f3n, mientras la dirigencia del Partido Acci\u00f3n Nacional en Sonora anda con berrinches que reflejan el escenario de estiramiento de liga para elevar el precio de la cartita y en el Partido Revolucionario Institucional, ni se\u00f1ales de humo mandan.<\/p>\n<p>La dirigente del Partido Movimiento Ciudadano, Natalia Rivera y el dirigente del Partido Sonorense, Al\u00ed Camacho, sostuvieron una conversaci\u00f3n en c\u00e9ntrico caf\u00e9, dejando claro que no todo son desplantes y silencios en la oposici\u00f3n en Sonora y que hay quien sabe mover las piezas con sentido estrat\u00e9gico.<\/p>\n<p>La imagen difundida en redes sociales de ambos pol\u00edticos demuestra que en estos tiempos el lenguaje de la pol\u00edtica es muy claro y simple, el que se mueve, avanza y el que no, simplemente queda borrado del mapa, lenguaje que Natalia Rivera y Al\u00ed Camacho parecen entender perfectamente.<\/p>\n<p>MC y Partido Sonorense parecen alinearse rumbo a una alianza en torno a la figura m\u00e1s sobresaliente en la oposici\u00f3n, Antonio Astiazar\u00e1n. La fotograf\u00eda del momento indica que hay jugo de naranja y machaca, sin birote y sin salsa bandera.<\/p>\n<p><strong>GUILLERMO PADR\u00c9S PREPARA FIESTA DE CUMPLEA\u00d1OS <\/strong><\/p>\n<p>Recordar\u00e1 estimado lector, que el pasado mes de agosto, durante la celebraci\u00f3n del cumplea\u00f1os del dirigente estatal del PAN, Gildardo Real, se logr\u00f3 una nutrida convocatoria de personajes vario pintos de la oposici\u00f3n y del mundo empresarial.<\/p>\n<p>Destac\u00f3 en el \u00e1gape, la presencia del ex Gobernador Guillermo Padr\u00e9s El\u00edas, que acapar\u00f3 las miradas y saludos de los presentes, se dej\u00f3 querer por los presentes en tan singular festejo, que sirvi\u00f3 para dejar claro quien detenta el poder real en el PAN.<\/p>\n<p>Me entero que ya corren invitaciones para la celebraci\u00f3n del cumplea\u00f1os del ex Gobernador Guillermo Padr\u00e9s, festejo a realizarse el pr\u00f3ximo 20 de diciembre y que volver\u00e1 a tener la presencia de la clase pol\u00edtica de oposici\u00f3n del estado. Padr\u00e9s El\u00edas refrendar\u00e1 su posici\u00f3n como el quien manda en la oposici\u00f3n, me dicen.<\/p>\n<p>Los invito a escuchar los viernes la mesa de an\u00e1lisis de SONORA EN RED NOTICIAS, ejercicio de opini\u00f3n que realizo en compa\u00f1\u00eda de mis amigos Arturo Chapo Soto, Arturo Ballesteros y Gustavo Valenzuela, por el 93.3 del cuadrante de F.M. desde Guaymas para todo el sur de Sonora, y por la se\u00f1al del canal 14 de Estrella Tucson TV, en el sur de Arizona.<\/p>\n<p>Y en Radio Sol 104.7 F.M. LENGUAS VESPERTINAS, de lunes a viernes a las 17:00 horas, le vamos a ofrecer una peque\u00f1a dosis de grilla.<\/p>\n<p>Podemos interactuar a trav\u00e9s de mi cuenta de Twitter @feroropeza20 o en mi correo electr\u00f3nico <a href=\"mailto:luiso@hmo.megared.net.mx\">luiso@hmo.megared.net.mx<\/a><\/p>\n<p>&nbsp;<\/p>\n<p>&nbsp;<\/p>\n<p>&nbsp;<\/p>\n","protected":false},"excerpt":{"rendered":"<p>Enrique de la Madrid y su versi\u00f3n m\u00e1s terrenal Aumenta el salario m\u00ednimo \u00bfcausa efecto inflacionario? jugo de naranja con machaca, sin birote ni salsa bandera Guillermo Padr\u00e9s prepara fiesta de cumplea\u00f1os El presupuesto para el a\u00f1o 2026 enviado por el titular del Poder Ejecutivo Estatal al Congreso del Estado, fue aprobado por la mayor\u00eda [&hellip;]<\/p>\n","protected":false},"author":1,"featured_media":23272,"comment_status":"open","ping_status":"open","sticky":false,"template":"","format":"standard","meta":{"footnotes":""},"categories":[173],"tags":[],"class_list":["post"],"yoast_head":" \n<title>Congreso del Estado aprueba presupuesto que transforma - Periodista SoledadDurazo.com<\/title>\n<meta name=\"robots\" content=\"index, follow, max-snippet:-1, max-image-preview:large, max-video-preview:-1\" \/>\n<link rel=\"canonical\" href=\"https:\/\/soledaddurazo.com\/blog\/2025\/12\/09\/congreso-del-estado-aprueba-presupuesto-que-transforma\/\" \/>\n<meta property=\"og:locale\" content=\"es_MX\" \/>\n<meta property=\"og:type\" content=\"article\" \/>\n<meta property=\"og:title\" content=\"Congreso del Estado aprueba presupuesto que transforma\" \/>\n<meta property=\"og:description\" content=\"Enrique de la Madrid y su versi\u00f3n m\u00e1s terrenal Aumenta el salario m\u00ednimo \u00bfcausa efecto inflacionario? jugo de naranja con machaca, sin birote ni salsa bandera Guillermo Padr\u00e9s prepara fiesta de cumplea\u00f1os El presupuesto para el a\u00f1o 2026 enviado por el titular del Poder Ejecutivo Estatal al Congreso del Estado, fue aprobado por la mayor\u00eda [&hellip;]\" \/>\n<meta property=\"og:url\" content=\"https:\/\/soledaddurazo.com\/blog\/2025\/12\/09\/congreso-del-estado-aprueba-presupuesto-que-transforma\/\" \/>\n<meta property=\"og:site_name\" content=\"Periodista SoledadDurazo.com\" \/>\n<meta property=\"article:publisher\" content=\"https:\/\/www.facebook.com\/soledad.durazo.9\/\" \/>\n<meta property=\"article:published_time\" content=\"2025-12-09T21:00:18+00:00\" \/>\n<meta property=\"og:image\" content=\"https:\/\/soledaddurazo.com\/storage\/2025\/08\/9a-GRAFICO-FERNANDO-OROPEZA.jpeg\" \/>\n\t<meta property=\"og:image:width\" content=\"1092\" \/>\n\t<meta property=\"og:image:height\" content=\"983\" \/>\n<meta name=\"twitter:card\" content=\"summary_large_image\" \/>\n<meta name=\"twitter:creator\" content=\"@SoledadDurazo\" \/>\n<meta name=\"twitter:site\" content=\"@SoledadDurazo\" \/>\n<meta name=\"twitter:label1\" content=\"Escrito por\" \/>\n\t<meta name=\"twitter:data1\" content=\"Redacci\u00f3n\" \/>\n\t<meta name=\"twitter:label2\" content=\"Tiempo de lectura\" \/>\n\t<meta name=\"twitter:data2\" content=\"7 minutos\" \/>\n<script type=\"application\/ld+json\" class=\"yoast-schema-graph\">{\"@context\":\"https:\/\/schema.org\",\"@graph\":[{\"@type\":\"Organization\",\"@id\":\"https:\/\/soledaddurazo.com\/#organization\",\"name\":\"Soledad Durazo\",\"url\":\"https:\/\/soledaddurazo.com\/\",\"sameAs\":[\"https:\/\/www.facebook.com\/soledad.durazo.9\/\",\"https:\/\/www.instagram.com\/soledaddurazo\",\"https:\/\/www.youtube.com\/channel\/UC9yGPw8-Vbl_B2XNkRwPS-w\",\"https:\/\/twitter.com\/SoledadDurazo\"],\"logo\":{\"@type\":\"ImageObject\",\"@id\":\"https:\/\/soledaddurazo.com\/#logo\",\"inLanguage\":\"es\",\"url\":\"https:\/\/soledaddurazo.com\/storage\/2021\/11\/nllp-720x375-1-2.png\",\"contentUrl\":\"https:\/\/soledaddurazo.com\/storage\/2021\/11\/nllp-720x375-1-2.png\",\"width\":720,\"height\":375,\"caption\":\"Soledad Durazo\"},\"image\":{\"@id\":\"https:\/\/soledaddurazo.com\/#logo\"}},{\"@type\":\"WebSite\",\"@id\":\"https:\/\/soledaddurazo.com\/#website\",\"url\":\"https:\/\/soledaddurazo.com\/\",\"name\":\"Periodista SoledadDurazo.com\",\"description\":\"Periodista sonorense. Directora de www.SoledadDurazo.com Columnista, conductora de radio y Tv. Catedr\\u00e1tica en la UNISON\",\"publisher\":{\"@id\":\"https:\/\/soledaddurazo.com\/#organization\"},\"potentialAction\":[{\"@type\":\"SearchAction\",\"target\":{\"@type\":\"EntryPoint\",\"urlTemplate\":\"https:\/\/soledaddurazo.com\/?s={search_term_string}\"},\"query-input\":\"required name=search_term_string\"}],\"inLanguage\":\"es\"},{\"@type\":\"ImageObject\",\"@id\":\"https:\/\/soledaddurazo.com\/blog\/2025\/12\/09\/congreso-del-estado-aprueba-presupuesto-que-transforma\/#primaryimage\",\"inLanguage\":\"es\",\"url\":\"https:\/\/soledaddurazo.com\/storage\/2025\/08\/9a-GRAFICO-FERNANDO-OROPEZA.jpeg\",\"contentUrl\":\"https:\/\/soledaddurazo.com\/storage\/2025\/08\/9a-GRAFICO-FERNANDO-OROPEZA.jpeg\",\"width\":1092,\"height\":983},{\"@type\":\"WebPage\",\"@id\":\"https:\/\/soledaddurazo.com\/blog\/2025\/12\/09\/congreso-del-estado-aprueba-presupuesto-que-transforma\/#webpage\",\"url\":\"https:\/\/soledaddurazo.com\/blog\/2025\/12\/09\/congreso-del-estado-aprueba-presupuesto-que-transforma\/\",\"name\":\"Congreso del Estado aprueba presupuesto que transforma - Periodista SoledadDurazo.com\",\"isPartOf\":{\"@id\":\"https:\/\/soledaddurazo.com\/#website\"},\"primaryImageOfPage\":{\"@id\":\"https:\/\/soledaddurazo.com\/blog\/2025\/12\/09\/congreso-del-estado-aprueba-presupuesto-que-transforma\/#primaryimage\"},\"datePublished\":\"2025-12-09T21:00:18+00:00\",\"dateModified\":\"2025-12-09T21:00:18+00:00\",\"breadcrumb\":{\"@id\":\"https:\/\/soledaddurazo.com\/blog\/2025\/12\/09\/congreso-del-estado-aprueba-presupuesto-que-transforma\/#breadcrumb\"},\"inLanguage\":\"es\",\"potentialAction\":[{\"@type\":\"ReadAction\",\"target\":[\"https:\/\/soledaddurazo.com\/blog\/2025\/12\/09\/congreso-del-estado-aprueba-presupuesto-que-transforma\/\"]}]},{\"@type\":\"BreadcrumbList\",\"@id\":\"https:\/\/soledaddurazo.com\/blog\/2025\/12\/09\/congreso-del-estado-aprueba-presupuesto-que-transforma\/#breadcrumb\",\"itemListElement\":[{\"@type\":\"ListItem\",\"position\":1,\"name\":\"Home\",\"item\":\"https:\/\/soledaddurazo.com\/\"},{\"@type\":\"ListItem\",\"position\":2,\"name\":\"Congreso del Estado aprueba presupuesto que transforma\"}]},{\"@type\":\"Article\",\"@id\":\"https:\/\/soledaddurazo.com\/blog\/2025\/12\/09\/congreso-del-estado-aprueba-presupuesto-que-transforma\/#article\",\"isPartOf\":{\"@id\":\"https:\/\/soledaddurazo.com\/blog\/2025\/12\/09\/congreso-del-estado-aprueba-presupuesto-que-transforma\/#webpage\"},\"author\":{\"@id\":\"https:\/\/soledaddurazo.com\/#\/schema\/person\/822d8e13aa288585e6546f179853758b\"},\"headline\":\"Congreso del Estado aprueba presupuesto que transforma\",\"datePublished\":\"2025-12-09T21:00:18+00:00\",\"dateModified\":\"2025-12-09T21:00:18+00:00\",\"mainEntityOfPage\":{\"@id\":\"https:\/\/soledaddurazo.com\/blog\/2025\/12\/09\/congreso-del-estado-aprueba-presupuesto-que-transforma\/#webpage\"},\"wordCount\":1498,\"commentCount\":0,\"publisher\":{\"@id\":\"https:\/\/soledaddurazo.com\/#organization\"},\"image\":{\"@id\":\"https:\/\/soledaddurazo.com\/blog\/2025\/12\/09\/congreso-del-estado-aprueba-presupuesto-que-transforma\/#primaryimage\"},\"thumbnailUrl\":\"https:\/\/soledaddurazo.com\/storage\/2025\/08\/9a-GRAFICO-FERNANDO-OROPEZA.jpeg\",\"articleSection\":[\"Fernando Oropeza\"],\"inLanguage\":\"es\",\"potentialAction\":[{\"@type\":\"CommentAction\",\"name\":\"Comment\",\"target\":[\"https:\/\/soledaddurazo.com\/blog\/2025\/12\/09\/congreso-del-estado-aprueba-presupuesto-que-transforma\/#respond\"]}]},{\"@type\":\"Person\",\"@id\":\"https:\/\/soledaddurazo.com\/#\/schema\/person\/822d8e13aa288585e6546f179853758b\",\"name\":\"Redacci\\u00f3n\",\"image\":{\"@type\":\"ImageObject\",\"@id\":\"https:\/\/soledaddurazo.com\/#personlogo\",\"inLanguage\":\"es\",\"url\":\"https:\/\/secure.gravatar.com\/avatar\/c4e193752f756fd61f04deebed3a3a20dc188d37edb53682d313ac57f2725d54?s=96&d=mm&r=g\",\"contentUrl\":\"https:\/\/secure.gravatar.com\/avatar\/c4e193752f756fd61f04deebed3a3a20dc188d37edb53682d313ac57f2725d54?s=96&d=mm&r=g\",\"caption\":\"Redacci\\u00f3n\"},\"sameAs\":[\"https:\/\/soledaddurazo.com\"]}]}<\/script>\n ","yoast_head_json":{"title":"Congreso del Estado aprueba presupuesto que transforma - Periodista SoledadDurazo.com","robots":{"index":"index","follow":"follow","max-snippet":"max-snippet:-1","max-image-preview":"max-image-preview:large","max-video-preview":"max-video-preview:-1"},"canonical":"https:\/\/soledaddurazo.com\/blog\/2025\/12\/09\/congreso-del-estado-aprueba-presupuesto-que-transforma\/","og_locale":"es_MX","og_type":"article","og_title":"Congreso del Estado aprueba presupuesto que transforma","og_description":"Enrique de la Madrid y su versi\u00f3n m\u00e1s terrenal Aumenta el salario m\u00ednimo \u00bfcausa efecto inflacionario? jugo de naranja con machaca, sin birote ni salsa bandera Guillermo Padr\u00e9s prepara fiesta de cumplea\u00f1os El presupuesto para el a\u00f1o 2026 enviado por el titular del Poder Ejecutivo Estatal al Congreso del Estado, fue aprobado por la mayor\u00eda [&hellip;]","og_url":"https:\/\/soledaddurazo.com\/blog\/2025\/12\/09\/congreso-del-estado-aprueba-presupuesto-que-transforma\/","og_site_name":"Periodista SoledadDurazo.com","article_publisher":"https:\/\/www.facebook.com\/soledad.durazo.9\/","article_published_time":"2025-12-09T21:00:18+00:00","og_image":[{"width":1092,"height":983,"url":"https:\/\/soledaddurazo.com\/storage\/2025\/08\/9a-GRAFICO-FERNANDO-OROPEZA.jpeg","type":"image\/jpeg"}],"twitter_card":"summary_large_image","twitter_creator":"@SoledadDurazo","twitter_site":"@SoledadDurazo","twitter_misc":{"Escrito por":"Redacci\u00f3n","Tiempo de lectura":"7 minutos"},"schema":{"@context":"https:\/\/schema.org","@graph":[{"@type":"Organization","@id":"https:\/\/soledaddurazo.com\/#organization","name":"Soledad Durazo","url":"https:\/\/soledaddurazo.com\/","sameAs":["https:\/\/www.facebook.com\/soledad.durazo.9\/","https:\/\/www.instagram.com\/soledaddurazo","https:\/\/www.youtube.com\/channel\/UC9yGPw8-Vbl_B2XNkRwPS-w","https:\/\/twitter.com\/SoledadDurazo"],"logo":{"@type":"ImageObject","@id":"https:\/\/soledaddurazo.com\/#logo","inLanguage":"es","url":"https:\/\/soledaddurazo.com\/storage\/2021\/11\/nllp-720x375-1-2.png","contentUrl":"https:\/\/soledaddurazo.com\/storage\/2021\/11\/nllp-720x375-1-2.png","width":720,"height":375,"caption":"Soledad Durazo"},"image":{"@id":"https:\/\/soledaddurazo.com\/#logo"}},{"@type":"WebSite","@id":"https:\/\/soledaddurazo.com\/#website","url":"https:\/\/soledaddurazo.com\/","name":"Periodista SoledadDurazo.com","description":"Periodista sonorense. Directora de www.SoledadDurazo.com Columnista, conductora de radio y Tv. Catedr\u00e1tica en la UNISON","publisher":{"@id":"https:\/\/soledaddurazo.com\/#organization"},"potentialAction":[{"@type":"SearchAction","target":{"@type":"EntryPoint","urlTemplate":"https:\/\/soledaddurazo.com\/?s={search_term_string}"},"query-input":"required name=search_term_string"}],"inLanguage":"es"},{"@type":"ImageObject","@id":"https:\/\/soledaddurazo.com\/blog\/2025\/12\/09\/congreso-del-estado-aprueba-presupuesto-que-transforma\/#primaryimage","inLanguage":"es","url":"https:\/\/soledaddurazo.com\/storage\/2025\/08\/9a-GRAFICO-FERNANDO-OROPEZA.jpeg","contentUrl":"https:\/\/soledaddurazo.com\/storage\/2025\/08\/9a-GRAFICO-FERNANDO-OROPEZA.jpeg","width":1092,"height":983},{"@type":"WebPage","@id":"https:\/\/soledaddurazo.com\/blog\/2025\/12\/09\/congreso-del-estado-aprueba-presupuesto-que-transforma\/#webpage","url":"https:\/\/soledaddurazo.com\/blog\/2025\/12\/09\/congreso-del-estado-aprueba-presupuesto-que-transforma\/","name":"Congreso del Estado aprueba presupuesto que transforma - Periodista SoledadDurazo.com","isPartOf":{"@id":"https:\/\/soledaddurazo.com\/#website"},"primaryImageOfPage":{"@id":"https:\/\/soledaddurazo.com\/blog\/2025\/12\/09\/congreso-del-estado-aprueba-presupuesto-que-transforma\/#primaryimage"},"datePublished":"2025-12-09T21:00:18+00:00","dateModified":"2025-12-09T21:00:18+00:00","breadcrumb":{"@id":"https:\/\/soledaddurazo.com\/blog\/2025\/12\/09\/congreso-del-estado-aprueba-presupuesto-que-transforma\/#breadcrumb"},"inLanguage":"es","potentialAction":[{"@type":"ReadAction","target":["https:\/\/soledaddurazo.com\/blog\/2025\/12\/09\/congreso-del-estado-aprueba-presupuesto-que-transforma\/"]}]},{"@type":"BreadcrumbList","@id":"https:\/\/soledaddurazo.com\/blog\/2025\/12\/09\/congreso-del-estado-aprueba-presupuesto-que-transforma\/#breadcrumb","itemListElement":[{"@type":"ListItem","position":1,"name":"Home","item":"https:\/\/soledaddurazo.com\/"},{"@type":"ListItem","position":2,"name":"Congreso del Estado aprueba presupuesto que transforma"}]},{"@type":"Article","@id":"https:\/\/soledaddurazo.com\/blog\/2025\/12\/09\/congreso-del-estado-aprueba-presupuesto-que-transforma\/#article","isPartOf":{"@id":"https:\/\/soledaddurazo.com\/blog\/2025\/12\/09\/congreso-del-estado-aprueba-presupuesto-que-transforma\/#webpage"},"author":{"@id":"https:\/\/soledaddurazo.com\/#\/schema\/person\/822d8e13aa288585e6546f179853758b"},"headline":"Congreso del Estado aprueba presupuesto que transforma","datePublished":"2025-12-09T21:00:18+00:00","dateModified":"2025-12-09T21:00:18+00:00","mainEntityOfPage":{"@id":"https:\/\/soledaddurazo.com\/blog\/2025\/12\/09\/congreso-del-estado-aprueba-presupuesto-que-transforma\/#webpage"},"wordCount":1498,"commentCount":0,"publisher":{"@id":"https:\/\/soledaddurazo.com\/#organization"},"image":{"@id":"https:\/\/soledaddurazo.com\/blog\/2025\/12\/09\/congreso-del-estado-aprueba-presupuesto-que-transforma\/#primaryimage"},"thumbnailUrl":"https:\/\/soledaddurazo.com\/storage\/2025\/08\/9a-GRAFICO-FERNANDO-OROPEZA.jpeg","articleSection":["Fernando Oropeza"],"inLanguage":"es","potentialAction":[{"@type":"CommentAction","name":"Comment","target":["https:\/\/soledaddurazo.com\/blog\/2025\/12\/09\/congreso-del-estado-aprueba-presupuesto-que-transforma\/#respond"]}]},{"@type":"Person","@id":"https:\/\/soledaddurazo.com\/#\/schema\/person\/822d8e13aa288585e6546f179853758b","name":"Redacci\u00f3n","image":{"@type":"ImageObject","@id":"https:\/\/soledaddurazo.com\/#personlogo","inLanguage":"es","url":"https:\/\/secure.gravatar.com\/avatar\/c4e193752f756fd61f04deebed3a3a20dc188d37edb53682d313ac57f2725d54?s=96&d=mm&r=g","contentUrl":"https:\/\/secure.gravatar.com\/avatar\/c4e193752f756fd61f04deebed3a3a20dc188d37edb53682d313ac57f2725d54?s=96&d=mm&r=g","caption":"Redacci\u00f3n"},"sameAs":["https:\/\/soledaddurazo.com"]}]}},"_links":{"self":[{"href":"https:\/\/soledaddurazo.com\/api\/wp\/v2\/posts\/23844","targetHints":{"allow":["GET"]}}],"collection":[{"href":"https:\/\/soledaddurazo.com\/api\/wp\/v2\/posts"}],"about":[{"href":"https:\/\/soledaddurazo.com\/api\/wp\/v2\/types\/post"}],"author":[{"embeddable":true,"href":"https:\/\/soledaddurazo.com\/api\/wp\/v2\/users\/1"}],"replies":[{"embeddable":true,"href":"https:\/\/soledaddurazo.com\/api\/wp\/v2\/comments?post=23844"}],"version-history":[{"count":1,"href":"https:\/\/soledaddurazo.com\/api\/wp\/v2\/posts\/23844\/revisions"}],"predecessor-version":[{"id":23846,"href":"https:\/\/soledaddurazo.com\/api\/wp\/v2\/posts\/23844\/revisions\/23846"}],"wp:featuredmedia":[{"embeddable":true,"href":"https:\/\/soledaddurazo.com\/api\/wp\/v2\/media\/23272"}],"wp:attachment":[{"href":"https:\/\/soledaddurazo.com\/api\/wp\/v2\/media?parent=23844"}],"wp:term":[{"taxonomy":"category","embeddable":true,"href":"https:\/\/soledaddurazo.com\/api\/wp\/v2\/categories?post=23844"},{"taxonomy":"post_tag","embeddable":true,"href":"https:\/\/soledaddurazo.com\/api\/wp\/v2\/tags?post=23844"}],"curies":[{"name":"wp","href":"https:\/\/api.w.org\/{rel}","templated":true}]}}