{"id":23833,"date":"2025-12-06T17:19:01","date_gmt":"2025-12-07T00:19:01","guid":{"rendered":"https:\/\/soledaddurazo.com\/?p=23833"},"modified":"2025-12-12T13:03:33","modified_gmt":"2025-12-12T20:03:33","slug":"alfonso-durazo-destaca-siete-anos-de-la-cuarta-transformacion-y-el-inicio-de-su-segundo-piso","status":"publish","type":"post","link":"https:\/\/soledaddurazo.com\/blog\/2025\/12\/06\/alfonso-durazo-destaca-siete-anos-de-la-cuarta-transformacion-y-el-inicio-de-su-segundo-piso\/","title":{"rendered":"Alfonso Durazo destaca siete a\u00f1os de la Cuarta Transformaci\u00f3n y el inicio de su \u201csegundo piso\u201d"},"content":{"rendered":"<p data-start=\"178\" data-end=\"559\">El presidente del Consejo Nacional de Morena, <strong data-start=\"224\" data-end=\"250\">Alfonso Durazo Monta\u00f1o<\/strong>, afirm\u00f3 que con la llegada de la <strong data-start=\"284\" data-end=\"314\">Cuarta Transformaci\u00f3n (4T)<\/strong> M\u00e9xico corrigi\u00f3 el rumbo de su historia y coloc\u00f3 a la ciudadan\u00eda en el centro de las decisiones p\u00fablicas. Sus declaraciones se dieron durante la conmemoraci\u00f3n por los <strong data-start=\"482\" data-end=\"511\">siete a\u00f1os del movimiento<\/strong>, realizada en el Z\u00f3calo de la Ciudad de M\u00e9xico.<\/p>\n<p data-start=\"178\" data-end=\"559\"><a href=\"https:\/\/soledaddurazo.com\/storage\/2025\/12\/b73607d1-6d48-4666-9ba4-d7c8b9beb2ab.jpeg\"><img loading=\"lazy\" decoding=\"async\" class=\"aligncenter size-full wp-image-23836\" src=\"https:\/\/soledaddurazo.com\/storage\/2025\/12\/b73607d1-6d48-4666-9ba4-d7c8b9beb2ab.jpeg\" alt=\"\" width=\"1280\" height=\"854\" srcset=\"https:\/\/soledaddurazo.com\/storage\/2025\/12\/b73607d1-6d48-4666-9ba4-d7c8b9beb2ab.jpeg 1280w, https:\/\/soledaddurazo.com\/storage\/2025\/12\/b73607d1-6d48-4666-9ba4-d7c8b9beb2ab-300x200.jpeg 300w, https:\/\/soledaddurazo.com\/storage\/2025\/12\/b73607d1-6d48-4666-9ba4-d7c8b9beb2ab-1024x683.jpeg 1024w, https:\/\/soledaddurazo.com\/storage\/2025\/12\/b73607d1-6d48-4666-9ba4-d7c8b9beb2ab-768x512.jpeg 768w, https:\/\/soledaddurazo.com\/storage\/2025\/12\/b73607d1-6d48-4666-9ba4-d7c8b9beb2ab-600x400.jpeg 600w, https:\/\/soledaddurazo.com\/storage\/2025\/12\/b73607d1-6d48-4666-9ba4-d7c8b9beb2ab-750x500.jpeg 750w, https:\/\/soledaddurazo.com\/storage\/2025\/12\/b73607d1-6d48-4666-9ba4-d7c8b9beb2ab-1140x761.jpeg 1140w\" sizes=\"auto, (max-width: 1280px) 100vw, 1280px\" \/><\/a><\/p>\n<p data-start=\"561\" data-end=\"818\">Durazo record\u00f3 que el pa\u00eds dio \u201cun giro radical\u201d gracias a una decisi\u00f3n democr\u00e1tica y pac\u00edfica de la mayor\u00eda ciudadana en las urnas, lo que permiti\u00f3 consolidar un proyecto que \u2014dijo\u2014 avanza con participaci\u00f3n, organizaci\u00f3n, inclusi\u00f3n, pluralismo y esperanza.<\/p>\n<p data-start=\"820\" data-end=\"1135\">En su mensaje, sostuvo que estos siete a\u00f1os representan un periodo en el que el poder p\u00fablico se ha orientado hacia la utilidad social y la dignidad del pueblo, dejando atr\u00e1s un modelo elitista y centrado en intereses particulares. Agreg\u00f3 que el movimiento recuper\u00f3 la confianza del pa\u00eds en s\u00ed mismo y en su futuro.<\/p>\n<p data-start=\"1137\" data-end=\"1377\">El dirigente morenista destac\u00f3 que bajo el liderazgo de la presidenta <strong data-start=\"1207\" data-end=\"1228\">Claudia Sheinbaum<\/strong>, M\u00e9xico transita por la segunda etapa del proyecto nacional, enfocada en consolidar lo alcanzado y enfrentar con certidumbre los desaf\u00edos por venir.<\/p>\n<p data-start=\"1379\" data-end=\"1590\">Afirm\u00f3 tambi\u00e9n que la participaci\u00f3n ciudadana ha permitido cambios verdaderos, y que un gobierno austero puede ampliar derechos y garantizar finanzas p\u00fablicas responsables, siempre en favor del bienestar social.<\/p>\n<p data-start=\"1592\" data-end=\"1917\">Finalmente, Durazo subray\u00f3 que la 4T ha colocado al pa\u00eds en una posici\u00f3n in\u00e9dita, iniciada durante el gobierno del expresidente <strong data-start=\"1720\" data-end=\"1751\">Andr\u00e9s Manuel L\u00f3pez Obrador<\/strong>, y que con Sheinbaum M\u00e9xico es \u201cm\u00e1s pr\u00f3spero, incluyente, igualitario y democr\u00e1tico\u201d, decidido \u2014dijo\u2014 a defender su soberan\u00eda y a no subordinarse a intereses ajenos.<\/p>\n","protected":false},"excerpt":{"rendered":"<p>El presidente del Consejo Nacional de Morena, Alfonso Durazo Monta\u00f1o, afirm\u00f3 que con la llegada de la Cuarta Transformaci\u00f3n (4T) M\u00e9xico corrigi\u00f3 el rumbo de su historia y coloc\u00f3 a la ciudadan\u00eda en el centro de las decisiones p\u00fablicas. Sus declaraciones se dieron durante la conmemoraci\u00f3n por los siete a\u00f1os del movimiento, realizada en el [&hellip;]<\/p>\n","protected":false},"author":1,"featured_media":23834,"comment_status":"open","ping_status":"open","sticky":false,"template":"","format":"standard","meta":{"footnotes":""},"categories":[153],"tags":[],"class_list":["post"],"yoast_head":" \n<title>Alfonso Durazo destaca siete a\u00f1os de la Cuarta Transformaci\u00f3n y el inicio de su \u201csegundo piso\u201d - Periodista SoledadDurazo.com<\/title>\n<meta name=\"robots\" content=\"index, follow, max-snippet:-1, max-image-preview:large, max-video-preview:-1\" \/>\n<link rel=\"canonical\" href=\"https:\/\/soledaddurazo.com\/blog\/2025\/12\/06\/alfonso-durazo-destaca-siete-anos-de-la-cuarta-transformacion-y-el-inicio-de-su-segundo-piso\/\" \/>\n<meta property=\"og:locale\" content=\"es_MX\" \/>\n<meta property=\"og:type\" content=\"article\" \/>\n<meta property=\"og:title\" content=\"Alfonso Durazo destaca siete a\u00f1os de la Cuarta Transformaci\u00f3n y el inicio de su \u201csegundo piso\u201d\" \/>\n<meta property=\"og:description\" content=\"El presidente del Consejo Nacional de Morena, Alfonso Durazo Monta\u00f1o, afirm\u00f3 que con la llegada de la Cuarta Transformaci\u00f3n (4T) M\u00e9xico corrigi\u00f3 el rumbo de su historia y coloc\u00f3 a la ciudadan\u00eda en el centro de las decisiones p\u00fablicas. Sus declaraciones se dieron durante la conmemoraci\u00f3n por los siete a\u00f1os del movimiento, realizada en el [&hellip;]\" \/>\n<meta property=\"og:url\" content=\"https:\/\/soledaddurazo.com\/blog\/2025\/12\/06\/alfonso-durazo-destaca-siete-anos-de-la-cuarta-transformacion-y-el-inicio-de-su-segundo-piso\/\" \/>\n<meta property=\"og:site_name\" content=\"Periodista SoledadDurazo.com\" \/>\n<meta property=\"article:publisher\" content=\"https:\/\/www.facebook.com\/soledad.durazo.9\/\" \/>\n<meta property=\"article:published_time\" content=\"2025-12-07T00:19:01+00:00\" \/>\n<meta property=\"article:modified_time\" content=\"2025-12-12T20:03:33+00:00\" \/>\n<meta property=\"og:image\" content=\"https:\/\/soledaddurazo.com\/storage\/2025\/12\/1e43270f-e5e3-44b4-a25e-5cc33c2e5012.jpeg\" \/>\n\t<meta property=\"og:image:width\" content=\"1280\" \/>\n\t<meta property=\"og:image:height\" content=\"854\" \/>\n<meta name=\"twitter:card\" content=\"summary_large_image\" \/>\n<meta name=\"twitter:creator\" content=\"@SoledadDurazo\" \/>\n<meta name=\"twitter:site\" content=\"@SoledadDurazo\" \/>\n<meta name=\"twitter:label1\" content=\"Escrito por\" \/>\n\t<meta name=\"twitter:data1\" content=\"Redacci\u00f3n\" \/>\n\t<meta name=\"twitter:label2\" content=\"Tiempo de lectura\" \/>\n\t<meta name=\"twitter:data2\" content=\"2 minutos\" \/>\n<script type=\"application\/ld+json\" class=\"yoast-schema-graph\">{\"@context\":\"https:\/\/schema.org\",\"@graph\":[{\"@type\":\"Organization\",\"@id\":\"https:\/\/soledaddurazo.com\/#organization\",\"name\":\"Soledad Durazo\",\"url\":\"https:\/\/soledaddurazo.com\/\",\"sameAs\":[\"https:\/\/www.facebook.com\/soledad.durazo.9\/\",\"https:\/\/www.instagram.com\/soledaddurazo\",\"https:\/\/www.youtube.com\/channel\/UC9yGPw8-Vbl_B2XNkRwPS-w\",\"https:\/\/twitter.com\/SoledadDurazo\"],\"logo\":{\"@type\":\"ImageObject\",\"@id\":\"https:\/\/soledaddurazo.com\/#logo\",\"inLanguage\":\"es\",\"url\":\"https:\/\/soledaddurazo.com\/storage\/2021\/11\/nllp-720x375-1-2.png\",\"contentUrl\":\"https:\/\/soledaddurazo.com\/storage\/2021\/11\/nllp-720x375-1-2.png\",\"width\":720,\"height\":375,\"caption\":\"Soledad Durazo\"},\"image\":{\"@id\":\"https:\/\/soledaddurazo.com\/#logo\"}},{\"@type\":\"WebSite\",\"@id\":\"https:\/\/soledaddurazo.com\/#website\",\"url\":\"https:\/\/soledaddurazo.com\/\",\"name\":\"Periodista SoledadDurazo.com\",\"description\":\"Periodista sonorense. Directora de www.SoledadDurazo.com Columnista, conductora de radio y Tv. Catedr\\u00e1tica en la UNISON\",\"publisher\":{\"@id\":\"https:\/\/soledaddurazo.com\/#organization\"},\"potentialAction\":[{\"@type\":\"SearchAction\",\"target\":{\"@type\":\"EntryPoint\",\"urlTemplate\":\"https:\/\/soledaddurazo.com\/?s={search_term_string}\"},\"query-input\":\"required name=search_term_string\"}],\"inLanguage\":\"es\"},{\"@type\":\"ImageObject\",\"@id\":\"https:\/\/soledaddurazo.com\/blog\/2025\/12\/06\/alfonso-durazo-destaca-siete-anos-de-la-cuarta-transformacion-y-el-inicio-de-su-segundo-piso\/#primaryimage\",\"inLanguage\":\"es\",\"url\":\"https:\/\/soledaddurazo.com\/storage\/2025\/12\/1e43270f-e5e3-44b4-a25e-5cc33c2e5012.jpeg\",\"contentUrl\":\"https:\/\/soledaddurazo.com\/storage\/2025\/12\/1e43270f-e5e3-44b4-a25e-5cc33c2e5012.jpeg\",\"width\":1280,\"height\":854},{\"@type\":\"WebPage\",\"@id\":\"https:\/\/soledaddurazo.com\/blog\/2025\/12\/06\/alfonso-durazo-destaca-siete-anos-de-la-cuarta-transformacion-y-el-inicio-de-su-segundo-piso\/#webpage\",\"url\":\"https:\/\/soledaddurazo.com\/blog\/2025\/12\/06\/alfonso-durazo-destaca-siete-anos-de-la-cuarta-transformacion-y-el-inicio-de-su-segundo-piso\/\",\"name\":\"Alfonso Durazo destaca siete a\\u00f1os de la Cuarta Transformaci\\u00f3n y el inicio de su \\u201csegundo piso\\u201d - Periodista SoledadDurazo.com\",\"isPartOf\":{\"@id\":\"https:\/\/soledaddurazo.com\/#website\"},\"primaryImageOfPage\":{\"@id\":\"https:\/\/soledaddurazo.com\/blog\/2025\/12\/06\/alfonso-durazo-destaca-siete-anos-de-la-cuarta-transformacion-y-el-inicio-de-su-segundo-piso\/#primaryimage\"},\"datePublished\":\"2025-12-07T00:19:01+00:00\",\"dateModified\":\"2025-12-12T20:03:33+00:00\",\"breadcrumb\":{\"@id\":\"https:\/\/soledaddurazo.com\/blog\/2025\/12\/06\/alfonso-durazo-destaca-siete-anos-de-la-cuarta-transformacion-y-el-inicio-de-su-segundo-piso\/#breadcrumb\"},\"inLanguage\":\"es\",\"potentialAction\":[{\"@type\":\"ReadAction\",\"target\":[\"https:\/\/soledaddurazo.com\/blog\/2025\/12\/06\/alfonso-durazo-destaca-siete-anos-de-la-cuarta-transformacion-y-el-inicio-de-su-segundo-piso\/\"]}]},{\"@type\":\"BreadcrumbList\",\"@id\":\"https:\/\/soledaddurazo.com\/blog\/2025\/12\/06\/alfonso-durazo-destaca-siete-anos-de-la-cuarta-transformacion-y-el-inicio-de-su-segundo-piso\/#breadcrumb\",\"itemListElement\":[{\"@type\":\"ListItem\",\"position\":1,\"name\":\"Home\",\"item\":\"https:\/\/soledaddurazo.com\/\"},{\"@type\":\"ListItem\",\"position\":2,\"name\":\"Alfonso Durazo destaca siete a\\u00f1os de la Cuarta Transformaci\\u00f3n y el inicio de su \\u201csegundo piso\\u201d\"}]},{\"@type\":\"Article\",\"@id\":\"https:\/\/soledaddurazo.com\/blog\/2025\/12\/06\/alfonso-durazo-destaca-siete-anos-de-la-cuarta-transformacion-y-el-inicio-de-su-segundo-piso\/#article\",\"isPartOf\":{\"@id\":\"https:\/\/soledaddurazo.com\/blog\/2025\/12\/06\/alfonso-durazo-destaca-siete-anos-de-la-cuarta-transformacion-y-el-inicio-de-su-segundo-piso\/#webpage\"},\"author\":{\"@id\":\"https:\/\/soledaddurazo.com\/#\/schema\/person\/822d8e13aa288585e6546f179853758b\"},\"headline\":\"Alfonso Durazo destaca siete a\\u00f1os de la Cuarta Transformaci\\u00f3n y el inicio de su \\u201csegundo piso\\u201d\",\"datePublished\":\"2025-12-07T00:19:01+00:00\",\"dateModified\":\"2025-12-12T20:03:33+00:00\",\"mainEntityOfPage\":{\"@id\":\"https:\/\/soledaddurazo.com\/blog\/2025\/12\/06\/alfonso-durazo-destaca-siete-anos-de-la-cuarta-transformacion-y-el-inicio-de-su-segundo-piso\/#webpage\"},\"wordCount\":322,\"commentCount\":0,\"publisher\":{\"@id\":\"https:\/\/soledaddurazo.com\/#organization\"},\"image\":{\"@id\":\"https:\/\/soledaddurazo.com\/blog\/2025\/12\/06\/alfonso-durazo-destaca-siete-anos-de-la-cuarta-transformacion-y-el-inicio-de-su-segundo-piso\/#primaryimage\"},\"thumbnailUrl\":\"https:\/\/soledaddurazo.com\/storage\/2025\/12\/1e43270f-e5e3-44b4-a25e-5cc33c2e5012.jpeg\",\"articleSection\":[\"principal\"],\"inLanguage\":\"es\",\"potentialAction\":[{\"@type\":\"CommentAction\",\"name\":\"Comment\",\"target\":[\"https:\/\/soledaddurazo.com\/blog\/2025\/12\/06\/alfonso-durazo-destaca-siete-anos-de-la-cuarta-transformacion-y-el-inicio-de-su-segundo-piso\/#respond\"]}]},{\"@type\":\"Person\",\"@id\":\"https:\/\/soledaddurazo.com\/#\/schema\/person\/822d8e13aa288585e6546f179853758b\",\"name\":\"Redacci\\u00f3n\",\"image\":{\"@type\":\"ImageObject\",\"@id\":\"https:\/\/soledaddurazo.com\/#personlogo\",\"inLanguage\":\"es\",\"url\":\"https:\/\/secure.gravatar.com\/avatar\/c4e193752f756fd61f04deebed3a3a20dc188d37edb53682d313ac57f2725d54?s=96&d=mm&r=g\",\"contentUrl\":\"https:\/\/secure.gravatar.com\/avatar\/c4e193752f756fd61f04deebed3a3a20dc188d37edb53682d313ac57f2725d54?s=96&d=mm&r=g\",\"caption\":\"Redacci\\u00f3n\"},\"sameAs\":[\"https:\/\/soledaddurazo.com\"]}]}<\/script>\n ","yoast_head_json":{"title":"Alfonso Durazo destaca siete a\u00f1os de la Cuarta Transformaci\u00f3n y el inicio de su \u201csegundo piso\u201d - Periodista SoledadDurazo.com","robots":{"index":"index","follow":"follow","max-snippet":"max-snippet:-1","max-image-preview":"max-image-preview:large","max-video-preview":"max-video-preview:-1"},"canonical":"https:\/\/soledaddurazo.com\/blog\/2025\/12\/06\/alfonso-durazo-destaca-siete-anos-de-la-cuarta-transformacion-y-el-inicio-de-su-segundo-piso\/","og_locale":"es_MX","og_type":"article","og_title":"Alfonso Durazo destaca siete a\u00f1os de la Cuarta Transformaci\u00f3n y el inicio de su \u201csegundo piso\u201d","og_description":"El presidente del Consejo Nacional de Morena, Alfonso Durazo Monta\u00f1o, afirm\u00f3 que con la llegada de la Cuarta Transformaci\u00f3n (4T) M\u00e9xico corrigi\u00f3 el rumbo de su historia y coloc\u00f3 a la ciudadan\u00eda en el centro de las decisiones p\u00fablicas. Sus declaraciones se dieron durante la conmemoraci\u00f3n por los siete a\u00f1os del movimiento, realizada en el [&hellip;]","og_url":"https:\/\/soledaddurazo.com\/blog\/2025\/12\/06\/alfonso-durazo-destaca-siete-anos-de-la-cuarta-transformacion-y-el-inicio-de-su-segundo-piso\/","og_site_name":"Periodista SoledadDurazo.com","article_publisher":"https:\/\/www.facebook.com\/soledad.durazo.9\/","article_published_time":"2025-12-07T00:19:01+00:00","article_modified_time":"2025-12-12T20:03:33+00:00","og_image":[{"width":1280,"height":854,"url":"https:\/\/soledaddurazo.com\/storage\/2025\/12\/1e43270f-e5e3-44b4-a25e-5cc33c2e5012.jpeg","type":"image\/jpeg"}],"twitter_card":"summary_large_image","twitter_creator":"@SoledadDurazo","twitter_site":"@SoledadDurazo","twitter_misc":{"Escrito por":"Redacci\u00f3n","Tiempo de lectura":"2 minutos"},"schema":{"@context":"https:\/\/schema.org","@graph":[{"@type":"Organization","@id":"https:\/\/soledaddurazo.com\/#organization","name":"Soledad Durazo","url":"https:\/\/soledaddurazo.com\/","sameAs":["https:\/\/www.facebook.com\/soledad.durazo.9\/","https:\/\/www.instagram.com\/soledaddurazo","https:\/\/www.youtube.com\/channel\/UC9yGPw8-Vbl_B2XNkRwPS-w","https:\/\/twitter.com\/SoledadDurazo"],"logo":{"@type":"ImageObject","@id":"https:\/\/soledaddurazo.com\/#logo","inLanguage":"es","url":"https:\/\/soledaddurazo.com\/storage\/2021\/11\/nllp-720x375-1-2.png","contentUrl":"https:\/\/soledaddurazo.com\/storage\/2021\/11\/nllp-720x375-1-2.png","width":720,"height":375,"caption":"Soledad Durazo"},"image":{"@id":"https:\/\/soledaddurazo.com\/#logo"}},{"@type":"WebSite","@id":"https:\/\/soledaddurazo.com\/#website","url":"https:\/\/soledaddurazo.com\/","name":"Periodista SoledadDurazo.com","description":"Periodista sonorense. Directora de www.SoledadDurazo.com Columnista, conductora de radio y Tv. Catedr\u00e1tica en la UNISON","publisher":{"@id":"https:\/\/soledaddurazo.com\/#organization"},"potentialAction":[{"@type":"SearchAction","target":{"@type":"EntryPoint","urlTemplate":"https:\/\/soledaddurazo.com\/?s={search_term_string}"},"query-input":"required name=search_term_string"}],"inLanguage":"es"},{"@type":"ImageObject","@id":"https:\/\/soledaddurazo.com\/blog\/2025\/12\/06\/alfonso-durazo-destaca-siete-anos-de-la-cuarta-transformacion-y-el-inicio-de-su-segundo-piso\/#primaryimage","inLanguage":"es","url":"https:\/\/soledaddurazo.com\/storage\/2025\/12\/1e43270f-e5e3-44b4-a25e-5cc33c2e5012.jpeg","contentUrl":"https:\/\/soledaddurazo.com\/storage\/2025\/12\/1e43270f-e5e3-44b4-a25e-5cc33c2e5012.jpeg","width":1280,"height":854},{"@type":"WebPage","@id":"https:\/\/soledaddurazo.com\/blog\/2025\/12\/06\/alfonso-durazo-destaca-siete-anos-de-la-cuarta-transformacion-y-el-inicio-de-su-segundo-piso\/#webpage","url":"https:\/\/soledaddurazo.com\/blog\/2025\/12\/06\/alfonso-durazo-destaca-siete-anos-de-la-cuarta-transformacion-y-el-inicio-de-su-segundo-piso\/","name":"Alfonso Durazo destaca siete a\u00f1os de la Cuarta Transformaci\u00f3n y el inicio de su \u201csegundo piso\u201d - Periodista SoledadDurazo.com","isPartOf":{"@id":"https:\/\/soledaddurazo.com\/#website"},"primaryImageOfPage":{"@id":"https:\/\/soledaddurazo.com\/blog\/2025\/12\/06\/alfonso-durazo-destaca-siete-anos-de-la-cuarta-transformacion-y-el-inicio-de-su-segundo-piso\/#primaryimage"},"datePublished":"2025-12-07T00:19:01+00:00","dateModified":"2025-12-12T20:03:33+00:00","breadcrumb":{"@id":"https:\/\/soledaddurazo.com\/blog\/2025\/12\/06\/alfonso-durazo-destaca-siete-anos-de-la-cuarta-transformacion-y-el-inicio-de-su-segundo-piso\/#breadcrumb"},"inLanguage":"es","potentialAction":[{"@type":"ReadAction","target":["https:\/\/soledaddurazo.com\/blog\/2025\/12\/06\/alfonso-durazo-destaca-siete-anos-de-la-cuarta-transformacion-y-el-inicio-de-su-segundo-piso\/"]}]},{"@type":"BreadcrumbList","@id":"https:\/\/soledaddurazo.com\/blog\/2025\/12\/06\/alfonso-durazo-destaca-siete-anos-de-la-cuarta-transformacion-y-el-inicio-de-su-segundo-piso\/#breadcrumb","itemListElement":[{"@type":"ListItem","position":1,"name":"Home","item":"https:\/\/soledaddurazo.com\/"},{"@type":"ListItem","position":2,"name":"Alfonso Durazo destaca siete a\u00f1os de la Cuarta Transformaci\u00f3n y el inicio de su \u201csegundo piso\u201d"}]},{"@type":"Article","@id":"https:\/\/soledaddurazo.com\/blog\/2025\/12\/06\/alfonso-durazo-destaca-siete-anos-de-la-cuarta-transformacion-y-el-inicio-de-su-segundo-piso\/#article","isPartOf":{"@id":"https:\/\/soledaddurazo.com\/blog\/2025\/12\/06\/alfonso-durazo-destaca-siete-anos-de-la-cuarta-transformacion-y-el-inicio-de-su-segundo-piso\/#webpage"},"author":{"@id":"https:\/\/soledaddurazo.com\/#\/schema\/person\/822d8e13aa288585e6546f179853758b"},"headline":"Alfonso Durazo destaca siete a\u00f1os de la Cuarta Transformaci\u00f3n y el inicio de su \u201csegundo piso\u201d","datePublished":"2025-12-07T00:19:01+00:00","dateModified":"2025-12-12T20:03:33+00:00","mainEntityOfPage":{"@id":"https:\/\/soledaddurazo.com\/blog\/2025\/12\/06\/alfonso-durazo-destaca-siete-anos-de-la-cuarta-transformacion-y-el-inicio-de-su-segundo-piso\/#webpage"},"wordCount":322,"commentCount":0,"publisher":{"@id":"https:\/\/soledaddurazo.com\/#organization"},"image":{"@id":"https:\/\/soledaddurazo.com\/blog\/2025\/12\/06\/alfonso-durazo-destaca-siete-anos-de-la-cuarta-transformacion-y-el-inicio-de-su-segundo-piso\/#primaryimage"},"thumbnailUrl":"https:\/\/soledaddurazo.com\/storage\/2025\/12\/1e43270f-e5e3-44b4-a25e-5cc33c2e5012.jpeg","articleSection":["principal"],"inLanguage":"es","potentialAction":[{"@type":"CommentAction","name":"Comment","target":["https:\/\/soledaddurazo.com\/blog\/2025\/12\/06\/alfonso-durazo-destaca-siete-anos-de-la-cuarta-transformacion-y-el-inicio-de-su-segundo-piso\/#respond"]}]},{"@type":"Person","@id":"https:\/\/soledaddurazo.com\/#\/schema\/person\/822d8e13aa288585e6546f179853758b","name":"Redacci\u00f3n","image":{"@type":"ImageObject","@id":"https:\/\/soledaddurazo.com\/#personlogo","inLanguage":"es","url":"https:\/\/secure.gravatar.com\/avatar\/c4e193752f756fd61f04deebed3a3a20dc188d37edb53682d313ac57f2725d54?s=96&d=mm&r=g","contentUrl":"https:\/\/secure.gravatar.com\/avatar\/c4e193752f756fd61f04deebed3a3a20dc188d37edb53682d313ac57f2725d54?s=96&d=mm&r=g","caption":"Redacci\u00f3n"},"sameAs":["https:\/\/soledaddurazo.com"]}]}},"_links":{"self":[{"href":"https:\/\/soledaddurazo.com\/api\/wp\/v2\/posts\/23833","targetHints":{"allow":["GET"]}}],"collection":[{"href":"https:\/\/soledaddurazo.com\/api\/wp\/v2\/posts"}],"about":[{"href":"https:\/\/soledaddurazo.com\/api\/wp\/v2\/types\/post"}],"author":[{"embeddable":true,"href":"https:\/\/soledaddurazo.com\/api\/wp\/v2\/users\/1"}],"replies":[{"embeddable":true,"href":"https:\/\/soledaddurazo.com\/api\/wp\/v2\/comments?post=23833"}],"version-history":[{"count":1,"href":"https:\/\/soledaddurazo.com\/api\/wp\/v2\/posts\/23833\/revisions"}],"predecessor-version":[{"id":23837,"href":"https:\/\/soledaddurazo.com\/api\/wp\/v2\/posts\/23833\/revisions\/23837"}],"wp:featuredmedia":[{"embeddable":true,"href":"https:\/\/soledaddurazo.com\/api\/wp\/v2\/media\/23834"}],"wp:attachment":[{"href":"https:\/\/soledaddurazo.com\/api\/wp\/v2\/media?parent=23833"}],"wp:term":[{"taxonomy":"category","embeddable":true,"href":"https:\/\/soledaddurazo.com\/api\/wp\/v2\/categories?post=23833"},{"taxonomy":"post_tag","embeddable":true,"href":"https:\/\/soledaddurazo.com\/api\/wp\/v2\/tags?post=23833"}],"curies":[{"name":"wp","href":"https:\/\/api.w.org\/{rel}","templated":true}]}}