{"id":23828,"date":"2025-12-04T20:39:08","date_gmt":"2025-12-05T03:39:08","guid":{"rendered":"https:\/\/soledaddurazo.com\/?p=23828"},"modified":"2025-12-12T13:03:20","modified_gmt":"2025-12-12T20:03:20","slug":"dif-sonora-celebra-37-anos-del-cree-hermosillo-referente-estatal-en-rehabilitacion","status":"publish","type":"post","link":"https:\/\/soledaddurazo.com\/blog\/2025\/12\/04\/dif-sonora-celebra-37-anos-del-cree-hermosillo-referente-estatal-en-rehabilitacion\/","title":{"rendered":"DIF Sonora celebra 37 a\u00f1os del CREE Hermosillo, referente estatal en rehabilitaci\u00f3n"},"content":{"rendered":"<p align=\"center\">\n<p>Hermosillo, Sonora; 28 de noviembre de 2025.\u2013El Sistema DIF estatal, celebr\u00f3 el 37 aniversario del Centro de Rehabilitaci\u00f3n y Educaci\u00f3n Especial (CREE Hermosillo), consolidado como un pilar en la atenci\u00f3n integral a las personas con discapacidad.<\/p>\n<p>Fundado en 1987, el CREE naci\u00f3 con la convicci\u00f3n de garantizar una vida digna y con oportunidades para todas las personas. Desde entonces, ha brindado atenci\u00f3n m\u00e9dica especializada, terapias de rehabilitaci\u00f3n, educaci\u00f3n especial y acompa\u00f1amiento familiar, convirti\u00e9ndose en un referente regional.<\/p>\n<p>Para el gobernador Alfonso Durazo, es de suma importancia brindar una atenci\u00f3n integral a quienes viven con una discapacidad; por ello, durante su administraci\u00f3n se ampli\u00f3 el horario de atenci\u00f3n para terapias f\u00edsicas y de lenguaje de 7:00 a 20:00 horas, de lunes a viernes.<\/p>\n<p>Durante estos 37 a\u00f1os, el centro ha evolucionado incorporando tecnolog\u00eda, nuevas modalidades terap\u00e9uticas y programas de inclusi\u00f3n escolar y laboral. Adem\u00e1s, ha formado a generaciones de profesionales en fisioterapia, terapia de lenguaje, psicolog\u00eda y trabajo social.<\/p>\n<p>La titular del Sistema DIF Sonora, Lizeth V\u00e1squez Ochoa, reconoci\u00f3 al personal del CREE como la pieza clave de su funcionamiento, as\u00ed como a las familias que han confiado en el centro y cuya fortaleza inspira el trabajo diario.<\/p>\n<p>Refrend\u00f3 el compromiso del gobernador para seguir modernizando sus servicios, fortalecer las unidades de neurodesarrollo y ampliar su alcance a comunidades vulnerables del estado mediante la red estatal de Unidades B\u00e1sicas de Rehabilitaci\u00f3n<\/p>\n","protected":false},"excerpt":{"rendered":"<p>Hermosillo, Sonora; 28 de noviembre de 2025.\u2013El Sistema DIF estatal, celebr\u00f3 el 37 aniversario del Centro de Rehabilitaci\u00f3n y Educaci\u00f3n Especial (CREE Hermosillo), consolidado como un pilar en la atenci\u00f3n integral a las personas con discapacidad. Fundado en 1987, el CREE naci\u00f3 con la convicci\u00f3n de garantizar una vida digna y con oportunidades para todas [&hellip;]<\/p>\n","protected":false},"author":1,"featured_media":23829,"comment_status":"open","ping_status":"open","sticky":false,"template":"","format":"standard","meta":{"footnotes":""},"categories":[159,153],"tags":[],"class_list":["post"],"yoast_head":" \n<title>DIF Sonora celebra 37 a\u00f1os del CREE Hermosillo, referente estatal en rehabilitaci\u00f3n - Periodista SoledadDurazo.com<\/title>\n<meta name=\"robots\" content=\"index, follow, max-snippet:-1, max-image-preview:large, max-video-preview:-1\" \/>\n<link rel=\"canonical\" href=\"https:\/\/soledaddurazo.com\/blog\/2025\/12\/04\/dif-sonora-celebra-37-anos-del-cree-hermosillo-referente-estatal-en-rehabilitacion\/\" \/>\n<meta property=\"og:locale\" content=\"es_MX\" \/>\n<meta property=\"og:type\" content=\"article\" \/>\n<meta property=\"og:title\" content=\"DIF Sonora celebra 37 a\u00f1os del CREE Hermosillo, referente estatal en rehabilitaci\u00f3n\" \/>\n<meta property=\"og:description\" content=\"Hermosillo, Sonora; 28 de noviembre de 2025.\u2013El Sistema DIF estatal, celebr\u00f3 el 37 aniversario del Centro de Rehabilitaci\u00f3n y Educaci\u00f3n Especial (CREE Hermosillo), consolidado como un pilar en la atenci\u00f3n integral a las personas con discapacidad. Fundado en 1987, el CREE naci\u00f3 con la convicci\u00f3n de garantizar una vida digna y con oportunidades para todas [&hellip;]\" \/>\n<meta property=\"og:url\" content=\"https:\/\/soledaddurazo.com\/blog\/2025\/12\/04\/dif-sonora-celebra-37-anos-del-cree-hermosillo-referente-estatal-en-rehabilitacion\/\" \/>\n<meta property=\"og:site_name\" content=\"Periodista SoledadDurazo.com\" \/>\n<meta property=\"article:publisher\" content=\"https:\/\/www.facebook.com\/soledad.durazo.9\/\" \/>\n<meta property=\"article:published_time\" content=\"2025-12-05T03:39:08+00:00\" \/>\n<meta property=\"article:modified_time\" content=\"2025-12-12T20:03:20+00:00\" \/>\n<meta property=\"og:image\" content=\"https:\/\/soledaddurazo.com\/storage\/2025\/12\/mail-4.jpeg\" \/>\n\t<meta property=\"og:image:width\" content=\"1200\" \/>\n\t<meta property=\"og:image:height\" content=\"801\" \/>\n<meta name=\"twitter:card\" content=\"summary_large_image\" \/>\n<meta name=\"twitter:creator\" content=\"@SoledadDurazo\" \/>\n<meta name=\"twitter:site\" content=\"@SoledadDurazo\" \/>\n<meta name=\"twitter:label1\" content=\"Escrito por\" \/>\n\t<meta name=\"twitter:data1\" content=\"Redacci\u00f3n\" \/>\n\t<meta name=\"twitter:label2\" content=\"Tiempo de lectura\" \/>\n\t<meta name=\"twitter:data2\" content=\"2 minutos\" \/>\n<script type=\"application\/ld+json\" class=\"yoast-schema-graph\">{\"@context\":\"https:\/\/schema.org\",\"@graph\":[{\"@type\":\"Organization\",\"@id\":\"https:\/\/soledaddurazo.com\/#organization\",\"name\":\"Soledad Durazo\",\"url\":\"https:\/\/soledaddurazo.com\/\",\"sameAs\":[\"https:\/\/www.facebook.com\/soledad.durazo.9\/\",\"https:\/\/www.instagram.com\/soledaddurazo\",\"https:\/\/www.youtube.com\/channel\/UC9yGPw8-Vbl_B2XNkRwPS-w\",\"https:\/\/twitter.com\/SoledadDurazo\"],\"logo\":{\"@type\":\"ImageObject\",\"@id\":\"https:\/\/soledaddurazo.com\/#logo\",\"inLanguage\":\"es\",\"url\":\"https:\/\/soledaddurazo.com\/storage\/2021\/11\/nllp-720x375-1-2.png\",\"contentUrl\":\"https:\/\/soledaddurazo.com\/storage\/2021\/11\/nllp-720x375-1-2.png\",\"width\":720,\"height\":375,\"caption\":\"Soledad Durazo\"},\"image\":{\"@id\":\"https:\/\/soledaddurazo.com\/#logo\"}},{\"@type\":\"WebSite\",\"@id\":\"https:\/\/soledaddurazo.com\/#website\",\"url\":\"https:\/\/soledaddurazo.com\/\",\"name\":\"Periodista SoledadDurazo.com\",\"description\":\"Periodista sonorense. Directora de www.SoledadDurazo.com Columnista, conductora de radio y Tv. Catedr\\u00e1tica en la UNISON\",\"publisher\":{\"@id\":\"https:\/\/soledaddurazo.com\/#organization\"},\"potentialAction\":[{\"@type\":\"SearchAction\",\"target\":{\"@type\":\"EntryPoint\",\"urlTemplate\":\"https:\/\/soledaddurazo.com\/?s={search_term_string}\"},\"query-input\":\"required name=search_term_string\"}],\"inLanguage\":\"es\"},{\"@type\":\"ImageObject\",\"@id\":\"https:\/\/soledaddurazo.com\/blog\/2025\/12\/04\/dif-sonora-celebra-37-anos-del-cree-hermosillo-referente-estatal-en-rehabilitacion\/#primaryimage\",\"inLanguage\":\"es\",\"url\":\"https:\/\/soledaddurazo.com\/storage\/2025\/12\/mail-4.jpeg\",\"contentUrl\":\"https:\/\/soledaddurazo.com\/storage\/2025\/12\/mail-4.jpeg\",\"width\":1200,\"height\":801},{\"@type\":\"WebPage\",\"@id\":\"https:\/\/soledaddurazo.com\/blog\/2025\/12\/04\/dif-sonora-celebra-37-anos-del-cree-hermosillo-referente-estatal-en-rehabilitacion\/#webpage\",\"url\":\"https:\/\/soledaddurazo.com\/blog\/2025\/12\/04\/dif-sonora-celebra-37-anos-del-cree-hermosillo-referente-estatal-en-rehabilitacion\/\",\"name\":\"DIF Sonora celebra 37 a\\u00f1os del CREE Hermosillo, referente estatal en rehabilitaci\\u00f3n - Periodista SoledadDurazo.com\",\"isPartOf\":{\"@id\":\"https:\/\/soledaddurazo.com\/#website\"},\"primaryImageOfPage\":{\"@id\":\"https:\/\/soledaddurazo.com\/blog\/2025\/12\/04\/dif-sonora-celebra-37-anos-del-cree-hermosillo-referente-estatal-en-rehabilitacion\/#primaryimage\"},\"datePublished\":\"2025-12-05T03:39:08+00:00\",\"dateModified\":\"2025-12-12T20:03:20+00:00\",\"breadcrumb\":{\"@id\":\"https:\/\/soledaddurazo.com\/blog\/2025\/12\/04\/dif-sonora-celebra-37-anos-del-cree-hermosillo-referente-estatal-en-rehabilitacion\/#breadcrumb\"},\"inLanguage\":\"es\",\"potentialAction\":[{\"@type\":\"ReadAction\",\"target\":[\"https:\/\/soledaddurazo.com\/blog\/2025\/12\/04\/dif-sonora-celebra-37-anos-del-cree-hermosillo-referente-estatal-en-rehabilitacion\/\"]}]},{\"@type\":\"BreadcrumbList\",\"@id\":\"https:\/\/soledaddurazo.com\/blog\/2025\/12\/04\/dif-sonora-celebra-37-anos-del-cree-hermosillo-referente-estatal-en-rehabilitacion\/#breadcrumb\",\"itemListElement\":[{\"@type\":\"ListItem\",\"position\":1,\"name\":\"Home\",\"item\":\"https:\/\/soledaddurazo.com\/\"},{\"@type\":\"ListItem\",\"position\":2,\"name\":\"DIF Sonora celebra 37 a\\u00f1os del CREE Hermosillo, referente estatal en rehabilitaci\\u00f3n\"}]},{\"@type\":\"Article\",\"@id\":\"https:\/\/soledaddurazo.com\/blog\/2025\/12\/04\/dif-sonora-celebra-37-anos-del-cree-hermosillo-referente-estatal-en-rehabilitacion\/#article\",\"isPartOf\":{\"@id\":\"https:\/\/soledaddurazo.com\/blog\/2025\/12\/04\/dif-sonora-celebra-37-anos-del-cree-hermosillo-referente-estatal-en-rehabilitacion\/#webpage\"},\"author\":{\"@id\":\"https:\/\/soledaddurazo.com\/#\/schema\/person\/822d8e13aa288585e6546f179853758b\"},\"headline\":\"DIF Sonora celebra 37 a\\u00f1os del CREE Hermosillo, referente estatal en rehabilitaci\\u00f3n\",\"datePublished\":\"2025-12-05T03:39:08+00:00\",\"dateModified\":\"2025-12-12T20:03:20+00:00\",\"mainEntityOfPage\":{\"@id\":\"https:\/\/soledaddurazo.com\/blog\/2025\/12\/04\/dif-sonora-celebra-37-anos-del-cree-hermosillo-referente-estatal-en-rehabilitacion\/#webpage\"},\"wordCount\":260,\"commentCount\":0,\"publisher\":{\"@id\":\"https:\/\/soledaddurazo.com\/#organization\"},\"image\":{\"@id\":\"https:\/\/soledaddurazo.com\/blog\/2025\/12\/04\/dif-sonora-celebra-37-anos-del-cree-hermosillo-referente-estatal-en-rehabilitacion\/#primaryimage\"},\"thumbnailUrl\":\"https:\/\/soledaddurazo.com\/storage\/2025\/12\/mail-4.jpeg\",\"articleSection\":[\"Mi Sonora\",\"principal\"],\"inLanguage\":\"es\",\"potentialAction\":[{\"@type\":\"CommentAction\",\"name\":\"Comment\",\"target\":[\"https:\/\/soledaddurazo.com\/blog\/2025\/12\/04\/dif-sonora-celebra-37-anos-del-cree-hermosillo-referente-estatal-en-rehabilitacion\/#respond\"]}]},{\"@type\":\"Person\",\"@id\":\"https:\/\/soledaddurazo.com\/#\/schema\/person\/822d8e13aa288585e6546f179853758b\",\"name\":\"Redacci\\u00f3n\",\"image\":{\"@type\":\"ImageObject\",\"@id\":\"https:\/\/soledaddurazo.com\/#personlogo\",\"inLanguage\":\"es\",\"url\":\"https:\/\/secure.gravatar.com\/avatar\/c4e193752f756fd61f04deebed3a3a20dc188d37edb53682d313ac57f2725d54?s=96&d=mm&r=g\",\"contentUrl\":\"https:\/\/secure.gravatar.com\/avatar\/c4e193752f756fd61f04deebed3a3a20dc188d37edb53682d313ac57f2725d54?s=96&d=mm&r=g\",\"caption\":\"Redacci\\u00f3n\"},\"sameAs\":[\"https:\/\/soledaddurazo.com\"]}]}<\/script>\n ","yoast_head_json":{"title":"DIF Sonora celebra 37 a\u00f1os del CREE Hermosillo, referente estatal en rehabilitaci\u00f3n - Periodista SoledadDurazo.com","robots":{"index":"index","follow":"follow","max-snippet":"max-snippet:-1","max-image-preview":"max-image-preview:large","max-video-preview":"max-video-preview:-1"},"canonical":"https:\/\/soledaddurazo.com\/blog\/2025\/12\/04\/dif-sonora-celebra-37-anos-del-cree-hermosillo-referente-estatal-en-rehabilitacion\/","og_locale":"es_MX","og_type":"article","og_title":"DIF Sonora celebra 37 a\u00f1os del CREE Hermosillo, referente estatal en rehabilitaci\u00f3n","og_description":"Hermosillo, Sonora; 28 de noviembre de 2025.\u2013El Sistema DIF estatal, celebr\u00f3 el 37 aniversario del Centro de Rehabilitaci\u00f3n y Educaci\u00f3n Especial (CREE Hermosillo), consolidado como un pilar en la atenci\u00f3n integral a las personas con discapacidad. Fundado en 1987, el CREE naci\u00f3 con la convicci\u00f3n de garantizar una vida digna y con oportunidades para todas [&hellip;]","og_url":"https:\/\/soledaddurazo.com\/blog\/2025\/12\/04\/dif-sonora-celebra-37-anos-del-cree-hermosillo-referente-estatal-en-rehabilitacion\/","og_site_name":"Periodista SoledadDurazo.com","article_publisher":"https:\/\/www.facebook.com\/soledad.durazo.9\/","article_published_time":"2025-12-05T03:39:08+00:00","article_modified_time":"2025-12-12T20:03:20+00:00","og_image":[{"width":1200,"height":801,"url":"https:\/\/soledaddurazo.com\/storage\/2025\/12\/mail-4.jpeg","type":"image\/jpeg"}],"twitter_card":"summary_large_image","twitter_creator":"@SoledadDurazo","twitter_site":"@SoledadDurazo","twitter_misc":{"Escrito por":"Redacci\u00f3n","Tiempo de lectura":"2 minutos"},"schema":{"@context":"https:\/\/schema.org","@graph":[{"@type":"Organization","@id":"https:\/\/soledaddurazo.com\/#organization","name":"Soledad Durazo","url":"https:\/\/soledaddurazo.com\/","sameAs":["https:\/\/www.facebook.com\/soledad.durazo.9\/","https:\/\/www.instagram.com\/soledaddurazo","https:\/\/www.youtube.com\/channel\/UC9yGPw8-Vbl_B2XNkRwPS-w","https:\/\/twitter.com\/SoledadDurazo"],"logo":{"@type":"ImageObject","@id":"https:\/\/soledaddurazo.com\/#logo","inLanguage":"es","url":"https:\/\/soledaddurazo.com\/storage\/2021\/11\/nllp-720x375-1-2.png","contentUrl":"https:\/\/soledaddurazo.com\/storage\/2021\/11\/nllp-720x375-1-2.png","width":720,"height":375,"caption":"Soledad Durazo"},"image":{"@id":"https:\/\/soledaddurazo.com\/#logo"}},{"@type":"WebSite","@id":"https:\/\/soledaddurazo.com\/#website","url":"https:\/\/soledaddurazo.com\/","name":"Periodista SoledadDurazo.com","description":"Periodista sonorense. Directora de www.SoledadDurazo.com Columnista, conductora de radio y Tv. Catedr\u00e1tica en la UNISON","publisher":{"@id":"https:\/\/soledaddurazo.com\/#organization"},"potentialAction":[{"@type":"SearchAction","target":{"@type":"EntryPoint","urlTemplate":"https:\/\/soledaddurazo.com\/?s={search_term_string}"},"query-input":"required name=search_term_string"}],"inLanguage":"es"},{"@type":"ImageObject","@id":"https:\/\/soledaddurazo.com\/blog\/2025\/12\/04\/dif-sonora-celebra-37-anos-del-cree-hermosillo-referente-estatal-en-rehabilitacion\/#primaryimage","inLanguage":"es","url":"https:\/\/soledaddurazo.com\/storage\/2025\/12\/mail-4.jpeg","contentUrl":"https:\/\/soledaddurazo.com\/storage\/2025\/12\/mail-4.jpeg","width":1200,"height":801},{"@type":"WebPage","@id":"https:\/\/soledaddurazo.com\/blog\/2025\/12\/04\/dif-sonora-celebra-37-anos-del-cree-hermosillo-referente-estatal-en-rehabilitacion\/#webpage","url":"https:\/\/soledaddurazo.com\/blog\/2025\/12\/04\/dif-sonora-celebra-37-anos-del-cree-hermosillo-referente-estatal-en-rehabilitacion\/","name":"DIF Sonora celebra 37 a\u00f1os del CREE Hermosillo, referente estatal en rehabilitaci\u00f3n - Periodista SoledadDurazo.com","isPartOf":{"@id":"https:\/\/soledaddurazo.com\/#website"},"primaryImageOfPage":{"@id":"https:\/\/soledaddurazo.com\/blog\/2025\/12\/04\/dif-sonora-celebra-37-anos-del-cree-hermosillo-referente-estatal-en-rehabilitacion\/#primaryimage"},"datePublished":"2025-12-05T03:39:08+00:00","dateModified":"2025-12-12T20:03:20+00:00","breadcrumb":{"@id":"https:\/\/soledaddurazo.com\/blog\/2025\/12\/04\/dif-sonora-celebra-37-anos-del-cree-hermosillo-referente-estatal-en-rehabilitacion\/#breadcrumb"},"inLanguage":"es","potentialAction":[{"@type":"ReadAction","target":["https:\/\/soledaddurazo.com\/blog\/2025\/12\/04\/dif-sonora-celebra-37-anos-del-cree-hermosillo-referente-estatal-en-rehabilitacion\/"]}]},{"@type":"BreadcrumbList","@id":"https:\/\/soledaddurazo.com\/blog\/2025\/12\/04\/dif-sonora-celebra-37-anos-del-cree-hermosillo-referente-estatal-en-rehabilitacion\/#breadcrumb","itemListElement":[{"@type":"ListItem","position":1,"name":"Home","item":"https:\/\/soledaddurazo.com\/"},{"@type":"ListItem","position":2,"name":"DIF Sonora celebra 37 a\u00f1os del CREE Hermosillo, referente estatal en rehabilitaci\u00f3n"}]},{"@type":"Article","@id":"https:\/\/soledaddurazo.com\/blog\/2025\/12\/04\/dif-sonora-celebra-37-anos-del-cree-hermosillo-referente-estatal-en-rehabilitacion\/#article","isPartOf":{"@id":"https:\/\/soledaddurazo.com\/blog\/2025\/12\/04\/dif-sonora-celebra-37-anos-del-cree-hermosillo-referente-estatal-en-rehabilitacion\/#webpage"},"author":{"@id":"https:\/\/soledaddurazo.com\/#\/schema\/person\/822d8e13aa288585e6546f179853758b"},"headline":"DIF Sonora celebra 37 a\u00f1os del CREE Hermosillo, referente estatal en rehabilitaci\u00f3n","datePublished":"2025-12-05T03:39:08+00:00","dateModified":"2025-12-12T20:03:20+00:00","mainEntityOfPage":{"@id":"https:\/\/soledaddurazo.com\/blog\/2025\/12\/04\/dif-sonora-celebra-37-anos-del-cree-hermosillo-referente-estatal-en-rehabilitacion\/#webpage"},"wordCount":260,"commentCount":0,"publisher":{"@id":"https:\/\/soledaddurazo.com\/#organization"},"image":{"@id":"https:\/\/soledaddurazo.com\/blog\/2025\/12\/04\/dif-sonora-celebra-37-anos-del-cree-hermosillo-referente-estatal-en-rehabilitacion\/#primaryimage"},"thumbnailUrl":"https:\/\/soledaddurazo.com\/storage\/2025\/12\/mail-4.jpeg","articleSection":["Mi Sonora","principal"],"inLanguage":"es","potentialAction":[{"@type":"CommentAction","name":"Comment","target":["https:\/\/soledaddurazo.com\/blog\/2025\/12\/04\/dif-sonora-celebra-37-anos-del-cree-hermosillo-referente-estatal-en-rehabilitacion\/#respond"]}]},{"@type":"Person","@id":"https:\/\/soledaddurazo.com\/#\/schema\/person\/822d8e13aa288585e6546f179853758b","name":"Redacci\u00f3n","image":{"@type":"ImageObject","@id":"https:\/\/soledaddurazo.com\/#personlogo","inLanguage":"es","url":"https:\/\/secure.gravatar.com\/avatar\/c4e193752f756fd61f04deebed3a3a20dc188d37edb53682d313ac57f2725d54?s=96&d=mm&r=g","contentUrl":"https:\/\/secure.gravatar.com\/avatar\/c4e193752f756fd61f04deebed3a3a20dc188d37edb53682d313ac57f2725d54?s=96&d=mm&r=g","caption":"Redacci\u00f3n"},"sameAs":["https:\/\/soledaddurazo.com"]}]}},"_links":{"self":[{"href":"https:\/\/soledaddurazo.com\/api\/wp\/v2\/posts\/23828","targetHints":{"allow":["GET"]}}],"collection":[{"href":"https:\/\/soledaddurazo.com\/api\/wp\/v2\/posts"}],"about":[{"href":"https:\/\/soledaddurazo.com\/api\/wp\/v2\/types\/post"}],"author":[{"embeddable":true,"href":"https:\/\/soledaddurazo.com\/api\/wp\/v2\/users\/1"}],"replies":[{"embeddable":true,"href":"https:\/\/soledaddurazo.com\/api\/wp\/v2\/comments?post=23828"}],"version-history":[{"count":1,"href":"https:\/\/soledaddurazo.com\/api\/wp\/v2\/posts\/23828\/revisions"}],"predecessor-version":[{"id":23830,"href":"https:\/\/soledaddurazo.com\/api\/wp\/v2\/posts\/23828\/revisions\/23830"}],"wp:featuredmedia":[{"embeddable":true,"href":"https:\/\/soledaddurazo.com\/api\/wp\/v2\/media\/23829"}],"wp:attachment":[{"href":"https:\/\/soledaddurazo.com\/api\/wp\/v2\/media?parent=23828"}],"wp:term":[{"taxonomy":"category","embeddable":true,"href":"https:\/\/soledaddurazo.com\/api\/wp\/v2\/categories?post=23828"},{"taxonomy":"post_tag","embeddable":true,"href":"https:\/\/soledaddurazo.com\/api\/wp\/v2\/tags?post=23828"}],"curies":[{"name":"wp","href":"https:\/\/api.w.org\/{rel}","templated":true}]}}