{"id":23811,"date":"2025-12-02T07:23:51","date_gmt":"2025-12-02T14:23:51","guid":{"rendered":"https:\/\/soledaddurazo.com\/?p=23811"},"modified":"2025-12-02T07:24:46","modified_gmt":"2025-12-02T14:24:46","slug":"regreso-providencial","status":"publish","type":"post","link":"https:\/\/soledaddurazo.com\/blog\/2025\/12\/02\/regreso-providencial\/","title":{"rendered":"\u00bfRegreso providencial?"},"content":{"rendered":"<p>\u2022 Consolida Gobernador Durazo a San Carlos como polo tur\u00edstico regional<br \/>\n\u2022 PES confirma papel en mes\u00f3n de la Cuarta Transformaci\u00f3n<br \/>\n\u2022 Fiscal\u00eda informa de ava nces en caso Waldo\u00b4s<\/p>\n<p><a href=\"https:\/\/soledaddurazo.com\/storage\/2025\/12\/IMG-20251202-WA0002.jpg\"><img loading=\"lazy\" decoding=\"async\" class=\"aligncenter size-full wp-image-23812\" src=\"https:\/\/soledaddurazo.com\/storage\/2025\/12\/IMG-20251202-WA0002.jpg\" alt=\"\" width=\"1200\" height=\"750\" srcset=\"https:\/\/soledaddurazo.com\/storage\/2025\/12\/IMG-20251202-WA0002.jpg 1200w, https:\/\/soledaddurazo.com\/storage\/2025\/12\/IMG-20251202-WA0002-300x188.jpg 300w, https:\/\/soledaddurazo.com\/storage\/2025\/12\/IMG-20251202-WA0002-1024x640.jpg 1024w, https:\/\/soledaddurazo.com\/storage\/2025\/12\/IMG-20251202-WA0002-768x480.jpg 768w, https:\/\/soledaddurazo.com\/storage\/2025\/12\/IMG-20251202-WA0002-600x375.jpg 600w, https:\/\/soledaddurazo.com\/storage\/2025\/12\/IMG-20251202-WA0002-750x469.jpg 750w, https:\/\/soledaddurazo.com\/storage\/2025\/12\/IMG-20251202-WA0002-1140x713.jpg 1140w\" sizes=\"auto, (max-width: 1200px) 100vw, 1200px\" \/><\/a><br \/>\nLa reaparici\u00f3n p\u00fablica de Andr\u00e9s Manuel L\u00f3pez Obrador para presentar su nuevo libro, se presenta justo en el momento en que el segundo piso de la Cuarta Transformaci\u00f3n transita por un momento dif\u00edcil que representa su reto m\u00e1s serio.<\/p>\n<p>A poco m\u00e1s de 14 meses de haber asumido la Presidencia de la Republica, Claudia Sheinbaum ha enfrentado una serie de crisis internas que se suman a la compleja relaci\u00f3n con nuestro principal socio comercial Estados Unidos, que no le han dado descanso ni oportunidad de celebrar una victoria pol\u00edtica. Una serie de crisis que no son montajes de la oposici\u00f3n ni conspiraciones obra del neoliberalismo maldito.<\/p>\n<p>Ah\u00ed est\u00e1 la intrincada red de huachicol fiscal que salpic\u00f3 a la Secretar\u00eda de Marina y al sistema de aduanas; la detenci\u00f3n de Hern\u00e1n Berm\u00fadez Requena, exsecretario de Seguridad de Tabasco, acusado de liderar al grupo criminal de La Barredora del C\u00e1rtel Jalisco; las vacaciones del bienestar, que evidenciaron la vida de lujo adoptada por algunos actores protagonistas de primera l\u00ednea en la Cuarta Transformaci\u00f3n; el asesinato del Presidente Municipal de Uruapan, Carlos Manzo, que deja muchas interrogantes; el esc\u00e1ndalo de influyentismo destapado tras el resultado del concurso Miss Universo, donde las pistas conducen a la colusi\u00f3n de comisi\u00f3n de delitos graves, incluido el propio huachicol, entre el padre de la concursante ganadora del certamen y el due\u00f1o de Miss Universo; y por \u00faltimo, las protestas masivas de agricultores y transportistas que demandan mejores pol\u00edticas de apoyo al campo y mayor seguridad en las carreteras.<\/p>\n<p>La lista es bastante nutrida mientras la Presidenta Sheinbaum intenta marcar su propio estilo de gobernar asumiendo el costo pol\u00edtico de estos esc\u00e1ndalos, pues los nombres y cargos de los protagonistas de estos episodios, contrastan con la narrativa del discurso oficial que presume honradez, como caracter\u00edstica principal del r\u00e9gimen transformador.<\/p>\n<p>En su mensaje, Andr\u00e9s Manuel L\u00f3pez Obrador dej\u00f3 abierta la posibilidad de un eventual regreso a la pol\u00edtica activa recorriendo el pa\u00eds, para defender a la democracia; a la soberan\u00eda o a la Presidenta, en caso de un intento de golpe de Estado. Condiciones muy subjetivas para volver a salir a la calle.<\/p>\n<p>La Presidenta Claudia Sheinbaum marc\u00f3 distancia inmediatamente, con elegancia y firmeza descart\u00f3 los escenarios planteados por L\u00f3pez Obrador en su mensaje.<br \/>\nCreo que dej\u00f3 claro que el pa\u00eds no necesita m\u00e1s sobresaltos ni regresos providenciales, lo que se requiere es estabilidad y la apuesta de Sheinbaum es por la institucionalidad y el respaldo de los mexicanos, pues los mexicanos elegimos quien condujera el segundo piso de la Cuarta Transformaci\u00f3n.<\/p>\n<p>CONSOLIDA GOBERNADOR DURAZO A SAN CARLOS COMO PRINCIPAL POLO TUR\u00cdSTICO DE LA REGI\u00d3N<\/p>\n<p>Con la primera piedra de Seascape San Carlos, el Gobernador Alfonso Durazo apuntala la narrativa de transformaci\u00f3n econ\u00f3mica en el Puerto de Guaymas para catapultarle como una potencia tur\u00edstica.<\/p>\n<p>En gira por el municipio de Guaymas, acompa\u00f1ado de la Presidenta Municipal Karla C\u00f3rdova Gonz\u00e1lez, el mandatario puso la primera piedra de Seascape San Carlos, proyecto inmobiliario que invertir\u00e1 800 millones de pesos para construir una torre de condominios residenciales<\/p>\n<p>Con aliados empresariales s\u00f3lidos y una visi\u00f3n centrada en el bienestar, este proyecto promete detonar empleo, modernidad y nuevas oportunidades para las familias sonorenses, ser\u00e1 un im\u00e1n tur\u00edstico para los mercados de Arizona y Chihuahua.<\/p>\n<p>Este proyecto confirma que la inversi\u00f3n sigue llegando a San Carlos, y que el turismo sigue caminando a paso firme para ser el motor de la econom\u00eda regional<\/p>\n<p>PES CONFIRMA PAPEL EN LA MESA DE LA CUARTA TRANSFORMACI\u00d3N<\/p>\n<p>El Partido Encuentro Solidario puso la muestra este fin de semana que se encuentra en pleno proceso de crecimiento y renovaci\u00f3n, con la designaci\u00f3n de nuevas dirigencias en Huatabampo, con Mar\u00eda Dolores Palafox L\u00f3pez y Juan Carlos Soto en Navojoa, ambos, perfiles de aut\u00e9ntico arraigo comunitario.<\/p>\n<p>La apuesta del PES parece ser clara, consolida una estructura s\u00f3lida y cercana a la gente.<\/p>\n<p>Paloma Ter\u00e1n, su dirigente estatal, logr\u00f3 reunir a liderazgos de peso y mandar el mensaje de unidad al convocar no solo a la plana mayor del PES, con su fundador Vicente Ter\u00e1n y la Diputada Amairany Pe\u00f1a Escalante, la presencia de la Senadora Lorenia Valles; de la Diputada Federal Alma Higuera; los Presidentes Municipales de Cajeme, Javier Lamarque; de Navojoa, Jorge Alberto El\u00edas y de Huatabampo, Alberto V\u00e1zquez y el Diputado Prospero Valenzuela, confirman la unidad en el movimiento.<\/p>\n<p>Paloma Ter\u00e1n busca dejar claro el papel del PES en la arena pol\u00edtica regional, consolidarlo como un actor protag\u00f3nico con un lugar en el mes\u00f3n de la cuarta transformaci\u00f3n en Sonora.<\/p>\n<p>FISCAL\u00cdA INFORMA DE AVANCES EN CASO WALDO\u00b4S<\/p>\n<p>Al cumplirse el primer mes de ocurrida la tragedia en la tienda Waldo\u2019s del centro de Hermosillo, que cobr\u00f3 la vida de 24 personas, el Fiscal General de Justicia del Estado, Gustavo R\u00f3mulo Salas, en un mensaje, inform\u00f3 que los peritajes avanzan para determinar las causas que ocasionaron esa lamentable tragedia.<\/p>\n<p>Inform\u00f3 el descubrimiento de una situaci\u00f3n muy grave, permisos irregulares, documentos ap\u00f3crifos y funcionarios que apenas ahora aparecen.<\/p>\n<p>El Fiscal Salas volvi\u00f3 a dejar claro el especial cuidado que se tiene en aplicar escrupulosamente el rigor t\u00e9cnico para dejar claridad en la investigaci\u00f3n, pero la ciudadan\u00eda no espera discursos de laboratorios, espera responsables.<\/p>\n<p>Esta tragedia reclama la aplicaci\u00f3n de la justicia sin rodeos, extender las investigaciones por m\u00e1s tiempo generar\u00e1 una percepci\u00f3n de impunidad, otra vez la impunidad que nos asecha. \u00bfNo lo cree as\u00ed estimado lector?<\/p>\n<p>Los invito a escuchar los viernes la mesa de an\u00e1lisis de SONORA EN RED NOTICIAS, ejercicio de opini\u00f3n que realizo en compa\u00f1\u00eda de mis amigos Arturo Chapo Soto, Arturo Ballesteros y Gustavo Valenzuela, por el 93.3 del cuadrante de F.M. desde Guaymas para todo el sur de Sonora, y por la se\u00f1al del canal 14 de Estrella Tucson TV, en el sur de Arizona.<br \/>\nY en Radio Sol 104.7 F.M. LENGUAS VESPERTINAS, de lunes a viernes a las 17:00 horas, le vamos a ofrecer una peque\u00f1a dosis de grilla.<\/p>\n<p>Podemos interactuar a trav\u00e9s de mi cuenta de Twitter @feroropeza20 o en mi correo electr\u00f3nico luiso@hmo.megared.net.mx<\/p>\n","protected":false},"excerpt":{"rendered":"<p>\u2022 Consolida Gobernador Durazo a San Carlos como polo tur\u00edstico regional \u2022 PES confirma papel en mes\u00f3n de la Cuarta Transformaci\u00f3n \u2022 Fiscal\u00eda informa de ava nces en caso Waldo\u00b4s La reaparici\u00f3n p\u00fablica de Andr\u00e9s Manuel L\u00f3pez Obrador para presentar su nuevo libro, se presenta justo en el momento en que el segundo piso de [&hellip;]<\/p>\n","protected":false},"author":1,"featured_media":23272,"comment_status":"open","ping_status":"open","sticky":false,"template":"","format":"standard","meta":{"footnotes":""},"categories":[173],"tags":[],"class_list":["post"],"yoast_head":" \n<title>\u00bfRegreso providencial? - Periodista SoledadDurazo.com<\/title>\n<meta name=\"robots\" content=\"index, follow, max-snippet:-1, max-image-preview:large, max-video-preview:-1\" \/>\n<link rel=\"canonical\" href=\"https:\/\/soledaddurazo.com\/blog\/2025\/12\/02\/regreso-providencial\/\" \/>\n<meta property=\"og:locale\" content=\"es_MX\" \/>\n<meta property=\"og:type\" content=\"article\" \/>\n<meta property=\"og:title\" content=\"\u00bfRegreso providencial?\" \/>\n<meta property=\"og:description\" content=\"\u2022 Consolida Gobernador Durazo a San Carlos como polo tur\u00edstico regional \u2022 PES confirma papel en mes\u00f3n de la Cuarta Transformaci\u00f3n \u2022 Fiscal\u00eda informa de ava nces en caso Waldo\u00b4s La reaparici\u00f3n p\u00fablica de Andr\u00e9s Manuel L\u00f3pez Obrador para presentar su nuevo libro, se presenta justo en el momento en que el segundo piso de [&hellip;]\" \/>\n<meta property=\"og:url\" content=\"https:\/\/soledaddurazo.com\/blog\/2025\/12\/02\/regreso-providencial\/\" \/>\n<meta property=\"og:site_name\" content=\"Periodista SoledadDurazo.com\" \/>\n<meta property=\"article:publisher\" content=\"https:\/\/www.facebook.com\/soledad.durazo.9\/\" \/>\n<meta property=\"article:published_time\" content=\"2025-12-02T14:23:51+00:00\" \/>\n<meta property=\"article:modified_time\" content=\"2025-12-02T14:24:46+00:00\" \/>\n<meta property=\"og:image\" content=\"https:\/\/soledaddurazo.com\/storage\/2025\/08\/9a-GRAFICO-FERNANDO-OROPEZA.jpeg\" \/>\n\t<meta property=\"og:image:width\" content=\"1092\" \/>\n\t<meta property=\"og:image:height\" content=\"983\" \/>\n<meta name=\"twitter:card\" content=\"summary_large_image\" \/>\n<meta name=\"twitter:creator\" content=\"@SoledadDurazo\" \/>\n<meta name=\"twitter:site\" content=\"@SoledadDurazo\" \/>\n<meta name=\"twitter:label1\" content=\"Escrito por\" \/>\n\t<meta name=\"twitter:data1\" content=\"Redacci\u00f3n\" \/>\n\t<meta name=\"twitter:label2\" content=\"Tiempo de lectura\" \/>\n\t<meta name=\"twitter:data2\" content=\"5 minutos\" \/>\n<script type=\"application\/ld+json\" class=\"yoast-schema-graph\">{\"@context\":\"https:\/\/schema.org\",\"@graph\":[{\"@type\":\"Organization\",\"@id\":\"https:\/\/soledaddurazo.com\/#organization\",\"name\":\"Soledad Durazo\",\"url\":\"https:\/\/soledaddurazo.com\/\",\"sameAs\":[\"https:\/\/www.facebook.com\/soledad.durazo.9\/\",\"https:\/\/www.instagram.com\/soledaddurazo\",\"https:\/\/www.youtube.com\/channel\/UC9yGPw8-Vbl_B2XNkRwPS-w\",\"https:\/\/twitter.com\/SoledadDurazo\"],\"logo\":{\"@type\":\"ImageObject\",\"@id\":\"https:\/\/soledaddurazo.com\/#logo\",\"inLanguage\":\"es\",\"url\":\"https:\/\/soledaddurazo.com\/storage\/2021\/11\/nllp-720x375-1-2.png\",\"contentUrl\":\"https:\/\/soledaddurazo.com\/storage\/2021\/11\/nllp-720x375-1-2.png\",\"width\":720,\"height\":375,\"caption\":\"Soledad Durazo\"},\"image\":{\"@id\":\"https:\/\/soledaddurazo.com\/#logo\"}},{\"@type\":\"WebSite\",\"@id\":\"https:\/\/soledaddurazo.com\/#website\",\"url\":\"https:\/\/soledaddurazo.com\/\",\"name\":\"Periodista SoledadDurazo.com\",\"description\":\"Periodista sonorense. Directora de www.SoledadDurazo.com Columnista, conductora de radio y Tv. Catedr\\u00e1tica en la UNISON\",\"publisher\":{\"@id\":\"https:\/\/soledaddurazo.com\/#organization\"},\"potentialAction\":[{\"@type\":\"SearchAction\",\"target\":{\"@type\":\"EntryPoint\",\"urlTemplate\":\"https:\/\/soledaddurazo.com\/?s={search_term_string}\"},\"query-input\":\"required name=search_term_string\"}],\"inLanguage\":\"es\"},{\"@type\":\"ImageObject\",\"@id\":\"https:\/\/soledaddurazo.com\/blog\/2025\/12\/02\/regreso-providencial\/#primaryimage\",\"inLanguage\":\"es\",\"url\":\"https:\/\/soledaddurazo.com\/storage\/2025\/08\/9a-GRAFICO-FERNANDO-OROPEZA.jpeg\",\"contentUrl\":\"https:\/\/soledaddurazo.com\/storage\/2025\/08\/9a-GRAFICO-FERNANDO-OROPEZA.jpeg\",\"width\":1092,\"height\":983},{\"@type\":\"WebPage\",\"@id\":\"https:\/\/soledaddurazo.com\/blog\/2025\/12\/02\/regreso-providencial\/#webpage\",\"url\":\"https:\/\/soledaddurazo.com\/blog\/2025\/12\/02\/regreso-providencial\/\",\"name\":\"\\u00bfRegreso providencial? - Periodista SoledadDurazo.com\",\"isPartOf\":{\"@id\":\"https:\/\/soledaddurazo.com\/#website\"},\"primaryImageOfPage\":{\"@id\":\"https:\/\/soledaddurazo.com\/blog\/2025\/12\/02\/regreso-providencial\/#primaryimage\"},\"datePublished\":\"2025-12-02T14:23:51+00:00\",\"dateModified\":\"2025-12-02T14:24:46+00:00\",\"breadcrumb\":{\"@id\":\"https:\/\/soledaddurazo.com\/blog\/2025\/12\/02\/regreso-providencial\/#breadcrumb\"},\"inLanguage\":\"es\",\"potentialAction\":[{\"@type\":\"ReadAction\",\"target\":[\"https:\/\/soledaddurazo.com\/blog\/2025\/12\/02\/regreso-providencial\/\"]}]},{\"@type\":\"BreadcrumbList\",\"@id\":\"https:\/\/soledaddurazo.com\/blog\/2025\/12\/02\/regreso-providencial\/#breadcrumb\",\"itemListElement\":[{\"@type\":\"ListItem\",\"position\":1,\"name\":\"Home\",\"item\":\"https:\/\/soledaddurazo.com\/\"},{\"@type\":\"ListItem\",\"position\":2,\"name\":\"\\u00bfRegreso providencial?\"}]},{\"@type\":\"Article\",\"@id\":\"https:\/\/soledaddurazo.com\/blog\/2025\/12\/02\/regreso-providencial\/#article\",\"isPartOf\":{\"@id\":\"https:\/\/soledaddurazo.com\/blog\/2025\/12\/02\/regreso-providencial\/#webpage\"},\"author\":{\"@id\":\"https:\/\/soledaddurazo.com\/#\/schema\/person\/822d8e13aa288585e6546f179853758b\"},\"headline\":\"\\u00bfRegreso providencial?\",\"datePublished\":\"2025-12-02T14:23:51+00:00\",\"dateModified\":\"2025-12-02T14:24:46+00:00\",\"mainEntityOfPage\":{\"@id\":\"https:\/\/soledaddurazo.com\/blog\/2025\/12\/02\/regreso-providencial\/#webpage\"},\"wordCount\":1119,\"commentCount\":0,\"publisher\":{\"@id\":\"https:\/\/soledaddurazo.com\/#organization\"},\"image\":{\"@id\":\"https:\/\/soledaddurazo.com\/blog\/2025\/12\/02\/regreso-providencial\/#primaryimage\"},\"thumbnailUrl\":\"https:\/\/soledaddurazo.com\/storage\/2025\/08\/9a-GRAFICO-FERNANDO-OROPEZA.jpeg\",\"articleSection\":[\"Fernando Oropeza\"],\"inLanguage\":\"es\",\"potentialAction\":[{\"@type\":\"CommentAction\",\"name\":\"Comment\",\"target\":[\"https:\/\/soledaddurazo.com\/blog\/2025\/12\/02\/regreso-providencial\/#respond\"]}]},{\"@type\":\"Person\",\"@id\":\"https:\/\/soledaddurazo.com\/#\/schema\/person\/822d8e13aa288585e6546f179853758b\",\"name\":\"Redacci\\u00f3n\",\"image\":{\"@type\":\"ImageObject\",\"@id\":\"https:\/\/soledaddurazo.com\/#personlogo\",\"inLanguage\":\"es\",\"url\":\"https:\/\/secure.gravatar.com\/avatar\/c4e193752f756fd61f04deebed3a3a20dc188d37edb53682d313ac57f2725d54?s=96&d=mm&r=g\",\"contentUrl\":\"https:\/\/secure.gravatar.com\/avatar\/c4e193752f756fd61f04deebed3a3a20dc188d37edb53682d313ac57f2725d54?s=96&d=mm&r=g\",\"caption\":\"Redacci\\u00f3n\"},\"sameAs\":[\"https:\/\/soledaddurazo.com\"]}]}<\/script>\n ","yoast_head_json":{"title":"\u00bfRegreso providencial? - Periodista SoledadDurazo.com","robots":{"index":"index","follow":"follow","max-snippet":"max-snippet:-1","max-image-preview":"max-image-preview:large","max-video-preview":"max-video-preview:-1"},"canonical":"https:\/\/soledaddurazo.com\/blog\/2025\/12\/02\/regreso-providencial\/","og_locale":"es_MX","og_type":"article","og_title":"\u00bfRegreso providencial?","og_description":"\u2022 Consolida Gobernador Durazo a San Carlos como polo tur\u00edstico regional \u2022 PES confirma papel en mes\u00f3n de la Cuarta Transformaci\u00f3n \u2022 Fiscal\u00eda informa de ava nces en caso Waldo\u00b4s La reaparici\u00f3n p\u00fablica de Andr\u00e9s Manuel L\u00f3pez Obrador para presentar su nuevo libro, se presenta justo en el momento en que el segundo piso de [&hellip;]","og_url":"https:\/\/soledaddurazo.com\/blog\/2025\/12\/02\/regreso-providencial\/","og_site_name":"Periodista SoledadDurazo.com","article_publisher":"https:\/\/www.facebook.com\/soledad.durazo.9\/","article_published_time":"2025-12-02T14:23:51+00:00","article_modified_time":"2025-12-02T14:24:46+00:00","og_image":[{"width":1092,"height":983,"url":"https:\/\/soledaddurazo.com\/storage\/2025\/08\/9a-GRAFICO-FERNANDO-OROPEZA.jpeg","type":"image\/jpeg"}],"twitter_card":"summary_large_image","twitter_creator":"@SoledadDurazo","twitter_site":"@SoledadDurazo","twitter_misc":{"Escrito por":"Redacci\u00f3n","Tiempo de lectura":"5 minutos"},"schema":{"@context":"https:\/\/schema.org","@graph":[{"@type":"Organization","@id":"https:\/\/soledaddurazo.com\/#organization","name":"Soledad Durazo","url":"https:\/\/soledaddurazo.com\/","sameAs":["https:\/\/www.facebook.com\/soledad.durazo.9\/","https:\/\/www.instagram.com\/soledaddurazo","https:\/\/www.youtube.com\/channel\/UC9yGPw8-Vbl_B2XNkRwPS-w","https:\/\/twitter.com\/SoledadDurazo"],"logo":{"@type":"ImageObject","@id":"https:\/\/soledaddurazo.com\/#logo","inLanguage":"es","url":"https:\/\/soledaddurazo.com\/storage\/2021\/11\/nllp-720x375-1-2.png","contentUrl":"https:\/\/soledaddurazo.com\/storage\/2021\/11\/nllp-720x375-1-2.png","width":720,"height":375,"caption":"Soledad Durazo"},"image":{"@id":"https:\/\/soledaddurazo.com\/#logo"}},{"@type":"WebSite","@id":"https:\/\/soledaddurazo.com\/#website","url":"https:\/\/soledaddurazo.com\/","name":"Periodista SoledadDurazo.com","description":"Periodista sonorense. Directora de www.SoledadDurazo.com Columnista, conductora de radio y Tv. Catedr\u00e1tica en la UNISON","publisher":{"@id":"https:\/\/soledaddurazo.com\/#organization"},"potentialAction":[{"@type":"SearchAction","target":{"@type":"EntryPoint","urlTemplate":"https:\/\/soledaddurazo.com\/?s={search_term_string}"},"query-input":"required name=search_term_string"}],"inLanguage":"es"},{"@type":"ImageObject","@id":"https:\/\/soledaddurazo.com\/blog\/2025\/12\/02\/regreso-providencial\/#primaryimage","inLanguage":"es","url":"https:\/\/soledaddurazo.com\/storage\/2025\/08\/9a-GRAFICO-FERNANDO-OROPEZA.jpeg","contentUrl":"https:\/\/soledaddurazo.com\/storage\/2025\/08\/9a-GRAFICO-FERNANDO-OROPEZA.jpeg","width":1092,"height":983},{"@type":"WebPage","@id":"https:\/\/soledaddurazo.com\/blog\/2025\/12\/02\/regreso-providencial\/#webpage","url":"https:\/\/soledaddurazo.com\/blog\/2025\/12\/02\/regreso-providencial\/","name":"\u00bfRegreso providencial? - Periodista SoledadDurazo.com","isPartOf":{"@id":"https:\/\/soledaddurazo.com\/#website"},"primaryImageOfPage":{"@id":"https:\/\/soledaddurazo.com\/blog\/2025\/12\/02\/regreso-providencial\/#primaryimage"},"datePublished":"2025-12-02T14:23:51+00:00","dateModified":"2025-12-02T14:24:46+00:00","breadcrumb":{"@id":"https:\/\/soledaddurazo.com\/blog\/2025\/12\/02\/regreso-providencial\/#breadcrumb"},"inLanguage":"es","potentialAction":[{"@type":"ReadAction","target":["https:\/\/soledaddurazo.com\/blog\/2025\/12\/02\/regreso-providencial\/"]}]},{"@type":"BreadcrumbList","@id":"https:\/\/soledaddurazo.com\/blog\/2025\/12\/02\/regreso-providencial\/#breadcrumb","itemListElement":[{"@type":"ListItem","position":1,"name":"Home","item":"https:\/\/soledaddurazo.com\/"},{"@type":"ListItem","position":2,"name":"\u00bfRegreso providencial?"}]},{"@type":"Article","@id":"https:\/\/soledaddurazo.com\/blog\/2025\/12\/02\/regreso-providencial\/#article","isPartOf":{"@id":"https:\/\/soledaddurazo.com\/blog\/2025\/12\/02\/regreso-providencial\/#webpage"},"author":{"@id":"https:\/\/soledaddurazo.com\/#\/schema\/person\/822d8e13aa288585e6546f179853758b"},"headline":"\u00bfRegreso providencial?","datePublished":"2025-12-02T14:23:51+00:00","dateModified":"2025-12-02T14:24:46+00:00","mainEntityOfPage":{"@id":"https:\/\/soledaddurazo.com\/blog\/2025\/12\/02\/regreso-providencial\/#webpage"},"wordCount":1119,"commentCount":0,"publisher":{"@id":"https:\/\/soledaddurazo.com\/#organization"},"image":{"@id":"https:\/\/soledaddurazo.com\/blog\/2025\/12\/02\/regreso-providencial\/#primaryimage"},"thumbnailUrl":"https:\/\/soledaddurazo.com\/storage\/2025\/08\/9a-GRAFICO-FERNANDO-OROPEZA.jpeg","articleSection":["Fernando Oropeza"],"inLanguage":"es","potentialAction":[{"@type":"CommentAction","name":"Comment","target":["https:\/\/soledaddurazo.com\/blog\/2025\/12\/02\/regreso-providencial\/#respond"]}]},{"@type":"Person","@id":"https:\/\/soledaddurazo.com\/#\/schema\/person\/822d8e13aa288585e6546f179853758b","name":"Redacci\u00f3n","image":{"@type":"ImageObject","@id":"https:\/\/soledaddurazo.com\/#personlogo","inLanguage":"es","url":"https:\/\/secure.gravatar.com\/avatar\/c4e193752f756fd61f04deebed3a3a20dc188d37edb53682d313ac57f2725d54?s=96&d=mm&r=g","contentUrl":"https:\/\/secure.gravatar.com\/avatar\/c4e193752f756fd61f04deebed3a3a20dc188d37edb53682d313ac57f2725d54?s=96&d=mm&r=g","caption":"Redacci\u00f3n"},"sameAs":["https:\/\/soledaddurazo.com"]}]}},"_links":{"self":[{"href":"https:\/\/soledaddurazo.com\/api\/wp\/v2\/posts\/23811","targetHints":{"allow":["GET"]}}],"collection":[{"href":"https:\/\/soledaddurazo.com\/api\/wp\/v2\/posts"}],"about":[{"href":"https:\/\/soledaddurazo.com\/api\/wp\/v2\/types\/post"}],"author":[{"embeddable":true,"href":"https:\/\/soledaddurazo.com\/api\/wp\/v2\/users\/1"}],"replies":[{"embeddable":true,"href":"https:\/\/soledaddurazo.com\/api\/wp\/v2\/comments?post=23811"}],"version-history":[{"count":1,"href":"https:\/\/soledaddurazo.com\/api\/wp\/v2\/posts\/23811\/revisions"}],"predecessor-version":[{"id":23813,"href":"https:\/\/soledaddurazo.com\/api\/wp\/v2\/posts\/23811\/revisions\/23813"}],"wp:featuredmedia":[{"embeddable":true,"href":"https:\/\/soledaddurazo.com\/api\/wp\/v2\/media\/23272"}],"wp:attachment":[{"href":"https:\/\/soledaddurazo.com\/api\/wp\/v2\/media?parent=23811"}],"wp:term":[{"taxonomy":"category","embeddable":true,"href":"https:\/\/soledaddurazo.com\/api\/wp\/v2\/categories?post=23811"},{"taxonomy":"post_tag","embeddable":true,"href":"https:\/\/soledaddurazo.com\/api\/wp\/v2\/tags?post=23811"}],"curies":[{"name":"wp","href":"https:\/\/api.w.org\/{rel}","templated":true}]}}