{"id":2378,"date":"2020-09-13T22:46:18","date_gmt":"2020-09-13T22:46:18","guid":{"rendered":"https:\/\/soledaddurazo.com\/?p=2378"},"modified":"2020-09-13T22:46:18","modified_gmt":"2020-09-13T22:46:18","slug":"prevencion-atencion-y-erradicacion-de-la-violencia-escolar","status":"publish","type":"post","link":"https:\/\/soledaddurazo.com\/blog\/2020\/09\/13\/prevencion-atencion-y-erradicacion-de-la-violencia-escolar\/","title":{"rendered":"Prevenci\u00f3n, atenci\u00f3n y erradicaci\u00f3n de la violencia escolar"},"content":{"rendered":"<p><span style=\"color: #222222; font-family: Arial, Helvetica, sans-serif; font-size: small; background-color: #ffffff;\">Para mejorar la calidad de la relaci\u00f3n entre alumnos, docentes, personal con funciones de direcci\u00f3n y supervisi\u00f3n, madres y padres de familia, la Secretar\u00eda de Educaci\u00f3n y Cultura (SEC) instal\u00f3 la Red Estatal para la Convivencia Libre de Violencia Escolar.<\/span><br style=\"color: #222222; font-family: Arial, Helvetica, sans-serif; font-size: small; background-color: #ffffff;\" \/><br style=\"color: #222222; font-family: Arial, Helvetica, sans-serif; font-size: small; background-color: #ffffff;\" \/><span style=\"color: #222222; font-family: Arial, Helvetica, sans-serif; font-size: small; background-color: #ffffff;\">El secretario de Educaci\u00f3n y Cultura, V\u00edctor Guerrero Gonz\u00e1lez, tom\u00f3 protesta de manera virtual a los integrantes y representantes institucionales permanentes, que coordinar\u00e1n esfuerzos para dise\u00f1ar e instrumentar pol\u00edticas p\u00fablicas en materia de prevenci\u00f3n, atenci\u00f3n y erradicaci\u00f3n de la violencia escolar.<\/span><br style=\"color: #222222; font-family: Arial, Helvetica, sans-serif; font-size: small; background-color: #ffffff;\" \/><br style=\"color: #222222; font-family: Arial, Helvetica, sans-serif; font-size: small; background-color: #ffffff;\" \/><span style=\"color: #222222; font-family: Arial, Helvetica, sans-serif; font-size: small; background-color: #ffffff;\">Miguel Ernesto Pompa Corella, secretario de Gobierno e invitado de honor, destac\u00f3 que aunque la sociedad atraviesa una circunstancia distinta, no deja de ser obligaci\u00f3n para el Gobierno del Estado emprender acciones para cumplir lo que la ley indica en materia educativa, especialmente en algo tan sensible e importante como prevenir, atender y erradicar la violencia escolar.<\/span><br style=\"color: #222222; font-family: Arial, Helvetica, sans-serif; font-size: small; background-color: #ffffff;\" \/><br style=\"color: #222222; font-family: Arial, Helvetica, sans-serif; font-size: small; background-color: #ffffff;\" \/><span style=\"color: #222222; font-family: Arial, Helvetica, sans-serif; font-size: small; background-color: #ffffff;\">Por su parte, Pedro Gabriel Gonz\u00e1lez Avil\u00e9s, presidente de la Comisi\u00f3n Estatal de Derechos Humanos (CEDH), agradeci\u00f3 la invitaci\u00f3n a formar parte de la Red Estatal y reiter\u00f3 la colaboraci\u00f3n del organismo para seguir coordinando esfuerzos en dicha materia.<\/span><br style=\"color: #222222; font-family: Arial, Helvetica, sans-serif; font-size: small; background-color: #ffffff;\" \/><br style=\"color: #222222; font-family: Arial, Helvetica, sans-serif; font-size: small; background-color: #ffffff;\" \/><span style=\"color: #222222; font-family: Arial, Helvetica, sans-serif; font-size: small; background-color: #ffffff;\">El secretario de Educaci\u00f3n y Cultura, V\u00edctor Guerrero Gonz\u00e1lez, detall\u00f3 que la Red Estatal para la Convivencia Libre de Violencia Escolar se conforma por los titulares de la Secretar\u00eda de Educaci\u00f3n y Cultura, Secretar\u00eda de Salud P\u00fablica, Secretar\u00eda de Seguridad P\u00fablica, Sistema DIF Sonora, la Asociaci\u00f3n Estatal de Padres de Familia y las secciones 28 y 54 del SNTE.<\/span><br style=\"color: #222222; font-family: Arial, Helvetica, sans-serif; font-size: small; background-color: #ffffff;\" \/><br style=\"color: #222222; font-family: Arial, Helvetica, sans-serif; font-size: small; background-color: #ffffff;\" \/><span style=\"color: #222222; font-family: Arial, Helvetica, sans-serif; font-size: small; background-color: #ffffff;\">\u201cLa gobernadora Claudia Pavlovich reconoce que en una convivencia arm\u00f3nica, pac\u00edfica e inclusiva se requiere un tratamiento integral con acciones que permitan mejorar la calidad de las relaciones entre alumnos, maestros, madres y padres de familia, personal con funciones de direcci\u00f3n y supervisi\u00f3n, pero esto no solo dentro de la escuela sino en el marco general de la sociedad de la convivencia con otras instituciones\u201d, enfatiz\u00f3.<\/span><br style=\"color: #222222; font-family: Arial, Helvetica, sans-serif; font-size: small; background-color: #ffffff;\" \/><br style=\"color: #222222; font-family: Arial, Helvetica, sans-serif; font-size: small; background-color: #ffffff;\" \/><span style=\"color: #222222; font-family: Arial, Helvetica, sans-serif; font-size: small; background-color: #ffffff;\">Con la instalaci\u00f3n de esta Red, precis\u00f3, se cumple lo dispuesto en la Ley No. 290 para prevenir, atender y erradicar la violencia escolar en la entidad.<\/span><br style=\"color: #222222; font-family: Arial, Helvetica, sans-serif; font-size: small; background-color: #ffffff;\" \/><br style=\"color: #222222; font-family: Arial, Helvetica, sans-serif; font-size: small; background-color: #ffffff;\" \/><span style=\"color: #222222; font-family: Arial, Helvetica, sans-serif; font-size: small; background-color: #ffffff;\">Establecer estos mecanismos de participaci\u00f3n, a\u00f1adi\u00f3, que involucran instituciones p\u00fablicas federales, estatales, municipales, acad\u00e9micas, organizaciones sindicales y de la sociedad civil, asociaciones de padres de familia y la comunidad educativa en general, fomenta la corresponsabilidad social y la cohesi\u00f3n comunitaria.<\/span><br style=\"color: #222222; font-family: Arial, Helvetica, sans-serif; font-size: small; background-color: #ffffff;\" \/><br style=\"color: #222222; font-family: Arial, Helvetica, sans-serif; font-size: small; background-color: #ffffff;\" \/><span style=\"color: #222222; font-family: Arial, Helvetica, sans-serif; font-size: small; background-color: #ffffff;\">Presentes: C\u00e9sar Said Romo Noriega, coordinador general de Convivencia, Protecci\u00f3n Civil, Salud y Seguridad Escolar y representante permanente de la SEC, as\u00ed como Tania Sa\u00f1udo Alc\u00e1ntar, secretaria t\u00e9cnica de la Red Estatal.<\/span><br style=\"color: #222222; font-family: Arial, Helvetica, sans-serif; font-size: small; background-color: #ffffff;\" \/><br style=\"color: #222222; font-family: Arial, Helvetica, sans-serif; font-size: small; background-color: #ffffff;\" \/><span style=\"color: #222222; font-family: Arial, Helvetica, sans-serif; font-size: small; background-color: #ffffff;\">Integrantes de la Red Estatal:<\/span><br style=\"color: #222222; font-family: Arial, Helvetica, sans-serif; font-size: small; background-color: #ffffff;\" \/><span style=\"color: #222222; font-family: Arial, Helvetica, sans-serif; font-size: small; background-color: #ffffff;\">\u2022 Jos\u00e9 V\u00edctor Guerrero Gonz\u00e1lez, secretario de Educaci\u00f3n y Cultura.<\/span><br style=\"color: #222222; font-family: Arial, Helvetica, sans-serif; font-size: small; background-color: #ffffff;\" \/><span style=\"color: #222222; font-family: Arial, Helvetica, sans-serif; font-size: small; background-color: #ffffff;\">\u2022 Adolfo Enrique Claussen Iberri, secretario de Salud.<\/span><br style=\"color: #222222; font-family: Arial, Helvetica, sans-serif; font-size: small; background-color: #ffffff;\" \/><span style=\"color: #222222; font-family: Arial, Helvetica, sans-serif; font-size: small; background-color: #ffffff;\">\u2022 Jos\u00e9 David Anaya Cooley, secretario de Seguridad P\u00fablica.<\/span><br style=\"color: #222222; font-family: Arial, Helvetica, sans-serif; font-size: small; background-color: #ffffff;\" \/><span style=\"color: #222222; font-family: Arial, Helvetica, sans-serif; font-size: small; background-color: #ffffff;\">\u2022 Karina Teresita Z\u00e1rate F\u00e9lix, directora general de DIF Sonora.<\/span><br style=\"color: #222222; font-family: Arial, Helvetica, sans-serif; font-size: small; background-color: #ffffff;\" \/><span style=\"color: #222222; font-family: Arial, Helvetica, sans-serif; font-size: small; background-color: #ffffff;\">\u2022 Raymundo Lagarda Borb\u00f3n, secretario general de la Secci\u00f3n 54 del SNTE.<\/span><br style=\"color: #222222; font-family: Arial, Helvetica, sans-serif; font-size: small; background-color: #ffffff;\" \/><span style=\"color: #222222; font-family: Arial, Helvetica, sans-serif; font-size: small; background-color: #ffffff;\">\u2022 C\u00e9sar Adalberto Salazar L\u00f3pez, secretario general de la Secci\u00f3n 28 del SNTE.<\/span><br style=\"color: #222222; font-family: Arial, Helvetica, sans-serif; font-size: small; background-color: #ffffff;\" \/><span style=\"color: #222222; font-family: Arial, Helvetica, sans-serif; font-size: small; background-color: #ffffff;\">\u2022 Cecilio Luna Salazar, presidente de la Asociaci\u00f3n Estatal de Padres de Familia.<\/span><br style=\"color: #222222; font-family: Arial, Helvetica, sans-serif; font-size: small; background-color: #ffffff;\" \/><span style=\"color: #222222; font-family: Arial, Helvetica, sans-serif; font-size: small; background-color: #ffffff;\">Miembros invitados:<\/span><br style=\"color: #222222; font-family: Arial, Helvetica, sans-serif; font-size: small; background-color: #ffffff;\" \/><span style=\"color: #222222; font-family: Arial, Helvetica, sans-serif; font-size: small; background-color: #ffffff;\">\u2022 Miguel Ernesto Pompa Corella, secretario de Gobierno<\/span><br style=\"color: #222222; font-family: Arial, Helvetica, sans-serif; font-size: small; background-color: #ffffff;\" \/><span style=\"color: #222222; font-family: Arial, Helvetica, sans-serif; font-size: small; background-color: #ffffff;\">\u2022 Pedro Gabriel Gonz\u00e1lez Avil\u00e9s, presidente de la Comisi\u00f3n Estatal de Derechos Humanos (CEDH).<\/span><br style=\"color: #222222; font-family: Arial, Helvetica, sans-serif; font-size: small; background-color: #ffffff;\" \/><span style=\"color: #222222; font-family: Arial, Helvetica, sans-serif; font-size: small; background-color: #ffffff;\">\u2022 Blanca Camacho Sosa, secretaria ejecutiva del Sistema Estatal de Protecci\u00f3n Integral de Ni\u00f1as, Ni\u00f1os y Adolescentes (Sipinna).<\/span><br style=\"color: #222222; font-family: Arial, Helvetica, sans-serif; font-size: small; background-color: #ffffff;\" \/><span style=\"color: #222222; font-family: Arial, Helvetica, sans-serif; font-size: small; background-color: #ffffff;\">\u2022 Jonatan Rosas Y\u00e9pez, presidente del Consejo Estatal de Participaci\u00f3n Social.<\/span><br style=\"color: #222222; font-family: Arial, Helvetica, sans-serif; font-size: small; background-color: #ffffff;\" \/><span style=\"color: #222222; font-family: Arial, Helvetica, sans-serif; font-size: small; background-color: #ffffff;\">\u2022 Sandra Idolina Urbalejo Valenzuela, titular de la Unidad de Igualdad de G\u00e9nero.<\/span><br style=\"color: #222222; font-family: Arial, Helvetica, sans-serif; font-size: small; background-color: #ffffff;\" \/><span style=\"color: #222222; font-family: Arial, Helvetica, sans-serif; font-size: small; background-color: #ffffff;\">\u2022 Luz Yadira Le\u00f3n Reyes, direcci\u00f3n general de Salud Mental y Adicciones de la Secretar\u00eda de Salud.<\/span><\/p>\n","protected":false},"excerpt":{"rendered":"<p>Para mejorar la calidad de la relaci\u00f3n entre alumnos, docentes, personal con funciones de direcci\u00f3n y supervisi\u00f3n, madres y padres de familia, la Secretar\u00eda de Educaci\u00f3n y Cultura (SEC) instal\u00f3 la Red Estatal para la Convivencia Libre de Violencia Escolar.El secretario de Educaci\u00f3n y Cultura, V\u00edctor Guerrero Gonz\u00e1lez, tom\u00f3 protesta de manera virtual a los [&hellip;]<\/p>\n","protected":false},"author":1,"featured_media":2379,"comment_status":"open","ping_status":"open","sticky":false,"template":"","format":"standard","meta":{"footnotes":""},"categories":[159],"tags":[],"class_list":["post"],"yoast_head":" \n<title>Prevenci\u00f3n, atenci\u00f3n y erradicaci\u00f3n de la violencia escolar - Periodista SoledadDurazo.com<\/title>\n<meta name=\"robots\" content=\"index, follow, max-snippet:-1, max-image-preview:large, max-video-preview:-1\" \/>\n<link rel=\"canonical\" href=\"https:\/\/soledaddurazo.com\/blog\/2020\/09\/13\/prevencion-atencion-y-erradicacion-de-la-violencia-escolar\/\" \/>\n<meta property=\"og:locale\" content=\"es_MX\" \/>\n<meta property=\"og:type\" content=\"article\" \/>\n<meta property=\"og:title\" content=\"Prevenci\u00f3n, atenci\u00f3n y erradicaci\u00f3n de la violencia escolar\" \/>\n<meta property=\"og:description\" content=\"Para mejorar la calidad de la relaci\u00f3n entre alumnos, docentes, personal con funciones de direcci\u00f3n y supervisi\u00f3n, madres y padres de familia, la Secretar\u00eda de Educaci\u00f3n y Cultura (SEC) instal\u00f3 la Red Estatal para la Convivencia Libre de Violencia Escolar.El secretario de Educaci\u00f3n y Cultura, V\u00edctor Guerrero Gonz\u00e1lez, tom\u00f3 protesta de manera virtual a los [&hellip;]\" \/>\n<meta property=\"og:url\" content=\"https:\/\/soledaddurazo.com\/blog\/2020\/09\/13\/prevencion-atencion-y-erradicacion-de-la-violencia-escolar\/\" \/>\n<meta property=\"og:site_name\" content=\"Periodista SoledadDurazo.com\" \/>\n<meta property=\"article:publisher\" content=\"https:\/\/www.facebook.com\/soledad.durazo.9\/\" \/>\n<meta property=\"article:published_time\" content=\"2020-09-13T22:46:18+00:00\" \/>\n<meta property=\"og:image\" content=\"https:\/\/soledaddurazo.com\/storage\/2020\/09\/365262784-scaled.jpg\" \/>\n\t<meta property=\"og:image:width\" content=\"2560\" \/>\n\t<meta property=\"og:image:height\" content=\"1707\" \/>\n<meta name=\"twitter:card\" content=\"summary_large_image\" \/>\n<meta name=\"twitter:creator\" content=\"@SoledadDurazo\" \/>\n<meta name=\"twitter:site\" content=\"@SoledadDurazo\" \/>\n<meta name=\"twitter:label1\" content=\"Escrito por\" \/>\n\t<meta name=\"twitter:data1\" content=\"Redacci\u00f3n\" \/>\n\t<meta name=\"twitter:label2\" content=\"Tiempo de lectura\" \/>\n\t<meta name=\"twitter:data2\" content=\"3 minutos\" \/>\n<script type=\"application\/ld+json\" class=\"yoast-schema-graph\">{\"@context\":\"https:\/\/schema.org\",\"@graph\":[{\"@type\":\"Organization\",\"@id\":\"https:\/\/soledaddurazo.com\/#organization\",\"name\":\"Soledad Durazo\",\"url\":\"https:\/\/soledaddurazo.com\/\",\"sameAs\":[\"https:\/\/www.facebook.com\/soledad.durazo.9\/\",\"https:\/\/www.instagram.com\/soledaddurazo\",\"https:\/\/www.youtube.com\/channel\/UC9yGPw8-Vbl_B2XNkRwPS-w\",\"https:\/\/twitter.com\/SoledadDurazo\"],\"logo\":{\"@type\":\"ImageObject\",\"@id\":\"https:\/\/soledaddurazo.com\/#logo\",\"inLanguage\":\"es\",\"url\":\"https:\/\/soledaddurazo.com\/storage\/2021\/11\/nllp-720x375-1-2.png\",\"contentUrl\":\"https:\/\/soledaddurazo.com\/storage\/2021\/11\/nllp-720x375-1-2.png\",\"width\":720,\"height\":375,\"caption\":\"Soledad Durazo\"},\"image\":{\"@id\":\"https:\/\/soledaddurazo.com\/#logo\"}},{\"@type\":\"WebSite\",\"@id\":\"https:\/\/soledaddurazo.com\/#website\",\"url\":\"https:\/\/soledaddurazo.com\/\",\"name\":\"Periodista SoledadDurazo.com\",\"description\":\"Periodista sonorense. Directora de www.SoledadDurazo.com Columnista, conductora de radio y Tv. Catedr\\u00e1tica en la UNISON\",\"publisher\":{\"@id\":\"https:\/\/soledaddurazo.com\/#organization\"},\"potentialAction\":[{\"@type\":\"SearchAction\",\"target\":{\"@type\":\"EntryPoint\",\"urlTemplate\":\"https:\/\/soledaddurazo.com\/?s={search_term_string}\"},\"query-input\":\"required name=search_term_string\"}],\"inLanguage\":\"es\"},{\"@type\":\"ImageObject\",\"@id\":\"https:\/\/soledaddurazo.com\/blog\/2020\/09\/13\/prevencion-atencion-y-erradicacion-de-la-violencia-escolar\/#primaryimage\",\"inLanguage\":\"es\",\"url\":\"https:\/\/soledaddurazo.com\/storage\/2020\/09\/365262784-scaled.jpg\",\"contentUrl\":\"https:\/\/soledaddurazo.com\/storage\/2020\/09\/365262784-scaled.jpg\",\"width\":2560,\"height\":1707},{\"@type\":\"WebPage\",\"@id\":\"https:\/\/soledaddurazo.com\/blog\/2020\/09\/13\/prevencion-atencion-y-erradicacion-de-la-violencia-escolar\/#webpage\",\"url\":\"https:\/\/soledaddurazo.com\/blog\/2020\/09\/13\/prevencion-atencion-y-erradicacion-de-la-violencia-escolar\/\",\"name\":\"Prevenci\\u00f3n, atenci\\u00f3n y erradicaci\\u00f3n de la violencia escolar - Periodista SoledadDurazo.com\",\"isPartOf\":{\"@id\":\"https:\/\/soledaddurazo.com\/#website\"},\"primaryImageOfPage\":{\"@id\":\"https:\/\/soledaddurazo.com\/blog\/2020\/09\/13\/prevencion-atencion-y-erradicacion-de-la-violencia-escolar\/#primaryimage\"},\"datePublished\":\"2020-09-13T22:46:18+00:00\",\"dateModified\":\"2020-09-13T22:46:18+00:00\",\"breadcrumb\":{\"@id\":\"https:\/\/soledaddurazo.com\/blog\/2020\/09\/13\/prevencion-atencion-y-erradicacion-de-la-violencia-escolar\/#breadcrumb\"},\"inLanguage\":\"es\",\"potentialAction\":[{\"@type\":\"ReadAction\",\"target\":[\"https:\/\/soledaddurazo.com\/blog\/2020\/09\/13\/prevencion-atencion-y-erradicacion-de-la-violencia-escolar\/\"]}]},{\"@type\":\"BreadcrumbList\",\"@id\":\"https:\/\/soledaddurazo.com\/blog\/2020\/09\/13\/prevencion-atencion-y-erradicacion-de-la-violencia-escolar\/#breadcrumb\",\"itemListElement\":[{\"@type\":\"ListItem\",\"position\":1,\"name\":\"Home\",\"item\":\"https:\/\/soledaddurazo.com\/\"},{\"@type\":\"ListItem\",\"position\":2,\"name\":\"Prevenci\\u00f3n, atenci\\u00f3n y erradicaci\\u00f3n de la violencia escolar\"}]},{\"@type\":\"Article\",\"@id\":\"https:\/\/soledaddurazo.com\/blog\/2020\/09\/13\/prevencion-atencion-y-erradicacion-de-la-violencia-escolar\/#article\",\"isPartOf\":{\"@id\":\"https:\/\/soledaddurazo.com\/blog\/2020\/09\/13\/prevencion-atencion-y-erradicacion-de-la-violencia-escolar\/#webpage\"},\"author\":{\"@id\":\"https:\/\/soledaddurazo.com\/#\/schema\/person\/822d8e13aa288585e6546f179853758b\"},\"headline\":\"Prevenci\\u00f3n, atenci\\u00f3n y erradicaci\\u00f3n de la violencia escolar\",\"datePublished\":\"2020-09-13T22:46:18+00:00\",\"dateModified\":\"2020-09-13T22:46:18+00:00\",\"mainEntityOfPage\":{\"@id\":\"https:\/\/soledaddurazo.com\/blog\/2020\/09\/13\/prevencion-atencion-y-erradicacion-de-la-violencia-escolar\/#webpage\"},\"wordCount\":627,\"commentCount\":0,\"publisher\":{\"@id\":\"https:\/\/soledaddurazo.com\/#organization\"},\"image\":{\"@id\":\"https:\/\/soledaddurazo.com\/blog\/2020\/09\/13\/prevencion-atencion-y-erradicacion-de-la-violencia-escolar\/#primaryimage\"},\"thumbnailUrl\":\"https:\/\/soledaddurazo.com\/storage\/2020\/09\/365262784-scaled.jpg\",\"articleSection\":[\"Mi Sonora\"],\"inLanguage\":\"es\",\"potentialAction\":[{\"@type\":\"CommentAction\",\"name\":\"Comment\",\"target\":[\"https:\/\/soledaddurazo.com\/blog\/2020\/09\/13\/prevencion-atencion-y-erradicacion-de-la-violencia-escolar\/#respond\"]}]},{\"@type\":\"Person\",\"@id\":\"https:\/\/soledaddurazo.com\/#\/schema\/person\/822d8e13aa288585e6546f179853758b\",\"name\":\"Redacci\\u00f3n\",\"image\":{\"@type\":\"ImageObject\",\"@id\":\"https:\/\/soledaddurazo.com\/#personlogo\",\"inLanguage\":\"es\",\"url\":\"https:\/\/secure.gravatar.com\/avatar\/c4e193752f756fd61f04deebed3a3a20dc188d37edb53682d313ac57f2725d54?s=96&d=mm&r=g\",\"contentUrl\":\"https:\/\/secure.gravatar.com\/avatar\/c4e193752f756fd61f04deebed3a3a20dc188d37edb53682d313ac57f2725d54?s=96&d=mm&r=g\",\"caption\":\"Redacci\\u00f3n\"},\"sameAs\":[\"https:\/\/soledaddurazo.com\"]}]}<\/script>\n ","yoast_head_json":{"title":"Prevenci\u00f3n, atenci\u00f3n y erradicaci\u00f3n de la violencia escolar - Periodista SoledadDurazo.com","robots":{"index":"index","follow":"follow","max-snippet":"max-snippet:-1","max-image-preview":"max-image-preview:large","max-video-preview":"max-video-preview:-1"},"canonical":"https:\/\/soledaddurazo.com\/blog\/2020\/09\/13\/prevencion-atencion-y-erradicacion-de-la-violencia-escolar\/","og_locale":"es_MX","og_type":"article","og_title":"Prevenci\u00f3n, atenci\u00f3n y erradicaci\u00f3n de la violencia escolar","og_description":"Para mejorar la calidad de la relaci\u00f3n entre alumnos, docentes, personal con funciones de direcci\u00f3n y supervisi\u00f3n, madres y padres de familia, la Secretar\u00eda de Educaci\u00f3n y Cultura (SEC) instal\u00f3 la Red Estatal para la Convivencia Libre de Violencia Escolar.El secretario de Educaci\u00f3n y Cultura, V\u00edctor Guerrero Gonz\u00e1lez, tom\u00f3 protesta de manera virtual a los [&hellip;]","og_url":"https:\/\/soledaddurazo.com\/blog\/2020\/09\/13\/prevencion-atencion-y-erradicacion-de-la-violencia-escolar\/","og_site_name":"Periodista SoledadDurazo.com","article_publisher":"https:\/\/www.facebook.com\/soledad.durazo.9\/","article_published_time":"2020-09-13T22:46:18+00:00","og_image":[{"width":2560,"height":1707,"url":"https:\/\/soledaddurazo.com\/storage\/2020\/09\/365262784-scaled.jpg","type":"image\/jpeg"}],"twitter_card":"summary_large_image","twitter_creator":"@SoledadDurazo","twitter_site":"@SoledadDurazo","twitter_misc":{"Escrito por":"Redacci\u00f3n","Tiempo de lectura":"3 minutos"},"schema":{"@context":"https:\/\/schema.org","@graph":[{"@type":"Organization","@id":"https:\/\/soledaddurazo.com\/#organization","name":"Soledad Durazo","url":"https:\/\/soledaddurazo.com\/","sameAs":["https:\/\/www.facebook.com\/soledad.durazo.9\/","https:\/\/www.instagram.com\/soledaddurazo","https:\/\/www.youtube.com\/channel\/UC9yGPw8-Vbl_B2XNkRwPS-w","https:\/\/twitter.com\/SoledadDurazo"],"logo":{"@type":"ImageObject","@id":"https:\/\/soledaddurazo.com\/#logo","inLanguage":"es","url":"https:\/\/soledaddurazo.com\/storage\/2021\/11\/nllp-720x375-1-2.png","contentUrl":"https:\/\/soledaddurazo.com\/storage\/2021\/11\/nllp-720x375-1-2.png","width":720,"height":375,"caption":"Soledad Durazo"},"image":{"@id":"https:\/\/soledaddurazo.com\/#logo"}},{"@type":"WebSite","@id":"https:\/\/soledaddurazo.com\/#website","url":"https:\/\/soledaddurazo.com\/","name":"Periodista SoledadDurazo.com","description":"Periodista sonorense. Directora de www.SoledadDurazo.com Columnista, conductora de radio y Tv. Catedr\u00e1tica en la UNISON","publisher":{"@id":"https:\/\/soledaddurazo.com\/#organization"},"potentialAction":[{"@type":"SearchAction","target":{"@type":"EntryPoint","urlTemplate":"https:\/\/soledaddurazo.com\/?s={search_term_string}"},"query-input":"required name=search_term_string"}],"inLanguage":"es"},{"@type":"ImageObject","@id":"https:\/\/soledaddurazo.com\/blog\/2020\/09\/13\/prevencion-atencion-y-erradicacion-de-la-violencia-escolar\/#primaryimage","inLanguage":"es","url":"https:\/\/soledaddurazo.com\/storage\/2020\/09\/365262784-scaled.jpg","contentUrl":"https:\/\/soledaddurazo.com\/storage\/2020\/09\/365262784-scaled.jpg","width":2560,"height":1707},{"@type":"WebPage","@id":"https:\/\/soledaddurazo.com\/blog\/2020\/09\/13\/prevencion-atencion-y-erradicacion-de-la-violencia-escolar\/#webpage","url":"https:\/\/soledaddurazo.com\/blog\/2020\/09\/13\/prevencion-atencion-y-erradicacion-de-la-violencia-escolar\/","name":"Prevenci\u00f3n, atenci\u00f3n y erradicaci\u00f3n de la violencia escolar - Periodista SoledadDurazo.com","isPartOf":{"@id":"https:\/\/soledaddurazo.com\/#website"},"primaryImageOfPage":{"@id":"https:\/\/soledaddurazo.com\/blog\/2020\/09\/13\/prevencion-atencion-y-erradicacion-de-la-violencia-escolar\/#primaryimage"},"datePublished":"2020-09-13T22:46:18+00:00","dateModified":"2020-09-13T22:46:18+00:00","breadcrumb":{"@id":"https:\/\/soledaddurazo.com\/blog\/2020\/09\/13\/prevencion-atencion-y-erradicacion-de-la-violencia-escolar\/#breadcrumb"},"inLanguage":"es","potentialAction":[{"@type":"ReadAction","target":["https:\/\/soledaddurazo.com\/blog\/2020\/09\/13\/prevencion-atencion-y-erradicacion-de-la-violencia-escolar\/"]}]},{"@type":"BreadcrumbList","@id":"https:\/\/soledaddurazo.com\/blog\/2020\/09\/13\/prevencion-atencion-y-erradicacion-de-la-violencia-escolar\/#breadcrumb","itemListElement":[{"@type":"ListItem","position":1,"name":"Home","item":"https:\/\/soledaddurazo.com\/"},{"@type":"ListItem","position":2,"name":"Prevenci\u00f3n, atenci\u00f3n y erradicaci\u00f3n de la violencia escolar"}]},{"@type":"Article","@id":"https:\/\/soledaddurazo.com\/blog\/2020\/09\/13\/prevencion-atencion-y-erradicacion-de-la-violencia-escolar\/#article","isPartOf":{"@id":"https:\/\/soledaddurazo.com\/blog\/2020\/09\/13\/prevencion-atencion-y-erradicacion-de-la-violencia-escolar\/#webpage"},"author":{"@id":"https:\/\/soledaddurazo.com\/#\/schema\/person\/822d8e13aa288585e6546f179853758b"},"headline":"Prevenci\u00f3n, atenci\u00f3n y erradicaci\u00f3n de la violencia escolar","datePublished":"2020-09-13T22:46:18+00:00","dateModified":"2020-09-13T22:46:18+00:00","mainEntityOfPage":{"@id":"https:\/\/soledaddurazo.com\/blog\/2020\/09\/13\/prevencion-atencion-y-erradicacion-de-la-violencia-escolar\/#webpage"},"wordCount":627,"commentCount":0,"publisher":{"@id":"https:\/\/soledaddurazo.com\/#organization"},"image":{"@id":"https:\/\/soledaddurazo.com\/blog\/2020\/09\/13\/prevencion-atencion-y-erradicacion-de-la-violencia-escolar\/#primaryimage"},"thumbnailUrl":"https:\/\/soledaddurazo.com\/storage\/2020\/09\/365262784-scaled.jpg","articleSection":["Mi Sonora"],"inLanguage":"es","potentialAction":[{"@type":"CommentAction","name":"Comment","target":["https:\/\/soledaddurazo.com\/blog\/2020\/09\/13\/prevencion-atencion-y-erradicacion-de-la-violencia-escolar\/#respond"]}]},{"@type":"Person","@id":"https:\/\/soledaddurazo.com\/#\/schema\/person\/822d8e13aa288585e6546f179853758b","name":"Redacci\u00f3n","image":{"@type":"ImageObject","@id":"https:\/\/soledaddurazo.com\/#personlogo","inLanguage":"es","url":"https:\/\/secure.gravatar.com\/avatar\/c4e193752f756fd61f04deebed3a3a20dc188d37edb53682d313ac57f2725d54?s=96&d=mm&r=g","contentUrl":"https:\/\/secure.gravatar.com\/avatar\/c4e193752f756fd61f04deebed3a3a20dc188d37edb53682d313ac57f2725d54?s=96&d=mm&r=g","caption":"Redacci\u00f3n"},"sameAs":["https:\/\/soledaddurazo.com"]}]}},"_links":{"self":[{"href":"https:\/\/soledaddurazo.com\/api\/wp\/v2\/posts\/2378","targetHints":{"allow":["GET"]}}],"collection":[{"href":"https:\/\/soledaddurazo.com\/api\/wp\/v2\/posts"}],"about":[{"href":"https:\/\/soledaddurazo.com\/api\/wp\/v2\/types\/post"}],"author":[{"embeddable":true,"href":"https:\/\/soledaddurazo.com\/api\/wp\/v2\/users\/1"}],"replies":[{"embeddable":true,"href":"https:\/\/soledaddurazo.com\/api\/wp\/v2\/comments?post=2378"}],"version-history":[{"count":1,"href":"https:\/\/soledaddurazo.com\/api\/wp\/v2\/posts\/2378\/revisions"}],"predecessor-version":[{"id":2380,"href":"https:\/\/soledaddurazo.com\/api\/wp\/v2\/posts\/2378\/revisions\/2380"}],"wp:featuredmedia":[{"embeddable":true,"href":"https:\/\/soledaddurazo.com\/api\/wp\/v2\/media\/2379"}],"wp:attachment":[{"href":"https:\/\/soledaddurazo.com\/api\/wp\/v2\/media?parent=2378"}],"wp:term":[{"taxonomy":"category","embeddable":true,"href":"https:\/\/soledaddurazo.com\/api\/wp\/v2\/categories?post=2378"},{"taxonomy":"post_tag","embeddable":true,"href":"https:\/\/soledaddurazo.com\/api\/wp\/v2\/tags?post=2378"}],"curies":[{"name":"wp","href":"https:\/\/api.w.org\/{rel}","templated":true}]}}