{"id":23673,"date":"2025-11-10T06:57:38","date_gmt":"2025-11-10T13:57:38","guid":{"rendered":"https:\/\/soledaddurazo.com\/?p=23673"},"modified":"2025-11-10T06:57:38","modified_gmt":"2025-11-10T13:57:38","slug":"seguridad-presidencial-prioridad-de-seguridad-nacional-y-garantia-de-nuestra-soberania","status":"publish","type":"post","link":"https:\/\/soledaddurazo.com\/blog\/2025\/11\/10\/seguridad-presidencial-prioridad-de-seguridad-nacional-y-garantia-de-nuestra-soberania\/","title":{"rendered":"Seguridad presidencial prioridad de seguridad nacional y garant\u00eda de nuestra soberan\u00eda"},"content":{"rendered":"<p><a href=\"https:\/\/soledaddurazo.com\/storage\/2025\/11\/IMG-20251110-WA0011.jpg\"><img loading=\"lazy\" decoding=\"async\" class=\"aligncenter size-full wp-image-23674\" src=\"https:\/\/soledaddurazo.com\/storage\/2025\/11\/IMG-20251110-WA0011.jpg\" alt=\"\" width=\"685\" height=\"385\" srcset=\"https:\/\/soledaddurazo.com\/storage\/2025\/11\/IMG-20251110-WA0011.jpg 685w, https:\/\/soledaddurazo.com\/storage\/2025\/11\/IMG-20251110-WA0011-300x169.jpg 300w, https:\/\/soledaddurazo.com\/storage\/2025\/11\/IMG-20251110-WA0011-600x337.jpg 600w\" sizes=\"auto, (max-width: 685px) 100vw, 685px\" \/><\/a><br \/>\nUna de las caracter\u00edsticas m\u00e1s representativas de nuestro sistema pol\u00edtico que se mantiene intacta a pesar de la llegada de la alternancia a nuestra incipiente democracia, es el Presidencialismo, que tiene en el titular del Poder Ejecutivo Federal, a la gran figura protag\u00f3nica, casi omn\u00edmoda, con atribuciones meta constitucionales en nuestra vida p\u00fablica.<br \/>\nCon las virtudes y defectos que todo lo anterior engloba, el Presidencialismo es la columna vertebral de nuestro sistema pol\u00edtico, el motor que define y conduce la estabilidad y direcci\u00f3n de esta gran naci\u00f3n.<br \/>\nLa Investidura Presidencial en M\u00e9xico no es un mero formalismo; es la instituci\u00f3n de mayor calado; garante de la estabilidad; la continuidad del Estado y de nuestra soberan\u00eda; una Presidencia fuerte, proyecta certidumbre a los mercados econ\u00f3micos nacionales e internacionales y a la propia sociedad mexicana.<br \/>\nLa semana pasada, qued\u00f3 exhibida la vulnerabilidad de la seguridad presidencial, un desafortunado incidente durante un recorrido por las calles del centro hist\u00f3rico de la CDMX, en el que un hombre en estado inconveniente, pudo acercarse sin ning\u00fan obst\u00e1culo por la espalda de la Mandataria, al grado de tocarla indebidamente. Las im\u00e1genes se viralizaron, generaron todo tipo de opiniones, incluso la del montaje, lo cual, desde mi punto de vista, queda descartado, ser\u00eda una perversidad inaceptable para una mujer de la estatura de Claudia Sheinbaum.<br \/>\nLa Presidenta sufri\u00f3 en carne propia, el drama que sufren diariamente muchas mujeres de a pie, en muchas ciudades del pa\u00eds, pero ella no es una mujer cualquiera.<br \/>\nDesde su nacimiento institucional en 1932 hasta la fecha de su extinci\u00f3n ordenada en 2018, el Estado Mayor Presidencial pudo mantener a salvo la vida de los Presidentes de M\u00e9xico en distintas \u00e9pocas, a diferencia de Estados Unidos que sufri\u00f3 tres atentados contra sus Mandatarios, con un saldo de dos heridos y uno muerto.<br \/>\nLa ayudant\u00eda de la Presidenta Sheinbaum que consta de diez personas fue vulnerada con facilidad, garantizar la seguridad de la investidura Presidencial es nuestro escudo contra el injerencismo; es la garant\u00eda para el respeto a nuestra soberan\u00eda; es raz\u00f3n de estado; prioridad para la seguridad nacional, cualquier ataque a su investidura, ser\u00eda un golpe directo a la autoridad y a la capacidad del Estado Mexicano para ejercer el mando leg\u00edtimo en todo el territorio.<br \/>\nLa Presidenta Sheinbaum como mujer de Estado que es, sabe que tiene numerosos enemigos al estar combatiendo a redes criminales de tr\u00e1fico de drogas, huachicol fiscal, al que se suma el ingrediente de la polarizaci\u00f3n, un atentado contra su integridad, ser\u00eda entrar en autom\u00e1tico en una crisis pol\u00edtica y econ\u00f3mica, abrir\u00eda la puerta a un vac\u00edo de poder que ser\u00eda caldo de cultivo para ser aprovechado por grupos desestabilizadores que quieran influir indebidamente en las decisiones soberanas de la Rep\u00fablica.<\/p>\n<p>L\u00d3PEZ CABALLERO AMENAZA PROYECTO DE ANTONIO ASTIAZAR\u00c1N<br \/>\nAlejandro L\u00f3pez Caballero ha subido la intensidad de sus pretensiones a contender por la candidatura a la Presidencia Municipal de Hermosillo en una eventual alianza opositora, que busca conservar la silla principal en Palacio Municipal, que actualmente ocupa Antonio Astiazar\u00e1n.<br \/>\nPero la figura de Alejandro L\u00f3pez Caballero y lo que representa, parece no gozar del agrado de Antonio Astiazar\u00e1n, que parece traer su propia jugada para designar un candidato o candidata que le suceda en la oficina m\u00e1s refrigerada del Ayuntamiento de Hermosillo.<br \/>\nAlejandro L\u00f3pez Caballero anda realizando jornadas de bacheo en colonias de la capital del estado que adolecen, precisamente de la atenci\u00f3n de la autoridad municipal. Este movimiento fue interpretado como una afrenta al Presidente Municipal de Hermosillo, pero es un mensaje pol\u00edtico claro, L\u00f3pez Caballero sabe llenar los espacios pol\u00edticos dejados por la autoridad municipal, como oportunidad para posicionarse.<br \/>\nEs la temporada del estiramiento de liga para alcanzar los acuerdos pol\u00edticos, L\u00f3pez Caballero lanza un mensaje a Antonio Astiazar\u00e1n y su proyecto pol\u00edtico rumbo a la candidatura a la gubernatura en el 2027, es necesario para que el \u201cTo\u00f1o\u201d siga siendo competitivo electoralmente en Hermosillo.<br \/>\nAstiazar\u00e1n Guti\u00e9rrez tiene muchas preocupaciones, la capital del estado atraviesa por una severa crisis de inseguridad, por tercer mes consecutivo es la ciudad m\u00e1s violenta del estado, en noviembre la cosa no pinta distinta, ya se contabilizan diez muertes violentas, a lo que se suman numerosas quejas ciudadanas por baches, fugas de agua y drenaje en muchas colonias de la ciudad, sobre todo en las de clase media para abajo.<br \/>\nPero esa parece no ser la principal preocupaci\u00f3n para Antonio Astiazar\u00e1n, en el terreno de lo pol\u00edtico, creo que su c\u00e1lculo no solo tiene la mira puesta en el 2027, como \u00fanica figura de la oposici\u00f3n, sabe que le alcanza para m\u00e1s, advierte que, si Alejandro L\u00f3pez Caballero sale adelante con su reto electoral en Hermosillo y se empodera, en autom\u00e1tico se apuntar\u00e1 para el proceso del 2030, ah\u00ed reside la malquerencia.<br \/>\nEs mejor destruir al inofensivo carrito de camotes, antes de que crezca con el tiempo y se convierta en una locomotora. Es una analog\u00eda que se me ocurri\u00f3 para describir la situaci\u00f3n actual en el seno de la oposici\u00f3n en Sonora.<\/p>\n<p>OCHO D\u00cdAS DE LA TRAGEDIA DE TIENDA WALDO\u00b4S<br \/>\nSe cumplieron ocho d\u00edas de la tragedia de la tienda Waldo\u00b4s en el centro de Hermosillo en el que murieron 24 personas, en la b\u00fasqueda de que el gobierno sea juez y parte, el Gobernador Alfonso Durazo orden\u00f3 la remoci\u00f3n del titular de Protecci\u00f3n Civil Estatal, acci\u00f3n similar realizada por el Presidente Municipal de Hermosillo, Antonio Astiazar\u00e1n.<br \/>\nEl Gobernador en un mensaje, garantiz\u00f3 verdad para que no haya dudas, justicia para que no haya impunidad.<br \/>\nEn esa narrativa, solicit\u00f3 la aportaci\u00f3n del trabajo de expertos de la UNAM e IPN, para coadyuvar en la deliberaci\u00f3n de las causas de la explosi\u00f3n y blindar la investigaci\u00f3n de toda sospecha pol\u00edtica.<br \/>\nEsta coordinaci\u00f3n que el Mandatario estatal mantiene con el Ayuntamiento de Hermosillo y la voluntad de que especialistas for\u00e1neos coadyuven con la Fiscal\u00eda, debe de ser garant\u00eda de que los hermosillenses no quedemos con otra tragedia impune.<br \/>\nLa sociedad no aceptar\u00e1 menos que la cabeza de los verdaderos responsables, sean privados o aquellos que debieron de velar por la seguridad de miles de personas que acuden al centro hist\u00f3rico de Hermosillo diariamente desde cualquier orden de gobierno, sea municipal, estatal o federal. Es imperativo que la reparaci\u00f3n del da\u00f1o venga de la verdad absoluta.<br \/>\nSolo como apunte al calce, el Fiscal General del Estado, Gustavo R\u00f3mulo Salas, tiene en sus manos, el destino de muchos actores pol\u00edticos. \u00a1Qu\u00e9 nervios!<\/p>\n<ol>\n<li>\n<hr \/>\n<p>RETAZOS INTERESANTES<br \/>\n1.- Algo sabe la Senadora Lilly T\u00e9llez para enfilar el objetivo de sus obuses medi\u00e1ticos contra su hom\u00f3loga y paisana, Lorenia Valles. De los detalles que bien vale la pena subrayar.<br \/>\n2.- La narrativa de la austeridad en Morena vuelve a quedar en entredicho, la Gobernadora de Veracruz, Roc\u00edo Nahle, propuso aumentarse el sueldo un 17% para el pr\u00f3ximo a\u00f1o al igual que sus funcionarios de primer nivel, un aumento superior a la inflaci\u00f3n y a cualquier acuerdo salarial en la iniciativa privada. Esta propuesta salarias se presenta en el marco de la tragedia ocasionada por torrenciales lluvias que dej\u00f3 a varios municipios jarochos bajo el lodo y el agua, tragedia que se pudo enfrentar de mejor manera, pero Veracruz se qued\u00f3 sin cobertura financiara para enfrentar los da\u00f1os, por la cancelaci\u00f3n de una p\u00f3liza de un seguro contra desastres. \u00a1Viva la austeridad para el pueblo!<br \/>\n3.- Una excelente convivencia, amena y con mucha grilla, disfrutamos el pasado s\u00e1bado en Guaymas, el licenciado Jorge Luis Fern\u00e1ndez, Director General de la Uni\u00f3n de Asociaciones Av\u00edcolas del Estado de Sonora, tuvo la amabilidad de abrirnos las puertas de su casa para compartir el pan y la sal con un grupo de colegas de Hermosillo, encabezados por la Doctora Soledad Durazo; el cumplea\u00f1ero de hoy, Francisco Javier Ru\u00edz Quirr\u00edn; Jes\u00fas Ru\u00edz G\u00e1mez; Arturo Chapo\u201d Soto; Arturo Ballesteros, Jos\u00e9 Alfredo \u201cChiltep\u00edn\u201d Ochoa; Fernando Gast\u00e9lum; los colegas porte\u00f1os Arturo y Agust\u00edn Rodr\u00edguez y quien esto escribe. Muy agradecidos todos con la hospitalidad de Don Jorge Luis Fern\u00e1ndez.<br \/>\nLos invito a escuchar los viernes la mesa de an\u00e1lisis de SONORA EN RED NOTICIAS, ejercicio de opini\u00f3n que realizo en compa\u00f1\u00eda de mis amigos Arturo Chapo Soto, Arturo Ballesteros y Gustavo Valenzuela, por el 93.3 del cuadrante de F.M. desde Guaymas para todo el sur de Sonora, y por la se\u00f1al del canal 14 de Estrella Tucson TV, en el sur de Arizona.<br \/>\nY en Radio Sol 104.7 F.M. LENGUAS VESPERTINAS, de lunes a viernes a las 17:00 horas, le vamos a ofrecer una peque\u00f1a dosis de grilla.<br \/>\nPodemos interactuar a trav\u00e9s de mi cuenta de Twitter @feroropeza20 o en mi correo electr\u00f3nico luiso@hmo.megared.net.mx<\/li>\n<\/ol>\n","protected":false},"excerpt":{"rendered":"<p>Una de las caracter\u00edsticas m\u00e1s representativas de nuestro sistema pol\u00edtico que se mantiene intacta a pesar de la llegada de la alternancia a nuestra incipiente democracia, es el Presidencialismo, que tiene en el titular del Poder Ejecutivo Federal, a la gran figura protag\u00f3nica, casi omn\u00edmoda, con atribuciones meta constitucionales en nuestra vida p\u00fablica. Con las [&hellip;]<\/p>\n","protected":false},"author":1,"featured_media":23272,"comment_status":"open","ping_status":"open","sticky":false,"template":"","format":"standard","meta":{"footnotes":""},"categories":[173],"tags":[],"class_list":["post"],"yoast_head":" \n<title>Seguridad presidencial prioridad de seguridad nacional y garant\u00eda de nuestra soberan\u00eda - Periodista SoledadDurazo.com<\/title>\n<meta name=\"robots\" content=\"index, follow, max-snippet:-1, max-image-preview:large, max-video-preview:-1\" \/>\n<link rel=\"canonical\" href=\"https:\/\/soledaddurazo.com\/blog\/2025\/11\/10\/seguridad-presidencial-prioridad-de-seguridad-nacional-y-garantia-de-nuestra-soberania\/\" \/>\n<meta property=\"og:locale\" content=\"es_MX\" \/>\n<meta property=\"og:type\" content=\"article\" \/>\n<meta property=\"og:title\" content=\"Seguridad presidencial prioridad de seguridad nacional y garant\u00eda de nuestra soberan\u00eda\" \/>\n<meta property=\"og:description\" content=\"Una de las caracter\u00edsticas m\u00e1s representativas de nuestro sistema pol\u00edtico que se mantiene intacta a pesar de la llegada de la alternancia a nuestra incipiente democracia, es el Presidencialismo, que tiene en el titular del Poder Ejecutivo Federal, a la gran figura protag\u00f3nica, casi omn\u00edmoda, con atribuciones meta constitucionales en nuestra vida p\u00fablica. Con las [&hellip;]\" \/>\n<meta property=\"og:url\" content=\"https:\/\/soledaddurazo.com\/blog\/2025\/11\/10\/seguridad-presidencial-prioridad-de-seguridad-nacional-y-garantia-de-nuestra-soberania\/\" \/>\n<meta property=\"og:site_name\" content=\"Periodista SoledadDurazo.com\" \/>\n<meta property=\"article:publisher\" content=\"https:\/\/www.facebook.com\/soledad.durazo.9\/\" \/>\n<meta property=\"article:published_time\" content=\"2025-11-10T13:57:38+00:00\" \/>\n<meta property=\"og:image\" content=\"https:\/\/soledaddurazo.com\/storage\/2025\/08\/9a-GRAFICO-FERNANDO-OROPEZA.jpeg\" \/>\n\t<meta property=\"og:image:width\" content=\"1092\" \/>\n\t<meta property=\"og:image:height\" content=\"983\" \/>\n<meta name=\"twitter:card\" content=\"summary_large_image\" \/>\n<meta name=\"twitter:creator\" content=\"@SoledadDurazo\" \/>\n<meta name=\"twitter:site\" content=\"@SoledadDurazo\" \/>\n<meta name=\"twitter:label1\" content=\"Escrito por\" \/>\n\t<meta name=\"twitter:data1\" content=\"Redacci\u00f3n\" \/>\n\t<meta name=\"twitter:label2\" content=\"Tiempo de lectura\" \/>\n\t<meta name=\"twitter:data2\" content=\"8 minutos\" \/>\n<script type=\"application\/ld+json\" class=\"yoast-schema-graph\">{\"@context\":\"https:\/\/schema.org\",\"@graph\":[{\"@type\":\"Organization\",\"@id\":\"https:\/\/soledaddurazo.com\/#organization\",\"name\":\"Soledad Durazo\",\"url\":\"https:\/\/soledaddurazo.com\/\",\"sameAs\":[\"https:\/\/www.facebook.com\/soledad.durazo.9\/\",\"https:\/\/www.instagram.com\/soledaddurazo\",\"https:\/\/www.youtube.com\/channel\/UC9yGPw8-Vbl_B2XNkRwPS-w\",\"https:\/\/twitter.com\/SoledadDurazo\"],\"logo\":{\"@type\":\"ImageObject\",\"@id\":\"https:\/\/soledaddurazo.com\/#logo\",\"inLanguage\":\"es\",\"url\":\"https:\/\/soledaddurazo.com\/storage\/2021\/11\/nllp-720x375-1-2.png\",\"contentUrl\":\"https:\/\/soledaddurazo.com\/storage\/2021\/11\/nllp-720x375-1-2.png\",\"width\":720,\"height\":375,\"caption\":\"Soledad Durazo\"},\"image\":{\"@id\":\"https:\/\/soledaddurazo.com\/#logo\"}},{\"@type\":\"WebSite\",\"@id\":\"https:\/\/soledaddurazo.com\/#website\",\"url\":\"https:\/\/soledaddurazo.com\/\",\"name\":\"Periodista SoledadDurazo.com\",\"description\":\"Periodista sonorense. Directora de www.SoledadDurazo.com Columnista, conductora de radio y Tv. Catedr\\u00e1tica en la UNISON\",\"publisher\":{\"@id\":\"https:\/\/soledaddurazo.com\/#organization\"},\"potentialAction\":[{\"@type\":\"SearchAction\",\"target\":{\"@type\":\"EntryPoint\",\"urlTemplate\":\"https:\/\/soledaddurazo.com\/?s={search_term_string}\"},\"query-input\":\"required name=search_term_string\"}],\"inLanguage\":\"es\"},{\"@type\":\"ImageObject\",\"@id\":\"https:\/\/soledaddurazo.com\/blog\/2025\/11\/10\/seguridad-presidencial-prioridad-de-seguridad-nacional-y-garantia-de-nuestra-soberania\/#primaryimage\",\"inLanguage\":\"es\",\"url\":\"https:\/\/soledaddurazo.com\/storage\/2025\/08\/9a-GRAFICO-FERNANDO-OROPEZA.jpeg\",\"contentUrl\":\"https:\/\/soledaddurazo.com\/storage\/2025\/08\/9a-GRAFICO-FERNANDO-OROPEZA.jpeg\",\"width\":1092,\"height\":983},{\"@type\":\"WebPage\",\"@id\":\"https:\/\/soledaddurazo.com\/blog\/2025\/11\/10\/seguridad-presidencial-prioridad-de-seguridad-nacional-y-garantia-de-nuestra-soberania\/#webpage\",\"url\":\"https:\/\/soledaddurazo.com\/blog\/2025\/11\/10\/seguridad-presidencial-prioridad-de-seguridad-nacional-y-garantia-de-nuestra-soberania\/\",\"name\":\"Seguridad presidencial prioridad de seguridad nacional y garant\\u00eda de nuestra soberan\\u00eda - Periodista SoledadDurazo.com\",\"isPartOf\":{\"@id\":\"https:\/\/soledaddurazo.com\/#website\"},\"primaryImageOfPage\":{\"@id\":\"https:\/\/soledaddurazo.com\/blog\/2025\/11\/10\/seguridad-presidencial-prioridad-de-seguridad-nacional-y-garantia-de-nuestra-soberania\/#primaryimage\"},\"datePublished\":\"2025-11-10T13:57:38+00:00\",\"dateModified\":\"2025-11-10T13:57:38+00:00\",\"breadcrumb\":{\"@id\":\"https:\/\/soledaddurazo.com\/blog\/2025\/11\/10\/seguridad-presidencial-prioridad-de-seguridad-nacional-y-garantia-de-nuestra-soberania\/#breadcrumb\"},\"inLanguage\":\"es\",\"potentialAction\":[{\"@type\":\"ReadAction\",\"target\":[\"https:\/\/soledaddurazo.com\/blog\/2025\/11\/10\/seguridad-presidencial-prioridad-de-seguridad-nacional-y-garantia-de-nuestra-soberania\/\"]}]},{\"@type\":\"BreadcrumbList\",\"@id\":\"https:\/\/soledaddurazo.com\/blog\/2025\/11\/10\/seguridad-presidencial-prioridad-de-seguridad-nacional-y-garantia-de-nuestra-soberania\/#breadcrumb\",\"itemListElement\":[{\"@type\":\"ListItem\",\"position\":1,\"name\":\"Home\",\"item\":\"https:\/\/soledaddurazo.com\/\"},{\"@type\":\"ListItem\",\"position\":2,\"name\":\"Seguridad presidencial prioridad de seguridad nacional y garant\\u00eda de nuestra soberan\\u00eda\"}]},{\"@type\":\"Article\",\"@id\":\"https:\/\/soledaddurazo.com\/blog\/2025\/11\/10\/seguridad-presidencial-prioridad-de-seguridad-nacional-y-garantia-de-nuestra-soberania\/#article\",\"isPartOf\":{\"@id\":\"https:\/\/soledaddurazo.com\/blog\/2025\/11\/10\/seguridad-presidencial-prioridad-de-seguridad-nacional-y-garantia-de-nuestra-soberania\/#webpage\"},\"author\":{\"@id\":\"https:\/\/soledaddurazo.com\/#\/schema\/person\/822d8e13aa288585e6546f179853758b\"},\"headline\":\"Seguridad presidencial prioridad de seguridad nacional y garant\\u00eda de nuestra soberan\\u00eda\",\"datePublished\":\"2025-11-10T13:57:38+00:00\",\"dateModified\":\"2025-11-10T13:57:38+00:00\",\"mainEntityOfPage\":{\"@id\":\"https:\/\/soledaddurazo.com\/blog\/2025\/11\/10\/seguridad-presidencial-prioridad-de-seguridad-nacional-y-garantia-de-nuestra-soberania\/#webpage\"},\"wordCount\":1559,\"commentCount\":0,\"publisher\":{\"@id\":\"https:\/\/soledaddurazo.com\/#organization\"},\"image\":{\"@id\":\"https:\/\/soledaddurazo.com\/blog\/2025\/11\/10\/seguridad-presidencial-prioridad-de-seguridad-nacional-y-garantia-de-nuestra-soberania\/#primaryimage\"},\"thumbnailUrl\":\"https:\/\/soledaddurazo.com\/storage\/2025\/08\/9a-GRAFICO-FERNANDO-OROPEZA.jpeg\",\"articleSection\":[\"Fernando Oropeza\"],\"inLanguage\":\"es\",\"potentialAction\":[{\"@type\":\"CommentAction\",\"name\":\"Comment\",\"target\":[\"https:\/\/soledaddurazo.com\/blog\/2025\/11\/10\/seguridad-presidencial-prioridad-de-seguridad-nacional-y-garantia-de-nuestra-soberania\/#respond\"]}]},{\"@type\":\"Person\",\"@id\":\"https:\/\/soledaddurazo.com\/#\/schema\/person\/822d8e13aa288585e6546f179853758b\",\"name\":\"Redacci\\u00f3n\",\"image\":{\"@type\":\"ImageObject\",\"@id\":\"https:\/\/soledaddurazo.com\/#personlogo\",\"inLanguage\":\"es\",\"url\":\"https:\/\/secure.gravatar.com\/avatar\/c4e193752f756fd61f04deebed3a3a20dc188d37edb53682d313ac57f2725d54?s=96&d=mm&r=g\",\"contentUrl\":\"https:\/\/secure.gravatar.com\/avatar\/c4e193752f756fd61f04deebed3a3a20dc188d37edb53682d313ac57f2725d54?s=96&d=mm&r=g\",\"caption\":\"Redacci\\u00f3n\"},\"sameAs\":[\"https:\/\/soledaddurazo.com\"]}]}<\/script>\n ","yoast_head_json":{"title":"Seguridad presidencial prioridad de seguridad nacional y garant\u00eda de nuestra soberan\u00eda - Periodista SoledadDurazo.com","robots":{"index":"index","follow":"follow","max-snippet":"max-snippet:-1","max-image-preview":"max-image-preview:large","max-video-preview":"max-video-preview:-1"},"canonical":"https:\/\/soledaddurazo.com\/blog\/2025\/11\/10\/seguridad-presidencial-prioridad-de-seguridad-nacional-y-garantia-de-nuestra-soberania\/","og_locale":"es_MX","og_type":"article","og_title":"Seguridad presidencial prioridad de seguridad nacional y garant\u00eda de nuestra soberan\u00eda","og_description":"Una de las caracter\u00edsticas m\u00e1s representativas de nuestro sistema pol\u00edtico que se mantiene intacta a pesar de la llegada de la alternancia a nuestra incipiente democracia, es el Presidencialismo, que tiene en el titular del Poder Ejecutivo Federal, a la gran figura protag\u00f3nica, casi omn\u00edmoda, con atribuciones meta constitucionales en nuestra vida p\u00fablica. Con las [&hellip;]","og_url":"https:\/\/soledaddurazo.com\/blog\/2025\/11\/10\/seguridad-presidencial-prioridad-de-seguridad-nacional-y-garantia-de-nuestra-soberania\/","og_site_name":"Periodista SoledadDurazo.com","article_publisher":"https:\/\/www.facebook.com\/soledad.durazo.9\/","article_published_time":"2025-11-10T13:57:38+00:00","og_image":[{"width":1092,"height":983,"url":"https:\/\/soledaddurazo.com\/storage\/2025\/08\/9a-GRAFICO-FERNANDO-OROPEZA.jpeg","type":"image\/jpeg"}],"twitter_card":"summary_large_image","twitter_creator":"@SoledadDurazo","twitter_site":"@SoledadDurazo","twitter_misc":{"Escrito por":"Redacci\u00f3n","Tiempo de lectura":"8 minutos"},"schema":{"@context":"https:\/\/schema.org","@graph":[{"@type":"Organization","@id":"https:\/\/soledaddurazo.com\/#organization","name":"Soledad Durazo","url":"https:\/\/soledaddurazo.com\/","sameAs":["https:\/\/www.facebook.com\/soledad.durazo.9\/","https:\/\/www.instagram.com\/soledaddurazo","https:\/\/www.youtube.com\/channel\/UC9yGPw8-Vbl_B2XNkRwPS-w","https:\/\/twitter.com\/SoledadDurazo"],"logo":{"@type":"ImageObject","@id":"https:\/\/soledaddurazo.com\/#logo","inLanguage":"es","url":"https:\/\/soledaddurazo.com\/storage\/2021\/11\/nllp-720x375-1-2.png","contentUrl":"https:\/\/soledaddurazo.com\/storage\/2021\/11\/nllp-720x375-1-2.png","width":720,"height":375,"caption":"Soledad Durazo"},"image":{"@id":"https:\/\/soledaddurazo.com\/#logo"}},{"@type":"WebSite","@id":"https:\/\/soledaddurazo.com\/#website","url":"https:\/\/soledaddurazo.com\/","name":"Periodista SoledadDurazo.com","description":"Periodista sonorense. Directora de www.SoledadDurazo.com Columnista, conductora de radio y Tv. Catedr\u00e1tica en la UNISON","publisher":{"@id":"https:\/\/soledaddurazo.com\/#organization"},"potentialAction":[{"@type":"SearchAction","target":{"@type":"EntryPoint","urlTemplate":"https:\/\/soledaddurazo.com\/?s={search_term_string}"},"query-input":"required name=search_term_string"}],"inLanguage":"es"},{"@type":"ImageObject","@id":"https:\/\/soledaddurazo.com\/blog\/2025\/11\/10\/seguridad-presidencial-prioridad-de-seguridad-nacional-y-garantia-de-nuestra-soberania\/#primaryimage","inLanguage":"es","url":"https:\/\/soledaddurazo.com\/storage\/2025\/08\/9a-GRAFICO-FERNANDO-OROPEZA.jpeg","contentUrl":"https:\/\/soledaddurazo.com\/storage\/2025\/08\/9a-GRAFICO-FERNANDO-OROPEZA.jpeg","width":1092,"height":983},{"@type":"WebPage","@id":"https:\/\/soledaddurazo.com\/blog\/2025\/11\/10\/seguridad-presidencial-prioridad-de-seguridad-nacional-y-garantia-de-nuestra-soberania\/#webpage","url":"https:\/\/soledaddurazo.com\/blog\/2025\/11\/10\/seguridad-presidencial-prioridad-de-seguridad-nacional-y-garantia-de-nuestra-soberania\/","name":"Seguridad presidencial prioridad de seguridad nacional y garant\u00eda de nuestra soberan\u00eda - Periodista SoledadDurazo.com","isPartOf":{"@id":"https:\/\/soledaddurazo.com\/#website"},"primaryImageOfPage":{"@id":"https:\/\/soledaddurazo.com\/blog\/2025\/11\/10\/seguridad-presidencial-prioridad-de-seguridad-nacional-y-garantia-de-nuestra-soberania\/#primaryimage"},"datePublished":"2025-11-10T13:57:38+00:00","dateModified":"2025-11-10T13:57:38+00:00","breadcrumb":{"@id":"https:\/\/soledaddurazo.com\/blog\/2025\/11\/10\/seguridad-presidencial-prioridad-de-seguridad-nacional-y-garantia-de-nuestra-soberania\/#breadcrumb"},"inLanguage":"es","potentialAction":[{"@type":"ReadAction","target":["https:\/\/soledaddurazo.com\/blog\/2025\/11\/10\/seguridad-presidencial-prioridad-de-seguridad-nacional-y-garantia-de-nuestra-soberania\/"]}]},{"@type":"BreadcrumbList","@id":"https:\/\/soledaddurazo.com\/blog\/2025\/11\/10\/seguridad-presidencial-prioridad-de-seguridad-nacional-y-garantia-de-nuestra-soberania\/#breadcrumb","itemListElement":[{"@type":"ListItem","position":1,"name":"Home","item":"https:\/\/soledaddurazo.com\/"},{"@type":"ListItem","position":2,"name":"Seguridad presidencial prioridad de seguridad nacional y garant\u00eda de nuestra soberan\u00eda"}]},{"@type":"Article","@id":"https:\/\/soledaddurazo.com\/blog\/2025\/11\/10\/seguridad-presidencial-prioridad-de-seguridad-nacional-y-garantia-de-nuestra-soberania\/#article","isPartOf":{"@id":"https:\/\/soledaddurazo.com\/blog\/2025\/11\/10\/seguridad-presidencial-prioridad-de-seguridad-nacional-y-garantia-de-nuestra-soberania\/#webpage"},"author":{"@id":"https:\/\/soledaddurazo.com\/#\/schema\/person\/822d8e13aa288585e6546f179853758b"},"headline":"Seguridad presidencial prioridad de seguridad nacional y garant\u00eda de nuestra soberan\u00eda","datePublished":"2025-11-10T13:57:38+00:00","dateModified":"2025-11-10T13:57:38+00:00","mainEntityOfPage":{"@id":"https:\/\/soledaddurazo.com\/blog\/2025\/11\/10\/seguridad-presidencial-prioridad-de-seguridad-nacional-y-garantia-de-nuestra-soberania\/#webpage"},"wordCount":1559,"commentCount":0,"publisher":{"@id":"https:\/\/soledaddurazo.com\/#organization"},"image":{"@id":"https:\/\/soledaddurazo.com\/blog\/2025\/11\/10\/seguridad-presidencial-prioridad-de-seguridad-nacional-y-garantia-de-nuestra-soberania\/#primaryimage"},"thumbnailUrl":"https:\/\/soledaddurazo.com\/storage\/2025\/08\/9a-GRAFICO-FERNANDO-OROPEZA.jpeg","articleSection":["Fernando Oropeza"],"inLanguage":"es","potentialAction":[{"@type":"CommentAction","name":"Comment","target":["https:\/\/soledaddurazo.com\/blog\/2025\/11\/10\/seguridad-presidencial-prioridad-de-seguridad-nacional-y-garantia-de-nuestra-soberania\/#respond"]}]},{"@type":"Person","@id":"https:\/\/soledaddurazo.com\/#\/schema\/person\/822d8e13aa288585e6546f179853758b","name":"Redacci\u00f3n","image":{"@type":"ImageObject","@id":"https:\/\/soledaddurazo.com\/#personlogo","inLanguage":"es","url":"https:\/\/secure.gravatar.com\/avatar\/c4e193752f756fd61f04deebed3a3a20dc188d37edb53682d313ac57f2725d54?s=96&d=mm&r=g","contentUrl":"https:\/\/secure.gravatar.com\/avatar\/c4e193752f756fd61f04deebed3a3a20dc188d37edb53682d313ac57f2725d54?s=96&d=mm&r=g","caption":"Redacci\u00f3n"},"sameAs":["https:\/\/soledaddurazo.com"]}]}},"_links":{"self":[{"href":"https:\/\/soledaddurazo.com\/api\/wp\/v2\/posts\/23673","targetHints":{"allow":["GET"]}}],"collection":[{"href":"https:\/\/soledaddurazo.com\/api\/wp\/v2\/posts"}],"about":[{"href":"https:\/\/soledaddurazo.com\/api\/wp\/v2\/types\/post"}],"author":[{"embeddable":true,"href":"https:\/\/soledaddurazo.com\/api\/wp\/v2\/users\/1"}],"replies":[{"embeddable":true,"href":"https:\/\/soledaddurazo.com\/api\/wp\/v2\/comments?post=23673"}],"version-history":[{"count":1,"href":"https:\/\/soledaddurazo.com\/api\/wp\/v2\/posts\/23673\/revisions"}],"predecessor-version":[{"id":23675,"href":"https:\/\/soledaddurazo.com\/api\/wp\/v2\/posts\/23673\/revisions\/23675"}],"wp:featuredmedia":[{"embeddable":true,"href":"https:\/\/soledaddurazo.com\/api\/wp\/v2\/media\/23272"}],"wp:attachment":[{"href":"https:\/\/soledaddurazo.com\/api\/wp\/v2\/media?parent=23673"}],"wp:term":[{"taxonomy":"category","embeddable":true,"href":"https:\/\/soledaddurazo.com\/api\/wp\/v2\/categories?post=23673"},{"taxonomy":"post_tag","embeddable":true,"href":"https:\/\/soledaddurazo.com\/api\/wp\/v2\/tags?post=23673"}],"curies":[{"name":"wp","href":"https:\/\/api.w.org\/{rel}","templated":true}]}}