{"id":23601,"date":"2025-10-27T21:37:09","date_gmt":"2025-10-28T04:37:09","guid":{"rendered":"https:\/\/soledaddurazo.com\/?p=23601"},"modified":"2025-10-27T21:37:09","modified_gmt":"2025-10-28T04:37:09","slug":"ctm-sonora-tan-vigente-como-siempre-y-confirmando-su-papel-para-la-gobernabilidad","status":"publish","type":"post","link":"https:\/\/soledaddurazo.com\/blog\/2025\/10\/27\/ctm-sonora-tan-vigente-como-siempre-y-confirmando-su-papel-para-la-gobernabilidad\/","title":{"rendered":"CTM Sonora tan vigente como siempre y confirmando su papel para la gobernabilidad"},"content":{"rendered":"<p><a href=\"https:\/\/soledaddurazo.com\/storage\/2025\/10\/8db6ee6d-d3b7-40f1-a7ad-c051fe2e5a61.jpeg\"><img loading=\"lazy\" decoding=\"async\" class=\"aligncenter size-full wp-image-23602\" src=\"https:\/\/soledaddurazo.com\/storage\/2025\/10\/8db6ee6d-d3b7-40f1-a7ad-c051fe2e5a61.jpeg\" alt=\"\" width=\"892\" height=\"404\" srcset=\"https:\/\/soledaddurazo.com\/storage\/2025\/10\/8db6ee6d-d3b7-40f1-a7ad-c051fe2e5a61.jpeg 892w, https:\/\/soledaddurazo.com\/storage\/2025\/10\/8db6ee6d-d3b7-40f1-a7ad-c051fe2e5a61-300x136.jpeg 300w, https:\/\/soledaddurazo.com\/storage\/2025\/10\/8db6ee6d-d3b7-40f1-a7ad-c051fe2e5a61-768x348.jpeg 768w, https:\/\/soledaddurazo.com\/storage\/2025\/10\/8db6ee6d-d3b7-40f1-a7ad-c051fe2e5a61-600x272.jpeg 600w, https:\/\/soledaddurazo.com\/storage\/2025\/10\/8db6ee6d-d3b7-40f1-a7ad-c051fe2e5a61-750x340.jpeg 750w\" sizes=\"auto, (max-width: 892px) 100vw, 892px\" \/><\/a><\/p>\n<p>Escribir libros est\u00e1 de moda en la narrativa de los actores p\u00fablicos y el dirigente de la CTM Sonora, Javier Villarreal no es la excepci\u00f3n, el pasado jueves por la tarde present\u00f3 en el auditorio de la central obrera, \u201cSindicalismo de la CTM en Sonora. Grandes luchas, crecimiento y fortaleza (1982\u20132025)\u201d.<\/p>\n<p>El evento, que cont\u00f3 con la intervenci\u00f3n de un pol\u00edtico, Roberto Ruibal Astiazar\u00e1n, el periodista, Hilario Olea Ruiz y una acad\u00e9mica, la Presidenta de la Sociedad Sonorense de Historia, Pamela Corella Romero, que junto a Villarreal G\u00e1mez ofrecieron una variedad de andanzas y an\u00e9cdotas de la vida sindical cetemista de los \u00faltimos 43 a\u00f1os.<\/p>\n<p>M\u00e1s que una presentaci\u00f3n literaria, fue una demostraci\u00f3n de vigencia pol\u00edtica y social de la CTM en el contexto actual de la era de la Cuarta Transformaci\u00f3n, al mostrar su capacidad para convocar a empresarios, dirigentes sindicales, acad\u00e9micos, periodistas, representantes del sector p\u00fablico y fuerzas de todo tipo de color. Sirios, moros y troyanos bajo un mismo techo, como dijera el cl\u00e1sico.<\/p>\n<p>El peso de Javier Villarreal en la narrativa del poder en Sonora como interlocutor clave para la construcci\u00f3n de acuerdos y defensa de los derechos laborales, es indiscutible. Ah\u00ed es donde reside precisamente la fortaleza de la CTM en Sonora, que no solo abarca la representaci\u00f3n de los derechos laborales de miles de agremiados, pues su contribuci\u00f3n a la paz social y laboral en una entidad, cuyo gobierno ha expresado la voluntad de detonar su potencial productivo a niveles extraordinarios, es determinante.<\/p>\n<p>Para un actor de la pol\u00edtica con mucho kilometraje a cuestas, como el Gobernador Alfonso Durazo, ha sabido interpretar el papel de la CTM en la din\u00e1mica del poder de nuestro estado y en la gobernabilidad, desde el inicio de su administraci\u00f3n la ha catalogado como la mejor \u201cCTM de M\u00e9xico\u201d.<\/p>\n<p>Javier Villarreal y la CTM Sonora no son un contrapeso sumiso, han logrado poner temas en la agenda como la vivienda social, la mejora salarial y la seguridad social, su activismo medido, que coopera constructivamente y que evita confrontaciones in\u00fatiles, es vital para que la Cuarta Transformaci\u00f3n, hoy por hoy, transite con orden y certidumbre.<\/p>\n<p>Se\u00f1oras y se\u00f1ores, la CTM Sonora no se retira del mapa pol\u00edtico, al contrario, su posici\u00f3n es fuerte y relevante.<\/p>\n<p><strong>CONGRUENCIA DE RAM\u00d3N FLORES<\/strong><\/p>\n<p>El censo nacional agropecuario que realiza el INEGI se\u00f1ala que la mayor producci\u00f3n ganadera en M\u00e9xico es de pollos y gallinas, seguida de ganado bovino y porcino, aportando el 4% al Producto Interno Bruto Nacional, con ganancias anuales de 600 millones de pesos, antes del cierre indefinido de la frontera con Estados Unidos por la detecci\u00f3n del gusano barrenador.<\/p>\n<p>Seg\u00fan la Encuesta Nacional de Empleo y Ocupaci\u00f3n, el 79% de los empleos generados por el sector ganadero, son informales, superior a la media nacional que es del 54.6% y que es la ganader\u00eda de bovinos, la que menor n\u00famero de empleos produce.<\/p>\n<p>El Gobierno del Estado y Gobierno Federal han salido al rescate de los productores de ganado bovino de tres estados del pa\u00eds, incluyendo Sonora, con entrega de cr\u00e9ditos con tasa preferencial, sementales, construcci\u00f3n de una planta de procesamiento para darle valor agregado a la producci\u00f3n c\u00e1rnica y otros apoyos que ascienden a 860 millones de pesos.<\/p>\n<p>En contraste, un sector igualmente importante que el ganadero y quiz\u00e1 m\u00e1s, el sector pesquero, transita por un momento incierto y dif\u00edcil, agobiado por el mal clima y las vedas de ley que impiden la actividad por casi 180 d\u00edas del a\u00f1o.<\/p>\n<p>Aun as\u00ed, en el 2024 Sonora produjo, 844 mil toneladas, 748 mil en pesca y 96 mil en acuacultura, lo que representa el 40% de la producci\u00f3n nacional, convirtiendo a Sonora en la entidad l\u00edder del sector, que aporta el 10% al PIB del estado, con un valor de11 mil 471 millones de pesos en su producci\u00f3n que genera 45 mil empleos.<\/p>\n<p>La situaci\u00f3n de por s\u00ed dif\u00edcil se agrava todav\u00eda m\u00e1s, esta semana se discuti\u00f3 en el seno de la Comisi\u00f3n de Pesca en la C\u00e1mara de Diputados, el Proyecto de Presupuesto del Gobierno Federal 2026, que no trae buenas noticias para el sector pesquero, pues le rasuran un 26% de los recursos comparado con el ejercicio presupuestal 2025.<\/p>\n<p>El Diputado Federal Ram\u00f3n Flores integrante de esta Comisi\u00f3n de Pesca, advierte que los recortes a los apoyos al Programa Bienpesca dejan en la indefensi\u00f3n a este importante sector, por si fuera poco, el Instituto Mexicano de Investigaci\u00f3n en Pesca y Acuacultura Sustentables requiere el doble de presupuesto asignado para operar. Con la ciencia y los pescadores en esa condici\u00f3n, ser\u00e1 imposible aspirar a la soberan\u00eda alimentaria, asegura el Diputado y creo que no le falta raz\u00f3n.<\/p>\n<p>En redes sociales hubo quienes criticaron a Ram\u00f3n Flores por no votar a favor del proyecto de presupuesto, de haberlo hecho, hubiera sido traicionar los principios del Partido del Trabajo que abandera, un atentado contra la estabilidad de muchas familias sonorenses y negarle un acto de justicia social a sus representados del Cuarto Distrito que viven del mar.<\/p>\n<p>Ser\u00e1 momento de que la Secretar\u00eda de Hacienda haga correcci\u00f3n del proyecto de presupuesto, antes de que el sector pesca se hunda.<\/p>\n<p><strong>DIPUTADOS DE HERMOSILLO ORGANIZAN TORNEO DEPORTIVO<\/strong><\/p>\n<p>La Gran Copa de la Transformaci\u00f3n, es un torneo que organizan los Diputados locales por Hermosillo del Congreso del Estado, Mar\u00eda Eduwiges Espinoza y Ely Sallard de Morena; Ren\u00e9 Garc\u00eda y Oscar Ortiz, del Partido del Trabajo, David Figueroa del Partido Verde y Norberto Barraza Almaz\u00e1n del Partido Encuentro Social.<\/p>\n<p>Creo que nadie en su sano juicio se opone a la realizaci\u00f3n de una actividad deportiva, considerando el entorno de violencia en las calles y la falta de oportunidades para muchos j\u00f3venes, resulta un acierto impulsar una actividad saludable para mente y cuerpo que aleje a nuestros ni\u00f1os y j\u00f3venes de malos pensamientos y tentaciones que el ocio fomenta.<\/p>\n<p>Ser\u00e1 un pretexto m\u00e1s para que los Diputados sigan en trabajo de territorio y qu\u00e9 mejor que realizando una inversi\u00f3n al capital humano, los j\u00f3venes, eso es ganar la calle.<\/p>\n<p>Los invito a escuchar los viernes la mesa de an\u00e1lisis de SONORA EN RED NOTICIAS, ejercicio de opini\u00f3n que realizo en compa\u00f1\u00eda de mis amigos Arturo Chapo Soto, Arturo Ballesteros y Gustavo Valenzuela, por el 93.3 del cuadrante de F.M. desde Guaymas para todo el sur de Sonora, y por la se\u00f1al del canal 14 de Estrella Tucson TV, en el sur de Arizona.<\/p>\n<p>Y en Radio Sol 104.7 F.M. LENGUAS VESPERTINAS, de lunes a viernes a las 17:00 horas, le vamos a ofrecer una peque\u00f1a dosis de grilla.<\/p>\n<p>Podemos interactuar a trav\u00e9s de mi cuenta de Twitter @feroropeza20 o en mi correo electr\u00f3nico <a href=\"mailto:luiso@hmo.megared.net.mx\">luiso@hmo.megared.net.mx<\/a><\/p>\n<p>&nbsp;<\/p>\n<p>&nbsp;<\/p>\n<p>&nbsp;<\/p>\n","protected":false},"excerpt":{"rendered":"<p>Escribir libros est\u00e1 de moda en la narrativa de los actores p\u00fablicos y el dirigente de la CTM Sonora, Javier Villarreal no es la excepci\u00f3n, el pasado jueves por la tarde present\u00f3 en el auditorio de la central obrera, \u201cSindicalismo de la CTM en Sonora. Grandes luchas, crecimiento y fortaleza (1982\u20132025)\u201d. El evento, que cont\u00f3 [&hellip;]<\/p>\n","protected":false},"author":1,"featured_media":23272,"comment_status":"open","ping_status":"open","sticky":false,"template":"","format":"standard","meta":{"footnotes":""},"categories":[173],"tags":[],"class_list":["post"],"yoast_head":" \n<title>CTM Sonora tan vigente como siempre y confirmando su papel para la gobernabilidad - Periodista SoledadDurazo.com<\/title>\n<meta name=\"robots\" content=\"index, follow, max-snippet:-1, max-image-preview:large, max-video-preview:-1\" \/>\n<link rel=\"canonical\" href=\"https:\/\/soledaddurazo.com\/blog\/2025\/10\/27\/ctm-sonora-tan-vigente-como-siempre-y-confirmando-su-papel-para-la-gobernabilidad\/\" \/>\n<meta property=\"og:locale\" content=\"es_MX\" \/>\n<meta property=\"og:type\" content=\"article\" \/>\n<meta property=\"og:title\" content=\"CTM Sonora tan vigente como siempre y confirmando su papel para la gobernabilidad\" \/>\n<meta property=\"og:description\" content=\"Escribir libros est\u00e1 de moda en la narrativa de los actores p\u00fablicos y el dirigente de la CTM Sonora, Javier Villarreal no es la excepci\u00f3n, el pasado jueves por la tarde present\u00f3 en el auditorio de la central obrera, \u201cSindicalismo de la CTM en Sonora. Grandes luchas, crecimiento y fortaleza (1982\u20132025)\u201d. El evento, que cont\u00f3 [&hellip;]\" \/>\n<meta property=\"og:url\" content=\"https:\/\/soledaddurazo.com\/blog\/2025\/10\/27\/ctm-sonora-tan-vigente-como-siempre-y-confirmando-su-papel-para-la-gobernabilidad\/\" \/>\n<meta property=\"og:site_name\" content=\"Periodista SoledadDurazo.com\" \/>\n<meta property=\"article:publisher\" content=\"https:\/\/www.facebook.com\/soledad.durazo.9\/\" \/>\n<meta property=\"article:published_time\" content=\"2025-10-28T04:37:09+00:00\" \/>\n<meta property=\"og:image\" content=\"https:\/\/soledaddurazo.com\/storage\/2025\/08\/9a-GRAFICO-FERNANDO-OROPEZA.jpeg\" \/>\n\t<meta property=\"og:image:width\" content=\"1092\" \/>\n\t<meta property=\"og:image:height\" content=\"983\" \/>\n<meta name=\"twitter:card\" content=\"summary_large_image\" \/>\n<meta name=\"twitter:creator\" content=\"@SoledadDurazo\" \/>\n<meta name=\"twitter:site\" content=\"@SoledadDurazo\" \/>\n<meta name=\"twitter:label1\" content=\"Escrito por\" \/>\n\t<meta name=\"twitter:data1\" content=\"Redacci\u00f3n\" \/>\n\t<meta name=\"twitter:label2\" content=\"Tiempo de lectura\" \/>\n\t<meta name=\"twitter:data2\" content=\"6 minutos\" \/>\n<script type=\"application\/ld+json\" class=\"yoast-schema-graph\">{\"@context\":\"https:\/\/schema.org\",\"@graph\":[{\"@type\":\"Organization\",\"@id\":\"https:\/\/soledaddurazo.com\/#organization\",\"name\":\"Soledad Durazo\",\"url\":\"https:\/\/soledaddurazo.com\/\",\"sameAs\":[\"https:\/\/www.facebook.com\/soledad.durazo.9\/\",\"https:\/\/www.instagram.com\/soledaddurazo\",\"https:\/\/www.youtube.com\/channel\/UC9yGPw8-Vbl_B2XNkRwPS-w\",\"https:\/\/twitter.com\/SoledadDurazo\"],\"logo\":{\"@type\":\"ImageObject\",\"@id\":\"https:\/\/soledaddurazo.com\/#logo\",\"inLanguage\":\"es\",\"url\":\"https:\/\/soledaddurazo.com\/storage\/2021\/11\/nllp-720x375-1-2.png\",\"contentUrl\":\"https:\/\/soledaddurazo.com\/storage\/2021\/11\/nllp-720x375-1-2.png\",\"width\":720,\"height\":375,\"caption\":\"Soledad Durazo\"},\"image\":{\"@id\":\"https:\/\/soledaddurazo.com\/#logo\"}},{\"@type\":\"WebSite\",\"@id\":\"https:\/\/soledaddurazo.com\/#website\",\"url\":\"https:\/\/soledaddurazo.com\/\",\"name\":\"Periodista SoledadDurazo.com\",\"description\":\"Periodista sonorense. Directora de www.SoledadDurazo.com Columnista, conductora de radio y Tv. Catedr\\u00e1tica en la UNISON\",\"publisher\":{\"@id\":\"https:\/\/soledaddurazo.com\/#organization\"},\"potentialAction\":[{\"@type\":\"SearchAction\",\"target\":{\"@type\":\"EntryPoint\",\"urlTemplate\":\"https:\/\/soledaddurazo.com\/?s={search_term_string}\"},\"query-input\":\"required name=search_term_string\"}],\"inLanguage\":\"es\"},{\"@type\":\"ImageObject\",\"@id\":\"https:\/\/soledaddurazo.com\/blog\/2025\/10\/27\/ctm-sonora-tan-vigente-como-siempre-y-confirmando-su-papel-para-la-gobernabilidad\/#primaryimage\",\"inLanguage\":\"es\",\"url\":\"https:\/\/soledaddurazo.com\/storage\/2025\/08\/9a-GRAFICO-FERNANDO-OROPEZA.jpeg\",\"contentUrl\":\"https:\/\/soledaddurazo.com\/storage\/2025\/08\/9a-GRAFICO-FERNANDO-OROPEZA.jpeg\",\"width\":1092,\"height\":983},{\"@type\":\"WebPage\",\"@id\":\"https:\/\/soledaddurazo.com\/blog\/2025\/10\/27\/ctm-sonora-tan-vigente-como-siempre-y-confirmando-su-papel-para-la-gobernabilidad\/#webpage\",\"url\":\"https:\/\/soledaddurazo.com\/blog\/2025\/10\/27\/ctm-sonora-tan-vigente-como-siempre-y-confirmando-su-papel-para-la-gobernabilidad\/\",\"name\":\"CTM Sonora tan vigente como siempre y confirmando su papel para la gobernabilidad - Periodista SoledadDurazo.com\",\"isPartOf\":{\"@id\":\"https:\/\/soledaddurazo.com\/#website\"},\"primaryImageOfPage\":{\"@id\":\"https:\/\/soledaddurazo.com\/blog\/2025\/10\/27\/ctm-sonora-tan-vigente-como-siempre-y-confirmando-su-papel-para-la-gobernabilidad\/#primaryimage\"},\"datePublished\":\"2025-10-28T04:37:09+00:00\",\"dateModified\":\"2025-10-28T04:37:09+00:00\",\"breadcrumb\":{\"@id\":\"https:\/\/soledaddurazo.com\/blog\/2025\/10\/27\/ctm-sonora-tan-vigente-como-siempre-y-confirmando-su-papel-para-la-gobernabilidad\/#breadcrumb\"},\"inLanguage\":\"es\",\"potentialAction\":[{\"@type\":\"ReadAction\",\"target\":[\"https:\/\/soledaddurazo.com\/blog\/2025\/10\/27\/ctm-sonora-tan-vigente-como-siempre-y-confirmando-su-papel-para-la-gobernabilidad\/\"]}]},{\"@type\":\"BreadcrumbList\",\"@id\":\"https:\/\/soledaddurazo.com\/blog\/2025\/10\/27\/ctm-sonora-tan-vigente-como-siempre-y-confirmando-su-papel-para-la-gobernabilidad\/#breadcrumb\",\"itemListElement\":[{\"@type\":\"ListItem\",\"position\":1,\"name\":\"Home\",\"item\":\"https:\/\/soledaddurazo.com\/\"},{\"@type\":\"ListItem\",\"position\":2,\"name\":\"CTM Sonora tan vigente como siempre y confirmando su papel para la gobernabilidad\"}]},{\"@type\":\"Article\",\"@id\":\"https:\/\/soledaddurazo.com\/blog\/2025\/10\/27\/ctm-sonora-tan-vigente-como-siempre-y-confirmando-su-papel-para-la-gobernabilidad\/#article\",\"isPartOf\":{\"@id\":\"https:\/\/soledaddurazo.com\/blog\/2025\/10\/27\/ctm-sonora-tan-vigente-como-siempre-y-confirmando-su-papel-para-la-gobernabilidad\/#webpage\"},\"author\":{\"@id\":\"https:\/\/soledaddurazo.com\/#\/schema\/person\/822d8e13aa288585e6546f179853758b\"},\"headline\":\"CTM Sonora tan vigente como siempre y confirmando su papel para la gobernabilidad\",\"datePublished\":\"2025-10-28T04:37:09+00:00\",\"dateModified\":\"2025-10-28T04:37:09+00:00\",\"mainEntityOfPage\":{\"@id\":\"https:\/\/soledaddurazo.com\/blog\/2025\/10\/27\/ctm-sonora-tan-vigente-como-siempre-y-confirmando-su-papel-para-la-gobernabilidad\/#webpage\"},\"wordCount\":1190,\"commentCount\":0,\"publisher\":{\"@id\":\"https:\/\/soledaddurazo.com\/#organization\"},\"image\":{\"@id\":\"https:\/\/soledaddurazo.com\/blog\/2025\/10\/27\/ctm-sonora-tan-vigente-como-siempre-y-confirmando-su-papel-para-la-gobernabilidad\/#primaryimage\"},\"thumbnailUrl\":\"https:\/\/soledaddurazo.com\/storage\/2025\/08\/9a-GRAFICO-FERNANDO-OROPEZA.jpeg\",\"articleSection\":[\"Fernando Oropeza\"],\"inLanguage\":\"es\",\"potentialAction\":[{\"@type\":\"CommentAction\",\"name\":\"Comment\",\"target\":[\"https:\/\/soledaddurazo.com\/blog\/2025\/10\/27\/ctm-sonora-tan-vigente-como-siempre-y-confirmando-su-papel-para-la-gobernabilidad\/#respond\"]}]},{\"@type\":\"Person\",\"@id\":\"https:\/\/soledaddurazo.com\/#\/schema\/person\/822d8e13aa288585e6546f179853758b\",\"name\":\"Redacci\\u00f3n\",\"image\":{\"@type\":\"ImageObject\",\"@id\":\"https:\/\/soledaddurazo.com\/#personlogo\",\"inLanguage\":\"es\",\"url\":\"https:\/\/secure.gravatar.com\/avatar\/c4e193752f756fd61f04deebed3a3a20dc188d37edb53682d313ac57f2725d54?s=96&d=mm&r=g\",\"contentUrl\":\"https:\/\/secure.gravatar.com\/avatar\/c4e193752f756fd61f04deebed3a3a20dc188d37edb53682d313ac57f2725d54?s=96&d=mm&r=g\",\"caption\":\"Redacci\\u00f3n\"},\"sameAs\":[\"https:\/\/soledaddurazo.com\"]}]}<\/script>\n ","yoast_head_json":{"title":"CTM Sonora tan vigente como siempre y confirmando su papel para la gobernabilidad - Periodista SoledadDurazo.com","robots":{"index":"index","follow":"follow","max-snippet":"max-snippet:-1","max-image-preview":"max-image-preview:large","max-video-preview":"max-video-preview:-1"},"canonical":"https:\/\/soledaddurazo.com\/blog\/2025\/10\/27\/ctm-sonora-tan-vigente-como-siempre-y-confirmando-su-papel-para-la-gobernabilidad\/","og_locale":"es_MX","og_type":"article","og_title":"CTM Sonora tan vigente como siempre y confirmando su papel para la gobernabilidad","og_description":"Escribir libros est\u00e1 de moda en la narrativa de los actores p\u00fablicos y el dirigente de la CTM Sonora, Javier Villarreal no es la excepci\u00f3n, el pasado jueves por la tarde present\u00f3 en el auditorio de la central obrera, \u201cSindicalismo de la CTM en Sonora. Grandes luchas, crecimiento y fortaleza (1982\u20132025)\u201d. El evento, que cont\u00f3 [&hellip;]","og_url":"https:\/\/soledaddurazo.com\/blog\/2025\/10\/27\/ctm-sonora-tan-vigente-como-siempre-y-confirmando-su-papel-para-la-gobernabilidad\/","og_site_name":"Periodista SoledadDurazo.com","article_publisher":"https:\/\/www.facebook.com\/soledad.durazo.9\/","article_published_time":"2025-10-28T04:37:09+00:00","og_image":[{"width":1092,"height":983,"url":"https:\/\/soledaddurazo.com\/storage\/2025\/08\/9a-GRAFICO-FERNANDO-OROPEZA.jpeg","type":"image\/jpeg"}],"twitter_card":"summary_large_image","twitter_creator":"@SoledadDurazo","twitter_site":"@SoledadDurazo","twitter_misc":{"Escrito por":"Redacci\u00f3n","Tiempo de lectura":"6 minutos"},"schema":{"@context":"https:\/\/schema.org","@graph":[{"@type":"Organization","@id":"https:\/\/soledaddurazo.com\/#organization","name":"Soledad Durazo","url":"https:\/\/soledaddurazo.com\/","sameAs":["https:\/\/www.facebook.com\/soledad.durazo.9\/","https:\/\/www.instagram.com\/soledaddurazo","https:\/\/www.youtube.com\/channel\/UC9yGPw8-Vbl_B2XNkRwPS-w","https:\/\/twitter.com\/SoledadDurazo"],"logo":{"@type":"ImageObject","@id":"https:\/\/soledaddurazo.com\/#logo","inLanguage":"es","url":"https:\/\/soledaddurazo.com\/storage\/2021\/11\/nllp-720x375-1-2.png","contentUrl":"https:\/\/soledaddurazo.com\/storage\/2021\/11\/nllp-720x375-1-2.png","width":720,"height":375,"caption":"Soledad Durazo"},"image":{"@id":"https:\/\/soledaddurazo.com\/#logo"}},{"@type":"WebSite","@id":"https:\/\/soledaddurazo.com\/#website","url":"https:\/\/soledaddurazo.com\/","name":"Periodista SoledadDurazo.com","description":"Periodista sonorense. Directora de www.SoledadDurazo.com Columnista, conductora de radio y Tv. Catedr\u00e1tica en la UNISON","publisher":{"@id":"https:\/\/soledaddurazo.com\/#organization"},"potentialAction":[{"@type":"SearchAction","target":{"@type":"EntryPoint","urlTemplate":"https:\/\/soledaddurazo.com\/?s={search_term_string}"},"query-input":"required name=search_term_string"}],"inLanguage":"es"},{"@type":"ImageObject","@id":"https:\/\/soledaddurazo.com\/blog\/2025\/10\/27\/ctm-sonora-tan-vigente-como-siempre-y-confirmando-su-papel-para-la-gobernabilidad\/#primaryimage","inLanguage":"es","url":"https:\/\/soledaddurazo.com\/storage\/2025\/08\/9a-GRAFICO-FERNANDO-OROPEZA.jpeg","contentUrl":"https:\/\/soledaddurazo.com\/storage\/2025\/08\/9a-GRAFICO-FERNANDO-OROPEZA.jpeg","width":1092,"height":983},{"@type":"WebPage","@id":"https:\/\/soledaddurazo.com\/blog\/2025\/10\/27\/ctm-sonora-tan-vigente-como-siempre-y-confirmando-su-papel-para-la-gobernabilidad\/#webpage","url":"https:\/\/soledaddurazo.com\/blog\/2025\/10\/27\/ctm-sonora-tan-vigente-como-siempre-y-confirmando-su-papel-para-la-gobernabilidad\/","name":"CTM Sonora tan vigente como siempre y confirmando su papel para la gobernabilidad - Periodista SoledadDurazo.com","isPartOf":{"@id":"https:\/\/soledaddurazo.com\/#website"},"primaryImageOfPage":{"@id":"https:\/\/soledaddurazo.com\/blog\/2025\/10\/27\/ctm-sonora-tan-vigente-como-siempre-y-confirmando-su-papel-para-la-gobernabilidad\/#primaryimage"},"datePublished":"2025-10-28T04:37:09+00:00","dateModified":"2025-10-28T04:37:09+00:00","breadcrumb":{"@id":"https:\/\/soledaddurazo.com\/blog\/2025\/10\/27\/ctm-sonora-tan-vigente-como-siempre-y-confirmando-su-papel-para-la-gobernabilidad\/#breadcrumb"},"inLanguage":"es","potentialAction":[{"@type":"ReadAction","target":["https:\/\/soledaddurazo.com\/blog\/2025\/10\/27\/ctm-sonora-tan-vigente-como-siempre-y-confirmando-su-papel-para-la-gobernabilidad\/"]}]},{"@type":"BreadcrumbList","@id":"https:\/\/soledaddurazo.com\/blog\/2025\/10\/27\/ctm-sonora-tan-vigente-como-siempre-y-confirmando-su-papel-para-la-gobernabilidad\/#breadcrumb","itemListElement":[{"@type":"ListItem","position":1,"name":"Home","item":"https:\/\/soledaddurazo.com\/"},{"@type":"ListItem","position":2,"name":"CTM Sonora tan vigente como siempre y confirmando su papel para la gobernabilidad"}]},{"@type":"Article","@id":"https:\/\/soledaddurazo.com\/blog\/2025\/10\/27\/ctm-sonora-tan-vigente-como-siempre-y-confirmando-su-papel-para-la-gobernabilidad\/#article","isPartOf":{"@id":"https:\/\/soledaddurazo.com\/blog\/2025\/10\/27\/ctm-sonora-tan-vigente-como-siempre-y-confirmando-su-papel-para-la-gobernabilidad\/#webpage"},"author":{"@id":"https:\/\/soledaddurazo.com\/#\/schema\/person\/822d8e13aa288585e6546f179853758b"},"headline":"CTM Sonora tan vigente como siempre y confirmando su papel para la gobernabilidad","datePublished":"2025-10-28T04:37:09+00:00","dateModified":"2025-10-28T04:37:09+00:00","mainEntityOfPage":{"@id":"https:\/\/soledaddurazo.com\/blog\/2025\/10\/27\/ctm-sonora-tan-vigente-como-siempre-y-confirmando-su-papel-para-la-gobernabilidad\/#webpage"},"wordCount":1190,"commentCount":0,"publisher":{"@id":"https:\/\/soledaddurazo.com\/#organization"},"image":{"@id":"https:\/\/soledaddurazo.com\/blog\/2025\/10\/27\/ctm-sonora-tan-vigente-como-siempre-y-confirmando-su-papel-para-la-gobernabilidad\/#primaryimage"},"thumbnailUrl":"https:\/\/soledaddurazo.com\/storage\/2025\/08\/9a-GRAFICO-FERNANDO-OROPEZA.jpeg","articleSection":["Fernando Oropeza"],"inLanguage":"es","potentialAction":[{"@type":"CommentAction","name":"Comment","target":["https:\/\/soledaddurazo.com\/blog\/2025\/10\/27\/ctm-sonora-tan-vigente-como-siempre-y-confirmando-su-papel-para-la-gobernabilidad\/#respond"]}]},{"@type":"Person","@id":"https:\/\/soledaddurazo.com\/#\/schema\/person\/822d8e13aa288585e6546f179853758b","name":"Redacci\u00f3n","image":{"@type":"ImageObject","@id":"https:\/\/soledaddurazo.com\/#personlogo","inLanguage":"es","url":"https:\/\/secure.gravatar.com\/avatar\/c4e193752f756fd61f04deebed3a3a20dc188d37edb53682d313ac57f2725d54?s=96&d=mm&r=g","contentUrl":"https:\/\/secure.gravatar.com\/avatar\/c4e193752f756fd61f04deebed3a3a20dc188d37edb53682d313ac57f2725d54?s=96&d=mm&r=g","caption":"Redacci\u00f3n"},"sameAs":["https:\/\/soledaddurazo.com"]}]}},"_links":{"self":[{"href":"https:\/\/soledaddurazo.com\/api\/wp\/v2\/posts\/23601","targetHints":{"allow":["GET"]}}],"collection":[{"href":"https:\/\/soledaddurazo.com\/api\/wp\/v2\/posts"}],"about":[{"href":"https:\/\/soledaddurazo.com\/api\/wp\/v2\/types\/post"}],"author":[{"embeddable":true,"href":"https:\/\/soledaddurazo.com\/api\/wp\/v2\/users\/1"}],"replies":[{"embeddable":true,"href":"https:\/\/soledaddurazo.com\/api\/wp\/v2\/comments?post=23601"}],"version-history":[{"count":1,"href":"https:\/\/soledaddurazo.com\/api\/wp\/v2\/posts\/23601\/revisions"}],"predecessor-version":[{"id":23603,"href":"https:\/\/soledaddurazo.com\/api\/wp\/v2\/posts\/23601\/revisions\/23603"}],"wp:featuredmedia":[{"embeddable":true,"href":"https:\/\/soledaddurazo.com\/api\/wp\/v2\/media\/23272"}],"wp:attachment":[{"href":"https:\/\/soledaddurazo.com\/api\/wp\/v2\/media?parent=23601"}],"wp:term":[{"taxonomy":"category","embeddable":true,"href":"https:\/\/soledaddurazo.com\/api\/wp\/v2\/categories?post=23601"},{"taxonomy":"post_tag","embeddable":true,"href":"https:\/\/soledaddurazo.com\/api\/wp\/v2\/tags?post=23601"}],"curies":[{"name":"wp","href":"https:\/\/api.w.org\/{rel}","templated":true}]}}