{"id":23575,"date":"2025-10-17T17:41:05","date_gmt":"2025-10-18T00:41:05","guid":{"rendered":"https:\/\/soledaddurazo.com\/?p=23575"},"modified":"2025-10-17T17:41:05","modified_gmt":"2025-10-18T00:41:05","slug":"conmemoran-en-hermosillo-el-dia-mundial-de-la-lucha-contra-el-cancer-de-mama-con-lazo-humano-gigante","status":"publish","type":"post","link":"https:\/\/soledaddurazo.com\/blog\/2025\/10\/17\/conmemoran-en-hermosillo-el-dia-mundial-de-la-lucha-contra-el-cancer-de-mama-con-lazo-humano-gigante\/","title":{"rendered":"Conmemoran en Hermosillo el D\u00eda Mundial de la Lucha contra el C\u00e1ncer de Mama con lazo humano gigante"},"content":{"rendered":"<p data-start=\"190\" data-end=\"540\">En un acto simb\u00f3lico y de sensibilizaci\u00f3n, el presidente municipal de Hermosillo, <strong data-start=\"320\" data-end=\"352\">Antonio Astiazar\u00e1n Guti\u00e9rrez<\/strong>, encabez\u00f3 la formaci\u00f3n de un lazo humano gigante frente al Palacio Municipal, en conmemoraci\u00f3n del <strong data-start=\"452\" data-end=\"504\">D\u00eda Mundial de la Lucha contra el C\u00e1ncer de Mama<\/strong>, que se celebra cada 19 de octubre.<\/p>\n<p data-start=\"542\" data-end=\"818\">Durante el evento, acompa\u00f1ado de servidoras y servidores p\u00fablicos del Ayuntamiento, el alcalde destac\u00f3 la importancia de predicar con el ejemplo desde el servicio p\u00fablico y subray\u00f3 el compromiso del gobierno municipal para facilitar el acceso a estudios de detecci\u00f3n oportuna.<\/p>\n<blockquote data-start=\"820\" data-end=\"983\">\n<p data-start=\"822\" data-end=\"983\">\u201cNo vamos a escatimar esfuerzos para poner al alcance de la ciudadan\u00eda los estudios necesarios para detectar cualquier padecimiento a tiempo\u201d, afirm\u00f3 Astiazar\u00e1n.<\/p>\n<\/blockquote>\n<p data-start=\"985\" data-end=\"1183\">Tambi\u00e9n agradeci\u00f3 la participaci\u00f3n del personal del Ayuntamiento, reconociendo a quienes han enfrentado esta enfermedad y rindiendo homenaje a quienes han perdido la vida a causa del c\u00e1ncer de mama.<\/p>\n<p data-start=\"1185\" data-end=\"1488\">Por su parte, el director de Salud P\u00fablica Municipal, <strong data-start=\"1239\" data-end=\"1263\">Luis Becerra Hurtado<\/strong>, inform\u00f3 que durante el mes de octubre se realizan <strong data-start=\"1315\" data-end=\"1353\">17 jornadas de salud para la mujer<\/strong>, tanto en \u00e1reas urbanas como rurales, que incluyen atenci\u00f3n m\u00e9dica gratuita, talleres de autoexploraci\u00f3n, Papanicolaou y mastograf\u00edas.<\/p>\n<p data-start=\"1490\" data-end=\"1720\">Estas acciones se llevan a cabo en coordinaci\u00f3n con instituciones m\u00e9dicas como <strong data-start=\"1569\" data-end=\"1664\">Hospital CIMA, Cl\u00ednica Noroeste, Laboratorio Ramos, San Diego de Alcal\u00e1 y Hospital San Jos\u00e9<\/strong>, quienes ofrecen promociones especiales durante el mes.<\/p>\n<blockquote data-start=\"1722\" data-end=\"1881\">\n<p data-start=\"1724\" data-end=\"1881\">\u201cNo podemos prevenir el c\u00e1ncer de mama, pero s\u00ed detectarlo a tiempo, y una vez detectado es curable. La autoexploraci\u00f3n puede salvar vidas\u201d, subray\u00f3 Becerra.<\/p>\n<\/blockquote>\n<p data-start=\"1883\" data-end=\"2111\">En el evento tambi\u00e9n estuvieron presentes la Tesorera Municipal <strong data-start=\"1947\" data-end=\"1976\">Flor Ayala Robles Linares<\/strong>, el Secretario del Ayuntamiento <strong data-start=\"2009\" data-end=\"2033\">Eduardo Acu\u00f1a Griego<\/strong>, as\u00ed como diversas directoras, directores y regidores del gobierno municipal.<\/p>\n","protected":false},"excerpt":{"rendered":"<p>En un acto simb\u00f3lico y de sensibilizaci\u00f3n, el presidente municipal de Hermosillo, Antonio Astiazar\u00e1n Guti\u00e9rrez, encabez\u00f3 la formaci\u00f3n de un lazo humano gigante frente al Palacio Municipal, en conmemoraci\u00f3n del D\u00eda Mundial de la Lucha contra el C\u00e1ncer de Mama, que se celebra cada 19 de octubre. Durante el evento, acompa\u00f1ado de servidoras y servidores [&hellip;]<\/p>\n","protected":false},"author":1,"featured_media":23576,"comment_status":"open","ping_status":"open","sticky":false,"template":"","format":"standard","meta":{"footnotes":""},"categories":[160,153],"tags":[],"class_list":["post"],"yoast_head":" \n<title>Conmemoran en Hermosillo el D\u00eda Mundial de la Lucha contra el C\u00e1ncer de Mama con lazo humano gigante - Periodista SoledadDurazo.com<\/title>\n<meta name=\"robots\" content=\"index, follow, max-snippet:-1, max-image-preview:large, max-video-preview:-1\" \/>\n<link rel=\"canonical\" href=\"https:\/\/soledaddurazo.com\/blog\/2025\/10\/17\/conmemoran-en-hermosillo-el-dia-mundial-de-la-lucha-contra-el-cancer-de-mama-con-lazo-humano-gigante\/\" \/>\n<meta property=\"og:locale\" content=\"es_MX\" \/>\n<meta property=\"og:type\" content=\"article\" \/>\n<meta property=\"og:title\" content=\"Conmemoran en Hermosillo el D\u00eda Mundial de la Lucha contra el C\u00e1ncer de Mama con lazo humano gigante\" \/>\n<meta property=\"og:description\" content=\"En un acto simb\u00f3lico y de sensibilizaci\u00f3n, el presidente municipal de Hermosillo, Antonio Astiazar\u00e1n Guti\u00e9rrez, encabez\u00f3 la formaci\u00f3n de un lazo humano gigante frente al Palacio Municipal, en conmemoraci\u00f3n del D\u00eda Mundial de la Lucha contra el C\u00e1ncer de Mama, que se celebra cada 19 de octubre. Durante el evento, acompa\u00f1ado de servidoras y servidores [&hellip;]\" \/>\n<meta property=\"og:url\" content=\"https:\/\/soledaddurazo.com\/blog\/2025\/10\/17\/conmemoran-en-hermosillo-el-dia-mundial-de-la-lucha-contra-el-cancer-de-mama-con-lazo-humano-gigante\/\" \/>\n<meta property=\"og:site_name\" content=\"Periodista SoledadDurazo.com\" \/>\n<meta property=\"article:publisher\" content=\"https:\/\/www.facebook.com\/soledad.durazo.9\/\" \/>\n<meta property=\"article:published_time\" content=\"2025-10-18T00:41:05+00:00\" \/>\n<meta property=\"og:image\" content=\"https:\/\/soledaddurazo.com\/storage\/2025\/10\/thumbnail-2.jpeg\" \/>\n\t<meta property=\"og:image:width\" content=\"1280\" \/>\n\t<meta property=\"og:image:height\" content=\"853\" \/>\n<meta name=\"twitter:card\" content=\"summary_large_image\" \/>\n<meta name=\"twitter:creator\" content=\"@SoledadDurazo\" \/>\n<meta name=\"twitter:site\" content=\"@SoledadDurazo\" \/>\n<meta name=\"twitter:label1\" content=\"Escrito por\" \/>\n\t<meta name=\"twitter:data1\" content=\"Redacci\u00f3n\" \/>\n\t<meta name=\"twitter:label2\" content=\"Tiempo de lectura\" \/>\n\t<meta name=\"twitter:data2\" content=\"2 minutos\" \/>\n<script type=\"application\/ld+json\" class=\"yoast-schema-graph\">{\"@context\":\"https:\/\/schema.org\",\"@graph\":[{\"@type\":\"Organization\",\"@id\":\"https:\/\/soledaddurazo.com\/#organization\",\"name\":\"Soledad Durazo\",\"url\":\"https:\/\/soledaddurazo.com\/\",\"sameAs\":[\"https:\/\/www.facebook.com\/soledad.durazo.9\/\",\"https:\/\/www.instagram.com\/soledaddurazo\",\"https:\/\/www.youtube.com\/channel\/UC9yGPw8-Vbl_B2XNkRwPS-w\",\"https:\/\/twitter.com\/SoledadDurazo\"],\"logo\":{\"@type\":\"ImageObject\",\"@id\":\"https:\/\/soledaddurazo.com\/#logo\",\"inLanguage\":\"es\",\"url\":\"https:\/\/soledaddurazo.com\/storage\/2021\/11\/nllp-720x375-1-2.png\",\"contentUrl\":\"https:\/\/soledaddurazo.com\/storage\/2021\/11\/nllp-720x375-1-2.png\",\"width\":720,\"height\":375,\"caption\":\"Soledad Durazo\"},\"image\":{\"@id\":\"https:\/\/soledaddurazo.com\/#logo\"}},{\"@type\":\"WebSite\",\"@id\":\"https:\/\/soledaddurazo.com\/#website\",\"url\":\"https:\/\/soledaddurazo.com\/\",\"name\":\"Periodista SoledadDurazo.com\",\"description\":\"Periodista sonorense. Directora de www.SoledadDurazo.com Columnista, conductora de radio y Tv. Catedr\\u00e1tica en la UNISON\",\"publisher\":{\"@id\":\"https:\/\/soledaddurazo.com\/#organization\"},\"potentialAction\":[{\"@type\":\"SearchAction\",\"target\":{\"@type\":\"EntryPoint\",\"urlTemplate\":\"https:\/\/soledaddurazo.com\/?s={search_term_string}\"},\"query-input\":\"required name=search_term_string\"}],\"inLanguage\":\"es\"},{\"@type\":\"ImageObject\",\"@id\":\"https:\/\/soledaddurazo.com\/blog\/2025\/10\/17\/conmemoran-en-hermosillo-el-dia-mundial-de-la-lucha-contra-el-cancer-de-mama-con-lazo-humano-gigante\/#primaryimage\",\"inLanguage\":\"es\",\"url\":\"https:\/\/soledaddurazo.com\/storage\/2025\/10\/thumbnail-2.jpeg\",\"contentUrl\":\"https:\/\/soledaddurazo.com\/storage\/2025\/10\/thumbnail-2.jpeg\",\"width\":1280,\"height\":853},{\"@type\":\"WebPage\",\"@id\":\"https:\/\/soledaddurazo.com\/blog\/2025\/10\/17\/conmemoran-en-hermosillo-el-dia-mundial-de-la-lucha-contra-el-cancer-de-mama-con-lazo-humano-gigante\/#webpage\",\"url\":\"https:\/\/soledaddurazo.com\/blog\/2025\/10\/17\/conmemoran-en-hermosillo-el-dia-mundial-de-la-lucha-contra-el-cancer-de-mama-con-lazo-humano-gigante\/\",\"name\":\"Conmemoran en Hermosillo el D\\u00eda Mundial de la Lucha contra el C\\u00e1ncer de Mama con lazo humano gigante - Periodista SoledadDurazo.com\",\"isPartOf\":{\"@id\":\"https:\/\/soledaddurazo.com\/#website\"},\"primaryImageOfPage\":{\"@id\":\"https:\/\/soledaddurazo.com\/blog\/2025\/10\/17\/conmemoran-en-hermosillo-el-dia-mundial-de-la-lucha-contra-el-cancer-de-mama-con-lazo-humano-gigante\/#primaryimage\"},\"datePublished\":\"2025-10-18T00:41:05+00:00\",\"dateModified\":\"2025-10-18T00:41:05+00:00\",\"breadcrumb\":{\"@id\":\"https:\/\/soledaddurazo.com\/blog\/2025\/10\/17\/conmemoran-en-hermosillo-el-dia-mundial-de-la-lucha-contra-el-cancer-de-mama-con-lazo-humano-gigante\/#breadcrumb\"},\"inLanguage\":\"es\",\"potentialAction\":[{\"@type\":\"ReadAction\",\"target\":[\"https:\/\/soledaddurazo.com\/blog\/2025\/10\/17\/conmemoran-en-hermosillo-el-dia-mundial-de-la-lucha-contra-el-cancer-de-mama-con-lazo-humano-gigante\/\"]}]},{\"@type\":\"BreadcrumbList\",\"@id\":\"https:\/\/soledaddurazo.com\/blog\/2025\/10\/17\/conmemoran-en-hermosillo-el-dia-mundial-de-la-lucha-contra-el-cancer-de-mama-con-lazo-humano-gigante\/#breadcrumb\",\"itemListElement\":[{\"@type\":\"ListItem\",\"position\":1,\"name\":\"Home\",\"item\":\"https:\/\/soledaddurazo.com\/\"},{\"@type\":\"ListItem\",\"position\":2,\"name\":\"Conmemoran en Hermosillo el D\\u00eda Mundial de la Lucha contra el C\\u00e1ncer de Mama con lazo humano gigante\"}]},{\"@type\":\"Article\",\"@id\":\"https:\/\/soledaddurazo.com\/blog\/2025\/10\/17\/conmemoran-en-hermosillo-el-dia-mundial-de-la-lucha-contra-el-cancer-de-mama-con-lazo-humano-gigante\/#article\",\"isPartOf\":{\"@id\":\"https:\/\/soledaddurazo.com\/blog\/2025\/10\/17\/conmemoran-en-hermosillo-el-dia-mundial-de-la-lucha-contra-el-cancer-de-mama-con-lazo-humano-gigante\/#webpage\"},\"author\":{\"@id\":\"https:\/\/soledaddurazo.com\/#\/schema\/person\/822d8e13aa288585e6546f179853758b\"},\"headline\":\"Conmemoran en Hermosillo el D\\u00eda Mundial de la Lucha contra el C\\u00e1ncer de Mama con lazo humano gigante\",\"datePublished\":\"2025-10-18T00:41:05+00:00\",\"dateModified\":\"2025-10-18T00:41:05+00:00\",\"mainEntityOfPage\":{\"@id\":\"https:\/\/soledaddurazo.com\/blog\/2025\/10\/17\/conmemoran-en-hermosillo-el-dia-mundial-de-la-lucha-contra-el-cancer-de-mama-con-lazo-humano-gigante\/#webpage\"},\"wordCount\":321,\"commentCount\":0,\"publisher\":{\"@id\":\"https:\/\/soledaddurazo.com\/#organization\"},\"image\":{\"@id\":\"https:\/\/soledaddurazo.com\/blog\/2025\/10\/17\/conmemoran-en-hermosillo-el-dia-mundial-de-la-lucha-contra-el-cancer-de-mama-con-lazo-humano-gigante\/#primaryimage\"},\"thumbnailUrl\":\"https:\/\/soledaddurazo.com\/storage\/2025\/10\/thumbnail-2.jpeg\",\"articleSection\":[\"Mas noticias\",\"principal\"],\"inLanguage\":\"es\",\"potentialAction\":[{\"@type\":\"CommentAction\",\"name\":\"Comment\",\"target\":[\"https:\/\/soledaddurazo.com\/blog\/2025\/10\/17\/conmemoran-en-hermosillo-el-dia-mundial-de-la-lucha-contra-el-cancer-de-mama-con-lazo-humano-gigante\/#respond\"]}]},{\"@type\":\"Person\",\"@id\":\"https:\/\/soledaddurazo.com\/#\/schema\/person\/822d8e13aa288585e6546f179853758b\",\"name\":\"Redacci\\u00f3n\",\"image\":{\"@type\":\"ImageObject\",\"@id\":\"https:\/\/soledaddurazo.com\/#personlogo\",\"inLanguage\":\"es\",\"url\":\"https:\/\/secure.gravatar.com\/avatar\/c4e193752f756fd61f04deebed3a3a20dc188d37edb53682d313ac57f2725d54?s=96&d=mm&r=g\",\"contentUrl\":\"https:\/\/secure.gravatar.com\/avatar\/c4e193752f756fd61f04deebed3a3a20dc188d37edb53682d313ac57f2725d54?s=96&d=mm&r=g\",\"caption\":\"Redacci\\u00f3n\"},\"sameAs\":[\"https:\/\/soledaddurazo.com\"]}]}<\/script>\n ","yoast_head_json":{"title":"Conmemoran en Hermosillo el D\u00eda Mundial de la Lucha contra el C\u00e1ncer de Mama con lazo humano gigante - Periodista SoledadDurazo.com","robots":{"index":"index","follow":"follow","max-snippet":"max-snippet:-1","max-image-preview":"max-image-preview:large","max-video-preview":"max-video-preview:-1"},"canonical":"https:\/\/soledaddurazo.com\/blog\/2025\/10\/17\/conmemoran-en-hermosillo-el-dia-mundial-de-la-lucha-contra-el-cancer-de-mama-con-lazo-humano-gigante\/","og_locale":"es_MX","og_type":"article","og_title":"Conmemoran en Hermosillo el D\u00eda Mundial de la Lucha contra el C\u00e1ncer de Mama con lazo humano gigante","og_description":"En un acto simb\u00f3lico y de sensibilizaci\u00f3n, el presidente municipal de Hermosillo, Antonio Astiazar\u00e1n Guti\u00e9rrez, encabez\u00f3 la formaci\u00f3n de un lazo humano gigante frente al Palacio Municipal, en conmemoraci\u00f3n del D\u00eda Mundial de la Lucha contra el C\u00e1ncer de Mama, que se celebra cada 19 de octubre. Durante el evento, acompa\u00f1ado de servidoras y servidores [&hellip;]","og_url":"https:\/\/soledaddurazo.com\/blog\/2025\/10\/17\/conmemoran-en-hermosillo-el-dia-mundial-de-la-lucha-contra-el-cancer-de-mama-con-lazo-humano-gigante\/","og_site_name":"Periodista SoledadDurazo.com","article_publisher":"https:\/\/www.facebook.com\/soledad.durazo.9\/","article_published_time":"2025-10-18T00:41:05+00:00","og_image":[{"width":1280,"height":853,"url":"https:\/\/soledaddurazo.com\/storage\/2025\/10\/thumbnail-2.jpeg","type":"image\/jpeg"}],"twitter_card":"summary_large_image","twitter_creator":"@SoledadDurazo","twitter_site":"@SoledadDurazo","twitter_misc":{"Escrito por":"Redacci\u00f3n","Tiempo de lectura":"2 minutos"},"schema":{"@context":"https:\/\/schema.org","@graph":[{"@type":"Organization","@id":"https:\/\/soledaddurazo.com\/#organization","name":"Soledad Durazo","url":"https:\/\/soledaddurazo.com\/","sameAs":["https:\/\/www.facebook.com\/soledad.durazo.9\/","https:\/\/www.instagram.com\/soledaddurazo","https:\/\/www.youtube.com\/channel\/UC9yGPw8-Vbl_B2XNkRwPS-w","https:\/\/twitter.com\/SoledadDurazo"],"logo":{"@type":"ImageObject","@id":"https:\/\/soledaddurazo.com\/#logo","inLanguage":"es","url":"https:\/\/soledaddurazo.com\/storage\/2021\/11\/nllp-720x375-1-2.png","contentUrl":"https:\/\/soledaddurazo.com\/storage\/2021\/11\/nllp-720x375-1-2.png","width":720,"height":375,"caption":"Soledad Durazo"},"image":{"@id":"https:\/\/soledaddurazo.com\/#logo"}},{"@type":"WebSite","@id":"https:\/\/soledaddurazo.com\/#website","url":"https:\/\/soledaddurazo.com\/","name":"Periodista SoledadDurazo.com","description":"Periodista sonorense. Directora de www.SoledadDurazo.com Columnista, conductora de radio y Tv. Catedr\u00e1tica en la UNISON","publisher":{"@id":"https:\/\/soledaddurazo.com\/#organization"},"potentialAction":[{"@type":"SearchAction","target":{"@type":"EntryPoint","urlTemplate":"https:\/\/soledaddurazo.com\/?s={search_term_string}"},"query-input":"required name=search_term_string"}],"inLanguage":"es"},{"@type":"ImageObject","@id":"https:\/\/soledaddurazo.com\/blog\/2025\/10\/17\/conmemoran-en-hermosillo-el-dia-mundial-de-la-lucha-contra-el-cancer-de-mama-con-lazo-humano-gigante\/#primaryimage","inLanguage":"es","url":"https:\/\/soledaddurazo.com\/storage\/2025\/10\/thumbnail-2.jpeg","contentUrl":"https:\/\/soledaddurazo.com\/storage\/2025\/10\/thumbnail-2.jpeg","width":1280,"height":853},{"@type":"WebPage","@id":"https:\/\/soledaddurazo.com\/blog\/2025\/10\/17\/conmemoran-en-hermosillo-el-dia-mundial-de-la-lucha-contra-el-cancer-de-mama-con-lazo-humano-gigante\/#webpage","url":"https:\/\/soledaddurazo.com\/blog\/2025\/10\/17\/conmemoran-en-hermosillo-el-dia-mundial-de-la-lucha-contra-el-cancer-de-mama-con-lazo-humano-gigante\/","name":"Conmemoran en Hermosillo el D\u00eda Mundial de la Lucha contra el C\u00e1ncer de Mama con lazo humano gigante - Periodista SoledadDurazo.com","isPartOf":{"@id":"https:\/\/soledaddurazo.com\/#website"},"primaryImageOfPage":{"@id":"https:\/\/soledaddurazo.com\/blog\/2025\/10\/17\/conmemoran-en-hermosillo-el-dia-mundial-de-la-lucha-contra-el-cancer-de-mama-con-lazo-humano-gigante\/#primaryimage"},"datePublished":"2025-10-18T00:41:05+00:00","dateModified":"2025-10-18T00:41:05+00:00","breadcrumb":{"@id":"https:\/\/soledaddurazo.com\/blog\/2025\/10\/17\/conmemoran-en-hermosillo-el-dia-mundial-de-la-lucha-contra-el-cancer-de-mama-con-lazo-humano-gigante\/#breadcrumb"},"inLanguage":"es","potentialAction":[{"@type":"ReadAction","target":["https:\/\/soledaddurazo.com\/blog\/2025\/10\/17\/conmemoran-en-hermosillo-el-dia-mundial-de-la-lucha-contra-el-cancer-de-mama-con-lazo-humano-gigante\/"]}]},{"@type":"BreadcrumbList","@id":"https:\/\/soledaddurazo.com\/blog\/2025\/10\/17\/conmemoran-en-hermosillo-el-dia-mundial-de-la-lucha-contra-el-cancer-de-mama-con-lazo-humano-gigante\/#breadcrumb","itemListElement":[{"@type":"ListItem","position":1,"name":"Home","item":"https:\/\/soledaddurazo.com\/"},{"@type":"ListItem","position":2,"name":"Conmemoran en Hermosillo el D\u00eda Mundial de la Lucha contra el C\u00e1ncer de Mama con lazo humano gigante"}]},{"@type":"Article","@id":"https:\/\/soledaddurazo.com\/blog\/2025\/10\/17\/conmemoran-en-hermosillo-el-dia-mundial-de-la-lucha-contra-el-cancer-de-mama-con-lazo-humano-gigante\/#article","isPartOf":{"@id":"https:\/\/soledaddurazo.com\/blog\/2025\/10\/17\/conmemoran-en-hermosillo-el-dia-mundial-de-la-lucha-contra-el-cancer-de-mama-con-lazo-humano-gigante\/#webpage"},"author":{"@id":"https:\/\/soledaddurazo.com\/#\/schema\/person\/822d8e13aa288585e6546f179853758b"},"headline":"Conmemoran en Hermosillo el D\u00eda Mundial de la Lucha contra el C\u00e1ncer de Mama con lazo humano gigante","datePublished":"2025-10-18T00:41:05+00:00","dateModified":"2025-10-18T00:41:05+00:00","mainEntityOfPage":{"@id":"https:\/\/soledaddurazo.com\/blog\/2025\/10\/17\/conmemoran-en-hermosillo-el-dia-mundial-de-la-lucha-contra-el-cancer-de-mama-con-lazo-humano-gigante\/#webpage"},"wordCount":321,"commentCount":0,"publisher":{"@id":"https:\/\/soledaddurazo.com\/#organization"},"image":{"@id":"https:\/\/soledaddurazo.com\/blog\/2025\/10\/17\/conmemoran-en-hermosillo-el-dia-mundial-de-la-lucha-contra-el-cancer-de-mama-con-lazo-humano-gigante\/#primaryimage"},"thumbnailUrl":"https:\/\/soledaddurazo.com\/storage\/2025\/10\/thumbnail-2.jpeg","articleSection":["Mas noticias","principal"],"inLanguage":"es","potentialAction":[{"@type":"CommentAction","name":"Comment","target":["https:\/\/soledaddurazo.com\/blog\/2025\/10\/17\/conmemoran-en-hermosillo-el-dia-mundial-de-la-lucha-contra-el-cancer-de-mama-con-lazo-humano-gigante\/#respond"]}]},{"@type":"Person","@id":"https:\/\/soledaddurazo.com\/#\/schema\/person\/822d8e13aa288585e6546f179853758b","name":"Redacci\u00f3n","image":{"@type":"ImageObject","@id":"https:\/\/soledaddurazo.com\/#personlogo","inLanguage":"es","url":"https:\/\/secure.gravatar.com\/avatar\/c4e193752f756fd61f04deebed3a3a20dc188d37edb53682d313ac57f2725d54?s=96&d=mm&r=g","contentUrl":"https:\/\/secure.gravatar.com\/avatar\/c4e193752f756fd61f04deebed3a3a20dc188d37edb53682d313ac57f2725d54?s=96&d=mm&r=g","caption":"Redacci\u00f3n"},"sameAs":["https:\/\/soledaddurazo.com"]}]}},"_links":{"self":[{"href":"https:\/\/soledaddurazo.com\/api\/wp\/v2\/posts\/23575","targetHints":{"allow":["GET"]}}],"collection":[{"href":"https:\/\/soledaddurazo.com\/api\/wp\/v2\/posts"}],"about":[{"href":"https:\/\/soledaddurazo.com\/api\/wp\/v2\/types\/post"}],"author":[{"embeddable":true,"href":"https:\/\/soledaddurazo.com\/api\/wp\/v2\/users\/1"}],"replies":[{"embeddable":true,"href":"https:\/\/soledaddurazo.com\/api\/wp\/v2\/comments?post=23575"}],"version-history":[{"count":1,"href":"https:\/\/soledaddurazo.com\/api\/wp\/v2\/posts\/23575\/revisions"}],"predecessor-version":[{"id":23577,"href":"https:\/\/soledaddurazo.com\/api\/wp\/v2\/posts\/23575\/revisions\/23577"}],"wp:featuredmedia":[{"embeddable":true,"href":"https:\/\/soledaddurazo.com\/api\/wp\/v2\/media\/23576"}],"wp:attachment":[{"href":"https:\/\/soledaddurazo.com\/api\/wp\/v2\/media?parent=23575"}],"wp:term":[{"taxonomy":"category","embeddable":true,"href":"https:\/\/soledaddurazo.com\/api\/wp\/v2\/categories?post=23575"},{"taxonomy":"post_tag","embeddable":true,"href":"https:\/\/soledaddurazo.com\/api\/wp\/v2\/tags?post=23575"}],"curies":[{"name":"wp","href":"https:\/\/api.w.org\/{rel}","templated":true}]}}