{"id":23317,"date":"2025-09-09T16:01:03","date_gmt":"2025-09-09T23:01:03","guid":{"rendered":"https:\/\/soledaddurazo.com\/?p=23317"},"modified":"2025-09-19T18:38:09","modified_gmt":"2025-09-20T01:38:09","slug":"dr-vagon-el-tren-de-la-salud-regresa-a-sonora-con-servicios-gratuitos-y-campanas-especiales","status":"publish","type":"post","link":"https:\/\/soledaddurazo.com\/blog\/2025\/09\/09\/dr-vagon-el-tren-de-la-salud-regresa-a-sonora-con-servicios-gratuitos-y-campanas-especiales\/","title":{"rendered":"Dr. Vag\u00f3n, el Tren de la Salud, regresa a Sonora con servicios gratuitos y campa\u00f1as especiales"},"content":{"rendered":"<p data-start=\"187\" data-end=\"439\">Con el firme compromiso de acercar atenci\u00f3n m\u00e9dica gratuita y de calidad a las comunidades m\u00e1s necesitadas, <strong data-start=\"295\" data-end=\"355\">Dr. Vag\u00f3n, el Tren de la Salud de Fundaci\u00f3n Grupo M\u00e9xico<\/strong>, inicia una nueva ruta por Sonora en la que recorrer\u00e1 ocho municipios del estado.<\/p>\n<p data-start=\"441\" data-end=\"677\">En sus nueve visitas anteriores a la entidad, el proyecto ha otorgado <strong data-start=\"511\" data-end=\"595\">m\u00e1s de 59 mil consultas m\u00e9dicas y entregado m\u00e1s de 70 mil medicamentos sin costo<\/strong>, consolid\u00e1ndose como una iniciativa de alto impacto social en materia de salud.<\/p>\n<p data-start=\"441\" data-end=\"677\"><a href=\"https:\/\/soledaddurazo.com\/storage\/2025\/09\/43846207-0b7b-4c60-8427-f8b40e592613.jpeg\"><img loading=\"lazy\" decoding=\"async\" class=\"aligncenter size-full wp-image-23319\" src=\"https:\/\/soledaddurazo.com\/storage\/2025\/09\/43846207-0b7b-4c60-8427-f8b40e592613.jpeg\" alt=\"\" width=\"1600\" height=\"1310\" srcset=\"https:\/\/soledaddurazo.com\/storage\/2025\/09\/43846207-0b7b-4c60-8427-f8b40e592613.jpeg 1600w, https:\/\/soledaddurazo.com\/storage\/2025\/09\/43846207-0b7b-4c60-8427-f8b40e592613-300x246.jpeg 300w, https:\/\/soledaddurazo.com\/storage\/2025\/09\/43846207-0b7b-4c60-8427-f8b40e592613-1024x838.jpeg 1024w, https:\/\/soledaddurazo.com\/storage\/2025\/09\/43846207-0b7b-4c60-8427-f8b40e592613-768x629.jpeg 768w, https:\/\/soledaddurazo.com\/storage\/2025\/09\/43846207-0b7b-4c60-8427-f8b40e592613-1536x1258.jpeg 1536w, https:\/\/soledaddurazo.com\/storage\/2025\/09\/43846207-0b7b-4c60-8427-f8b40e592613-600x491.jpeg 600w, https:\/\/soledaddurazo.com\/storage\/2025\/09\/43846207-0b7b-4c60-8427-f8b40e592613-750x614.jpeg 750w, https:\/\/soledaddurazo.com\/storage\/2025\/09\/43846207-0b7b-4c60-8427-f8b40e592613-1140x933.jpeg 1140w\" sizes=\"auto, (max-width: 1600px) 100vw, 1600px\" \/><\/a><\/p>\n<p data-start=\"679\" data-end=\"1095\">Durante esta nueva jornada, el tren brindar\u00e1 servicios en <strong data-start=\"737\" data-end=\"839\">Agua Prieta, Cananea, Nogales, Puerto Pe\u00f1asco, Benjam\u00edn Hill, Hermosillo, Guaymas y Ciudad Obreg\u00f3n<\/strong>, donde instalar\u00e1 cl\u00ednicas m\u00f3viles con atenci\u00f3n m\u00e9dica general y de especialidad, salud integral para la mujer, atenci\u00f3n a pacientes con diabetes, servicios de nutrici\u00f3n, salud visual, soluciones auditivas, rehabilitaci\u00f3n f\u00edsica y planificaci\u00f3n familiar.<\/p>\n<p data-start=\"1097\" data-end=\"1187\">Adem\u00e1s, se pondr\u00e1n en marcha <strong data-start=\"1126\" data-end=\"1171\">campa\u00f1as extraordinarias de salud p\u00fablica<\/strong>, entre ellas:<\/p>\n<ul data-start=\"1188\" data-end=\"1503\">\n<li data-start=\"1188\" data-end=\"1325\">\n<p data-start=\"1190\" data-end=\"1325\"><strong data-start=\"1190\" data-end=\"1230\">Detecci\u00f3n oportuna de c\u00e1ncer de mama<\/strong>, con mastograf\u00edas gratuitas en el Vag\u00f3n de la Mujer, en el marco del mes de concientizaci\u00f3n.<\/p>\n<\/li>\n<li data-start=\"1326\" data-end=\"1421\">\n<p data-start=\"1328\" data-end=\"1421\"><strong data-start=\"1328\" data-end=\"1353\">Esterilizaci\u00f3n animal<\/strong> en Nogales y Puerto Pe\u00f1asco, en alianza con Fundaci\u00f3n Calle Cero.<\/p>\n<\/li>\n<li data-start=\"1422\" data-end=\"1503\">\n<p data-start=\"1424\" data-end=\"1503\"><strong data-start=\"1424\" data-end=\"1452\">Desparasitaci\u00f3n infantil<\/strong> en Benjam\u00edn Hill, con apoyo de Fundaci\u00f3n Sanfer.<\/p>\n<\/li>\n<\/ul>\n<h3 data-start=\"1505\" data-end=\"1547\"><strong data-start=\"1509\" data-end=\"1545\">Calendario de atenci\u00f3n en Sonora<\/strong><\/h3>\n<ul data-start=\"1548\" data-end=\"1887\">\n<li data-start=\"1548\" data-end=\"1591\">\n<p data-start=\"1550\" data-end=\"1591\"><strong data-start=\"1550\" data-end=\"1565\">Agua Prieta<\/strong>: 23 al 27 de septiembre<\/p>\n<\/li>\n<li data-start=\"1592\" data-end=\"1641\">\n<p data-start=\"1594\" data-end=\"1641\"><strong data-start=\"1594\" data-end=\"1605\">Cananea<\/strong>: 29 de septiembre al 3 de octubre<\/p>\n<\/li>\n<li data-start=\"1642\" data-end=\"1677\">\n<p data-start=\"1644\" data-end=\"1677\"><strong data-start=\"1644\" data-end=\"1655\">Nogales<\/strong>: 6 al 10 de octubre<\/p>\n<\/li>\n<li data-start=\"1678\" data-end=\"1721\">\n<p data-start=\"1680\" data-end=\"1721\"><strong data-start=\"1680\" data-end=\"1698\">Puerto Pe\u00f1asco<\/strong>: 13 al 17 de octubre<\/p>\n<\/li>\n<li data-start=\"1722\" data-end=\"1764\">\n<p data-start=\"1724\" data-end=\"1764\"><strong data-start=\"1724\" data-end=\"1741\">Benjam\u00edn Hill<\/strong>: 20 al 24 de octubre<\/p>\n<\/li>\n<li data-start=\"1765\" data-end=\"1804\">\n<p data-start=\"1767\" data-end=\"1804\"><strong data-start=\"1767\" data-end=\"1781\">Hermosillo<\/strong>: 27 al 31 de octubre<\/p>\n<\/li>\n<li data-start=\"1805\" data-end=\"1841\">\n<p data-start=\"1807\" data-end=\"1841\"><strong data-start=\"1807\" data-end=\"1818\">Guaymas<\/strong>: 4 al 8 de noviembre<\/p>\n<\/li>\n<li data-start=\"1842\" data-end=\"1887\">\n<p data-start=\"1844\" data-end=\"1887\"><strong data-start=\"1844\" data-end=\"1862\">Ciudad Obreg\u00f3n<\/strong>: 10 al 14 de noviembre<\/p>\n<\/li>\n<\/ul>\n<p data-start=\"1889\" data-end=\"2151\">\ud83d\udccc Para m\u00e1s informaci\u00f3n sobre las sedes y servicios, se puede consultar la p\u00e1gina oficial de la <strong data-start=\"1985\" data-end=\"2011\">Fundaci\u00f3n Grupo M\u00e9xico<\/strong> en <a class=\"decorated-link\" href=\"http:\/\/www.fundaciongrupomexico.org\" target=\"_new\" rel=\"noopener\" data-start=\"2015\" data-end=\"2082\">www.fundaciongrupomexico.org<\/a> o seguir las redes sociales de <strong data-start=\"2114\" data-end=\"2148\">Dr. Vag\u00f3n, el Tren de la Salud<\/strong>.<\/p>\n","protected":false},"excerpt":{"rendered":"<p>Con el firme compromiso de acercar atenci\u00f3n m\u00e9dica gratuita y de calidad a las comunidades m\u00e1s necesitadas, Dr. Vag\u00f3n, el Tren de la Salud de Fundaci\u00f3n Grupo M\u00e9xico, inicia una nueva ruta por Sonora en la que recorrer\u00e1 ocho municipios del estado. En sus nueve visitas anteriores a la entidad, el proyecto ha otorgado m\u00e1s [&hellip;]<\/p>\n","protected":false},"author":1,"featured_media":23318,"comment_status":"open","ping_status":"open","sticky":false,"template":"","format":"standard","meta":{"footnotes":""},"categories":[160,153],"tags":[],"class_list":["post"],"yoast_head":" \n<title>Dr. Vag\u00f3n, el Tren de la Salud, regresa a Sonora con servicios gratuitos y campa\u00f1as especiales - Periodista SoledadDurazo.com<\/title>\n<meta name=\"robots\" content=\"index, follow, max-snippet:-1, max-image-preview:large, max-video-preview:-1\" \/>\n<link rel=\"canonical\" href=\"https:\/\/soledaddurazo.com\/blog\/2025\/09\/09\/dr-vagon-el-tren-de-la-salud-regresa-a-sonora-con-servicios-gratuitos-y-campanas-especiales\/\" \/>\n<meta property=\"og:locale\" content=\"es_MX\" \/>\n<meta property=\"og:type\" content=\"article\" \/>\n<meta property=\"og:title\" content=\"Dr. Vag\u00f3n, el Tren de la Salud, regresa a Sonora con servicios gratuitos y campa\u00f1as especiales\" \/>\n<meta property=\"og:description\" content=\"Con el firme compromiso de acercar atenci\u00f3n m\u00e9dica gratuita y de calidad a las comunidades m\u00e1s necesitadas, Dr. Vag\u00f3n, el Tren de la Salud de Fundaci\u00f3n Grupo M\u00e9xico, inicia una nueva ruta por Sonora en la que recorrer\u00e1 ocho municipios del estado. En sus nueve visitas anteriores a la entidad, el proyecto ha otorgado m\u00e1s [&hellip;]\" \/>\n<meta property=\"og:url\" content=\"https:\/\/soledaddurazo.com\/blog\/2025\/09\/09\/dr-vagon-el-tren-de-la-salud-regresa-a-sonora-con-servicios-gratuitos-y-campanas-especiales\/\" \/>\n<meta property=\"og:site_name\" content=\"Periodista SoledadDurazo.com\" \/>\n<meta property=\"article:publisher\" content=\"https:\/\/www.facebook.com\/soledad.durazo.9\/\" \/>\n<meta property=\"article:published_time\" content=\"2025-09-09T23:01:03+00:00\" \/>\n<meta property=\"article:modified_time\" content=\"2025-09-20T01:38:09+00:00\" \/>\n<meta property=\"og:image\" content=\"https:\/\/soledaddurazo.com\/storage\/2025\/09\/90309aa0-31da-4ce8-b341-2dcd1081c299.jpeg\" \/>\n\t<meta property=\"og:image:width\" content=\"1600\" \/>\n\t<meta property=\"og:image:height\" content=\"1066\" \/>\n<meta name=\"twitter:card\" content=\"summary_large_image\" \/>\n<meta name=\"twitter:creator\" content=\"@SoledadDurazo\" \/>\n<meta name=\"twitter:site\" content=\"@SoledadDurazo\" \/>\n<meta name=\"twitter:label1\" content=\"Escrito por\" \/>\n\t<meta name=\"twitter:data1\" content=\"Redacci\u00f3n\" \/>\n\t<meta name=\"twitter:label2\" content=\"Tiempo de lectura\" \/>\n\t<meta name=\"twitter:data2\" content=\"2 minutos\" \/>\n<script type=\"application\/ld+json\" class=\"yoast-schema-graph\">{\"@context\":\"https:\/\/schema.org\",\"@graph\":[{\"@type\":\"Organization\",\"@id\":\"https:\/\/soledaddurazo.com\/#organization\",\"name\":\"Soledad Durazo\",\"url\":\"https:\/\/soledaddurazo.com\/\",\"sameAs\":[\"https:\/\/www.facebook.com\/soledad.durazo.9\/\",\"https:\/\/www.instagram.com\/soledaddurazo\",\"https:\/\/www.youtube.com\/channel\/UC9yGPw8-Vbl_B2XNkRwPS-w\",\"https:\/\/twitter.com\/SoledadDurazo\"],\"logo\":{\"@type\":\"ImageObject\",\"@id\":\"https:\/\/soledaddurazo.com\/#logo\",\"inLanguage\":\"es\",\"url\":\"https:\/\/soledaddurazo.com\/storage\/2021\/11\/nllp-720x375-1-2.png\",\"contentUrl\":\"https:\/\/soledaddurazo.com\/storage\/2021\/11\/nllp-720x375-1-2.png\",\"width\":720,\"height\":375,\"caption\":\"Soledad Durazo\"},\"image\":{\"@id\":\"https:\/\/soledaddurazo.com\/#logo\"}},{\"@type\":\"WebSite\",\"@id\":\"https:\/\/soledaddurazo.com\/#website\",\"url\":\"https:\/\/soledaddurazo.com\/\",\"name\":\"Periodista SoledadDurazo.com\",\"description\":\"Periodista sonorense. Directora de www.SoledadDurazo.com Columnista, conductora de radio y Tv. Catedr\\u00e1tica en la UNISON\",\"publisher\":{\"@id\":\"https:\/\/soledaddurazo.com\/#organization\"},\"potentialAction\":[{\"@type\":\"SearchAction\",\"target\":{\"@type\":\"EntryPoint\",\"urlTemplate\":\"https:\/\/soledaddurazo.com\/?s={search_term_string}\"},\"query-input\":\"required name=search_term_string\"}],\"inLanguage\":\"es\"},{\"@type\":\"ImageObject\",\"@id\":\"https:\/\/soledaddurazo.com\/blog\/2025\/09\/09\/dr-vagon-el-tren-de-la-salud-regresa-a-sonora-con-servicios-gratuitos-y-campanas-especiales\/#primaryimage\",\"inLanguage\":\"es\",\"url\":\"https:\/\/soledaddurazo.com\/storage\/2025\/09\/90309aa0-31da-4ce8-b341-2dcd1081c299.jpeg\",\"contentUrl\":\"https:\/\/soledaddurazo.com\/storage\/2025\/09\/90309aa0-31da-4ce8-b341-2dcd1081c299.jpeg\",\"width\":1600,\"height\":1066},{\"@type\":\"WebPage\",\"@id\":\"https:\/\/soledaddurazo.com\/blog\/2025\/09\/09\/dr-vagon-el-tren-de-la-salud-regresa-a-sonora-con-servicios-gratuitos-y-campanas-especiales\/#webpage\",\"url\":\"https:\/\/soledaddurazo.com\/blog\/2025\/09\/09\/dr-vagon-el-tren-de-la-salud-regresa-a-sonora-con-servicios-gratuitos-y-campanas-especiales\/\",\"name\":\"Dr. Vag\\u00f3n, el Tren de la Salud, regresa a Sonora con servicios gratuitos y campa\\u00f1as especiales - Periodista SoledadDurazo.com\",\"isPartOf\":{\"@id\":\"https:\/\/soledaddurazo.com\/#website\"},\"primaryImageOfPage\":{\"@id\":\"https:\/\/soledaddurazo.com\/blog\/2025\/09\/09\/dr-vagon-el-tren-de-la-salud-regresa-a-sonora-con-servicios-gratuitos-y-campanas-especiales\/#primaryimage\"},\"datePublished\":\"2025-09-09T23:01:03+00:00\",\"dateModified\":\"2025-09-20T01:38:09+00:00\",\"breadcrumb\":{\"@id\":\"https:\/\/soledaddurazo.com\/blog\/2025\/09\/09\/dr-vagon-el-tren-de-la-salud-regresa-a-sonora-con-servicios-gratuitos-y-campanas-especiales\/#breadcrumb\"},\"inLanguage\":\"es\",\"potentialAction\":[{\"@type\":\"ReadAction\",\"target\":[\"https:\/\/soledaddurazo.com\/blog\/2025\/09\/09\/dr-vagon-el-tren-de-la-salud-regresa-a-sonora-con-servicios-gratuitos-y-campanas-especiales\/\"]}]},{\"@type\":\"BreadcrumbList\",\"@id\":\"https:\/\/soledaddurazo.com\/blog\/2025\/09\/09\/dr-vagon-el-tren-de-la-salud-regresa-a-sonora-con-servicios-gratuitos-y-campanas-especiales\/#breadcrumb\",\"itemListElement\":[{\"@type\":\"ListItem\",\"position\":1,\"name\":\"Home\",\"item\":\"https:\/\/soledaddurazo.com\/\"},{\"@type\":\"ListItem\",\"position\":2,\"name\":\"Dr. Vag\\u00f3n, el Tren de la Salud, regresa a Sonora con servicios gratuitos y campa\\u00f1as especiales\"}]},{\"@type\":\"Article\",\"@id\":\"https:\/\/soledaddurazo.com\/blog\/2025\/09\/09\/dr-vagon-el-tren-de-la-salud-regresa-a-sonora-con-servicios-gratuitos-y-campanas-especiales\/#article\",\"isPartOf\":{\"@id\":\"https:\/\/soledaddurazo.com\/blog\/2025\/09\/09\/dr-vagon-el-tren-de-la-salud-regresa-a-sonora-con-servicios-gratuitos-y-campanas-especiales\/#webpage\"},\"author\":{\"@id\":\"https:\/\/soledaddurazo.com\/#\/schema\/person\/822d8e13aa288585e6546f179853758b\"},\"headline\":\"Dr. Vag\\u00f3n, el Tren de la Salud, regresa a Sonora con servicios gratuitos y campa\\u00f1as especiales\",\"datePublished\":\"2025-09-09T23:01:03+00:00\",\"dateModified\":\"2025-09-20T01:38:09+00:00\",\"mainEntityOfPage\":{\"@id\":\"https:\/\/soledaddurazo.com\/blog\/2025\/09\/09\/dr-vagon-el-tren-de-la-salud-regresa-a-sonora-con-servicios-gratuitos-y-campanas-especiales\/#webpage\"},\"wordCount\":335,\"commentCount\":0,\"publisher\":{\"@id\":\"https:\/\/soledaddurazo.com\/#organization\"},\"image\":{\"@id\":\"https:\/\/soledaddurazo.com\/blog\/2025\/09\/09\/dr-vagon-el-tren-de-la-salud-regresa-a-sonora-con-servicios-gratuitos-y-campanas-especiales\/#primaryimage\"},\"thumbnailUrl\":\"https:\/\/soledaddurazo.com\/storage\/2025\/09\/90309aa0-31da-4ce8-b341-2dcd1081c299.jpeg\",\"articleSection\":[\"Mas noticias\",\"principal\"],\"inLanguage\":\"es\",\"potentialAction\":[{\"@type\":\"CommentAction\",\"name\":\"Comment\",\"target\":[\"https:\/\/soledaddurazo.com\/blog\/2025\/09\/09\/dr-vagon-el-tren-de-la-salud-regresa-a-sonora-con-servicios-gratuitos-y-campanas-especiales\/#respond\"]}]},{\"@type\":\"Person\",\"@id\":\"https:\/\/soledaddurazo.com\/#\/schema\/person\/822d8e13aa288585e6546f179853758b\",\"name\":\"Redacci\\u00f3n\",\"image\":{\"@type\":\"ImageObject\",\"@id\":\"https:\/\/soledaddurazo.com\/#personlogo\",\"inLanguage\":\"es\",\"url\":\"https:\/\/secure.gravatar.com\/avatar\/c4e193752f756fd61f04deebed3a3a20dc188d37edb53682d313ac57f2725d54?s=96&d=mm&r=g\",\"contentUrl\":\"https:\/\/secure.gravatar.com\/avatar\/c4e193752f756fd61f04deebed3a3a20dc188d37edb53682d313ac57f2725d54?s=96&d=mm&r=g\",\"caption\":\"Redacci\\u00f3n\"},\"sameAs\":[\"https:\/\/soledaddurazo.com\"]}]}<\/script>\n ","yoast_head_json":{"title":"Dr. Vag\u00f3n, el Tren de la Salud, regresa a Sonora con servicios gratuitos y campa\u00f1as especiales - Periodista SoledadDurazo.com","robots":{"index":"index","follow":"follow","max-snippet":"max-snippet:-1","max-image-preview":"max-image-preview:large","max-video-preview":"max-video-preview:-1"},"canonical":"https:\/\/soledaddurazo.com\/blog\/2025\/09\/09\/dr-vagon-el-tren-de-la-salud-regresa-a-sonora-con-servicios-gratuitos-y-campanas-especiales\/","og_locale":"es_MX","og_type":"article","og_title":"Dr. Vag\u00f3n, el Tren de la Salud, regresa a Sonora con servicios gratuitos y campa\u00f1as especiales","og_description":"Con el firme compromiso de acercar atenci\u00f3n m\u00e9dica gratuita y de calidad a las comunidades m\u00e1s necesitadas, Dr. Vag\u00f3n, el Tren de la Salud de Fundaci\u00f3n Grupo M\u00e9xico, inicia una nueva ruta por Sonora en la que recorrer\u00e1 ocho municipios del estado. En sus nueve visitas anteriores a la entidad, el proyecto ha otorgado m\u00e1s [&hellip;]","og_url":"https:\/\/soledaddurazo.com\/blog\/2025\/09\/09\/dr-vagon-el-tren-de-la-salud-regresa-a-sonora-con-servicios-gratuitos-y-campanas-especiales\/","og_site_name":"Periodista SoledadDurazo.com","article_publisher":"https:\/\/www.facebook.com\/soledad.durazo.9\/","article_published_time":"2025-09-09T23:01:03+00:00","article_modified_time":"2025-09-20T01:38:09+00:00","og_image":[{"width":1600,"height":1066,"url":"https:\/\/soledaddurazo.com\/storage\/2025\/09\/90309aa0-31da-4ce8-b341-2dcd1081c299.jpeg","type":"image\/jpeg"}],"twitter_card":"summary_large_image","twitter_creator":"@SoledadDurazo","twitter_site":"@SoledadDurazo","twitter_misc":{"Escrito por":"Redacci\u00f3n","Tiempo de lectura":"2 minutos"},"schema":{"@context":"https:\/\/schema.org","@graph":[{"@type":"Organization","@id":"https:\/\/soledaddurazo.com\/#organization","name":"Soledad Durazo","url":"https:\/\/soledaddurazo.com\/","sameAs":["https:\/\/www.facebook.com\/soledad.durazo.9\/","https:\/\/www.instagram.com\/soledaddurazo","https:\/\/www.youtube.com\/channel\/UC9yGPw8-Vbl_B2XNkRwPS-w","https:\/\/twitter.com\/SoledadDurazo"],"logo":{"@type":"ImageObject","@id":"https:\/\/soledaddurazo.com\/#logo","inLanguage":"es","url":"https:\/\/soledaddurazo.com\/storage\/2021\/11\/nllp-720x375-1-2.png","contentUrl":"https:\/\/soledaddurazo.com\/storage\/2021\/11\/nllp-720x375-1-2.png","width":720,"height":375,"caption":"Soledad Durazo"},"image":{"@id":"https:\/\/soledaddurazo.com\/#logo"}},{"@type":"WebSite","@id":"https:\/\/soledaddurazo.com\/#website","url":"https:\/\/soledaddurazo.com\/","name":"Periodista SoledadDurazo.com","description":"Periodista sonorense. Directora de www.SoledadDurazo.com Columnista, conductora de radio y Tv. Catedr\u00e1tica en la UNISON","publisher":{"@id":"https:\/\/soledaddurazo.com\/#organization"},"potentialAction":[{"@type":"SearchAction","target":{"@type":"EntryPoint","urlTemplate":"https:\/\/soledaddurazo.com\/?s={search_term_string}"},"query-input":"required name=search_term_string"}],"inLanguage":"es"},{"@type":"ImageObject","@id":"https:\/\/soledaddurazo.com\/blog\/2025\/09\/09\/dr-vagon-el-tren-de-la-salud-regresa-a-sonora-con-servicios-gratuitos-y-campanas-especiales\/#primaryimage","inLanguage":"es","url":"https:\/\/soledaddurazo.com\/storage\/2025\/09\/90309aa0-31da-4ce8-b341-2dcd1081c299.jpeg","contentUrl":"https:\/\/soledaddurazo.com\/storage\/2025\/09\/90309aa0-31da-4ce8-b341-2dcd1081c299.jpeg","width":1600,"height":1066},{"@type":"WebPage","@id":"https:\/\/soledaddurazo.com\/blog\/2025\/09\/09\/dr-vagon-el-tren-de-la-salud-regresa-a-sonora-con-servicios-gratuitos-y-campanas-especiales\/#webpage","url":"https:\/\/soledaddurazo.com\/blog\/2025\/09\/09\/dr-vagon-el-tren-de-la-salud-regresa-a-sonora-con-servicios-gratuitos-y-campanas-especiales\/","name":"Dr. Vag\u00f3n, el Tren de la Salud, regresa a Sonora con servicios gratuitos y campa\u00f1as especiales - Periodista SoledadDurazo.com","isPartOf":{"@id":"https:\/\/soledaddurazo.com\/#website"},"primaryImageOfPage":{"@id":"https:\/\/soledaddurazo.com\/blog\/2025\/09\/09\/dr-vagon-el-tren-de-la-salud-regresa-a-sonora-con-servicios-gratuitos-y-campanas-especiales\/#primaryimage"},"datePublished":"2025-09-09T23:01:03+00:00","dateModified":"2025-09-20T01:38:09+00:00","breadcrumb":{"@id":"https:\/\/soledaddurazo.com\/blog\/2025\/09\/09\/dr-vagon-el-tren-de-la-salud-regresa-a-sonora-con-servicios-gratuitos-y-campanas-especiales\/#breadcrumb"},"inLanguage":"es","potentialAction":[{"@type":"ReadAction","target":["https:\/\/soledaddurazo.com\/blog\/2025\/09\/09\/dr-vagon-el-tren-de-la-salud-regresa-a-sonora-con-servicios-gratuitos-y-campanas-especiales\/"]}]},{"@type":"BreadcrumbList","@id":"https:\/\/soledaddurazo.com\/blog\/2025\/09\/09\/dr-vagon-el-tren-de-la-salud-regresa-a-sonora-con-servicios-gratuitos-y-campanas-especiales\/#breadcrumb","itemListElement":[{"@type":"ListItem","position":1,"name":"Home","item":"https:\/\/soledaddurazo.com\/"},{"@type":"ListItem","position":2,"name":"Dr. Vag\u00f3n, el Tren de la Salud, regresa a Sonora con servicios gratuitos y campa\u00f1as especiales"}]},{"@type":"Article","@id":"https:\/\/soledaddurazo.com\/blog\/2025\/09\/09\/dr-vagon-el-tren-de-la-salud-regresa-a-sonora-con-servicios-gratuitos-y-campanas-especiales\/#article","isPartOf":{"@id":"https:\/\/soledaddurazo.com\/blog\/2025\/09\/09\/dr-vagon-el-tren-de-la-salud-regresa-a-sonora-con-servicios-gratuitos-y-campanas-especiales\/#webpage"},"author":{"@id":"https:\/\/soledaddurazo.com\/#\/schema\/person\/822d8e13aa288585e6546f179853758b"},"headline":"Dr. Vag\u00f3n, el Tren de la Salud, regresa a Sonora con servicios gratuitos y campa\u00f1as especiales","datePublished":"2025-09-09T23:01:03+00:00","dateModified":"2025-09-20T01:38:09+00:00","mainEntityOfPage":{"@id":"https:\/\/soledaddurazo.com\/blog\/2025\/09\/09\/dr-vagon-el-tren-de-la-salud-regresa-a-sonora-con-servicios-gratuitos-y-campanas-especiales\/#webpage"},"wordCount":335,"commentCount":0,"publisher":{"@id":"https:\/\/soledaddurazo.com\/#organization"},"image":{"@id":"https:\/\/soledaddurazo.com\/blog\/2025\/09\/09\/dr-vagon-el-tren-de-la-salud-regresa-a-sonora-con-servicios-gratuitos-y-campanas-especiales\/#primaryimage"},"thumbnailUrl":"https:\/\/soledaddurazo.com\/storage\/2025\/09\/90309aa0-31da-4ce8-b341-2dcd1081c299.jpeg","articleSection":["Mas noticias","principal"],"inLanguage":"es","potentialAction":[{"@type":"CommentAction","name":"Comment","target":["https:\/\/soledaddurazo.com\/blog\/2025\/09\/09\/dr-vagon-el-tren-de-la-salud-regresa-a-sonora-con-servicios-gratuitos-y-campanas-especiales\/#respond"]}]},{"@type":"Person","@id":"https:\/\/soledaddurazo.com\/#\/schema\/person\/822d8e13aa288585e6546f179853758b","name":"Redacci\u00f3n","image":{"@type":"ImageObject","@id":"https:\/\/soledaddurazo.com\/#personlogo","inLanguage":"es","url":"https:\/\/secure.gravatar.com\/avatar\/c4e193752f756fd61f04deebed3a3a20dc188d37edb53682d313ac57f2725d54?s=96&d=mm&r=g","contentUrl":"https:\/\/secure.gravatar.com\/avatar\/c4e193752f756fd61f04deebed3a3a20dc188d37edb53682d313ac57f2725d54?s=96&d=mm&r=g","caption":"Redacci\u00f3n"},"sameAs":["https:\/\/soledaddurazo.com"]}]}},"_links":{"self":[{"href":"https:\/\/soledaddurazo.com\/api\/wp\/v2\/posts\/23317","targetHints":{"allow":["GET"]}}],"collection":[{"href":"https:\/\/soledaddurazo.com\/api\/wp\/v2\/posts"}],"about":[{"href":"https:\/\/soledaddurazo.com\/api\/wp\/v2\/types\/post"}],"author":[{"embeddable":true,"href":"https:\/\/soledaddurazo.com\/api\/wp\/v2\/users\/1"}],"replies":[{"embeddable":true,"href":"https:\/\/soledaddurazo.com\/api\/wp\/v2\/comments?post=23317"}],"version-history":[{"count":1,"href":"https:\/\/soledaddurazo.com\/api\/wp\/v2\/posts\/23317\/revisions"}],"predecessor-version":[{"id":23320,"href":"https:\/\/soledaddurazo.com\/api\/wp\/v2\/posts\/23317\/revisions\/23320"}],"wp:featuredmedia":[{"embeddable":true,"href":"https:\/\/soledaddurazo.com\/api\/wp\/v2\/media\/23318"}],"wp:attachment":[{"href":"https:\/\/soledaddurazo.com\/api\/wp\/v2\/media?parent=23317"}],"wp:term":[{"taxonomy":"category","embeddable":true,"href":"https:\/\/soledaddurazo.com\/api\/wp\/v2\/categories?post=23317"},{"taxonomy":"post_tag","embeddable":true,"href":"https:\/\/soledaddurazo.com\/api\/wp\/v2\/tags?post=23317"}],"curies":[{"name":"wp","href":"https:\/\/api.w.org\/{rel}","templated":true}]}}