{"id":23281,"date":"2025-08-30T19:51:37","date_gmt":"2025-08-31T02:51:37","guid":{"rendered":"https:\/\/soledaddurazo.com\/?p=23281"},"modified":"2025-08-30T19:51:37","modified_gmt":"2025-08-31T02:51:37","slug":"jornada-de-detenciones-calambres-y-mensajes","status":"publish","type":"post","link":"https:\/\/soledaddurazo.com\/blog\/2025\/08\/30\/jornada-de-detenciones-calambres-y-mensajes\/","title":{"rendered":"Jornada de detenciones, calambres y mensajes"},"content":{"rendered":"<p>&nbsp;<\/p>\n<ul>\n<li>\u00bfQui\u00e9n clav\u00f3 al Senador Iv\u00e1n Jaimes?<\/li>\n<li>Cabildeos por el se\u00f1or Ernesto \u201cEl Pato\u201d \u201cN\u201d<\/li>\n<\/ul>\n<p>&nbsp;<\/p>\n<p><a href=\"https:\/\/soledaddurazo.com\/storage\/2025\/08\/0c3cf1c7-5a91-499a-9c92-1431d9c038f6.jpeg\"><img loading=\"lazy\" decoding=\"async\" class=\"wp-image-23282 alignleft\" src=\"https:\/\/soledaddurazo.com\/storage\/2025\/08\/0c3cf1c7-5a91-499a-9c92-1431d9c038f6.jpeg\" alt=\"\" width=\"255\" height=\"280\" srcset=\"https:\/\/soledaddurazo.com\/storage\/2025\/08\/0c3cf1c7-5a91-499a-9c92-1431d9c038f6.jpeg 1161w, https:\/\/soledaddurazo.com\/storage\/2025\/08\/0c3cf1c7-5a91-499a-9c92-1431d9c038f6-273x300.jpeg 273w, https:\/\/soledaddurazo.com\/storage\/2025\/08\/0c3cf1c7-5a91-499a-9c92-1431d9c038f6-931x1024.jpeg 931w, https:\/\/soledaddurazo.com\/storage\/2025\/08\/0c3cf1c7-5a91-499a-9c92-1431d9c038f6-768x845.jpeg 768w, https:\/\/soledaddurazo.com\/storage\/2025\/08\/0c3cf1c7-5a91-499a-9c92-1431d9c038f6-600x660.jpeg 600w, https:\/\/soledaddurazo.com\/storage\/2025\/08\/0c3cf1c7-5a91-499a-9c92-1431d9c038f6-750x825.jpeg 750w, https:\/\/soledaddurazo.com\/storage\/2025\/08\/0c3cf1c7-5a91-499a-9c92-1431d9c038f6-1140x1254.jpeg 1140w\" sizes=\"auto, (max-width: 255px) 100vw, 255px\" \/><\/a> <a href=\"https:\/\/soledaddurazo.com\/storage\/2025\/08\/40ec261c-fee0-4b02-937f-d748909113ae.jpeg\"><img loading=\"lazy\" decoding=\"async\" class=\"wp-image-23283 alignnone\" src=\"https:\/\/soledaddurazo.com\/storage\/2025\/08\/40ec261c-fee0-4b02-937f-d748909113ae.jpeg\" alt=\"\" width=\"179\" height=\"276\" srcset=\"https:\/\/soledaddurazo.com\/storage\/2025\/08\/40ec261c-fee0-4b02-937f-d748909113ae.jpeg 831w, https:\/\/soledaddurazo.com\/storage\/2025\/08\/40ec261c-fee0-4b02-937f-d748909113ae-195x300.jpeg 195w, https:\/\/soledaddurazo.com\/storage\/2025\/08\/40ec261c-fee0-4b02-937f-d748909113ae-665x1024.jpeg 665w, https:\/\/soledaddurazo.com\/storage\/2025\/08\/40ec261c-fee0-4b02-937f-d748909113ae-768x1183.jpeg 768w, https:\/\/soledaddurazo.com\/storage\/2025\/08\/40ec261c-fee0-4b02-937f-d748909113ae-600x924.jpeg 600w, https:\/\/soledaddurazo.com\/storage\/2025\/08\/40ec261c-fee0-4b02-937f-d748909113ae-750x1155.jpeg 750w\" sizes=\"auto, (max-width: 179px) 100vw, 179px\" \/><\/a><\/p>\n<p>El futuro de la entonces Gobernadora Claudia Pavlovich se finc\u00f3 en aquella visita a Sonora del entonces Presidente Andr\u00e9s Manuel L\u00f3pez Obrador a Sonora aquel 12 de enero de 2020.<\/p>\n<p>Al finalizar esa gira de trabajo, el ex Presidente se traslad\u00f3 por tierra desde Bavispe a Hermosillo, acompa\u00f1ado de Claudia Pavlovich, donde la mandataria sonorense le expres\u00f3 su deseo de participar en el servicio exterior al t\u00e9rmino de su sexenio, porque hab\u00eda estudiado relaciones exteriores.<\/p>\n<p>Los detalles de esa charla, fueron comentados en una conferencia de prensa ma\u00f1anera por el propio L\u00f3pez Obrador, un a\u00f1o despu\u00e9s, cuando Claudia Pavlovich fue nombrada C\u00f3nsul de M\u00e9xico en Barcelona.<\/p>\n<p>El discurso enarbolado por Alfonso Durazo, en contra el grupo pol\u00edtico que hab\u00eda hecho y deshecho, esos feroces jerarcas que hab\u00edan tomado como bot\u00edn a nuestro estado, guiados por un capitalismo de cuates que solo sabe vivir de la corrupci\u00f3n, hab\u00eda generado la percepci\u00f3n que ser\u00eda implacable contra ese grupo y que la justicia se aplicar\u00eda, pero opt\u00f3 por la prudencia.<\/p>\n<p>Claudia Pavlovich fue C\u00f3nsul de M\u00e9xico en Barcelona, el sexenio de Andr\u00e9s Manuel L\u00f3pez concluy\u00f3 y en el inicio del Gobierno de Claudia Sheinbaum, logr\u00f3 ascender de categor\u00eda en el servicio exterior y fue nombrada el mes pasado, Embajadora Plenipotenciaria de M\u00e9xico en Panam\u00e1.<\/p>\n<p>Escrib\u00ed con anterioridad que Claudia Pavlovich hab\u00eda dado una catedra de sobrevivencia pol\u00edtica, enti\u00e9ndase la sobrevivencia pol\u00edtica como el saber comprender la din\u00e1mica del poder, saber interpretar los tiempos y las circunstancias, construir relaciones y alianzas s\u00f3lidas para obtener informaci\u00f3n, apoyo y recursos; desarrollar capacidad de adaptaci\u00f3n, saber negociar, saber comunicar, saber manejar la informaci\u00f3n, resolver las crisis y los retos que se presentan en el d\u00eda a d\u00eda.<\/p>\n<p>La capacidad de sobrevivir pol\u00edticamente no se da en maceta, solo unos cuantos la poseen y no alcanz\u00f3 para todos los ex colaboradores cercanos de la ex Gobernadora.<\/p>\n<p>Desde hace algunos meses, distintos trabajos period\u00edsticos han dirigido una serie de ataques al gobierno que encabeza Alfonso Durazo, desatando toda una serie de rumores en espacios de opini\u00f3n. \u00bfLos autores? Qui\u00e9n sabe.<\/p>\n<p>Pero el origen de esa campa\u00f1a permanente, parce fue detectado en Palacio de Gobierno, sorpresivamente, esta semana se conoci\u00f3 que la justicia le neg\u00f3 un amparo solicitado por los abogados del Senador Iv\u00e1n Jaimes Archundia, para detener la decisi\u00f3n del Tribunal de Justicia Administrativa de cancelar su patente de Notario P\u00fablico, obtenida, por cierto, en medio de una gran controversia al final del sexenio de Claudia Pavlovich, por los \u201cservicios\u201d prestados al estado de Sonora. La fuerza p\u00fablica se present\u00f3 a la Notar\u00eda P\u00fablica referida, para hacer efectiva la decisi\u00f3n del Tribunal de Justicia Administrativa. El Senador se qued\u00f3 sin Notar\u00eda.<\/p>\n<p>D\u00edas despu\u00e9s, el ex Secretario de Educaci\u00f3n y Cultura, Jos\u00e9 V\u00edctor \u201cN\u201d, y el ex Subsecretario de Planeaci\u00f3n y Administraci\u00f3n Francisco Alberto \u201cN\u201d, fueron detenidos e ingresados al Cereso de Hermosillo, acusados de peculado e incumplimientos de un deber legal.<\/p>\n<p>Ayer viernes por la ma\u00f1ana, me entero de la orden de aprehensi\u00f3n emitida por el juzgado Oral de lo Penal Distrito 1, en contra del tambi\u00e9n ex Secretario de Educaci\u00f3n y Cultura, Ernesto \u201cEl Pato\u201d \u201cN\u201d y otros cuatro ex funcionarios, incluyendo al ex Secretario de Hacienda.<\/p>\n<p>Todos los personajes involucrados en este delito, tienen afinidad a dos importantes personajes, uno, a un empresario que goz\u00f3 de mucha influencia, que casi no viene ya a Sonora y el resto, a un Senador con licencia. \u00bfCasualidad? No creo, m\u00e1s bien creo que hay un mensaje muy claro.<\/p>\n<p>Dos ex Secretarios con orden de aprensi\u00f3n y otro detenido, no es para nada un asunto menor, el mensaje fue enviado y los destinatarios ya se enteraron, para ser el primer calambre, estuvo emocionante, parece que vendr\u00e1n m\u00e1s.<\/p>\n<p>\u00bf<strong>QUI\u00c9N CLAV\u00d3 AL SENADOR IV\u00c1N JAIMES?<\/strong><\/p>\n<p>En los a\u00f1os que tengo de observar a los hombres que ejercen el poder pol\u00edtico, me ha tocado ver muchas expresiones de adulaci\u00f3n, servilismo, reverencia y humillaci\u00f3n.<\/p>\n<p>Recuerdo a un guardia de Palacio de Gobierno, correr apresurado a abrirle la puerta del carro y cargarle el malet\u00edn, al ex Secretario T\u00e9cnico del gabinete del ex Gobernador Eduardo Bours, Juan Carlos Lam.<\/p>\n<p>Varias veces me toc\u00f3 observar al entonces Secretario de la Consejer\u00eda Jur\u00eddica, Iv\u00e1n Jaimes, partir plaza como pavorreal para entrar a la sede del Supremo Tribunal de Justicia, con un sequito de achichincles a su alrededor y al Magistrado Presidente del Tribunal de Justicia Administrativa, Santiago Encinas Velarde, con el rostro y la mirada hacia el suelo, caminar escuchando las instrucciones de su entonces Jefe, en forma de sumisi\u00f3n, una imagen que para los que la presenciamos, era de pena ajena.<\/p>\n<p>Pero me entero que el fiel de la balanza para quitarle la Notar\u00eda al Senador Iv\u00e1n Jaimes, el que verdaderamente lo clav\u00f3, me refiero a clavarlo jur\u00eddicamente, no piense usted otra cosa, fue el Magistrado Presidente del Tribunal de Justicia Administrativa, Santiago Encinas Velarde. Ni Judas Iscariote se anim\u00f3 a tanto.<\/p>\n<p>En el programa LENGUAS VESPERTINAS que se transmite por el 107.4 Radio Sol, el colega Gustavo Valenzuela a manera de conclusi\u00f3n sobre el caso de Iv\u00e1n Jaimes Archundia, acertadamente se\u00f1al\u00f3 que no construy\u00f3 nada durante los seis a\u00f1os de gobierno de Claudia Pavlovich, bueno, si construy\u00f3 para \u00e9l solo, ah\u00ed el premio de la Notar\u00eda y la Senadur\u00eda, pero no ha habido nadie, uno solo, que salga a defenderlo p\u00fablicamente, parece estar solo, muy solo.<\/p>\n<p><strong>CABILDEOS POR EL SE\u00d1OR ERNESTO \u201cEL PATO\u201d \u201cN\u201d<\/strong><\/p>\n<p>Al momento de redactar estas l\u00edneas, me entero que todo el d\u00eda viernes hubo lluvia de llamadas a la principal oficina de Palacio de Gobierno y desfile de varios personajes, para interceder por el se\u00f1or Ernesto \u201cEl Pato\u201d \u201cN\u201d. Hay un intenso cabildeo para que no se haga efectiva la orden de aprehensi\u00f3n en su contra.<\/p>\n<p>El miedo no anda en burro, el se\u00f1or Pato no ha dado declaraci\u00f3n alguna, Sigue en la ciudad, muy resguardado, seg\u00fan me informan.<\/p>\n<p>Sus abogados est\u00e1n tramitando varios amparos, para que no le caiga la justicia. \u00bfSer\u00e1 efectivo el cabildeo para el se\u00f1or Ernesto \u201cEl Pato\u201d \u201cN\u201d?<\/p>\n<p>Hace unas semanas me enter\u00e9 que el se\u00f1or Ernesto \u201cEl Pato\u201d \u201cN\u201d era socio del ex Gobernador Eduardo Bours y Juan Carlos Lam, en un nuevo negocio que abrir\u00e1 sus puertas pr\u00f3ximamente, con los m\u00e1s modernos videojuegos y de realidad virtual, que estar\u00e1 en el Casino de Hermosillo, al que trabajadores de la construcci\u00f3n le realizan remodelaciones en la actualidad. \u00bfSeguir\u00e1 la sociedad?<\/p>\n<p>Los invito a escuchar los viernes la mesa de an\u00e1lisis de SONORA EN RED NOTICIAS, ejercicio de opini\u00f3n que realizo en compa\u00f1\u00eda de mis amigos Arturo Chapo Soto, Arturo Ballesteros y Octaviano Rojas, por el 93.3 del cuadrante de F.M. desde Guaymas para todo el sur de Sonora, y por la se\u00f1al del canal 14 de Estrella Tucson TV, en el sur de Arizona.<\/p>\n<p>Y en Radio Sol 104.7 F.M. LENGUAS VESPERTINAS, de lunes a viernes a las 17:00 horas, le vamos a ofrecer una peque\u00f1a dosis de grilla.<\/p>\n<p>Podemos interactuar a trav\u00e9s de mi cuenta de Twitter @feroropeza20 o en mi correo electr\u00f3nico <a href=\"mailto:luiso@hmo.megared.net.mx\">luiso@hmo.megared.net.mx<\/a><\/p>\n<p>&nbsp;<\/p>\n<p>&nbsp;<\/p>\n","protected":false},"excerpt":{"rendered":"<p>&nbsp; \u00bfQui\u00e9n clav\u00f3 al Senador Iv\u00e1n Jaimes? Cabildeos por el se\u00f1or Ernesto \u201cEl Pato\u201d \u201cN\u201d &nbsp; El futuro de la entonces Gobernadora Claudia Pavlovich se finc\u00f3 en aquella visita a Sonora del entonces Presidente Andr\u00e9s Manuel L\u00f3pez Obrador a Sonora aquel 12 de enero de 2020. Al finalizar esa gira de trabajo, el ex Presidente [&hellip;]<\/p>\n","protected":false},"author":1,"featured_media":23272,"comment_status":"open","ping_status":"open","sticky":false,"template":"","format":"standard","meta":{"footnotes":""},"categories":[173],"tags":[],"class_list":["post"],"yoast_head":" \n<title>Jornada de detenciones, calambres y mensajes - Periodista SoledadDurazo.com<\/title>\n<meta name=\"robots\" content=\"index, follow, max-snippet:-1, max-image-preview:large, max-video-preview:-1\" \/>\n<link rel=\"canonical\" href=\"https:\/\/soledaddurazo.com\/blog\/2025\/08\/30\/jornada-de-detenciones-calambres-y-mensajes\/\" \/>\n<meta property=\"og:locale\" content=\"es_MX\" \/>\n<meta property=\"og:type\" content=\"article\" \/>\n<meta property=\"og:title\" content=\"Jornada de detenciones, calambres y mensajes\" \/>\n<meta property=\"og:description\" content=\"&nbsp; \u00bfQui\u00e9n clav\u00f3 al Senador Iv\u00e1n Jaimes? Cabildeos por el se\u00f1or Ernesto \u201cEl Pato\u201d \u201cN\u201d &nbsp; El futuro de la entonces Gobernadora Claudia Pavlovich se finc\u00f3 en aquella visita a Sonora del entonces Presidente Andr\u00e9s Manuel L\u00f3pez Obrador a Sonora aquel 12 de enero de 2020. Al finalizar esa gira de trabajo, el ex Presidente [&hellip;]\" \/>\n<meta property=\"og:url\" content=\"https:\/\/soledaddurazo.com\/blog\/2025\/08\/30\/jornada-de-detenciones-calambres-y-mensajes\/\" \/>\n<meta property=\"og:site_name\" content=\"Periodista SoledadDurazo.com\" \/>\n<meta property=\"article:publisher\" content=\"https:\/\/www.facebook.com\/soledad.durazo.9\/\" \/>\n<meta property=\"article:published_time\" content=\"2025-08-31T02:51:37+00:00\" \/>\n<meta property=\"og:image\" content=\"https:\/\/soledaddurazo.com\/storage\/2025\/08\/9a-GRAFICO-FERNANDO-OROPEZA.jpeg\" \/>\n\t<meta property=\"og:image:width\" content=\"1092\" \/>\n\t<meta property=\"og:image:height\" content=\"983\" \/>\n<meta name=\"twitter:card\" content=\"summary_large_image\" \/>\n<meta name=\"twitter:creator\" content=\"@SoledadDurazo\" \/>\n<meta name=\"twitter:site\" content=\"@SoledadDurazo\" \/>\n<meta name=\"twitter:label1\" content=\"Escrito por\" \/>\n\t<meta name=\"twitter:data1\" content=\"Redacci\u00f3n\" \/>\n\t<meta name=\"twitter:label2\" content=\"Tiempo de lectura\" \/>\n\t<meta name=\"twitter:data2\" content=\"6 minutos\" \/>\n<script type=\"application\/ld+json\" class=\"yoast-schema-graph\">{\"@context\":\"https:\/\/schema.org\",\"@graph\":[{\"@type\":\"Organization\",\"@id\":\"https:\/\/soledaddurazo.com\/#organization\",\"name\":\"Soledad Durazo\",\"url\":\"https:\/\/soledaddurazo.com\/\",\"sameAs\":[\"https:\/\/www.facebook.com\/soledad.durazo.9\/\",\"https:\/\/www.instagram.com\/soledaddurazo\",\"https:\/\/www.youtube.com\/channel\/UC9yGPw8-Vbl_B2XNkRwPS-w\",\"https:\/\/twitter.com\/SoledadDurazo\"],\"logo\":{\"@type\":\"ImageObject\",\"@id\":\"https:\/\/soledaddurazo.com\/#logo\",\"inLanguage\":\"es\",\"url\":\"https:\/\/soledaddurazo.com\/storage\/2021\/11\/nllp-720x375-1-2.png\",\"contentUrl\":\"https:\/\/soledaddurazo.com\/storage\/2021\/11\/nllp-720x375-1-2.png\",\"width\":720,\"height\":375,\"caption\":\"Soledad Durazo\"},\"image\":{\"@id\":\"https:\/\/soledaddurazo.com\/#logo\"}},{\"@type\":\"WebSite\",\"@id\":\"https:\/\/soledaddurazo.com\/#website\",\"url\":\"https:\/\/soledaddurazo.com\/\",\"name\":\"Periodista SoledadDurazo.com\",\"description\":\"Periodista sonorense. Directora de www.SoledadDurazo.com Columnista, conductora de radio y Tv. Catedr\\u00e1tica en la UNISON\",\"publisher\":{\"@id\":\"https:\/\/soledaddurazo.com\/#organization\"},\"potentialAction\":[{\"@type\":\"SearchAction\",\"target\":{\"@type\":\"EntryPoint\",\"urlTemplate\":\"https:\/\/soledaddurazo.com\/?s={search_term_string}\"},\"query-input\":\"required name=search_term_string\"}],\"inLanguage\":\"es\"},{\"@type\":\"ImageObject\",\"@id\":\"https:\/\/soledaddurazo.com\/blog\/2025\/08\/30\/jornada-de-detenciones-calambres-y-mensajes\/#primaryimage\",\"inLanguage\":\"es\",\"url\":\"https:\/\/soledaddurazo.com\/storage\/2025\/08\/9a-GRAFICO-FERNANDO-OROPEZA.jpeg\",\"contentUrl\":\"https:\/\/soledaddurazo.com\/storage\/2025\/08\/9a-GRAFICO-FERNANDO-OROPEZA.jpeg\",\"width\":1092,\"height\":983},{\"@type\":\"WebPage\",\"@id\":\"https:\/\/soledaddurazo.com\/blog\/2025\/08\/30\/jornada-de-detenciones-calambres-y-mensajes\/#webpage\",\"url\":\"https:\/\/soledaddurazo.com\/blog\/2025\/08\/30\/jornada-de-detenciones-calambres-y-mensajes\/\",\"name\":\"Jornada de detenciones, calambres y mensajes - Periodista SoledadDurazo.com\",\"isPartOf\":{\"@id\":\"https:\/\/soledaddurazo.com\/#website\"},\"primaryImageOfPage\":{\"@id\":\"https:\/\/soledaddurazo.com\/blog\/2025\/08\/30\/jornada-de-detenciones-calambres-y-mensajes\/#primaryimage\"},\"datePublished\":\"2025-08-31T02:51:37+00:00\",\"dateModified\":\"2025-08-31T02:51:37+00:00\",\"breadcrumb\":{\"@id\":\"https:\/\/soledaddurazo.com\/blog\/2025\/08\/30\/jornada-de-detenciones-calambres-y-mensajes\/#breadcrumb\"},\"inLanguage\":\"es\",\"potentialAction\":[{\"@type\":\"ReadAction\",\"target\":[\"https:\/\/soledaddurazo.com\/blog\/2025\/08\/30\/jornada-de-detenciones-calambres-y-mensajes\/\"]}]},{\"@type\":\"BreadcrumbList\",\"@id\":\"https:\/\/soledaddurazo.com\/blog\/2025\/08\/30\/jornada-de-detenciones-calambres-y-mensajes\/#breadcrumb\",\"itemListElement\":[{\"@type\":\"ListItem\",\"position\":1,\"name\":\"Home\",\"item\":\"https:\/\/soledaddurazo.com\/\"},{\"@type\":\"ListItem\",\"position\":2,\"name\":\"Jornada de detenciones, calambres y mensajes\"}]},{\"@type\":\"Article\",\"@id\":\"https:\/\/soledaddurazo.com\/blog\/2025\/08\/30\/jornada-de-detenciones-calambres-y-mensajes\/#article\",\"isPartOf\":{\"@id\":\"https:\/\/soledaddurazo.com\/blog\/2025\/08\/30\/jornada-de-detenciones-calambres-y-mensajes\/#webpage\"},\"author\":{\"@id\":\"https:\/\/soledaddurazo.com\/#\/schema\/person\/822d8e13aa288585e6546f179853758b\"},\"headline\":\"Jornada de detenciones, calambres y mensajes\",\"datePublished\":\"2025-08-31T02:51:37+00:00\",\"dateModified\":\"2025-08-31T02:51:37+00:00\",\"mainEntityOfPage\":{\"@id\":\"https:\/\/soledaddurazo.com\/blog\/2025\/08\/30\/jornada-de-detenciones-calambres-y-mensajes\/#webpage\"},\"wordCount\":1301,\"commentCount\":0,\"publisher\":{\"@id\":\"https:\/\/soledaddurazo.com\/#organization\"},\"image\":{\"@id\":\"https:\/\/soledaddurazo.com\/blog\/2025\/08\/30\/jornada-de-detenciones-calambres-y-mensajes\/#primaryimage\"},\"thumbnailUrl\":\"https:\/\/soledaddurazo.com\/storage\/2025\/08\/9a-GRAFICO-FERNANDO-OROPEZA.jpeg\",\"articleSection\":[\"Fernando Oropeza\"],\"inLanguage\":\"es\",\"potentialAction\":[{\"@type\":\"CommentAction\",\"name\":\"Comment\",\"target\":[\"https:\/\/soledaddurazo.com\/blog\/2025\/08\/30\/jornada-de-detenciones-calambres-y-mensajes\/#respond\"]}]},{\"@type\":\"Person\",\"@id\":\"https:\/\/soledaddurazo.com\/#\/schema\/person\/822d8e13aa288585e6546f179853758b\",\"name\":\"Redacci\\u00f3n\",\"image\":{\"@type\":\"ImageObject\",\"@id\":\"https:\/\/soledaddurazo.com\/#personlogo\",\"inLanguage\":\"es\",\"url\":\"https:\/\/secure.gravatar.com\/avatar\/c4e193752f756fd61f04deebed3a3a20dc188d37edb53682d313ac57f2725d54?s=96&d=mm&r=g\",\"contentUrl\":\"https:\/\/secure.gravatar.com\/avatar\/c4e193752f756fd61f04deebed3a3a20dc188d37edb53682d313ac57f2725d54?s=96&d=mm&r=g\",\"caption\":\"Redacci\\u00f3n\"},\"sameAs\":[\"https:\/\/soledaddurazo.com\"]}]}<\/script>\n ","yoast_head_json":{"title":"Jornada de detenciones, calambres y mensajes - Periodista SoledadDurazo.com","robots":{"index":"index","follow":"follow","max-snippet":"max-snippet:-1","max-image-preview":"max-image-preview:large","max-video-preview":"max-video-preview:-1"},"canonical":"https:\/\/soledaddurazo.com\/blog\/2025\/08\/30\/jornada-de-detenciones-calambres-y-mensajes\/","og_locale":"es_MX","og_type":"article","og_title":"Jornada de detenciones, calambres y mensajes","og_description":"&nbsp; \u00bfQui\u00e9n clav\u00f3 al Senador Iv\u00e1n Jaimes? Cabildeos por el se\u00f1or Ernesto \u201cEl Pato\u201d \u201cN\u201d &nbsp; El futuro de la entonces Gobernadora Claudia Pavlovich se finc\u00f3 en aquella visita a Sonora del entonces Presidente Andr\u00e9s Manuel L\u00f3pez Obrador a Sonora aquel 12 de enero de 2020. Al finalizar esa gira de trabajo, el ex Presidente [&hellip;]","og_url":"https:\/\/soledaddurazo.com\/blog\/2025\/08\/30\/jornada-de-detenciones-calambres-y-mensajes\/","og_site_name":"Periodista SoledadDurazo.com","article_publisher":"https:\/\/www.facebook.com\/soledad.durazo.9\/","article_published_time":"2025-08-31T02:51:37+00:00","og_image":[{"width":1092,"height":983,"url":"https:\/\/soledaddurazo.com\/storage\/2025\/08\/9a-GRAFICO-FERNANDO-OROPEZA.jpeg","type":"image\/jpeg"}],"twitter_card":"summary_large_image","twitter_creator":"@SoledadDurazo","twitter_site":"@SoledadDurazo","twitter_misc":{"Escrito por":"Redacci\u00f3n","Tiempo de lectura":"6 minutos"},"schema":{"@context":"https:\/\/schema.org","@graph":[{"@type":"Organization","@id":"https:\/\/soledaddurazo.com\/#organization","name":"Soledad Durazo","url":"https:\/\/soledaddurazo.com\/","sameAs":["https:\/\/www.facebook.com\/soledad.durazo.9\/","https:\/\/www.instagram.com\/soledaddurazo","https:\/\/www.youtube.com\/channel\/UC9yGPw8-Vbl_B2XNkRwPS-w","https:\/\/twitter.com\/SoledadDurazo"],"logo":{"@type":"ImageObject","@id":"https:\/\/soledaddurazo.com\/#logo","inLanguage":"es","url":"https:\/\/soledaddurazo.com\/storage\/2021\/11\/nllp-720x375-1-2.png","contentUrl":"https:\/\/soledaddurazo.com\/storage\/2021\/11\/nllp-720x375-1-2.png","width":720,"height":375,"caption":"Soledad Durazo"},"image":{"@id":"https:\/\/soledaddurazo.com\/#logo"}},{"@type":"WebSite","@id":"https:\/\/soledaddurazo.com\/#website","url":"https:\/\/soledaddurazo.com\/","name":"Periodista SoledadDurazo.com","description":"Periodista sonorense. Directora de www.SoledadDurazo.com Columnista, conductora de radio y Tv. Catedr\u00e1tica en la UNISON","publisher":{"@id":"https:\/\/soledaddurazo.com\/#organization"},"potentialAction":[{"@type":"SearchAction","target":{"@type":"EntryPoint","urlTemplate":"https:\/\/soledaddurazo.com\/?s={search_term_string}"},"query-input":"required name=search_term_string"}],"inLanguage":"es"},{"@type":"ImageObject","@id":"https:\/\/soledaddurazo.com\/blog\/2025\/08\/30\/jornada-de-detenciones-calambres-y-mensajes\/#primaryimage","inLanguage":"es","url":"https:\/\/soledaddurazo.com\/storage\/2025\/08\/9a-GRAFICO-FERNANDO-OROPEZA.jpeg","contentUrl":"https:\/\/soledaddurazo.com\/storage\/2025\/08\/9a-GRAFICO-FERNANDO-OROPEZA.jpeg","width":1092,"height":983},{"@type":"WebPage","@id":"https:\/\/soledaddurazo.com\/blog\/2025\/08\/30\/jornada-de-detenciones-calambres-y-mensajes\/#webpage","url":"https:\/\/soledaddurazo.com\/blog\/2025\/08\/30\/jornada-de-detenciones-calambres-y-mensajes\/","name":"Jornada de detenciones, calambres y mensajes - Periodista SoledadDurazo.com","isPartOf":{"@id":"https:\/\/soledaddurazo.com\/#website"},"primaryImageOfPage":{"@id":"https:\/\/soledaddurazo.com\/blog\/2025\/08\/30\/jornada-de-detenciones-calambres-y-mensajes\/#primaryimage"},"datePublished":"2025-08-31T02:51:37+00:00","dateModified":"2025-08-31T02:51:37+00:00","breadcrumb":{"@id":"https:\/\/soledaddurazo.com\/blog\/2025\/08\/30\/jornada-de-detenciones-calambres-y-mensajes\/#breadcrumb"},"inLanguage":"es","potentialAction":[{"@type":"ReadAction","target":["https:\/\/soledaddurazo.com\/blog\/2025\/08\/30\/jornada-de-detenciones-calambres-y-mensajes\/"]}]},{"@type":"BreadcrumbList","@id":"https:\/\/soledaddurazo.com\/blog\/2025\/08\/30\/jornada-de-detenciones-calambres-y-mensajes\/#breadcrumb","itemListElement":[{"@type":"ListItem","position":1,"name":"Home","item":"https:\/\/soledaddurazo.com\/"},{"@type":"ListItem","position":2,"name":"Jornada de detenciones, calambres y mensajes"}]},{"@type":"Article","@id":"https:\/\/soledaddurazo.com\/blog\/2025\/08\/30\/jornada-de-detenciones-calambres-y-mensajes\/#article","isPartOf":{"@id":"https:\/\/soledaddurazo.com\/blog\/2025\/08\/30\/jornada-de-detenciones-calambres-y-mensajes\/#webpage"},"author":{"@id":"https:\/\/soledaddurazo.com\/#\/schema\/person\/822d8e13aa288585e6546f179853758b"},"headline":"Jornada de detenciones, calambres y mensajes","datePublished":"2025-08-31T02:51:37+00:00","dateModified":"2025-08-31T02:51:37+00:00","mainEntityOfPage":{"@id":"https:\/\/soledaddurazo.com\/blog\/2025\/08\/30\/jornada-de-detenciones-calambres-y-mensajes\/#webpage"},"wordCount":1301,"commentCount":0,"publisher":{"@id":"https:\/\/soledaddurazo.com\/#organization"},"image":{"@id":"https:\/\/soledaddurazo.com\/blog\/2025\/08\/30\/jornada-de-detenciones-calambres-y-mensajes\/#primaryimage"},"thumbnailUrl":"https:\/\/soledaddurazo.com\/storage\/2025\/08\/9a-GRAFICO-FERNANDO-OROPEZA.jpeg","articleSection":["Fernando Oropeza"],"inLanguage":"es","potentialAction":[{"@type":"CommentAction","name":"Comment","target":["https:\/\/soledaddurazo.com\/blog\/2025\/08\/30\/jornada-de-detenciones-calambres-y-mensajes\/#respond"]}]},{"@type":"Person","@id":"https:\/\/soledaddurazo.com\/#\/schema\/person\/822d8e13aa288585e6546f179853758b","name":"Redacci\u00f3n","image":{"@type":"ImageObject","@id":"https:\/\/soledaddurazo.com\/#personlogo","inLanguage":"es","url":"https:\/\/secure.gravatar.com\/avatar\/c4e193752f756fd61f04deebed3a3a20dc188d37edb53682d313ac57f2725d54?s=96&d=mm&r=g","contentUrl":"https:\/\/secure.gravatar.com\/avatar\/c4e193752f756fd61f04deebed3a3a20dc188d37edb53682d313ac57f2725d54?s=96&d=mm&r=g","caption":"Redacci\u00f3n"},"sameAs":["https:\/\/soledaddurazo.com"]}]}},"_links":{"self":[{"href":"https:\/\/soledaddurazo.com\/api\/wp\/v2\/posts\/23281","targetHints":{"allow":["GET"]}}],"collection":[{"href":"https:\/\/soledaddurazo.com\/api\/wp\/v2\/posts"}],"about":[{"href":"https:\/\/soledaddurazo.com\/api\/wp\/v2\/types\/post"}],"author":[{"embeddable":true,"href":"https:\/\/soledaddurazo.com\/api\/wp\/v2\/users\/1"}],"replies":[{"embeddable":true,"href":"https:\/\/soledaddurazo.com\/api\/wp\/v2\/comments?post=23281"}],"version-history":[{"count":1,"href":"https:\/\/soledaddurazo.com\/api\/wp\/v2\/posts\/23281\/revisions"}],"predecessor-version":[{"id":23284,"href":"https:\/\/soledaddurazo.com\/api\/wp\/v2\/posts\/23281\/revisions\/23284"}],"wp:featuredmedia":[{"embeddable":true,"href":"https:\/\/soledaddurazo.com\/api\/wp\/v2\/media\/23272"}],"wp:attachment":[{"href":"https:\/\/soledaddurazo.com\/api\/wp\/v2\/media?parent=23281"}],"wp:term":[{"taxonomy":"category","embeddable":true,"href":"https:\/\/soledaddurazo.com\/api\/wp\/v2\/categories?post=23281"},{"taxonomy":"post_tag","embeddable":true,"href":"https:\/\/soledaddurazo.com\/api\/wp\/v2\/tags?post=23281"}],"curies":[{"name":"wp","href":"https:\/\/api.w.org\/{rel}","templated":true}]}}