{"id":23278,"date":"2025-08-29T14:26:58","date_gmt":"2025-08-29T21:26:58","guid":{"rendered":"https:\/\/soledaddurazo.com\/?p=23278"},"modified":"2025-08-29T14:26:58","modified_gmt":"2025-08-29T21:26:58","slug":"inicia-en-sonora-el-programa-registro-oportuno-para-reducir-el-rezago-en-actas-de-nacimiento","status":"publish","type":"post","link":"https:\/\/soledaddurazo.com\/blog\/2025\/08\/29\/inicia-en-sonora-el-programa-registro-oportuno-para-reducir-el-rezago-en-actas-de-nacimiento\/","title":{"rendered":"Inicia en Sonora el programa &#8220;Registro Oportuno&#8221; para reducir el rezago en actas de nacimiento"},"content":{"rendered":"<p>Con el objetivo de garantizar el derecho a la identidad y reducir el rezago en registros de nacimiento, el Gobierno de Sonora, encabezado por el gobernador Alfonso Durazo, puso en marcha el programa Registro Oportuno, en coordinaci\u00f3n con el Registro Nacional de Poblaci\u00f3n (Renapo).<\/p>\n<p>La titular del Registro Civil en el estado, Mari\u00e1n Mart\u00ednez Rodr\u00edguez, inform\u00f3 que el programa contempla brigadas en 16 municipios, priorizando zonas donde se ha identificado un mayor rezago, no solo entre ni\u00f1as, ni\u00f1os y adolescentes, sino tambi\u00e9n en adultos que a\u00fan no cuentan con acta de nacimiento.<\/p>\n<p>Los municipios donde se desplegar\u00e1n las brigadas son: \u00c1lamos, Guaymas, Y\u00e9cora, Sahuaripa, Moctezuma, Cananea, Nogales, Agua Prieta, Caborca, Etchojoa, San Miguel de Horcasitas, San Ignacio R\u00edo Muerto, Empalme, Hermosillo, Puerto Pe\u00f1asco y Ures.<\/p>\n<p>La primera jornada se realizar\u00e1 los d\u00edas 2 y 3 de septiembre en Caborca, donde se invita a la poblaci\u00f3n sin acta de nacimiento a acudir para obtener su documento oficial. Tambi\u00e9n se facilitar\u00e1n los tr\u00e1mites de Acta de Inexistencia para personas originarias de otros estados, a fin de que puedan ser registradas formalmente en Sonora.<\/p>\n","protected":false},"excerpt":{"rendered":"<p>Con el objetivo de garantizar el derecho a la identidad y reducir el rezago en registros de nacimiento, el Gobierno de Sonora, encabezado por el gobernador Alfonso Durazo, puso en marcha el programa Registro Oportuno, en coordinaci\u00f3n con el Registro Nacional de Poblaci\u00f3n (Renapo). La titular del Registro Civil en el estado, Mari\u00e1n Mart\u00ednez Rodr\u00edguez, [&hellip;]<\/p>\n","protected":false},"author":1,"featured_media":23279,"comment_status":"open","ping_status":"open","sticky":false,"template":"","format":"standard","meta":{"footnotes":""},"categories":[159,153],"tags":[],"class_list":["post"],"yoast_head":" \n<title>Inicia en Sonora el programa &quot;Registro Oportuno&quot; para reducir el rezago en actas de nacimiento - Periodista SoledadDurazo.com<\/title>\n<meta name=\"robots\" content=\"index, follow, max-snippet:-1, max-image-preview:large, max-video-preview:-1\" \/>\n<link rel=\"canonical\" href=\"https:\/\/soledaddurazo.com\/blog\/2025\/08\/29\/inicia-en-sonora-el-programa-registro-oportuno-para-reducir-el-rezago-en-actas-de-nacimiento\/\" \/>\n<meta property=\"og:locale\" content=\"es_MX\" \/>\n<meta property=\"og:type\" content=\"article\" \/>\n<meta property=\"og:title\" content=\"Inicia en Sonora el programa &quot;Registro Oportuno&quot; para reducir el rezago en actas de nacimiento\" \/>\n<meta property=\"og:description\" content=\"Con el objetivo de garantizar el derecho a la identidad y reducir el rezago en registros de nacimiento, el Gobierno de Sonora, encabezado por el gobernador Alfonso Durazo, puso en marcha el programa Registro Oportuno, en coordinaci\u00f3n con el Registro Nacional de Poblaci\u00f3n (Renapo). La titular del Registro Civil en el estado, Mari\u00e1n Mart\u00ednez Rodr\u00edguez, [&hellip;]\" \/>\n<meta property=\"og:url\" content=\"https:\/\/soledaddurazo.com\/blog\/2025\/08\/29\/inicia-en-sonora-el-programa-registro-oportuno-para-reducir-el-rezago-en-actas-de-nacimiento\/\" \/>\n<meta property=\"og:site_name\" content=\"Periodista SoledadDurazo.com\" \/>\n<meta property=\"article:publisher\" content=\"https:\/\/www.facebook.com\/soledad.durazo.9\/\" \/>\n<meta property=\"article:published_time\" content=\"2025-08-29T21:26:58+00:00\" \/>\n<meta property=\"og:image\" content=\"https:\/\/soledaddurazo.com\/storage\/2025\/08\/8233db2e-984d-464c-90f9-b8ac13649bab.jpeg\" \/>\n\t<meta property=\"og:image:width\" content=\"1600\" \/>\n\t<meta property=\"og:image:height\" content=\"1200\" \/>\n<meta name=\"twitter:card\" content=\"summary_large_image\" \/>\n<meta name=\"twitter:creator\" content=\"@SoledadDurazo\" \/>\n<meta name=\"twitter:site\" content=\"@SoledadDurazo\" \/>\n<meta name=\"twitter:label1\" content=\"Escrito por\" \/>\n\t<meta name=\"twitter:data1\" content=\"Redacci\u00f3n\" \/>\n\t<meta name=\"twitter:label2\" content=\"Tiempo de lectura\" \/>\n\t<meta name=\"twitter:data2\" content=\"1 minuto\" \/>\n<script type=\"application\/ld+json\" class=\"yoast-schema-graph\">{\"@context\":\"https:\/\/schema.org\",\"@graph\":[{\"@type\":\"Organization\",\"@id\":\"https:\/\/soledaddurazo.com\/#organization\",\"name\":\"Soledad Durazo\",\"url\":\"https:\/\/soledaddurazo.com\/\",\"sameAs\":[\"https:\/\/www.facebook.com\/soledad.durazo.9\/\",\"https:\/\/www.instagram.com\/soledaddurazo\",\"https:\/\/www.youtube.com\/channel\/UC9yGPw8-Vbl_B2XNkRwPS-w\",\"https:\/\/twitter.com\/SoledadDurazo\"],\"logo\":{\"@type\":\"ImageObject\",\"@id\":\"https:\/\/soledaddurazo.com\/#logo\",\"inLanguage\":\"es\",\"url\":\"https:\/\/soledaddurazo.com\/storage\/2021\/11\/nllp-720x375-1-2.png\",\"contentUrl\":\"https:\/\/soledaddurazo.com\/storage\/2021\/11\/nllp-720x375-1-2.png\",\"width\":720,\"height\":375,\"caption\":\"Soledad Durazo\"},\"image\":{\"@id\":\"https:\/\/soledaddurazo.com\/#logo\"}},{\"@type\":\"WebSite\",\"@id\":\"https:\/\/soledaddurazo.com\/#website\",\"url\":\"https:\/\/soledaddurazo.com\/\",\"name\":\"Periodista SoledadDurazo.com\",\"description\":\"Periodista sonorense. Directora de www.SoledadDurazo.com Columnista, conductora de radio y Tv. Catedr\\u00e1tica en la UNISON\",\"publisher\":{\"@id\":\"https:\/\/soledaddurazo.com\/#organization\"},\"potentialAction\":[{\"@type\":\"SearchAction\",\"target\":{\"@type\":\"EntryPoint\",\"urlTemplate\":\"https:\/\/soledaddurazo.com\/?s={search_term_string}\"},\"query-input\":\"required name=search_term_string\"}],\"inLanguage\":\"es\"},{\"@type\":\"ImageObject\",\"@id\":\"https:\/\/soledaddurazo.com\/blog\/2025\/08\/29\/inicia-en-sonora-el-programa-registro-oportuno-para-reducir-el-rezago-en-actas-de-nacimiento\/#primaryimage\",\"inLanguage\":\"es\",\"url\":\"https:\/\/soledaddurazo.com\/storage\/2025\/08\/8233db2e-984d-464c-90f9-b8ac13649bab.jpeg\",\"contentUrl\":\"https:\/\/soledaddurazo.com\/storage\/2025\/08\/8233db2e-984d-464c-90f9-b8ac13649bab.jpeg\",\"width\":1600,\"height\":1200},{\"@type\":\"WebPage\",\"@id\":\"https:\/\/soledaddurazo.com\/blog\/2025\/08\/29\/inicia-en-sonora-el-programa-registro-oportuno-para-reducir-el-rezago-en-actas-de-nacimiento\/#webpage\",\"url\":\"https:\/\/soledaddurazo.com\/blog\/2025\/08\/29\/inicia-en-sonora-el-programa-registro-oportuno-para-reducir-el-rezago-en-actas-de-nacimiento\/\",\"name\":\"Inicia en Sonora el programa \\\"Registro Oportuno\\\" para reducir el rezago en actas de nacimiento - Periodista SoledadDurazo.com\",\"isPartOf\":{\"@id\":\"https:\/\/soledaddurazo.com\/#website\"},\"primaryImageOfPage\":{\"@id\":\"https:\/\/soledaddurazo.com\/blog\/2025\/08\/29\/inicia-en-sonora-el-programa-registro-oportuno-para-reducir-el-rezago-en-actas-de-nacimiento\/#primaryimage\"},\"datePublished\":\"2025-08-29T21:26:58+00:00\",\"dateModified\":\"2025-08-29T21:26:58+00:00\",\"breadcrumb\":{\"@id\":\"https:\/\/soledaddurazo.com\/blog\/2025\/08\/29\/inicia-en-sonora-el-programa-registro-oportuno-para-reducir-el-rezago-en-actas-de-nacimiento\/#breadcrumb\"},\"inLanguage\":\"es\",\"potentialAction\":[{\"@type\":\"ReadAction\",\"target\":[\"https:\/\/soledaddurazo.com\/blog\/2025\/08\/29\/inicia-en-sonora-el-programa-registro-oportuno-para-reducir-el-rezago-en-actas-de-nacimiento\/\"]}]},{\"@type\":\"BreadcrumbList\",\"@id\":\"https:\/\/soledaddurazo.com\/blog\/2025\/08\/29\/inicia-en-sonora-el-programa-registro-oportuno-para-reducir-el-rezago-en-actas-de-nacimiento\/#breadcrumb\",\"itemListElement\":[{\"@type\":\"ListItem\",\"position\":1,\"name\":\"Home\",\"item\":\"https:\/\/soledaddurazo.com\/\"},{\"@type\":\"ListItem\",\"position\":2,\"name\":\"Inicia en Sonora el programa &#8220;Registro Oportuno&#8221; para reducir el rezago en actas de nacimiento\"}]},{\"@type\":\"Article\",\"@id\":\"https:\/\/soledaddurazo.com\/blog\/2025\/08\/29\/inicia-en-sonora-el-programa-registro-oportuno-para-reducir-el-rezago-en-actas-de-nacimiento\/#article\",\"isPartOf\":{\"@id\":\"https:\/\/soledaddurazo.com\/blog\/2025\/08\/29\/inicia-en-sonora-el-programa-registro-oportuno-para-reducir-el-rezago-en-actas-de-nacimiento\/#webpage\"},\"author\":{\"@id\":\"https:\/\/soledaddurazo.com\/#\/schema\/person\/822d8e13aa288585e6546f179853758b\"},\"headline\":\"Inicia en Sonora el programa &#8220;Registro Oportuno&#8221; para reducir el rezago en actas de nacimiento\",\"datePublished\":\"2025-08-29T21:26:58+00:00\",\"dateModified\":\"2025-08-29T21:26:58+00:00\",\"mainEntityOfPage\":{\"@id\":\"https:\/\/soledaddurazo.com\/blog\/2025\/08\/29\/inicia-en-sonora-el-programa-registro-oportuno-para-reducir-el-rezago-en-actas-de-nacimiento\/#webpage\"},\"wordCount\":211,\"commentCount\":0,\"publisher\":{\"@id\":\"https:\/\/soledaddurazo.com\/#organization\"},\"image\":{\"@id\":\"https:\/\/soledaddurazo.com\/blog\/2025\/08\/29\/inicia-en-sonora-el-programa-registro-oportuno-para-reducir-el-rezago-en-actas-de-nacimiento\/#primaryimage\"},\"thumbnailUrl\":\"https:\/\/soledaddurazo.com\/storage\/2025\/08\/8233db2e-984d-464c-90f9-b8ac13649bab.jpeg\",\"articleSection\":[\"Mi Sonora\",\"principal\"],\"inLanguage\":\"es\",\"potentialAction\":[{\"@type\":\"CommentAction\",\"name\":\"Comment\",\"target\":[\"https:\/\/soledaddurazo.com\/blog\/2025\/08\/29\/inicia-en-sonora-el-programa-registro-oportuno-para-reducir-el-rezago-en-actas-de-nacimiento\/#respond\"]}]},{\"@type\":\"Person\",\"@id\":\"https:\/\/soledaddurazo.com\/#\/schema\/person\/822d8e13aa288585e6546f179853758b\",\"name\":\"Redacci\\u00f3n\",\"image\":{\"@type\":\"ImageObject\",\"@id\":\"https:\/\/soledaddurazo.com\/#personlogo\",\"inLanguage\":\"es\",\"url\":\"https:\/\/secure.gravatar.com\/avatar\/c4e193752f756fd61f04deebed3a3a20dc188d37edb53682d313ac57f2725d54?s=96&d=mm&r=g\",\"contentUrl\":\"https:\/\/secure.gravatar.com\/avatar\/c4e193752f756fd61f04deebed3a3a20dc188d37edb53682d313ac57f2725d54?s=96&d=mm&r=g\",\"caption\":\"Redacci\\u00f3n\"},\"sameAs\":[\"https:\/\/soledaddurazo.com\"]}]}<\/script>\n ","yoast_head_json":{"title":"Inicia en Sonora el programa \"Registro Oportuno\" para reducir el rezago en actas de nacimiento - Periodista SoledadDurazo.com","robots":{"index":"index","follow":"follow","max-snippet":"max-snippet:-1","max-image-preview":"max-image-preview:large","max-video-preview":"max-video-preview:-1"},"canonical":"https:\/\/soledaddurazo.com\/blog\/2025\/08\/29\/inicia-en-sonora-el-programa-registro-oportuno-para-reducir-el-rezago-en-actas-de-nacimiento\/","og_locale":"es_MX","og_type":"article","og_title":"Inicia en Sonora el programa \"Registro Oportuno\" para reducir el rezago en actas de nacimiento","og_description":"Con el objetivo de garantizar el derecho a la identidad y reducir el rezago en registros de nacimiento, el Gobierno de Sonora, encabezado por el gobernador Alfonso Durazo, puso en marcha el programa Registro Oportuno, en coordinaci\u00f3n con el Registro Nacional de Poblaci\u00f3n (Renapo). La titular del Registro Civil en el estado, Mari\u00e1n Mart\u00ednez Rodr\u00edguez, [&hellip;]","og_url":"https:\/\/soledaddurazo.com\/blog\/2025\/08\/29\/inicia-en-sonora-el-programa-registro-oportuno-para-reducir-el-rezago-en-actas-de-nacimiento\/","og_site_name":"Periodista SoledadDurazo.com","article_publisher":"https:\/\/www.facebook.com\/soledad.durazo.9\/","article_published_time":"2025-08-29T21:26:58+00:00","og_image":[{"width":1600,"height":1200,"url":"https:\/\/soledaddurazo.com\/storage\/2025\/08\/8233db2e-984d-464c-90f9-b8ac13649bab.jpeg","type":"image\/jpeg"}],"twitter_card":"summary_large_image","twitter_creator":"@SoledadDurazo","twitter_site":"@SoledadDurazo","twitter_misc":{"Escrito por":"Redacci\u00f3n","Tiempo de lectura":"1 minuto"},"schema":{"@context":"https:\/\/schema.org","@graph":[{"@type":"Organization","@id":"https:\/\/soledaddurazo.com\/#organization","name":"Soledad Durazo","url":"https:\/\/soledaddurazo.com\/","sameAs":["https:\/\/www.facebook.com\/soledad.durazo.9\/","https:\/\/www.instagram.com\/soledaddurazo","https:\/\/www.youtube.com\/channel\/UC9yGPw8-Vbl_B2XNkRwPS-w","https:\/\/twitter.com\/SoledadDurazo"],"logo":{"@type":"ImageObject","@id":"https:\/\/soledaddurazo.com\/#logo","inLanguage":"es","url":"https:\/\/soledaddurazo.com\/storage\/2021\/11\/nllp-720x375-1-2.png","contentUrl":"https:\/\/soledaddurazo.com\/storage\/2021\/11\/nllp-720x375-1-2.png","width":720,"height":375,"caption":"Soledad Durazo"},"image":{"@id":"https:\/\/soledaddurazo.com\/#logo"}},{"@type":"WebSite","@id":"https:\/\/soledaddurazo.com\/#website","url":"https:\/\/soledaddurazo.com\/","name":"Periodista SoledadDurazo.com","description":"Periodista sonorense. Directora de www.SoledadDurazo.com Columnista, conductora de radio y Tv. Catedr\u00e1tica en la UNISON","publisher":{"@id":"https:\/\/soledaddurazo.com\/#organization"},"potentialAction":[{"@type":"SearchAction","target":{"@type":"EntryPoint","urlTemplate":"https:\/\/soledaddurazo.com\/?s={search_term_string}"},"query-input":"required name=search_term_string"}],"inLanguage":"es"},{"@type":"ImageObject","@id":"https:\/\/soledaddurazo.com\/blog\/2025\/08\/29\/inicia-en-sonora-el-programa-registro-oportuno-para-reducir-el-rezago-en-actas-de-nacimiento\/#primaryimage","inLanguage":"es","url":"https:\/\/soledaddurazo.com\/storage\/2025\/08\/8233db2e-984d-464c-90f9-b8ac13649bab.jpeg","contentUrl":"https:\/\/soledaddurazo.com\/storage\/2025\/08\/8233db2e-984d-464c-90f9-b8ac13649bab.jpeg","width":1600,"height":1200},{"@type":"WebPage","@id":"https:\/\/soledaddurazo.com\/blog\/2025\/08\/29\/inicia-en-sonora-el-programa-registro-oportuno-para-reducir-el-rezago-en-actas-de-nacimiento\/#webpage","url":"https:\/\/soledaddurazo.com\/blog\/2025\/08\/29\/inicia-en-sonora-el-programa-registro-oportuno-para-reducir-el-rezago-en-actas-de-nacimiento\/","name":"Inicia en Sonora el programa \"Registro Oportuno\" para reducir el rezago en actas de nacimiento - Periodista SoledadDurazo.com","isPartOf":{"@id":"https:\/\/soledaddurazo.com\/#website"},"primaryImageOfPage":{"@id":"https:\/\/soledaddurazo.com\/blog\/2025\/08\/29\/inicia-en-sonora-el-programa-registro-oportuno-para-reducir-el-rezago-en-actas-de-nacimiento\/#primaryimage"},"datePublished":"2025-08-29T21:26:58+00:00","dateModified":"2025-08-29T21:26:58+00:00","breadcrumb":{"@id":"https:\/\/soledaddurazo.com\/blog\/2025\/08\/29\/inicia-en-sonora-el-programa-registro-oportuno-para-reducir-el-rezago-en-actas-de-nacimiento\/#breadcrumb"},"inLanguage":"es","potentialAction":[{"@type":"ReadAction","target":["https:\/\/soledaddurazo.com\/blog\/2025\/08\/29\/inicia-en-sonora-el-programa-registro-oportuno-para-reducir-el-rezago-en-actas-de-nacimiento\/"]}]},{"@type":"BreadcrumbList","@id":"https:\/\/soledaddurazo.com\/blog\/2025\/08\/29\/inicia-en-sonora-el-programa-registro-oportuno-para-reducir-el-rezago-en-actas-de-nacimiento\/#breadcrumb","itemListElement":[{"@type":"ListItem","position":1,"name":"Home","item":"https:\/\/soledaddurazo.com\/"},{"@type":"ListItem","position":2,"name":"Inicia en Sonora el programa &#8220;Registro Oportuno&#8221; para reducir el rezago en actas de nacimiento"}]},{"@type":"Article","@id":"https:\/\/soledaddurazo.com\/blog\/2025\/08\/29\/inicia-en-sonora-el-programa-registro-oportuno-para-reducir-el-rezago-en-actas-de-nacimiento\/#article","isPartOf":{"@id":"https:\/\/soledaddurazo.com\/blog\/2025\/08\/29\/inicia-en-sonora-el-programa-registro-oportuno-para-reducir-el-rezago-en-actas-de-nacimiento\/#webpage"},"author":{"@id":"https:\/\/soledaddurazo.com\/#\/schema\/person\/822d8e13aa288585e6546f179853758b"},"headline":"Inicia en Sonora el programa &#8220;Registro Oportuno&#8221; para reducir el rezago en actas de nacimiento","datePublished":"2025-08-29T21:26:58+00:00","dateModified":"2025-08-29T21:26:58+00:00","mainEntityOfPage":{"@id":"https:\/\/soledaddurazo.com\/blog\/2025\/08\/29\/inicia-en-sonora-el-programa-registro-oportuno-para-reducir-el-rezago-en-actas-de-nacimiento\/#webpage"},"wordCount":211,"commentCount":0,"publisher":{"@id":"https:\/\/soledaddurazo.com\/#organization"},"image":{"@id":"https:\/\/soledaddurazo.com\/blog\/2025\/08\/29\/inicia-en-sonora-el-programa-registro-oportuno-para-reducir-el-rezago-en-actas-de-nacimiento\/#primaryimage"},"thumbnailUrl":"https:\/\/soledaddurazo.com\/storage\/2025\/08\/8233db2e-984d-464c-90f9-b8ac13649bab.jpeg","articleSection":["Mi Sonora","principal"],"inLanguage":"es","potentialAction":[{"@type":"CommentAction","name":"Comment","target":["https:\/\/soledaddurazo.com\/blog\/2025\/08\/29\/inicia-en-sonora-el-programa-registro-oportuno-para-reducir-el-rezago-en-actas-de-nacimiento\/#respond"]}]},{"@type":"Person","@id":"https:\/\/soledaddurazo.com\/#\/schema\/person\/822d8e13aa288585e6546f179853758b","name":"Redacci\u00f3n","image":{"@type":"ImageObject","@id":"https:\/\/soledaddurazo.com\/#personlogo","inLanguage":"es","url":"https:\/\/secure.gravatar.com\/avatar\/c4e193752f756fd61f04deebed3a3a20dc188d37edb53682d313ac57f2725d54?s=96&d=mm&r=g","contentUrl":"https:\/\/secure.gravatar.com\/avatar\/c4e193752f756fd61f04deebed3a3a20dc188d37edb53682d313ac57f2725d54?s=96&d=mm&r=g","caption":"Redacci\u00f3n"},"sameAs":["https:\/\/soledaddurazo.com"]}]}},"_links":{"self":[{"href":"https:\/\/soledaddurazo.com\/api\/wp\/v2\/posts\/23278","targetHints":{"allow":["GET"]}}],"collection":[{"href":"https:\/\/soledaddurazo.com\/api\/wp\/v2\/posts"}],"about":[{"href":"https:\/\/soledaddurazo.com\/api\/wp\/v2\/types\/post"}],"author":[{"embeddable":true,"href":"https:\/\/soledaddurazo.com\/api\/wp\/v2\/users\/1"}],"replies":[{"embeddable":true,"href":"https:\/\/soledaddurazo.com\/api\/wp\/v2\/comments?post=23278"}],"version-history":[{"count":1,"href":"https:\/\/soledaddurazo.com\/api\/wp\/v2\/posts\/23278\/revisions"}],"predecessor-version":[{"id":23280,"href":"https:\/\/soledaddurazo.com\/api\/wp\/v2\/posts\/23278\/revisions\/23280"}],"wp:featuredmedia":[{"embeddable":true,"href":"https:\/\/soledaddurazo.com\/api\/wp\/v2\/media\/23279"}],"wp:attachment":[{"href":"https:\/\/soledaddurazo.com\/api\/wp\/v2\/media?parent=23278"}],"wp:term":[{"taxonomy":"category","embeddable":true,"href":"https:\/\/soledaddurazo.com\/api\/wp\/v2\/categories?post=23278"},{"taxonomy":"post_tag","embeddable":true,"href":"https:\/\/soledaddurazo.com\/api\/wp\/v2\/tags?post=23278"}],"curies":[{"name":"wp","href":"https:\/\/api.w.org\/{rel}","templated":true}]}}