{"id":23274,"date":"2025-08-27T16:22:16","date_gmt":"2025-08-27T23:22:16","guid":{"rendered":"https:\/\/soledaddurazo.com\/?p=23274"},"modified":"2025-08-27T16:22:16","modified_gmt":"2025-08-27T23:22:16","slug":"si-se-cambiara-la-tuberia-tendriamos-agua-para-dos-decadas-mas-pero-la-gente-no-lo-permitiria-jose-luis-jardines","status":"publish","type":"post","link":"https:\/\/soledaddurazo.com\/blog\/2025\/08\/27\/si-se-cambiara-la-tuberia-tendriamos-agua-para-dos-decadas-mas-pero-la-gente-no-lo-permitiria-jose-luis-jardines\/","title":{"rendered":"&#8220;Si se cambiara la tuber\u00eda tendr\u00edamos agua para dos d\u00e9cadas m\u00e1s&#8230; pero la gente no lo permitir\u00eda&#8221;: Jos\u00e9 Luis Jardines"},"content":{"rendered":"<ul>\n<li data-start=\"165\" data-end=\"289\"><strong data-start=\"165\" data-end=\"287\">El exdirector de Agua de Hermosillo, expone retos y soluciones para el abasto de agua en la ciudad<\/strong><\/li>\n<li data-start=\"165\" data-end=\"289\"><strong>El 55% del agua se tira en fugas<\/strong><\/li>\n<\/ul>\n<p data-start=\"291\" data-end=\"624\">En entrevista con la periodista Soledad Durazo, el ingeniero Jos\u00e9 Luis Jardines, exdirector de Agua de Hermosillo, comparti\u00f3 su visi\u00f3n sobre los principales retos que enfrenta la capital sonorense en materia de abastecimiento del recurso h\u00eddrico, as\u00ed como algunas propuestas para garantizar un servicio m\u00e1s eficiente y sustentable.<\/p>\n<p data-start=\"626\" data-end=\"1045\">Durante el programa de Noticias Radio F\u00f3rmula Sonora, el especialista destac\u00f3 que Hermosillo atraviesa un problema estructural derivado del crecimiento poblacional, la limitada disponibilidad de fuentes naturales y el desgaste de la infraestructura. Se\u00f1al\u00f3 que, si bien se han realizado esfuerzos importantes en la modernizaci\u00f3n de redes y en la incorporaci\u00f3n de nuevas fuentes de suministro, a\u00fan falta una planeaci\u00f3n de largo plazo que d\u00e9 certeza al futuro de la ciudad.<\/p>\n<p data-start=\"1047\" data-end=\"1425\">Durante la conversaci\u00f3n, Jardines subray\u00f3 la importancia de invertir en mantenimiento preventivo, modernizaci\u00f3n tecnol\u00f3gica y en campa\u00f1as de cultura del cuidado del agua. Asimismo, puntualiz\u00f3 que la participaci\u00f3n ciudadana es clave para que los proyectos de infraestructura tengan \u00e9xito, pues de nada sirve mejorar la red si no se fomenta un uso responsable del vital l\u00edquido.<\/p>\n<p data-start=\"1427\" data-end=\"1700\">Reiter\u00f3 que Hermosillo necesita pensar en soluciones integrales que combinen eficiencia operativa, diversificaci\u00f3n de fuentes y una verdadera conciencia social sobre la importancia del agua como recurso limitado y esencial para el desarrollo.<\/p>\n<p data-start=\"1427\" data-end=\"1700\">La entrevista completa te invitamos verla aqu\u00ed \ud83d\udc47<\/p>\n<div class=\"lyte-wrapper fourthree\" style=\"width:420px;max-width:100%;margin:5px;\"><div class=\"lyMe\" id=\"WYL_IUcL0Rlm5Lc\"><div id=\"lyte_IUcL0Rlm5Lc\" data-src=\"\/\/i.ytimg.com\/vi\/IUcL0Rlm5Lc\/hqdefault.jpg\" class=\"pL\"><div class=\"tC\"><div class=\"tT\"><\/div><\/div><div class=\"play\"><\/div><div class=\"ctrl\"><div class=\"Lctrl\"><\/div><div class=\"Rctrl\"><\/div><\/div><\/div><noscript><a href=\"https:\/\/youtu.be\/IUcL0Rlm5Lc\"><img loading=\"lazy\" decoding=\"async\" src=\"https:\/\/i.ytimg.com\/vi\/IUcL0Rlm5Lc\/0.jpg\" alt=\"\" width=\"420\" height=\"295\" \/><br \/>Ver este video en YouTube<\/a><\/noscript><\/div><\/div><div class=\"lL\" style=\"max-width:100%;width:420px;margin:5px;\"><\/div>\n","protected":false},"excerpt":{"rendered":"<p>El exdirector de Agua de Hermosillo, expone retos y soluciones para el abasto de agua en la ciudad El 55% del agua se tira en fugas En entrevista con la periodista Soledad Durazo, el ingeniero Jos\u00e9 Luis Jardines, exdirector de Agua de Hermosillo, comparti\u00f3 su visi\u00f3n sobre los principales retos que enfrenta la capital sonorense [&hellip;]<\/p>\n","protected":false},"author":1,"featured_media":23275,"comment_status":"open","ping_status":"open","sticky":false,"template":"","format":"standard","meta":{"footnotes":""},"categories":[162,153],"tags":[],"class_list":["post"],"yoast_head":" \n<title>&quot;Si se cambiara la tuber\u00eda tendr\u00edamos agua para dos d\u00e9cadas m\u00e1s... pero la gente no lo permitir\u00eda&quot;: Jos\u00e9 Luis Jardines - Periodista SoledadDurazo.com<\/title>\n<meta name=\"robots\" content=\"index, follow, max-snippet:-1, max-image-preview:large, max-video-preview:-1\" \/>\n<link rel=\"canonical\" href=\"https:\/\/soledaddurazo.com\/blog\/2025\/08\/27\/si-se-cambiara-la-tuberia-tendriamos-agua-para-dos-decadas-mas-pero-la-gente-no-lo-permitiria-jose-luis-jardines\/\" \/>\n<meta property=\"og:locale\" content=\"es_MX\" \/>\n<meta property=\"og:type\" content=\"article\" \/>\n<meta property=\"og:title\" content=\"&quot;Si se cambiara la tuber\u00eda tendr\u00edamos agua para dos d\u00e9cadas m\u00e1s... pero la gente no lo permitir\u00eda&quot;: Jos\u00e9 Luis Jardines\" \/>\n<meta property=\"og:description\" content=\"El exdirector de Agua de Hermosillo, expone retos y soluciones para el abasto de agua en la ciudad El 55% del agua se tira en fugas En entrevista con la periodista Soledad Durazo, el ingeniero Jos\u00e9 Luis Jardines, exdirector de Agua de Hermosillo, comparti\u00f3 su visi\u00f3n sobre los principales retos que enfrenta la capital sonorense [&hellip;]\" \/>\n<meta property=\"og:url\" content=\"https:\/\/soledaddurazo.com\/blog\/2025\/08\/27\/si-se-cambiara-la-tuberia-tendriamos-agua-para-dos-decadas-mas-pero-la-gente-no-lo-permitiria-jose-luis-jardines\/\" \/>\n<meta property=\"og:site_name\" content=\"Periodista SoledadDurazo.com\" \/>\n<meta property=\"article:publisher\" content=\"https:\/\/www.facebook.com\/soledad.durazo.9\/\" \/>\n<meta property=\"article:published_time\" content=\"2025-08-27T23:22:16+00:00\" \/>\n<meta property=\"og:image\" content=\"https:\/\/soledaddurazo.com\/storage\/2025\/08\/Agua-de-la-manguera.jpeg\" \/>\n\t<meta property=\"og:image:width\" content=\"768\" \/>\n\t<meta property=\"og:image:height\" content=\"479\" \/>\n<meta name=\"twitter:card\" content=\"summary_large_image\" \/>\n<meta name=\"twitter:creator\" content=\"@SoledadDurazo\" \/>\n<meta name=\"twitter:site\" content=\"@SoledadDurazo\" \/>\n<meta name=\"twitter:label1\" content=\"Escrito por\" \/>\n\t<meta name=\"twitter:data1\" content=\"Redacci\u00f3n\" \/>\n\t<meta name=\"twitter:label2\" content=\"Tiempo de lectura\" \/>\n\t<meta name=\"twitter:data2\" content=\"2 minutos\" \/>\n<script type=\"application\/ld+json\" class=\"yoast-schema-graph\">{\"@context\":\"https:\/\/schema.org\",\"@graph\":[{\"@type\":\"Organization\",\"@id\":\"https:\/\/soledaddurazo.com\/#organization\",\"name\":\"Soledad Durazo\",\"url\":\"https:\/\/soledaddurazo.com\/\",\"sameAs\":[\"https:\/\/www.facebook.com\/soledad.durazo.9\/\",\"https:\/\/www.instagram.com\/soledaddurazo\",\"https:\/\/www.youtube.com\/channel\/UC9yGPw8-Vbl_B2XNkRwPS-w\",\"https:\/\/twitter.com\/SoledadDurazo\"],\"logo\":{\"@type\":\"ImageObject\",\"@id\":\"https:\/\/soledaddurazo.com\/#logo\",\"inLanguage\":\"es\",\"url\":\"https:\/\/soledaddurazo.com\/storage\/2021\/11\/nllp-720x375-1-2.png\",\"contentUrl\":\"https:\/\/soledaddurazo.com\/storage\/2021\/11\/nllp-720x375-1-2.png\",\"width\":720,\"height\":375,\"caption\":\"Soledad Durazo\"},\"image\":{\"@id\":\"https:\/\/soledaddurazo.com\/#logo\"}},{\"@type\":\"WebSite\",\"@id\":\"https:\/\/soledaddurazo.com\/#website\",\"url\":\"https:\/\/soledaddurazo.com\/\",\"name\":\"Periodista SoledadDurazo.com\",\"description\":\"Periodista sonorense. Directora de www.SoledadDurazo.com Columnista, conductora de radio y Tv. Catedr\\u00e1tica en la UNISON\",\"publisher\":{\"@id\":\"https:\/\/soledaddurazo.com\/#organization\"},\"potentialAction\":[{\"@type\":\"SearchAction\",\"target\":{\"@type\":\"EntryPoint\",\"urlTemplate\":\"https:\/\/soledaddurazo.com\/?s={search_term_string}\"},\"query-input\":\"required name=search_term_string\"}],\"inLanguage\":\"es\"},{\"@type\":\"ImageObject\",\"@id\":\"https:\/\/soledaddurazo.com\/blog\/2025\/08\/27\/si-se-cambiara-la-tuberia-tendriamos-agua-para-dos-decadas-mas-pero-la-gente-no-lo-permitiria-jose-luis-jardines\/#primaryimage\",\"inLanguage\":\"es\",\"url\":\"https:\/\/soledaddurazo.com\/storage\/2025\/08\/Agua-de-la-manguera.jpeg\",\"contentUrl\":\"https:\/\/soledaddurazo.com\/storage\/2025\/08\/Agua-de-la-manguera.jpeg\",\"width\":768,\"height\":479},{\"@type\":\"WebPage\",\"@id\":\"https:\/\/soledaddurazo.com\/blog\/2025\/08\/27\/si-se-cambiara-la-tuberia-tendriamos-agua-para-dos-decadas-mas-pero-la-gente-no-lo-permitiria-jose-luis-jardines\/#webpage\",\"url\":\"https:\/\/soledaddurazo.com\/blog\/2025\/08\/27\/si-se-cambiara-la-tuberia-tendriamos-agua-para-dos-decadas-mas-pero-la-gente-no-lo-permitiria-jose-luis-jardines\/\",\"name\":\"\\\"Si se cambiara la tuber\\u00eda tendr\\u00edamos agua para dos d\\u00e9cadas m\\u00e1s... pero la gente no lo permitir\\u00eda\\\": Jos\\u00e9 Luis Jardines - Periodista SoledadDurazo.com\",\"isPartOf\":{\"@id\":\"https:\/\/soledaddurazo.com\/#website\"},\"primaryImageOfPage\":{\"@id\":\"https:\/\/soledaddurazo.com\/blog\/2025\/08\/27\/si-se-cambiara-la-tuberia-tendriamos-agua-para-dos-decadas-mas-pero-la-gente-no-lo-permitiria-jose-luis-jardines\/#primaryimage\"},\"datePublished\":\"2025-08-27T23:22:16+00:00\",\"dateModified\":\"2025-08-27T23:22:16+00:00\",\"breadcrumb\":{\"@id\":\"https:\/\/soledaddurazo.com\/blog\/2025\/08\/27\/si-se-cambiara-la-tuberia-tendriamos-agua-para-dos-decadas-mas-pero-la-gente-no-lo-permitiria-jose-luis-jardines\/#breadcrumb\"},\"inLanguage\":\"es\",\"potentialAction\":[{\"@type\":\"ReadAction\",\"target\":[\"https:\/\/soledaddurazo.com\/blog\/2025\/08\/27\/si-se-cambiara-la-tuberia-tendriamos-agua-para-dos-decadas-mas-pero-la-gente-no-lo-permitiria-jose-luis-jardines\/\"]}]},{\"@type\":\"BreadcrumbList\",\"@id\":\"https:\/\/soledaddurazo.com\/blog\/2025\/08\/27\/si-se-cambiara-la-tuberia-tendriamos-agua-para-dos-decadas-mas-pero-la-gente-no-lo-permitiria-jose-luis-jardines\/#breadcrumb\",\"itemListElement\":[{\"@type\":\"ListItem\",\"position\":1,\"name\":\"Home\",\"item\":\"https:\/\/soledaddurazo.com\/\"},{\"@type\":\"ListItem\",\"position\":2,\"name\":\"&#8220;Si se cambiara la tuber\\u00eda tendr\\u00edamos agua para dos d\\u00e9cadas m\\u00e1s&#8230; pero la gente no lo permitir\\u00eda&#8221;: Jos\\u00e9 Luis Jardines\"}]},{\"@type\":\"Article\",\"@id\":\"https:\/\/soledaddurazo.com\/blog\/2025\/08\/27\/si-se-cambiara-la-tuberia-tendriamos-agua-para-dos-decadas-mas-pero-la-gente-no-lo-permitiria-jose-luis-jardines\/#article\",\"isPartOf\":{\"@id\":\"https:\/\/soledaddurazo.com\/blog\/2025\/08\/27\/si-se-cambiara-la-tuberia-tendriamos-agua-para-dos-decadas-mas-pero-la-gente-no-lo-permitiria-jose-luis-jardines\/#webpage\"},\"author\":{\"@id\":\"https:\/\/soledaddurazo.com\/#\/schema\/person\/822d8e13aa288585e6546f179853758b\"},\"headline\":\"&#8220;Si se cambiara la tuber\\u00eda tendr\\u00edamos agua para dos d\\u00e9cadas m\\u00e1s&#8230; pero la gente no lo permitir\\u00eda&#8221;: Jos\\u00e9 Luis Jardines\",\"datePublished\":\"2025-08-27T23:22:16+00:00\",\"dateModified\":\"2025-08-27T23:22:16+00:00\",\"mainEntityOfPage\":{\"@id\":\"https:\/\/soledaddurazo.com\/blog\/2025\/08\/27\/si-se-cambiara-la-tuberia-tendriamos-agua-para-dos-decadas-mas-pero-la-gente-no-lo-permitiria-jose-luis-jardines\/#webpage\"},\"wordCount\":287,\"commentCount\":0,\"publisher\":{\"@id\":\"https:\/\/soledaddurazo.com\/#organization\"},\"image\":{\"@id\":\"https:\/\/soledaddurazo.com\/blog\/2025\/08\/27\/si-se-cambiara-la-tuberia-tendriamos-agua-para-dos-decadas-mas-pero-la-gente-no-lo-permitiria-jose-luis-jardines\/#primaryimage\"},\"thumbnailUrl\":\"https:\/\/soledaddurazo.com\/storage\/2025\/08\/Agua-de-la-manguera.jpeg\",\"articleSection\":[\"Lo digo como es\",\"principal\"],\"inLanguage\":\"es\",\"potentialAction\":[{\"@type\":\"CommentAction\",\"name\":\"Comment\",\"target\":[\"https:\/\/soledaddurazo.com\/blog\/2025\/08\/27\/si-se-cambiara-la-tuberia-tendriamos-agua-para-dos-decadas-mas-pero-la-gente-no-lo-permitiria-jose-luis-jardines\/#respond\"]}]},{\"@type\":\"Person\",\"@id\":\"https:\/\/soledaddurazo.com\/#\/schema\/person\/822d8e13aa288585e6546f179853758b\",\"name\":\"Redacci\\u00f3n\",\"image\":{\"@type\":\"ImageObject\",\"@id\":\"https:\/\/soledaddurazo.com\/#personlogo\",\"inLanguage\":\"es\",\"url\":\"https:\/\/secure.gravatar.com\/avatar\/c4e193752f756fd61f04deebed3a3a20dc188d37edb53682d313ac57f2725d54?s=96&d=mm&r=g\",\"contentUrl\":\"https:\/\/secure.gravatar.com\/avatar\/c4e193752f756fd61f04deebed3a3a20dc188d37edb53682d313ac57f2725d54?s=96&d=mm&r=g\",\"caption\":\"Redacci\\u00f3n\"},\"sameAs\":[\"https:\/\/soledaddurazo.com\"]}]}<\/script>\n ","yoast_head_json":{"title":"\"Si se cambiara la tuber\u00eda tendr\u00edamos agua para dos d\u00e9cadas m\u00e1s... pero la gente no lo permitir\u00eda\": Jos\u00e9 Luis Jardines - Periodista SoledadDurazo.com","robots":{"index":"index","follow":"follow","max-snippet":"max-snippet:-1","max-image-preview":"max-image-preview:large","max-video-preview":"max-video-preview:-1"},"canonical":"https:\/\/soledaddurazo.com\/blog\/2025\/08\/27\/si-se-cambiara-la-tuberia-tendriamos-agua-para-dos-decadas-mas-pero-la-gente-no-lo-permitiria-jose-luis-jardines\/","og_locale":"es_MX","og_type":"article","og_title":"\"Si se cambiara la tuber\u00eda tendr\u00edamos agua para dos d\u00e9cadas m\u00e1s... pero la gente no lo permitir\u00eda\": Jos\u00e9 Luis Jardines","og_description":"El exdirector de Agua de Hermosillo, expone retos y soluciones para el abasto de agua en la ciudad El 55% del agua se tira en fugas En entrevista con la periodista Soledad Durazo, el ingeniero Jos\u00e9 Luis Jardines, exdirector de Agua de Hermosillo, comparti\u00f3 su visi\u00f3n sobre los principales retos que enfrenta la capital sonorense [&hellip;]","og_url":"https:\/\/soledaddurazo.com\/blog\/2025\/08\/27\/si-se-cambiara-la-tuberia-tendriamos-agua-para-dos-decadas-mas-pero-la-gente-no-lo-permitiria-jose-luis-jardines\/","og_site_name":"Periodista SoledadDurazo.com","article_publisher":"https:\/\/www.facebook.com\/soledad.durazo.9\/","article_published_time":"2025-08-27T23:22:16+00:00","og_image":[{"width":768,"height":479,"url":"https:\/\/soledaddurazo.com\/storage\/2025\/08\/Agua-de-la-manguera.jpeg","type":"image\/jpeg"}],"twitter_card":"summary_large_image","twitter_creator":"@SoledadDurazo","twitter_site":"@SoledadDurazo","twitter_misc":{"Escrito por":"Redacci\u00f3n","Tiempo de lectura":"2 minutos"},"schema":{"@context":"https:\/\/schema.org","@graph":[{"@type":"Organization","@id":"https:\/\/soledaddurazo.com\/#organization","name":"Soledad Durazo","url":"https:\/\/soledaddurazo.com\/","sameAs":["https:\/\/www.facebook.com\/soledad.durazo.9\/","https:\/\/www.instagram.com\/soledaddurazo","https:\/\/www.youtube.com\/channel\/UC9yGPw8-Vbl_B2XNkRwPS-w","https:\/\/twitter.com\/SoledadDurazo"],"logo":{"@type":"ImageObject","@id":"https:\/\/soledaddurazo.com\/#logo","inLanguage":"es","url":"https:\/\/soledaddurazo.com\/storage\/2021\/11\/nllp-720x375-1-2.png","contentUrl":"https:\/\/soledaddurazo.com\/storage\/2021\/11\/nllp-720x375-1-2.png","width":720,"height":375,"caption":"Soledad Durazo"},"image":{"@id":"https:\/\/soledaddurazo.com\/#logo"}},{"@type":"WebSite","@id":"https:\/\/soledaddurazo.com\/#website","url":"https:\/\/soledaddurazo.com\/","name":"Periodista SoledadDurazo.com","description":"Periodista sonorense. Directora de www.SoledadDurazo.com Columnista, conductora de radio y Tv. Catedr\u00e1tica en la UNISON","publisher":{"@id":"https:\/\/soledaddurazo.com\/#organization"},"potentialAction":[{"@type":"SearchAction","target":{"@type":"EntryPoint","urlTemplate":"https:\/\/soledaddurazo.com\/?s={search_term_string}"},"query-input":"required name=search_term_string"}],"inLanguage":"es"},{"@type":"ImageObject","@id":"https:\/\/soledaddurazo.com\/blog\/2025\/08\/27\/si-se-cambiara-la-tuberia-tendriamos-agua-para-dos-decadas-mas-pero-la-gente-no-lo-permitiria-jose-luis-jardines\/#primaryimage","inLanguage":"es","url":"https:\/\/soledaddurazo.com\/storage\/2025\/08\/Agua-de-la-manguera.jpeg","contentUrl":"https:\/\/soledaddurazo.com\/storage\/2025\/08\/Agua-de-la-manguera.jpeg","width":768,"height":479},{"@type":"WebPage","@id":"https:\/\/soledaddurazo.com\/blog\/2025\/08\/27\/si-se-cambiara-la-tuberia-tendriamos-agua-para-dos-decadas-mas-pero-la-gente-no-lo-permitiria-jose-luis-jardines\/#webpage","url":"https:\/\/soledaddurazo.com\/blog\/2025\/08\/27\/si-se-cambiara-la-tuberia-tendriamos-agua-para-dos-decadas-mas-pero-la-gente-no-lo-permitiria-jose-luis-jardines\/","name":"\"Si se cambiara la tuber\u00eda tendr\u00edamos agua para dos d\u00e9cadas m\u00e1s... pero la gente no lo permitir\u00eda\": Jos\u00e9 Luis Jardines - Periodista SoledadDurazo.com","isPartOf":{"@id":"https:\/\/soledaddurazo.com\/#website"},"primaryImageOfPage":{"@id":"https:\/\/soledaddurazo.com\/blog\/2025\/08\/27\/si-se-cambiara-la-tuberia-tendriamos-agua-para-dos-decadas-mas-pero-la-gente-no-lo-permitiria-jose-luis-jardines\/#primaryimage"},"datePublished":"2025-08-27T23:22:16+00:00","dateModified":"2025-08-27T23:22:16+00:00","breadcrumb":{"@id":"https:\/\/soledaddurazo.com\/blog\/2025\/08\/27\/si-se-cambiara-la-tuberia-tendriamos-agua-para-dos-decadas-mas-pero-la-gente-no-lo-permitiria-jose-luis-jardines\/#breadcrumb"},"inLanguage":"es","potentialAction":[{"@type":"ReadAction","target":["https:\/\/soledaddurazo.com\/blog\/2025\/08\/27\/si-se-cambiara-la-tuberia-tendriamos-agua-para-dos-decadas-mas-pero-la-gente-no-lo-permitiria-jose-luis-jardines\/"]}]},{"@type":"BreadcrumbList","@id":"https:\/\/soledaddurazo.com\/blog\/2025\/08\/27\/si-se-cambiara-la-tuberia-tendriamos-agua-para-dos-decadas-mas-pero-la-gente-no-lo-permitiria-jose-luis-jardines\/#breadcrumb","itemListElement":[{"@type":"ListItem","position":1,"name":"Home","item":"https:\/\/soledaddurazo.com\/"},{"@type":"ListItem","position":2,"name":"&#8220;Si se cambiara la tuber\u00eda tendr\u00edamos agua para dos d\u00e9cadas m\u00e1s&#8230; pero la gente no lo permitir\u00eda&#8221;: Jos\u00e9 Luis Jardines"}]},{"@type":"Article","@id":"https:\/\/soledaddurazo.com\/blog\/2025\/08\/27\/si-se-cambiara-la-tuberia-tendriamos-agua-para-dos-decadas-mas-pero-la-gente-no-lo-permitiria-jose-luis-jardines\/#article","isPartOf":{"@id":"https:\/\/soledaddurazo.com\/blog\/2025\/08\/27\/si-se-cambiara-la-tuberia-tendriamos-agua-para-dos-decadas-mas-pero-la-gente-no-lo-permitiria-jose-luis-jardines\/#webpage"},"author":{"@id":"https:\/\/soledaddurazo.com\/#\/schema\/person\/822d8e13aa288585e6546f179853758b"},"headline":"&#8220;Si se cambiara la tuber\u00eda tendr\u00edamos agua para dos d\u00e9cadas m\u00e1s&#8230; pero la gente no lo permitir\u00eda&#8221;: Jos\u00e9 Luis Jardines","datePublished":"2025-08-27T23:22:16+00:00","dateModified":"2025-08-27T23:22:16+00:00","mainEntityOfPage":{"@id":"https:\/\/soledaddurazo.com\/blog\/2025\/08\/27\/si-se-cambiara-la-tuberia-tendriamos-agua-para-dos-decadas-mas-pero-la-gente-no-lo-permitiria-jose-luis-jardines\/#webpage"},"wordCount":287,"commentCount":0,"publisher":{"@id":"https:\/\/soledaddurazo.com\/#organization"},"image":{"@id":"https:\/\/soledaddurazo.com\/blog\/2025\/08\/27\/si-se-cambiara-la-tuberia-tendriamos-agua-para-dos-decadas-mas-pero-la-gente-no-lo-permitiria-jose-luis-jardines\/#primaryimage"},"thumbnailUrl":"https:\/\/soledaddurazo.com\/storage\/2025\/08\/Agua-de-la-manguera.jpeg","articleSection":["Lo digo como es","principal"],"inLanguage":"es","potentialAction":[{"@type":"CommentAction","name":"Comment","target":["https:\/\/soledaddurazo.com\/blog\/2025\/08\/27\/si-se-cambiara-la-tuberia-tendriamos-agua-para-dos-decadas-mas-pero-la-gente-no-lo-permitiria-jose-luis-jardines\/#respond"]}]},{"@type":"Person","@id":"https:\/\/soledaddurazo.com\/#\/schema\/person\/822d8e13aa288585e6546f179853758b","name":"Redacci\u00f3n","image":{"@type":"ImageObject","@id":"https:\/\/soledaddurazo.com\/#personlogo","inLanguage":"es","url":"https:\/\/secure.gravatar.com\/avatar\/c4e193752f756fd61f04deebed3a3a20dc188d37edb53682d313ac57f2725d54?s=96&d=mm&r=g","contentUrl":"https:\/\/secure.gravatar.com\/avatar\/c4e193752f756fd61f04deebed3a3a20dc188d37edb53682d313ac57f2725d54?s=96&d=mm&r=g","caption":"Redacci\u00f3n"},"sameAs":["https:\/\/soledaddurazo.com"]}]}},"_links":{"self":[{"href":"https:\/\/soledaddurazo.com\/api\/wp\/v2\/posts\/23274","targetHints":{"allow":["GET"]}}],"collection":[{"href":"https:\/\/soledaddurazo.com\/api\/wp\/v2\/posts"}],"about":[{"href":"https:\/\/soledaddurazo.com\/api\/wp\/v2\/types\/post"}],"author":[{"embeddable":true,"href":"https:\/\/soledaddurazo.com\/api\/wp\/v2\/users\/1"}],"replies":[{"embeddable":true,"href":"https:\/\/soledaddurazo.com\/api\/wp\/v2\/comments?post=23274"}],"version-history":[{"count":1,"href":"https:\/\/soledaddurazo.com\/api\/wp\/v2\/posts\/23274\/revisions"}],"predecessor-version":[{"id":23276,"href":"https:\/\/soledaddurazo.com\/api\/wp\/v2\/posts\/23274\/revisions\/23276"}],"wp:featuredmedia":[{"embeddable":true,"href":"https:\/\/soledaddurazo.com\/api\/wp\/v2\/media\/23275"}],"wp:attachment":[{"href":"https:\/\/soledaddurazo.com\/api\/wp\/v2\/media?parent=23274"}],"wp:term":[{"taxonomy":"category","embeddable":true,"href":"https:\/\/soledaddurazo.com\/api\/wp\/v2\/categories?post=23274"},{"taxonomy":"post_tag","embeddable":true,"href":"https:\/\/soledaddurazo.com\/api\/wp\/v2\/tags?post=23274"}],"curies":[{"name":"wp","href":"https:\/\/api.w.org\/{rel}","templated":true}]}}