{"id":23270,"date":"2025-08-27T09:40:31","date_gmt":"2025-08-27T16:40:31","guid":{"rendered":"https:\/\/soledaddurazo.com\/?p=23270"},"modified":"2025-08-27T09:40:31","modified_gmt":"2025-08-27T16:40:31","slug":"agua-prieta-la-frontera-mas-segura-de-sonora-y-el-pais-chemel-quijada","status":"publish","type":"post","link":"https:\/\/soledaddurazo.com\/blog\/2025\/08\/27\/agua-prieta-la-frontera-mas-segura-de-sonora-y-el-pais-chemel-quijada\/","title":{"rendered":"\u201cAgua Prieta la frontera m\u00e1s segura de Sonora y el pa\u00eds\u201d: \u201cChemel\u201d Quijada"},"content":{"rendered":"<p>&nbsp;<\/p>\n<ul>\n<li>Se\u00f1ales de la sucesi\u00f3n<\/li>\n<li>Jorge Alberto El\u00edas atiende emergencia en comunidades rurales<\/li>\n<li>Ram\u00f3n Flores demuestra saber hacer pol\u00edtica<\/li>\n<\/ul>\n<p><a href=\"https:\/\/soledaddurazo.com\/storage\/2025\/08\/c854ac0f-3444-4725-a7a9-73171104fee6.jpeg\"><img loading=\"lazy\" decoding=\"async\" class=\"aligncenter size-full wp-image-23271\" src=\"https:\/\/soledaddurazo.com\/storage\/2025\/08\/c854ac0f-3444-4725-a7a9-73171104fee6.jpeg\" alt=\"\" width=\"1600\" height=\"900\" srcset=\"https:\/\/soledaddurazo.com\/storage\/2025\/08\/c854ac0f-3444-4725-a7a9-73171104fee6.jpeg 1600w, https:\/\/soledaddurazo.com\/storage\/2025\/08\/c854ac0f-3444-4725-a7a9-73171104fee6-300x169.jpeg 300w, https:\/\/soledaddurazo.com\/storage\/2025\/08\/c854ac0f-3444-4725-a7a9-73171104fee6-1024x576.jpeg 1024w, https:\/\/soledaddurazo.com\/storage\/2025\/08\/c854ac0f-3444-4725-a7a9-73171104fee6-768x432.jpeg 768w, https:\/\/soledaddurazo.com\/storage\/2025\/08\/c854ac0f-3444-4725-a7a9-73171104fee6-1536x864.jpeg 1536w, https:\/\/soledaddurazo.com\/storage\/2025\/08\/c854ac0f-3444-4725-a7a9-73171104fee6-600x338.jpeg 600w, https:\/\/soledaddurazo.com\/storage\/2025\/08\/c854ac0f-3444-4725-a7a9-73171104fee6-750x422.jpeg 750w, https:\/\/soledaddurazo.com\/storage\/2025\/08\/c854ac0f-3444-4725-a7a9-73171104fee6-1140x641.jpeg 1140w\" sizes=\"auto, (max-width: 1600px) 100vw, 1600px\" \/><\/a><\/p>\n<p>Sin hacer alarde, pero con motivos suficientes para estar satisfecho, el Contador P\u00fablico Jos\u00e9 Manuel Quijada Lamadrid, Presidente Municipal de Agua Prieta, asegur\u00f3 la ma\u00f1ana de ayer en la reuni\u00f3n semanal del Colectivo de Reporteros Sonorenses A.C., que encabeza el gobierno de la frontera m\u00e1s segura del estado y del pa\u00eds.<\/p>\n<p>Tambi\u00e9n conocido como \u201cChemel\u201d, el mun\u00edcipe expres\u00f3 que la paz y tranquilidad que se respira en Agua Prieta, junto a los programas de obra y desarrollo dise\u00f1ados por el municipio en una estrecha coordinaci\u00f3n con los \u00f3rdenes superiores gobierno, propician condiciones para detonar el crecimiento y reforzar la vocaci\u00f3n productiva de esa demarcaci\u00f3n.<\/p>\n<p>Hay un completo paquete de obras muy importantes, como la construcci\u00f3n de un nuevo puerto fronterizo que agilizar\u00e1 la movilidad de mercanc\u00edas, que dar\u00e1 un nuevo dinamismo a la econom\u00eda regional; se comenzar\u00e1 la construcci\u00f3n de una nueva vialidad para conectar Agua Prieta con la colonia ferrocarrilera; la Secretar\u00eda de Infraestructura Comunicaciones y transportes, \u00a0reactivar\u00e1 la construcci\u00f3n de puentes detenida desde hace cuatro a\u00f1os por un conflicto ejidal, ya resuelto; se tiene proyectada la construcci\u00f3n de un rastro TIF, para procesar carne de res y darle valor agregado a la producci\u00f3n ganadera, cuya exportaci\u00f3n en pie, est\u00e1 suspendida por autoridades sanitarias de Estados Unidos.<\/p>\n<p>Esta misma semana arranca la construcci\u00f3n de viviendas de inter\u00e9s social del Programa Vivienda del Bienestar, ser\u00e1n mil 500, a cargo de la CONAVI y 500 a cargo del INFONAVIT; se espera que a finales de a\u00f1o comience a operar la nueva policl\u00ednica del ISSSTESON, que ser\u00e1 realidad gracias a un convenio firmado con la Secci\u00f3n 54 del SNTE para ofrecer servicio m\u00e9dico en 7 especialidades.<\/p>\n<p>Quijada Lamadrid destac\u00f3 que la empresa que fabrica cachuchas, genera mil empleos directos y en primicia, revel\u00f3 que para el pr\u00f3ximo mes de octubre, iniciar\u00e1 la construcci\u00f3n de 20 naves industriales a cargo de la compa\u00f1\u00eda Green Nova, dedicada a la operaci\u00f3n de centros de datos y a la manufactura de autopartes para maquinaria pesada, con una inversi\u00f3n de 150 millones de d\u00f3lares.<\/p>\n<p>\u201cChemel\u201d Quijada se\u00f1al\u00f3 que las problem\u00e1ticas en cada municipio son distintas y no hay una formula universal para resolverlas y, por aquello de no te entumas, debido a las recientes pol\u00e9micas protagonizadas por dos de sus hom\u00f3logos cuyas visas fueron confiscadas por autoridades norteamericanas, subray\u00f3 que su trayectoria es muy transparente, que tiene la conciencia tranquila y las manos limpias, que sin temor, cruza constantemente la frontera hacia Estados Unidos.<\/p>\n<p>Para concluir, destac\u00f3 la buena voluntad de los habitantes de Agua Prieta por mejorar su comunidad, en los constantes recorridos que realiza por colonias y barrios, ha constatado la solidaridad de la gente, que expresa los problemas, pero es la misma gente la que proporciona soluciones.<\/p>\n<p>Percib\u00ed en Jos\u00e9 Manuel Quijada Lamadrid seriedad y profesionalismo, no dudo que a la ciudad de Agua Prieta le depare un futuro cercano de muy buenas noticias.<\/p>\n<p><strong>SE\u00d1ALES DE LA SUCESI\u00d3N <\/strong><\/p>\n<p>En el despacho anterior, afirm\u00e9 que a las alturas de la actual administraci\u00f3n que encabeza el Gobernador Alfonso Durazo, es tiempo de que se intensifiquen las se\u00f1ales o manifestaciones de esa bonita costumbre de nuestro sistema pol\u00edtico, que se presenta al acercarse el final de cada periodo de gobierno, mejor conocida como \u201cel destape\u201d.<\/p>\n<p>Prueba de que el proceso sucesorio rumbo al 2027 ya est\u00e1 en marcha, fue lo ocurrido ayer, durante el evento de entrega de 63 unidades para Cajeme, Guaymas, Hermosillo, Nogales, Agua Prieta, \u00c1lamos y municipios de la zona serrana, que vendr\u00e1n a mejorar la calidad del sistema de transporte p\u00fablico, evento que fue presidido por el Gobernador Alfonso Durazo.<\/p>\n<p>No pas\u00f3 desapercibida la distinci\u00f3n que le corri\u00f3 el Gobernador Alfonso Durazo al Presidente Municipal de Cajeme, Javier Lamarque Cano, que fue el \u00fanico en subir al pres\u00eddium, incluyendo el intercambio de adjetivos calificativos positivos entre ambas autoridades a la hora de hacer uso de la voz. \u00a1Hombre, aquello fue pura dulzura!<\/p>\n<p>Pero como en pol\u00edtica, todo es a interpretaci\u00f3n, sin duda que esta se\u00f1al fue la comidilla del d\u00eda entre los colegas de la fuente y los que dicen conocer el manejo del negocio del abarrote.<\/p>\n<p>El saldo que arroj\u00f3 la jornada de ayer es que el Gobernador mostr\u00f3 la primera se\u00f1al que apunta hacia Javier Lamarque, que parece ser afortunado en la pol\u00edtica, pero desafortunado en el ejercicio de gobierno, por la crisis de inseguridad por la que transita Cajeme, que lo tiene al borde de 50 homicidios dolosos en este mes de agosto, una sequ\u00eda que golpea inclemente la econom\u00eda de esa regi\u00f3n y hasta el secuestro del sistema de c\u00f3mputo del Ayuntamiento, por el que piratas cibern\u00e9ticos exigen millonario rescate. De percepciones, ya mejor ni comentamos.<\/p>\n<p><strong>JORGE ALBERTO EL\u00cdAS ATIENDE EMERGENCIA EN COMUNIDADES RURALES <\/strong><\/p>\n<p>Siempre la lluvia es considerada una bendici\u00f3n, sobre todo en esta bendita tierra que atraviesa todav\u00eda por una sequ\u00eda de la que ning\u00fan municipio del estado se ha librado.<\/p>\n<p>El Valle del Mayo ha registrado importantes lluvias en esta temporada, motivo de alegr\u00eda para los hombres del campo y para los que no son del campo tambi\u00e9n.<\/p>\n<p>Pero nunca existe la felicidad completa, este fin de semana se present\u00f3 una precipitaci\u00f3n extraordinaria de 80 mil\u00edmetros.<\/p>\n<p>Por la cantidad de agua que cay\u00f3 en relativamente muy poco tiempo, el agua alcanz\u00f3 hasta medio metro en algunas zonas de Navojoa, inundando las localidades rurales de Los Buayums, Chirajobampo, parte de Masiaca y gran parte de los pueblos de Bacabachi.<\/p>\n<p>El Presidente Municipal de Navojoa, Jorge Alberto El\u00edas, orden\u00f3 aplicar los protocolos de seguridad de las dependencias del Ayuntamiento, para brindar auxilio a los habitantes de esas localidades, llevando atenci\u00f3n m\u00e9dica, despensas, agua potable, material de limpieza, colchonetas y maquinaria para habilitar las zonas inundadas.<\/p>\n<p>Afortunadamente la respuesta de auxilio del Ayuntamiento de Navojoa fue pronta y estas inundaciones no dejaron desgracias personales qu\u00e9 lamentar, funcionaron los protocolos.<\/p>\n<p><strong>RAM\u00d3N FLORES DEMUESTRA SABER HACER POL\u00cdTICA<\/strong><\/p>\n<p>No falta quien le tire mala onda, tampoco no falta quien le augure un escenario pol\u00edtico catastr\u00f3fico, pero no hay que negar que el Comisionado Nacional en Sonora del Partido del Trabajo y Diputado Federal, Ram\u00f3n Flores, hace pol\u00edtica y la sabe hacer bien.<\/p>\n<p>El Partido del Trabajo a nivel nacional ha venido jugando el papel de \u201cRBD de la 4T\u201d por situaciones ocurridas en el reciente proceso electoral local en Veracruz y Coahuila en la que no fueron coaligados con Morena y enfrentaron el proceso solos, con muy buenos resultados, por cierto.<\/p>\n<p>Pero como en cada entidad la situaci\u00f3n es distinta y se aborda desde esa diferencia, todos aquellos que le tiran mala onda a la principal firma del PT en Sonora, debieron haberse restregado de coraje, al circular la fotograf\u00eda del Gobernador Alfonso Durazo, flanqueado por el dirigente nacional del PT, Alberto Anaya por un lado y Ram\u00f3n Flores por el otro.<\/p>\n<p>La reuni\u00f3n fue en la CDMX la semana pasada y deja el mensaje claro, el PT y Morena, van juntos en Sonora, en unidad con el Gobernador Alfonso Durazo.<\/p>\n<p>Ram\u00f3n Flores sigue demostrando que sabe hacer pol\u00edtica y que tambi\u00e9n sabe hacer enojar a sus detractores.<\/p>\n<p><strong>RETAZOS INTERESANTES<\/strong><\/p>\n<p>1.- Ismael \u201cEl Mayo Zambada\u201d Zambada, uno de los l\u00edderes de la organizaci\u00f3n criminal m\u00e1s grande del mundo, en un acuerdo alcanzado con la justicia norteamericana, se declar\u00f3 culpable de dos cargos por los que fue acusado en una Corte de la Ciudad de Brooklyn, Nueva York. Pagar\u00e1 una multa de 15 mil millones de d\u00f3lares con los activos de la organizaci\u00f3n y le espera una sentencia de cadena perpetua. Con esa cantidad de dinero que pagar\u00e1, al apellido Zambada se unir\u00e1 a la selecta lista de supermillonarios millonarios en nuestro pa\u00eds, code\u00e1ndose con apellidos como Slim; Larrea; Aramburuzabala; Baill\u00e8res, entre otros. \u00a1Cosas de la vida!<\/p>\n<p>2.- La organizaci\u00f3n no gubernamental Art\u00edculo 19, pro defensa de la libertad de expresi\u00f3n y periodistas, alerta que el derecho a la informaci\u00f3n y la libertad de expresi\u00f3n, se encuentran en grave riesgo, no solo por las agresiones f\u00edsicas o amenazas en contra de periodistas o medios de comunicaci\u00f3n, ahora es el acoso judicial el instrumento mediante el cual se intenta censurar, se\u00f1ala un informe de la organizaci\u00f3n. Las presiones internacionales sobre el tema van en aumento y creo que este tema deber\u00e1 de llegar a discutirse en el C\u00e1mara de Diputados para realizar las reformas correspondientes.<\/p>\n<p>Los invito a escuchar los viernes la mesa de an\u00e1lisis de SONORA EN RED NOTICIAS, ejercicio de opini\u00f3n que realizo en compa\u00f1\u00eda de mis amigos Arturo Chapo Soto, Arturo Ballesteros y Octaviano Rojas, por el 93.3 del cuadrante de F.M. desde Guaymas para todo el sur de Sonora, y por la se\u00f1al del canal 14 de Estrella Tucson TV, en el sur de Arizona.<\/p>\n<p>Y en Radio Sol 104.7 F.M. LENGUAS VESPERTINAS, de lunes a viernes a las 17:00 horas, le vamos a ofrecer una peque\u00f1a dosis de grilla.<\/p>\n<p>Podemos interactuar a trav\u00e9s de mi cuenta de Twitter @feroropeza20 o en mi correo electr\u00f3nico <a href=\"mailto:luiso@hmo.megared.net.mx\">luiso@hmo.megared.net.mx<\/a><\/p>\n<p>&nbsp;<\/p>\n<p>&nbsp;<\/p>\n<p>&nbsp;<\/p>\n<p>&nbsp;<\/p>\n","protected":false},"excerpt":{"rendered":"<p>&nbsp; Se\u00f1ales de la sucesi\u00f3n Jorge Alberto El\u00edas atiende emergencia en comunidades rurales Ram\u00f3n Flores demuestra saber hacer pol\u00edtica Sin hacer alarde, pero con motivos suficientes para estar satisfecho, el Contador P\u00fablico Jos\u00e9 Manuel Quijada Lamadrid, Presidente Municipal de Agua Prieta, asegur\u00f3 la ma\u00f1ana de ayer en la reuni\u00f3n semanal del Colectivo de Reporteros Sonorenses [&hellip;]<\/p>\n","protected":false},"author":1,"featured_media":23272,"comment_status":"open","ping_status":"open","sticky":false,"template":"","format":"standard","meta":{"footnotes":""},"categories":[173],"tags":[],"class_list":["post"],"yoast_head":" \n<title>\u201cAgua Prieta la frontera m\u00e1s segura de Sonora y el pa\u00eds\u201d: \u201cChemel\u201d Quijada - Periodista SoledadDurazo.com<\/title>\n<meta name=\"robots\" content=\"index, follow, max-snippet:-1, max-image-preview:large, max-video-preview:-1\" \/>\n<link rel=\"canonical\" href=\"https:\/\/soledaddurazo.com\/blog\/2025\/08\/27\/agua-prieta-la-frontera-mas-segura-de-sonora-y-el-pais-chemel-quijada\/\" \/>\n<meta property=\"og:locale\" content=\"es_MX\" \/>\n<meta property=\"og:type\" content=\"article\" \/>\n<meta property=\"og:title\" content=\"\u201cAgua Prieta la frontera m\u00e1s segura de Sonora y el pa\u00eds\u201d: \u201cChemel\u201d Quijada\" \/>\n<meta property=\"og:description\" content=\"&nbsp; Se\u00f1ales de la sucesi\u00f3n Jorge Alberto El\u00edas atiende emergencia en comunidades rurales Ram\u00f3n Flores demuestra saber hacer pol\u00edtica Sin hacer alarde, pero con motivos suficientes para estar satisfecho, el Contador P\u00fablico Jos\u00e9 Manuel Quijada Lamadrid, Presidente Municipal de Agua Prieta, asegur\u00f3 la ma\u00f1ana de ayer en la reuni\u00f3n semanal del Colectivo de Reporteros Sonorenses [&hellip;]\" \/>\n<meta property=\"og:url\" content=\"https:\/\/soledaddurazo.com\/blog\/2025\/08\/27\/agua-prieta-la-frontera-mas-segura-de-sonora-y-el-pais-chemel-quijada\/\" \/>\n<meta property=\"og:site_name\" content=\"Periodista SoledadDurazo.com\" \/>\n<meta property=\"article:publisher\" content=\"https:\/\/www.facebook.com\/soledad.durazo.9\/\" \/>\n<meta property=\"article:published_time\" content=\"2025-08-27T16:40:31+00:00\" \/>\n<meta property=\"og:image\" content=\"https:\/\/soledaddurazo.com\/storage\/2025\/08\/9a-GRAFICO-FERNANDO-OROPEZA.jpeg\" \/>\n\t<meta property=\"og:image:width\" content=\"1092\" \/>\n\t<meta property=\"og:image:height\" content=\"983\" \/>\n<meta name=\"twitter:card\" content=\"summary_large_image\" \/>\n<meta name=\"twitter:creator\" content=\"@SoledadDurazo\" \/>\n<meta name=\"twitter:site\" content=\"@SoledadDurazo\" \/>\n<meta name=\"twitter:label1\" content=\"Escrito por\" \/>\n\t<meta name=\"twitter:data1\" content=\"Redacci\u00f3n\" \/>\n\t<meta name=\"twitter:label2\" content=\"Tiempo de lectura\" \/>\n\t<meta name=\"twitter:data2\" content=\"7 minutos\" \/>\n<script type=\"application\/ld+json\" class=\"yoast-schema-graph\">{\"@context\":\"https:\/\/schema.org\",\"@graph\":[{\"@type\":\"Organization\",\"@id\":\"https:\/\/soledaddurazo.com\/#organization\",\"name\":\"Soledad Durazo\",\"url\":\"https:\/\/soledaddurazo.com\/\",\"sameAs\":[\"https:\/\/www.facebook.com\/soledad.durazo.9\/\",\"https:\/\/www.instagram.com\/soledaddurazo\",\"https:\/\/www.youtube.com\/channel\/UC9yGPw8-Vbl_B2XNkRwPS-w\",\"https:\/\/twitter.com\/SoledadDurazo\"],\"logo\":{\"@type\":\"ImageObject\",\"@id\":\"https:\/\/soledaddurazo.com\/#logo\",\"inLanguage\":\"es\",\"url\":\"https:\/\/soledaddurazo.com\/storage\/2021\/11\/nllp-720x375-1-2.png\",\"contentUrl\":\"https:\/\/soledaddurazo.com\/storage\/2021\/11\/nllp-720x375-1-2.png\",\"width\":720,\"height\":375,\"caption\":\"Soledad Durazo\"},\"image\":{\"@id\":\"https:\/\/soledaddurazo.com\/#logo\"}},{\"@type\":\"WebSite\",\"@id\":\"https:\/\/soledaddurazo.com\/#website\",\"url\":\"https:\/\/soledaddurazo.com\/\",\"name\":\"Periodista SoledadDurazo.com\",\"description\":\"Periodista sonorense. Directora de www.SoledadDurazo.com Columnista, conductora de radio y Tv. Catedr\\u00e1tica en la UNISON\",\"publisher\":{\"@id\":\"https:\/\/soledaddurazo.com\/#organization\"},\"potentialAction\":[{\"@type\":\"SearchAction\",\"target\":{\"@type\":\"EntryPoint\",\"urlTemplate\":\"https:\/\/soledaddurazo.com\/?s={search_term_string}\"},\"query-input\":\"required name=search_term_string\"}],\"inLanguage\":\"es\"},{\"@type\":\"ImageObject\",\"@id\":\"https:\/\/soledaddurazo.com\/blog\/2025\/08\/27\/agua-prieta-la-frontera-mas-segura-de-sonora-y-el-pais-chemel-quijada\/#primaryimage\",\"inLanguage\":\"es\",\"url\":\"https:\/\/soledaddurazo.com\/storage\/2025\/08\/9a-GRAFICO-FERNANDO-OROPEZA.jpeg\",\"contentUrl\":\"https:\/\/soledaddurazo.com\/storage\/2025\/08\/9a-GRAFICO-FERNANDO-OROPEZA.jpeg\",\"width\":1092,\"height\":983},{\"@type\":\"WebPage\",\"@id\":\"https:\/\/soledaddurazo.com\/blog\/2025\/08\/27\/agua-prieta-la-frontera-mas-segura-de-sonora-y-el-pais-chemel-quijada\/#webpage\",\"url\":\"https:\/\/soledaddurazo.com\/blog\/2025\/08\/27\/agua-prieta-la-frontera-mas-segura-de-sonora-y-el-pais-chemel-quijada\/\",\"name\":\"\\u201cAgua Prieta la frontera m\\u00e1s segura de Sonora y el pa\\u00eds\\u201d: \\u201cChemel\\u201d Quijada - Periodista SoledadDurazo.com\",\"isPartOf\":{\"@id\":\"https:\/\/soledaddurazo.com\/#website\"},\"primaryImageOfPage\":{\"@id\":\"https:\/\/soledaddurazo.com\/blog\/2025\/08\/27\/agua-prieta-la-frontera-mas-segura-de-sonora-y-el-pais-chemel-quijada\/#primaryimage\"},\"datePublished\":\"2025-08-27T16:40:31+00:00\",\"dateModified\":\"2025-08-27T16:40:31+00:00\",\"breadcrumb\":{\"@id\":\"https:\/\/soledaddurazo.com\/blog\/2025\/08\/27\/agua-prieta-la-frontera-mas-segura-de-sonora-y-el-pais-chemel-quijada\/#breadcrumb\"},\"inLanguage\":\"es\",\"potentialAction\":[{\"@type\":\"ReadAction\",\"target\":[\"https:\/\/soledaddurazo.com\/blog\/2025\/08\/27\/agua-prieta-la-frontera-mas-segura-de-sonora-y-el-pais-chemel-quijada\/\"]}]},{\"@type\":\"BreadcrumbList\",\"@id\":\"https:\/\/soledaddurazo.com\/blog\/2025\/08\/27\/agua-prieta-la-frontera-mas-segura-de-sonora-y-el-pais-chemel-quijada\/#breadcrumb\",\"itemListElement\":[{\"@type\":\"ListItem\",\"position\":1,\"name\":\"Home\",\"item\":\"https:\/\/soledaddurazo.com\/\"},{\"@type\":\"ListItem\",\"position\":2,\"name\":\"\\u201cAgua Prieta la frontera m\\u00e1s segura de Sonora y el pa\\u00eds\\u201d: \\u201cChemel\\u201d Quijada\"}]},{\"@type\":\"Article\",\"@id\":\"https:\/\/soledaddurazo.com\/blog\/2025\/08\/27\/agua-prieta-la-frontera-mas-segura-de-sonora-y-el-pais-chemel-quijada\/#article\",\"isPartOf\":{\"@id\":\"https:\/\/soledaddurazo.com\/blog\/2025\/08\/27\/agua-prieta-la-frontera-mas-segura-de-sonora-y-el-pais-chemel-quijada\/#webpage\"},\"author\":{\"@id\":\"https:\/\/soledaddurazo.com\/#\/schema\/person\/822d8e13aa288585e6546f179853758b\"},\"headline\":\"\\u201cAgua Prieta la frontera m\\u00e1s segura de Sonora y el pa\\u00eds\\u201d: \\u201cChemel\\u201d Quijada\",\"datePublished\":\"2025-08-27T16:40:31+00:00\",\"dateModified\":\"2025-08-27T16:40:31+00:00\",\"mainEntityOfPage\":{\"@id\":\"https:\/\/soledaddurazo.com\/blog\/2025\/08\/27\/agua-prieta-la-frontera-mas-segura-de-sonora-y-el-pais-chemel-quijada\/#webpage\"},\"wordCount\":1628,\"commentCount\":0,\"publisher\":{\"@id\":\"https:\/\/soledaddurazo.com\/#organization\"},\"image\":{\"@id\":\"https:\/\/soledaddurazo.com\/blog\/2025\/08\/27\/agua-prieta-la-frontera-mas-segura-de-sonora-y-el-pais-chemel-quijada\/#primaryimage\"},\"thumbnailUrl\":\"https:\/\/soledaddurazo.com\/storage\/2025\/08\/9a-GRAFICO-FERNANDO-OROPEZA.jpeg\",\"articleSection\":[\"Fernando Oropeza\"],\"inLanguage\":\"es\",\"potentialAction\":[{\"@type\":\"CommentAction\",\"name\":\"Comment\",\"target\":[\"https:\/\/soledaddurazo.com\/blog\/2025\/08\/27\/agua-prieta-la-frontera-mas-segura-de-sonora-y-el-pais-chemel-quijada\/#respond\"]}]},{\"@type\":\"Person\",\"@id\":\"https:\/\/soledaddurazo.com\/#\/schema\/person\/822d8e13aa288585e6546f179853758b\",\"name\":\"Redacci\\u00f3n\",\"image\":{\"@type\":\"ImageObject\",\"@id\":\"https:\/\/soledaddurazo.com\/#personlogo\",\"inLanguage\":\"es\",\"url\":\"https:\/\/secure.gravatar.com\/avatar\/c4e193752f756fd61f04deebed3a3a20dc188d37edb53682d313ac57f2725d54?s=96&d=mm&r=g\",\"contentUrl\":\"https:\/\/secure.gravatar.com\/avatar\/c4e193752f756fd61f04deebed3a3a20dc188d37edb53682d313ac57f2725d54?s=96&d=mm&r=g\",\"caption\":\"Redacci\\u00f3n\"},\"sameAs\":[\"https:\/\/soledaddurazo.com\"]}]}<\/script>\n ","yoast_head_json":{"title":"\u201cAgua Prieta la frontera m\u00e1s segura de Sonora y el pa\u00eds\u201d: \u201cChemel\u201d Quijada - Periodista SoledadDurazo.com","robots":{"index":"index","follow":"follow","max-snippet":"max-snippet:-1","max-image-preview":"max-image-preview:large","max-video-preview":"max-video-preview:-1"},"canonical":"https:\/\/soledaddurazo.com\/blog\/2025\/08\/27\/agua-prieta-la-frontera-mas-segura-de-sonora-y-el-pais-chemel-quijada\/","og_locale":"es_MX","og_type":"article","og_title":"\u201cAgua Prieta la frontera m\u00e1s segura de Sonora y el pa\u00eds\u201d: \u201cChemel\u201d Quijada","og_description":"&nbsp; Se\u00f1ales de la sucesi\u00f3n Jorge Alberto El\u00edas atiende emergencia en comunidades rurales Ram\u00f3n Flores demuestra saber hacer pol\u00edtica Sin hacer alarde, pero con motivos suficientes para estar satisfecho, el Contador P\u00fablico Jos\u00e9 Manuel Quijada Lamadrid, Presidente Municipal de Agua Prieta, asegur\u00f3 la ma\u00f1ana de ayer en la reuni\u00f3n semanal del Colectivo de Reporteros Sonorenses [&hellip;]","og_url":"https:\/\/soledaddurazo.com\/blog\/2025\/08\/27\/agua-prieta-la-frontera-mas-segura-de-sonora-y-el-pais-chemel-quijada\/","og_site_name":"Periodista SoledadDurazo.com","article_publisher":"https:\/\/www.facebook.com\/soledad.durazo.9\/","article_published_time":"2025-08-27T16:40:31+00:00","og_image":[{"width":1092,"height":983,"url":"https:\/\/soledaddurazo.com\/storage\/2025\/08\/9a-GRAFICO-FERNANDO-OROPEZA.jpeg","type":"image\/jpeg"}],"twitter_card":"summary_large_image","twitter_creator":"@SoledadDurazo","twitter_site":"@SoledadDurazo","twitter_misc":{"Escrito por":"Redacci\u00f3n","Tiempo de lectura":"7 minutos"},"schema":{"@context":"https:\/\/schema.org","@graph":[{"@type":"Organization","@id":"https:\/\/soledaddurazo.com\/#organization","name":"Soledad Durazo","url":"https:\/\/soledaddurazo.com\/","sameAs":["https:\/\/www.facebook.com\/soledad.durazo.9\/","https:\/\/www.instagram.com\/soledaddurazo","https:\/\/www.youtube.com\/channel\/UC9yGPw8-Vbl_B2XNkRwPS-w","https:\/\/twitter.com\/SoledadDurazo"],"logo":{"@type":"ImageObject","@id":"https:\/\/soledaddurazo.com\/#logo","inLanguage":"es","url":"https:\/\/soledaddurazo.com\/storage\/2021\/11\/nllp-720x375-1-2.png","contentUrl":"https:\/\/soledaddurazo.com\/storage\/2021\/11\/nllp-720x375-1-2.png","width":720,"height":375,"caption":"Soledad Durazo"},"image":{"@id":"https:\/\/soledaddurazo.com\/#logo"}},{"@type":"WebSite","@id":"https:\/\/soledaddurazo.com\/#website","url":"https:\/\/soledaddurazo.com\/","name":"Periodista SoledadDurazo.com","description":"Periodista sonorense. Directora de www.SoledadDurazo.com Columnista, conductora de radio y Tv. Catedr\u00e1tica en la UNISON","publisher":{"@id":"https:\/\/soledaddurazo.com\/#organization"},"potentialAction":[{"@type":"SearchAction","target":{"@type":"EntryPoint","urlTemplate":"https:\/\/soledaddurazo.com\/?s={search_term_string}"},"query-input":"required name=search_term_string"}],"inLanguage":"es"},{"@type":"ImageObject","@id":"https:\/\/soledaddurazo.com\/blog\/2025\/08\/27\/agua-prieta-la-frontera-mas-segura-de-sonora-y-el-pais-chemel-quijada\/#primaryimage","inLanguage":"es","url":"https:\/\/soledaddurazo.com\/storage\/2025\/08\/9a-GRAFICO-FERNANDO-OROPEZA.jpeg","contentUrl":"https:\/\/soledaddurazo.com\/storage\/2025\/08\/9a-GRAFICO-FERNANDO-OROPEZA.jpeg","width":1092,"height":983},{"@type":"WebPage","@id":"https:\/\/soledaddurazo.com\/blog\/2025\/08\/27\/agua-prieta-la-frontera-mas-segura-de-sonora-y-el-pais-chemel-quijada\/#webpage","url":"https:\/\/soledaddurazo.com\/blog\/2025\/08\/27\/agua-prieta-la-frontera-mas-segura-de-sonora-y-el-pais-chemel-quijada\/","name":"\u201cAgua Prieta la frontera m\u00e1s segura de Sonora y el pa\u00eds\u201d: \u201cChemel\u201d Quijada - Periodista SoledadDurazo.com","isPartOf":{"@id":"https:\/\/soledaddurazo.com\/#website"},"primaryImageOfPage":{"@id":"https:\/\/soledaddurazo.com\/blog\/2025\/08\/27\/agua-prieta-la-frontera-mas-segura-de-sonora-y-el-pais-chemel-quijada\/#primaryimage"},"datePublished":"2025-08-27T16:40:31+00:00","dateModified":"2025-08-27T16:40:31+00:00","breadcrumb":{"@id":"https:\/\/soledaddurazo.com\/blog\/2025\/08\/27\/agua-prieta-la-frontera-mas-segura-de-sonora-y-el-pais-chemel-quijada\/#breadcrumb"},"inLanguage":"es","potentialAction":[{"@type":"ReadAction","target":["https:\/\/soledaddurazo.com\/blog\/2025\/08\/27\/agua-prieta-la-frontera-mas-segura-de-sonora-y-el-pais-chemel-quijada\/"]}]},{"@type":"BreadcrumbList","@id":"https:\/\/soledaddurazo.com\/blog\/2025\/08\/27\/agua-prieta-la-frontera-mas-segura-de-sonora-y-el-pais-chemel-quijada\/#breadcrumb","itemListElement":[{"@type":"ListItem","position":1,"name":"Home","item":"https:\/\/soledaddurazo.com\/"},{"@type":"ListItem","position":2,"name":"\u201cAgua Prieta la frontera m\u00e1s segura de Sonora y el pa\u00eds\u201d: \u201cChemel\u201d Quijada"}]},{"@type":"Article","@id":"https:\/\/soledaddurazo.com\/blog\/2025\/08\/27\/agua-prieta-la-frontera-mas-segura-de-sonora-y-el-pais-chemel-quijada\/#article","isPartOf":{"@id":"https:\/\/soledaddurazo.com\/blog\/2025\/08\/27\/agua-prieta-la-frontera-mas-segura-de-sonora-y-el-pais-chemel-quijada\/#webpage"},"author":{"@id":"https:\/\/soledaddurazo.com\/#\/schema\/person\/822d8e13aa288585e6546f179853758b"},"headline":"\u201cAgua Prieta la frontera m\u00e1s segura de Sonora y el pa\u00eds\u201d: \u201cChemel\u201d Quijada","datePublished":"2025-08-27T16:40:31+00:00","dateModified":"2025-08-27T16:40:31+00:00","mainEntityOfPage":{"@id":"https:\/\/soledaddurazo.com\/blog\/2025\/08\/27\/agua-prieta-la-frontera-mas-segura-de-sonora-y-el-pais-chemel-quijada\/#webpage"},"wordCount":1628,"commentCount":0,"publisher":{"@id":"https:\/\/soledaddurazo.com\/#organization"},"image":{"@id":"https:\/\/soledaddurazo.com\/blog\/2025\/08\/27\/agua-prieta-la-frontera-mas-segura-de-sonora-y-el-pais-chemel-quijada\/#primaryimage"},"thumbnailUrl":"https:\/\/soledaddurazo.com\/storage\/2025\/08\/9a-GRAFICO-FERNANDO-OROPEZA.jpeg","articleSection":["Fernando Oropeza"],"inLanguage":"es","potentialAction":[{"@type":"CommentAction","name":"Comment","target":["https:\/\/soledaddurazo.com\/blog\/2025\/08\/27\/agua-prieta-la-frontera-mas-segura-de-sonora-y-el-pais-chemel-quijada\/#respond"]}]},{"@type":"Person","@id":"https:\/\/soledaddurazo.com\/#\/schema\/person\/822d8e13aa288585e6546f179853758b","name":"Redacci\u00f3n","image":{"@type":"ImageObject","@id":"https:\/\/soledaddurazo.com\/#personlogo","inLanguage":"es","url":"https:\/\/secure.gravatar.com\/avatar\/c4e193752f756fd61f04deebed3a3a20dc188d37edb53682d313ac57f2725d54?s=96&d=mm&r=g","contentUrl":"https:\/\/secure.gravatar.com\/avatar\/c4e193752f756fd61f04deebed3a3a20dc188d37edb53682d313ac57f2725d54?s=96&d=mm&r=g","caption":"Redacci\u00f3n"},"sameAs":["https:\/\/soledaddurazo.com"]}]}},"_links":{"self":[{"href":"https:\/\/soledaddurazo.com\/api\/wp\/v2\/posts\/23270","targetHints":{"allow":["GET"]}}],"collection":[{"href":"https:\/\/soledaddurazo.com\/api\/wp\/v2\/posts"}],"about":[{"href":"https:\/\/soledaddurazo.com\/api\/wp\/v2\/types\/post"}],"author":[{"embeddable":true,"href":"https:\/\/soledaddurazo.com\/api\/wp\/v2\/users\/1"}],"replies":[{"embeddable":true,"href":"https:\/\/soledaddurazo.com\/api\/wp\/v2\/comments?post=23270"}],"version-history":[{"count":1,"href":"https:\/\/soledaddurazo.com\/api\/wp\/v2\/posts\/23270\/revisions"}],"predecessor-version":[{"id":23273,"href":"https:\/\/soledaddurazo.com\/api\/wp\/v2\/posts\/23270\/revisions\/23273"}],"wp:featuredmedia":[{"embeddable":true,"href":"https:\/\/soledaddurazo.com\/api\/wp\/v2\/media\/23272"}],"wp:attachment":[{"href":"https:\/\/soledaddurazo.com\/api\/wp\/v2\/media?parent=23270"}],"wp:term":[{"taxonomy":"category","embeddable":true,"href":"https:\/\/soledaddurazo.com\/api\/wp\/v2\/categories?post=23270"},{"taxonomy":"post_tag","embeddable":true,"href":"https:\/\/soledaddurazo.com\/api\/wp\/v2\/tags?post=23270"}],"curies":[{"name":"wp","href":"https:\/\/api.w.org\/{rel}","templated":true}]}}