{"id":23266,"date":"2025-08-19T21:55:43","date_gmt":"2025-08-20T04:55:43","guid":{"rendered":"https:\/\/soledaddurazo.com\/?p=23266"},"modified":"2025-08-26T23:33:57","modified_gmt":"2025-08-27T06:33:57","slug":"celebran-40-anos-del-museo-de-los-yaquis-con-programa-cultural","status":"publish","type":"post","link":"https:\/\/soledaddurazo.com\/blog\/2025\/08\/19\/celebran-40-anos-del-museo-de-los-yaquis-con-programa-cultural\/","title":{"rendered":"Celebran 40 a\u00f1os del Museo de los Yaquis con programa cultural"},"content":{"rendered":"<p data-start=\"134\" data-end=\"405\">El Gobierno de Sonora, a trav\u00e9s de la Secretar\u00eda de Educaci\u00f3n y Cultura y el Instituto Sonorense de Cultura (ISC), conmemor\u00f3 el 40 aniversario del Museo de los Yaquis con un programa especial que incluy\u00f3 exposiciones, conversatorios, gastronom\u00eda y danzas tradicionales.<\/p>\n<p data-start=\"407\" data-end=\"664\">La celebraci\u00f3n dio inicio con la exposici\u00f3n fotogr\u00e1fica <em data-start=\"463\" data-end=\"474\">1985\u20132025<\/em>, que muestra la evoluci\u00f3n del recinto desde sus or\u00edgenes en la Biblioteca P\u00fablica Jes\u00fas Corral Ruiz, en Ciudad Obreg\u00f3n, hasta su actual sede en C\u00f3corit, donde se ubica desde hace 17 a\u00f1os.<\/p>\n<p data-start=\"407\" data-end=\"664\"><a href=\"https:\/\/soledaddurazo.com\/storage\/2025\/08\/mail-1-1.jpeg\"><img loading=\"lazy\" decoding=\"async\" class=\"aligncenter size-full wp-image-23268\" src=\"https:\/\/soledaddurazo.com\/storage\/2025\/08\/mail-1-1.jpeg\" alt=\"\" width=\"1200\" height=\"900\" srcset=\"https:\/\/soledaddurazo.com\/storage\/2025\/08\/mail-1-1.jpeg 1200w, https:\/\/soledaddurazo.com\/storage\/2025\/08\/mail-1-1-300x225.jpeg 300w, https:\/\/soledaddurazo.com\/storage\/2025\/08\/mail-1-1-1024x768.jpeg 1024w, https:\/\/soledaddurazo.com\/storage\/2025\/08\/mail-1-1-768x576.jpeg 768w, https:\/\/soledaddurazo.com\/storage\/2025\/08\/mail-1-1-600x450.jpeg 600w, https:\/\/soledaddurazo.com\/storage\/2025\/08\/mail-1-1-750x563.jpeg 750w, https:\/\/soledaddurazo.com\/storage\/2025\/08\/mail-1-1-1140x855.jpeg 1140w\" sizes=\"auto, (max-width: 1200px) 100vw, 1200px\" \/><\/a><\/p>\n<p data-start=\"666\" data-end=\"866\">Durante el conversatorio <em data-start=\"691\" data-end=\"729\">El impacto del museo en la comunidad<\/em>, especialistas destacaron el papel fundamental del recinto en la preservaci\u00f3n de la lengua, tradiciones e identidad de la tribu yaqui.<\/p>\n<p data-start=\"868\" data-end=\"1181\">El festejo concluy\u00f3 con una jornada cultural que incluy\u00f3 muestras artesanales y gastron\u00f3micas, adem\u00e1s de presentaciones del Grupo de Danza Folcl\u00f3rica R\u00edo Yaqui, de P\u00f3tam, y del Grupo de Danza Tradicional de la Universidad del Pueblo Yaqui, quienes compartieron con el p\u00fablico la danza del venado y los pascolas.<\/p>\n<p data-start=\"1183\" data-end=\"1376\">En el acto de clausura se cont\u00f3 con la presencia del gobernador del pueblo de Belem, Alonso Abraham \u00c1lvarez Valencia, acompa\u00f1ado de su gabinete, as\u00ed como de autoridades del pueblo de C\u00f3corit.<\/p>\n<p data-start=\"1378\" data-end=\"1570\">Con este evento, el Gobierno de Sonora reafirm\u00f3 su compromiso con la comunidad yaqui y con la promoci\u00f3n de espacios que fortalezcan el orgullo, la identidad y la memoria cultural del estado.<\/p>\n","protected":false},"excerpt":{"rendered":"<p>El Gobierno de Sonora, a trav\u00e9s de la Secretar\u00eda de Educaci\u00f3n y Cultura y el Instituto Sonorense de Cultura (ISC), conmemor\u00f3 el 40 aniversario del Museo de los Yaquis con un programa especial que incluy\u00f3 exposiciones, conversatorios, gastronom\u00eda y danzas tradicionales. La celebraci\u00f3n dio inicio con la exposici\u00f3n fotogr\u00e1fica 1985\u20132025, que muestra la evoluci\u00f3n del [&hellip;]<\/p>\n","protected":false},"author":1,"featured_media":23267,"comment_status":"open","ping_status":"open","sticky":false,"template":"","format":"standard","meta":{"footnotes":""},"categories":[159,153],"tags":[],"class_list":["post"],"yoast_head":" \n<title>Celebran 40 a\u00f1os del Museo de los Yaquis con programa cultural - Periodista SoledadDurazo.com<\/title>\n<meta name=\"robots\" content=\"index, follow, max-snippet:-1, max-image-preview:large, max-video-preview:-1\" \/>\n<link rel=\"canonical\" href=\"https:\/\/soledaddurazo.com\/blog\/2025\/08\/19\/celebran-40-anos-del-museo-de-los-yaquis-con-programa-cultural\/\" \/>\n<meta property=\"og:locale\" content=\"es_MX\" \/>\n<meta property=\"og:type\" content=\"article\" \/>\n<meta property=\"og:title\" content=\"Celebran 40 a\u00f1os del Museo de los Yaquis con programa cultural\" \/>\n<meta property=\"og:description\" content=\"El Gobierno de Sonora, a trav\u00e9s de la Secretar\u00eda de Educaci\u00f3n y Cultura y el Instituto Sonorense de Cultura (ISC), conmemor\u00f3 el 40 aniversario del Museo de los Yaquis con un programa especial que incluy\u00f3 exposiciones, conversatorios, gastronom\u00eda y danzas tradicionales. La celebraci\u00f3n dio inicio con la exposici\u00f3n fotogr\u00e1fica 1985\u20132025, que muestra la evoluci\u00f3n del [&hellip;]\" \/>\n<meta property=\"og:url\" content=\"https:\/\/soledaddurazo.com\/blog\/2025\/08\/19\/celebran-40-anos-del-museo-de-los-yaquis-con-programa-cultural\/\" \/>\n<meta property=\"og:site_name\" content=\"Periodista SoledadDurazo.com\" \/>\n<meta property=\"article:publisher\" content=\"https:\/\/www.facebook.com\/soledad.durazo.9\/\" \/>\n<meta property=\"article:published_time\" content=\"2025-08-20T04:55:43+00:00\" \/>\n<meta property=\"article:modified_time\" content=\"2025-08-27T06:33:57+00:00\" \/>\n<meta property=\"og:image\" content=\"https:\/\/soledaddurazo.com\/storage\/2025\/08\/mail-1.jpeg\" \/>\n\t<meta property=\"og:image:width\" content=\"1200\" \/>\n\t<meta property=\"og:image:height\" content=\"900\" \/>\n<meta name=\"twitter:card\" content=\"summary_large_image\" \/>\n<meta name=\"twitter:creator\" content=\"@SoledadDurazo\" \/>\n<meta name=\"twitter:site\" content=\"@SoledadDurazo\" \/>\n<meta name=\"twitter:label1\" content=\"Escrito por\" \/>\n\t<meta name=\"twitter:data1\" content=\"Redacci\u00f3n\" \/>\n\t<meta name=\"twitter:label2\" content=\"Tiempo de lectura\" \/>\n\t<meta name=\"twitter:data2\" content=\"2 minutos\" \/>\n<script type=\"application\/ld+json\" class=\"yoast-schema-graph\">{\"@context\":\"https:\/\/schema.org\",\"@graph\":[{\"@type\":\"Organization\",\"@id\":\"https:\/\/soledaddurazo.com\/#organization\",\"name\":\"Soledad Durazo\",\"url\":\"https:\/\/soledaddurazo.com\/\",\"sameAs\":[\"https:\/\/www.facebook.com\/soledad.durazo.9\/\",\"https:\/\/www.instagram.com\/soledaddurazo\",\"https:\/\/www.youtube.com\/channel\/UC9yGPw8-Vbl_B2XNkRwPS-w\",\"https:\/\/twitter.com\/SoledadDurazo\"],\"logo\":{\"@type\":\"ImageObject\",\"@id\":\"https:\/\/soledaddurazo.com\/#logo\",\"inLanguage\":\"es\",\"url\":\"https:\/\/soledaddurazo.com\/storage\/2021\/11\/nllp-720x375-1-2.png\",\"contentUrl\":\"https:\/\/soledaddurazo.com\/storage\/2021\/11\/nllp-720x375-1-2.png\",\"width\":720,\"height\":375,\"caption\":\"Soledad Durazo\"},\"image\":{\"@id\":\"https:\/\/soledaddurazo.com\/#logo\"}},{\"@type\":\"WebSite\",\"@id\":\"https:\/\/soledaddurazo.com\/#website\",\"url\":\"https:\/\/soledaddurazo.com\/\",\"name\":\"Periodista SoledadDurazo.com\",\"description\":\"Periodista sonorense. Directora de www.SoledadDurazo.com Columnista, conductora de radio y Tv. Catedr\\u00e1tica en la UNISON\",\"publisher\":{\"@id\":\"https:\/\/soledaddurazo.com\/#organization\"},\"potentialAction\":[{\"@type\":\"SearchAction\",\"target\":{\"@type\":\"EntryPoint\",\"urlTemplate\":\"https:\/\/soledaddurazo.com\/?s={search_term_string}\"},\"query-input\":\"required name=search_term_string\"}],\"inLanguage\":\"es\"},{\"@type\":\"ImageObject\",\"@id\":\"https:\/\/soledaddurazo.com\/blog\/2025\/08\/19\/celebran-40-anos-del-museo-de-los-yaquis-con-programa-cultural\/#primaryimage\",\"inLanguage\":\"es\",\"url\":\"https:\/\/soledaddurazo.com\/storage\/2025\/08\/mail-1.jpeg\",\"contentUrl\":\"https:\/\/soledaddurazo.com\/storage\/2025\/08\/mail-1.jpeg\",\"width\":1200,\"height\":900},{\"@type\":\"WebPage\",\"@id\":\"https:\/\/soledaddurazo.com\/blog\/2025\/08\/19\/celebran-40-anos-del-museo-de-los-yaquis-con-programa-cultural\/#webpage\",\"url\":\"https:\/\/soledaddurazo.com\/blog\/2025\/08\/19\/celebran-40-anos-del-museo-de-los-yaquis-con-programa-cultural\/\",\"name\":\"Celebran 40 a\\u00f1os del Museo de los Yaquis con programa cultural - Periodista SoledadDurazo.com\",\"isPartOf\":{\"@id\":\"https:\/\/soledaddurazo.com\/#website\"},\"primaryImageOfPage\":{\"@id\":\"https:\/\/soledaddurazo.com\/blog\/2025\/08\/19\/celebran-40-anos-del-museo-de-los-yaquis-con-programa-cultural\/#primaryimage\"},\"datePublished\":\"2025-08-20T04:55:43+00:00\",\"dateModified\":\"2025-08-27T06:33:57+00:00\",\"breadcrumb\":{\"@id\":\"https:\/\/soledaddurazo.com\/blog\/2025\/08\/19\/celebran-40-anos-del-museo-de-los-yaquis-con-programa-cultural\/#breadcrumb\"},\"inLanguage\":\"es\",\"potentialAction\":[{\"@type\":\"ReadAction\",\"target\":[\"https:\/\/soledaddurazo.com\/blog\/2025\/08\/19\/celebran-40-anos-del-museo-de-los-yaquis-con-programa-cultural\/\"]}]},{\"@type\":\"BreadcrumbList\",\"@id\":\"https:\/\/soledaddurazo.com\/blog\/2025\/08\/19\/celebran-40-anos-del-museo-de-los-yaquis-con-programa-cultural\/#breadcrumb\",\"itemListElement\":[{\"@type\":\"ListItem\",\"position\":1,\"name\":\"Home\",\"item\":\"https:\/\/soledaddurazo.com\/\"},{\"@type\":\"ListItem\",\"position\":2,\"name\":\"Celebran 40 a\\u00f1os del Museo de los Yaquis con programa cultural\"}]},{\"@type\":\"Article\",\"@id\":\"https:\/\/soledaddurazo.com\/blog\/2025\/08\/19\/celebran-40-anos-del-museo-de-los-yaquis-con-programa-cultural\/#article\",\"isPartOf\":{\"@id\":\"https:\/\/soledaddurazo.com\/blog\/2025\/08\/19\/celebran-40-anos-del-museo-de-los-yaquis-con-programa-cultural\/#webpage\"},\"author\":{\"@id\":\"https:\/\/soledaddurazo.com\/#\/schema\/person\/822d8e13aa288585e6546f179853758b\"},\"headline\":\"Celebran 40 a\\u00f1os del Museo de los Yaquis con programa cultural\",\"datePublished\":\"2025-08-20T04:55:43+00:00\",\"dateModified\":\"2025-08-27T06:33:57+00:00\",\"mainEntityOfPage\":{\"@id\":\"https:\/\/soledaddurazo.com\/blog\/2025\/08\/19\/celebran-40-anos-del-museo-de-los-yaquis-con-programa-cultural\/#webpage\"},\"wordCount\":257,\"commentCount\":0,\"publisher\":{\"@id\":\"https:\/\/soledaddurazo.com\/#organization\"},\"image\":{\"@id\":\"https:\/\/soledaddurazo.com\/blog\/2025\/08\/19\/celebran-40-anos-del-museo-de-los-yaquis-con-programa-cultural\/#primaryimage\"},\"thumbnailUrl\":\"https:\/\/soledaddurazo.com\/storage\/2025\/08\/mail-1.jpeg\",\"articleSection\":[\"Mi Sonora\",\"principal\"],\"inLanguage\":\"es\",\"potentialAction\":[{\"@type\":\"CommentAction\",\"name\":\"Comment\",\"target\":[\"https:\/\/soledaddurazo.com\/blog\/2025\/08\/19\/celebran-40-anos-del-museo-de-los-yaquis-con-programa-cultural\/#respond\"]}]},{\"@type\":\"Person\",\"@id\":\"https:\/\/soledaddurazo.com\/#\/schema\/person\/822d8e13aa288585e6546f179853758b\",\"name\":\"Redacci\\u00f3n\",\"image\":{\"@type\":\"ImageObject\",\"@id\":\"https:\/\/soledaddurazo.com\/#personlogo\",\"inLanguage\":\"es\",\"url\":\"https:\/\/secure.gravatar.com\/avatar\/c4e193752f756fd61f04deebed3a3a20dc188d37edb53682d313ac57f2725d54?s=96&d=mm&r=g\",\"contentUrl\":\"https:\/\/secure.gravatar.com\/avatar\/c4e193752f756fd61f04deebed3a3a20dc188d37edb53682d313ac57f2725d54?s=96&d=mm&r=g\",\"caption\":\"Redacci\\u00f3n\"},\"sameAs\":[\"https:\/\/soledaddurazo.com\"]}]}<\/script>\n ","yoast_head_json":{"title":"Celebran 40 a\u00f1os del Museo de los Yaquis con programa cultural - Periodista SoledadDurazo.com","robots":{"index":"index","follow":"follow","max-snippet":"max-snippet:-1","max-image-preview":"max-image-preview:large","max-video-preview":"max-video-preview:-1"},"canonical":"https:\/\/soledaddurazo.com\/blog\/2025\/08\/19\/celebran-40-anos-del-museo-de-los-yaquis-con-programa-cultural\/","og_locale":"es_MX","og_type":"article","og_title":"Celebran 40 a\u00f1os del Museo de los Yaquis con programa cultural","og_description":"El Gobierno de Sonora, a trav\u00e9s de la Secretar\u00eda de Educaci\u00f3n y Cultura y el Instituto Sonorense de Cultura (ISC), conmemor\u00f3 el 40 aniversario del Museo de los Yaquis con un programa especial que incluy\u00f3 exposiciones, conversatorios, gastronom\u00eda y danzas tradicionales. La celebraci\u00f3n dio inicio con la exposici\u00f3n fotogr\u00e1fica 1985\u20132025, que muestra la evoluci\u00f3n del [&hellip;]","og_url":"https:\/\/soledaddurazo.com\/blog\/2025\/08\/19\/celebran-40-anos-del-museo-de-los-yaquis-con-programa-cultural\/","og_site_name":"Periodista SoledadDurazo.com","article_publisher":"https:\/\/www.facebook.com\/soledad.durazo.9\/","article_published_time":"2025-08-20T04:55:43+00:00","article_modified_time":"2025-08-27T06:33:57+00:00","og_image":[{"width":1200,"height":900,"url":"https:\/\/soledaddurazo.com\/storage\/2025\/08\/mail-1.jpeg","type":"image\/jpeg"}],"twitter_card":"summary_large_image","twitter_creator":"@SoledadDurazo","twitter_site":"@SoledadDurazo","twitter_misc":{"Escrito por":"Redacci\u00f3n","Tiempo de lectura":"2 minutos"},"schema":{"@context":"https:\/\/schema.org","@graph":[{"@type":"Organization","@id":"https:\/\/soledaddurazo.com\/#organization","name":"Soledad Durazo","url":"https:\/\/soledaddurazo.com\/","sameAs":["https:\/\/www.facebook.com\/soledad.durazo.9\/","https:\/\/www.instagram.com\/soledaddurazo","https:\/\/www.youtube.com\/channel\/UC9yGPw8-Vbl_B2XNkRwPS-w","https:\/\/twitter.com\/SoledadDurazo"],"logo":{"@type":"ImageObject","@id":"https:\/\/soledaddurazo.com\/#logo","inLanguage":"es","url":"https:\/\/soledaddurazo.com\/storage\/2021\/11\/nllp-720x375-1-2.png","contentUrl":"https:\/\/soledaddurazo.com\/storage\/2021\/11\/nllp-720x375-1-2.png","width":720,"height":375,"caption":"Soledad Durazo"},"image":{"@id":"https:\/\/soledaddurazo.com\/#logo"}},{"@type":"WebSite","@id":"https:\/\/soledaddurazo.com\/#website","url":"https:\/\/soledaddurazo.com\/","name":"Periodista SoledadDurazo.com","description":"Periodista sonorense. Directora de www.SoledadDurazo.com Columnista, conductora de radio y Tv. Catedr\u00e1tica en la UNISON","publisher":{"@id":"https:\/\/soledaddurazo.com\/#organization"},"potentialAction":[{"@type":"SearchAction","target":{"@type":"EntryPoint","urlTemplate":"https:\/\/soledaddurazo.com\/?s={search_term_string}"},"query-input":"required name=search_term_string"}],"inLanguage":"es"},{"@type":"ImageObject","@id":"https:\/\/soledaddurazo.com\/blog\/2025\/08\/19\/celebran-40-anos-del-museo-de-los-yaquis-con-programa-cultural\/#primaryimage","inLanguage":"es","url":"https:\/\/soledaddurazo.com\/storage\/2025\/08\/mail-1.jpeg","contentUrl":"https:\/\/soledaddurazo.com\/storage\/2025\/08\/mail-1.jpeg","width":1200,"height":900},{"@type":"WebPage","@id":"https:\/\/soledaddurazo.com\/blog\/2025\/08\/19\/celebran-40-anos-del-museo-de-los-yaquis-con-programa-cultural\/#webpage","url":"https:\/\/soledaddurazo.com\/blog\/2025\/08\/19\/celebran-40-anos-del-museo-de-los-yaquis-con-programa-cultural\/","name":"Celebran 40 a\u00f1os del Museo de los Yaquis con programa cultural - Periodista SoledadDurazo.com","isPartOf":{"@id":"https:\/\/soledaddurazo.com\/#website"},"primaryImageOfPage":{"@id":"https:\/\/soledaddurazo.com\/blog\/2025\/08\/19\/celebran-40-anos-del-museo-de-los-yaquis-con-programa-cultural\/#primaryimage"},"datePublished":"2025-08-20T04:55:43+00:00","dateModified":"2025-08-27T06:33:57+00:00","breadcrumb":{"@id":"https:\/\/soledaddurazo.com\/blog\/2025\/08\/19\/celebran-40-anos-del-museo-de-los-yaquis-con-programa-cultural\/#breadcrumb"},"inLanguage":"es","potentialAction":[{"@type":"ReadAction","target":["https:\/\/soledaddurazo.com\/blog\/2025\/08\/19\/celebran-40-anos-del-museo-de-los-yaquis-con-programa-cultural\/"]}]},{"@type":"BreadcrumbList","@id":"https:\/\/soledaddurazo.com\/blog\/2025\/08\/19\/celebran-40-anos-del-museo-de-los-yaquis-con-programa-cultural\/#breadcrumb","itemListElement":[{"@type":"ListItem","position":1,"name":"Home","item":"https:\/\/soledaddurazo.com\/"},{"@type":"ListItem","position":2,"name":"Celebran 40 a\u00f1os del Museo de los Yaquis con programa cultural"}]},{"@type":"Article","@id":"https:\/\/soledaddurazo.com\/blog\/2025\/08\/19\/celebran-40-anos-del-museo-de-los-yaquis-con-programa-cultural\/#article","isPartOf":{"@id":"https:\/\/soledaddurazo.com\/blog\/2025\/08\/19\/celebran-40-anos-del-museo-de-los-yaquis-con-programa-cultural\/#webpage"},"author":{"@id":"https:\/\/soledaddurazo.com\/#\/schema\/person\/822d8e13aa288585e6546f179853758b"},"headline":"Celebran 40 a\u00f1os del Museo de los Yaquis con programa cultural","datePublished":"2025-08-20T04:55:43+00:00","dateModified":"2025-08-27T06:33:57+00:00","mainEntityOfPage":{"@id":"https:\/\/soledaddurazo.com\/blog\/2025\/08\/19\/celebran-40-anos-del-museo-de-los-yaquis-con-programa-cultural\/#webpage"},"wordCount":257,"commentCount":0,"publisher":{"@id":"https:\/\/soledaddurazo.com\/#organization"},"image":{"@id":"https:\/\/soledaddurazo.com\/blog\/2025\/08\/19\/celebran-40-anos-del-museo-de-los-yaquis-con-programa-cultural\/#primaryimage"},"thumbnailUrl":"https:\/\/soledaddurazo.com\/storage\/2025\/08\/mail-1.jpeg","articleSection":["Mi Sonora","principal"],"inLanguage":"es","potentialAction":[{"@type":"CommentAction","name":"Comment","target":["https:\/\/soledaddurazo.com\/blog\/2025\/08\/19\/celebran-40-anos-del-museo-de-los-yaquis-con-programa-cultural\/#respond"]}]},{"@type":"Person","@id":"https:\/\/soledaddurazo.com\/#\/schema\/person\/822d8e13aa288585e6546f179853758b","name":"Redacci\u00f3n","image":{"@type":"ImageObject","@id":"https:\/\/soledaddurazo.com\/#personlogo","inLanguage":"es","url":"https:\/\/secure.gravatar.com\/avatar\/c4e193752f756fd61f04deebed3a3a20dc188d37edb53682d313ac57f2725d54?s=96&d=mm&r=g","contentUrl":"https:\/\/secure.gravatar.com\/avatar\/c4e193752f756fd61f04deebed3a3a20dc188d37edb53682d313ac57f2725d54?s=96&d=mm&r=g","caption":"Redacci\u00f3n"},"sameAs":["https:\/\/soledaddurazo.com"]}]}},"_links":{"self":[{"href":"https:\/\/soledaddurazo.com\/api\/wp\/v2\/posts\/23266","targetHints":{"allow":["GET"]}}],"collection":[{"href":"https:\/\/soledaddurazo.com\/api\/wp\/v2\/posts"}],"about":[{"href":"https:\/\/soledaddurazo.com\/api\/wp\/v2\/types\/post"}],"author":[{"embeddable":true,"href":"https:\/\/soledaddurazo.com\/api\/wp\/v2\/users\/1"}],"replies":[{"embeddable":true,"href":"https:\/\/soledaddurazo.com\/api\/wp\/v2\/comments?post=23266"}],"version-history":[{"count":1,"href":"https:\/\/soledaddurazo.com\/api\/wp\/v2\/posts\/23266\/revisions"}],"predecessor-version":[{"id":23269,"href":"https:\/\/soledaddurazo.com\/api\/wp\/v2\/posts\/23266\/revisions\/23269"}],"wp:featuredmedia":[{"embeddable":true,"href":"https:\/\/soledaddurazo.com\/api\/wp\/v2\/media\/23267"}],"wp:attachment":[{"href":"https:\/\/soledaddurazo.com\/api\/wp\/v2\/media?parent=23266"}],"wp:term":[{"taxonomy":"category","embeddable":true,"href":"https:\/\/soledaddurazo.com\/api\/wp\/v2\/categories?post=23266"},{"taxonomy":"post_tag","embeddable":true,"href":"https:\/\/soledaddurazo.com\/api\/wp\/v2\/tags?post=23266"}],"curies":[{"name":"wp","href":"https:\/\/api.w.org\/{rel}","templated":true}]}}