{"id":23263,"date":"2025-08-19T21:49:55","date_gmt":"2025-08-20T04:49:55","guid":{"rendered":"https:\/\/soledaddurazo.com\/?p=23263"},"modified":"2025-08-26T23:33:11","modified_gmt":"2025-08-27T06:33:11","slug":"la-importancia-de-las-vacaciones-para-el-bienestar-de-las-personas","status":"publish","type":"post","link":"https:\/\/soledaddurazo.com\/blog\/2025\/08\/19\/la-importancia-de-las-vacaciones-para-el-bienestar-de-las-personas\/","title":{"rendered":"La importancia de las vacaciones para el bienestar de las personas"},"content":{"rendered":"<p data-start=\"63\" data-end=\"135\">\n<p data-start=\"137\" data-end=\"637\">Las vacaciones no son un simple periodo de descanso, sino una necesidad fundamental para el equilibrio f\u00edsico, mental y emocional de las personas. Tras largas jornadas de trabajo o estudio, el cuerpo y la mente requieren un espacio para recuperarse, reducir el estr\u00e9s y renovar energ\u00edas. Diversos estudios han demostrado que quienes toman descansos peri\u00f3dicos mejoran su productividad, creatividad y capacidad de concentraci\u00f3n, lo que se traduce en un mejor desempe\u00f1o en sus actividades cotidianas.<\/p>\n<p data-start=\"639\" data-end=\"1069\">Adem\u00e1s, las vacaciones permiten fortalecer los lazos familiares y sociales, al brindar tiempo de calidad para convivir con seres queridos o realizar actividades que en la rutina diaria suelen quedar relegadas. Tambi\u00e9n favorecen el desarrollo personal, ya que ofrecen la oportunidad de viajar, explorar nuevos lugares, aprender algo diferente o simplemente disfrutar del tiempo libre de acuerdo con las preferencias individuales.<\/p>\n<p data-start=\"1071\" data-end=\"1394\">En t\u00e9rminos de salud, el descanso prolongado contribuye a disminuir los riesgos de enfermedades relacionadas con el estr\u00e9s, como la hipertensi\u00f3n o el insomnio, y ayuda a mantener un mejor estado de \u00e1nimo. Por ello, las vacaciones deben considerarse no como un lujo, sino como una inversi\u00f3n en bienestar y calidad de vida.<\/p>\n","protected":false},"excerpt":{"rendered":"<p>Las vacaciones no son un simple periodo de descanso, sino una necesidad fundamental para el equilibrio f\u00edsico, mental y emocional de las personas. Tras largas jornadas de trabajo o estudio, el cuerpo y la mente requieren un espacio para recuperarse, reducir el estr\u00e9s y renovar energ\u00edas. Diversos estudios han demostrado que quienes toman descansos peri\u00f3dicos [&hellip;]<\/p>\n","protected":false},"author":1,"featured_media":23264,"comment_status":"open","ping_status":"open","sticky":false,"template":"","format":"standard","meta":{"footnotes":""},"categories":[153],"tags":[],"class_list":["post"],"yoast_head":" \n<title>La importancia de las vacaciones para el bienestar de las personas - Periodista SoledadDurazo.com<\/title>\n<meta name=\"robots\" content=\"index, follow, max-snippet:-1, max-image-preview:large, max-video-preview:-1\" \/>\n<link rel=\"canonical\" href=\"https:\/\/soledaddurazo.com\/blog\/2025\/08\/19\/la-importancia-de-las-vacaciones-para-el-bienestar-de-las-personas\/\" \/>\n<meta property=\"og:locale\" content=\"es_MX\" \/>\n<meta property=\"og:type\" content=\"article\" \/>\n<meta property=\"og:title\" content=\"La importancia de las vacaciones para el bienestar de las personas\" \/>\n<meta property=\"og:description\" content=\"Las vacaciones no son un simple periodo de descanso, sino una necesidad fundamental para el equilibrio f\u00edsico, mental y emocional de las personas. Tras largas jornadas de trabajo o estudio, el cuerpo y la mente requieren un espacio para recuperarse, reducir el estr\u00e9s y renovar energ\u00edas. Diversos estudios han demostrado que quienes toman descansos peri\u00f3dicos [&hellip;]\" \/>\n<meta property=\"og:url\" content=\"https:\/\/soledaddurazo.com\/blog\/2025\/08\/19\/la-importancia-de-las-vacaciones-para-el-bienestar-de-las-personas\/\" \/>\n<meta property=\"og:site_name\" content=\"Periodista SoledadDurazo.com\" \/>\n<meta property=\"article:publisher\" content=\"https:\/\/www.facebook.com\/soledad.durazo.9\/\" \/>\n<meta property=\"article:published_time\" content=\"2025-08-20T04:49:55+00:00\" \/>\n<meta property=\"article:modified_time\" content=\"2025-08-27T06:33:11+00:00\" \/>\n<meta property=\"og:image\" content=\"https:\/\/soledaddurazo.com\/storage\/2025\/08\/images.jpeg\" \/>\n\t<meta property=\"og:image:width\" content=\"275\" \/>\n\t<meta property=\"og:image:height\" content=\"183\" \/>\n<meta name=\"twitter:card\" content=\"summary_large_image\" \/>\n<meta name=\"twitter:creator\" content=\"@SoledadDurazo\" \/>\n<meta name=\"twitter:site\" content=\"@SoledadDurazo\" \/>\n<meta name=\"twitter:label1\" content=\"Escrito por\" \/>\n\t<meta name=\"twitter:data1\" content=\"Redacci\u00f3n\" \/>\n\t<meta name=\"twitter:label2\" content=\"Tiempo de lectura\" \/>\n\t<meta name=\"twitter:data2\" content=\"1 minuto\" \/>\n<script type=\"application\/ld+json\" class=\"yoast-schema-graph\">{\"@context\":\"https:\/\/schema.org\",\"@graph\":[{\"@type\":\"Organization\",\"@id\":\"https:\/\/soledaddurazo.com\/#organization\",\"name\":\"Soledad Durazo\",\"url\":\"https:\/\/soledaddurazo.com\/\",\"sameAs\":[\"https:\/\/www.facebook.com\/soledad.durazo.9\/\",\"https:\/\/www.instagram.com\/soledaddurazo\",\"https:\/\/www.youtube.com\/channel\/UC9yGPw8-Vbl_B2XNkRwPS-w\",\"https:\/\/twitter.com\/SoledadDurazo\"],\"logo\":{\"@type\":\"ImageObject\",\"@id\":\"https:\/\/soledaddurazo.com\/#logo\",\"inLanguage\":\"es\",\"url\":\"https:\/\/soledaddurazo.com\/storage\/2021\/11\/nllp-720x375-1-2.png\",\"contentUrl\":\"https:\/\/soledaddurazo.com\/storage\/2021\/11\/nllp-720x375-1-2.png\",\"width\":720,\"height\":375,\"caption\":\"Soledad Durazo\"},\"image\":{\"@id\":\"https:\/\/soledaddurazo.com\/#logo\"}},{\"@type\":\"WebSite\",\"@id\":\"https:\/\/soledaddurazo.com\/#website\",\"url\":\"https:\/\/soledaddurazo.com\/\",\"name\":\"Periodista SoledadDurazo.com\",\"description\":\"Periodista sonorense. Directora de www.SoledadDurazo.com Columnista, conductora de radio y Tv. Catedr\\u00e1tica en la UNISON\",\"publisher\":{\"@id\":\"https:\/\/soledaddurazo.com\/#organization\"},\"potentialAction\":[{\"@type\":\"SearchAction\",\"target\":{\"@type\":\"EntryPoint\",\"urlTemplate\":\"https:\/\/soledaddurazo.com\/?s={search_term_string}\"},\"query-input\":\"required name=search_term_string\"}],\"inLanguage\":\"es\"},{\"@type\":\"ImageObject\",\"@id\":\"https:\/\/soledaddurazo.com\/blog\/2025\/08\/19\/la-importancia-de-las-vacaciones-para-el-bienestar-de-las-personas\/#primaryimage\",\"inLanguage\":\"es\",\"url\":\"https:\/\/soledaddurazo.com\/storage\/2025\/08\/images.jpeg\",\"contentUrl\":\"https:\/\/soledaddurazo.com\/storage\/2025\/08\/images.jpeg\",\"width\":275,\"height\":183},{\"@type\":\"WebPage\",\"@id\":\"https:\/\/soledaddurazo.com\/blog\/2025\/08\/19\/la-importancia-de-las-vacaciones-para-el-bienestar-de-las-personas\/#webpage\",\"url\":\"https:\/\/soledaddurazo.com\/blog\/2025\/08\/19\/la-importancia-de-las-vacaciones-para-el-bienestar-de-las-personas\/\",\"name\":\"La importancia de las vacaciones para el bienestar de las personas - Periodista SoledadDurazo.com\",\"isPartOf\":{\"@id\":\"https:\/\/soledaddurazo.com\/#website\"},\"primaryImageOfPage\":{\"@id\":\"https:\/\/soledaddurazo.com\/blog\/2025\/08\/19\/la-importancia-de-las-vacaciones-para-el-bienestar-de-las-personas\/#primaryimage\"},\"datePublished\":\"2025-08-20T04:49:55+00:00\",\"dateModified\":\"2025-08-27T06:33:11+00:00\",\"breadcrumb\":{\"@id\":\"https:\/\/soledaddurazo.com\/blog\/2025\/08\/19\/la-importancia-de-las-vacaciones-para-el-bienestar-de-las-personas\/#breadcrumb\"},\"inLanguage\":\"es\",\"potentialAction\":[{\"@type\":\"ReadAction\",\"target\":[\"https:\/\/soledaddurazo.com\/blog\/2025\/08\/19\/la-importancia-de-las-vacaciones-para-el-bienestar-de-las-personas\/\"]}]},{\"@type\":\"BreadcrumbList\",\"@id\":\"https:\/\/soledaddurazo.com\/blog\/2025\/08\/19\/la-importancia-de-las-vacaciones-para-el-bienestar-de-las-personas\/#breadcrumb\",\"itemListElement\":[{\"@type\":\"ListItem\",\"position\":1,\"name\":\"Home\",\"item\":\"https:\/\/soledaddurazo.com\/\"},{\"@type\":\"ListItem\",\"position\":2,\"name\":\"La importancia de las vacaciones para el bienestar de las personas\"}]},{\"@type\":\"Article\",\"@id\":\"https:\/\/soledaddurazo.com\/blog\/2025\/08\/19\/la-importancia-de-las-vacaciones-para-el-bienestar-de-las-personas\/#article\",\"isPartOf\":{\"@id\":\"https:\/\/soledaddurazo.com\/blog\/2025\/08\/19\/la-importancia-de-las-vacaciones-para-el-bienestar-de-las-personas\/#webpage\"},\"author\":{\"@id\":\"https:\/\/soledaddurazo.com\/#\/schema\/person\/822d8e13aa288585e6546f179853758b\"},\"headline\":\"La importancia de las vacaciones para el bienestar de las personas\",\"datePublished\":\"2025-08-20T04:49:55+00:00\",\"dateModified\":\"2025-08-27T06:33:11+00:00\",\"mainEntityOfPage\":{\"@id\":\"https:\/\/soledaddurazo.com\/blog\/2025\/08\/19\/la-importancia-de-las-vacaciones-para-el-bienestar-de-las-personas\/#webpage\"},\"wordCount\":212,\"commentCount\":0,\"publisher\":{\"@id\":\"https:\/\/soledaddurazo.com\/#organization\"},\"image\":{\"@id\":\"https:\/\/soledaddurazo.com\/blog\/2025\/08\/19\/la-importancia-de-las-vacaciones-para-el-bienestar-de-las-personas\/#primaryimage\"},\"thumbnailUrl\":\"https:\/\/soledaddurazo.com\/storage\/2025\/08\/images.jpeg\",\"articleSection\":[\"principal\"],\"inLanguage\":\"es\",\"potentialAction\":[{\"@type\":\"CommentAction\",\"name\":\"Comment\",\"target\":[\"https:\/\/soledaddurazo.com\/blog\/2025\/08\/19\/la-importancia-de-las-vacaciones-para-el-bienestar-de-las-personas\/#respond\"]}]},{\"@type\":\"Person\",\"@id\":\"https:\/\/soledaddurazo.com\/#\/schema\/person\/822d8e13aa288585e6546f179853758b\",\"name\":\"Redacci\\u00f3n\",\"image\":{\"@type\":\"ImageObject\",\"@id\":\"https:\/\/soledaddurazo.com\/#personlogo\",\"inLanguage\":\"es\",\"url\":\"https:\/\/secure.gravatar.com\/avatar\/c4e193752f756fd61f04deebed3a3a20dc188d37edb53682d313ac57f2725d54?s=96&d=mm&r=g\",\"contentUrl\":\"https:\/\/secure.gravatar.com\/avatar\/c4e193752f756fd61f04deebed3a3a20dc188d37edb53682d313ac57f2725d54?s=96&d=mm&r=g\",\"caption\":\"Redacci\\u00f3n\"},\"sameAs\":[\"https:\/\/soledaddurazo.com\"]}]}<\/script>\n ","yoast_head_json":{"title":"La importancia de las vacaciones para el bienestar de las personas - Periodista SoledadDurazo.com","robots":{"index":"index","follow":"follow","max-snippet":"max-snippet:-1","max-image-preview":"max-image-preview:large","max-video-preview":"max-video-preview:-1"},"canonical":"https:\/\/soledaddurazo.com\/blog\/2025\/08\/19\/la-importancia-de-las-vacaciones-para-el-bienestar-de-las-personas\/","og_locale":"es_MX","og_type":"article","og_title":"La importancia de las vacaciones para el bienestar de las personas","og_description":"Las vacaciones no son un simple periodo de descanso, sino una necesidad fundamental para el equilibrio f\u00edsico, mental y emocional de las personas. Tras largas jornadas de trabajo o estudio, el cuerpo y la mente requieren un espacio para recuperarse, reducir el estr\u00e9s y renovar energ\u00edas. Diversos estudios han demostrado que quienes toman descansos peri\u00f3dicos [&hellip;]","og_url":"https:\/\/soledaddurazo.com\/blog\/2025\/08\/19\/la-importancia-de-las-vacaciones-para-el-bienestar-de-las-personas\/","og_site_name":"Periodista SoledadDurazo.com","article_publisher":"https:\/\/www.facebook.com\/soledad.durazo.9\/","article_published_time":"2025-08-20T04:49:55+00:00","article_modified_time":"2025-08-27T06:33:11+00:00","og_image":[{"width":275,"height":183,"url":"https:\/\/soledaddurazo.com\/storage\/2025\/08\/images.jpeg","type":"image\/jpeg"}],"twitter_card":"summary_large_image","twitter_creator":"@SoledadDurazo","twitter_site":"@SoledadDurazo","twitter_misc":{"Escrito por":"Redacci\u00f3n","Tiempo de lectura":"1 minuto"},"schema":{"@context":"https:\/\/schema.org","@graph":[{"@type":"Organization","@id":"https:\/\/soledaddurazo.com\/#organization","name":"Soledad Durazo","url":"https:\/\/soledaddurazo.com\/","sameAs":["https:\/\/www.facebook.com\/soledad.durazo.9\/","https:\/\/www.instagram.com\/soledaddurazo","https:\/\/www.youtube.com\/channel\/UC9yGPw8-Vbl_B2XNkRwPS-w","https:\/\/twitter.com\/SoledadDurazo"],"logo":{"@type":"ImageObject","@id":"https:\/\/soledaddurazo.com\/#logo","inLanguage":"es","url":"https:\/\/soledaddurazo.com\/storage\/2021\/11\/nllp-720x375-1-2.png","contentUrl":"https:\/\/soledaddurazo.com\/storage\/2021\/11\/nllp-720x375-1-2.png","width":720,"height":375,"caption":"Soledad Durazo"},"image":{"@id":"https:\/\/soledaddurazo.com\/#logo"}},{"@type":"WebSite","@id":"https:\/\/soledaddurazo.com\/#website","url":"https:\/\/soledaddurazo.com\/","name":"Periodista SoledadDurazo.com","description":"Periodista sonorense. Directora de www.SoledadDurazo.com Columnista, conductora de radio y Tv. Catedr\u00e1tica en la UNISON","publisher":{"@id":"https:\/\/soledaddurazo.com\/#organization"},"potentialAction":[{"@type":"SearchAction","target":{"@type":"EntryPoint","urlTemplate":"https:\/\/soledaddurazo.com\/?s={search_term_string}"},"query-input":"required name=search_term_string"}],"inLanguage":"es"},{"@type":"ImageObject","@id":"https:\/\/soledaddurazo.com\/blog\/2025\/08\/19\/la-importancia-de-las-vacaciones-para-el-bienestar-de-las-personas\/#primaryimage","inLanguage":"es","url":"https:\/\/soledaddurazo.com\/storage\/2025\/08\/images.jpeg","contentUrl":"https:\/\/soledaddurazo.com\/storage\/2025\/08\/images.jpeg","width":275,"height":183},{"@type":"WebPage","@id":"https:\/\/soledaddurazo.com\/blog\/2025\/08\/19\/la-importancia-de-las-vacaciones-para-el-bienestar-de-las-personas\/#webpage","url":"https:\/\/soledaddurazo.com\/blog\/2025\/08\/19\/la-importancia-de-las-vacaciones-para-el-bienestar-de-las-personas\/","name":"La importancia de las vacaciones para el bienestar de las personas - Periodista SoledadDurazo.com","isPartOf":{"@id":"https:\/\/soledaddurazo.com\/#website"},"primaryImageOfPage":{"@id":"https:\/\/soledaddurazo.com\/blog\/2025\/08\/19\/la-importancia-de-las-vacaciones-para-el-bienestar-de-las-personas\/#primaryimage"},"datePublished":"2025-08-20T04:49:55+00:00","dateModified":"2025-08-27T06:33:11+00:00","breadcrumb":{"@id":"https:\/\/soledaddurazo.com\/blog\/2025\/08\/19\/la-importancia-de-las-vacaciones-para-el-bienestar-de-las-personas\/#breadcrumb"},"inLanguage":"es","potentialAction":[{"@type":"ReadAction","target":["https:\/\/soledaddurazo.com\/blog\/2025\/08\/19\/la-importancia-de-las-vacaciones-para-el-bienestar-de-las-personas\/"]}]},{"@type":"BreadcrumbList","@id":"https:\/\/soledaddurazo.com\/blog\/2025\/08\/19\/la-importancia-de-las-vacaciones-para-el-bienestar-de-las-personas\/#breadcrumb","itemListElement":[{"@type":"ListItem","position":1,"name":"Home","item":"https:\/\/soledaddurazo.com\/"},{"@type":"ListItem","position":2,"name":"La importancia de las vacaciones para el bienestar de las personas"}]},{"@type":"Article","@id":"https:\/\/soledaddurazo.com\/blog\/2025\/08\/19\/la-importancia-de-las-vacaciones-para-el-bienestar-de-las-personas\/#article","isPartOf":{"@id":"https:\/\/soledaddurazo.com\/blog\/2025\/08\/19\/la-importancia-de-las-vacaciones-para-el-bienestar-de-las-personas\/#webpage"},"author":{"@id":"https:\/\/soledaddurazo.com\/#\/schema\/person\/822d8e13aa288585e6546f179853758b"},"headline":"La importancia de las vacaciones para el bienestar de las personas","datePublished":"2025-08-20T04:49:55+00:00","dateModified":"2025-08-27T06:33:11+00:00","mainEntityOfPage":{"@id":"https:\/\/soledaddurazo.com\/blog\/2025\/08\/19\/la-importancia-de-las-vacaciones-para-el-bienestar-de-las-personas\/#webpage"},"wordCount":212,"commentCount":0,"publisher":{"@id":"https:\/\/soledaddurazo.com\/#organization"},"image":{"@id":"https:\/\/soledaddurazo.com\/blog\/2025\/08\/19\/la-importancia-de-las-vacaciones-para-el-bienestar-de-las-personas\/#primaryimage"},"thumbnailUrl":"https:\/\/soledaddurazo.com\/storage\/2025\/08\/images.jpeg","articleSection":["principal"],"inLanguage":"es","potentialAction":[{"@type":"CommentAction","name":"Comment","target":["https:\/\/soledaddurazo.com\/blog\/2025\/08\/19\/la-importancia-de-las-vacaciones-para-el-bienestar-de-las-personas\/#respond"]}]},{"@type":"Person","@id":"https:\/\/soledaddurazo.com\/#\/schema\/person\/822d8e13aa288585e6546f179853758b","name":"Redacci\u00f3n","image":{"@type":"ImageObject","@id":"https:\/\/soledaddurazo.com\/#personlogo","inLanguage":"es","url":"https:\/\/secure.gravatar.com\/avatar\/c4e193752f756fd61f04deebed3a3a20dc188d37edb53682d313ac57f2725d54?s=96&d=mm&r=g","contentUrl":"https:\/\/secure.gravatar.com\/avatar\/c4e193752f756fd61f04deebed3a3a20dc188d37edb53682d313ac57f2725d54?s=96&d=mm&r=g","caption":"Redacci\u00f3n"},"sameAs":["https:\/\/soledaddurazo.com"]}]}},"_links":{"self":[{"href":"https:\/\/soledaddurazo.com\/api\/wp\/v2\/posts\/23263","targetHints":{"allow":["GET"]}}],"collection":[{"href":"https:\/\/soledaddurazo.com\/api\/wp\/v2\/posts"}],"about":[{"href":"https:\/\/soledaddurazo.com\/api\/wp\/v2\/types\/post"}],"author":[{"embeddable":true,"href":"https:\/\/soledaddurazo.com\/api\/wp\/v2\/users\/1"}],"replies":[{"embeddable":true,"href":"https:\/\/soledaddurazo.com\/api\/wp\/v2\/comments?post=23263"}],"version-history":[{"count":1,"href":"https:\/\/soledaddurazo.com\/api\/wp\/v2\/posts\/23263\/revisions"}],"predecessor-version":[{"id":23265,"href":"https:\/\/soledaddurazo.com\/api\/wp\/v2\/posts\/23263\/revisions\/23265"}],"wp:featuredmedia":[{"embeddable":true,"href":"https:\/\/soledaddurazo.com\/api\/wp\/v2\/media\/23264"}],"wp:attachment":[{"href":"https:\/\/soledaddurazo.com\/api\/wp\/v2\/media?parent=23263"}],"wp:term":[{"taxonomy":"category","embeddable":true,"href":"https:\/\/soledaddurazo.com\/api\/wp\/v2\/categories?post=23263"},{"taxonomy":"post_tag","embeddable":true,"href":"https:\/\/soledaddurazo.com\/api\/wp\/v2\/tags?post=23263"}],"curies":[{"name":"wp","href":"https:\/\/api.w.org\/{rel}","templated":true}]}}