{"id":23257,"date":"2025-08-19T21:26:19","date_gmt":"2025-08-20T04:26:19","guid":{"rendered":"https:\/\/soledaddurazo.com\/?p=23257"},"modified":"2025-08-26T23:29:56","modified_gmt":"2025-08-27T06:29:56","slug":"congreso-de-sonora-convoca-a-foro-para-analizar-reforma-a-la-ley-de-desarrollo-rural-sustentable","status":"publish","type":"post","link":"https:\/\/soledaddurazo.com\/blog\/2025\/08\/19\/congreso-de-sonora-convoca-a-foro-para-analizar-reforma-a-la-ley-de-desarrollo-rural-sustentable\/","title":{"rendered":"Congreso de Sonora convoca a foro para analizar reforma a la Ley de Desarrollo Rural Sustentable"},"content":{"rendered":"<p data-start=\"178\" data-end=\"506\">Con el prop\u00f3sito de fortalecer el di\u00e1logo con sectores productivos y acad\u00e9micos, el Congreso del Estado, a trav\u00e9s de la Comisi\u00f3n de Fomento Agr\u00edcola y Ganadero, convoc\u00f3 a participar en el foro de socializaci\u00f3n de la iniciativa que plantea reformar la Ley de Desarrollo Rural Sustentable.<\/p>\n<p data-start=\"508\" data-end=\"878\">La propuesta legislativa busca incorporar a un representante del Poder Legislativo en la Comisi\u00f3n Intersecretarial para el Desarrollo Rural Sustentable, con el fin de asegurar la voz del Congreso en la elaboraci\u00f3n del Plan de Desarrollo Rural, as\u00ed como en la identificaci\u00f3n y atenci\u00f3n de las problem\u00e1ticas que enfrentan productoras y productores agr\u00edcolas y ganaderos.<\/p>\n<p data-start=\"880\" data-end=\"1125\">La invitaci\u00f3n est\u00e1 dirigida a personas productoras del campo, instituciones de educaci\u00f3n superior, ingenieras e ingenieros agr\u00f3nomos, centros de investigaci\u00f3n y p\u00fablico en general, con el objetivo de enriquecer la construcci\u00f3n de la propuesta.<\/p>\n<p data-start=\"1127\" data-end=\"1501\">El foro se llevar\u00e1 a cabo el pr\u00f3ximo mi\u00e9rcoles 20 de agosto, a las 12:00 horas, en el auditorio del Congreso del Estado. Quienes no puedan asistir de manera presencial podr\u00e1n enviar sus aportaciones por escrito a la Oficial\u00eda de Partes, hasta el 22 de agosto, o bien al correo electr\u00f3nico <strong data-start=\"1416\" data-end=\"1453\"><a class=\"decorated-link cursor-pointer\" rel=\"noopener\" data-start=\"1418\" data-end=\"1451\">jesus.mendivil@congresoson.gob.mx<\/a><\/strong>.<br data-start=\"1454\" data-end=\"1457\" \/>M\u00e1s informaci\u00f3n en <strong data-start=\"1476\" data-end=\"1498\">congresoson.gob.mx<\/strong><\/p>\n","protected":false},"excerpt":{"rendered":"<p>Con el prop\u00f3sito de fortalecer el di\u00e1logo con sectores productivos y acad\u00e9micos, el Congreso del Estado, a trav\u00e9s de la Comisi\u00f3n de Fomento Agr\u00edcola y Ganadero, convoc\u00f3 a participar en el foro de socializaci\u00f3n de la iniciativa que plantea reformar la Ley de Desarrollo Rural Sustentable. La propuesta legislativa busca incorporar a un representante del [&hellip;]<\/p>\n","protected":false},"author":1,"featured_media":23258,"comment_status":"open","ping_status":"open","sticky":false,"template":"","format":"standard","meta":{"footnotes":""},"categories":[159,1],"tags":[],"class_list":["post"],"yoast_head":" \n<title>Congreso de Sonora convoca a foro para analizar reforma a la Ley de Desarrollo Rural Sustentable - Periodista SoledadDurazo.com<\/title>\n<meta name=\"robots\" content=\"index, follow, max-snippet:-1, max-image-preview:large, max-video-preview:-1\" \/>\n<link rel=\"canonical\" href=\"https:\/\/soledaddurazo.com\/blog\/2025\/08\/19\/congreso-de-sonora-convoca-a-foro-para-analizar-reforma-a-la-ley-de-desarrollo-rural-sustentable\/\" \/>\n<meta property=\"og:locale\" content=\"es_MX\" \/>\n<meta property=\"og:type\" content=\"article\" \/>\n<meta property=\"og:title\" content=\"Congreso de Sonora convoca a foro para analizar reforma a la Ley de Desarrollo Rural Sustentable\" \/>\n<meta property=\"og:description\" content=\"Con el prop\u00f3sito de fortalecer el di\u00e1logo con sectores productivos y acad\u00e9micos, el Congreso del Estado, a trav\u00e9s de la Comisi\u00f3n de Fomento Agr\u00edcola y Ganadero, convoc\u00f3 a participar en el foro de socializaci\u00f3n de la iniciativa que plantea reformar la Ley de Desarrollo Rural Sustentable. La propuesta legislativa busca incorporar a un representante del [&hellip;]\" \/>\n<meta property=\"og:url\" content=\"https:\/\/soledaddurazo.com\/blog\/2025\/08\/19\/congreso-de-sonora-convoca-a-foro-para-analizar-reforma-a-la-ley-de-desarrollo-rural-sustentable\/\" \/>\n<meta property=\"og:site_name\" content=\"Periodista SoledadDurazo.com\" \/>\n<meta property=\"article:publisher\" content=\"https:\/\/www.facebook.com\/soledad.durazo.9\/\" \/>\n<meta property=\"article:published_time\" content=\"2025-08-20T04:26:19+00:00\" \/>\n<meta property=\"article:modified_time\" content=\"2025-08-27T06:29:56+00:00\" \/>\n<meta property=\"og:image\" content=\"https:\/\/soledaddurazo.com\/storage\/2025\/08\/thumbnail.jpeg\" \/>\n\t<meta property=\"og:image:width\" content=\"900\" \/>\n\t<meta property=\"og:image:height\" content=\"1600\" \/>\n<meta name=\"twitter:card\" content=\"summary_large_image\" \/>\n<meta name=\"twitter:creator\" content=\"@SoledadDurazo\" \/>\n<meta name=\"twitter:site\" content=\"@SoledadDurazo\" \/>\n<meta name=\"twitter:label1\" content=\"Escrito por\" \/>\n\t<meta name=\"twitter:data1\" content=\"Redacci\u00f3n\" \/>\n\t<meta name=\"twitter:label2\" content=\"Tiempo de lectura\" \/>\n\t<meta name=\"twitter:data2\" content=\"1 minuto\" \/>\n<script type=\"application\/ld+json\" class=\"yoast-schema-graph\">{\"@context\":\"https:\/\/schema.org\",\"@graph\":[{\"@type\":\"Organization\",\"@id\":\"https:\/\/soledaddurazo.com\/#organization\",\"name\":\"Soledad Durazo\",\"url\":\"https:\/\/soledaddurazo.com\/\",\"sameAs\":[\"https:\/\/www.facebook.com\/soledad.durazo.9\/\",\"https:\/\/www.instagram.com\/soledaddurazo\",\"https:\/\/www.youtube.com\/channel\/UC9yGPw8-Vbl_B2XNkRwPS-w\",\"https:\/\/twitter.com\/SoledadDurazo\"],\"logo\":{\"@type\":\"ImageObject\",\"@id\":\"https:\/\/soledaddurazo.com\/#logo\",\"inLanguage\":\"es\",\"url\":\"https:\/\/soledaddurazo.com\/storage\/2021\/11\/nllp-720x375-1-2.png\",\"contentUrl\":\"https:\/\/soledaddurazo.com\/storage\/2021\/11\/nllp-720x375-1-2.png\",\"width\":720,\"height\":375,\"caption\":\"Soledad Durazo\"},\"image\":{\"@id\":\"https:\/\/soledaddurazo.com\/#logo\"}},{\"@type\":\"WebSite\",\"@id\":\"https:\/\/soledaddurazo.com\/#website\",\"url\":\"https:\/\/soledaddurazo.com\/\",\"name\":\"Periodista SoledadDurazo.com\",\"description\":\"Periodista sonorense. Directora de www.SoledadDurazo.com Columnista, conductora de radio y Tv. Catedr\\u00e1tica en la UNISON\",\"publisher\":{\"@id\":\"https:\/\/soledaddurazo.com\/#organization\"},\"potentialAction\":[{\"@type\":\"SearchAction\",\"target\":{\"@type\":\"EntryPoint\",\"urlTemplate\":\"https:\/\/soledaddurazo.com\/?s={search_term_string}\"},\"query-input\":\"required name=search_term_string\"}],\"inLanguage\":\"es\"},{\"@type\":\"ImageObject\",\"@id\":\"https:\/\/soledaddurazo.com\/blog\/2025\/08\/19\/congreso-de-sonora-convoca-a-foro-para-analizar-reforma-a-la-ley-de-desarrollo-rural-sustentable\/#primaryimage\",\"inLanguage\":\"es\",\"url\":\"https:\/\/soledaddurazo.com\/storage\/2025\/08\/thumbnail.jpeg\",\"contentUrl\":\"https:\/\/soledaddurazo.com\/storage\/2025\/08\/thumbnail.jpeg\",\"width\":900,\"height\":1600},{\"@type\":\"WebPage\",\"@id\":\"https:\/\/soledaddurazo.com\/blog\/2025\/08\/19\/congreso-de-sonora-convoca-a-foro-para-analizar-reforma-a-la-ley-de-desarrollo-rural-sustentable\/#webpage\",\"url\":\"https:\/\/soledaddurazo.com\/blog\/2025\/08\/19\/congreso-de-sonora-convoca-a-foro-para-analizar-reforma-a-la-ley-de-desarrollo-rural-sustentable\/\",\"name\":\"Congreso de Sonora convoca a foro para analizar reforma a la Ley de Desarrollo Rural Sustentable - Periodista SoledadDurazo.com\",\"isPartOf\":{\"@id\":\"https:\/\/soledaddurazo.com\/#website\"},\"primaryImageOfPage\":{\"@id\":\"https:\/\/soledaddurazo.com\/blog\/2025\/08\/19\/congreso-de-sonora-convoca-a-foro-para-analizar-reforma-a-la-ley-de-desarrollo-rural-sustentable\/#primaryimage\"},\"datePublished\":\"2025-08-20T04:26:19+00:00\",\"dateModified\":\"2025-08-27T06:29:56+00:00\",\"breadcrumb\":{\"@id\":\"https:\/\/soledaddurazo.com\/blog\/2025\/08\/19\/congreso-de-sonora-convoca-a-foro-para-analizar-reforma-a-la-ley-de-desarrollo-rural-sustentable\/#breadcrumb\"},\"inLanguage\":\"es\",\"potentialAction\":[{\"@type\":\"ReadAction\",\"target\":[\"https:\/\/soledaddurazo.com\/blog\/2025\/08\/19\/congreso-de-sonora-convoca-a-foro-para-analizar-reforma-a-la-ley-de-desarrollo-rural-sustentable\/\"]}]},{\"@type\":\"BreadcrumbList\",\"@id\":\"https:\/\/soledaddurazo.com\/blog\/2025\/08\/19\/congreso-de-sonora-convoca-a-foro-para-analizar-reforma-a-la-ley-de-desarrollo-rural-sustentable\/#breadcrumb\",\"itemListElement\":[{\"@type\":\"ListItem\",\"position\":1,\"name\":\"Home\",\"item\":\"https:\/\/soledaddurazo.com\/\"},{\"@type\":\"ListItem\",\"position\":2,\"name\":\"Congreso de Sonora convoca a foro para analizar reforma a la Ley de Desarrollo Rural Sustentable\"}]},{\"@type\":\"Article\",\"@id\":\"https:\/\/soledaddurazo.com\/blog\/2025\/08\/19\/congreso-de-sonora-convoca-a-foro-para-analizar-reforma-a-la-ley-de-desarrollo-rural-sustentable\/#article\",\"isPartOf\":{\"@id\":\"https:\/\/soledaddurazo.com\/blog\/2025\/08\/19\/congreso-de-sonora-convoca-a-foro-para-analizar-reforma-a-la-ley-de-desarrollo-rural-sustentable\/#webpage\"},\"author\":{\"@id\":\"https:\/\/soledaddurazo.com\/#\/schema\/person\/822d8e13aa288585e6546f179853758b\"},\"headline\":\"Congreso de Sonora convoca a foro para analizar reforma a la Ley de Desarrollo Rural Sustentable\",\"datePublished\":\"2025-08-20T04:26:19+00:00\",\"dateModified\":\"2025-08-27T06:29:56+00:00\",\"mainEntityOfPage\":{\"@id\":\"https:\/\/soledaddurazo.com\/blog\/2025\/08\/19\/congreso-de-sonora-convoca-a-foro-para-analizar-reforma-a-la-ley-de-desarrollo-rural-sustentable\/#webpage\"},\"wordCount\":236,\"commentCount\":0,\"publisher\":{\"@id\":\"https:\/\/soledaddurazo.com\/#organization\"},\"image\":{\"@id\":\"https:\/\/soledaddurazo.com\/blog\/2025\/08\/19\/congreso-de-sonora-convoca-a-foro-para-analizar-reforma-a-la-ley-de-desarrollo-rural-sustentable\/#primaryimage\"},\"thumbnailUrl\":\"https:\/\/soledaddurazo.com\/storage\/2025\/08\/thumbnail.jpeg\",\"articleSection\":[\"Mi Sonora\"],\"inLanguage\":\"es\",\"potentialAction\":[{\"@type\":\"CommentAction\",\"name\":\"Comment\",\"target\":[\"https:\/\/soledaddurazo.com\/blog\/2025\/08\/19\/congreso-de-sonora-convoca-a-foro-para-analizar-reforma-a-la-ley-de-desarrollo-rural-sustentable\/#respond\"]}]},{\"@type\":\"Person\",\"@id\":\"https:\/\/soledaddurazo.com\/#\/schema\/person\/822d8e13aa288585e6546f179853758b\",\"name\":\"Redacci\\u00f3n\",\"image\":{\"@type\":\"ImageObject\",\"@id\":\"https:\/\/soledaddurazo.com\/#personlogo\",\"inLanguage\":\"es\",\"url\":\"https:\/\/secure.gravatar.com\/avatar\/c4e193752f756fd61f04deebed3a3a20dc188d37edb53682d313ac57f2725d54?s=96&d=mm&r=g\",\"contentUrl\":\"https:\/\/secure.gravatar.com\/avatar\/c4e193752f756fd61f04deebed3a3a20dc188d37edb53682d313ac57f2725d54?s=96&d=mm&r=g\",\"caption\":\"Redacci\\u00f3n\"},\"sameAs\":[\"https:\/\/soledaddurazo.com\"]}]}<\/script>\n ","yoast_head_json":{"title":"Congreso de Sonora convoca a foro para analizar reforma a la Ley de Desarrollo Rural Sustentable - Periodista SoledadDurazo.com","robots":{"index":"index","follow":"follow","max-snippet":"max-snippet:-1","max-image-preview":"max-image-preview:large","max-video-preview":"max-video-preview:-1"},"canonical":"https:\/\/soledaddurazo.com\/blog\/2025\/08\/19\/congreso-de-sonora-convoca-a-foro-para-analizar-reforma-a-la-ley-de-desarrollo-rural-sustentable\/","og_locale":"es_MX","og_type":"article","og_title":"Congreso de Sonora convoca a foro para analizar reforma a la Ley de Desarrollo Rural Sustentable","og_description":"Con el prop\u00f3sito de fortalecer el di\u00e1logo con sectores productivos y acad\u00e9micos, el Congreso del Estado, a trav\u00e9s de la Comisi\u00f3n de Fomento Agr\u00edcola y Ganadero, convoc\u00f3 a participar en el foro de socializaci\u00f3n de la iniciativa que plantea reformar la Ley de Desarrollo Rural Sustentable. La propuesta legislativa busca incorporar a un representante del [&hellip;]","og_url":"https:\/\/soledaddurazo.com\/blog\/2025\/08\/19\/congreso-de-sonora-convoca-a-foro-para-analizar-reforma-a-la-ley-de-desarrollo-rural-sustentable\/","og_site_name":"Periodista SoledadDurazo.com","article_publisher":"https:\/\/www.facebook.com\/soledad.durazo.9\/","article_published_time":"2025-08-20T04:26:19+00:00","article_modified_time":"2025-08-27T06:29:56+00:00","og_image":[{"width":900,"height":1600,"url":"https:\/\/soledaddurazo.com\/storage\/2025\/08\/thumbnail.jpeg","type":"image\/jpeg"}],"twitter_card":"summary_large_image","twitter_creator":"@SoledadDurazo","twitter_site":"@SoledadDurazo","twitter_misc":{"Escrito por":"Redacci\u00f3n","Tiempo de lectura":"1 minuto"},"schema":{"@context":"https:\/\/schema.org","@graph":[{"@type":"Organization","@id":"https:\/\/soledaddurazo.com\/#organization","name":"Soledad Durazo","url":"https:\/\/soledaddurazo.com\/","sameAs":["https:\/\/www.facebook.com\/soledad.durazo.9\/","https:\/\/www.instagram.com\/soledaddurazo","https:\/\/www.youtube.com\/channel\/UC9yGPw8-Vbl_B2XNkRwPS-w","https:\/\/twitter.com\/SoledadDurazo"],"logo":{"@type":"ImageObject","@id":"https:\/\/soledaddurazo.com\/#logo","inLanguage":"es","url":"https:\/\/soledaddurazo.com\/storage\/2021\/11\/nllp-720x375-1-2.png","contentUrl":"https:\/\/soledaddurazo.com\/storage\/2021\/11\/nllp-720x375-1-2.png","width":720,"height":375,"caption":"Soledad Durazo"},"image":{"@id":"https:\/\/soledaddurazo.com\/#logo"}},{"@type":"WebSite","@id":"https:\/\/soledaddurazo.com\/#website","url":"https:\/\/soledaddurazo.com\/","name":"Periodista SoledadDurazo.com","description":"Periodista sonorense. Directora de www.SoledadDurazo.com Columnista, conductora de radio y Tv. Catedr\u00e1tica en la UNISON","publisher":{"@id":"https:\/\/soledaddurazo.com\/#organization"},"potentialAction":[{"@type":"SearchAction","target":{"@type":"EntryPoint","urlTemplate":"https:\/\/soledaddurazo.com\/?s={search_term_string}"},"query-input":"required name=search_term_string"}],"inLanguage":"es"},{"@type":"ImageObject","@id":"https:\/\/soledaddurazo.com\/blog\/2025\/08\/19\/congreso-de-sonora-convoca-a-foro-para-analizar-reforma-a-la-ley-de-desarrollo-rural-sustentable\/#primaryimage","inLanguage":"es","url":"https:\/\/soledaddurazo.com\/storage\/2025\/08\/thumbnail.jpeg","contentUrl":"https:\/\/soledaddurazo.com\/storage\/2025\/08\/thumbnail.jpeg","width":900,"height":1600},{"@type":"WebPage","@id":"https:\/\/soledaddurazo.com\/blog\/2025\/08\/19\/congreso-de-sonora-convoca-a-foro-para-analizar-reforma-a-la-ley-de-desarrollo-rural-sustentable\/#webpage","url":"https:\/\/soledaddurazo.com\/blog\/2025\/08\/19\/congreso-de-sonora-convoca-a-foro-para-analizar-reforma-a-la-ley-de-desarrollo-rural-sustentable\/","name":"Congreso de Sonora convoca a foro para analizar reforma a la Ley de Desarrollo Rural Sustentable - Periodista SoledadDurazo.com","isPartOf":{"@id":"https:\/\/soledaddurazo.com\/#website"},"primaryImageOfPage":{"@id":"https:\/\/soledaddurazo.com\/blog\/2025\/08\/19\/congreso-de-sonora-convoca-a-foro-para-analizar-reforma-a-la-ley-de-desarrollo-rural-sustentable\/#primaryimage"},"datePublished":"2025-08-20T04:26:19+00:00","dateModified":"2025-08-27T06:29:56+00:00","breadcrumb":{"@id":"https:\/\/soledaddurazo.com\/blog\/2025\/08\/19\/congreso-de-sonora-convoca-a-foro-para-analizar-reforma-a-la-ley-de-desarrollo-rural-sustentable\/#breadcrumb"},"inLanguage":"es","potentialAction":[{"@type":"ReadAction","target":["https:\/\/soledaddurazo.com\/blog\/2025\/08\/19\/congreso-de-sonora-convoca-a-foro-para-analizar-reforma-a-la-ley-de-desarrollo-rural-sustentable\/"]}]},{"@type":"BreadcrumbList","@id":"https:\/\/soledaddurazo.com\/blog\/2025\/08\/19\/congreso-de-sonora-convoca-a-foro-para-analizar-reforma-a-la-ley-de-desarrollo-rural-sustentable\/#breadcrumb","itemListElement":[{"@type":"ListItem","position":1,"name":"Home","item":"https:\/\/soledaddurazo.com\/"},{"@type":"ListItem","position":2,"name":"Congreso de Sonora convoca a foro para analizar reforma a la Ley de Desarrollo Rural Sustentable"}]},{"@type":"Article","@id":"https:\/\/soledaddurazo.com\/blog\/2025\/08\/19\/congreso-de-sonora-convoca-a-foro-para-analizar-reforma-a-la-ley-de-desarrollo-rural-sustentable\/#article","isPartOf":{"@id":"https:\/\/soledaddurazo.com\/blog\/2025\/08\/19\/congreso-de-sonora-convoca-a-foro-para-analizar-reforma-a-la-ley-de-desarrollo-rural-sustentable\/#webpage"},"author":{"@id":"https:\/\/soledaddurazo.com\/#\/schema\/person\/822d8e13aa288585e6546f179853758b"},"headline":"Congreso de Sonora convoca a foro para analizar reforma a la Ley de Desarrollo Rural Sustentable","datePublished":"2025-08-20T04:26:19+00:00","dateModified":"2025-08-27T06:29:56+00:00","mainEntityOfPage":{"@id":"https:\/\/soledaddurazo.com\/blog\/2025\/08\/19\/congreso-de-sonora-convoca-a-foro-para-analizar-reforma-a-la-ley-de-desarrollo-rural-sustentable\/#webpage"},"wordCount":236,"commentCount":0,"publisher":{"@id":"https:\/\/soledaddurazo.com\/#organization"},"image":{"@id":"https:\/\/soledaddurazo.com\/blog\/2025\/08\/19\/congreso-de-sonora-convoca-a-foro-para-analizar-reforma-a-la-ley-de-desarrollo-rural-sustentable\/#primaryimage"},"thumbnailUrl":"https:\/\/soledaddurazo.com\/storage\/2025\/08\/thumbnail.jpeg","articleSection":["Mi Sonora"],"inLanguage":"es","potentialAction":[{"@type":"CommentAction","name":"Comment","target":["https:\/\/soledaddurazo.com\/blog\/2025\/08\/19\/congreso-de-sonora-convoca-a-foro-para-analizar-reforma-a-la-ley-de-desarrollo-rural-sustentable\/#respond"]}]},{"@type":"Person","@id":"https:\/\/soledaddurazo.com\/#\/schema\/person\/822d8e13aa288585e6546f179853758b","name":"Redacci\u00f3n","image":{"@type":"ImageObject","@id":"https:\/\/soledaddurazo.com\/#personlogo","inLanguage":"es","url":"https:\/\/secure.gravatar.com\/avatar\/c4e193752f756fd61f04deebed3a3a20dc188d37edb53682d313ac57f2725d54?s=96&d=mm&r=g","contentUrl":"https:\/\/secure.gravatar.com\/avatar\/c4e193752f756fd61f04deebed3a3a20dc188d37edb53682d313ac57f2725d54?s=96&d=mm&r=g","caption":"Redacci\u00f3n"},"sameAs":["https:\/\/soledaddurazo.com"]}]}},"_links":{"self":[{"href":"https:\/\/soledaddurazo.com\/api\/wp\/v2\/posts\/23257","targetHints":{"allow":["GET"]}}],"collection":[{"href":"https:\/\/soledaddurazo.com\/api\/wp\/v2\/posts"}],"about":[{"href":"https:\/\/soledaddurazo.com\/api\/wp\/v2\/types\/post"}],"author":[{"embeddable":true,"href":"https:\/\/soledaddurazo.com\/api\/wp\/v2\/users\/1"}],"replies":[{"embeddable":true,"href":"https:\/\/soledaddurazo.com\/api\/wp\/v2\/comments?post=23257"}],"version-history":[{"count":1,"href":"https:\/\/soledaddurazo.com\/api\/wp\/v2\/posts\/23257\/revisions"}],"predecessor-version":[{"id":23259,"href":"https:\/\/soledaddurazo.com\/api\/wp\/v2\/posts\/23257\/revisions\/23259"}],"wp:featuredmedia":[{"embeddable":true,"href":"https:\/\/soledaddurazo.com\/api\/wp\/v2\/media\/23258"}],"wp:attachment":[{"href":"https:\/\/soledaddurazo.com\/api\/wp\/v2\/media?parent=23257"}],"wp:term":[{"taxonomy":"category","embeddable":true,"href":"https:\/\/soledaddurazo.com\/api\/wp\/v2\/categories?post=23257"},{"taxonomy":"post_tag","embeddable":true,"href":"https:\/\/soledaddurazo.com\/api\/wp\/v2\/tags?post=23257"}],"curies":[{"name":"wp","href":"https:\/\/api.w.org\/{rel}","templated":true}]}}