{"id":23250,"date":"2025-08-26T21:01:07","date_gmt":"2025-08-27T04:01:07","guid":{"rendered":"https:\/\/soledaddurazo.com\/?p=23250"},"modified":"2025-08-26T23:38:54","modified_gmt":"2025-08-27T06:38:54","slug":"dif-sonora-invita-a-celebrar-el-dia-de-las-personas-mayores-con-musica-y-baile","status":"publish","type":"post","link":"https:\/\/soledaddurazo.com\/blog\/2025\/08\/26\/dif-sonora-invita-a-celebrar-el-dia-de-las-personas-mayores-con-musica-y-baile\/","title":{"rendered":"DIF Sonora invita a celebrar el D\u00eda de las Personas Mayores con m\u00fasica y baile"},"content":{"rendered":"<p data-start=\"145\" data-end=\"411\">Con el prop\u00f3sito de rendir homenaje a quienes con su experiencia y sabidur\u00eda han contribuido al presente de la sociedad, el Gobierno de Sonora, a trav\u00e9s de DIF Sonora, realizar\u00e1 diversas actividades en el marco del D\u00eda de las Personas Mayores.<\/p>\n<p data-start=\"413\" data-end=\"665\">El pr\u00f3ximo <strong data-start=\"424\" data-end=\"440\">28 de agosto<\/strong> se llevar\u00e1 a cabo la entrega del <strong data-start=\"474\" data-end=\"535\">Reconocimiento Sahuaro 2025, Homenaje a las y los grandes<\/strong>, ceremonia que ser\u00e1 transmitida en vivo por las redes sociales de DIF Sonora y a trav\u00e9s de Telemax a partir de las 19:00 horas.<\/p>\n<p data-start=\"413\" data-end=\"665\"><a href=\"https:\/\/soledaddurazo.com\/storage\/2025\/08\/mail.jpeg\"><img loading=\"lazy\" decoding=\"async\" class=\"aligncenter size-full wp-image-23253\" src=\"https:\/\/soledaddurazo.com\/storage\/2025\/08\/mail.jpeg\" alt=\"\" width=\"1200\" height=\"800\" srcset=\"https:\/\/soledaddurazo.com\/storage\/2025\/08\/mail.jpeg 1200w, https:\/\/soledaddurazo.com\/storage\/2025\/08\/mail-300x200.jpeg 300w, https:\/\/soledaddurazo.com\/storage\/2025\/08\/mail-1024x683.jpeg 1024w, https:\/\/soledaddurazo.com\/storage\/2025\/08\/mail-768x512.jpeg 768w, https:\/\/soledaddurazo.com\/storage\/2025\/08\/mail-600x400.jpeg 600w, https:\/\/soledaddurazo.com\/storage\/2025\/08\/mail-750x500.jpeg 750w, https:\/\/soledaddurazo.com\/storage\/2025\/08\/mail-1140x760.jpeg 1140w\" sizes=\"auto, (max-width: 1200px) 100vw, 1200px\" \/><\/a><\/p>\n<p data-start=\"667\" data-end=\"1108\">Como parte de la celebraci\u00f3n, el viernes <strong data-start=\"708\" data-end=\"724\">29 de agosto<\/strong> se efectuar\u00e1 por cuarto a\u00f1o consecutivo el evento <strong data-start=\"775\" data-end=\"799\">\u201cBailar es Recordar\u201d<\/strong>, una velada musical que tendr\u00e1 lugar en la <strong data-start=\"843\" data-end=\"915\">Plaza de la Parroquia de la Candelaria, en la colonia Villa de Seris<\/strong>, a partir de las 20:00 horas. La Orquesta de los Hermanos Oth\u00f3n ser\u00e1 la encargada de amenizar el baile con melod\u00edas tradicionales sonorenses y cl\u00e1sicos que han marcado a varias generaciones.<\/p>\n<p data-start=\"1110\" data-end=\"1379\">Lizeth V\u00e1squez Ochoa, directora general de DIF Sonora, destac\u00f3 que estas actividades buscan reconocer el valor de las personas mayores y brindarles espacios de convivencia y alegr\u00eda, donde la m\u00fasica y la tradici\u00f3n se convierten en un tributo a su trayectoria de vida.<\/p>\n","protected":false},"excerpt":{"rendered":"<p>Con el prop\u00f3sito de rendir homenaje a quienes con su experiencia y sabidur\u00eda han contribuido al presente de la sociedad, el Gobierno de Sonora, a trav\u00e9s de DIF Sonora, realizar\u00e1 diversas actividades en el marco del D\u00eda de las Personas Mayores. El pr\u00f3ximo 28 de agosto se llevar\u00e1 a cabo la entrega del Reconocimiento Sahuaro [&hellip;]<\/p>\n","protected":false},"author":1,"featured_media":23251,"comment_status":"open","ping_status":"open","sticky":false,"template":"","format":"standard","meta":{"footnotes":""},"categories":[153],"tags":[],"class_list":["post"],"yoast_head":" \n<title>DIF Sonora invita a celebrar el D\u00eda de las Personas Mayores con m\u00fasica y baile - Periodista SoledadDurazo.com<\/title>\n<meta name=\"robots\" content=\"index, follow, max-snippet:-1, max-image-preview:large, max-video-preview:-1\" \/>\n<link rel=\"canonical\" href=\"https:\/\/soledaddurazo.com\/blog\/2025\/08\/26\/dif-sonora-invita-a-celebrar-el-dia-de-las-personas-mayores-con-musica-y-baile\/\" \/>\n<meta property=\"og:locale\" content=\"es_MX\" \/>\n<meta property=\"og:type\" content=\"article\" \/>\n<meta property=\"og:title\" content=\"DIF Sonora invita a celebrar el D\u00eda de las Personas Mayores con m\u00fasica y baile\" \/>\n<meta property=\"og:description\" content=\"Con el prop\u00f3sito de rendir homenaje a quienes con su experiencia y sabidur\u00eda han contribuido al presente de la sociedad, el Gobierno de Sonora, a trav\u00e9s de DIF Sonora, realizar\u00e1 diversas actividades en el marco del D\u00eda de las Personas Mayores. El pr\u00f3ximo 28 de agosto se llevar\u00e1 a cabo la entrega del Reconocimiento Sahuaro [&hellip;]\" \/>\n<meta property=\"og:url\" content=\"https:\/\/soledaddurazo.com\/blog\/2025\/08\/26\/dif-sonora-invita-a-celebrar-el-dia-de-las-personas-mayores-con-musica-y-baile\/\" \/>\n<meta property=\"og:site_name\" content=\"Periodista SoledadDurazo.com\" \/>\n<meta property=\"article:publisher\" content=\"https:\/\/www.facebook.com\/soledad.durazo.9\/\" \/>\n<meta property=\"article:published_time\" content=\"2025-08-27T04:01:07+00:00\" \/>\n<meta property=\"article:modified_time\" content=\"2025-08-27T06:38:54+00:00\" \/>\n<meta property=\"og:image\" content=\"https:\/\/soledaddurazo.com\/storage\/2025\/08\/mail-2.jpeg\" \/>\n\t<meta property=\"og:image:width\" content=\"1080\" \/>\n\t<meta property=\"og:image:height\" content=\"1350\" \/>\n<meta name=\"twitter:card\" content=\"summary_large_image\" \/>\n<meta name=\"twitter:creator\" content=\"@SoledadDurazo\" \/>\n<meta name=\"twitter:site\" content=\"@SoledadDurazo\" \/>\n<meta name=\"twitter:label1\" content=\"Escrito por\" \/>\n\t<meta name=\"twitter:data1\" content=\"Redacci\u00f3n\" \/>\n\t<meta name=\"twitter:label2\" content=\"Tiempo de lectura\" \/>\n\t<meta name=\"twitter:data2\" content=\"1 minuto\" \/>\n<script type=\"application\/ld+json\" class=\"yoast-schema-graph\">{\"@context\":\"https:\/\/schema.org\",\"@graph\":[{\"@type\":\"Organization\",\"@id\":\"https:\/\/soledaddurazo.com\/#organization\",\"name\":\"Soledad Durazo\",\"url\":\"https:\/\/soledaddurazo.com\/\",\"sameAs\":[\"https:\/\/www.facebook.com\/soledad.durazo.9\/\",\"https:\/\/www.instagram.com\/soledaddurazo\",\"https:\/\/www.youtube.com\/channel\/UC9yGPw8-Vbl_B2XNkRwPS-w\",\"https:\/\/twitter.com\/SoledadDurazo\"],\"logo\":{\"@type\":\"ImageObject\",\"@id\":\"https:\/\/soledaddurazo.com\/#logo\",\"inLanguage\":\"es\",\"url\":\"https:\/\/soledaddurazo.com\/storage\/2021\/11\/nllp-720x375-1-2.png\",\"contentUrl\":\"https:\/\/soledaddurazo.com\/storage\/2021\/11\/nllp-720x375-1-2.png\",\"width\":720,\"height\":375,\"caption\":\"Soledad Durazo\"},\"image\":{\"@id\":\"https:\/\/soledaddurazo.com\/#logo\"}},{\"@type\":\"WebSite\",\"@id\":\"https:\/\/soledaddurazo.com\/#website\",\"url\":\"https:\/\/soledaddurazo.com\/\",\"name\":\"Periodista SoledadDurazo.com\",\"description\":\"Periodista sonorense. Directora de www.SoledadDurazo.com Columnista, conductora de radio y Tv. Catedr\\u00e1tica en la UNISON\",\"publisher\":{\"@id\":\"https:\/\/soledaddurazo.com\/#organization\"},\"potentialAction\":[{\"@type\":\"SearchAction\",\"target\":{\"@type\":\"EntryPoint\",\"urlTemplate\":\"https:\/\/soledaddurazo.com\/?s={search_term_string}\"},\"query-input\":\"required name=search_term_string\"}],\"inLanguage\":\"es\"},{\"@type\":\"ImageObject\",\"@id\":\"https:\/\/soledaddurazo.com\/blog\/2025\/08\/26\/dif-sonora-invita-a-celebrar-el-dia-de-las-personas-mayores-con-musica-y-baile\/#primaryimage\",\"inLanguage\":\"es\",\"url\":\"https:\/\/soledaddurazo.com\/storage\/2025\/08\/mail-2.jpeg\",\"contentUrl\":\"https:\/\/soledaddurazo.com\/storage\/2025\/08\/mail-2.jpeg\",\"width\":1080,\"height\":1350},{\"@type\":\"WebPage\",\"@id\":\"https:\/\/soledaddurazo.com\/blog\/2025\/08\/26\/dif-sonora-invita-a-celebrar-el-dia-de-las-personas-mayores-con-musica-y-baile\/#webpage\",\"url\":\"https:\/\/soledaddurazo.com\/blog\/2025\/08\/26\/dif-sonora-invita-a-celebrar-el-dia-de-las-personas-mayores-con-musica-y-baile\/\",\"name\":\"DIF Sonora invita a celebrar el D\\u00eda de las Personas Mayores con m\\u00fasica y baile - Periodista SoledadDurazo.com\",\"isPartOf\":{\"@id\":\"https:\/\/soledaddurazo.com\/#website\"},\"primaryImageOfPage\":{\"@id\":\"https:\/\/soledaddurazo.com\/blog\/2025\/08\/26\/dif-sonora-invita-a-celebrar-el-dia-de-las-personas-mayores-con-musica-y-baile\/#primaryimage\"},\"datePublished\":\"2025-08-27T04:01:07+00:00\",\"dateModified\":\"2025-08-27T06:38:54+00:00\",\"breadcrumb\":{\"@id\":\"https:\/\/soledaddurazo.com\/blog\/2025\/08\/26\/dif-sonora-invita-a-celebrar-el-dia-de-las-personas-mayores-con-musica-y-baile\/#breadcrumb\"},\"inLanguage\":\"es\",\"potentialAction\":[{\"@type\":\"ReadAction\",\"target\":[\"https:\/\/soledaddurazo.com\/blog\/2025\/08\/26\/dif-sonora-invita-a-celebrar-el-dia-de-las-personas-mayores-con-musica-y-baile\/\"]}]},{\"@type\":\"BreadcrumbList\",\"@id\":\"https:\/\/soledaddurazo.com\/blog\/2025\/08\/26\/dif-sonora-invita-a-celebrar-el-dia-de-las-personas-mayores-con-musica-y-baile\/#breadcrumb\",\"itemListElement\":[{\"@type\":\"ListItem\",\"position\":1,\"name\":\"Home\",\"item\":\"https:\/\/soledaddurazo.com\/\"},{\"@type\":\"ListItem\",\"position\":2,\"name\":\"DIF Sonora invita a celebrar el D\\u00eda de las Personas Mayores con m\\u00fasica y baile\"}]},{\"@type\":\"Article\",\"@id\":\"https:\/\/soledaddurazo.com\/blog\/2025\/08\/26\/dif-sonora-invita-a-celebrar-el-dia-de-las-personas-mayores-con-musica-y-baile\/#article\",\"isPartOf\":{\"@id\":\"https:\/\/soledaddurazo.com\/blog\/2025\/08\/26\/dif-sonora-invita-a-celebrar-el-dia-de-las-personas-mayores-con-musica-y-baile\/#webpage\"},\"author\":{\"@id\":\"https:\/\/soledaddurazo.com\/#\/schema\/person\/822d8e13aa288585e6546f179853758b\"},\"headline\":\"DIF Sonora invita a celebrar el D\\u00eda de las Personas Mayores con m\\u00fasica y baile\",\"datePublished\":\"2025-08-27T04:01:07+00:00\",\"dateModified\":\"2025-08-27T06:38:54+00:00\",\"mainEntityOfPage\":{\"@id\":\"https:\/\/soledaddurazo.com\/blog\/2025\/08\/26\/dif-sonora-invita-a-celebrar-el-dia-de-las-personas-mayores-con-musica-y-baile\/#webpage\"},\"wordCount\":229,\"commentCount\":0,\"publisher\":{\"@id\":\"https:\/\/soledaddurazo.com\/#organization\"},\"image\":{\"@id\":\"https:\/\/soledaddurazo.com\/blog\/2025\/08\/26\/dif-sonora-invita-a-celebrar-el-dia-de-las-personas-mayores-con-musica-y-baile\/#primaryimage\"},\"thumbnailUrl\":\"https:\/\/soledaddurazo.com\/storage\/2025\/08\/mail-2.jpeg\",\"articleSection\":[\"principal\"],\"inLanguage\":\"es\",\"potentialAction\":[{\"@type\":\"CommentAction\",\"name\":\"Comment\",\"target\":[\"https:\/\/soledaddurazo.com\/blog\/2025\/08\/26\/dif-sonora-invita-a-celebrar-el-dia-de-las-personas-mayores-con-musica-y-baile\/#respond\"]}]},{\"@type\":\"Person\",\"@id\":\"https:\/\/soledaddurazo.com\/#\/schema\/person\/822d8e13aa288585e6546f179853758b\",\"name\":\"Redacci\\u00f3n\",\"image\":{\"@type\":\"ImageObject\",\"@id\":\"https:\/\/soledaddurazo.com\/#personlogo\",\"inLanguage\":\"es\",\"url\":\"https:\/\/secure.gravatar.com\/avatar\/c4e193752f756fd61f04deebed3a3a20dc188d37edb53682d313ac57f2725d54?s=96&d=mm&r=g\",\"contentUrl\":\"https:\/\/secure.gravatar.com\/avatar\/c4e193752f756fd61f04deebed3a3a20dc188d37edb53682d313ac57f2725d54?s=96&d=mm&r=g\",\"caption\":\"Redacci\\u00f3n\"},\"sameAs\":[\"https:\/\/soledaddurazo.com\"]}]}<\/script>\n ","yoast_head_json":{"title":"DIF Sonora invita a celebrar el D\u00eda de las Personas Mayores con m\u00fasica y baile - Periodista SoledadDurazo.com","robots":{"index":"index","follow":"follow","max-snippet":"max-snippet:-1","max-image-preview":"max-image-preview:large","max-video-preview":"max-video-preview:-1"},"canonical":"https:\/\/soledaddurazo.com\/blog\/2025\/08\/26\/dif-sonora-invita-a-celebrar-el-dia-de-las-personas-mayores-con-musica-y-baile\/","og_locale":"es_MX","og_type":"article","og_title":"DIF Sonora invita a celebrar el D\u00eda de las Personas Mayores con m\u00fasica y baile","og_description":"Con el prop\u00f3sito de rendir homenaje a quienes con su experiencia y sabidur\u00eda han contribuido al presente de la sociedad, el Gobierno de Sonora, a trav\u00e9s de DIF Sonora, realizar\u00e1 diversas actividades en el marco del D\u00eda de las Personas Mayores. El pr\u00f3ximo 28 de agosto se llevar\u00e1 a cabo la entrega del Reconocimiento Sahuaro [&hellip;]","og_url":"https:\/\/soledaddurazo.com\/blog\/2025\/08\/26\/dif-sonora-invita-a-celebrar-el-dia-de-las-personas-mayores-con-musica-y-baile\/","og_site_name":"Periodista SoledadDurazo.com","article_publisher":"https:\/\/www.facebook.com\/soledad.durazo.9\/","article_published_time":"2025-08-27T04:01:07+00:00","article_modified_time":"2025-08-27T06:38:54+00:00","og_image":[{"width":1080,"height":1350,"url":"https:\/\/soledaddurazo.com\/storage\/2025\/08\/mail-2.jpeg","type":"image\/jpeg"}],"twitter_card":"summary_large_image","twitter_creator":"@SoledadDurazo","twitter_site":"@SoledadDurazo","twitter_misc":{"Escrito por":"Redacci\u00f3n","Tiempo de lectura":"1 minuto"},"schema":{"@context":"https:\/\/schema.org","@graph":[{"@type":"Organization","@id":"https:\/\/soledaddurazo.com\/#organization","name":"Soledad Durazo","url":"https:\/\/soledaddurazo.com\/","sameAs":["https:\/\/www.facebook.com\/soledad.durazo.9\/","https:\/\/www.instagram.com\/soledaddurazo","https:\/\/www.youtube.com\/channel\/UC9yGPw8-Vbl_B2XNkRwPS-w","https:\/\/twitter.com\/SoledadDurazo"],"logo":{"@type":"ImageObject","@id":"https:\/\/soledaddurazo.com\/#logo","inLanguage":"es","url":"https:\/\/soledaddurazo.com\/storage\/2021\/11\/nllp-720x375-1-2.png","contentUrl":"https:\/\/soledaddurazo.com\/storage\/2021\/11\/nllp-720x375-1-2.png","width":720,"height":375,"caption":"Soledad Durazo"},"image":{"@id":"https:\/\/soledaddurazo.com\/#logo"}},{"@type":"WebSite","@id":"https:\/\/soledaddurazo.com\/#website","url":"https:\/\/soledaddurazo.com\/","name":"Periodista SoledadDurazo.com","description":"Periodista sonorense. Directora de www.SoledadDurazo.com Columnista, conductora de radio y Tv. Catedr\u00e1tica en la UNISON","publisher":{"@id":"https:\/\/soledaddurazo.com\/#organization"},"potentialAction":[{"@type":"SearchAction","target":{"@type":"EntryPoint","urlTemplate":"https:\/\/soledaddurazo.com\/?s={search_term_string}"},"query-input":"required name=search_term_string"}],"inLanguage":"es"},{"@type":"ImageObject","@id":"https:\/\/soledaddurazo.com\/blog\/2025\/08\/26\/dif-sonora-invita-a-celebrar-el-dia-de-las-personas-mayores-con-musica-y-baile\/#primaryimage","inLanguage":"es","url":"https:\/\/soledaddurazo.com\/storage\/2025\/08\/mail-2.jpeg","contentUrl":"https:\/\/soledaddurazo.com\/storage\/2025\/08\/mail-2.jpeg","width":1080,"height":1350},{"@type":"WebPage","@id":"https:\/\/soledaddurazo.com\/blog\/2025\/08\/26\/dif-sonora-invita-a-celebrar-el-dia-de-las-personas-mayores-con-musica-y-baile\/#webpage","url":"https:\/\/soledaddurazo.com\/blog\/2025\/08\/26\/dif-sonora-invita-a-celebrar-el-dia-de-las-personas-mayores-con-musica-y-baile\/","name":"DIF Sonora invita a celebrar el D\u00eda de las Personas Mayores con m\u00fasica y baile - Periodista SoledadDurazo.com","isPartOf":{"@id":"https:\/\/soledaddurazo.com\/#website"},"primaryImageOfPage":{"@id":"https:\/\/soledaddurazo.com\/blog\/2025\/08\/26\/dif-sonora-invita-a-celebrar-el-dia-de-las-personas-mayores-con-musica-y-baile\/#primaryimage"},"datePublished":"2025-08-27T04:01:07+00:00","dateModified":"2025-08-27T06:38:54+00:00","breadcrumb":{"@id":"https:\/\/soledaddurazo.com\/blog\/2025\/08\/26\/dif-sonora-invita-a-celebrar-el-dia-de-las-personas-mayores-con-musica-y-baile\/#breadcrumb"},"inLanguage":"es","potentialAction":[{"@type":"ReadAction","target":["https:\/\/soledaddurazo.com\/blog\/2025\/08\/26\/dif-sonora-invita-a-celebrar-el-dia-de-las-personas-mayores-con-musica-y-baile\/"]}]},{"@type":"BreadcrumbList","@id":"https:\/\/soledaddurazo.com\/blog\/2025\/08\/26\/dif-sonora-invita-a-celebrar-el-dia-de-las-personas-mayores-con-musica-y-baile\/#breadcrumb","itemListElement":[{"@type":"ListItem","position":1,"name":"Home","item":"https:\/\/soledaddurazo.com\/"},{"@type":"ListItem","position":2,"name":"DIF Sonora invita a celebrar el D\u00eda de las Personas Mayores con m\u00fasica y baile"}]},{"@type":"Article","@id":"https:\/\/soledaddurazo.com\/blog\/2025\/08\/26\/dif-sonora-invita-a-celebrar-el-dia-de-las-personas-mayores-con-musica-y-baile\/#article","isPartOf":{"@id":"https:\/\/soledaddurazo.com\/blog\/2025\/08\/26\/dif-sonora-invita-a-celebrar-el-dia-de-las-personas-mayores-con-musica-y-baile\/#webpage"},"author":{"@id":"https:\/\/soledaddurazo.com\/#\/schema\/person\/822d8e13aa288585e6546f179853758b"},"headline":"DIF Sonora invita a celebrar el D\u00eda de las Personas Mayores con m\u00fasica y baile","datePublished":"2025-08-27T04:01:07+00:00","dateModified":"2025-08-27T06:38:54+00:00","mainEntityOfPage":{"@id":"https:\/\/soledaddurazo.com\/blog\/2025\/08\/26\/dif-sonora-invita-a-celebrar-el-dia-de-las-personas-mayores-con-musica-y-baile\/#webpage"},"wordCount":229,"commentCount":0,"publisher":{"@id":"https:\/\/soledaddurazo.com\/#organization"},"image":{"@id":"https:\/\/soledaddurazo.com\/blog\/2025\/08\/26\/dif-sonora-invita-a-celebrar-el-dia-de-las-personas-mayores-con-musica-y-baile\/#primaryimage"},"thumbnailUrl":"https:\/\/soledaddurazo.com\/storage\/2025\/08\/mail-2.jpeg","articleSection":["principal"],"inLanguage":"es","potentialAction":[{"@type":"CommentAction","name":"Comment","target":["https:\/\/soledaddurazo.com\/blog\/2025\/08\/26\/dif-sonora-invita-a-celebrar-el-dia-de-las-personas-mayores-con-musica-y-baile\/#respond"]}]},{"@type":"Person","@id":"https:\/\/soledaddurazo.com\/#\/schema\/person\/822d8e13aa288585e6546f179853758b","name":"Redacci\u00f3n","image":{"@type":"ImageObject","@id":"https:\/\/soledaddurazo.com\/#personlogo","inLanguage":"es","url":"https:\/\/secure.gravatar.com\/avatar\/c4e193752f756fd61f04deebed3a3a20dc188d37edb53682d313ac57f2725d54?s=96&d=mm&r=g","contentUrl":"https:\/\/secure.gravatar.com\/avatar\/c4e193752f756fd61f04deebed3a3a20dc188d37edb53682d313ac57f2725d54?s=96&d=mm&r=g","caption":"Redacci\u00f3n"},"sameAs":["https:\/\/soledaddurazo.com"]}]}},"_links":{"self":[{"href":"https:\/\/soledaddurazo.com\/api\/wp\/v2\/posts\/23250","targetHints":{"allow":["GET"]}}],"collection":[{"href":"https:\/\/soledaddurazo.com\/api\/wp\/v2\/posts"}],"about":[{"href":"https:\/\/soledaddurazo.com\/api\/wp\/v2\/types\/post"}],"author":[{"embeddable":true,"href":"https:\/\/soledaddurazo.com\/api\/wp\/v2\/users\/1"}],"replies":[{"embeddable":true,"href":"https:\/\/soledaddurazo.com\/api\/wp\/v2\/comments?post=23250"}],"version-history":[{"count":3,"href":"https:\/\/soledaddurazo.com\/api\/wp\/v2\/posts\/23250\/revisions"}],"predecessor-version":[{"id":23255,"href":"https:\/\/soledaddurazo.com\/api\/wp\/v2\/posts\/23250\/revisions\/23255"}],"wp:featuredmedia":[{"embeddable":true,"href":"https:\/\/soledaddurazo.com\/api\/wp\/v2\/media\/23251"}],"wp:attachment":[{"href":"https:\/\/soledaddurazo.com\/api\/wp\/v2\/media?parent=23250"}],"wp:term":[{"taxonomy":"category","embeddable":true,"href":"https:\/\/soledaddurazo.com\/api\/wp\/v2\/categories?post=23250"},{"taxonomy":"post_tag","embeddable":true,"href":"https:\/\/soledaddurazo.com\/api\/wp\/v2\/tags?post=23250"}],"curies":[{"name":"wp","href":"https:\/\/api.w.org\/{rel}","templated":true}]}}