{"id":23243,"date":"2025-08-26T20:25:22","date_gmt":"2025-08-27T03:25:22","guid":{"rendered":"https:\/\/soledaddurazo.com\/?p=23243"},"modified":"2025-08-26T23:36:31","modified_gmt":"2025-08-27T06:36:31","slug":"escuela-de-ciclismo-grupo-mexico-ar-monex-brilla-en-el-campeonato-estatal-de-ciclismo-de-montana","status":"publish","type":"post","link":"https:\/\/soledaddurazo.com\/blog\/2025\/08\/26\/escuela-de-ciclismo-grupo-mexico-ar-monex-brilla-en-el-campeonato-estatal-de-ciclismo-de-montana\/","title":{"rendered":"Escuela de Ciclismo Grupo M\u00e9xico\u2013AR Monex brilla en el Campeonato Estatal de Ciclismo de Monta\u00f1a"},"content":{"rendered":"<p data-start=\"180\" data-end=\"502\">La Escuela de Ciclismo Grupo M\u00e9xico\u2013AR Monex se consolid\u00f3 como la gran protagonista del Campeonato Estatal de Ciclismo de Monta\u00f1a, realizado este domingo en Cananea como parte de la quinta etapa del Serial Sonora 2025, al conquistar <strong data-start=\"436\" data-end=\"451\">16 medallas<\/strong>: 8 de primer lugar, 7 de segundo y 1 de tercero.<\/p>\n<p data-start=\"180\" data-end=\"502\"><a href=\"https:\/\/soledaddurazo.com\/storage\/2025\/08\/3eb2895a-3595-497c-bf44-74487bf58413.jpeg\"><img loading=\"lazy\" decoding=\"async\" class=\"aligncenter size-full wp-image-23245\" src=\"https:\/\/soledaddurazo.com\/storage\/2025\/08\/3eb2895a-3595-497c-bf44-74487bf58413.jpeg\" alt=\"\" width=\"1600\" height=\"1067\" srcset=\"https:\/\/soledaddurazo.com\/storage\/2025\/08\/3eb2895a-3595-497c-bf44-74487bf58413.jpeg 1600w, https:\/\/soledaddurazo.com\/storage\/2025\/08\/3eb2895a-3595-497c-bf44-74487bf58413-300x200.jpeg 300w, https:\/\/soledaddurazo.com\/storage\/2025\/08\/3eb2895a-3595-497c-bf44-74487bf58413-1024x683.jpeg 1024w, https:\/\/soledaddurazo.com\/storage\/2025\/08\/3eb2895a-3595-497c-bf44-74487bf58413-768x512.jpeg 768w, https:\/\/soledaddurazo.com\/storage\/2025\/08\/3eb2895a-3595-497c-bf44-74487bf58413-1536x1024.jpeg 1536w, https:\/\/soledaddurazo.com\/storage\/2025\/08\/3eb2895a-3595-497c-bf44-74487bf58413-600x400.jpeg 600w, https:\/\/soledaddurazo.com\/storage\/2025\/08\/3eb2895a-3595-497c-bf44-74487bf58413-750x500.jpeg 750w, https:\/\/soledaddurazo.com\/storage\/2025\/08\/3eb2895a-3595-497c-bf44-74487bf58413-1140x760.jpeg 1140w\" sizes=\"auto, (max-width: 1600px) 100vw, 1600px\" \/><\/a><\/p>\n<p data-start=\"504\" data-end=\"813\">Los resultados fueron alcanzados por ciclistas de las academias de <strong data-start=\"571\" data-end=\"628\">Cananea, Nacozari, Esqueda y Santa B\u00e1rbara, Chihuahua<\/strong>, lo que confirma el compromiso de Grupo M\u00e9xico con el impulso al deporte en comunidades mineras y el fortalecimiento de este proyecto como semillero de talento ciclista en la regi\u00f3n.<\/p>\n<p data-start=\"815\" data-end=\"1226\">Adem\u00e1s de la competencia, durante el fin de semana se desarroll\u00f3 un programa de convivencia, capacitaci\u00f3n y evaluaciones t\u00e9cnicas con la participaci\u00f3n de 41 alumnos. El director general de AR Monex Pro Cycling Team, <strong data-start=\"1031\" data-end=\"1049\">Luis Rodr\u00edguez<\/strong>, imparti\u00f3 la conferencia <em data-start=\"1075\" data-end=\"1137\">\u201cCambiando el juego: c\u00f3mo formar ciclistas de clase mundial\u201d<\/em>, en la que comparti\u00f3 experiencias de formaci\u00f3n de talentos que hoy destacan en Europa.<\/p>\n<p data-start=\"815\" data-end=\"1226\"><a href=\"https:\/\/soledaddurazo.com\/storage\/2025\/08\/22f9c4cd-78a6-4192-983e-b918b1e93bfe.jpeg\"><img loading=\"lazy\" decoding=\"async\" class=\"aligncenter size-full wp-image-23246\" src=\"https:\/\/soledaddurazo.com\/storage\/2025\/08\/22f9c4cd-78a6-4192-983e-b918b1e93bfe.jpeg\" alt=\"\" width=\"1600\" height=\"1067\" srcset=\"https:\/\/soledaddurazo.com\/storage\/2025\/08\/22f9c4cd-78a6-4192-983e-b918b1e93bfe.jpeg 1600w, https:\/\/soledaddurazo.com\/storage\/2025\/08\/22f9c4cd-78a6-4192-983e-b918b1e93bfe-300x200.jpeg 300w, https:\/\/soledaddurazo.com\/storage\/2025\/08\/22f9c4cd-78a6-4192-983e-b918b1e93bfe-1024x683.jpeg 1024w, https:\/\/soledaddurazo.com\/storage\/2025\/08\/22f9c4cd-78a6-4192-983e-b918b1e93bfe-768x512.jpeg 768w, https:\/\/soledaddurazo.com\/storage\/2025\/08\/22f9c4cd-78a6-4192-983e-b918b1e93bfe-1536x1024.jpeg 1536w, https:\/\/soledaddurazo.com\/storage\/2025\/08\/22f9c4cd-78a6-4192-983e-b918b1e93bfe-600x400.jpeg 600w, https:\/\/soledaddurazo.com\/storage\/2025\/08\/22f9c4cd-78a6-4192-983e-b918b1e93bfe-750x500.jpeg 750w, https:\/\/soledaddurazo.com\/storage\/2025\/08\/22f9c4cd-78a6-4192-983e-b918b1e93bfe-1140x760.jpeg 1140w\" sizes=\"auto, (max-width: 1600px) 100vw, 1600px\" \/><\/a><\/p>\n<p data-start=\"1228\" data-end=\"1469\">Rodr\u00edguez resalt\u00f3 que el trabajo en conjunto entre Grupo M\u00e9xico y AR Monex, con el apoyo de equipos multidisciplinarios \u2013psic\u00f3logos, nutri\u00f3logos, fisioterapeutas, entrenadores y m\u00e9dicos\u2013, es clave para formar futuras promesas del ciclismo.<\/p>\n<p data-start=\"1471\" data-end=\"1838\">Por su parte, <strong data-start=\"1485\" data-end=\"1502\">Karina Gayt\u00e1n<\/strong>, subgerente de Desarrollo Comunitario de Grupo M\u00e9xico, destac\u00f3 que la Escuela ya cuenta con 80 alumnos y que, en poco m\u00e1s de un a\u00f1o, ha generado resultados notables como la clasificaci\u00f3n de tres ciclistas al <strong data-start=\"1711\" data-end=\"1739\">Pre Nacional CONADE 2025<\/strong> y la participaci\u00f3n de cinco alumnos en la <strong data-start=\"1782\" data-end=\"1802\">Ruta Minera 2025<\/strong>, donde cuatro subieron al p\u00f3dium.<\/p>\n<p data-start=\"1840\" data-end=\"2065\">La ceremonia de arranque estuvo encabezada por la alcaldesa de Cananea, <strong data-start=\"1912\" data-end=\"1934\">Esmeralda Gonz\u00e1lez<\/strong>, junto a <strong data-start=\"1944\" data-end=\"1965\">Reynaldo Palomino<\/strong>, presidente de la Liga de Ciclismo de Cananea, adem\u00e1s de autoridades municipales y organizadores.<\/p>\n<h3 data-start=\"2067\" data-end=\"2093\">Ganadores destacados<\/h3>\n<p><a href=\"https:\/\/soledaddurazo.com\/storage\/2025\/08\/dd465134-ea7d-4749-a081-d58c2f457e42.jpeg\"><img loading=\"lazy\" decoding=\"async\" class=\"aligncenter size-full wp-image-23247\" src=\"https:\/\/soledaddurazo.com\/storage\/2025\/08\/dd465134-ea7d-4749-a081-d58c2f457e42.jpeg\" alt=\"\" width=\"1067\" height=\"1600\" srcset=\"https:\/\/soledaddurazo.com\/storage\/2025\/08\/dd465134-ea7d-4749-a081-d58c2f457e42.jpeg 1067w, https:\/\/soledaddurazo.com\/storage\/2025\/08\/dd465134-ea7d-4749-a081-d58c2f457e42-200x300.jpeg 200w, https:\/\/soledaddurazo.com\/storage\/2025\/08\/dd465134-ea7d-4749-a081-d58c2f457e42-683x1024.jpeg 683w, https:\/\/soledaddurazo.com\/storage\/2025\/08\/dd465134-ea7d-4749-a081-d58c2f457e42-768x1152.jpeg 768w, https:\/\/soledaddurazo.com\/storage\/2025\/08\/dd465134-ea7d-4749-a081-d58c2f457e42-1024x1536.jpeg 1024w, https:\/\/soledaddurazo.com\/storage\/2025\/08\/dd465134-ea7d-4749-a081-d58c2f457e42-600x900.jpeg 600w, https:\/\/soledaddurazo.com\/storage\/2025\/08\/dd465134-ea7d-4749-a081-d58c2f457e42-750x1125.jpeg 750w\" sizes=\"auto, (max-width: 1067px) 100vw, 1067px\" \/><\/a><\/p>\n<p data-start=\"2094\" data-end=\"2181\">Entre los primeros lugares conseguidos por la Escuela Grupo M\u00e9xico\u2013AR Monex destacan:<\/p>\n<ul data-start=\"2182\" data-end=\"2658\">\n<li data-start=\"2182\" data-end=\"2238\">\n<p data-start=\"2184\" data-end=\"2238\"><strong data-start=\"2184\" data-end=\"2213\">Nikole Rodr\u00edguez Carranza<\/strong>, Infantil Femenil 7\u20138.<\/p>\n<\/li>\n<li data-start=\"2239\" data-end=\"2296\">\n<p data-start=\"2241\" data-end=\"2296\"><strong data-start=\"2241\" data-end=\"2271\">Miguel \u00c1ngel Garc\u00eda Flores<\/strong>, Infantil Varonil 7\u20138.<\/p>\n<\/li>\n<li data-start=\"2297\" data-end=\"2352\">\n<p data-start=\"2299\" data-end=\"2352\"><strong data-start=\"2299\" data-end=\"2326\">Carolina Torres C\u00f3rdova<\/strong>, Infantil Femenil 9\u201310.<\/p>\n<\/li>\n<li data-start=\"2353\" data-end=\"2417\">\n<p data-start=\"2355\" data-end=\"2417\"><strong data-start=\"2355\" data-end=\"2390\">Scarlett Dana\u00e9 Salazar Guerrero<\/strong>, Infantil Femenil 11\u201312.<\/p>\n<\/li>\n<li data-start=\"2418\" data-end=\"2479\">\n<p data-start=\"2420\" data-end=\"2479\"><strong data-start=\"2420\" data-end=\"2453\">Jos\u00e9 Leonardo Torres Esquivel<\/strong>, Infantil Varonil 9\u201310.<\/p>\n<\/li>\n<li data-start=\"2480\" data-end=\"2537\">\n<p data-start=\"2482\" data-end=\"2537\"><strong data-start=\"2482\" data-end=\"2510\">Hiram Sandoval Hern\u00e1ndez<\/strong>, Infantil Varonil 11\u201312.<\/p>\n<\/li>\n<li data-start=\"2538\" data-end=\"2594\">\n<p data-start=\"2540\" data-end=\"2594\"><strong data-start=\"2540\" data-end=\"2566\">Abigail L\u00f3pez Mart\u00ednez<\/strong>, Juvenil A Femenil 13\u201314.<\/p>\n<\/li>\n<li data-start=\"2595\" data-end=\"2658\">\n<p data-start=\"2597\" data-end=\"2658\"><strong data-start=\"2597\" data-end=\"2630\">Luis Fernando Qui\u00f1ones Gayt\u00e1n<\/strong>, Juvenil A Varonil 13\u201314.<\/p>\n<\/li>\n<\/ul>\n<p data-start=\"2660\" data-end=\"2869\">Con estos resultados, la Escuela de Ciclismo Grupo M\u00e9xico\u2013AR Monex reafirma su papel como referente en la formaci\u00f3n de nuevos talentos y como motor deportivo en las comunidades mineras de Sonora y Chihuahua.<\/p>\n","protected":false},"excerpt":{"rendered":"<p>La Escuela de Ciclismo Grupo M\u00e9xico\u2013AR Monex se consolid\u00f3 como la gran protagonista del Campeonato Estatal de Ciclismo de Monta\u00f1a, realizado este domingo en Cananea como parte de la quinta etapa del Serial Sonora 2025, al conquistar 16 medallas: 8 de primer lugar, 7 de segundo y 1 de tercero. Los resultados fueron alcanzados por [&hellip;]<\/p>\n","protected":false},"author":1,"featured_media":23244,"comment_status":"open","ping_status":"open","sticky":false,"template":"","format":"standard","meta":{"footnotes":""},"categories":[153],"tags":[],"class_list":["post"],"yoast_head":" \n<title>Escuela de Ciclismo Grupo M\u00e9xico\u2013AR Monex brilla en el Campeonato Estatal de Ciclismo de Monta\u00f1a - Periodista SoledadDurazo.com<\/title>\n<meta name=\"robots\" content=\"index, follow, max-snippet:-1, max-image-preview:large, max-video-preview:-1\" \/>\n<link rel=\"canonical\" href=\"https:\/\/soledaddurazo.com\/blog\/2025\/08\/26\/escuela-de-ciclismo-grupo-mexico-ar-monex-brilla-en-el-campeonato-estatal-de-ciclismo-de-montana\/\" \/>\n<meta property=\"og:locale\" content=\"es_MX\" \/>\n<meta property=\"og:type\" content=\"article\" \/>\n<meta property=\"og:title\" content=\"Escuela de Ciclismo Grupo M\u00e9xico\u2013AR Monex brilla en el Campeonato Estatal de Ciclismo de Monta\u00f1a\" \/>\n<meta property=\"og:description\" content=\"La Escuela de Ciclismo Grupo M\u00e9xico\u2013AR Monex se consolid\u00f3 como la gran protagonista del Campeonato Estatal de Ciclismo de Monta\u00f1a, realizado este domingo en Cananea como parte de la quinta etapa del Serial Sonora 2025, al conquistar 16 medallas: 8 de primer lugar, 7 de segundo y 1 de tercero. Los resultados fueron alcanzados por [&hellip;]\" \/>\n<meta property=\"og:url\" content=\"https:\/\/soledaddurazo.com\/blog\/2025\/08\/26\/escuela-de-ciclismo-grupo-mexico-ar-monex-brilla-en-el-campeonato-estatal-de-ciclismo-de-montana\/\" \/>\n<meta property=\"og:site_name\" content=\"Periodista SoledadDurazo.com\" \/>\n<meta property=\"article:publisher\" content=\"https:\/\/www.facebook.com\/soledad.durazo.9\/\" \/>\n<meta property=\"article:published_time\" content=\"2025-08-27T03:25:22+00:00\" \/>\n<meta property=\"article:modified_time\" content=\"2025-08-27T06:36:31+00:00\" \/>\n<meta property=\"og:image\" content=\"https:\/\/soledaddurazo.com\/storage\/2025\/08\/29e83526-1b92-4efb-aead-5ae245f20964.jpeg\" \/>\n\t<meta property=\"og:image:width\" content=\"1600\" \/>\n\t<meta property=\"og:image:height\" content=\"1067\" \/>\n<meta name=\"twitter:card\" content=\"summary_large_image\" \/>\n<meta name=\"twitter:creator\" content=\"@SoledadDurazo\" \/>\n<meta name=\"twitter:site\" content=\"@SoledadDurazo\" \/>\n<meta name=\"twitter:label1\" content=\"Escrito por\" \/>\n\t<meta name=\"twitter:data1\" content=\"Redacci\u00f3n\" \/>\n\t<meta name=\"twitter:label2\" content=\"Tiempo de lectura\" \/>\n\t<meta name=\"twitter:data2\" content=\"3 minutos\" \/>\n<script type=\"application\/ld+json\" class=\"yoast-schema-graph\">{\"@context\":\"https:\/\/schema.org\",\"@graph\":[{\"@type\":\"Organization\",\"@id\":\"https:\/\/soledaddurazo.com\/#organization\",\"name\":\"Soledad Durazo\",\"url\":\"https:\/\/soledaddurazo.com\/\",\"sameAs\":[\"https:\/\/www.facebook.com\/soledad.durazo.9\/\",\"https:\/\/www.instagram.com\/soledaddurazo\",\"https:\/\/www.youtube.com\/channel\/UC9yGPw8-Vbl_B2XNkRwPS-w\",\"https:\/\/twitter.com\/SoledadDurazo\"],\"logo\":{\"@type\":\"ImageObject\",\"@id\":\"https:\/\/soledaddurazo.com\/#logo\",\"inLanguage\":\"es\",\"url\":\"https:\/\/soledaddurazo.com\/storage\/2021\/11\/nllp-720x375-1-2.png\",\"contentUrl\":\"https:\/\/soledaddurazo.com\/storage\/2021\/11\/nllp-720x375-1-2.png\",\"width\":720,\"height\":375,\"caption\":\"Soledad Durazo\"},\"image\":{\"@id\":\"https:\/\/soledaddurazo.com\/#logo\"}},{\"@type\":\"WebSite\",\"@id\":\"https:\/\/soledaddurazo.com\/#website\",\"url\":\"https:\/\/soledaddurazo.com\/\",\"name\":\"Periodista SoledadDurazo.com\",\"description\":\"Periodista sonorense. Directora de www.SoledadDurazo.com Columnista, conductora de radio y Tv. Catedr\\u00e1tica en la UNISON\",\"publisher\":{\"@id\":\"https:\/\/soledaddurazo.com\/#organization\"},\"potentialAction\":[{\"@type\":\"SearchAction\",\"target\":{\"@type\":\"EntryPoint\",\"urlTemplate\":\"https:\/\/soledaddurazo.com\/?s={search_term_string}\"},\"query-input\":\"required name=search_term_string\"}],\"inLanguage\":\"es\"},{\"@type\":\"ImageObject\",\"@id\":\"https:\/\/soledaddurazo.com\/blog\/2025\/08\/26\/escuela-de-ciclismo-grupo-mexico-ar-monex-brilla-en-el-campeonato-estatal-de-ciclismo-de-montana\/#primaryimage\",\"inLanguage\":\"es\",\"url\":\"https:\/\/soledaddurazo.com\/storage\/2025\/08\/29e83526-1b92-4efb-aead-5ae245f20964.jpeg\",\"contentUrl\":\"https:\/\/soledaddurazo.com\/storage\/2025\/08\/29e83526-1b92-4efb-aead-5ae245f20964.jpeg\",\"width\":1600,\"height\":1067},{\"@type\":\"WebPage\",\"@id\":\"https:\/\/soledaddurazo.com\/blog\/2025\/08\/26\/escuela-de-ciclismo-grupo-mexico-ar-monex-brilla-en-el-campeonato-estatal-de-ciclismo-de-montana\/#webpage\",\"url\":\"https:\/\/soledaddurazo.com\/blog\/2025\/08\/26\/escuela-de-ciclismo-grupo-mexico-ar-monex-brilla-en-el-campeonato-estatal-de-ciclismo-de-montana\/\",\"name\":\"Escuela de Ciclismo Grupo M\\u00e9xico\\u2013AR Monex brilla en el Campeonato Estatal de Ciclismo de Monta\\u00f1a - Periodista SoledadDurazo.com\",\"isPartOf\":{\"@id\":\"https:\/\/soledaddurazo.com\/#website\"},\"primaryImageOfPage\":{\"@id\":\"https:\/\/soledaddurazo.com\/blog\/2025\/08\/26\/escuela-de-ciclismo-grupo-mexico-ar-monex-brilla-en-el-campeonato-estatal-de-ciclismo-de-montana\/#primaryimage\"},\"datePublished\":\"2025-08-27T03:25:22+00:00\",\"dateModified\":\"2025-08-27T06:36:31+00:00\",\"breadcrumb\":{\"@id\":\"https:\/\/soledaddurazo.com\/blog\/2025\/08\/26\/escuela-de-ciclismo-grupo-mexico-ar-monex-brilla-en-el-campeonato-estatal-de-ciclismo-de-montana\/#breadcrumb\"},\"inLanguage\":\"es\",\"potentialAction\":[{\"@type\":\"ReadAction\",\"target\":[\"https:\/\/soledaddurazo.com\/blog\/2025\/08\/26\/escuela-de-ciclismo-grupo-mexico-ar-monex-brilla-en-el-campeonato-estatal-de-ciclismo-de-montana\/\"]}]},{\"@type\":\"BreadcrumbList\",\"@id\":\"https:\/\/soledaddurazo.com\/blog\/2025\/08\/26\/escuela-de-ciclismo-grupo-mexico-ar-monex-brilla-en-el-campeonato-estatal-de-ciclismo-de-montana\/#breadcrumb\",\"itemListElement\":[{\"@type\":\"ListItem\",\"position\":1,\"name\":\"Home\",\"item\":\"https:\/\/soledaddurazo.com\/\"},{\"@type\":\"ListItem\",\"position\":2,\"name\":\"Escuela de Ciclismo Grupo M\\u00e9xico\\u2013AR Monex brilla en el Campeonato Estatal de Ciclismo de Monta\\u00f1a\"}]},{\"@type\":\"Article\",\"@id\":\"https:\/\/soledaddurazo.com\/blog\/2025\/08\/26\/escuela-de-ciclismo-grupo-mexico-ar-monex-brilla-en-el-campeonato-estatal-de-ciclismo-de-montana\/#article\",\"isPartOf\":{\"@id\":\"https:\/\/soledaddurazo.com\/blog\/2025\/08\/26\/escuela-de-ciclismo-grupo-mexico-ar-monex-brilla-en-el-campeonato-estatal-de-ciclismo-de-montana\/#webpage\"},\"author\":{\"@id\":\"https:\/\/soledaddurazo.com\/#\/schema\/person\/822d8e13aa288585e6546f179853758b\"},\"headline\":\"Escuela de Ciclismo Grupo M\\u00e9xico\\u2013AR Monex brilla en el Campeonato Estatal de Ciclismo de Monta\\u00f1a\",\"datePublished\":\"2025-08-27T03:25:22+00:00\",\"dateModified\":\"2025-08-27T06:36:31+00:00\",\"mainEntityOfPage\":{\"@id\":\"https:\/\/soledaddurazo.com\/blog\/2025\/08\/26\/escuela-de-ciclismo-grupo-mexico-ar-monex-brilla-en-el-campeonato-estatal-de-ciclismo-de-montana\/#webpage\"},\"wordCount\":425,\"commentCount\":0,\"publisher\":{\"@id\":\"https:\/\/soledaddurazo.com\/#organization\"},\"image\":{\"@id\":\"https:\/\/soledaddurazo.com\/blog\/2025\/08\/26\/escuela-de-ciclismo-grupo-mexico-ar-monex-brilla-en-el-campeonato-estatal-de-ciclismo-de-montana\/#primaryimage\"},\"thumbnailUrl\":\"https:\/\/soledaddurazo.com\/storage\/2025\/08\/29e83526-1b92-4efb-aead-5ae245f20964.jpeg\",\"articleSection\":[\"principal\"],\"inLanguage\":\"es\",\"potentialAction\":[{\"@type\":\"CommentAction\",\"name\":\"Comment\",\"target\":[\"https:\/\/soledaddurazo.com\/blog\/2025\/08\/26\/escuela-de-ciclismo-grupo-mexico-ar-monex-brilla-en-el-campeonato-estatal-de-ciclismo-de-montana\/#respond\"]}]},{\"@type\":\"Person\",\"@id\":\"https:\/\/soledaddurazo.com\/#\/schema\/person\/822d8e13aa288585e6546f179853758b\",\"name\":\"Redacci\\u00f3n\",\"image\":{\"@type\":\"ImageObject\",\"@id\":\"https:\/\/soledaddurazo.com\/#personlogo\",\"inLanguage\":\"es\",\"url\":\"https:\/\/secure.gravatar.com\/avatar\/c4e193752f756fd61f04deebed3a3a20dc188d37edb53682d313ac57f2725d54?s=96&d=mm&r=g\",\"contentUrl\":\"https:\/\/secure.gravatar.com\/avatar\/c4e193752f756fd61f04deebed3a3a20dc188d37edb53682d313ac57f2725d54?s=96&d=mm&r=g\",\"caption\":\"Redacci\\u00f3n\"},\"sameAs\":[\"https:\/\/soledaddurazo.com\"]}]}<\/script>\n ","yoast_head_json":{"title":"Escuela de Ciclismo Grupo M\u00e9xico\u2013AR Monex brilla en el Campeonato Estatal de Ciclismo de Monta\u00f1a - Periodista SoledadDurazo.com","robots":{"index":"index","follow":"follow","max-snippet":"max-snippet:-1","max-image-preview":"max-image-preview:large","max-video-preview":"max-video-preview:-1"},"canonical":"https:\/\/soledaddurazo.com\/blog\/2025\/08\/26\/escuela-de-ciclismo-grupo-mexico-ar-monex-brilla-en-el-campeonato-estatal-de-ciclismo-de-montana\/","og_locale":"es_MX","og_type":"article","og_title":"Escuela de Ciclismo Grupo M\u00e9xico\u2013AR Monex brilla en el Campeonato Estatal de Ciclismo de Monta\u00f1a","og_description":"La Escuela de Ciclismo Grupo M\u00e9xico\u2013AR Monex se consolid\u00f3 como la gran protagonista del Campeonato Estatal de Ciclismo de Monta\u00f1a, realizado este domingo en Cananea como parte de la quinta etapa del Serial Sonora 2025, al conquistar 16 medallas: 8 de primer lugar, 7 de segundo y 1 de tercero. Los resultados fueron alcanzados por [&hellip;]","og_url":"https:\/\/soledaddurazo.com\/blog\/2025\/08\/26\/escuela-de-ciclismo-grupo-mexico-ar-monex-brilla-en-el-campeonato-estatal-de-ciclismo-de-montana\/","og_site_name":"Periodista SoledadDurazo.com","article_publisher":"https:\/\/www.facebook.com\/soledad.durazo.9\/","article_published_time":"2025-08-27T03:25:22+00:00","article_modified_time":"2025-08-27T06:36:31+00:00","og_image":[{"width":1600,"height":1067,"url":"https:\/\/soledaddurazo.com\/storage\/2025\/08\/29e83526-1b92-4efb-aead-5ae245f20964.jpeg","type":"image\/jpeg"}],"twitter_card":"summary_large_image","twitter_creator":"@SoledadDurazo","twitter_site":"@SoledadDurazo","twitter_misc":{"Escrito por":"Redacci\u00f3n","Tiempo de lectura":"3 minutos"},"schema":{"@context":"https:\/\/schema.org","@graph":[{"@type":"Organization","@id":"https:\/\/soledaddurazo.com\/#organization","name":"Soledad Durazo","url":"https:\/\/soledaddurazo.com\/","sameAs":["https:\/\/www.facebook.com\/soledad.durazo.9\/","https:\/\/www.instagram.com\/soledaddurazo","https:\/\/www.youtube.com\/channel\/UC9yGPw8-Vbl_B2XNkRwPS-w","https:\/\/twitter.com\/SoledadDurazo"],"logo":{"@type":"ImageObject","@id":"https:\/\/soledaddurazo.com\/#logo","inLanguage":"es","url":"https:\/\/soledaddurazo.com\/storage\/2021\/11\/nllp-720x375-1-2.png","contentUrl":"https:\/\/soledaddurazo.com\/storage\/2021\/11\/nllp-720x375-1-2.png","width":720,"height":375,"caption":"Soledad Durazo"},"image":{"@id":"https:\/\/soledaddurazo.com\/#logo"}},{"@type":"WebSite","@id":"https:\/\/soledaddurazo.com\/#website","url":"https:\/\/soledaddurazo.com\/","name":"Periodista SoledadDurazo.com","description":"Periodista sonorense. Directora de www.SoledadDurazo.com Columnista, conductora de radio y Tv. Catedr\u00e1tica en la UNISON","publisher":{"@id":"https:\/\/soledaddurazo.com\/#organization"},"potentialAction":[{"@type":"SearchAction","target":{"@type":"EntryPoint","urlTemplate":"https:\/\/soledaddurazo.com\/?s={search_term_string}"},"query-input":"required name=search_term_string"}],"inLanguage":"es"},{"@type":"ImageObject","@id":"https:\/\/soledaddurazo.com\/blog\/2025\/08\/26\/escuela-de-ciclismo-grupo-mexico-ar-monex-brilla-en-el-campeonato-estatal-de-ciclismo-de-montana\/#primaryimage","inLanguage":"es","url":"https:\/\/soledaddurazo.com\/storage\/2025\/08\/29e83526-1b92-4efb-aead-5ae245f20964.jpeg","contentUrl":"https:\/\/soledaddurazo.com\/storage\/2025\/08\/29e83526-1b92-4efb-aead-5ae245f20964.jpeg","width":1600,"height":1067},{"@type":"WebPage","@id":"https:\/\/soledaddurazo.com\/blog\/2025\/08\/26\/escuela-de-ciclismo-grupo-mexico-ar-monex-brilla-en-el-campeonato-estatal-de-ciclismo-de-montana\/#webpage","url":"https:\/\/soledaddurazo.com\/blog\/2025\/08\/26\/escuela-de-ciclismo-grupo-mexico-ar-monex-brilla-en-el-campeonato-estatal-de-ciclismo-de-montana\/","name":"Escuela de Ciclismo Grupo M\u00e9xico\u2013AR Monex brilla en el Campeonato Estatal de Ciclismo de Monta\u00f1a - Periodista SoledadDurazo.com","isPartOf":{"@id":"https:\/\/soledaddurazo.com\/#website"},"primaryImageOfPage":{"@id":"https:\/\/soledaddurazo.com\/blog\/2025\/08\/26\/escuela-de-ciclismo-grupo-mexico-ar-monex-brilla-en-el-campeonato-estatal-de-ciclismo-de-montana\/#primaryimage"},"datePublished":"2025-08-27T03:25:22+00:00","dateModified":"2025-08-27T06:36:31+00:00","breadcrumb":{"@id":"https:\/\/soledaddurazo.com\/blog\/2025\/08\/26\/escuela-de-ciclismo-grupo-mexico-ar-monex-brilla-en-el-campeonato-estatal-de-ciclismo-de-montana\/#breadcrumb"},"inLanguage":"es","potentialAction":[{"@type":"ReadAction","target":["https:\/\/soledaddurazo.com\/blog\/2025\/08\/26\/escuela-de-ciclismo-grupo-mexico-ar-monex-brilla-en-el-campeonato-estatal-de-ciclismo-de-montana\/"]}]},{"@type":"BreadcrumbList","@id":"https:\/\/soledaddurazo.com\/blog\/2025\/08\/26\/escuela-de-ciclismo-grupo-mexico-ar-monex-brilla-en-el-campeonato-estatal-de-ciclismo-de-montana\/#breadcrumb","itemListElement":[{"@type":"ListItem","position":1,"name":"Home","item":"https:\/\/soledaddurazo.com\/"},{"@type":"ListItem","position":2,"name":"Escuela de Ciclismo Grupo M\u00e9xico\u2013AR Monex brilla en el Campeonato Estatal de Ciclismo de Monta\u00f1a"}]},{"@type":"Article","@id":"https:\/\/soledaddurazo.com\/blog\/2025\/08\/26\/escuela-de-ciclismo-grupo-mexico-ar-monex-brilla-en-el-campeonato-estatal-de-ciclismo-de-montana\/#article","isPartOf":{"@id":"https:\/\/soledaddurazo.com\/blog\/2025\/08\/26\/escuela-de-ciclismo-grupo-mexico-ar-monex-brilla-en-el-campeonato-estatal-de-ciclismo-de-montana\/#webpage"},"author":{"@id":"https:\/\/soledaddurazo.com\/#\/schema\/person\/822d8e13aa288585e6546f179853758b"},"headline":"Escuela de Ciclismo Grupo M\u00e9xico\u2013AR Monex brilla en el Campeonato Estatal de Ciclismo de Monta\u00f1a","datePublished":"2025-08-27T03:25:22+00:00","dateModified":"2025-08-27T06:36:31+00:00","mainEntityOfPage":{"@id":"https:\/\/soledaddurazo.com\/blog\/2025\/08\/26\/escuela-de-ciclismo-grupo-mexico-ar-monex-brilla-en-el-campeonato-estatal-de-ciclismo-de-montana\/#webpage"},"wordCount":425,"commentCount":0,"publisher":{"@id":"https:\/\/soledaddurazo.com\/#organization"},"image":{"@id":"https:\/\/soledaddurazo.com\/blog\/2025\/08\/26\/escuela-de-ciclismo-grupo-mexico-ar-monex-brilla-en-el-campeonato-estatal-de-ciclismo-de-montana\/#primaryimage"},"thumbnailUrl":"https:\/\/soledaddurazo.com\/storage\/2025\/08\/29e83526-1b92-4efb-aead-5ae245f20964.jpeg","articleSection":["principal"],"inLanguage":"es","potentialAction":[{"@type":"CommentAction","name":"Comment","target":["https:\/\/soledaddurazo.com\/blog\/2025\/08\/26\/escuela-de-ciclismo-grupo-mexico-ar-monex-brilla-en-el-campeonato-estatal-de-ciclismo-de-montana\/#respond"]}]},{"@type":"Person","@id":"https:\/\/soledaddurazo.com\/#\/schema\/person\/822d8e13aa288585e6546f179853758b","name":"Redacci\u00f3n","image":{"@type":"ImageObject","@id":"https:\/\/soledaddurazo.com\/#personlogo","inLanguage":"es","url":"https:\/\/secure.gravatar.com\/avatar\/c4e193752f756fd61f04deebed3a3a20dc188d37edb53682d313ac57f2725d54?s=96&d=mm&r=g","contentUrl":"https:\/\/secure.gravatar.com\/avatar\/c4e193752f756fd61f04deebed3a3a20dc188d37edb53682d313ac57f2725d54?s=96&d=mm&r=g","caption":"Redacci\u00f3n"},"sameAs":["https:\/\/soledaddurazo.com"]}]}},"_links":{"self":[{"href":"https:\/\/soledaddurazo.com\/api\/wp\/v2\/posts\/23243","targetHints":{"allow":["GET"]}}],"collection":[{"href":"https:\/\/soledaddurazo.com\/api\/wp\/v2\/posts"}],"about":[{"href":"https:\/\/soledaddurazo.com\/api\/wp\/v2\/types\/post"}],"author":[{"embeddable":true,"href":"https:\/\/soledaddurazo.com\/api\/wp\/v2\/users\/1"}],"replies":[{"embeddable":true,"href":"https:\/\/soledaddurazo.com\/api\/wp\/v2\/comments?post=23243"}],"version-history":[{"count":1,"href":"https:\/\/soledaddurazo.com\/api\/wp\/v2\/posts\/23243\/revisions"}],"predecessor-version":[{"id":23249,"href":"https:\/\/soledaddurazo.com\/api\/wp\/v2\/posts\/23243\/revisions\/23249"}],"wp:featuredmedia":[{"embeddable":true,"href":"https:\/\/soledaddurazo.com\/api\/wp\/v2\/media\/23244"}],"wp:attachment":[{"href":"https:\/\/soledaddurazo.com\/api\/wp\/v2\/media?parent=23243"}],"wp:term":[{"taxonomy":"category","embeddable":true,"href":"https:\/\/soledaddurazo.com\/api\/wp\/v2\/categories?post=23243"},{"taxonomy":"post_tag","embeddable":true,"href":"https:\/\/soledaddurazo.com\/api\/wp\/v2\/tags?post=23243"}],"curies":[{"name":"wp","href":"https:\/\/api.w.org\/{rel}","templated":true}]}}