{"id":23200,"date":"2025-08-19T17:35:49","date_gmt":"2025-08-20T00:35:49","guid":{"rendered":"https:\/\/soledaddurazo.com\/?p=23200"},"modified":"2025-08-26T23:31:43","modified_gmt":"2025-08-27T06:31:43","slug":"los-que-deben-llevar-los-ninos-a-la-escuela-y-lo-que-no","status":"publish","type":"post","link":"https:\/\/soledaddurazo.com\/blog\/2025\/08\/19\/los-que-deben-llevar-los-ninos-a-la-escuela-y-lo-que-no\/","title":{"rendered":"Los que deben llevar los ni\u00f1os a la escuela y lo que no"},"content":{"rendered":"<p data-start=\"191\" data-end=\"667\">El inicio de un nuevo ciclo escolar siempre representa entusiasmo, organizaci\u00f3n y tambi\u00e9n ciertas dudas para madres, padres y tutores. Una de las m\u00e1s comunes es qu\u00e9 art\u00edculos deben llevar los ni\u00f1os en su mochila y cu\u00e1les no son adecuados o necesarios. La respuesta puede variar de acuerdo con el nivel educativo y con las reglas de cada instituci\u00f3n, pero existen lineamientos generales que ayudan a favorecer un entorno escolar seguro, ordenado y propicio para el aprendizaje.<\/p>\n<h3 data-start=\"669\" data-end=\"699\">Lo que <strong data-start=\"680\" data-end=\"699\">s\u00ed deben llevar<\/strong><\/h3>\n<p><a href=\"https:\/\/soledaddurazo.com\/storage\/2025\/08\/Llevar_nin\u0303os_al_cole_1.jpg\"><img loading=\"lazy\" decoding=\"async\" class=\"aligncenter size-full wp-image-23204\" src=\"https:\/\/soledaddurazo.com\/storage\/2025\/08\/Llevar_nin\u0303os_al_cole_1.jpg\" alt=\"\" width=\"1600\" height=\"1100\" srcset=\"https:\/\/soledaddurazo.com\/storage\/2025\/08\/Llevar_nin\u0303os_al_cole_1.jpg 1600w, https:\/\/soledaddurazo.com\/storage\/2025\/08\/Llevar_nin\u0303os_al_cole_1-300x206.jpg 300w, https:\/\/soledaddurazo.com\/storage\/2025\/08\/Llevar_nin\u0303os_al_cole_1-1024x704.jpg 1024w, https:\/\/soledaddurazo.com\/storage\/2025\/08\/Llevar_nin\u0303os_al_cole_1-768x528.jpg 768w, https:\/\/soledaddurazo.com\/storage\/2025\/08\/Llevar_nin\u0303os_al_cole_1-1536x1056.jpg 1536w, https:\/\/soledaddurazo.com\/storage\/2025\/08\/Llevar_nin\u0303os_al_cole_1-600x413.jpg 600w, https:\/\/soledaddurazo.com\/storage\/2025\/08\/Llevar_nin\u0303os_al_cole_1-750x516.jpg 750w, https:\/\/soledaddurazo.com\/storage\/2025\/08\/Llevar_nin\u0303os_al_cole_1-1140x784.jpg 1140w\" sizes=\"auto, (max-width: 1600px) 100vw, 1600px\" \/><\/a><\/p>\n<p data-start=\"700\" data-end=\"1061\">Lo indispensable para el d\u00eda a d\u00eda en la escuela incluye materiales escolares b\u00e1sicos como cuadernos, l\u00e1pices, plumas, borradores, colores y, en algunos casos, juegos de geometr\u00eda o calculadoras simples. Es recomendable que estos materiales est\u00e9n marcados con el nombre del estudiante para evitar p\u00e9rdidas y fomentar la responsabilidad sobre sus pertenencias.<\/p>\n<p data-start=\"1063\" data-end=\"1376\">El lunch o refrigerio tambi\u00e9n es fundamental. Lo ideal es que se prepare con alimentos saludables y f\u00e1ciles de consumir: frutas, verduras en bastones, s\u00e1ndwiches sencillos, agua natural o jugos sin az\u00facar a\u00f1adida. Esto garantiza la energ\u00eda necesaria para mantener la atenci\u00f3n y el buen \u00e1nimo durante las clases.<\/p>\n<p data-start=\"1378\" data-end=\"1713\">Asimismo, los ni\u00f1os deben llevar una botella de agua reutilizable para mantenerse hidratados a lo largo del d\u00eda, especialmente en climas c\u00e1lidos. Otros elementos \u00fatiles pueden ser un su\u00e9ter o chamarra ligera, seg\u00fan la temporada, as\u00ed como art\u00edculos de higiene personal como gel antibacterial, toallitas h\u00famedas o pa\u00f1uelos desechables.<\/p>\n<h3 data-start=\"1715\" data-end=\"1745\">Lo que <strong data-start=\"1726\" data-end=\"1745\">no deben llevar<\/strong><\/h3>\n<p data-start=\"1746\" data-end=\"2199\">Existen objetos que no son apropiados para la escuela y que pueden representar distracciones, riesgos o simplemente no ser necesarios. Entre ellos se encuentran los aparatos electr\u00f3nicos como tel\u00e9fonos celulares, tabletas o videojuegos port\u00e1tiles, salvo en casos excepcionales autorizados por la escuela. Estos dispositivos, aunque \u00fatiles en algunos contextos, suelen convertirse en distractores y en ocasiones generan conflictos por p\u00e9rdidas o robos.<\/p>\n<p data-start=\"2201\" data-end=\"2433\">Otro aspecto importante es evitar llevar juguetes, mu\u00f1ecos o accesorios que no est\u00e9n relacionados con el aprendizaje. Estos objetos suelen distraer al estudiante y a sus compa\u00f1eros, adem\u00e1s de que incrementan el riesgo de extrav\u00edo.<\/p>\n<p data-start=\"2435\" data-end=\"2658\">Tambi\u00e9n es fundamental no incluir alimentos chatarra en el lunch, como frituras, refrescos, dulces en exceso o productos ultraprocesados, ya que afectan la concentraci\u00f3n, los h\u00e1bitos alimenticios y la salud a largo plazo.<\/p>\n<p data-start=\"2660\" data-end=\"2901\">Finalmente, bajo ninguna circunstancia deben llevarse objetos peligrosos como tijeras de punta afilada, herramientas, f\u00f3sforos o art\u00edculos cortantes. Estos representan un riesgo para la integridad del propio estudiante y de sus compa\u00f1eros.<\/p>\n<h3 data-start=\"2903\" data-end=\"2917\">Conclusi\u00f3n<\/h3>\n<p data-start=\"2918\" data-end=\"3465\">Preparar la mochila escolar de manera adecuada es una tarea que va m\u00e1s all\u00e1 de cumplir con una lista de \u00fatiles: se trata de fomentar h\u00e1bitos de orden, responsabilidad y cuidado de la salud. Los ni\u00f1os deben acudir a la escuela con lo necesario para aprender y convivir en un ambiente seguro, evitando distracciones, riesgos y excesos. Cuando madres, padres, docentes y estudiantes trabajan juntos en este aspecto, se construye un entorno escolar m\u00e1s arm\u00f3nico y enfocado en lo verdaderamente importante: el aprendizaje y el bienestar de los ni\u00f1os.<\/p>\n","protected":false},"excerpt":{"rendered":"<p>El inicio de un nuevo ciclo escolar siempre representa entusiasmo, organizaci\u00f3n y tambi\u00e9n ciertas dudas para madres, padres y tutores. Una de las m\u00e1s comunes es qu\u00e9 art\u00edculos deben llevar los ni\u00f1os en su mochila y cu\u00e1les no son adecuados o necesarios. La respuesta puede variar de acuerdo con el nivel educativo y con las [&hellip;]<\/p>\n","protected":false},"author":1,"featured_media":23201,"comment_status":"open","ping_status":"open","sticky":false,"template":"","format":"standard","meta":{"footnotes":""},"categories":[161,153],"tags":[],"class_list":["post"],"yoast_head":" \n<title>Los que deben llevar los ni\u00f1os a la escuela y lo que no - Periodista SoledadDurazo.com<\/title>\n<meta name=\"robots\" content=\"index, follow, max-snippet:-1, max-image-preview:large, max-video-preview:-1\" \/>\n<link rel=\"canonical\" href=\"https:\/\/soledaddurazo.com\/blog\/2025\/08\/19\/los-que-deben-llevar-los-ninos-a-la-escuela-y-lo-que-no\/\" \/>\n<meta property=\"og:locale\" content=\"es_MX\" \/>\n<meta property=\"og:type\" content=\"article\" \/>\n<meta property=\"og:title\" content=\"Los que deben llevar los ni\u00f1os a la escuela y lo que no\" \/>\n<meta property=\"og:description\" content=\"El inicio de un nuevo ciclo escolar siempre representa entusiasmo, organizaci\u00f3n y tambi\u00e9n ciertas dudas para madres, padres y tutores. Una de las m\u00e1s comunes es qu\u00e9 art\u00edculos deben llevar los ni\u00f1os en su mochila y cu\u00e1les no son adecuados o necesarios. La respuesta puede variar de acuerdo con el nivel educativo y con las [&hellip;]\" \/>\n<meta property=\"og:url\" content=\"https:\/\/soledaddurazo.com\/blog\/2025\/08\/19\/los-que-deben-llevar-los-ninos-a-la-escuela-y-lo-que-no\/\" \/>\n<meta property=\"og:site_name\" content=\"Periodista SoledadDurazo.com\" \/>\n<meta property=\"article:publisher\" content=\"https:\/\/www.facebook.com\/soledad.durazo.9\/\" \/>\n<meta property=\"article:published_time\" content=\"2025-08-20T00:35:49+00:00\" \/>\n<meta property=\"article:modified_time\" content=\"2025-08-27T06:31:43+00:00\" \/>\n<meta property=\"og:image\" content=\"https:\/\/soledaddurazo.com\/storage\/2025\/08\/Llevar_nin\u0303os_al_cole_2.jpg\" \/>\n\t<meta property=\"og:image:width\" content=\"1600\" \/>\n\t<meta property=\"og:image:height\" content=\"1100\" \/>\n<meta name=\"twitter:card\" content=\"summary_large_image\" \/>\n<meta name=\"twitter:creator\" content=\"@SoledadDurazo\" \/>\n<meta name=\"twitter:site\" content=\"@SoledadDurazo\" \/>\n<meta name=\"twitter:label1\" content=\"Escrito por\" \/>\n\t<meta name=\"twitter:data1\" content=\"Redacci\u00f3n\" \/>\n\t<meta name=\"twitter:label2\" content=\"Tiempo de lectura\" \/>\n\t<meta name=\"twitter:data2\" content=\"3 minutos\" \/>\n<script type=\"application\/ld+json\" class=\"yoast-schema-graph\">{\"@context\":\"https:\/\/schema.org\",\"@graph\":[{\"@type\":\"Organization\",\"@id\":\"https:\/\/soledaddurazo.com\/#organization\",\"name\":\"Soledad Durazo\",\"url\":\"https:\/\/soledaddurazo.com\/\",\"sameAs\":[\"https:\/\/www.facebook.com\/soledad.durazo.9\/\",\"https:\/\/www.instagram.com\/soledaddurazo\",\"https:\/\/www.youtube.com\/channel\/UC9yGPw8-Vbl_B2XNkRwPS-w\",\"https:\/\/twitter.com\/SoledadDurazo\"],\"logo\":{\"@type\":\"ImageObject\",\"@id\":\"https:\/\/soledaddurazo.com\/#logo\",\"inLanguage\":\"es\",\"url\":\"https:\/\/soledaddurazo.com\/storage\/2021\/11\/nllp-720x375-1-2.png\",\"contentUrl\":\"https:\/\/soledaddurazo.com\/storage\/2021\/11\/nllp-720x375-1-2.png\",\"width\":720,\"height\":375,\"caption\":\"Soledad Durazo\"},\"image\":{\"@id\":\"https:\/\/soledaddurazo.com\/#logo\"}},{\"@type\":\"WebSite\",\"@id\":\"https:\/\/soledaddurazo.com\/#website\",\"url\":\"https:\/\/soledaddurazo.com\/\",\"name\":\"Periodista SoledadDurazo.com\",\"description\":\"Periodista sonorense. Directora de www.SoledadDurazo.com Columnista, conductora de radio y Tv. Catedr\\u00e1tica en la UNISON\",\"publisher\":{\"@id\":\"https:\/\/soledaddurazo.com\/#organization\"},\"potentialAction\":[{\"@type\":\"SearchAction\",\"target\":{\"@type\":\"EntryPoint\",\"urlTemplate\":\"https:\/\/soledaddurazo.com\/?s={search_term_string}\"},\"query-input\":\"required name=search_term_string\"}],\"inLanguage\":\"es\"},{\"@type\":\"ImageObject\",\"@id\":\"https:\/\/soledaddurazo.com\/blog\/2025\/08\/19\/los-que-deben-llevar-los-ninos-a-la-escuela-y-lo-que-no\/#primaryimage\",\"inLanguage\":\"es\",\"url\":\"https:\/\/soledaddurazo.com\/storage\/2025\/08\/Llevar_nin\\u0303os_al_cole_2.jpg\",\"contentUrl\":\"https:\/\/soledaddurazo.com\/storage\/2025\/08\/Llevar_nin\\u0303os_al_cole_2.jpg\",\"width\":1600,\"height\":1100},{\"@type\":\"WebPage\",\"@id\":\"https:\/\/soledaddurazo.com\/blog\/2025\/08\/19\/los-que-deben-llevar-los-ninos-a-la-escuela-y-lo-que-no\/#webpage\",\"url\":\"https:\/\/soledaddurazo.com\/blog\/2025\/08\/19\/los-que-deben-llevar-los-ninos-a-la-escuela-y-lo-que-no\/\",\"name\":\"Los que deben llevar los ni\\u00f1os a la escuela y lo que no - Periodista SoledadDurazo.com\",\"isPartOf\":{\"@id\":\"https:\/\/soledaddurazo.com\/#website\"},\"primaryImageOfPage\":{\"@id\":\"https:\/\/soledaddurazo.com\/blog\/2025\/08\/19\/los-que-deben-llevar-los-ninos-a-la-escuela-y-lo-que-no\/#primaryimage\"},\"datePublished\":\"2025-08-20T00:35:49+00:00\",\"dateModified\":\"2025-08-27T06:31:43+00:00\",\"breadcrumb\":{\"@id\":\"https:\/\/soledaddurazo.com\/blog\/2025\/08\/19\/los-que-deben-llevar-los-ninos-a-la-escuela-y-lo-que-no\/#breadcrumb\"},\"inLanguage\":\"es\",\"potentialAction\":[{\"@type\":\"ReadAction\",\"target\":[\"https:\/\/soledaddurazo.com\/blog\/2025\/08\/19\/los-que-deben-llevar-los-ninos-a-la-escuela-y-lo-que-no\/\"]}]},{\"@type\":\"BreadcrumbList\",\"@id\":\"https:\/\/soledaddurazo.com\/blog\/2025\/08\/19\/los-que-deben-llevar-los-ninos-a-la-escuela-y-lo-que-no\/#breadcrumb\",\"itemListElement\":[{\"@type\":\"ListItem\",\"position\":1,\"name\":\"Home\",\"item\":\"https:\/\/soledaddurazo.com\/\"},{\"@type\":\"ListItem\",\"position\":2,\"name\":\"Los que deben llevar los ni\\u00f1os a la escuela y lo que no\"}]},{\"@type\":\"Article\",\"@id\":\"https:\/\/soledaddurazo.com\/blog\/2025\/08\/19\/los-que-deben-llevar-los-ninos-a-la-escuela-y-lo-que-no\/#article\",\"isPartOf\":{\"@id\":\"https:\/\/soledaddurazo.com\/blog\/2025\/08\/19\/los-que-deben-llevar-los-ninos-a-la-escuela-y-lo-que-no\/#webpage\"},\"author\":{\"@id\":\"https:\/\/soledaddurazo.com\/#\/schema\/person\/822d8e13aa288585e6546f179853758b\"},\"headline\":\"Los que deben llevar los ni\\u00f1os a la escuela y lo que no\",\"datePublished\":\"2025-08-20T00:35:49+00:00\",\"dateModified\":\"2025-08-27T06:31:43+00:00\",\"mainEntityOfPage\":{\"@id\":\"https:\/\/soledaddurazo.com\/blog\/2025\/08\/19\/los-que-deben-llevar-los-ninos-a-la-escuela-y-lo-que-no\/#webpage\"},\"wordCount\":554,\"commentCount\":0,\"publisher\":{\"@id\":\"https:\/\/soledaddurazo.com\/#organization\"},\"image\":{\"@id\":\"https:\/\/soledaddurazo.com\/blog\/2025\/08\/19\/los-que-deben-llevar-los-ninos-a-la-escuela-y-lo-que-no\/#primaryimage\"},\"thumbnailUrl\":\"https:\/\/soledaddurazo.com\/storage\/2025\/08\/Llevar_nin\\u0303os_al_cole_2.jpg\",\"articleSection\":[\"Para reir un poco\",\"principal\"],\"inLanguage\":\"es\",\"potentialAction\":[{\"@type\":\"CommentAction\",\"name\":\"Comment\",\"target\":[\"https:\/\/soledaddurazo.com\/blog\/2025\/08\/19\/los-que-deben-llevar-los-ninos-a-la-escuela-y-lo-que-no\/#respond\"]}]},{\"@type\":\"Person\",\"@id\":\"https:\/\/soledaddurazo.com\/#\/schema\/person\/822d8e13aa288585e6546f179853758b\",\"name\":\"Redacci\\u00f3n\",\"image\":{\"@type\":\"ImageObject\",\"@id\":\"https:\/\/soledaddurazo.com\/#personlogo\",\"inLanguage\":\"es\",\"url\":\"https:\/\/secure.gravatar.com\/avatar\/c4e193752f756fd61f04deebed3a3a20dc188d37edb53682d313ac57f2725d54?s=96&d=mm&r=g\",\"contentUrl\":\"https:\/\/secure.gravatar.com\/avatar\/c4e193752f756fd61f04deebed3a3a20dc188d37edb53682d313ac57f2725d54?s=96&d=mm&r=g\",\"caption\":\"Redacci\\u00f3n\"},\"sameAs\":[\"https:\/\/soledaddurazo.com\"]}]}<\/script>\n ","yoast_head_json":{"title":"Los que deben llevar los ni\u00f1os a la escuela y lo que no - Periodista SoledadDurazo.com","robots":{"index":"index","follow":"follow","max-snippet":"max-snippet:-1","max-image-preview":"max-image-preview:large","max-video-preview":"max-video-preview:-1"},"canonical":"https:\/\/soledaddurazo.com\/blog\/2025\/08\/19\/los-que-deben-llevar-los-ninos-a-la-escuela-y-lo-que-no\/","og_locale":"es_MX","og_type":"article","og_title":"Los que deben llevar los ni\u00f1os a la escuela y lo que no","og_description":"El inicio de un nuevo ciclo escolar siempre representa entusiasmo, organizaci\u00f3n y tambi\u00e9n ciertas dudas para madres, padres y tutores. Una de las m\u00e1s comunes es qu\u00e9 art\u00edculos deben llevar los ni\u00f1os en su mochila y cu\u00e1les no son adecuados o necesarios. La respuesta puede variar de acuerdo con el nivel educativo y con las [&hellip;]","og_url":"https:\/\/soledaddurazo.com\/blog\/2025\/08\/19\/los-que-deben-llevar-los-ninos-a-la-escuela-y-lo-que-no\/","og_site_name":"Periodista SoledadDurazo.com","article_publisher":"https:\/\/www.facebook.com\/soledad.durazo.9\/","article_published_time":"2025-08-20T00:35:49+00:00","article_modified_time":"2025-08-27T06:31:43+00:00","og_image":[{"width":1600,"height":1100,"url":"https:\/\/soledaddurazo.com\/storage\/2025\/08\/Llevar_nin\u0303os_al_cole_2.jpg","type":"image\/jpeg"}],"twitter_card":"summary_large_image","twitter_creator":"@SoledadDurazo","twitter_site":"@SoledadDurazo","twitter_misc":{"Escrito por":"Redacci\u00f3n","Tiempo de lectura":"3 minutos"},"schema":{"@context":"https:\/\/schema.org","@graph":[{"@type":"Organization","@id":"https:\/\/soledaddurazo.com\/#organization","name":"Soledad Durazo","url":"https:\/\/soledaddurazo.com\/","sameAs":["https:\/\/www.facebook.com\/soledad.durazo.9\/","https:\/\/www.instagram.com\/soledaddurazo","https:\/\/www.youtube.com\/channel\/UC9yGPw8-Vbl_B2XNkRwPS-w","https:\/\/twitter.com\/SoledadDurazo"],"logo":{"@type":"ImageObject","@id":"https:\/\/soledaddurazo.com\/#logo","inLanguage":"es","url":"https:\/\/soledaddurazo.com\/storage\/2021\/11\/nllp-720x375-1-2.png","contentUrl":"https:\/\/soledaddurazo.com\/storage\/2021\/11\/nllp-720x375-1-2.png","width":720,"height":375,"caption":"Soledad Durazo"},"image":{"@id":"https:\/\/soledaddurazo.com\/#logo"}},{"@type":"WebSite","@id":"https:\/\/soledaddurazo.com\/#website","url":"https:\/\/soledaddurazo.com\/","name":"Periodista SoledadDurazo.com","description":"Periodista sonorense. Directora de www.SoledadDurazo.com Columnista, conductora de radio y Tv. Catedr\u00e1tica en la UNISON","publisher":{"@id":"https:\/\/soledaddurazo.com\/#organization"},"potentialAction":[{"@type":"SearchAction","target":{"@type":"EntryPoint","urlTemplate":"https:\/\/soledaddurazo.com\/?s={search_term_string}"},"query-input":"required name=search_term_string"}],"inLanguage":"es"},{"@type":"ImageObject","@id":"https:\/\/soledaddurazo.com\/blog\/2025\/08\/19\/los-que-deben-llevar-los-ninos-a-la-escuela-y-lo-que-no\/#primaryimage","inLanguage":"es","url":"https:\/\/soledaddurazo.com\/storage\/2025\/08\/Llevar_nin\u0303os_al_cole_2.jpg","contentUrl":"https:\/\/soledaddurazo.com\/storage\/2025\/08\/Llevar_nin\u0303os_al_cole_2.jpg","width":1600,"height":1100},{"@type":"WebPage","@id":"https:\/\/soledaddurazo.com\/blog\/2025\/08\/19\/los-que-deben-llevar-los-ninos-a-la-escuela-y-lo-que-no\/#webpage","url":"https:\/\/soledaddurazo.com\/blog\/2025\/08\/19\/los-que-deben-llevar-los-ninos-a-la-escuela-y-lo-que-no\/","name":"Los que deben llevar los ni\u00f1os a la escuela y lo que no - Periodista SoledadDurazo.com","isPartOf":{"@id":"https:\/\/soledaddurazo.com\/#website"},"primaryImageOfPage":{"@id":"https:\/\/soledaddurazo.com\/blog\/2025\/08\/19\/los-que-deben-llevar-los-ninos-a-la-escuela-y-lo-que-no\/#primaryimage"},"datePublished":"2025-08-20T00:35:49+00:00","dateModified":"2025-08-27T06:31:43+00:00","breadcrumb":{"@id":"https:\/\/soledaddurazo.com\/blog\/2025\/08\/19\/los-que-deben-llevar-los-ninos-a-la-escuela-y-lo-que-no\/#breadcrumb"},"inLanguage":"es","potentialAction":[{"@type":"ReadAction","target":["https:\/\/soledaddurazo.com\/blog\/2025\/08\/19\/los-que-deben-llevar-los-ninos-a-la-escuela-y-lo-que-no\/"]}]},{"@type":"BreadcrumbList","@id":"https:\/\/soledaddurazo.com\/blog\/2025\/08\/19\/los-que-deben-llevar-los-ninos-a-la-escuela-y-lo-que-no\/#breadcrumb","itemListElement":[{"@type":"ListItem","position":1,"name":"Home","item":"https:\/\/soledaddurazo.com\/"},{"@type":"ListItem","position":2,"name":"Los que deben llevar los ni\u00f1os a la escuela y lo que no"}]},{"@type":"Article","@id":"https:\/\/soledaddurazo.com\/blog\/2025\/08\/19\/los-que-deben-llevar-los-ninos-a-la-escuela-y-lo-que-no\/#article","isPartOf":{"@id":"https:\/\/soledaddurazo.com\/blog\/2025\/08\/19\/los-que-deben-llevar-los-ninos-a-la-escuela-y-lo-que-no\/#webpage"},"author":{"@id":"https:\/\/soledaddurazo.com\/#\/schema\/person\/822d8e13aa288585e6546f179853758b"},"headline":"Los que deben llevar los ni\u00f1os a la escuela y lo que no","datePublished":"2025-08-20T00:35:49+00:00","dateModified":"2025-08-27T06:31:43+00:00","mainEntityOfPage":{"@id":"https:\/\/soledaddurazo.com\/blog\/2025\/08\/19\/los-que-deben-llevar-los-ninos-a-la-escuela-y-lo-que-no\/#webpage"},"wordCount":554,"commentCount":0,"publisher":{"@id":"https:\/\/soledaddurazo.com\/#organization"},"image":{"@id":"https:\/\/soledaddurazo.com\/blog\/2025\/08\/19\/los-que-deben-llevar-los-ninos-a-la-escuela-y-lo-que-no\/#primaryimage"},"thumbnailUrl":"https:\/\/soledaddurazo.com\/storage\/2025\/08\/Llevar_nin\u0303os_al_cole_2.jpg","articleSection":["Para reir un poco","principal"],"inLanguage":"es","potentialAction":[{"@type":"CommentAction","name":"Comment","target":["https:\/\/soledaddurazo.com\/blog\/2025\/08\/19\/los-que-deben-llevar-los-ninos-a-la-escuela-y-lo-que-no\/#respond"]}]},{"@type":"Person","@id":"https:\/\/soledaddurazo.com\/#\/schema\/person\/822d8e13aa288585e6546f179853758b","name":"Redacci\u00f3n","image":{"@type":"ImageObject","@id":"https:\/\/soledaddurazo.com\/#personlogo","inLanguage":"es","url":"https:\/\/secure.gravatar.com\/avatar\/c4e193752f756fd61f04deebed3a3a20dc188d37edb53682d313ac57f2725d54?s=96&d=mm&r=g","contentUrl":"https:\/\/secure.gravatar.com\/avatar\/c4e193752f756fd61f04deebed3a3a20dc188d37edb53682d313ac57f2725d54?s=96&d=mm&r=g","caption":"Redacci\u00f3n"},"sameAs":["https:\/\/soledaddurazo.com"]}]}},"_links":{"self":[{"href":"https:\/\/soledaddurazo.com\/api\/wp\/v2\/posts\/23200","targetHints":{"allow":["GET"]}}],"collection":[{"href":"https:\/\/soledaddurazo.com\/api\/wp\/v2\/posts"}],"about":[{"href":"https:\/\/soledaddurazo.com\/api\/wp\/v2\/types\/post"}],"author":[{"embeddable":true,"href":"https:\/\/soledaddurazo.com\/api\/wp\/v2\/users\/1"}],"replies":[{"embeddable":true,"href":"https:\/\/soledaddurazo.com\/api\/wp\/v2\/comments?post=23200"}],"version-history":[{"count":3,"href":"https:\/\/soledaddurazo.com\/api\/wp\/v2\/posts\/23200\/revisions"}],"predecessor-version":[{"id":23205,"href":"https:\/\/soledaddurazo.com\/api\/wp\/v2\/posts\/23200\/revisions\/23205"}],"wp:featuredmedia":[{"embeddable":true,"href":"https:\/\/soledaddurazo.com\/api\/wp\/v2\/media\/23201"}],"wp:attachment":[{"href":"https:\/\/soledaddurazo.com\/api\/wp\/v2\/media?parent=23200"}],"wp:term":[{"taxonomy":"category","embeddable":true,"href":"https:\/\/soledaddurazo.com\/api\/wp\/v2\/categories?post=23200"},{"taxonomy":"post_tag","embeddable":true,"href":"https:\/\/soledaddurazo.com\/api\/wp\/v2\/tags?post=23200"}],"curies":[{"name":"wp","href":"https:\/\/api.w.org\/{rel}","templated":true}]}}