{"id":23196,"date":"2025-08-19T17:12:25","date_gmt":"2025-08-20T00:12:25","guid":{"rendered":"https:\/\/soledaddurazo.com\/?p=23196"},"modified":"2025-08-26T23:29:32","modified_gmt":"2025-08-27T06:29:32","slug":"si-quiere-lucirte-al-exponer-sigue-estos-pasos","status":"publish","type":"post","link":"https:\/\/soledaddurazo.com\/blog\/2025\/08\/19\/si-quiere-lucirte-al-exponer-sigue-estos-pasos\/","title":{"rendered":"Si quiere lucirte al exponer, sigue estos pasos"},"content":{"rendered":"<p>Preparar una exposici\u00f3n implica mucho m\u00e1s que pararse frente a un grupo y hablar. Requiere organizaci\u00f3n, claridad y pr\u00e1ctica para transmitir un mensaje de manera efectiva. El primer paso es <strong data-start=\"335\" data-end=\"354\">definir el tema<\/strong> y conocer a la audiencia a la que va dirigida. No es lo mismo exponer ante especialistas que ante compa\u00f1eros de clase, por lo que es importante ajustar el nivel de lenguaje, la profundidad de los conceptos y los ejemplos que se usar\u00e1n.<\/p>\n<p><a href=\"https:\/\/soledaddurazo.com\/storage\/2025\/08\/como-superar-una-exposicion-oral.jpg\"><img loading=\"lazy\" decoding=\"async\" class=\"aligncenter size-full wp-image-23197\" src=\"https:\/\/soledaddurazo.com\/storage\/2025\/08\/como-superar-una-exposicion-oral.jpg\" alt=\"\" width=\"825\" height=\"510\" srcset=\"https:\/\/soledaddurazo.com\/storage\/2025\/08\/como-superar-una-exposicion-oral.jpg 825w, https:\/\/soledaddurazo.com\/storage\/2025\/08\/como-superar-una-exposicion-oral-300x185.jpg 300w, https:\/\/soledaddurazo.com\/storage\/2025\/08\/como-superar-una-exposicion-oral-768x475.jpg 768w, https:\/\/soledaddurazo.com\/storage\/2025\/08\/como-superar-una-exposicion-oral-600x371.jpg 600w, https:\/\/soledaddurazo.com\/storage\/2025\/08\/como-superar-una-exposicion-oral-750x464.jpg 750w\" sizes=\"auto, (max-width: 825px) 100vw, 825px\" \/><\/a><\/p>\n<ul class=\"is-style-arrow-bullet-circle wp-block-list\">\n<li><strong>Hacer una lista de los intereses personales<\/strong>. El primer paso es reflexionar sobre los temas que m\u00e1s nos interesan, aquellos t\u00f3picos que despiertan nuestra pasi\u00f3n. Este entusiasmo se notar\u00e1 en nuestro desempe\u00f1o y nos facilitar\u00e1 el estudio y la recopilaci\u00f3n de datos.<\/li>\n<li><strong>Elegir el tema m\u00e1s relevante dentro de la lista<\/strong>. Una vez hecha la lista de nuestros intereses, podremos elegir el que mejor se adapte a la situaci\u00f3n o al contexto en que debemos exponer, teniendo en cuenta el efecto que deseamos causar en nuestra audiencia.<\/li>\n<li><strong>Recopilar la informaci\u00f3n<\/strong>. Luego, debemos investigar, leer, ver documentales, es decir, saber todo lo necesario para levantar la informaci\u00f3n pertinente al tema, a fin de elegir nuestro punto de vista conociendo todo el contexto y comenzar a organizar las partes que tendr\u00e1 nuestra exposici\u00f3n.<\/li>\n<li><strong>Tomar apuntes y organizar la informaci\u00f3n<\/strong>. Una vez definido el punto de vista de la exposici\u00f3n, debemos estructurar la informaci\u00f3n. Podemos ayudarnos con fichas y gr\u00e1ficos para extraer lo m\u00e1s relevante, elegir los datos clave. Eso implica leer mucho: para exponer un tema, debemos investigar m\u00e1s all\u00e1 de lo m\u00ednimamente indispensable.<\/li>\n<li><strong>Ejercitar la exposici\u00f3n<\/strong>. Una vez decidido qu\u00e9 vamos a decir y en qu\u00e9 orden, se pasa a la pr\u00e1ctica. Al ejercitar la exposici\u00f3n, podemos analizar el tiempo que nos lleva, los puntos m\u00e1s importantes y los recursos de estilo que queramos sumar para captar la atenci\u00f3n del auditorio.<\/li>\n<li><strong>Preparar el material de apoyo<\/strong>. Por \u00faltimo, podemos preparar material extra que reflejar\u00e1 las ideas m\u00e1s importantes, para que el p\u00fablico las retenga y para que nos sirvan a nosotros de gu\u00eda o recordatorio.<\/li>\n<\/ul>\n","protected":false},"excerpt":{"rendered":"<p>Preparar una exposici\u00f3n implica mucho m\u00e1s que pararse frente a un grupo y hablar. Requiere organizaci\u00f3n, claridad y pr\u00e1ctica para transmitir un mensaje de manera efectiva. El primer paso es definir el tema y conocer a la audiencia a la que va dirigida. No es lo mismo exponer ante especialistas que ante compa\u00f1eros de clase, [&hellip;]<\/p>\n","protected":false},"author":1,"featured_media":23198,"comment_status":"open","ping_status":"open","sticky":false,"template":"","format":"standard","meta":{"footnotes":""},"categories":[153,1],"tags":[],"class_list":["post"],"yoast_head":" \n<title>Si quiere lucirte al exponer, sigue estos pasos - Periodista SoledadDurazo.com<\/title>\n<meta name=\"robots\" content=\"index, follow, max-snippet:-1, max-image-preview:large, max-video-preview:-1\" \/>\n<link rel=\"canonical\" href=\"https:\/\/soledaddurazo.com\/blog\/2025\/08\/19\/si-quiere-lucirte-al-exponer-sigue-estos-pasos\/\" \/>\n<meta property=\"og:locale\" content=\"es_MX\" \/>\n<meta property=\"og:type\" content=\"article\" \/>\n<meta property=\"og:title\" content=\"Si quiere lucirte al exponer, sigue estos pasos\" \/>\n<meta property=\"og:description\" content=\"Preparar una exposici\u00f3n implica mucho m\u00e1s que pararse frente a un grupo y hablar. Requiere organizaci\u00f3n, claridad y pr\u00e1ctica para transmitir un mensaje de manera efectiva. El primer paso es definir el tema y conocer a la audiencia a la que va dirigida. No es lo mismo exponer ante especialistas que ante compa\u00f1eros de clase, [&hellip;]\" \/>\n<meta property=\"og:url\" content=\"https:\/\/soledaddurazo.com\/blog\/2025\/08\/19\/si-quiere-lucirte-al-exponer-sigue-estos-pasos\/\" \/>\n<meta property=\"og:site_name\" content=\"Periodista SoledadDurazo.com\" \/>\n<meta property=\"article:publisher\" content=\"https:\/\/www.facebook.com\/soledad.durazo.9\/\" \/>\n<meta property=\"article:published_time\" content=\"2025-08-20T00:12:25+00:00\" \/>\n<meta property=\"article:modified_time\" content=\"2025-08-27T06:29:32+00:00\" \/>\n<meta property=\"og:image\" content=\"https:\/\/soledaddurazo.com\/storage\/2025\/08\/tips-exponer-en-clase-1200x628-1.jpg\" \/>\n\t<meta property=\"og:image:width\" content=\"1200\" \/>\n\t<meta property=\"og:image:height\" content=\"628\" \/>\n<meta name=\"twitter:card\" content=\"summary_large_image\" \/>\n<meta name=\"twitter:creator\" content=\"@SoledadDurazo\" \/>\n<meta name=\"twitter:site\" content=\"@SoledadDurazo\" \/>\n<meta name=\"twitter:label1\" content=\"Escrito por\" \/>\n\t<meta name=\"twitter:data1\" content=\"Redacci\u00f3n\" \/>\n\t<meta name=\"twitter:label2\" content=\"Tiempo de lectura\" \/>\n\t<meta name=\"twitter:data2\" content=\"2 minutos\" \/>\n<script type=\"application\/ld+json\" class=\"yoast-schema-graph\">{\"@context\":\"https:\/\/schema.org\",\"@graph\":[{\"@type\":\"Organization\",\"@id\":\"https:\/\/soledaddurazo.com\/#organization\",\"name\":\"Soledad Durazo\",\"url\":\"https:\/\/soledaddurazo.com\/\",\"sameAs\":[\"https:\/\/www.facebook.com\/soledad.durazo.9\/\",\"https:\/\/www.instagram.com\/soledaddurazo\",\"https:\/\/www.youtube.com\/channel\/UC9yGPw8-Vbl_B2XNkRwPS-w\",\"https:\/\/twitter.com\/SoledadDurazo\"],\"logo\":{\"@type\":\"ImageObject\",\"@id\":\"https:\/\/soledaddurazo.com\/#logo\",\"inLanguage\":\"es\",\"url\":\"https:\/\/soledaddurazo.com\/storage\/2021\/11\/nllp-720x375-1-2.png\",\"contentUrl\":\"https:\/\/soledaddurazo.com\/storage\/2021\/11\/nllp-720x375-1-2.png\",\"width\":720,\"height\":375,\"caption\":\"Soledad Durazo\"},\"image\":{\"@id\":\"https:\/\/soledaddurazo.com\/#logo\"}},{\"@type\":\"WebSite\",\"@id\":\"https:\/\/soledaddurazo.com\/#website\",\"url\":\"https:\/\/soledaddurazo.com\/\",\"name\":\"Periodista SoledadDurazo.com\",\"description\":\"Periodista sonorense. Directora de www.SoledadDurazo.com Columnista, conductora de radio y Tv. Catedr\\u00e1tica en la UNISON\",\"publisher\":{\"@id\":\"https:\/\/soledaddurazo.com\/#organization\"},\"potentialAction\":[{\"@type\":\"SearchAction\",\"target\":{\"@type\":\"EntryPoint\",\"urlTemplate\":\"https:\/\/soledaddurazo.com\/?s={search_term_string}\"},\"query-input\":\"required name=search_term_string\"}],\"inLanguage\":\"es\"},{\"@type\":\"ImageObject\",\"@id\":\"https:\/\/soledaddurazo.com\/blog\/2025\/08\/19\/si-quiere-lucirte-al-exponer-sigue-estos-pasos\/#primaryimage\",\"inLanguage\":\"es\",\"url\":\"https:\/\/soledaddurazo.com\/storage\/2025\/08\/tips-exponer-en-clase-1200x628-1.jpg\",\"contentUrl\":\"https:\/\/soledaddurazo.com\/storage\/2025\/08\/tips-exponer-en-clase-1200x628-1.jpg\",\"width\":1200,\"height\":628},{\"@type\":\"WebPage\",\"@id\":\"https:\/\/soledaddurazo.com\/blog\/2025\/08\/19\/si-quiere-lucirte-al-exponer-sigue-estos-pasos\/#webpage\",\"url\":\"https:\/\/soledaddurazo.com\/blog\/2025\/08\/19\/si-quiere-lucirte-al-exponer-sigue-estos-pasos\/\",\"name\":\"Si quiere lucirte al exponer, sigue estos pasos - Periodista SoledadDurazo.com\",\"isPartOf\":{\"@id\":\"https:\/\/soledaddurazo.com\/#website\"},\"primaryImageOfPage\":{\"@id\":\"https:\/\/soledaddurazo.com\/blog\/2025\/08\/19\/si-quiere-lucirte-al-exponer-sigue-estos-pasos\/#primaryimage\"},\"datePublished\":\"2025-08-20T00:12:25+00:00\",\"dateModified\":\"2025-08-27T06:29:32+00:00\",\"breadcrumb\":{\"@id\":\"https:\/\/soledaddurazo.com\/blog\/2025\/08\/19\/si-quiere-lucirte-al-exponer-sigue-estos-pasos\/#breadcrumb\"},\"inLanguage\":\"es\",\"potentialAction\":[{\"@type\":\"ReadAction\",\"target\":[\"https:\/\/soledaddurazo.com\/blog\/2025\/08\/19\/si-quiere-lucirte-al-exponer-sigue-estos-pasos\/\"]}]},{\"@type\":\"BreadcrumbList\",\"@id\":\"https:\/\/soledaddurazo.com\/blog\/2025\/08\/19\/si-quiere-lucirte-al-exponer-sigue-estos-pasos\/#breadcrumb\",\"itemListElement\":[{\"@type\":\"ListItem\",\"position\":1,\"name\":\"Home\",\"item\":\"https:\/\/soledaddurazo.com\/\"},{\"@type\":\"ListItem\",\"position\":2,\"name\":\"Si quiere lucirte al exponer, sigue estos pasos\"}]},{\"@type\":\"Article\",\"@id\":\"https:\/\/soledaddurazo.com\/blog\/2025\/08\/19\/si-quiere-lucirte-al-exponer-sigue-estos-pasos\/#article\",\"isPartOf\":{\"@id\":\"https:\/\/soledaddurazo.com\/blog\/2025\/08\/19\/si-quiere-lucirte-al-exponer-sigue-estos-pasos\/#webpage\"},\"author\":{\"@id\":\"https:\/\/soledaddurazo.com\/#\/schema\/person\/822d8e13aa288585e6546f179853758b\"},\"headline\":\"Si quiere lucirte al exponer, sigue estos pasos\",\"datePublished\":\"2025-08-20T00:12:25+00:00\",\"dateModified\":\"2025-08-27T06:29:32+00:00\",\"mainEntityOfPage\":{\"@id\":\"https:\/\/soledaddurazo.com\/blog\/2025\/08\/19\/si-quiere-lucirte-al-exponer-sigue-estos-pasos\/#webpage\"},\"wordCount\":379,\"commentCount\":0,\"publisher\":{\"@id\":\"https:\/\/soledaddurazo.com\/#organization\"},\"image\":{\"@id\":\"https:\/\/soledaddurazo.com\/blog\/2025\/08\/19\/si-quiere-lucirte-al-exponer-sigue-estos-pasos\/#primaryimage\"},\"thumbnailUrl\":\"https:\/\/soledaddurazo.com\/storage\/2025\/08\/tips-exponer-en-clase-1200x628-1.jpg\",\"articleSection\":[\"principal\"],\"inLanguage\":\"es\",\"potentialAction\":[{\"@type\":\"CommentAction\",\"name\":\"Comment\",\"target\":[\"https:\/\/soledaddurazo.com\/blog\/2025\/08\/19\/si-quiere-lucirte-al-exponer-sigue-estos-pasos\/#respond\"]}]},{\"@type\":\"Person\",\"@id\":\"https:\/\/soledaddurazo.com\/#\/schema\/person\/822d8e13aa288585e6546f179853758b\",\"name\":\"Redacci\\u00f3n\",\"image\":{\"@type\":\"ImageObject\",\"@id\":\"https:\/\/soledaddurazo.com\/#personlogo\",\"inLanguage\":\"es\",\"url\":\"https:\/\/secure.gravatar.com\/avatar\/c4e193752f756fd61f04deebed3a3a20dc188d37edb53682d313ac57f2725d54?s=96&d=mm&r=g\",\"contentUrl\":\"https:\/\/secure.gravatar.com\/avatar\/c4e193752f756fd61f04deebed3a3a20dc188d37edb53682d313ac57f2725d54?s=96&d=mm&r=g\",\"caption\":\"Redacci\\u00f3n\"},\"sameAs\":[\"https:\/\/soledaddurazo.com\"]}]}<\/script>\n ","yoast_head_json":{"title":"Si quiere lucirte al exponer, sigue estos pasos - Periodista SoledadDurazo.com","robots":{"index":"index","follow":"follow","max-snippet":"max-snippet:-1","max-image-preview":"max-image-preview:large","max-video-preview":"max-video-preview:-1"},"canonical":"https:\/\/soledaddurazo.com\/blog\/2025\/08\/19\/si-quiere-lucirte-al-exponer-sigue-estos-pasos\/","og_locale":"es_MX","og_type":"article","og_title":"Si quiere lucirte al exponer, sigue estos pasos","og_description":"Preparar una exposici\u00f3n implica mucho m\u00e1s que pararse frente a un grupo y hablar. Requiere organizaci\u00f3n, claridad y pr\u00e1ctica para transmitir un mensaje de manera efectiva. El primer paso es definir el tema y conocer a la audiencia a la que va dirigida. No es lo mismo exponer ante especialistas que ante compa\u00f1eros de clase, [&hellip;]","og_url":"https:\/\/soledaddurazo.com\/blog\/2025\/08\/19\/si-quiere-lucirte-al-exponer-sigue-estos-pasos\/","og_site_name":"Periodista SoledadDurazo.com","article_publisher":"https:\/\/www.facebook.com\/soledad.durazo.9\/","article_published_time":"2025-08-20T00:12:25+00:00","article_modified_time":"2025-08-27T06:29:32+00:00","og_image":[{"width":1200,"height":628,"url":"https:\/\/soledaddurazo.com\/storage\/2025\/08\/tips-exponer-en-clase-1200x628-1.jpg","type":"image\/jpeg"}],"twitter_card":"summary_large_image","twitter_creator":"@SoledadDurazo","twitter_site":"@SoledadDurazo","twitter_misc":{"Escrito por":"Redacci\u00f3n","Tiempo de lectura":"2 minutos"},"schema":{"@context":"https:\/\/schema.org","@graph":[{"@type":"Organization","@id":"https:\/\/soledaddurazo.com\/#organization","name":"Soledad Durazo","url":"https:\/\/soledaddurazo.com\/","sameAs":["https:\/\/www.facebook.com\/soledad.durazo.9\/","https:\/\/www.instagram.com\/soledaddurazo","https:\/\/www.youtube.com\/channel\/UC9yGPw8-Vbl_B2XNkRwPS-w","https:\/\/twitter.com\/SoledadDurazo"],"logo":{"@type":"ImageObject","@id":"https:\/\/soledaddurazo.com\/#logo","inLanguage":"es","url":"https:\/\/soledaddurazo.com\/storage\/2021\/11\/nllp-720x375-1-2.png","contentUrl":"https:\/\/soledaddurazo.com\/storage\/2021\/11\/nllp-720x375-1-2.png","width":720,"height":375,"caption":"Soledad Durazo"},"image":{"@id":"https:\/\/soledaddurazo.com\/#logo"}},{"@type":"WebSite","@id":"https:\/\/soledaddurazo.com\/#website","url":"https:\/\/soledaddurazo.com\/","name":"Periodista SoledadDurazo.com","description":"Periodista sonorense. Directora de www.SoledadDurazo.com Columnista, conductora de radio y Tv. Catedr\u00e1tica en la UNISON","publisher":{"@id":"https:\/\/soledaddurazo.com\/#organization"},"potentialAction":[{"@type":"SearchAction","target":{"@type":"EntryPoint","urlTemplate":"https:\/\/soledaddurazo.com\/?s={search_term_string}"},"query-input":"required name=search_term_string"}],"inLanguage":"es"},{"@type":"ImageObject","@id":"https:\/\/soledaddurazo.com\/blog\/2025\/08\/19\/si-quiere-lucirte-al-exponer-sigue-estos-pasos\/#primaryimage","inLanguage":"es","url":"https:\/\/soledaddurazo.com\/storage\/2025\/08\/tips-exponer-en-clase-1200x628-1.jpg","contentUrl":"https:\/\/soledaddurazo.com\/storage\/2025\/08\/tips-exponer-en-clase-1200x628-1.jpg","width":1200,"height":628},{"@type":"WebPage","@id":"https:\/\/soledaddurazo.com\/blog\/2025\/08\/19\/si-quiere-lucirte-al-exponer-sigue-estos-pasos\/#webpage","url":"https:\/\/soledaddurazo.com\/blog\/2025\/08\/19\/si-quiere-lucirte-al-exponer-sigue-estos-pasos\/","name":"Si quiere lucirte al exponer, sigue estos pasos - Periodista SoledadDurazo.com","isPartOf":{"@id":"https:\/\/soledaddurazo.com\/#website"},"primaryImageOfPage":{"@id":"https:\/\/soledaddurazo.com\/blog\/2025\/08\/19\/si-quiere-lucirte-al-exponer-sigue-estos-pasos\/#primaryimage"},"datePublished":"2025-08-20T00:12:25+00:00","dateModified":"2025-08-27T06:29:32+00:00","breadcrumb":{"@id":"https:\/\/soledaddurazo.com\/blog\/2025\/08\/19\/si-quiere-lucirte-al-exponer-sigue-estos-pasos\/#breadcrumb"},"inLanguage":"es","potentialAction":[{"@type":"ReadAction","target":["https:\/\/soledaddurazo.com\/blog\/2025\/08\/19\/si-quiere-lucirte-al-exponer-sigue-estos-pasos\/"]}]},{"@type":"BreadcrumbList","@id":"https:\/\/soledaddurazo.com\/blog\/2025\/08\/19\/si-quiere-lucirte-al-exponer-sigue-estos-pasos\/#breadcrumb","itemListElement":[{"@type":"ListItem","position":1,"name":"Home","item":"https:\/\/soledaddurazo.com\/"},{"@type":"ListItem","position":2,"name":"Si quiere lucirte al exponer, sigue estos pasos"}]},{"@type":"Article","@id":"https:\/\/soledaddurazo.com\/blog\/2025\/08\/19\/si-quiere-lucirte-al-exponer-sigue-estos-pasos\/#article","isPartOf":{"@id":"https:\/\/soledaddurazo.com\/blog\/2025\/08\/19\/si-quiere-lucirte-al-exponer-sigue-estos-pasos\/#webpage"},"author":{"@id":"https:\/\/soledaddurazo.com\/#\/schema\/person\/822d8e13aa288585e6546f179853758b"},"headline":"Si quiere lucirte al exponer, sigue estos pasos","datePublished":"2025-08-20T00:12:25+00:00","dateModified":"2025-08-27T06:29:32+00:00","mainEntityOfPage":{"@id":"https:\/\/soledaddurazo.com\/blog\/2025\/08\/19\/si-quiere-lucirte-al-exponer-sigue-estos-pasos\/#webpage"},"wordCount":379,"commentCount":0,"publisher":{"@id":"https:\/\/soledaddurazo.com\/#organization"},"image":{"@id":"https:\/\/soledaddurazo.com\/blog\/2025\/08\/19\/si-quiere-lucirte-al-exponer-sigue-estos-pasos\/#primaryimage"},"thumbnailUrl":"https:\/\/soledaddurazo.com\/storage\/2025\/08\/tips-exponer-en-clase-1200x628-1.jpg","articleSection":["principal"],"inLanguage":"es","potentialAction":[{"@type":"CommentAction","name":"Comment","target":["https:\/\/soledaddurazo.com\/blog\/2025\/08\/19\/si-quiere-lucirte-al-exponer-sigue-estos-pasos\/#respond"]}]},{"@type":"Person","@id":"https:\/\/soledaddurazo.com\/#\/schema\/person\/822d8e13aa288585e6546f179853758b","name":"Redacci\u00f3n","image":{"@type":"ImageObject","@id":"https:\/\/soledaddurazo.com\/#personlogo","inLanguage":"es","url":"https:\/\/secure.gravatar.com\/avatar\/c4e193752f756fd61f04deebed3a3a20dc188d37edb53682d313ac57f2725d54?s=96&d=mm&r=g","contentUrl":"https:\/\/secure.gravatar.com\/avatar\/c4e193752f756fd61f04deebed3a3a20dc188d37edb53682d313ac57f2725d54?s=96&d=mm&r=g","caption":"Redacci\u00f3n"},"sameAs":["https:\/\/soledaddurazo.com"]}]}},"_links":{"self":[{"href":"https:\/\/soledaddurazo.com\/api\/wp\/v2\/posts\/23196","targetHints":{"allow":["GET"]}}],"collection":[{"href":"https:\/\/soledaddurazo.com\/api\/wp\/v2\/posts"}],"about":[{"href":"https:\/\/soledaddurazo.com\/api\/wp\/v2\/types\/post"}],"author":[{"embeddable":true,"href":"https:\/\/soledaddurazo.com\/api\/wp\/v2\/users\/1"}],"replies":[{"embeddable":true,"href":"https:\/\/soledaddurazo.com\/api\/wp\/v2\/comments?post=23196"}],"version-history":[{"count":1,"href":"https:\/\/soledaddurazo.com\/api\/wp\/v2\/posts\/23196\/revisions"}],"predecessor-version":[{"id":23199,"href":"https:\/\/soledaddurazo.com\/api\/wp\/v2\/posts\/23196\/revisions\/23199"}],"wp:featuredmedia":[{"embeddable":true,"href":"https:\/\/soledaddurazo.com\/api\/wp\/v2\/media\/23198"}],"wp:attachment":[{"href":"https:\/\/soledaddurazo.com\/api\/wp\/v2\/media?parent=23196"}],"wp:term":[{"taxonomy":"category","embeddable":true,"href":"https:\/\/soledaddurazo.com\/api\/wp\/v2\/categories?post=23196"},{"taxonomy":"post_tag","embeddable":true,"href":"https:\/\/soledaddurazo.com\/api\/wp\/v2\/tags?post=23196"}],"curies":[{"name":"wp","href":"https:\/\/api.w.org\/{rel}","templated":true}]}}