{"id":23060,"date":"2025-07-21T17:43:49","date_gmt":"2025-07-22T00:43:49","guid":{"rendered":"https:\/\/soledaddurazo.com\/?p=23060"},"modified":"2025-08-03T04:39:24","modified_gmt":"2025-08-03T11:39:24","slug":"bajaremos-la-velocidad-en-hermosillo","status":"publish","type":"post","link":"https:\/\/soledaddurazo.com\/blog\/2025\/07\/21\/bajaremos-la-velocidad-en-hermosillo\/","title":{"rendered":"Bajaremos la velocidad en Hermosillo"},"content":{"rendered":"<hr data-start=\"89\" data-end=\"92\" \/>\n<ul>\n<li data-start=\"94\" data-end=\"164\"><strong data-start=\"94\" data-end=\"164\">Instalan c\u00e1maras para monitorear velocidad en accesos a Hermosillo<\/strong><\/li>\n<\/ul>\n<p data-start=\"166\" data-end=\"464\">El vocero de Tr\u00e1nsito Municipal, oficial Antonio Lucero Labor\u00edn, inform\u00f3 que se han instalado c\u00e1maras en tres arcos de seguridad ubicados en las entradas principales a Hermosillo. Estos dispositivos tienen como objetivo verificar que los automovilistas circulen a la velocidad permitida de 50 km\/h.<\/p>\n<p data-start=\"466\" data-end=\"622\">Las c\u00e1maras se encuentran en las siguientes ubicaciones: entrada Guaymas\u2013Hermosillo, entrada Norte, y entrada Bah\u00eda de Kino sobre el bulevar Garc\u00eda Morales.<\/p>\n<p data-start=\"624\" data-end=\"1021\">En entrevista con Soledad Durazo, durante el programa de Noticias Radio F\u00f3rmula Sonora, Lucero Labor\u00edn explic\u00f3 que desde junio y hasta el 31 de diciembre del presente a\u00f1o se llevar\u00e1 a cabo un periodo de adaptaci\u00f3n. Durante este tiempo, los conductores que sean captados circulando entre 60 y 79 km\/h recibir\u00e1n hasta tres amonestaciones. A partir de la cuarta infracci\u00f3n, se les aplicar\u00e1 una multa.<\/p>\n<p data-start=\"1023\" data-end=\"1338\">Por otra parte, si un conductor es detectado viajando entre 80 y 99 km\/h, la infracci\u00f3n ser\u00e1 inmediata y validada por el Centro de Monitoreo de Seguridad Vial. En caso de que se supere los 100 km\/h, se proceder\u00e1 de forma inmediata con la intervenci\u00f3n directa de los elementos del Departamento de Tr\u00e1nsito Municipal.<\/p>\n<p data-start=\"1023\" data-end=\"1338\">M\u00e1s detalles lo puede encontrar en la entrevista completa aqu\u00ed \ud83d\udc47<\/p>\n<div class=\"lyte-wrapper fourthree\" style=\"width:420px;max-width:100%;margin:5px;\"><div class=\"lyMe\" id=\"WYL_K-w_zb52jqE\"><div id=\"lyte_K-w_zb52jqE\" data-src=\"\/\/i.ytimg.com\/vi\/K-w_zb52jqE\/hqdefault.jpg\" class=\"pL\"><div class=\"tC\"><div class=\"tT\"><\/div><\/div><div class=\"play\"><\/div><div class=\"ctrl\"><div class=\"Lctrl\"><\/div><div class=\"Rctrl\"><\/div><\/div><\/div><noscript><a href=\"https:\/\/youtu.be\/K-w_zb52jqE\"><img loading=\"lazy\" decoding=\"async\" src=\"https:\/\/i.ytimg.com\/vi\/K-w_zb52jqE\/0.jpg\" alt=\"\" width=\"420\" height=\"295\" \/><br \/>Ver este video en YouTube<\/a><\/noscript><\/div><\/div><div class=\"lL\" style=\"max-width:100%;width:420px;margin:5px;\"><\/div>\n","protected":false},"excerpt":{"rendered":"<p>Instalan c\u00e1maras para monitorear velocidad en accesos a Hermosillo El vocero de Tr\u00e1nsito Municipal, oficial Antonio Lucero Labor\u00edn, inform\u00f3 que se han instalado c\u00e1maras en tres arcos de seguridad ubicados en las entradas principales a Hermosillo. Estos dispositivos tienen como objetivo verificar que los automovilistas circulen a la velocidad permitida de 50 km\/h. Las c\u00e1maras [&hellip;]<\/p>\n","protected":false},"author":1,"featured_media":23061,"comment_status":"open","ping_status":"open","sticky":false,"template":"","format":"standard","meta":{"footnotes":""},"categories":[160,153],"tags":[],"class_list":["post"],"yoast_head":" \n<title>Bajaremos la velocidad en Hermosillo - Periodista SoledadDurazo.com<\/title>\n<meta name=\"robots\" content=\"index, follow, max-snippet:-1, max-image-preview:large, max-video-preview:-1\" \/>\n<link rel=\"canonical\" href=\"https:\/\/soledaddurazo.com\/blog\/2025\/07\/21\/bajaremos-la-velocidad-en-hermosillo\/\" \/>\n<meta property=\"og:locale\" content=\"es_MX\" \/>\n<meta property=\"og:type\" content=\"article\" \/>\n<meta property=\"og:title\" content=\"Bajaremos la velocidad en Hermosillo\" \/>\n<meta property=\"og:description\" content=\"Instalan c\u00e1maras para monitorear velocidad en accesos a Hermosillo El vocero de Tr\u00e1nsito Municipal, oficial Antonio Lucero Labor\u00edn, inform\u00f3 que se han instalado c\u00e1maras en tres arcos de seguridad ubicados en las entradas principales a Hermosillo. Estos dispositivos tienen como objetivo verificar que los automovilistas circulen a la velocidad permitida de 50 km\/h. Las c\u00e1maras [&hellip;]\" \/>\n<meta property=\"og:url\" content=\"https:\/\/soledaddurazo.com\/blog\/2025\/07\/21\/bajaremos-la-velocidad-en-hermosillo\/\" \/>\n<meta property=\"og:site_name\" content=\"Periodista SoledadDurazo.com\" \/>\n<meta property=\"article:publisher\" content=\"https:\/\/www.facebook.com\/soledad.durazo.9\/\" \/>\n<meta property=\"article:published_time\" content=\"2025-07-22T00:43:49+00:00\" \/>\n<meta property=\"article:modified_time\" content=\"2025-08-03T11:39:24+00:00\" \/>\n<meta property=\"og:image\" content=\"https:\/\/soledaddurazo.com\/storage\/2025\/07\/images-2.jpeg\" \/>\n\t<meta property=\"og:image:width\" content=\"287\" \/>\n\t<meta property=\"og:image:height\" content=\"176\" \/>\n<meta name=\"twitter:card\" content=\"summary_large_image\" \/>\n<meta name=\"twitter:creator\" content=\"@SoledadDurazo\" \/>\n<meta name=\"twitter:site\" content=\"@SoledadDurazo\" \/>\n<meta name=\"twitter:label1\" content=\"Escrito por\" \/>\n\t<meta name=\"twitter:data1\" content=\"Redacci\u00f3n\" \/>\n\t<meta name=\"twitter:label2\" content=\"Tiempo de lectura\" \/>\n\t<meta name=\"twitter:data2\" content=\"1 minuto\" \/>\n<script type=\"application\/ld+json\" class=\"yoast-schema-graph\">{\"@context\":\"https:\/\/schema.org\",\"@graph\":[{\"@type\":\"Organization\",\"@id\":\"https:\/\/soledaddurazo.com\/#organization\",\"name\":\"Soledad Durazo\",\"url\":\"https:\/\/soledaddurazo.com\/\",\"sameAs\":[\"https:\/\/www.facebook.com\/soledad.durazo.9\/\",\"https:\/\/www.instagram.com\/soledaddurazo\",\"https:\/\/www.youtube.com\/channel\/UC9yGPw8-Vbl_B2XNkRwPS-w\",\"https:\/\/twitter.com\/SoledadDurazo\"],\"logo\":{\"@type\":\"ImageObject\",\"@id\":\"https:\/\/soledaddurazo.com\/#logo\",\"inLanguage\":\"es\",\"url\":\"https:\/\/soledaddurazo.com\/storage\/2021\/11\/nllp-720x375-1-2.png\",\"contentUrl\":\"https:\/\/soledaddurazo.com\/storage\/2021\/11\/nllp-720x375-1-2.png\",\"width\":720,\"height\":375,\"caption\":\"Soledad Durazo\"},\"image\":{\"@id\":\"https:\/\/soledaddurazo.com\/#logo\"}},{\"@type\":\"WebSite\",\"@id\":\"https:\/\/soledaddurazo.com\/#website\",\"url\":\"https:\/\/soledaddurazo.com\/\",\"name\":\"Periodista SoledadDurazo.com\",\"description\":\"Periodista sonorense. Directora de www.SoledadDurazo.com Columnista, conductora de radio y Tv. Catedr\\u00e1tica en la UNISON\",\"publisher\":{\"@id\":\"https:\/\/soledaddurazo.com\/#organization\"},\"potentialAction\":[{\"@type\":\"SearchAction\",\"target\":{\"@type\":\"EntryPoint\",\"urlTemplate\":\"https:\/\/soledaddurazo.com\/?s={search_term_string}\"},\"query-input\":\"required name=search_term_string\"}],\"inLanguage\":\"es\"},{\"@type\":\"ImageObject\",\"@id\":\"https:\/\/soledaddurazo.com\/blog\/2025\/07\/21\/bajaremos-la-velocidad-en-hermosillo\/#primaryimage\",\"inLanguage\":\"es\",\"url\":\"https:\/\/soledaddurazo.com\/storage\/2025\/07\/images-2.jpeg\",\"contentUrl\":\"https:\/\/soledaddurazo.com\/storage\/2025\/07\/images-2.jpeg\",\"width\":287,\"height\":176},{\"@type\":\"WebPage\",\"@id\":\"https:\/\/soledaddurazo.com\/blog\/2025\/07\/21\/bajaremos-la-velocidad-en-hermosillo\/#webpage\",\"url\":\"https:\/\/soledaddurazo.com\/blog\/2025\/07\/21\/bajaremos-la-velocidad-en-hermosillo\/\",\"name\":\"Bajaremos la velocidad en Hermosillo - Periodista SoledadDurazo.com\",\"isPartOf\":{\"@id\":\"https:\/\/soledaddurazo.com\/#website\"},\"primaryImageOfPage\":{\"@id\":\"https:\/\/soledaddurazo.com\/blog\/2025\/07\/21\/bajaremos-la-velocidad-en-hermosillo\/#primaryimage\"},\"datePublished\":\"2025-07-22T00:43:49+00:00\",\"dateModified\":\"2025-08-03T11:39:24+00:00\",\"breadcrumb\":{\"@id\":\"https:\/\/soledaddurazo.com\/blog\/2025\/07\/21\/bajaremos-la-velocidad-en-hermosillo\/#breadcrumb\"},\"inLanguage\":\"es\",\"potentialAction\":[{\"@type\":\"ReadAction\",\"target\":[\"https:\/\/soledaddurazo.com\/blog\/2025\/07\/21\/bajaremos-la-velocidad-en-hermosillo\/\"]}]},{\"@type\":\"BreadcrumbList\",\"@id\":\"https:\/\/soledaddurazo.com\/blog\/2025\/07\/21\/bajaremos-la-velocidad-en-hermosillo\/#breadcrumb\",\"itemListElement\":[{\"@type\":\"ListItem\",\"position\":1,\"name\":\"Home\",\"item\":\"https:\/\/soledaddurazo.com\/\"},{\"@type\":\"ListItem\",\"position\":2,\"name\":\"Bajaremos la velocidad en Hermosillo\"}]},{\"@type\":\"Article\",\"@id\":\"https:\/\/soledaddurazo.com\/blog\/2025\/07\/21\/bajaremos-la-velocidad-en-hermosillo\/#article\",\"isPartOf\":{\"@id\":\"https:\/\/soledaddurazo.com\/blog\/2025\/07\/21\/bajaremos-la-velocidad-en-hermosillo\/#webpage\"},\"author\":{\"@id\":\"https:\/\/soledaddurazo.com\/#\/schema\/person\/822d8e13aa288585e6546f179853758b\"},\"headline\":\"Bajaremos la velocidad en Hermosillo\",\"datePublished\":\"2025-07-22T00:43:49+00:00\",\"dateModified\":\"2025-08-03T11:39:24+00:00\",\"mainEntityOfPage\":{\"@id\":\"https:\/\/soledaddurazo.com\/blog\/2025\/07\/21\/bajaremos-la-velocidad-en-hermosillo\/#webpage\"},\"wordCount\":230,\"commentCount\":0,\"publisher\":{\"@id\":\"https:\/\/soledaddurazo.com\/#organization\"},\"image\":{\"@id\":\"https:\/\/soledaddurazo.com\/blog\/2025\/07\/21\/bajaremos-la-velocidad-en-hermosillo\/#primaryimage\"},\"thumbnailUrl\":\"https:\/\/soledaddurazo.com\/storage\/2025\/07\/images-2.jpeg\",\"articleSection\":[\"Mas noticias\",\"principal\"],\"inLanguage\":\"es\",\"potentialAction\":[{\"@type\":\"CommentAction\",\"name\":\"Comment\",\"target\":[\"https:\/\/soledaddurazo.com\/blog\/2025\/07\/21\/bajaremos-la-velocidad-en-hermosillo\/#respond\"]}]},{\"@type\":\"Person\",\"@id\":\"https:\/\/soledaddurazo.com\/#\/schema\/person\/822d8e13aa288585e6546f179853758b\",\"name\":\"Redacci\\u00f3n\",\"image\":{\"@type\":\"ImageObject\",\"@id\":\"https:\/\/soledaddurazo.com\/#personlogo\",\"inLanguage\":\"es\",\"url\":\"https:\/\/secure.gravatar.com\/avatar\/c4e193752f756fd61f04deebed3a3a20dc188d37edb53682d313ac57f2725d54?s=96&d=mm&r=g\",\"contentUrl\":\"https:\/\/secure.gravatar.com\/avatar\/c4e193752f756fd61f04deebed3a3a20dc188d37edb53682d313ac57f2725d54?s=96&d=mm&r=g\",\"caption\":\"Redacci\\u00f3n\"},\"sameAs\":[\"https:\/\/soledaddurazo.com\"]}]}<\/script>\n ","yoast_head_json":{"title":"Bajaremos la velocidad en Hermosillo - Periodista SoledadDurazo.com","robots":{"index":"index","follow":"follow","max-snippet":"max-snippet:-1","max-image-preview":"max-image-preview:large","max-video-preview":"max-video-preview:-1"},"canonical":"https:\/\/soledaddurazo.com\/blog\/2025\/07\/21\/bajaremos-la-velocidad-en-hermosillo\/","og_locale":"es_MX","og_type":"article","og_title":"Bajaremos la velocidad en Hermosillo","og_description":"Instalan c\u00e1maras para monitorear velocidad en accesos a Hermosillo El vocero de Tr\u00e1nsito Municipal, oficial Antonio Lucero Labor\u00edn, inform\u00f3 que se han instalado c\u00e1maras en tres arcos de seguridad ubicados en las entradas principales a Hermosillo. Estos dispositivos tienen como objetivo verificar que los automovilistas circulen a la velocidad permitida de 50 km\/h. Las c\u00e1maras [&hellip;]","og_url":"https:\/\/soledaddurazo.com\/blog\/2025\/07\/21\/bajaremos-la-velocidad-en-hermosillo\/","og_site_name":"Periodista SoledadDurazo.com","article_publisher":"https:\/\/www.facebook.com\/soledad.durazo.9\/","article_published_time":"2025-07-22T00:43:49+00:00","article_modified_time":"2025-08-03T11:39:24+00:00","og_image":[{"width":287,"height":176,"url":"https:\/\/soledaddurazo.com\/storage\/2025\/07\/images-2.jpeg","type":"image\/jpeg"}],"twitter_card":"summary_large_image","twitter_creator":"@SoledadDurazo","twitter_site":"@SoledadDurazo","twitter_misc":{"Escrito por":"Redacci\u00f3n","Tiempo de lectura":"1 minuto"},"schema":{"@context":"https:\/\/schema.org","@graph":[{"@type":"Organization","@id":"https:\/\/soledaddurazo.com\/#organization","name":"Soledad Durazo","url":"https:\/\/soledaddurazo.com\/","sameAs":["https:\/\/www.facebook.com\/soledad.durazo.9\/","https:\/\/www.instagram.com\/soledaddurazo","https:\/\/www.youtube.com\/channel\/UC9yGPw8-Vbl_B2XNkRwPS-w","https:\/\/twitter.com\/SoledadDurazo"],"logo":{"@type":"ImageObject","@id":"https:\/\/soledaddurazo.com\/#logo","inLanguage":"es","url":"https:\/\/soledaddurazo.com\/storage\/2021\/11\/nllp-720x375-1-2.png","contentUrl":"https:\/\/soledaddurazo.com\/storage\/2021\/11\/nllp-720x375-1-2.png","width":720,"height":375,"caption":"Soledad Durazo"},"image":{"@id":"https:\/\/soledaddurazo.com\/#logo"}},{"@type":"WebSite","@id":"https:\/\/soledaddurazo.com\/#website","url":"https:\/\/soledaddurazo.com\/","name":"Periodista SoledadDurazo.com","description":"Periodista sonorense. Directora de www.SoledadDurazo.com Columnista, conductora de radio y Tv. Catedr\u00e1tica en la UNISON","publisher":{"@id":"https:\/\/soledaddurazo.com\/#organization"},"potentialAction":[{"@type":"SearchAction","target":{"@type":"EntryPoint","urlTemplate":"https:\/\/soledaddurazo.com\/?s={search_term_string}"},"query-input":"required name=search_term_string"}],"inLanguage":"es"},{"@type":"ImageObject","@id":"https:\/\/soledaddurazo.com\/blog\/2025\/07\/21\/bajaremos-la-velocidad-en-hermosillo\/#primaryimage","inLanguage":"es","url":"https:\/\/soledaddurazo.com\/storage\/2025\/07\/images-2.jpeg","contentUrl":"https:\/\/soledaddurazo.com\/storage\/2025\/07\/images-2.jpeg","width":287,"height":176},{"@type":"WebPage","@id":"https:\/\/soledaddurazo.com\/blog\/2025\/07\/21\/bajaremos-la-velocidad-en-hermosillo\/#webpage","url":"https:\/\/soledaddurazo.com\/blog\/2025\/07\/21\/bajaremos-la-velocidad-en-hermosillo\/","name":"Bajaremos la velocidad en Hermosillo - Periodista SoledadDurazo.com","isPartOf":{"@id":"https:\/\/soledaddurazo.com\/#website"},"primaryImageOfPage":{"@id":"https:\/\/soledaddurazo.com\/blog\/2025\/07\/21\/bajaremos-la-velocidad-en-hermosillo\/#primaryimage"},"datePublished":"2025-07-22T00:43:49+00:00","dateModified":"2025-08-03T11:39:24+00:00","breadcrumb":{"@id":"https:\/\/soledaddurazo.com\/blog\/2025\/07\/21\/bajaremos-la-velocidad-en-hermosillo\/#breadcrumb"},"inLanguage":"es","potentialAction":[{"@type":"ReadAction","target":["https:\/\/soledaddurazo.com\/blog\/2025\/07\/21\/bajaremos-la-velocidad-en-hermosillo\/"]}]},{"@type":"BreadcrumbList","@id":"https:\/\/soledaddurazo.com\/blog\/2025\/07\/21\/bajaremos-la-velocidad-en-hermosillo\/#breadcrumb","itemListElement":[{"@type":"ListItem","position":1,"name":"Home","item":"https:\/\/soledaddurazo.com\/"},{"@type":"ListItem","position":2,"name":"Bajaremos la velocidad en Hermosillo"}]},{"@type":"Article","@id":"https:\/\/soledaddurazo.com\/blog\/2025\/07\/21\/bajaremos-la-velocidad-en-hermosillo\/#article","isPartOf":{"@id":"https:\/\/soledaddurazo.com\/blog\/2025\/07\/21\/bajaremos-la-velocidad-en-hermosillo\/#webpage"},"author":{"@id":"https:\/\/soledaddurazo.com\/#\/schema\/person\/822d8e13aa288585e6546f179853758b"},"headline":"Bajaremos la velocidad en Hermosillo","datePublished":"2025-07-22T00:43:49+00:00","dateModified":"2025-08-03T11:39:24+00:00","mainEntityOfPage":{"@id":"https:\/\/soledaddurazo.com\/blog\/2025\/07\/21\/bajaremos-la-velocidad-en-hermosillo\/#webpage"},"wordCount":230,"commentCount":0,"publisher":{"@id":"https:\/\/soledaddurazo.com\/#organization"},"image":{"@id":"https:\/\/soledaddurazo.com\/blog\/2025\/07\/21\/bajaremos-la-velocidad-en-hermosillo\/#primaryimage"},"thumbnailUrl":"https:\/\/soledaddurazo.com\/storage\/2025\/07\/images-2.jpeg","articleSection":["Mas noticias","principal"],"inLanguage":"es","potentialAction":[{"@type":"CommentAction","name":"Comment","target":["https:\/\/soledaddurazo.com\/blog\/2025\/07\/21\/bajaremos-la-velocidad-en-hermosillo\/#respond"]}]},{"@type":"Person","@id":"https:\/\/soledaddurazo.com\/#\/schema\/person\/822d8e13aa288585e6546f179853758b","name":"Redacci\u00f3n","image":{"@type":"ImageObject","@id":"https:\/\/soledaddurazo.com\/#personlogo","inLanguage":"es","url":"https:\/\/secure.gravatar.com\/avatar\/c4e193752f756fd61f04deebed3a3a20dc188d37edb53682d313ac57f2725d54?s=96&d=mm&r=g","contentUrl":"https:\/\/secure.gravatar.com\/avatar\/c4e193752f756fd61f04deebed3a3a20dc188d37edb53682d313ac57f2725d54?s=96&d=mm&r=g","caption":"Redacci\u00f3n"},"sameAs":["https:\/\/soledaddurazo.com"]}]}},"_links":{"self":[{"href":"https:\/\/soledaddurazo.com\/api\/wp\/v2\/posts\/23060","targetHints":{"allow":["GET"]}}],"collection":[{"href":"https:\/\/soledaddurazo.com\/api\/wp\/v2\/posts"}],"about":[{"href":"https:\/\/soledaddurazo.com\/api\/wp\/v2\/types\/post"}],"author":[{"embeddable":true,"href":"https:\/\/soledaddurazo.com\/api\/wp\/v2\/users\/1"}],"replies":[{"embeddable":true,"href":"https:\/\/soledaddurazo.com\/api\/wp\/v2\/comments?post=23060"}],"version-history":[{"count":1,"href":"https:\/\/soledaddurazo.com\/api\/wp\/v2\/posts\/23060\/revisions"}],"predecessor-version":[{"id":23062,"href":"https:\/\/soledaddurazo.com\/api\/wp\/v2\/posts\/23060\/revisions\/23062"}],"wp:featuredmedia":[{"embeddable":true,"href":"https:\/\/soledaddurazo.com\/api\/wp\/v2\/media\/23061"}],"wp:attachment":[{"href":"https:\/\/soledaddurazo.com\/api\/wp\/v2\/media?parent=23060"}],"wp:term":[{"taxonomy":"category","embeddable":true,"href":"https:\/\/soledaddurazo.com\/api\/wp\/v2\/categories?post=23060"},{"taxonomy":"post_tag","embeddable":true,"href":"https:\/\/soledaddurazo.com\/api\/wp\/v2\/tags?post=23060"}],"curies":[{"name":"wp","href":"https:\/\/api.w.org\/{rel}","templated":true}]}}