{"id":23049,"date":"2025-07-23T13:25:08","date_gmt":"2025-07-23T20:25:08","guid":{"rendered":"https:\/\/soledaddurazo.com\/?p=23049"},"modified":"2025-08-03T04:26:51","modified_gmt":"2025-08-03T11:26:51","slug":"jovenes-musicos-mexicanos-concluyen-pasantia-artistica-en-peru-con-conciertos-binacionales","status":"publish","type":"post","link":"https:\/\/soledaddurazo.com\/blog\/2025\/07\/23\/jovenes-musicos-mexicanos-concluyen-pasantia-artistica-en-peru-con-conciertos-binacionales\/","title":{"rendered":"J\u00f3venes m\u00fasicos mexicanos concluyen pasant\u00eda art\u00edstica en Per\u00fa con conciertos binacionales"},"content":{"rendered":"<p data-start=\"192\" data-end=\"596\">Con dos emotivos conciertos titulados <em data-start=\"248\" data-end=\"274\">\u201cAlma y ra\u00edces del Per\u00fa\u201d<\/em>, concluy\u00f3 la Pasant\u00eda Art\u00edstica Internacional en la que participaron cinco j\u00f3venes integrantes de las Orquestas y Coros Juveniles de Grupo M\u00e9xico. La estancia, realizada durante 20 d\u00edas en Lima, fue posible gracias a una alianza con <em data-start=\"508\" data-end=\"530\">Sinfon\u00eda por el Per\u00fa<\/em>, organizaci\u00f3n dirigida por el reconocido tenor Juan Diego Fl\u00f3rez.<\/p>\n<p data-start=\"192\" data-end=\"596\"><a href=\"https:\/\/soledaddurazo.com\/storage\/2025\/07\/943eeccd-fe32-4af0-b75a-8fd35c36a648.jpeg\"><img loading=\"lazy\" decoding=\"async\" class=\"aligncenter size-full wp-image-23053\" src=\"https:\/\/soledaddurazo.com\/storage\/2025\/07\/943eeccd-fe32-4af0-b75a-8fd35c36a648.jpeg\" alt=\"\" width=\"1600\" height=\"1200\" srcset=\"https:\/\/soledaddurazo.com\/storage\/2025\/07\/943eeccd-fe32-4af0-b75a-8fd35c36a648.jpeg 1600w, https:\/\/soledaddurazo.com\/storage\/2025\/07\/943eeccd-fe32-4af0-b75a-8fd35c36a648-300x225.jpeg 300w, https:\/\/soledaddurazo.com\/storage\/2025\/07\/943eeccd-fe32-4af0-b75a-8fd35c36a648-1024x768.jpeg 1024w, https:\/\/soledaddurazo.com\/storage\/2025\/07\/943eeccd-fe32-4af0-b75a-8fd35c36a648-768x576.jpeg 768w, https:\/\/soledaddurazo.com\/storage\/2025\/07\/943eeccd-fe32-4af0-b75a-8fd35c36a648-1536x1152.jpeg 1536w, https:\/\/soledaddurazo.com\/storage\/2025\/07\/943eeccd-fe32-4af0-b75a-8fd35c36a648-600x450.jpeg 600w, https:\/\/soledaddurazo.com\/storage\/2025\/07\/943eeccd-fe32-4af0-b75a-8fd35c36a648-750x563.jpeg 750w, https:\/\/soledaddurazo.com\/storage\/2025\/07\/943eeccd-fe32-4af0-b75a-8fd35c36a648-1140x855.jpeg 1140w\" sizes=\"auto, (max-width: 1600px) 100vw, 1600px\" \/><\/a><\/p>\n<p data-start=\"598\" data-end=\"934\">Los j\u00f3venes m\u00fasicos que representaron a M\u00e9xico fueron Carlos Fernando Guerra Albelda\u00f1o (contrabajo), originario de Santa B\u00e1rbara, Chihuahua; Jes\u00fas Abinadap Miranda Castro y B\u00e1rbara Janeth Rosas Valdez (percusi\u00f3n), ambos de Nacozari de Garc\u00eda, Sonora; y Pedro y Sara de la Cruz Contreras (viol\u00edn), provenientes de Nueva Rosita, Coahuila.<\/p>\n<p data-start=\"936\" data-end=\"1380\">Durante su estad\u00eda, los estudiantes perfeccionaron su t\u00e9cnica instrumental junto al Elenco Central Orquesta Infantil de Sinfon\u00eda por el Per\u00fa, bajo la gu\u00eda de maestros destacados. La pasant\u00eda culmin\u00f3 con presentaciones realizadas los d\u00edas 19 y 20 de julio en el Teatro NOS de la Pontificia Universidad Cat\u00f3lica del Per\u00fa, como parte de las celebraciones por las Fiestas Patrias peruanas. M\u00e1s de 100 j\u00f3venes m\u00fasicos participaron en el espect\u00e1culo.<\/p>\n<p data-start=\"1382\" data-end=\"1495\"><a href=\"https:\/\/soledaddurazo.com\/storage\/2025\/07\/131301bd-45e1-4b2b-a8f6-b1e9249b39bd.jpeg\"><img loading=\"lazy\" decoding=\"async\" class=\"aligncenter size-full wp-image-23054\" src=\"https:\/\/soledaddurazo.com\/storage\/2025\/07\/131301bd-45e1-4b2b-a8f6-b1e9249b39bd.jpeg\" alt=\"\" width=\"1280\" height=\"853\" srcset=\"https:\/\/soledaddurazo.com\/storage\/2025\/07\/131301bd-45e1-4b2b-a8f6-b1e9249b39bd.jpeg 1280w, https:\/\/soledaddurazo.com\/storage\/2025\/07\/131301bd-45e1-4b2b-a8f6-b1e9249b39bd-300x200.jpeg 300w, https:\/\/soledaddurazo.com\/storage\/2025\/07\/131301bd-45e1-4b2b-a8f6-b1e9249b39bd-1024x682.jpeg 1024w, https:\/\/soledaddurazo.com\/storage\/2025\/07\/131301bd-45e1-4b2b-a8f6-b1e9249b39bd-768x512.jpeg 768w, https:\/\/soledaddurazo.com\/storage\/2025\/07\/131301bd-45e1-4b2b-a8f6-b1e9249b39bd-600x400.jpeg 600w, https:\/\/soledaddurazo.com\/storage\/2025\/07\/131301bd-45e1-4b2b-a8f6-b1e9249b39bd-750x500.jpeg 750w, https:\/\/soledaddurazo.com\/storage\/2025\/07\/131301bd-45e1-4b2b-a8f6-b1e9249b39bd-1140x760.jpeg 1140w\" sizes=\"auto, (max-width: 1280px) 100vw, 1280px\" \/><\/a><\/p>\n<p data-start=\"1382\" data-end=\"1495\">Gabriela Perona, directora ejecutiva de Sinfon\u00eda por el Per\u00fa, destac\u00f3 el impacto positivo de esta colaboraci\u00f3n:<\/p>\n<blockquote data-start=\"1496\" data-end=\"1743\">\n<p data-start=\"1498\" data-end=\"1743\">\u201cDesde hace 14 a\u00f1os Sinfon\u00eda por el Per\u00fa viene transformando miles de vidas. Desde hace 3 a\u00f1os estamos tambi\u00e9n en M\u00e9xico y hoy celebramos el cierre de esta enriquecedora pasant\u00eda con j\u00f3venes que han demostrado talento, compromiso y crecimiento.\u201d<\/p>\n<\/blockquote>\n<p data-start=\"1745\" data-end=\"1819\">Para los participantes, la experiencia signific\u00f3 un momento inolvidable.<\/p>\n<blockquote data-start=\"1820\" data-end=\"1968\">\n<p data-start=\"1822\" data-end=\"1968\">\u201cMuy feliz, muy emotivo todo. Me adapt\u00e9 f\u00e1cil y mis compa\u00f1eros me ayudaron mucho a entender los ritmos\u201d, expres\u00f3 Carlos Fernando Guerra Albelda\u00f1o.<\/p>\n<\/blockquote>\n<p data-start=\"1970\" data-end=\"2126\"><a href=\"https:\/\/soledaddurazo.com\/storage\/2025\/07\/0ca63f43-561e-4044-ad48-175f3cfc8d42.jpeg\"><img loading=\"lazy\" decoding=\"async\" class=\"aligncenter size-full wp-image-23051\" src=\"https:\/\/soledaddurazo.com\/storage\/2025\/07\/0ca63f43-561e-4044-ad48-175f3cfc8d42.jpeg\" alt=\"\" width=\"1600\" height=\"1200\" srcset=\"https:\/\/soledaddurazo.com\/storage\/2025\/07\/0ca63f43-561e-4044-ad48-175f3cfc8d42.jpeg 1600w, https:\/\/soledaddurazo.com\/storage\/2025\/07\/0ca63f43-561e-4044-ad48-175f3cfc8d42-300x225.jpeg 300w, https:\/\/soledaddurazo.com\/storage\/2025\/07\/0ca63f43-561e-4044-ad48-175f3cfc8d42-1024x768.jpeg 1024w, https:\/\/soledaddurazo.com\/storage\/2025\/07\/0ca63f43-561e-4044-ad48-175f3cfc8d42-768x576.jpeg 768w, https:\/\/soledaddurazo.com\/storage\/2025\/07\/0ca63f43-561e-4044-ad48-175f3cfc8d42-1536x1152.jpeg 1536w, https:\/\/soledaddurazo.com\/storage\/2025\/07\/0ca63f43-561e-4044-ad48-175f3cfc8d42-600x450.jpeg 600w, https:\/\/soledaddurazo.com\/storage\/2025\/07\/0ca63f43-561e-4044-ad48-175f3cfc8d42-750x563.jpeg 750w, https:\/\/soledaddurazo.com\/storage\/2025\/07\/0ca63f43-561e-4044-ad48-175f3cfc8d42-1140x855.jpeg 1140w\" sizes=\"auto, (max-width: 1600px) 100vw, 1600px\" \/><\/a><\/p>\n<p data-start=\"1970\" data-end=\"2126\">La se\u00f1ora Guadalupe Albelda\u00f1o, madre de Carlos Fernando y brigadista del programa en Chihuahua, acompa\u00f1\u00f3 a su hijo durante esta experiencia internacional.<\/p>\n<blockquote data-start=\"2127\" data-end=\"2263\">\n<p data-start=\"2129\" data-end=\"2263\">\u201cEs algo que lo ha motivado m\u00e1s a seguir en la m\u00fasica. Estoy muy contenta, muy feliz, la verdad es algo que no me imaginaba\u201d, coment\u00f3.<\/p>\n<\/blockquote>\n<p data-start=\"2265\" data-end=\"2491\">Con esta iniciativa, Grupo M\u00e9xico reafirma su compromiso con el desarrollo art\u00edstico y humano de ni\u00f1os y j\u00f3venes en las comunidades donde tiene presencia, promoviendo valores como el trabajo en equipo, la empat\u00eda y el respeto.<\/p>\n<p data-start=\"2493\" data-end=\"2638\">El maestro Jos\u00e9 Zamora, director de la Orquesta Infantil de los Elencos Centrales de Sinfon\u00eda por el Per\u00fa, celebr\u00f3 los resultados del proyecto:<\/p>\n<blockquote data-start=\"2639\" data-end=\"2773\">\n<p data-start=\"2641\" data-end=\"2773\">\u201cHa sido un enorme placer tenerlos aqu\u00ed y ver el desarrollo del proyecto en M\u00e9xico. Estamos muy contentos de los logros alcanzados.\u201d<\/p>\n<\/blockquote>\n","protected":false},"excerpt":{"rendered":"<p>Con dos emotivos conciertos titulados \u201cAlma y ra\u00edces del Per\u00fa\u201d, concluy\u00f3 la Pasant\u00eda Art\u00edstica Internacional en la que participaron cinco j\u00f3venes integrantes de las Orquestas y Coros Juveniles de Grupo M\u00e9xico. La estancia, realizada durante 20 d\u00edas en Lima, fue posible gracias a una alianza con Sinfon\u00eda por el Per\u00fa, organizaci\u00f3n dirigida por el reconocido [&hellip;]<\/p>\n","protected":false},"author":1,"featured_media":23050,"comment_status":"open","ping_status":"open","sticky":false,"template":"","format":"standard","meta":{"footnotes":""},"categories":[160,153],"tags":[],"class_list":["post"],"yoast_head":" \n<title>J\u00f3venes m\u00fasicos mexicanos concluyen pasant\u00eda art\u00edstica en Per\u00fa con conciertos binacionales - Periodista SoledadDurazo.com<\/title>\n<meta name=\"robots\" content=\"index, follow, max-snippet:-1, max-image-preview:large, max-video-preview:-1\" \/>\n<link rel=\"canonical\" href=\"https:\/\/soledaddurazo.com\/blog\/2025\/07\/23\/jovenes-musicos-mexicanos-concluyen-pasantia-artistica-en-peru-con-conciertos-binacionales\/\" \/>\n<meta property=\"og:locale\" content=\"es_MX\" \/>\n<meta property=\"og:type\" content=\"article\" \/>\n<meta property=\"og:title\" content=\"J\u00f3venes m\u00fasicos mexicanos concluyen pasant\u00eda art\u00edstica en Per\u00fa con conciertos binacionales\" \/>\n<meta property=\"og:description\" content=\"Con dos emotivos conciertos titulados \u201cAlma y ra\u00edces del Per\u00fa\u201d, concluy\u00f3 la Pasant\u00eda Art\u00edstica Internacional en la que participaron cinco j\u00f3venes integrantes de las Orquestas y Coros Juveniles de Grupo M\u00e9xico. La estancia, realizada durante 20 d\u00edas en Lima, fue posible gracias a una alianza con Sinfon\u00eda por el Per\u00fa, organizaci\u00f3n dirigida por el reconocido [&hellip;]\" \/>\n<meta property=\"og:url\" content=\"https:\/\/soledaddurazo.com\/blog\/2025\/07\/23\/jovenes-musicos-mexicanos-concluyen-pasantia-artistica-en-peru-con-conciertos-binacionales\/\" \/>\n<meta property=\"og:site_name\" content=\"Periodista SoledadDurazo.com\" \/>\n<meta property=\"article:publisher\" content=\"https:\/\/www.facebook.com\/soledad.durazo.9\/\" \/>\n<meta property=\"article:published_time\" content=\"2025-07-23T20:25:08+00:00\" \/>\n<meta property=\"article:modified_time\" content=\"2025-08-03T11:26:51+00:00\" \/>\n<meta property=\"og:image\" content=\"https:\/\/soledaddurazo.com\/storage\/2025\/07\/fc6b3c7a-86ab-43af-8485-96e0f0fd2040.jpeg\" \/>\n\t<meta property=\"og:image:width\" content=\"1600\" \/>\n\t<meta property=\"og:image:height\" content=\"1200\" \/>\n<meta name=\"twitter:card\" content=\"summary_large_image\" \/>\n<meta name=\"twitter:creator\" content=\"@SoledadDurazo\" \/>\n<meta name=\"twitter:site\" content=\"@SoledadDurazo\" \/>\n<meta name=\"twitter:label1\" content=\"Escrito por\" \/>\n\t<meta name=\"twitter:data1\" content=\"Redacci\u00f3n\" \/>\n\t<meta name=\"twitter:label2\" content=\"Tiempo de lectura\" \/>\n\t<meta name=\"twitter:data2\" content=\"3 minutos\" \/>\n<script type=\"application\/ld+json\" class=\"yoast-schema-graph\">{\"@context\":\"https:\/\/schema.org\",\"@graph\":[{\"@type\":\"Organization\",\"@id\":\"https:\/\/soledaddurazo.com\/#organization\",\"name\":\"Soledad Durazo\",\"url\":\"https:\/\/soledaddurazo.com\/\",\"sameAs\":[\"https:\/\/www.facebook.com\/soledad.durazo.9\/\",\"https:\/\/www.instagram.com\/soledaddurazo\",\"https:\/\/www.youtube.com\/channel\/UC9yGPw8-Vbl_B2XNkRwPS-w\",\"https:\/\/twitter.com\/SoledadDurazo\"],\"logo\":{\"@type\":\"ImageObject\",\"@id\":\"https:\/\/soledaddurazo.com\/#logo\",\"inLanguage\":\"es\",\"url\":\"https:\/\/soledaddurazo.com\/storage\/2021\/11\/nllp-720x375-1-2.png\",\"contentUrl\":\"https:\/\/soledaddurazo.com\/storage\/2021\/11\/nllp-720x375-1-2.png\",\"width\":720,\"height\":375,\"caption\":\"Soledad Durazo\"},\"image\":{\"@id\":\"https:\/\/soledaddurazo.com\/#logo\"}},{\"@type\":\"WebSite\",\"@id\":\"https:\/\/soledaddurazo.com\/#website\",\"url\":\"https:\/\/soledaddurazo.com\/\",\"name\":\"Periodista SoledadDurazo.com\",\"description\":\"Periodista sonorense. Directora de www.SoledadDurazo.com Columnista, conductora de radio y Tv. Catedr\\u00e1tica en la UNISON\",\"publisher\":{\"@id\":\"https:\/\/soledaddurazo.com\/#organization\"},\"potentialAction\":[{\"@type\":\"SearchAction\",\"target\":{\"@type\":\"EntryPoint\",\"urlTemplate\":\"https:\/\/soledaddurazo.com\/?s={search_term_string}\"},\"query-input\":\"required name=search_term_string\"}],\"inLanguage\":\"es\"},{\"@type\":\"ImageObject\",\"@id\":\"https:\/\/soledaddurazo.com\/blog\/2025\/07\/23\/jovenes-musicos-mexicanos-concluyen-pasantia-artistica-en-peru-con-conciertos-binacionales\/#primaryimage\",\"inLanguage\":\"es\",\"url\":\"https:\/\/soledaddurazo.com\/storage\/2025\/07\/fc6b3c7a-86ab-43af-8485-96e0f0fd2040.jpeg\",\"contentUrl\":\"https:\/\/soledaddurazo.com\/storage\/2025\/07\/fc6b3c7a-86ab-43af-8485-96e0f0fd2040.jpeg\",\"width\":1600,\"height\":1200},{\"@type\":\"WebPage\",\"@id\":\"https:\/\/soledaddurazo.com\/blog\/2025\/07\/23\/jovenes-musicos-mexicanos-concluyen-pasantia-artistica-en-peru-con-conciertos-binacionales\/#webpage\",\"url\":\"https:\/\/soledaddurazo.com\/blog\/2025\/07\/23\/jovenes-musicos-mexicanos-concluyen-pasantia-artistica-en-peru-con-conciertos-binacionales\/\",\"name\":\"J\\u00f3venes m\\u00fasicos mexicanos concluyen pasant\\u00eda art\\u00edstica en Per\\u00fa con conciertos binacionales - Periodista SoledadDurazo.com\",\"isPartOf\":{\"@id\":\"https:\/\/soledaddurazo.com\/#website\"},\"primaryImageOfPage\":{\"@id\":\"https:\/\/soledaddurazo.com\/blog\/2025\/07\/23\/jovenes-musicos-mexicanos-concluyen-pasantia-artistica-en-peru-con-conciertos-binacionales\/#primaryimage\"},\"datePublished\":\"2025-07-23T20:25:08+00:00\",\"dateModified\":\"2025-08-03T11:26:51+00:00\",\"breadcrumb\":{\"@id\":\"https:\/\/soledaddurazo.com\/blog\/2025\/07\/23\/jovenes-musicos-mexicanos-concluyen-pasantia-artistica-en-peru-con-conciertos-binacionales\/#breadcrumb\"},\"inLanguage\":\"es\",\"potentialAction\":[{\"@type\":\"ReadAction\",\"target\":[\"https:\/\/soledaddurazo.com\/blog\/2025\/07\/23\/jovenes-musicos-mexicanos-concluyen-pasantia-artistica-en-peru-con-conciertos-binacionales\/\"]}]},{\"@type\":\"BreadcrumbList\",\"@id\":\"https:\/\/soledaddurazo.com\/blog\/2025\/07\/23\/jovenes-musicos-mexicanos-concluyen-pasantia-artistica-en-peru-con-conciertos-binacionales\/#breadcrumb\",\"itemListElement\":[{\"@type\":\"ListItem\",\"position\":1,\"name\":\"Home\",\"item\":\"https:\/\/soledaddurazo.com\/\"},{\"@type\":\"ListItem\",\"position\":2,\"name\":\"J\\u00f3venes m\\u00fasicos mexicanos concluyen pasant\\u00eda art\\u00edstica en Per\\u00fa con conciertos binacionales\"}]},{\"@type\":\"Article\",\"@id\":\"https:\/\/soledaddurazo.com\/blog\/2025\/07\/23\/jovenes-musicos-mexicanos-concluyen-pasantia-artistica-en-peru-con-conciertos-binacionales\/#article\",\"isPartOf\":{\"@id\":\"https:\/\/soledaddurazo.com\/blog\/2025\/07\/23\/jovenes-musicos-mexicanos-concluyen-pasantia-artistica-en-peru-con-conciertos-binacionales\/#webpage\"},\"author\":{\"@id\":\"https:\/\/soledaddurazo.com\/#\/schema\/person\/822d8e13aa288585e6546f179853758b\"},\"headline\":\"J\\u00f3venes m\\u00fasicos mexicanos concluyen pasant\\u00eda art\\u00edstica en Per\\u00fa con conciertos binacionales\",\"datePublished\":\"2025-07-23T20:25:08+00:00\",\"dateModified\":\"2025-08-03T11:26:51+00:00\",\"mainEntityOfPage\":{\"@id\":\"https:\/\/soledaddurazo.com\/blog\/2025\/07\/23\/jovenes-musicos-mexicanos-concluyen-pasantia-artistica-en-peru-con-conciertos-binacionales\/#webpage\"},\"wordCount\":454,\"commentCount\":0,\"publisher\":{\"@id\":\"https:\/\/soledaddurazo.com\/#organization\"},\"image\":{\"@id\":\"https:\/\/soledaddurazo.com\/blog\/2025\/07\/23\/jovenes-musicos-mexicanos-concluyen-pasantia-artistica-en-peru-con-conciertos-binacionales\/#primaryimage\"},\"thumbnailUrl\":\"https:\/\/soledaddurazo.com\/storage\/2025\/07\/fc6b3c7a-86ab-43af-8485-96e0f0fd2040.jpeg\",\"articleSection\":[\"Mas noticias\",\"principal\"],\"inLanguage\":\"es\",\"potentialAction\":[{\"@type\":\"CommentAction\",\"name\":\"Comment\",\"target\":[\"https:\/\/soledaddurazo.com\/blog\/2025\/07\/23\/jovenes-musicos-mexicanos-concluyen-pasantia-artistica-en-peru-con-conciertos-binacionales\/#respond\"]}]},{\"@type\":\"Person\",\"@id\":\"https:\/\/soledaddurazo.com\/#\/schema\/person\/822d8e13aa288585e6546f179853758b\",\"name\":\"Redacci\\u00f3n\",\"image\":{\"@type\":\"ImageObject\",\"@id\":\"https:\/\/soledaddurazo.com\/#personlogo\",\"inLanguage\":\"es\",\"url\":\"https:\/\/secure.gravatar.com\/avatar\/c4e193752f756fd61f04deebed3a3a20dc188d37edb53682d313ac57f2725d54?s=96&d=mm&r=g\",\"contentUrl\":\"https:\/\/secure.gravatar.com\/avatar\/c4e193752f756fd61f04deebed3a3a20dc188d37edb53682d313ac57f2725d54?s=96&d=mm&r=g\",\"caption\":\"Redacci\\u00f3n\"},\"sameAs\":[\"https:\/\/soledaddurazo.com\"]}]}<\/script>\n ","yoast_head_json":{"title":"J\u00f3venes m\u00fasicos mexicanos concluyen pasant\u00eda art\u00edstica en Per\u00fa con conciertos binacionales - Periodista SoledadDurazo.com","robots":{"index":"index","follow":"follow","max-snippet":"max-snippet:-1","max-image-preview":"max-image-preview:large","max-video-preview":"max-video-preview:-1"},"canonical":"https:\/\/soledaddurazo.com\/blog\/2025\/07\/23\/jovenes-musicos-mexicanos-concluyen-pasantia-artistica-en-peru-con-conciertos-binacionales\/","og_locale":"es_MX","og_type":"article","og_title":"J\u00f3venes m\u00fasicos mexicanos concluyen pasant\u00eda art\u00edstica en Per\u00fa con conciertos binacionales","og_description":"Con dos emotivos conciertos titulados \u201cAlma y ra\u00edces del Per\u00fa\u201d, concluy\u00f3 la Pasant\u00eda Art\u00edstica Internacional en la que participaron cinco j\u00f3venes integrantes de las Orquestas y Coros Juveniles de Grupo M\u00e9xico. La estancia, realizada durante 20 d\u00edas en Lima, fue posible gracias a una alianza con Sinfon\u00eda por el Per\u00fa, organizaci\u00f3n dirigida por el reconocido [&hellip;]","og_url":"https:\/\/soledaddurazo.com\/blog\/2025\/07\/23\/jovenes-musicos-mexicanos-concluyen-pasantia-artistica-en-peru-con-conciertos-binacionales\/","og_site_name":"Periodista SoledadDurazo.com","article_publisher":"https:\/\/www.facebook.com\/soledad.durazo.9\/","article_published_time":"2025-07-23T20:25:08+00:00","article_modified_time":"2025-08-03T11:26:51+00:00","og_image":[{"width":1600,"height":1200,"url":"https:\/\/soledaddurazo.com\/storage\/2025\/07\/fc6b3c7a-86ab-43af-8485-96e0f0fd2040.jpeg","type":"image\/jpeg"}],"twitter_card":"summary_large_image","twitter_creator":"@SoledadDurazo","twitter_site":"@SoledadDurazo","twitter_misc":{"Escrito por":"Redacci\u00f3n","Tiempo de lectura":"3 minutos"},"schema":{"@context":"https:\/\/schema.org","@graph":[{"@type":"Organization","@id":"https:\/\/soledaddurazo.com\/#organization","name":"Soledad Durazo","url":"https:\/\/soledaddurazo.com\/","sameAs":["https:\/\/www.facebook.com\/soledad.durazo.9\/","https:\/\/www.instagram.com\/soledaddurazo","https:\/\/www.youtube.com\/channel\/UC9yGPw8-Vbl_B2XNkRwPS-w","https:\/\/twitter.com\/SoledadDurazo"],"logo":{"@type":"ImageObject","@id":"https:\/\/soledaddurazo.com\/#logo","inLanguage":"es","url":"https:\/\/soledaddurazo.com\/storage\/2021\/11\/nllp-720x375-1-2.png","contentUrl":"https:\/\/soledaddurazo.com\/storage\/2021\/11\/nllp-720x375-1-2.png","width":720,"height":375,"caption":"Soledad Durazo"},"image":{"@id":"https:\/\/soledaddurazo.com\/#logo"}},{"@type":"WebSite","@id":"https:\/\/soledaddurazo.com\/#website","url":"https:\/\/soledaddurazo.com\/","name":"Periodista SoledadDurazo.com","description":"Periodista sonorense. Directora de www.SoledadDurazo.com Columnista, conductora de radio y Tv. Catedr\u00e1tica en la UNISON","publisher":{"@id":"https:\/\/soledaddurazo.com\/#organization"},"potentialAction":[{"@type":"SearchAction","target":{"@type":"EntryPoint","urlTemplate":"https:\/\/soledaddurazo.com\/?s={search_term_string}"},"query-input":"required name=search_term_string"}],"inLanguage":"es"},{"@type":"ImageObject","@id":"https:\/\/soledaddurazo.com\/blog\/2025\/07\/23\/jovenes-musicos-mexicanos-concluyen-pasantia-artistica-en-peru-con-conciertos-binacionales\/#primaryimage","inLanguage":"es","url":"https:\/\/soledaddurazo.com\/storage\/2025\/07\/fc6b3c7a-86ab-43af-8485-96e0f0fd2040.jpeg","contentUrl":"https:\/\/soledaddurazo.com\/storage\/2025\/07\/fc6b3c7a-86ab-43af-8485-96e0f0fd2040.jpeg","width":1600,"height":1200},{"@type":"WebPage","@id":"https:\/\/soledaddurazo.com\/blog\/2025\/07\/23\/jovenes-musicos-mexicanos-concluyen-pasantia-artistica-en-peru-con-conciertos-binacionales\/#webpage","url":"https:\/\/soledaddurazo.com\/blog\/2025\/07\/23\/jovenes-musicos-mexicanos-concluyen-pasantia-artistica-en-peru-con-conciertos-binacionales\/","name":"J\u00f3venes m\u00fasicos mexicanos concluyen pasant\u00eda art\u00edstica en Per\u00fa con conciertos binacionales - Periodista SoledadDurazo.com","isPartOf":{"@id":"https:\/\/soledaddurazo.com\/#website"},"primaryImageOfPage":{"@id":"https:\/\/soledaddurazo.com\/blog\/2025\/07\/23\/jovenes-musicos-mexicanos-concluyen-pasantia-artistica-en-peru-con-conciertos-binacionales\/#primaryimage"},"datePublished":"2025-07-23T20:25:08+00:00","dateModified":"2025-08-03T11:26:51+00:00","breadcrumb":{"@id":"https:\/\/soledaddurazo.com\/blog\/2025\/07\/23\/jovenes-musicos-mexicanos-concluyen-pasantia-artistica-en-peru-con-conciertos-binacionales\/#breadcrumb"},"inLanguage":"es","potentialAction":[{"@type":"ReadAction","target":["https:\/\/soledaddurazo.com\/blog\/2025\/07\/23\/jovenes-musicos-mexicanos-concluyen-pasantia-artistica-en-peru-con-conciertos-binacionales\/"]}]},{"@type":"BreadcrumbList","@id":"https:\/\/soledaddurazo.com\/blog\/2025\/07\/23\/jovenes-musicos-mexicanos-concluyen-pasantia-artistica-en-peru-con-conciertos-binacionales\/#breadcrumb","itemListElement":[{"@type":"ListItem","position":1,"name":"Home","item":"https:\/\/soledaddurazo.com\/"},{"@type":"ListItem","position":2,"name":"J\u00f3venes m\u00fasicos mexicanos concluyen pasant\u00eda art\u00edstica en Per\u00fa con conciertos binacionales"}]},{"@type":"Article","@id":"https:\/\/soledaddurazo.com\/blog\/2025\/07\/23\/jovenes-musicos-mexicanos-concluyen-pasantia-artistica-en-peru-con-conciertos-binacionales\/#article","isPartOf":{"@id":"https:\/\/soledaddurazo.com\/blog\/2025\/07\/23\/jovenes-musicos-mexicanos-concluyen-pasantia-artistica-en-peru-con-conciertos-binacionales\/#webpage"},"author":{"@id":"https:\/\/soledaddurazo.com\/#\/schema\/person\/822d8e13aa288585e6546f179853758b"},"headline":"J\u00f3venes m\u00fasicos mexicanos concluyen pasant\u00eda art\u00edstica en Per\u00fa con conciertos binacionales","datePublished":"2025-07-23T20:25:08+00:00","dateModified":"2025-08-03T11:26:51+00:00","mainEntityOfPage":{"@id":"https:\/\/soledaddurazo.com\/blog\/2025\/07\/23\/jovenes-musicos-mexicanos-concluyen-pasantia-artistica-en-peru-con-conciertos-binacionales\/#webpage"},"wordCount":454,"commentCount":0,"publisher":{"@id":"https:\/\/soledaddurazo.com\/#organization"},"image":{"@id":"https:\/\/soledaddurazo.com\/blog\/2025\/07\/23\/jovenes-musicos-mexicanos-concluyen-pasantia-artistica-en-peru-con-conciertos-binacionales\/#primaryimage"},"thumbnailUrl":"https:\/\/soledaddurazo.com\/storage\/2025\/07\/fc6b3c7a-86ab-43af-8485-96e0f0fd2040.jpeg","articleSection":["Mas noticias","principal"],"inLanguage":"es","potentialAction":[{"@type":"CommentAction","name":"Comment","target":["https:\/\/soledaddurazo.com\/blog\/2025\/07\/23\/jovenes-musicos-mexicanos-concluyen-pasantia-artistica-en-peru-con-conciertos-binacionales\/#respond"]}]},{"@type":"Person","@id":"https:\/\/soledaddurazo.com\/#\/schema\/person\/822d8e13aa288585e6546f179853758b","name":"Redacci\u00f3n","image":{"@type":"ImageObject","@id":"https:\/\/soledaddurazo.com\/#personlogo","inLanguage":"es","url":"https:\/\/secure.gravatar.com\/avatar\/c4e193752f756fd61f04deebed3a3a20dc188d37edb53682d313ac57f2725d54?s=96&d=mm&r=g","contentUrl":"https:\/\/secure.gravatar.com\/avatar\/c4e193752f756fd61f04deebed3a3a20dc188d37edb53682d313ac57f2725d54?s=96&d=mm&r=g","caption":"Redacci\u00f3n"},"sameAs":["https:\/\/soledaddurazo.com"]}]}},"_links":{"self":[{"href":"https:\/\/soledaddurazo.com\/api\/wp\/v2\/posts\/23049","targetHints":{"allow":["GET"]}}],"collection":[{"href":"https:\/\/soledaddurazo.com\/api\/wp\/v2\/posts"}],"about":[{"href":"https:\/\/soledaddurazo.com\/api\/wp\/v2\/types\/post"}],"author":[{"embeddable":true,"href":"https:\/\/soledaddurazo.com\/api\/wp\/v2\/users\/1"}],"replies":[{"embeddable":true,"href":"https:\/\/soledaddurazo.com\/api\/wp\/v2\/comments?post=23049"}],"version-history":[{"count":2,"href":"https:\/\/soledaddurazo.com\/api\/wp\/v2\/posts\/23049\/revisions"}],"predecessor-version":[{"id":23057,"href":"https:\/\/soledaddurazo.com\/api\/wp\/v2\/posts\/23049\/revisions\/23057"}],"wp:featuredmedia":[{"embeddable":true,"href":"https:\/\/soledaddurazo.com\/api\/wp\/v2\/media\/23050"}],"wp:attachment":[{"href":"https:\/\/soledaddurazo.com\/api\/wp\/v2\/media?parent=23049"}],"wp:term":[{"taxonomy":"category","embeddable":true,"href":"https:\/\/soledaddurazo.com\/api\/wp\/v2\/categories?post=23049"},{"taxonomy":"post_tag","embeddable":true,"href":"https:\/\/soledaddurazo.com\/api\/wp\/v2\/tags?post=23049"}],"curies":[{"name":"wp","href":"https:\/\/api.w.org\/{rel}","templated":true}]}}