{"id":23005,"date":"2025-07-16T18:34:40","date_gmt":"2025-07-17T01:34:40","guid":{"rendered":"https:\/\/soledaddurazo.com\/?p=23005"},"modified":"2025-07-16T18:34:40","modified_gmt":"2025-07-17T01:34:40","slug":"refuerza-claudia-sheinbaum-modelo-de-salud-en-sonora","status":"publish","type":"post","link":"https:\/\/soledaddurazo.com\/blog\/2025\/07\/16\/refuerza-claudia-sheinbaum-modelo-de-salud-en-sonora\/","title":{"rendered":"Refuerza Claudia Sheinbaum modelo de salud en Sonora"},"content":{"rendered":"<p><a href=\"https:\/\/soledaddurazo.com\/storage\/2025\/07\/1873ca26-461b-4b86-99f0-45b867073e40.jpeg\"><img loading=\"lazy\" decoding=\"async\" class=\"aligncenter size-full wp-image-23006\" src=\"https:\/\/soledaddurazo.com\/storage\/2025\/07\/1873ca26-461b-4b86-99f0-45b867073e40.jpeg\" alt=\"\" width=\"608\" height=\"342\" srcset=\"https:\/\/soledaddurazo.com\/storage\/2025\/07\/1873ca26-461b-4b86-99f0-45b867073e40.jpeg 608w, https:\/\/soledaddurazo.com\/storage\/2025\/07\/1873ca26-461b-4b86-99f0-45b867073e40-300x169.jpeg 300w, https:\/\/soledaddurazo.com\/storage\/2025\/07\/1873ca26-461b-4b86-99f0-45b867073e40-600x338.jpeg 600w\" sizes=\"auto, (max-width: 608px) 100vw, 608px\" \/><\/a><\/p>\n<p>M\u00e1s all\u00e1 de la tradicional liturgia que nos ha recetado la Presidenta Claudia Sheinbaum, en cada una de sus tres visitas oficiales que ha realizado a nuestra entidad, incluida una larga letan\u00eda sobre la g\u00e9nesis de la Cuarta Transformaci\u00f3n y sus principios rectores, vale la pena destacar que en la visita que realiz\u00f3 viernes y s\u00e1bado al sur de Sonora, dej\u00f3 un saldo positivo para el sector salud.<\/p>\n<p>Unos de los Programas m\u00e1s nobles del Gobierno Federal, \u201cSalud Casa por Casa\u201d que tiene la ambiciosa meta de llevar atenci\u00f3n m\u00e9dica a domicilio de 295 mil adultos mayores y a 35 mil personas discapacitadas en todo el estado, fue puesto en marcha por la Presidenta Sheinbaum en compa\u00f1\u00eda del Gobernador Alfonso Durazo, en Ciudad Obreg\u00f3n.<\/p>\n<p>Este Programa lleva un doble prop\u00f3sito, monitorear la salud de adultos mayores y personas discapacitadas, para atacar cualquier complicaci\u00f3n en sus etapas iniciales y evitar que se agraven y se tenga la necesidad de acudir a los saturados servicios que ofrecen en los Centros de Salud, Cl\u00ednicas u Hospitales.<\/p>\n<p>El s\u00e1bado, en el coraz\u00f3n del territorio Yaqui, en V\u00edcam Switch, en una calurosa ma\u00f1ana, la Presidenta Claudia Sheinbaum sald\u00f3 una a\u00f1eja deuda con la etnia Yaqui, al inaugurar el hospital de primer nivel del IMSS-Bienestar, en el que se invirtieron 750 millones de pesos, completamente equipado con equipo m\u00e9dico de \u00faltima generaci\u00f3n, 30 camas censables, 16 consultorios, dos quir\u00f3fanos, un albergue, laboratorio, farmacia y 56 m\u00e9dicos que ofrecer\u00e1n sus servicios permanentemente en urgencias, medicina familiar, medicina tradicional, pediatr\u00eda, ginecolog\u00eda, obstetricia, oftalmolog\u00eda, otorrinolaringolog\u00eda, nutrici\u00f3n, psicolog\u00eda, salud bucal, epidemiolog\u00eda y en servicio de vacunaci\u00f3n.<\/p>\n<p>Este hospital es parte de los puntos contemplados en el Plan de Justicia Yaqui, para beneficiar a m\u00e1s de 50 mil habitantes de los ocho pueblos Yaquis y otras comunidades.<\/p>\n<p>Para el sector salud en el estado, la Presidenta Sheinbaum dej\u00f3 buenas noticias, se asignar\u00e1n 750 millones de pesos para la ampliaci\u00f3n del hospital comunitario de Ures; para mejorar el Centro Oncol\u00f3gico y la Unidad de Quemados del Hospital Infantil del Estado en Hermosillo; levantar un nuevo hospital de Salud Mental Cruz del Norte; un nuevo Centro de Salud con servicios ampliados en Miguel Alem\u00e1n y el equipamiento de 28 hospitales y 53 quir\u00f3fanos.<\/p>\n<p><strong>EL CIERRE DE PINZA DE ESTADOS UNIDOS <\/strong><\/p>\n<p>Una misiva del Presidente Donald Trump publicada el s\u00e1bado pasado en su red social realizada el s\u00e1bado pasado para anunciar que aplicar\u00e1 aranceles a nuestro pa\u00eds de 30% a partir del 1 de agosto, porque el Gobierno de M\u00e9xico no ha hecho lo suficiente para detener el intento de los C\u00e1rteles de convertir en un patio de juegos del narcotr\u00e1fico a toda Norteam\u00e9rica, agudiz\u00f3 todav\u00eda m\u00e1s la tensa relaci\u00f3n bilateral de M\u00e9xico con Estados Unidos.<\/p>\n<p>En su visita por nuestro Estado, la Presidenta Sheinbaum se mostr\u00f3 confiada en que el equipo de su gobierno que se encuentra en negociaciones con el gobierno de Estados Unidos, alcance un acuerdo favorable antes del 1 de agosto para evitar esos aranceles.<\/p>\n<p>La guerra comercial que el Presidente de Estados Unidos Donald Trump ha declarado al mundo, incluyendo a su principal socio comercial, o sea, nosotros, avanza implacablemente y cierra como una pinza.<\/p>\n<p>Presiones de tipo migratorio, para mejorar el combate a la migraci\u00f3n ilegal, presiones de seguridad, para evitar al tr\u00e1fico de fentanilo hacia Estados Unidos, adem\u00e1s de que nos acusan de enviar pastillas de metanfetaminas para generar adicciones en la juventud norteamericana y, presiones de tipo comercial, aplicando aranceles del 25% al acero y aluminio; aranceles al cobre de un 50%; a productos farmac\u00e9uticos de 200%; al tomate con un 17%; la frontera cerrada a la exportaci\u00f3n del ganado por la amenaza sanitaria del gusano barrenador, tienen a M\u00e9xico en un predicamento y al borde de una crisis econ\u00f3mica.<\/p>\n<p>\u00bfCu\u00e1les son las intenciones del gobierno encabezado por el se\u00f1or Trump?\u00a0 No lo s\u00e9, pero los norteamericanos no se caracterizan por ser unas hermanas de la caridad.<\/p>\n<p><strong>NATALIA RIVERA Y MC COMIENZAN A DENUNCIAR IRREGULARIDADES EN MUNICIPIOS<\/strong><\/p>\n<p>Hay un pasaje del antiguo testamento en la biblia que habla sobre un sue\u00f1o que tuvo el Rey de Babilonia, sobre una estatua compuesta por varios metales, pero sus pies son de barro y hierro. Simbolizando una estructura aparentemente fuerte, pero con una base d\u00e9bil.<\/p>\n<p>La dirigente del Partido Movimiento Ciudadano explic\u00f3 que su estrategia como alternativa de oposici\u00f3n, ser\u00e1 el ofrecer soluciones y construir desde lo local en cada uno de los municipios del estado.<\/p>\n<p>Ayer Natalia Rivera convoc\u00f3 a una rueda de prensa para denunciar violaciones a los derechos humanos de trabajadores pensionados y jubilados del Ayuntamiento de Naco, que omite cumplir con sus obligaciones para el pago de su servicio m\u00e9dico y pago de pensiones.<\/p>\n<p>Jorge Luis Torres, Regidor de Movimiento Ciudadano en el Cabildo de Naco, ha presentado una denuncia ante la Comisi\u00f3n Estatal de los Derechos Humanos por la violaci\u00f3n de las garant\u00edas de los jubilados y pensionados del Ayuntamiento de Naco, un Juicio Administrativo para la nulidad de la negativa ficta en el Tribunal de Justicia Administrativa y una solicitud al Instituto Superior de Auditor\u00eda y Fiscalizaci\u00f3n de Sonora para realizar una auditor\u00eda en tiempo real para verificar si el presupuesto de egresos se est\u00e1 aplicando conforme a la Ley y encontrar una soluci\u00f3n al problema.<\/p>\n<p>Es apenas la segunda conferencia de prensa que ofrece Natalia Rivera, creo que su estrategia no est\u00e1 equivocada, hacer eco a las denuncias de irregularidades que existen en muchos municipios del estado, se va a la base donde se encuentra la debilidad, as\u00ed como en el pasaje b\u00edblico donde una estatua colosal se desmorona porque tiene una base vulnerable.<\/p>\n<p><strong>RETAZOS INTERESANTES<\/strong><\/p>\n<p>1.- La mayor\u00eda de espacios de opini\u00f3n en el pa\u00eds, consideraran un error de la Presidenta Sheinbaum, el haber ca\u00eddo en la provocaci\u00f3n de contestar las declaraciones del abogado del narcotraficante Ovidio Guzm\u00e1n. La doctora Sheinbaum Pardo perdi\u00f3 la cabeza fr\u00eda que hab\u00eda mantenido por muchos meses. Tambi\u00e9n se percibe un error de Palacio Nacional, el programar una gira presidencial por Sinaloa, el mismo d\u00eda que se esperaba que Ovidio, en una corte de la ciudad de Chicago, aceptara su culpabilidad por cargos de narcotr\u00e1fico y delincuencia organizada, despu\u00e9s de pactar un acuerdo con el gobierno de Estados Unidos para recibir beneficios judiciales.<\/p>\n<p>2.- El Gobernador Alfonso Durazo, fue el primero en cerrar filas y en defender la investidura presidencial, al expresar desde V\u00edcam, el respaldo de su gobierno y el del pueblo de Sonora a la Presidenta Sheinbaum, ante declaraciones falsas de un abogado que tiene relaciones con delincuentes confesos, por motivos mercantiles y que constituyen una falta de respeto.<\/p>\n<p>3.- Dicen que los mitotes y el dinero son para contarse y como en la Cuarta Transformaci\u00f3n son muy mitoteros, pues se comenta que una funcionaria estatal le anduvo pidiendo un puesto federal a la Presidenta Sheinbaum y no le hicieron caso, tambi\u00e9n se comenta que un Senador de la Rep\u00fablica quiso ocupar un lugar m\u00e1s cerca del pres\u00eddium en el evento que encabez\u00f3 la Presidenta en Cajeme y personal de ayudant\u00eda lo retach\u00f3 de inmediato a su lugar, desde una lejana barrera observ\u00f3 el evento, pero salud\u00f3 a la Presidenta al acercarse a los asistente la Presidenta al concluir el evento. No pas\u00f3 desapercibido la cortes\u00eda de la Presidenta de tener a su costado a Javier Lamarque, Presidente municipal de Cajeme en el evento del viernes.<\/p>\n<p>Los invito a escuchar los viernes la mesa de an\u00e1lisis de SONORA EN RED NOTICIAS, ejercicio de opini\u00f3n que realizo en compa\u00f1\u00eda de mis amigos Arturo Chapo Soto, Arturo Ballesteros y Octaviano Rojas, por el 93.3 del cuadrante de F.M. desde Guaymas para todo el sur de Sonora, y por la se\u00f1al del canal 14 de Estrella Tucson TV, en el sur de Arizona.<\/p>\n<p>Y en Radio Sol 104.7 F.M. LENGUAS VESPERTINAS, de lunes a viernes a las 17:00 horas, le vamos a ofrecer una peque\u00f1a dosis de grilla.<\/p>\n<p>Podemos interactuar a trav\u00e9s de mi cuenta de Twitter @feroropeza20 o en mi correo electr\u00f3nico <a href=\"mailto:luiso@hmo.megared.net.mx\">luiso@hmo.megared.net.mx<\/a><\/p>\n<p>&nbsp;<\/p>\n","protected":false},"excerpt":{"rendered":"<p>M\u00e1s all\u00e1 de la tradicional liturgia que nos ha recetado la Presidenta Claudia Sheinbaum, en cada una de sus tres visitas oficiales que ha realizado a nuestra entidad, incluida una larga letan\u00eda sobre la g\u00e9nesis de la Cuarta Transformaci\u00f3n y sus principios rectores, vale la pena destacar que en la visita que realiz\u00f3 viernes y [&hellip;]<\/p>\n","protected":false},"author":1,"featured_media":22141,"comment_status":"open","ping_status":"open","sticky":false,"template":"","format":"standard","meta":{"footnotes":""},"categories":[173],"tags":[],"class_list":["post"],"yoast_head":" \n<title>Refuerza Claudia Sheinbaum modelo de salud en Sonora - Periodista SoledadDurazo.com<\/title>\n<meta name=\"robots\" content=\"index, follow, max-snippet:-1, max-image-preview:large, max-video-preview:-1\" \/>\n<link rel=\"canonical\" href=\"https:\/\/soledaddurazo.com\/blog\/2025\/07\/16\/refuerza-claudia-sheinbaum-modelo-de-salud-en-sonora\/\" \/>\n<meta property=\"og:locale\" content=\"es_MX\" \/>\n<meta property=\"og:type\" content=\"article\" \/>\n<meta property=\"og:title\" content=\"Refuerza Claudia Sheinbaum modelo de salud en Sonora\" \/>\n<meta property=\"og:description\" content=\"M\u00e1s all\u00e1 de la tradicional liturgia que nos ha recetado la Presidenta Claudia Sheinbaum, en cada una de sus tres visitas oficiales que ha realizado a nuestra entidad, incluida una larga letan\u00eda sobre la g\u00e9nesis de la Cuarta Transformaci\u00f3n y sus principios rectores, vale la pena destacar que en la visita que realiz\u00f3 viernes y [&hellip;]\" \/>\n<meta property=\"og:url\" content=\"https:\/\/soledaddurazo.com\/blog\/2025\/07\/16\/refuerza-claudia-sheinbaum-modelo-de-salud-en-sonora\/\" \/>\n<meta property=\"og:site_name\" content=\"Periodista SoledadDurazo.com\" \/>\n<meta property=\"article:publisher\" content=\"https:\/\/www.facebook.com\/soledad.durazo.9\/\" \/>\n<meta property=\"article:published_time\" content=\"2025-07-17T01:34:40+00:00\" \/>\n<meta property=\"og:image\" content=\"https:\/\/soledaddurazo.com\/storage\/2025\/03\/9a-GRAFICO-FERNANDO-OROPEZA.jpeg\" \/>\n\t<meta property=\"og:image:width\" content=\"1092\" \/>\n\t<meta property=\"og:image:height\" content=\"983\" \/>\n<meta name=\"twitter:card\" content=\"summary_large_image\" \/>\n<meta name=\"twitter:creator\" content=\"@SoledadDurazo\" \/>\n<meta name=\"twitter:site\" content=\"@SoledadDurazo\" \/>\n<meta name=\"twitter:label1\" content=\"Escrito por\" \/>\n\t<meta name=\"twitter:data1\" content=\"Redacci\u00f3n\" \/>\n\t<meta name=\"twitter:label2\" content=\"Tiempo de lectura\" \/>\n\t<meta name=\"twitter:data2\" content=\"7 minutos\" \/>\n<script type=\"application\/ld+json\" class=\"yoast-schema-graph\">{\"@context\":\"https:\/\/schema.org\",\"@graph\":[{\"@type\":\"Organization\",\"@id\":\"https:\/\/soledaddurazo.com\/#organization\",\"name\":\"Soledad Durazo\",\"url\":\"https:\/\/soledaddurazo.com\/\",\"sameAs\":[\"https:\/\/www.facebook.com\/soledad.durazo.9\/\",\"https:\/\/www.instagram.com\/soledaddurazo\",\"https:\/\/www.youtube.com\/channel\/UC9yGPw8-Vbl_B2XNkRwPS-w\",\"https:\/\/twitter.com\/SoledadDurazo\"],\"logo\":{\"@type\":\"ImageObject\",\"@id\":\"https:\/\/soledaddurazo.com\/#logo\",\"inLanguage\":\"es\",\"url\":\"https:\/\/soledaddurazo.com\/storage\/2021\/11\/nllp-720x375-1-2.png\",\"contentUrl\":\"https:\/\/soledaddurazo.com\/storage\/2021\/11\/nllp-720x375-1-2.png\",\"width\":720,\"height\":375,\"caption\":\"Soledad Durazo\"},\"image\":{\"@id\":\"https:\/\/soledaddurazo.com\/#logo\"}},{\"@type\":\"WebSite\",\"@id\":\"https:\/\/soledaddurazo.com\/#website\",\"url\":\"https:\/\/soledaddurazo.com\/\",\"name\":\"Periodista SoledadDurazo.com\",\"description\":\"Periodista sonorense. Directora de www.SoledadDurazo.com Columnista, conductora de radio y Tv. Catedr\\u00e1tica en la UNISON\",\"publisher\":{\"@id\":\"https:\/\/soledaddurazo.com\/#organization\"},\"potentialAction\":[{\"@type\":\"SearchAction\",\"target\":{\"@type\":\"EntryPoint\",\"urlTemplate\":\"https:\/\/soledaddurazo.com\/?s={search_term_string}\"},\"query-input\":\"required name=search_term_string\"}],\"inLanguage\":\"es\"},{\"@type\":\"ImageObject\",\"@id\":\"https:\/\/soledaddurazo.com\/blog\/2025\/07\/16\/refuerza-claudia-sheinbaum-modelo-de-salud-en-sonora\/#primaryimage\",\"inLanguage\":\"es\",\"url\":\"https:\/\/soledaddurazo.com\/storage\/2025\/03\/9a-GRAFICO-FERNANDO-OROPEZA.jpeg\",\"contentUrl\":\"https:\/\/soledaddurazo.com\/storage\/2025\/03\/9a-GRAFICO-FERNANDO-OROPEZA.jpeg\",\"width\":1092,\"height\":983},{\"@type\":\"WebPage\",\"@id\":\"https:\/\/soledaddurazo.com\/blog\/2025\/07\/16\/refuerza-claudia-sheinbaum-modelo-de-salud-en-sonora\/#webpage\",\"url\":\"https:\/\/soledaddurazo.com\/blog\/2025\/07\/16\/refuerza-claudia-sheinbaum-modelo-de-salud-en-sonora\/\",\"name\":\"Refuerza Claudia Sheinbaum modelo de salud en Sonora - Periodista SoledadDurazo.com\",\"isPartOf\":{\"@id\":\"https:\/\/soledaddurazo.com\/#website\"},\"primaryImageOfPage\":{\"@id\":\"https:\/\/soledaddurazo.com\/blog\/2025\/07\/16\/refuerza-claudia-sheinbaum-modelo-de-salud-en-sonora\/#primaryimage\"},\"datePublished\":\"2025-07-17T01:34:40+00:00\",\"dateModified\":\"2025-07-17T01:34:40+00:00\",\"breadcrumb\":{\"@id\":\"https:\/\/soledaddurazo.com\/blog\/2025\/07\/16\/refuerza-claudia-sheinbaum-modelo-de-salud-en-sonora\/#breadcrumb\"},\"inLanguage\":\"es\",\"potentialAction\":[{\"@type\":\"ReadAction\",\"target\":[\"https:\/\/soledaddurazo.com\/blog\/2025\/07\/16\/refuerza-claudia-sheinbaum-modelo-de-salud-en-sonora\/\"]}]},{\"@type\":\"BreadcrumbList\",\"@id\":\"https:\/\/soledaddurazo.com\/blog\/2025\/07\/16\/refuerza-claudia-sheinbaum-modelo-de-salud-en-sonora\/#breadcrumb\",\"itemListElement\":[{\"@type\":\"ListItem\",\"position\":1,\"name\":\"Home\",\"item\":\"https:\/\/soledaddurazo.com\/\"},{\"@type\":\"ListItem\",\"position\":2,\"name\":\"Refuerza Claudia Sheinbaum modelo de salud en Sonora\"}]},{\"@type\":\"Article\",\"@id\":\"https:\/\/soledaddurazo.com\/blog\/2025\/07\/16\/refuerza-claudia-sheinbaum-modelo-de-salud-en-sonora\/#article\",\"isPartOf\":{\"@id\":\"https:\/\/soledaddurazo.com\/blog\/2025\/07\/16\/refuerza-claudia-sheinbaum-modelo-de-salud-en-sonora\/#webpage\"},\"author\":{\"@id\":\"https:\/\/soledaddurazo.com\/#\/schema\/person\/822d8e13aa288585e6546f179853758b\"},\"headline\":\"Refuerza Claudia Sheinbaum modelo de salud en Sonora\",\"datePublished\":\"2025-07-17T01:34:40+00:00\",\"dateModified\":\"2025-07-17T01:34:40+00:00\",\"mainEntityOfPage\":{\"@id\":\"https:\/\/soledaddurazo.com\/blog\/2025\/07\/16\/refuerza-claudia-sheinbaum-modelo-de-salud-en-sonora\/#webpage\"},\"wordCount\":1417,\"commentCount\":0,\"publisher\":{\"@id\":\"https:\/\/soledaddurazo.com\/#organization\"},\"image\":{\"@id\":\"https:\/\/soledaddurazo.com\/blog\/2025\/07\/16\/refuerza-claudia-sheinbaum-modelo-de-salud-en-sonora\/#primaryimage\"},\"thumbnailUrl\":\"https:\/\/soledaddurazo.com\/storage\/2025\/03\/9a-GRAFICO-FERNANDO-OROPEZA.jpeg\",\"articleSection\":[\"Fernando Oropeza\"],\"inLanguage\":\"es\",\"potentialAction\":[{\"@type\":\"CommentAction\",\"name\":\"Comment\",\"target\":[\"https:\/\/soledaddurazo.com\/blog\/2025\/07\/16\/refuerza-claudia-sheinbaum-modelo-de-salud-en-sonora\/#respond\"]}]},{\"@type\":\"Person\",\"@id\":\"https:\/\/soledaddurazo.com\/#\/schema\/person\/822d8e13aa288585e6546f179853758b\",\"name\":\"Redacci\\u00f3n\",\"image\":{\"@type\":\"ImageObject\",\"@id\":\"https:\/\/soledaddurazo.com\/#personlogo\",\"inLanguage\":\"es\",\"url\":\"https:\/\/secure.gravatar.com\/avatar\/c4e193752f756fd61f04deebed3a3a20dc188d37edb53682d313ac57f2725d54?s=96&d=mm&r=g\",\"contentUrl\":\"https:\/\/secure.gravatar.com\/avatar\/c4e193752f756fd61f04deebed3a3a20dc188d37edb53682d313ac57f2725d54?s=96&d=mm&r=g\",\"caption\":\"Redacci\\u00f3n\"},\"sameAs\":[\"https:\/\/soledaddurazo.com\"]}]}<\/script>\n ","yoast_head_json":{"title":"Refuerza Claudia Sheinbaum modelo de salud en Sonora - Periodista SoledadDurazo.com","robots":{"index":"index","follow":"follow","max-snippet":"max-snippet:-1","max-image-preview":"max-image-preview:large","max-video-preview":"max-video-preview:-1"},"canonical":"https:\/\/soledaddurazo.com\/blog\/2025\/07\/16\/refuerza-claudia-sheinbaum-modelo-de-salud-en-sonora\/","og_locale":"es_MX","og_type":"article","og_title":"Refuerza Claudia Sheinbaum modelo de salud en Sonora","og_description":"M\u00e1s all\u00e1 de la tradicional liturgia que nos ha recetado la Presidenta Claudia Sheinbaum, en cada una de sus tres visitas oficiales que ha realizado a nuestra entidad, incluida una larga letan\u00eda sobre la g\u00e9nesis de la Cuarta Transformaci\u00f3n y sus principios rectores, vale la pena destacar que en la visita que realiz\u00f3 viernes y [&hellip;]","og_url":"https:\/\/soledaddurazo.com\/blog\/2025\/07\/16\/refuerza-claudia-sheinbaum-modelo-de-salud-en-sonora\/","og_site_name":"Periodista SoledadDurazo.com","article_publisher":"https:\/\/www.facebook.com\/soledad.durazo.9\/","article_published_time":"2025-07-17T01:34:40+00:00","og_image":[{"width":1092,"height":983,"url":"https:\/\/soledaddurazo.com\/storage\/2025\/03\/9a-GRAFICO-FERNANDO-OROPEZA.jpeg","type":"image\/jpeg"}],"twitter_card":"summary_large_image","twitter_creator":"@SoledadDurazo","twitter_site":"@SoledadDurazo","twitter_misc":{"Escrito por":"Redacci\u00f3n","Tiempo de lectura":"7 minutos"},"schema":{"@context":"https:\/\/schema.org","@graph":[{"@type":"Organization","@id":"https:\/\/soledaddurazo.com\/#organization","name":"Soledad Durazo","url":"https:\/\/soledaddurazo.com\/","sameAs":["https:\/\/www.facebook.com\/soledad.durazo.9\/","https:\/\/www.instagram.com\/soledaddurazo","https:\/\/www.youtube.com\/channel\/UC9yGPw8-Vbl_B2XNkRwPS-w","https:\/\/twitter.com\/SoledadDurazo"],"logo":{"@type":"ImageObject","@id":"https:\/\/soledaddurazo.com\/#logo","inLanguage":"es","url":"https:\/\/soledaddurazo.com\/storage\/2021\/11\/nllp-720x375-1-2.png","contentUrl":"https:\/\/soledaddurazo.com\/storage\/2021\/11\/nllp-720x375-1-2.png","width":720,"height":375,"caption":"Soledad Durazo"},"image":{"@id":"https:\/\/soledaddurazo.com\/#logo"}},{"@type":"WebSite","@id":"https:\/\/soledaddurazo.com\/#website","url":"https:\/\/soledaddurazo.com\/","name":"Periodista SoledadDurazo.com","description":"Periodista sonorense. Directora de www.SoledadDurazo.com Columnista, conductora de radio y Tv. Catedr\u00e1tica en la UNISON","publisher":{"@id":"https:\/\/soledaddurazo.com\/#organization"},"potentialAction":[{"@type":"SearchAction","target":{"@type":"EntryPoint","urlTemplate":"https:\/\/soledaddurazo.com\/?s={search_term_string}"},"query-input":"required name=search_term_string"}],"inLanguage":"es"},{"@type":"ImageObject","@id":"https:\/\/soledaddurazo.com\/blog\/2025\/07\/16\/refuerza-claudia-sheinbaum-modelo-de-salud-en-sonora\/#primaryimage","inLanguage":"es","url":"https:\/\/soledaddurazo.com\/storage\/2025\/03\/9a-GRAFICO-FERNANDO-OROPEZA.jpeg","contentUrl":"https:\/\/soledaddurazo.com\/storage\/2025\/03\/9a-GRAFICO-FERNANDO-OROPEZA.jpeg","width":1092,"height":983},{"@type":"WebPage","@id":"https:\/\/soledaddurazo.com\/blog\/2025\/07\/16\/refuerza-claudia-sheinbaum-modelo-de-salud-en-sonora\/#webpage","url":"https:\/\/soledaddurazo.com\/blog\/2025\/07\/16\/refuerza-claudia-sheinbaum-modelo-de-salud-en-sonora\/","name":"Refuerza Claudia Sheinbaum modelo de salud en Sonora - Periodista SoledadDurazo.com","isPartOf":{"@id":"https:\/\/soledaddurazo.com\/#website"},"primaryImageOfPage":{"@id":"https:\/\/soledaddurazo.com\/blog\/2025\/07\/16\/refuerza-claudia-sheinbaum-modelo-de-salud-en-sonora\/#primaryimage"},"datePublished":"2025-07-17T01:34:40+00:00","dateModified":"2025-07-17T01:34:40+00:00","breadcrumb":{"@id":"https:\/\/soledaddurazo.com\/blog\/2025\/07\/16\/refuerza-claudia-sheinbaum-modelo-de-salud-en-sonora\/#breadcrumb"},"inLanguage":"es","potentialAction":[{"@type":"ReadAction","target":["https:\/\/soledaddurazo.com\/blog\/2025\/07\/16\/refuerza-claudia-sheinbaum-modelo-de-salud-en-sonora\/"]}]},{"@type":"BreadcrumbList","@id":"https:\/\/soledaddurazo.com\/blog\/2025\/07\/16\/refuerza-claudia-sheinbaum-modelo-de-salud-en-sonora\/#breadcrumb","itemListElement":[{"@type":"ListItem","position":1,"name":"Home","item":"https:\/\/soledaddurazo.com\/"},{"@type":"ListItem","position":2,"name":"Refuerza Claudia Sheinbaum modelo de salud en Sonora"}]},{"@type":"Article","@id":"https:\/\/soledaddurazo.com\/blog\/2025\/07\/16\/refuerza-claudia-sheinbaum-modelo-de-salud-en-sonora\/#article","isPartOf":{"@id":"https:\/\/soledaddurazo.com\/blog\/2025\/07\/16\/refuerza-claudia-sheinbaum-modelo-de-salud-en-sonora\/#webpage"},"author":{"@id":"https:\/\/soledaddurazo.com\/#\/schema\/person\/822d8e13aa288585e6546f179853758b"},"headline":"Refuerza Claudia Sheinbaum modelo de salud en Sonora","datePublished":"2025-07-17T01:34:40+00:00","dateModified":"2025-07-17T01:34:40+00:00","mainEntityOfPage":{"@id":"https:\/\/soledaddurazo.com\/blog\/2025\/07\/16\/refuerza-claudia-sheinbaum-modelo-de-salud-en-sonora\/#webpage"},"wordCount":1417,"commentCount":0,"publisher":{"@id":"https:\/\/soledaddurazo.com\/#organization"},"image":{"@id":"https:\/\/soledaddurazo.com\/blog\/2025\/07\/16\/refuerza-claudia-sheinbaum-modelo-de-salud-en-sonora\/#primaryimage"},"thumbnailUrl":"https:\/\/soledaddurazo.com\/storage\/2025\/03\/9a-GRAFICO-FERNANDO-OROPEZA.jpeg","articleSection":["Fernando Oropeza"],"inLanguage":"es","potentialAction":[{"@type":"CommentAction","name":"Comment","target":["https:\/\/soledaddurazo.com\/blog\/2025\/07\/16\/refuerza-claudia-sheinbaum-modelo-de-salud-en-sonora\/#respond"]}]},{"@type":"Person","@id":"https:\/\/soledaddurazo.com\/#\/schema\/person\/822d8e13aa288585e6546f179853758b","name":"Redacci\u00f3n","image":{"@type":"ImageObject","@id":"https:\/\/soledaddurazo.com\/#personlogo","inLanguage":"es","url":"https:\/\/secure.gravatar.com\/avatar\/c4e193752f756fd61f04deebed3a3a20dc188d37edb53682d313ac57f2725d54?s=96&d=mm&r=g","contentUrl":"https:\/\/secure.gravatar.com\/avatar\/c4e193752f756fd61f04deebed3a3a20dc188d37edb53682d313ac57f2725d54?s=96&d=mm&r=g","caption":"Redacci\u00f3n"},"sameAs":["https:\/\/soledaddurazo.com"]}]}},"_links":{"self":[{"href":"https:\/\/soledaddurazo.com\/api\/wp\/v2\/posts\/23005","targetHints":{"allow":["GET"]}}],"collection":[{"href":"https:\/\/soledaddurazo.com\/api\/wp\/v2\/posts"}],"about":[{"href":"https:\/\/soledaddurazo.com\/api\/wp\/v2\/types\/post"}],"author":[{"embeddable":true,"href":"https:\/\/soledaddurazo.com\/api\/wp\/v2\/users\/1"}],"replies":[{"embeddable":true,"href":"https:\/\/soledaddurazo.com\/api\/wp\/v2\/comments?post=23005"}],"version-history":[{"count":1,"href":"https:\/\/soledaddurazo.com\/api\/wp\/v2\/posts\/23005\/revisions"}],"predecessor-version":[{"id":23007,"href":"https:\/\/soledaddurazo.com\/api\/wp\/v2\/posts\/23005\/revisions\/23007"}],"wp:featuredmedia":[{"embeddable":true,"href":"https:\/\/soledaddurazo.com\/api\/wp\/v2\/media\/22141"}],"wp:attachment":[{"href":"https:\/\/soledaddurazo.com\/api\/wp\/v2\/media?parent=23005"}],"wp:term":[{"taxonomy":"category","embeddable":true,"href":"https:\/\/soledaddurazo.com\/api\/wp\/v2\/categories?post=23005"},{"taxonomy":"post_tag","embeddable":true,"href":"https:\/\/soledaddurazo.com\/api\/wp\/v2\/tags?post=23005"}],"curies":[{"name":"wp","href":"https:\/\/api.w.org\/{rel}","templated":true}]}}