{"id":22996,"date":"2025-07-11T14:52:41","date_gmt":"2025-07-11T21:52:41","guid":{"rendered":"https:\/\/soledaddurazo.com\/?p=22996"},"modified":"2025-07-11T14:52:41","modified_gmt":"2025-07-11T21:52:41","slug":"doctora-karla-cordova-impulsa-cultura-arte-y-turismo-con-festival-del-mar-bermejo","status":"publish","type":"post","link":"https:\/\/soledaddurazo.com\/blog\/2025\/07\/11\/doctora-karla-cordova-impulsa-cultura-arte-y-turismo-con-festival-del-mar-bermejo\/","title":{"rendered":"Doctora Karla C\u00f3rdova impulsa cultura, arte y turismo con Festival del Mar Bermejo"},"content":{"rendered":"<p><a href=\"https:\/\/soledaddurazo.com\/storage\/2025\/07\/4c8d6df2-80b1-4b9a-aae9-162dc557ab65.jpeg\"><img loading=\"lazy\" decoding=\"async\" class=\"aligncenter size-full wp-image-22997\" src=\"https:\/\/soledaddurazo.com\/storage\/2025\/07\/4c8d6df2-80b1-4b9a-aae9-162dc557ab65.jpeg\" alt=\"\" width=\"1280\" height=\"718\" srcset=\"https:\/\/soledaddurazo.com\/storage\/2025\/07\/4c8d6df2-80b1-4b9a-aae9-162dc557ab65.jpeg 1280w, https:\/\/soledaddurazo.com\/storage\/2025\/07\/4c8d6df2-80b1-4b9a-aae9-162dc557ab65-300x168.jpeg 300w, https:\/\/soledaddurazo.com\/storage\/2025\/07\/4c8d6df2-80b1-4b9a-aae9-162dc557ab65-1024x574.jpeg 1024w, https:\/\/soledaddurazo.com\/storage\/2025\/07\/4c8d6df2-80b1-4b9a-aae9-162dc557ab65-768x431.jpeg 768w, https:\/\/soledaddurazo.com\/storage\/2025\/07\/4c8d6df2-80b1-4b9a-aae9-162dc557ab65-600x337.jpeg 600w, https:\/\/soledaddurazo.com\/storage\/2025\/07\/4c8d6df2-80b1-4b9a-aae9-162dc557ab65-750x421.jpeg 750w, https:\/\/soledaddurazo.com\/storage\/2025\/07\/4c8d6df2-80b1-4b9a-aae9-162dc557ab65-1140x639.jpeg 1140w\" sizes=\"auto, (max-width: 1280px) 100vw, 1280px\" \/><\/a><\/p>\n<p>Citando la inmortal frase del General Ignacio Zaragoza para calificar la derrota del ej\u00e9rcito franc\u00e9s en la batalla de Puebla, \u201clas armas nacionales se cubrieron de gloria\u201d, al igual que en la heroica defensa del puerto de Guaymas, a cargo de nuestras fuerzas armadas y valientes habitantes del puerto de Guaymas que un 13 de julio de 1854 comandados por el General Jos\u00e9 Mar\u00eda Y\u00e1\u00f1ez, derrotaron a filibusteros franceses ej\u00e9rcito mexicano.<\/p>\n<p>Para celebrar este gran acontecimiento hist\u00f3rico, desde hace 22 a\u00f1os, el Ayuntamiento de Guaymas en coordinaci\u00f3n con autoridades de los \u00f3rdenes superiores de gobierno, organizan el Festival del Mar Bermejo, una celebraci\u00f3n cultural y art\u00edstica.<\/p>\n<p>Desde la primera administraci\u00f3n de la doctora Karla C\u00f3rdova al frente del Ayuntamiento de Guaymas, se ha dado a la tarea de darle especial realce a este festival, para promover la cultura y promover la llegada de turismo al puerto, pues a\u00f1o con a\u00f1o, la cartelera de artistas de renombre ha ido in crescendo y resulta atractivo darse una vuelta a Guaymas.<\/p>\n<p>Esta iniciativa de la doctora C\u00f3rdova Gonz\u00e1lez, ha sido bien recibida y apoyada por el Gobernador Alfonso Durazo, que en sus planes de gobierno, visualiza a Guaymas como la palanca del relanzamiento econ\u00f3mico del estado y para ello ha asignado una importante inversi\u00f3n para modernizar al puerto y dotarle de una infraestructura m\u00e1s eficiente que responsa a las expectativas y retos de la actualidad.<\/p>\n<p>En la ceremonia c\u00edvica del domingo 13 de julio, autoridades civiles y militares han preparado la conmemoraci\u00f3n protocolaria a los personajes centrales de la Gesta Heroica tanto en el monumento al General Y\u00e1\u00f1ez, en Plaza Centenario, en los monumentos al General Y\u00e1\u00f1ez y Loreto Encinas en el cementerio H\u00e9roes Civiles de Guaymas y en el monumento a los H\u00e9roes del 13 de julio.<\/p>\n<p>En algo nunca visto en nuestro estado, la escuadrilla \u201c\u00c1guilas Aztecas\u201d, pertenecientes al escuadr\u00f3n 402 de la Fuerza A\u00e9rea Mexicana, ofrecer\u00e1 en el malec\u00f3n tur\u00edstico al filo de las 11 de la ma\u00f1ana, una exhibici\u00f3n dominical de maniobras acrob\u00e1ticas para demostrar al pueblo bueno y sabio sus habilidades y adiestramiento en 6 aeronaves de combate, posteriormente, por la tarde, en la Plaza de los Tres Presidentes se presentar\u00e1n el Mariachi y la Marimba Chiapaneca de la Secretar\u00eda de Marina.<\/p>\n<p>En cuanto al programa de arte y cultura, desde hoy viernes 11 hasta el domingo 13 de julio, habr\u00e1 una demostraci\u00f3n de muralismo; una ruta del arte; foro de danza; una reuni\u00f3n de Cronistas del todo el estado; se presentar\u00e1 la Orquesta Sinf\u00f3nica Fray Ivo Toneck y desde la calle 28 hasta el Malec\u00f3n Tur\u00edstico se instalar\u00e1 el Mercadito Hecho en Guaymas, con distintos productos de emprendedores locales.<\/p>\n<p>La noche de hoy vienes por la noche, el espect\u00e1culo art\u00edstico en el escenario principal montado en el Malec\u00f3n Tur\u00edstico, estar\u00e1 a cargo del grupo regiomontano El Gran Silencio; el s\u00e1bado actuar\u00e1n Mar\u00eda Le\u00f3n y Yahir y para cerrar, el domingo 13 de julio se presentar\u00e1 la se\u00f1ora Lupita D\u2019Alessio.<\/p>\n<p>El verano invita a darse la vuelta a Guaymas, el principal destino tur\u00edstico del estado, que ofrecer\u00e1 este fin de semana no solo sus bellas playas, tambi\u00e9n habr\u00e1 arte, cultura, m\u00fasica de artistas de renombre internacional y mucha diversi\u00f3n gratuita para toda la familia, en un ambiente seguro, pues en ediciones anteriores del Festival del Mar Bermejo, se ha presentado saldo blanco, cero incidentes.<\/p>\n<p><strong>OTRA ADVERTENCIA DE ALFONSO DURAZO<\/strong><\/p>\n<p>Creo que por advertencias no vamos a parar, el mi\u00e9rcoles se realiz\u00f3 el onceavo Congreso Anual de Militantes y Simpatizantes de Morena Sonora y nuevamente el Gobernador Alfonso Durazo, en su mensaje a los integrantes de la parte alta del organigrama de la Cuarta Transformaci\u00f3n, llam\u00f3 a la cordura a todos los acelerados, a los m\u00e1s populares o a aquellos que se sienten el parche para el roto blue jean de nuestra sociedad.<\/p>\n<p>El Gobernador Durazo pidi\u00f3 a esos que le han entrado alegremente a la promoci\u00f3n personal, a dejarse de cosas y ponerse a trabajar, haciendo especial \u00e9nfasis en un valor fundamental, la lealtad al proyecto y sus principios, cuya continuidad exige unidad, compromiso y que no doblegue ante la tentaci\u00f3n del protagonismo, nadie est\u00e1 por encima del proyecto, nadie tiene derecho a adelantarse o imponer su voluntad. Morena es un veh\u00edculo del pueblo y no de ambiciones personales.<\/p>\n<p>Es la tercera ocasi\u00f3n desde el d\u00eda dos de junio, d\u00eda de la elecci\u00f3n judicial, que el Gobernador Durazo pide a sus funcionarios que se olviden de pensar en la elecci\u00f3n y se pongan a trabajar.<\/p>\n<p>Oficialmente no ocurri\u00f3 nada en esa elecci\u00f3n donde rolaron acordeones para \u201corientar\u201d el voto del pueblo bueno y sabio, pero por tan reiterados discursos dedicados a la clase pol\u00edtica en el poder, a manera de advertencia, insistiendo en la lealtad, me hace suponer que algo sucedi\u00f3 en esa clase pol\u00edtica en el poder, a espaldas de su gran l\u00edder en el estado.<\/p>\n<p>La lealtad parece ser un art\u00edculo de primera necesidad, sumamente escaso hoy en d\u00eda en Morena, al ritmo que llevan, no dude que un d\u00eda de estos se saque el cintur\u00f3n el Gobernador para corregir a esos acelerados que dicen ser m\u00e1s populares y que piensan est\u00e1n por encima del proyecto de la Cuarta Transformaci\u00f3n, olvidan los alcances que tiene ese santo var\u00f3n. \u00a1Ilusos!<\/p>\n<p><strong>DISPERSI\u00d3N DE PROGRAMAS PRODUCTIVOS<\/strong><\/p>\n<p>Desde el Sonora profundo, en el coraz\u00f3n del Distrito XII en el norte de Hermosillo, se reporta el Diputado Ren\u00e9 Garc\u00eda, desde la colonia Pueblitos, realizando intensa actividad comunitaria y sirviendo de puente de comunicaci\u00f3n con algunas dependencias para que ciudadanos obtengan proyectos productivos para iniciar un emprendimiento.<\/p>\n<p>Acercar los programas que el gobierno que encabeza Alfonso Durazo tiene para personas que busquen una oportunidad de crecer, ha sido una de las tareas que ha hecho suyas el Diputado Ren\u00e9 Garc\u00eda en sus recorridos por su Distrito.<\/p>\n<p><strong>RETAZOS INTERESANTES<\/strong><\/p>\n<p>1.- Desde hoy viernes la Presidenta Claudia Sheinbaum estar\u00e1 pisando suelo sonorense para realizar gira de trabajo por Cajeme y el s\u00e1bado por Guaymas. Acudiremos a la invitaci\u00f3n que nos realizaron para cubrir esta gira y comentar sus incidencias para la siguiente columna.<\/p>\n<p>2.- Solo fueron tres d\u00edas solamente los que dur\u00f3 abierta la frontera con Estados Unidos a la exportaci\u00f3n de ganado. La presencia del gusano barrenador en el estado de Veracruz, fue el motivo para que el gobierno norteamericano tomara la decisi\u00f3n soberana de volver a cerrar sus fronteras a la exportaci\u00f3n de ganado. Fue bonito mientras dur\u00f3.<\/p>\n<p>Los invito a escuchar los viernes la mesa de an\u00e1lisis de SONORA EN RED NOTICIAS, ejercicio de opini\u00f3n que realizo en compa\u00f1\u00eda de mis amigos Arturo Chapo Soto, Arturo Ballesteros y Octaviano Rojas, por el 93.3 del cuadrante de F.M. desde Guaymas para todo el sur de Sonora, y por la se\u00f1al del canal 14 de Estrella Tucson TV, en el sur de Arizona.<\/p>\n<p>Y en Radio Sol 104.7 F.M. LENGUAS VESPERTINAS, de lunes a viernes a las 17:00 horas, le vamos a ofrecer una peque\u00f1a dosis de grilla.<\/p>\n<p>Podemos interactuar a trav\u00e9s de mi cuenta de Twitter @feroropeza20 o en mi correo electr\u00f3nico <a href=\"mailto:luiso@hmo.megared.net.mx\">luiso@hmo.megared.net.mx<\/a><\/p>\n<p>&nbsp;<\/p>\n<p>&nbsp;<\/p>\n<p>&nbsp;<\/p>\n<p>&nbsp;<\/p>\n","protected":false},"excerpt":{"rendered":"<p>Citando la inmortal frase del General Ignacio Zaragoza para calificar la derrota del ej\u00e9rcito franc\u00e9s en la batalla de Puebla, \u201clas armas nacionales se cubrieron de gloria\u201d, al igual que en la heroica defensa del puerto de Guaymas, a cargo de nuestras fuerzas armadas y valientes habitantes del puerto de Guaymas que un 13 de [&hellip;]<\/p>\n","protected":false},"author":1,"featured_media":22141,"comment_status":"open","ping_status":"open","sticky":false,"template":"","format":"standard","meta":{"footnotes":""},"categories":[173],"tags":[],"class_list":["post"],"yoast_head":" \n<title>Doctora Karla C\u00f3rdova impulsa cultura, arte y turismo con Festival del Mar Bermejo - Periodista SoledadDurazo.com<\/title>\n<meta name=\"robots\" content=\"index, follow, max-snippet:-1, max-image-preview:large, max-video-preview:-1\" \/>\n<link rel=\"canonical\" href=\"https:\/\/soledaddurazo.com\/blog\/2025\/07\/11\/doctora-karla-cordova-impulsa-cultura-arte-y-turismo-con-festival-del-mar-bermejo\/\" \/>\n<meta property=\"og:locale\" content=\"es_MX\" \/>\n<meta property=\"og:type\" content=\"article\" \/>\n<meta property=\"og:title\" content=\"Doctora Karla C\u00f3rdova impulsa cultura, arte y turismo con Festival del Mar Bermejo\" \/>\n<meta property=\"og:description\" content=\"Citando la inmortal frase del General Ignacio Zaragoza para calificar la derrota del ej\u00e9rcito franc\u00e9s en la batalla de Puebla, \u201clas armas nacionales se cubrieron de gloria\u201d, al igual que en la heroica defensa del puerto de Guaymas, a cargo de nuestras fuerzas armadas y valientes habitantes del puerto de Guaymas que un 13 de [&hellip;]\" \/>\n<meta property=\"og:url\" content=\"https:\/\/soledaddurazo.com\/blog\/2025\/07\/11\/doctora-karla-cordova-impulsa-cultura-arte-y-turismo-con-festival-del-mar-bermejo\/\" \/>\n<meta property=\"og:site_name\" content=\"Periodista SoledadDurazo.com\" \/>\n<meta property=\"article:publisher\" content=\"https:\/\/www.facebook.com\/soledad.durazo.9\/\" \/>\n<meta property=\"article:published_time\" content=\"2025-07-11T21:52:41+00:00\" \/>\n<meta property=\"og:image\" content=\"https:\/\/soledaddurazo.com\/storage\/2025\/03\/9a-GRAFICO-FERNANDO-OROPEZA.jpeg\" \/>\n\t<meta property=\"og:image:width\" content=\"1092\" \/>\n\t<meta property=\"og:image:height\" content=\"983\" \/>\n<meta name=\"twitter:card\" content=\"summary_large_image\" \/>\n<meta name=\"twitter:creator\" content=\"@SoledadDurazo\" \/>\n<meta name=\"twitter:site\" content=\"@SoledadDurazo\" \/>\n<meta name=\"twitter:label1\" content=\"Escrito por\" \/>\n\t<meta name=\"twitter:data1\" content=\"Redacci\u00f3n\" \/>\n\t<meta name=\"twitter:label2\" content=\"Tiempo de lectura\" \/>\n\t<meta name=\"twitter:data2\" content=\"6 minutos\" \/>\n<script type=\"application\/ld+json\" class=\"yoast-schema-graph\">{\"@context\":\"https:\/\/schema.org\",\"@graph\":[{\"@type\":\"Organization\",\"@id\":\"https:\/\/soledaddurazo.com\/#organization\",\"name\":\"Soledad Durazo\",\"url\":\"https:\/\/soledaddurazo.com\/\",\"sameAs\":[\"https:\/\/www.facebook.com\/soledad.durazo.9\/\",\"https:\/\/www.instagram.com\/soledaddurazo\",\"https:\/\/www.youtube.com\/channel\/UC9yGPw8-Vbl_B2XNkRwPS-w\",\"https:\/\/twitter.com\/SoledadDurazo\"],\"logo\":{\"@type\":\"ImageObject\",\"@id\":\"https:\/\/soledaddurazo.com\/#logo\",\"inLanguage\":\"es\",\"url\":\"https:\/\/soledaddurazo.com\/storage\/2021\/11\/nllp-720x375-1-2.png\",\"contentUrl\":\"https:\/\/soledaddurazo.com\/storage\/2021\/11\/nllp-720x375-1-2.png\",\"width\":720,\"height\":375,\"caption\":\"Soledad Durazo\"},\"image\":{\"@id\":\"https:\/\/soledaddurazo.com\/#logo\"}},{\"@type\":\"WebSite\",\"@id\":\"https:\/\/soledaddurazo.com\/#website\",\"url\":\"https:\/\/soledaddurazo.com\/\",\"name\":\"Periodista SoledadDurazo.com\",\"description\":\"Periodista sonorense. Directora de www.SoledadDurazo.com Columnista, conductora de radio y Tv. Catedr\\u00e1tica en la UNISON\",\"publisher\":{\"@id\":\"https:\/\/soledaddurazo.com\/#organization\"},\"potentialAction\":[{\"@type\":\"SearchAction\",\"target\":{\"@type\":\"EntryPoint\",\"urlTemplate\":\"https:\/\/soledaddurazo.com\/?s={search_term_string}\"},\"query-input\":\"required name=search_term_string\"}],\"inLanguage\":\"es\"},{\"@type\":\"ImageObject\",\"@id\":\"https:\/\/soledaddurazo.com\/blog\/2025\/07\/11\/doctora-karla-cordova-impulsa-cultura-arte-y-turismo-con-festival-del-mar-bermejo\/#primaryimage\",\"inLanguage\":\"es\",\"url\":\"https:\/\/soledaddurazo.com\/storage\/2025\/03\/9a-GRAFICO-FERNANDO-OROPEZA.jpeg\",\"contentUrl\":\"https:\/\/soledaddurazo.com\/storage\/2025\/03\/9a-GRAFICO-FERNANDO-OROPEZA.jpeg\",\"width\":1092,\"height\":983},{\"@type\":\"WebPage\",\"@id\":\"https:\/\/soledaddurazo.com\/blog\/2025\/07\/11\/doctora-karla-cordova-impulsa-cultura-arte-y-turismo-con-festival-del-mar-bermejo\/#webpage\",\"url\":\"https:\/\/soledaddurazo.com\/blog\/2025\/07\/11\/doctora-karla-cordova-impulsa-cultura-arte-y-turismo-con-festival-del-mar-bermejo\/\",\"name\":\"Doctora Karla C\\u00f3rdova impulsa cultura, arte y turismo con Festival del Mar Bermejo - Periodista SoledadDurazo.com\",\"isPartOf\":{\"@id\":\"https:\/\/soledaddurazo.com\/#website\"},\"primaryImageOfPage\":{\"@id\":\"https:\/\/soledaddurazo.com\/blog\/2025\/07\/11\/doctora-karla-cordova-impulsa-cultura-arte-y-turismo-con-festival-del-mar-bermejo\/#primaryimage\"},\"datePublished\":\"2025-07-11T21:52:41+00:00\",\"dateModified\":\"2025-07-11T21:52:41+00:00\",\"breadcrumb\":{\"@id\":\"https:\/\/soledaddurazo.com\/blog\/2025\/07\/11\/doctora-karla-cordova-impulsa-cultura-arte-y-turismo-con-festival-del-mar-bermejo\/#breadcrumb\"},\"inLanguage\":\"es\",\"potentialAction\":[{\"@type\":\"ReadAction\",\"target\":[\"https:\/\/soledaddurazo.com\/blog\/2025\/07\/11\/doctora-karla-cordova-impulsa-cultura-arte-y-turismo-con-festival-del-mar-bermejo\/\"]}]},{\"@type\":\"BreadcrumbList\",\"@id\":\"https:\/\/soledaddurazo.com\/blog\/2025\/07\/11\/doctora-karla-cordova-impulsa-cultura-arte-y-turismo-con-festival-del-mar-bermejo\/#breadcrumb\",\"itemListElement\":[{\"@type\":\"ListItem\",\"position\":1,\"name\":\"Home\",\"item\":\"https:\/\/soledaddurazo.com\/\"},{\"@type\":\"ListItem\",\"position\":2,\"name\":\"Doctora Karla C\\u00f3rdova impulsa cultura, arte y turismo con Festival del Mar Bermejo\"}]},{\"@type\":\"Article\",\"@id\":\"https:\/\/soledaddurazo.com\/blog\/2025\/07\/11\/doctora-karla-cordova-impulsa-cultura-arte-y-turismo-con-festival-del-mar-bermejo\/#article\",\"isPartOf\":{\"@id\":\"https:\/\/soledaddurazo.com\/blog\/2025\/07\/11\/doctora-karla-cordova-impulsa-cultura-arte-y-turismo-con-festival-del-mar-bermejo\/#webpage\"},\"author\":{\"@id\":\"https:\/\/soledaddurazo.com\/#\/schema\/person\/822d8e13aa288585e6546f179853758b\"},\"headline\":\"Doctora Karla C\\u00f3rdova impulsa cultura, arte y turismo con Festival del Mar Bermejo\",\"datePublished\":\"2025-07-11T21:52:41+00:00\",\"dateModified\":\"2025-07-11T21:52:41+00:00\",\"mainEntityOfPage\":{\"@id\":\"https:\/\/soledaddurazo.com\/blog\/2025\/07\/11\/doctora-karla-cordova-impulsa-cultura-arte-y-turismo-con-festival-del-mar-bermejo\/#webpage\"},\"wordCount\":1273,\"commentCount\":0,\"publisher\":{\"@id\":\"https:\/\/soledaddurazo.com\/#organization\"},\"image\":{\"@id\":\"https:\/\/soledaddurazo.com\/blog\/2025\/07\/11\/doctora-karla-cordova-impulsa-cultura-arte-y-turismo-con-festival-del-mar-bermejo\/#primaryimage\"},\"thumbnailUrl\":\"https:\/\/soledaddurazo.com\/storage\/2025\/03\/9a-GRAFICO-FERNANDO-OROPEZA.jpeg\",\"articleSection\":[\"Fernando Oropeza\"],\"inLanguage\":\"es\",\"potentialAction\":[{\"@type\":\"CommentAction\",\"name\":\"Comment\",\"target\":[\"https:\/\/soledaddurazo.com\/blog\/2025\/07\/11\/doctora-karla-cordova-impulsa-cultura-arte-y-turismo-con-festival-del-mar-bermejo\/#respond\"]}]},{\"@type\":\"Person\",\"@id\":\"https:\/\/soledaddurazo.com\/#\/schema\/person\/822d8e13aa288585e6546f179853758b\",\"name\":\"Redacci\\u00f3n\",\"image\":{\"@type\":\"ImageObject\",\"@id\":\"https:\/\/soledaddurazo.com\/#personlogo\",\"inLanguage\":\"es\",\"url\":\"https:\/\/secure.gravatar.com\/avatar\/c4e193752f756fd61f04deebed3a3a20dc188d37edb53682d313ac57f2725d54?s=96&d=mm&r=g\",\"contentUrl\":\"https:\/\/secure.gravatar.com\/avatar\/c4e193752f756fd61f04deebed3a3a20dc188d37edb53682d313ac57f2725d54?s=96&d=mm&r=g\",\"caption\":\"Redacci\\u00f3n\"},\"sameAs\":[\"https:\/\/soledaddurazo.com\"]}]}<\/script>\n ","yoast_head_json":{"title":"Doctora Karla C\u00f3rdova impulsa cultura, arte y turismo con Festival del Mar Bermejo - Periodista SoledadDurazo.com","robots":{"index":"index","follow":"follow","max-snippet":"max-snippet:-1","max-image-preview":"max-image-preview:large","max-video-preview":"max-video-preview:-1"},"canonical":"https:\/\/soledaddurazo.com\/blog\/2025\/07\/11\/doctora-karla-cordova-impulsa-cultura-arte-y-turismo-con-festival-del-mar-bermejo\/","og_locale":"es_MX","og_type":"article","og_title":"Doctora Karla C\u00f3rdova impulsa cultura, arte y turismo con Festival del Mar Bermejo","og_description":"Citando la inmortal frase del General Ignacio Zaragoza para calificar la derrota del ej\u00e9rcito franc\u00e9s en la batalla de Puebla, \u201clas armas nacionales se cubrieron de gloria\u201d, al igual que en la heroica defensa del puerto de Guaymas, a cargo de nuestras fuerzas armadas y valientes habitantes del puerto de Guaymas que un 13 de [&hellip;]","og_url":"https:\/\/soledaddurazo.com\/blog\/2025\/07\/11\/doctora-karla-cordova-impulsa-cultura-arte-y-turismo-con-festival-del-mar-bermejo\/","og_site_name":"Periodista SoledadDurazo.com","article_publisher":"https:\/\/www.facebook.com\/soledad.durazo.9\/","article_published_time":"2025-07-11T21:52:41+00:00","og_image":[{"width":1092,"height":983,"url":"https:\/\/soledaddurazo.com\/storage\/2025\/03\/9a-GRAFICO-FERNANDO-OROPEZA.jpeg","type":"image\/jpeg"}],"twitter_card":"summary_large_image","twitter_creator":"@SoledadDurazo","twitter_site":"@SoledadDurazo","twitter_misc":{"Escrito por":"Redacci\u00f3n","Tiempo de lectura":"6 minutos"},"schema":{"@context":"https:\/\/schema.org","@graph":[{"@type":"Organization","@id":"https:\/\/soledaddurazo.com\/#organization","name":"Soledad Durazo","url":"https:\/\/soledaddurazo.com\/","sameAs":["https:\/\/www.facebook.com\/soledad.durazo.9\/","https:\/\/www.instagram.com\/soledaddurazo","https:\/\/www.youtube.com\/channel\/UC9yGPw8-Vbl_B2XNkRwPS-w","https:\/\/twitter.com\/SoledadDurazo"],"logo":{"@type":"ImageObject","@id":"https:\/\/soledaddurazo.com\/#logo","inLanguage":"es","url":"https:\/\/soledaddurazo.com\/storage\/2021\/11\/nllp-720x375-1-2.png","contentUrl":"https:\/\/soledaddurazo.com\/storage\/2021\/11\/nllp-720x375-1-2.png","width":720,"height":375,"caption":"Soledad Durazo"},"image":{"@id":"https:\/\/soledaddurazo.com\/#logo"}},{"@type":"WebSite","@id":"https:\/\/soledaddurazo.com\/#website","url":"https:\/\/soledaddurazo.com\/","name":"Periodista SoledadDurazo.com","description":"Periodista sonorense. Directora de www.SoledadDurazo.com Columnista, conductora de radio y Tv. Catedr\u00e1tica en la UNISON","publisher":{"@id":"https:\/\/soledaddurazo.com\/#organization"},"potentialAction":[{"@type":"SearchAction","target":{"@type":"EntryPoint","urlTemplate":"https:\/\/soledaddurazo.com\/?s={search_term_string}"},"query-input":"required name=search_term_string"}],"inLanguage":"es"},{"@type":"ImageObject","@id":"https:\/\/soledaddurazo.com\/blog\/2025\/07\/11\/doctora-karla-cordova-impulsa-cultura-arte-y-turismo-con-festival-del-mar-bermejo\/#primaryimage","inLanguage":"es","url":"https:\/\/soledaddurazo.com\/storage\/2025\/03\/9a-GRAFICO-FERNANDO-OROPEZA.jpeg","contentUrl":"https:\/\/soledaddurazo.com\/storage\/2025\/03\/9a-GRAFICO-FERNANDO-OROPEZA.jpeg","width":1092,"height":983},{"@type":"WebPage","@id":"https:\/\/soledaddurazo.com\/blog\/2025\/07\/11\/doctora-karla-cordova-impulsa-cultura-arte-y-turismo-con-festival-del-mar-bermejo\/#webpage","url":"https:\/\/soledaddurazo.com\/blog\/2025\/07\/11\/doctora-karla-cordova-impulsa-cultura-arte-y-turismo-con-festival-del-mar-bermejo\/","name":"Doctora Karla C\u00f3rdova impulsa cultura, arte y turismo con Festival del Mar Bermejo - Periodista SoledadDurazo.com","isPartOf":{"@id":"https:\/\/soledaddurazo.com\/#website"},"primaryImageOfPage":{"@id":"https:\/\/soledaddurazo.com\/blog\/2025\/07\/11\/doctora-karla-cordova-impulsa-cultura-arte-y-turismo-con-festival-del-mar-bermejo\/#primaryimage"},"datePublished":"2025-07-11T21:52:41+00:00","dateModified":"2025-07-11T21:52:41+00:00","breadcrumb":{"@id":"https:\/\/soledaddurazo.com\/blog\/2025\/07\/11\/doctora-karla-cordova-impulsa-cultura-arte-y-turismo-con-festival-del-mar-bermejo\/#breadcrumb"},"inLanguage":"es","potentialAction":[{"@type":"ReadAction","target":["https:\/\/soledaddurazo.com\/blog\/2025\/07\/11\/doctora-karla-cordova-impulsa-cultura-arte-y-turismo-con-festival-del-mar-bermejo\/"]}]},{"@type":"BreadcrumbList","@id":"https:\/\/soledaddurazo.com\/blog\/2025\/07\/11\/doctora-karla-cordova-impulsa-cultura-arte-y-turismo-con-festival-del-mar-bermejo\/#breadcrumb","itemListElement":[{"@type":"ListItem","position":1,"name":"Home","item":"https:\/\/soledaddurazo.com\/"},{"@type":"ListItem","position":2,"name":"Doctora Karla C\u00f3rdova impulsa cultura, arte y turismo con Festival del Mar Bermejo"}]},{"@type":"Article","@id":"https:\/\/soledaddurazo.com\/blog\/2025\/07\/11\/doctora-karla-cordova-impulsa-cultura-arte-y-turismo-con-festival-del-mar-bermejo\/#article","isPartOf":{"@id":"https:\/\/soledaddurazo.com\/blog\/2025\/07\/11\/doctora-karla-cordova-impulsa-cultura-arte-y-turismo-con-festival-del-mar-bermejo\/#webpage"},"author":{"@id":"https:\/\/soledaddurazo.com\/#\/schema\/person\/822d8e13aa288585e6546f179853758b"},"headline":"Doctora Karla C\u00f3rdova impulsa cultura, arte y turismo con Festival del Mar Bermejo","datePublished":"2025-07-11T21:52:41+00:00","dateModified":"2025-07-11T21:52:41+00:00","mainEntityOfPage":{"@id":"https:\/\/soledaddurazo.com\/blog\/2025\/07\/11\/doctora-karla-cordova-impulsa-cultura-arte-y-turismo-con-festival-del-mar-bermejo\/#webpage"},"wordCount":1273,"commentCount":0,"publisher":{"@id":"https:\/\/soledaddurazo.com\/#organization"},"image":{"@id":"https:\/\/soledaddurazo.com\/blog\/2025\/07\/11\/doctora-karla-cordova-impulsa-cultura-arte-y-turismo-con-festival-del-mar-bermejo\/#primaryimage"},"thumbnailUrl":"https:\/\/soledaddurazo.com\/storage\/2025\/03\/9a-GRAFICO-FERNANDO-OROPEZA.jpeg","articleSection":["Fernando Oropeza"],"inLanguage":"es","potentialAction":[{"@type":"CommentAction","name":"Comment","target":["https:\/\/soledaddurazo.com\/blog\/2025\/07\/11\/doctora-karla-cordova-impulsa-cultura-arte-y-turismo-con-festival-del-mar-bermejo\/#respond"]}]},{"@type":"Person","@id":"https:\/\/soledaddurazo.com\/#\/schema\/person\/822d8e13aa288585e6546f179853758b","name":"Redacci\u00f3n","image":{"@type":"ImageObject","@id":"https:\/\/soledaddurazo.com\/#personlogo","inLanguage":"es","url":"https:\/\/secure.gravatar.com\/avatar\/c4e193752f756fd61f04deebed3a3a20dc188d37edb53682d313ac57f2725d54?s=96&d=mm&r=g","contentUrl":"https:\/\/secure.gravatar.com\/avatar\/c4e193752f756fd61f04deebed3a3a20dc188d37edb53682d313ac57f2725d54?s=96&d=mm&r=g","caption":"Redacci\u00f3n"},"sameAs":["https:\/\/soledaddurazo.com"]}]}},"_links":{"self":[{"href":"https:\/\/soledaddurazo.com\/api\/wp\/v2\/posts\/22996","targetHints":{"allow":["GET"]}}],"collection":[{"href":"https:\/\/soledaddurazo.com\/api\/wp\/v2\/posts"}],"about":[{"href":"https:\/\/soledaddurazo.com\/api\/wp\/v2\/types\/post"}],"author":[{"embeddable":true,"href":"https:\/\/soledaddurazo.com\/api\/wp\/v2\/users\/1"}],"replies":[{"embeddable":true,"href":"https:\/\/soledaddurazo.com\/api\/wp\/v2\/comments?post=22996"}],"version-history":[{"count":1,"href":"https:\/\/soledaddurazo.com\/api\/wp\/v2\/posts\/22996\/revisions"}],"predecessor-version":[{"id":22998,"href":"https:\/\/soledaddurazo.com\/api\/wp\/v2\/posts\/22996\/revisions\/22998"}],"wp:featuredmedia":[{"embeddable":true,"href":"https:\/\/soledaddurazo.com\/api\/wp\/v2\/media\/22141"}],"wp:attachment":[{"href":"https:\/\/soledaddurazo.com\/api\/wp\/v2\/media?parent=22996"}],"wp:term":[{"taxonomy":"category","embeddable":true,"href":"https:\/\/soledaddurazo.com\/api\/wp\/v2\/categories?post=22996"},{"taxonomy":"post_tag","embeddable":true,"href":"https:\/\/soledaddurazo.com\/api\/wp\/v2\/tags?post=22996"}],"curies":[{"name":"wp","href":"https:\/\/api.w.org\/{rel}","templated":true}]}}