{"id":22991,"date":"2025-07-09T14:46:44","date_gmt":"2025-07-09T21:46:44","guid":{"rendered":"https:\/\/soledaddurazo.com\/?p=22991"},"modified":"2025-07-09T14:46:44","modified_gmt":"2025-07-09T21:46:44","slug":"diputado-rene-garcia-legisla-para-agilizar-procesos-de-adopcion","status":"publish","type":"post","link":"https:\/\/soledaddurazo.com\/blog\/2025\/07\/09\/diputado-rene-garcia-legisla-para-agilizar-procesos-de-adopcion\/","title":{"rendered":"Diputado Ren\u00e9 Garc\u00eda legisla para agilizar procesos de adopci\u00f3n\u00a0"},"content":{"rendered":"<p><a href=\"https:\/\/soledaddurazo.com\/storage\/2025\/07\/3b8c149c-9ff1-4b5c-96ed-1b46205aa283.jpeg\"><img loading=\"lazy\" decoding=\"async\" class=\"aligncenter size-full wp-image-22992\" src=\"https:\/\/soledaddurazo.com\/storage\/2025\/07\/3b8c149c-9ff1-4b5c-96ed-1b46205aa283.jpeg\" alt=\"\" width=\"1440\" height=\"809\" srcset=\"https:\/\/soledaddurazo.com\/storage\/2025\/07\/3b8c149c-9ff1-4b5c-96ed-1b46205aa283.jpeg 1440w, https:\/\/soledaddurazo.com\/storage\/2025\/07\/3b8c149c-9ff1-4b5c-96ed-1b46205aa283-300x169.jpeg 300w, https:\/\/soledaddurazo.com\/storage\/2025\/07\/3b8c149c-9ff1-4b5c-96ed-1b46205aa283-1024x575.jpeg 1024w, https:\/\/soledaddurazo.com\/storage\/2025\/07\/3b8c149c-9ff1-4b5c-96ed-1b46205aa283-768x431.jpeg 768w, https:\/\/soledaddurazo.com\/storage\/2025\/07\/3b8c149c-9ff1-4b5c-96ed-1b46205aa283-600x337.jpeg 600w, https:\/\/soledaddurazo.com\/storage\/2025\/07\/3b8c149c-9ff1-4b5c-96ed-1b46205aa283-750x421.jpeg 750w, https:\/\/soledaddurazo.com\/storage\/2025\/07\/3b8c149c-9ff1-4b5c-96ed-1b46205aa283-1140x640.jpeg 1140w\" sizes=\"auto, (max-width: 1440px) 100vw, 1440px\" \/><\/a><\/p>\n<p>Despu\u00e9s de haber finalizado el periodo ordinario de sesiones en el Congreso del Estado, los Diputados locales que integran esa soberan\u00eda realizan distintas actividades durante el periodo de la Diputaci\u00f3n permanente.<\/p>\n<p>En los micr\u00f3fonos del 104.7 F.M. Radio Sol, en el programa LENGUAS VESPERTINAS, entrevistamos al Diputado del Partido del Trabajo por el Distrito XII, Ren\u00e9 Garc\u00eda Rojo que, a manera de corte de caja, nos hizo un peque\u00f1o resumen de sus actividades legislativas, en las que ya contabiliza m\u00e1s de 40 jornadas de trabajo a lo largo y ancho de su distrito, dando prioridad al trabajo en territorio, gestionando y acercando los programas gubernamentales a la ciudadan\u00eda, adem\u00e1s de ser impulsor del deporte popular, organizando distintos torneos en las colonias de su Distrito.<\/p>\n<p>En el Congreso del Estado, ha destacado como promotor de la participaci\u00f3n de j\u00f3venes estudiantes, al organizar el concurso Iniciativa de Ley Juvenil, que tiene la finalidad de j\u00f3venes estudiantes presentaran propuestas que impactaran positivamente en el desarrollo de las juventudes en el estado, incentivando la participaci\u00f3n con premios en dinero. El Diputado Ren\u00e9 Garc\u00eda apunta que la pr\u00f3xima convocatoria para este concurso, estar\u00e1 abierta para j\u00f3venes que estudien o no estudien.<\/p>\n<p>Presente en la reciente reuni\u00f3n de la Comisi\u00f3n Sonora-Arizona, para participar en los trabajos sobre el tema del agua, celebr\u00f3 que la presencia del Gobernador Alfonso Durazo, represente un rev\u00e9s para sus detractores, que aseguraban no podr\u00eda pisar suelo norteamericano y, a su vez, una victoria pol\u00edtica del mandatario sonorense, am\u00e9n de la importancia de este trabajo conjunto binacional, que tiene como prop\u00f3sito fortalecer los v\u00ednculos econ\u00f3micos y sociales entre el estado de Sonora y el estado de Arizona, a trav\u00e9s de una agenda conjunta que promueve el desarrollo regional, la innovaci\u00f3n y la colaboraci\u00f3n en temas estrat\u00e9gicos.<\/p>\n<p>En cuanto a iniciativas propias, el Diputado Ren\u00e9 Garc\u00eda se\u00f1al\u00f3 que tiene especial inter\u00e9s en una, que iniciar\u00e1 su proceso de parlamento abierto en este mes de julio. Propone una reforma al C\u00f3digo de Familia del Estado de Sonora, que permita eliminar tr\u00e1mites burocr\u00e1ticos como agilizar la perdida de patria potestad, para que los tr\u00e1mites de adopci\u00f3n no demoren y que garantice que ni\u00f1as, ni\u00f1os y adolescentes, tengan la oportunidad de crecer en un entorno familiar estable, amoroso y protector.<\/p>\n<p>El Diputado petista, nos confes\u00f3 que tiene especial inter\u00e9s de llevar esta iniciativa a buen puerto, porque \u00e9l fue un ni\u00f1o adoptado, que tuvo la fortuna de que sus padres le brindaran educaci\u00f3n, valores y mucho cari\u00f1o. Mis respetos a esta historia de vida.<\/p>\n<p>Ren\u00e9 Garc\u00eda, joven Diputado del PT, sigue trabajando y rindiendo buenas cuentas en el Congreso del Estado<\/p>\n<p><strong>MENOS POL\u00cdTICA ELECTORAL, M\u00c1S POL\u00cdTICAS P\u00daBLICAS: NATALIA RIVERA<\/strong><\/p>\n<p>No est\u00e1 el horno para bollos con la situaci\u00f3n de inseguridad por la que atraviesa la capital del estado, as\u00ed lo han confirmado los hechos recientes de violencia que han consternado a la ciudadan\u00eda de Hermosillo, por el feminicidio de una madre de familia y sus tres peque\u00f1as hijas.<\/p>\n<p>La Diputada Natalia Rivera en conferencia de prensa, hizo un llamado a los servidores p\u00fablicos de los \u00f3rdenes superiores de gobierno, a no distraerse en la organizaci\u00f3n de los procesos electorales, para eso existen los partidos pol\u00edticos y para eso cuentan con prerrogativas que los que nos gobiernan se dediquen a lo suyo y lo hagan bien, que haya m\u00e1s pol\u00edticas p\u00fablicas que pol\u00edtica electoral.<\/p>\n<p>A pregunta de compa\u00f1eros de la prensa, Natalia Rivera volvi\u00f3 a rechazar que Movimiento Ciudadano participe en una posible gran alianza de todos los partidos de la oposici\u00f3n, pues no tendr\u00eda caso aliarse o coaligarse con partidos que tienen un amplio rechazo de la ciudadan\u00eda.<\/p>\n<p>En esta conferencia de prensa la dirigencia de Movimiento Ciudadano, respald\u00f3 la denuncia de la Regidora el municipio de San Javier, Adeline Quijada Amavizca sobre una serie de irregularidades en el municipio de San Javier, donde su Presidente Municipal comete actos de nepotismo y desapareci\u00f3 14 millones de pesos en cemento, denuncia que ha encontrado o\u00eddos sordos en las instancias fiscalizadoras del Gobierno del Estado.<\/p>\n<p>San Javier es un municipio rural, con una poblaci\u00f3n inferior a los 500 habitantes, aparentemente su Presidente Municipal est\u00e1 tomando su administraci\u00f3n con una visi\u00f3n patrimonialista.<\/p>\n<p>La denuncia parece una insignificancia, pero es importante se\u00f1al\u00f3 Natalia Rivera que adelant\u00f3 que pronto comenzar\u00e1n a denunciar varias irregularidades o presuntos actos de corrupci\u00f3n que han encontrado en varios municipios, as\u00ed que sobre advertencia no hay enga\u00f1o, pronto la dirigencia de Movimiento Ciudadano, comenzar\u00e1 a se\u00f1alar presuntos actos de corrupci\u00f3n.<\/p>\n<p><strong>HOSPITAL UNIVERSITARIO PRONTO SE CUMPLIR\u00c1 UN VIEJO ANHELO<\/strong><\/p>\n<p>Ya falta muy poco, tres meses, para que el viejo hospital General del Estado, quede transformado y rehabilitado para convertirse en el a\u00f1orado Hospital Universitario, que fue una promesa de campa\u00f1a del Gobernador Alfonso Durazo, que realiz\u00f3 una visita de supervisi\u00f3n a las obras que llevan un 80% de avance.<\/p>\n<p>Oficialmente ser\u00e1 Hospital General de Zona No. 15 del IMSS, en el que anualmente cien alumnos egresados de la carrera de Medicina de la Universidad de Sonora, podr\u00e1n cursar una especialidad m\u00e9dica.<\/p>\n<p>El proyecto de obra del Hospital Universitario contempla una inversi\u00f3n de 130 millones de pesos para un Centro de Simulaci\u00f3n para la Excelencia Cl\u00ednica y Quir\u00fargica, para capacitar y formar profesionalmente a los m\u00e9dicos especialistas.<\/p>\n<p><strong>RETAZOS INTERESANTES<\/strong><\/p>\n<p>1.- Ayer el Presidente Donald Trump anunci\u00f3 la aplicaci\u00f3n de aranceles del 50% a las importaciones de cobre y de 200% a las importaciones de productos farmac\u00e9uticos si sus fabricantes no se instalan en Estados Unidos. Sonora es el principal productor de cobre a nivel nacional y se estima que las afectaciones econ\u00f3micas sean severas. El Gobierno de Estados Unidos nos trae de esquina a poste con sus sorpresivos anuncios que est\u00e1n impactando en la econom\u00eda nacional. Poco a poco ya nos tiene en el umbral del cero crecimiento econ\u00f3mico y una ca\u00edda significativa del empleo, seg\u00fan el IMSS en los \u00faltimos tres meses, se han perdido m\u00e1s de 139 mil puestos de trabajo en el pa\u00eds.<\/p>\n<p>2.- Bueno, la pol\u00edtica de abrazos y no balazos, tan caracter\u00edstica durante el mandato de Andr\u00e9s Manuel L\u00f3pez Obrador, t\u00e1citamente fue rechazada por el gobierno de Claudia Sheinbaum al hacerla a un lado, tambi\u00e9n la extinci\u00f3n del huachicol, es otro mito que se ha derrumbado en este sexenio, junto con la negaci\u00f3n del endeudamiento en el gobierno del tabasque\u00f1o. Ayer Claudia Sheinbaum reconoci\u00f3 que L\u00f3pez Obrador recurri\u00f3 a contratar deuda p\u00fablica en 2024 para concluir obras emblem\u00e1ticas de la 4T como el Tren Maya, hubo endeudamiento, pero poquito. \u00a1Vaya!<\/p>\n<p>Los invito a escuchar los viernes la mesa de an\u00e1lisis de SONORA EN RED NOTICIAS, ejercicio de opini\u00f3n que realizo en compa\u00f1\u00eda de mis amigos Arturo Chapo Soto, Arturo Ballesteros y Octaviano Rojas, por el 93.3 del cuadrante de F.M. desde Guaymas para todo el sur de Sonora, y por la se\u00f1al del canal 14 de Estrella Tucson TV, en el sur de Arizona.<\/p>\n<p>Y en Radio Sol 104.7 F.M. LENGUAS VESPERTINAS, de lunes a viernes a las 17:00 horas, le vamos a ofrecer una peque\u00f1a dosis de grilla.<\/p>\n<p>Podemos interactuar a trav\u00e9s de mi cuenta de Twitter @feroropeza20 o en mi correo electr\u00f3nico <a href=\"mailto:luiso@hmo.megared.net.mx\">luiso@hmo.megared.net.mx<\/a><\/p>\n<p>&nbsp;<\/p>\n<p>&nbsp;<\/p>\n<p>&nbsp;<\/p>\n","protected":false},"excerpt":{"rendered":"<p>Despu\u00e9s de haber finalizado el periodo ordinario de sesiones en el Congreso del Estado, los Diputados locales que integran esa soberan\u00eda realizan distintas actividades durante el periodo de la Diputaci\u00f3n permanente. En los micr\u00f3fonos del 104.7 F.M. Radio Sol, en el programa LENGUAS VESPERTINAS, entrevistamos al Diputado del Partido del Trabajo por el Distrito XII, [&hellip;]<\/p>\n","protected":false},"author":1,"featured_media":22141,"comment_status":"open","ping_status":"open","sticky":false,"template":"","format":"standard","meta":{"footnotes":""},"categories":[173],"tags":[],"class_list":["post"],"yoast_head":" \n<title>Diputado Ren\u00e9 Garc\u00eda legisla para agilizar procesos de adopci\u00f3n\u00a0 - Periodista SoledadDurazo.com<\/title>\n<meta name=\"robots\" content=\"index, follow, max-snippet:-1, max-image-preview:large, max-video-preview:-1\" \/>\n<link rel=\"canonical\" href=\"https:\/\/soledaddurazo.com\/blog\/2025\/07\/09\/diputado-rene-garcia-legisla-para-agilizar-procesos-de-adopcion\/\" \/>\n<meta property=\"og:locale\" content=\"es_MX\" \/>\n<meta property=\"og:type\" content=\"article\" \/>\n<meta property=\"og:title\" content=\"Diputado Ren\u00e9 Garc\u00eda legisla para agilizar procesos de adopci\u00f3n\u00a0\" \/>\n<meta property=\"og:description\" content=\"Despu\u00e9s de haber finalizado el periodo ordinario de sesiones en el Congreso del Estado, los Diputados locales que integran esa soberan\u00eda realizan distintas actividades durante el periodo de la Diputaci\u00f3n permanente. En los micr\u00f3fonos del 104.7 F.M. Radio Sol, en el programa LENGUAS VESPERTINAS, entrevistamos al Diputado del Partido del Trabajo por el Distrito XII, [&hellip;]\" \/>\n<meta property=\"og:url\" content=\"https:\/\/soledaddurazo.com\/blog\/2025\/07\/09\/diputado-rene-garcia-legisla-para-agilizar-procesos-de-adopcion\/\" \/>\n<meta property=\"og:site_name\" content=\"Periodista SoledadDurazo.com\" \/>\n<meta property=\"article:publisher\" content=\"https:\/\/www.facebook.com\/soledad.durazo.9\/\" \/>\n<meta property=\"article:published_time\" content=\"2025-07-09T21:46:44+00:00\" \/>\n<meta property=\"og:image\" content=\"https:\/\/soledaddurazo.com\/storage\/2025\/03\/9a-GRAFICO-FERNANDO-OROPEZA.jpeg\" \/>\n\t<meta property=\"og:image:width\" content=\"1092\" \/>\n\t<meta property=\"og:image:height\" content=\"983\" \/>\n<meta name=\"twitter:card\" content=\"summary_large_image\" \/>\n<meta name=\"twitter:creator\" content=\"@SoledadDurazo\" \/>\n<meta name=\"twitter:site\" content=\"@SoledadDurazo\" \/>\n<meta name=\"twitter:label1\" content=\"Escrito por\" \/>\n\t<meta name=\"twitter:data1\" content=\"Redacci\u00f3n\" \/>\n\t<meta name=\"twitter:label2\" content=\"Tiempo de lectura\" \/>\n\t<meta name=\"twitter:data2\" content=\"6 minutos\" \/>\n<script type=\"application\/ld+json\" class=\"yoast-schema-graph\">{\"@context\":\"https:\/\/schema.org\",\"@graph\":[{\"@type\":\"Organization\",\"@id\":\"https:\/\/soledaddurazo.com\/#organization\",\"name\":\"Soledad Durazo\",\"url\":\"https:\/\/soledaddurazo.com\/\",\"sameAs\":[\"https:\/\/www.facebook.com\/soledad.durazo.9\/\",\"https:\/\/www.instagram.com\/soledaddurazo\",\"https:\/\/www.youtube.com\/channel\/UC9yGPw8-Vbl_B2XNkRwPS-w\",\"https:\/\/twitter.com\/SoledadDurazo\"],\"logo\":{\"@type\":\"ImageObject\",\"@id\":\"https:\/\/soledaddurazo.com\/#logo\",\"inLanguage\":\"es\",\"url\":\"https:\/\/soledaddurazo.com\/storage\/2021\/11\/nllp-720x375-1-2.png\",\"contentUrl\":\"https:\/\/soledaddurazo.com\/storage\/2021\/11\/nllp-720x375-1-2.png\",\"width\":720,\"height\":375,\"caption\":\"Soledad Durazo\"},\"image\":{\"@id\":\"https:\/\/soledaddurazo.com\/#logo\"}},{\"@type\":\"WebSite\",\"@id\":\"https:\/\/soledaddurazo.com\/#website\",\"url\":\"https:\/\/soledaddurazo.com\/\",\"name\":\"Periodista SoledadDurazo.com\",\"description\":\"Periodista sonorense. Directora de www.SoledadDurazo.com Columnista, conductora de radio y Tv. Catedr\\u00e1tica en la UNISON\",\"publisher\":{\"@id\":\"https:\/\/soledaddurazo.com\/#organization\"},\"potentialAction\":[{\"@type\":\"SearchAction\",\"target\":{\"@type\":\"EntryPoint\",\"urlTemplate\":\"https:\/\/soledaddurazo.com\/?s={search_term_string}\"},\"query-input\":\"required name=search_term_string\"}],\"inLanguage\":\"es\"},{\"@type\":\"ImageObject\",\"@id\":\"https:\/\/soledaddurazo.com\/blog\/2025\/07\/09\/diputado-rene-garcia-legisla-para-agilizar-procesos-de-adopcion\/#primaryimage\",\"inLanguage\":\"es\",\"url\":\"https:\/\/soledaddurazo.com\/storage\/2025\/03\/9a-GRAFICO-FERNANDO-OROPEZA.jpeg\",\"contentUrl\":\"https:\/\/soledaddurazo.com\/storage\/2025\/03\/9a-GRAFICO-FERNANDO-OROPEZA.jpeg\",\"width\":1092,\"height\":983},{\"@type\":\"WebPage\",\"@id\":\"https:\/\/soledaddurazo.com\/blog\/2025\/07\/09\/diputado-rene-garcia-legisla-para-agilizar-procesos-de-adopcion\/#webpage\",\"url\":\"https:\/\/soledaddurazo.com\/blog\/2025\/07\/09\/diputado-rene-garcia-legisla-para-agilizar-procesos-de-adopcion\/\",\"name\":\"Diputado Ren\\u00e9 Garc\\u00eda legisla para agilizar procesos de adopci\\u00f3n\\u00a0 - Periodista SoledadDurazo.com\",\"isPartOf\":{\"@id\":\"https:\/\/soledaddurazo.com\/#website\"},\"primaryImageOfPage\":{\"@id\":\"https:\/\/soledaddurazo.com\/blog\/2025\/07\/09\/diputado-rene-garcia-legisla-para-agilizar-procesos-de-adopcion\/#primaryimage\"},\"datePublished\":\"2025-07-09T21:46:44+00:00\",\"dateModified\":\"2025-07-09T21:46:44+00:00\",\"breadcrumb\":{\"@id\":\"https:\/\/soledaddurazo.com\/blog\/2025\/07\/09\/diputado-rene-garcia-legisla-para-agilizar-procesos-de-adopcion\/#breadcrumb\"},\"inLanguage\":\"es\",\"potentialAction\":[{\"@type\":\"ReadAction\",\"target\":[\"https:\/\/soledaddurazo.com\/blog\/2025\/07\/09\/diputado-rene-garcia-legisla-para-agilizar-procesos-de-adopcion\/\"]}]},{\"@type\":\"BreadcrumbList\",\"@id\":\"https:\/\/soledaddurazo.com\/blog\/2025\/07\/09\/diputado-rene-garcia-legisla-para-agilizar-procesos-de-adopcion\/#breadcrumb\",\"itemListElement\":[{\"@type\":\"ListItem\",\"position\":1,\"name\":\"Home\",\"item\":\"https:\/\/soledaddurazo.com\/\"},{\"@type\":\"ListItem\",\"position\":2,\"name\":\"Diputado Ren\\u00e9 Garc\\u00eda legisla para agilizar procesos de adopci\\u00f3n\\u00a0\"}]},{\"@type\":\"Article\",\"@id\":\"https:\/\/soledaddurazo.com\/blog\/2025\/07\/09\/diputado-rene-garcia-legisla-para-agilizar-procesos-de-adopcion\/#article\",\"isPartOf\":{\"@id\":\"https:\/\/soledaddurazo.com\/blog\/2025\/07\/09\/diputado-rene-garcia-legisla-para-agilizar-procesos-de-adopcion\/#webpage\"},\"author\":{\"@id\":\"https:\/\/soledaddurazo.com\/#\/schema\/person\/822d8e13aa288585e6546f179853758b\"},\"headline\":\"Diputado Ren\\u00e9 Garc\\u00eda legisla para agilizar procesos de adopci\\u00f3n\\u00a0\",\"datePublished\":\"2025-07-09T21:46:44+00:00\",\"dateModified\":\"2025-07-09T21:46:44+00:00\",\"mainEntityOfPage\":{\"@id\":\"https:\/\/soledaddurazo.com\/blog\/2025\/07\/09\/diputado-rene-garcia-legisla-para-agilizar-procesos-de-adopcion\/#webpage\"},\"wordCount\":1299,\"commentCount\":0,\"publisher\":{\"@id\":\"https:\/\/soledaddurazo.com\/#organization\"},\"image\":{\"@id\":\"https:\/\/soledaddurazo.com\/blog\/2025\/07\/09\/diputado-rene-garcia-legisla-para-agilizar-procesos-de-adopcion\/#primaryimage\"},\"thumbnailUrl\":\"https:\/\/soledaddurazo.com\/storage\/2025\/03\/9a-GRAFICO-FERNANDO-OROPEZA.jpeg\",\"articleSection\":[\"Fernando Oropeza\"],\"inLanguage\":\"es\",\"potentialAction\":[{\"@type\":\"CommentAction\",\"name\":\"Comment\",\"target\":[\"https:\/\/soledaddurazo.com\/blog\/2025\/07\/09\/diputado-rene-garcia-legisla-para-agilizar-procesos-de-adopcion\/#respond\"]}]},{\"@type\":\"Person\",\"@id\":\"https:\/\/soledaddurazo.com\/#\/schema\/person\/822d8e13aa288585e6546f179853758b\",\"name\":\"Redacci\\u00f3n\",\"image\":{\"@type\":\"ImageObject\",\"@id\":\"https:\/\/soledaddurazo.com\/#personlogo\",\"inLanguage\":\"es\",\"url\":\"https:\/\/secure.gravatar.com\/avatar\/c4e193752f756fd61f04deebed3a3a20dc188d37edb53682d313ac57f2725d54?s=96&d=mm&r=g\",\"contentUrl\":\"https:\/\/secure.gravatar.com\/avatar\/c4e193752f756fd61f04deebed3a3a20dc188d37edb53682d313ac57f2725d54?s=96&d=mm&r=g\",\"caption\":\"Redacci\\u00f3n\"},\"sameAs\":[\"https:\/\/soledaddurazo.com\"]}]}<\/script>\n ","yoast_head_json":{"title":"Diputado Ren\u00e9 Garc\u00eda legisla para agilizar procesos de adopci\u00f3n\u00a0 - Periodista SoledadDurazo.com","robots":{"index":"index","follow":"follow","max-snippet":"max-snippet:-1","max-image-preview":"max-image-preview:large","max-video-preview":"max-video-preview:-1"},"canonical":"https:\/\/soledaddurazo.com\/blog\/2025\/07\/09\/diputado-rene-garcia-legisla-para-agilizar-procesos-de-adopcion\/","og_locale":"es_MX","og_type":"article","og_title":"Diputado Ren\u00e9 Garc\u00eda legisla para agilizar procesos de adopci\u00f3n\u00a0","og_description":"Despu\u00e9s de haber finalizado el periodo ordinario de sesiones en el Congreso del Estado, los Diputados locales que integran esa soberan\u00eda realizan distintas actividades durante el periodo de la Diputaci\u00f3n permanente. En los micr\u00f3fonos del 104.7 F.M. Radio Sol, en el programa LENGUAS VESPERTINAS, entrevistamos al Diputado del Partido del Trabajo por el Distrito XII, [&hellip;]","og_url":"https:\/\/soledaddurazo.com\/blog\/2025\/07\/09\/diputado-rene-garcia-legisla-para-agilizar-procesos-de-adopcion\/","og_site_name":"Periodista SoledadDurazo.com","article_publisher":"https:\/\/www.facebook.com\/soledad.durazo.9\/","article_published_time":"2025-07-09T21:46:44+00:00","og_image":[{"width":1092,"height":983,"url":"https:\/\/soledaddurazo.com\/storage\/2025\/03\/9a-GRAFICO-FERNANDO-OROPEZA.jpeg","type":"image\/jpeg"}],"twitter_card":"summary_large_image","twitter_creator":"@SoledadDurazo","twitter_site":"@SoledadDurazo","twitter_misc":{"Escrito por":"Redacci\u00f3n","Tiempo de lectura":"6 minutos"},"schema":{"@context":"https:\/\/schema.org","@graph":[{"@type":"Organization","@id":"https:\/\/soledaddurazo.com\/#organization","name":"Soledad Durazo","url":"https:\/\/soledaddurazo.com\/","sameAs":["https:\/\/www.facebook.com\/soledad.durazo.9\/","https:\/\/www.instagram.com\/soledaddurazo","https:\/\/www.youtube.com\/channel\/UC9yGPw8-Vbl_B2XNkRwPS-w","https:\/\/twitter.com\/SoledadDurazo"],"logo":{"@type":"ImageObject","@id":"https:\/\/soledaddurazo.com\/#logo","inLanguage":"es","url":"https:\/\/soledaddurazo.com\/storage\/2021\/11\/nllp-720x375-1-2.png","contentUrl":"https:\/\/soledaddurazo.com\/storage\/2021\/11\/nllp-720x375-1-2.png","width":720,"height":375,"caption":"Soledad Durazo"},"image":{"@id":"https:\/\/soledaddurazo.com\/#logo"}},{"@type":"WebSite","@id":"https:\/\/soledaddurazo.com\/#website","url":"https:\/\/soledaddurazo.com\/","name":"Periodista SoledadDurazo.com","description":"Periodista sonorense. Directora de www.SoledadDurazo.com Columnista, conductora de radio y Tv. Catedr\u00e1tica en la UNISON","publisher":{"@id":"https:\/\/soledaddurazo.com\/#organization"},"potentialAction":[{"@type":"SearchAction","target":{"@type":"EntryPoint","urlTemplate":"https:\/\/soledaddurazo.com\/?s={search_term_string}"},"query-input":"required name=search_term_string"}],"inLanguage":"es"},{"@type":"ImageObject","@id":"https:\/\/soledaddurazo.com\/blog\/2025\/07\/09\/diputado-rene-garcia-legisla-para-agilizar-procesos-de-adopcion\/#primaryimage","inLanguage":"es","url":"https:\/\/soledaddurazo.com\/storage\/2025\/03\/9a-GRAFICO-FERNANDO-OROPEZA.jpeg","contentUrl":"https:\/\/soledaddurazo.com\/storage\/2025\/03\/9a-GRAFICO-FERNANDO-OROPEZA.jpeg","width":1092,"height":983},{"@type":"WebPage","@id":"https:\/\/soledaddurazo.com\/blog\/2025\/07\/09\/diputado-rene-garcia-legisla-para-agilizar-procesos-de-adopcion\/#webpage","url":"https:\/\/soledaddurazo.com\/blog\/2025\/07\/09\/diputado-rene-garcia-legisla-para-agilizar-procesos-de-adopcion\/","name":"Diputado Ren\u00e9 Garc\u00eda legisla para agilizar procesos de adopci\u00f3n\u00a0 - Periodista SoledadDurazo.com","isPartOf":{"@id":"https:\/\/soledaddurazo.com\/#website"},"primaryImageOfPage":{"@id":"https:\/\/soledaddurazo.com\/blog\/2025\/07\/09\/diputado-rene-garcia-legisla-para-agilizar-procesos-de-adopcion\/#primaryimage"},"datePublished":"2025-07-09T21:46:44+00:00","dateModified":"2025-07-09T21:46:44+00:00","breadcrumb":{"@id":"https:\/\/soledaddurazo.com\/blog\/2025\/07\/09\/diputado-rene-garcia-legisla-para-agilizar-procesos-de-adopcion\/#breadcrumb"},"inLanguage":"es","potentialAction":[{"@type":"ReadAction","target":["https:\/\/soledaddurazo.com\/blog\/2025\/07\/09\/diputado-rene-garcia-legisla-para-agilizar-procesos-de-adopcion\/"]}]},{"@type":"BreadcrumbList","@id":"https:\/\/soledaddurazo.com\/blog\/2025\/07\/09\/diputado-rene-garcia-legisla-para-agilizar-procesos-de-adopcion\/#breadcrumb","itemListElement":[{"@type":"ListItem","position":1,"name":"Home","item":"https:\/\/soledaddurazo.com\/"},{"@type":"ListItem","position":2,"name":"Diputado Ren\u00e9 Garc\u00eda legisla para agilizar procesos de adopci\u00f3n\u00a0"}]},{"@type":"Article","@id":"https:\/\/soledaddurazo.com\/blog\/2025\/07\/09\/diputado-rene-garcia-legisla-para-agilizar-procesos-de-adopcion\/#article","isPartOf":{"@id":"https:\/\/soledaddurazo.com\/blog\/2025\/07\/09\/diputado-rene-garcia-legisla-para-agilizar-procesos-de-adopcion\/#webpage"},"author":{"@id":"https:\/\/soledaddurazo.com\/#\/schema\/person\/822d8e13aa288585e6546f179853758b"},"headline":"Diputado Ren\u00e9 Garc\u00eda legisla para agilizar procesos de adopci\u00f3n\u00a0","datePublished":"2025-07-09T21:46:44+00:00","dateModified":"2025-07-09T21:46:44+00:00","mainEntityOfPage":{"@id":"https:\/\/soledaddurazo.com\/blog\/2025\/07\/09\/diputado-rene-garcia-legisla-para-agilizar-procesos-de-adopcion\/#webpage"},"wordCount":1299,"commentCount":0,"publisher":{"@id":"https:\/\/soledaddurazo.com\/#organization"},"image":{"@id":"https:\/\/soledaddurazo.com\/blog\/2025\/07\/09\/diputado-rene-garcia-legisla-para-agilizar-procesos-de-adopcion\/#primaryimage"},"thumbnailUrl":"https:\/\/soledaddurazo.com\/storage\/2025\/03\/9a-GRAFICO-FERNANDO-OROPEZA.jpeg","articleSection":["Fernando Oropeza"],"inLanguage":"es","potentialAction":[{"@type":"CommentAction","name":"Comment","target":["https:\/\/soledaddurazo.com\/blog\/2025\/07\/09\/diputado-rene-garcia-legisla-para-agilizar-procesos-de-adopcion\/#respond"]}]},{"@type":"Person","@id":"https:\/\/soledaddurazo.com\/#\/schema\/person\/822d8e13aa288585e6546f179853758b","name":"Redacci\u00f3n","image":{"@type":"ImageObject","@id":"https:\/\/soledaddurazo.com\/#personlogo","inLanguage":"es","url":"https:\/\/secure.gravatar.com\/avatar\/c4e193752f756fd61f04deebed3a3a20dc188d37edb53682d313ac57f2725d54?s=96&d=mm&r=g","contentUrl":"https:\/\/secure.gravatar.com\/avatar\/c4e193752f756fd61f04deebed3a3a20dc188d37edb53682d313ac57f2725d54?s=96&d=mm&r=g","caption":"Redacci\u00f3n"},"sameAs":["https:\/\/soledaddurazo.com"]}]}},"_links":{"self":[{"href":"https:\/\/soledaddurazo.com\/api\/wp\/v2\/posts\/22991","targetHints":{"allow":["GET"]}}],"collection":[{"href":"https:\/\/soledaddurazo.com\/api\/wp\/v2\/posts"}],"about":[{"href":"https:\/\/soledaddurazo.com\/api\/wp\/v2\/types\/post"}],"author":[{"embeddable":true,"href":"https:\/\/soledaddurazo.com\/api\/wp\/v2\/users\/1"}],"replies":[{"embeddable":true,"href":"https:\/\/soledaddurazo.com\/api\/wp\/v2\/comments?post=22991"}],"version-history":[{"count":1,"href":"https:\/\/soledaddurazo.com\/api\/wp\/v2\/posts\/22991\/revisions"}],"predecessor-version":[{"id":22993,"href":"https:\/\/soledaddurazo.com\/api\/wp\/v2\/posts\/22991\/revisions\/22993"}],"wp:featuredmedia":[{"embeddable":true,"href":"https:\/\/soledaddurazo.com\/api\/wp\/v2\/media\/22141"}],"wp:attachment":[{"href":"https:\/\/soledaddurazo.com\/api\/wp\/v2\/media?parent=22991"}],"wp:term":[{"taxonomy":"category","embeddable":true,"href":"https:\/\/soledaddurazo.com\/api\/wp\/v2\/categories?post=22991"},{"taxonomy":"post_tag","embeddable":true,"href":"https:\/\/soledaddurazo.com\/api\/wp\/v2\/tags?post=22991"}],"curies":[{"name":"wp","href":"https:\/\/api.w.org\/{rel}","templated":true}]}}