{"id":22873,"date":"2025-06-16T17:28:12","date_gmt":"2025-06-17T00:28:12","guid":{"rendered":"https:\/\/soledaddurazo.com\/?p=22873"},"modified":"2025-06-16T17:28:12","modified_gmt":"2025-06-17T00:28:12","slug":"sonora-el-segundo-puerto-mas-importante-para-personas-deportadas-de-eeuu","status":"publish","type":"post","link":"https:\/\/soledaddurazo.com\/blog\/2025\/06\/16\/sonora-el-segundo-puerto-mas-importante-para-personas-deportadas-de-eeuu\/","title":{"rendered":"Sonora, el segundo puerto m\u00e1s importante para personas deportadas de EEUU"},"content":{"rendered":"<p>Del 20 de enero a la fecha han sido deportadas de Estados Unidos a M\u00e9xico m\u00e1s de me 56 mil personas de las cuales el 21 por ciento lleg\u00f3 v\u00eda a\u00e9rea y el resto lo hizo v\u00eda terrestre, explic\u00f3 el Dr. Jos\u00e9 Israel Ibarra Gonz\u00e1lez.<\/p>\n<p>El Profesor de Migraci\u00f3n y Derechos Humanos fue entrevistado por la periodista Soledad Durazo durante el noticiero de Radio F\u00f3rmula Sonora, en donde explic\u00f3 el rol que juega nuestro Estado y espec\u00edficamente la ciudad fronteriza de Nogales que es la segunda m\u00e1s importante en este movimiento binacional.<\/p>\n<p><em><strong>\u00bfC\u00f3mo se ha comportado la repatriaci\u00f3n, la salida voluntaria de los connacionales?<\/strong><\/em><\/p>\n<p><em><strong>\u00bfSe ha preparado el Estado para la gente?<\/strong><\/em><\/p>\n<p>El entrevistado manifest\u00f3 que hay dos tipos de deportaci\u00f3n que se deben comprenderse para el tratamiento de los casos: el de la persona que es detenida al intentar cruzar a Estados Unidos y a quien ha vivida por a\u00f1os en y es repatriada desde el interior, para quienes se ha dado la siguiente atenci\u00f3n:<\/p>\n<p>Los detalles en la entrevista completa \ud83d\udc47<\/p>\n<div class=\"lyte-wrapper fourthree\" style=\"width:420px;max-width:100%;margin:5px;\"><div class=\"lyMe\" id=\"WYL_Njb6HWRlTRw\"><div id=\"lyte_Njb6HWRlTRw\" data-src=\"\/\/i.ytimg.com\/vi\/Njb6HWRlTRw\/hqdefault.jpg\" class=\"pL\"><div class=\"tC\"><div class=\"tT\"><\/div><\/div><div class=\"play\"><\/div><div class=\"ctrl\"><div class=\"Lctrl\"><\/div><div class=\"Rctrl\"><\/div><\/div><\/div><noscript><a href=\"https:\/\/youtu.be\/Njb6HWRlTRw\"><img loading=\"lazy\" decoding=\"async\" src=\"https:\/\/i.ytimg.com\/vi\/Njb6HWRlTRw\/0.jpg\" alt=\"\" width=\"420\" height=\"295\" \/><br \/>Ver este video en YouTube<\/a><\/noscript><\/div><\/div><div class=\"lL\" style=\"max-width:100%;width:420px;margin:5px;\"><\/div>\n","protected":false},"excerpt":{"rendered":"<p>Del 20 de enero a la fecha han sido deportadas de Estados Unidos a M\u00e9xico m\u00e1s de me 56 mil personas de las cuales el 21 por ciento lleg\u00f3 v\u00eda a\u00e9rea y el resto lo hizo v\u00eda terrestre, explic\u00f3 el Dr. Jos\u00e9 Israel Ibarra Gonz\u00e1lez. El Profesor de Migraci\u00f3n y Derechos Humanos fue entrevistado por [&hellip;]<\/p>\n","protected":false},"author":1,"featured_media":22874,"comment_status":"open","ping_status":"open","sticky":false,"template":"","format":"standard","meta":{"footnotes":""},"categories":[162,153],"tags":[],"class_list":["post"],"yoast_head":" \n<title>Sonora, el segundo puerto m\u00e1s importante para personas deportadas de EEUU - Periodista SoledadDurazo.com<\/title>\n<meta name=\"robots\" content=\"index, follow, max-snippet:-1, max-image-preview:large, max-video-preview:-1\" \/>\n<link rel=\"canonical\" href=\"https:\/\/soledaddurazo.com\/blog\/2025\/06\/16\/sonora-el-segundo-puerto-mas-importante-para-personas-deportadas-de-eeuu\/\" \/>\n<meta property=\"og:locale\" content=\"es_MX\" \/>\n<meta property=\"og:type\" content=\"article\" \/>\n<meta property=\"og:title\" content=\"Sonora, el segundo puerto m\u00e1s importante para personas deportadas de EEUU\" \/>\n<meta property=\"og:description\" content=\"Del 20 de enero a la fecha han sido deportadas de Estados Unidos a M\u00e9xico m\u00e1s de me 56 mil personas de las cuales el 21 por ciento lleg\u00f3 v\u00eda a\u00e9rea y el resto lo hizo v\u00eda terrestre, explic\u00f3 el Dr. Jos\u00e9 Israel Ibarra Gonz\u00e1lez. El Profesor de Migraci\u00f3n y Derechos Humanos fue entrevistado por [&hellip;]\" \/>\n<meta property=\"og:url\" content=\"https:\/\/soledaddurazo.com\/blog\/2025\/06\/16\/sonora-el-segundo-puerto-mas-importante-para-personas-deportadas-de-eeuu\/\" \/>\n<meta property=\"og:site_name\" content=\"Periodista SoledadDurazo.com\" \/>\n<meta property=\"article:publisher\" content=\"https:\/\/www.facebook.com\/soledad.durazo.9\/\" \/>\n<meta property=\"article:published_time\" content=\"2025-06-17T00:28:12+00:00\" \/>\n<meta property=\"og:image\" content=\"https:\/\/soledaddurazo.com\/storage\/2025\/06\/images-8.jpeg\" \/>\n\t<meta property=\"og:image:width\" content=\"275\" \/>\n\t<meta property=\"og:image:height\" content=\"183\" \/>\n<meta name=\"twitter:card\" content=\"summary_large_image\" \/>\n<meta name=\"twitter:creator\" content=\"@SoledadDurazo\" \/>\n<meta name=\"twitter:site\" content=\"@SoledadDurazo\" \/>\n<meta name=\"twitter:label1\" content=\"Escrito por\" \/>\n\t<meta name=\"twitter:data1\" content=\"Redacci\u00f3n\" \/>\n\t<meta name=\"twitter:label2\" content=\"Tiempo de lectura\" \/>\n\t<meta name=\"twitter:data2\" content=\"1 minuto\" \/>\n<script type=\"application\/ld+json\" class=\"yoast-schema-graph\">{\"@context\":\"https:\/\/schema.org\",\"@graph\":[{\"@type\":\"Organization\",\"@id\":\"https:\/\/soledaddurazo.com\/#organization\",\"name\":\"Soledad Durazo\",\"url\":\"https:\/\/soledaddurazo.com\/\",\"sameAs\":[\"https:\/\/www.facebook.com\/soledad.durazo.9\/\",\"https:\/\/www.instagram.com\/soledaddurazo\",\"https:\/\/www.youtube.com\/channel\/UC9yGPw8-Vbl_B2XNkRwPS-w\",\"https:\/\/twitter.com\/SoledadDurazo\"],\"logo\":{\"@type\":\"ImageObject\",\"@id\":\"https:\/\/soledaddurazo.com\/#logo\",\"inLanguage\":\"es\",\"url\":\"https:\/\/soledaddurazo.com\/storage\/2021\/11\/nllp-720x375-1-2.png\",\"contentUrl\":\"https:\/\/soledaddurazo.com\/storage\/2021\/11\/nllp-720x375-1-2.png\",\"width\":720,\"height\":375,\"caption\":\"Soledad Durazo\"},\"image\":{\"@id\":\"https:\/\/soledaddurazo.com\/#logo\"}},{\"@type\":\"WebSite\",\"@id\":\"https:\/\/soledaddurazo.com\/#website\",\"url\":\"https:\/\/soledaddurazo.com\/\",\"name\":\"Periodista SoledadDurazo.com\",\"description\":\"Periodista sonorense. Directora de www.SoledadDurazo.com Columnista, conductora de radio y Tv. Catedr\\u00e1tica en la UNISON\",\"publisher\":{\"@id\":\"https:\/\/soledaddurazo.com\/#organization\"},\"potentialAction\":[{\"@type\":\"SearchAction\",\"target\":{\"@type\":\"EntryPoint\",\"urlTemplate\":\"https:\/\/soledaddurazo.com\/?s={search_term_string}\"},\"query-input\":\"required name=search_term_string\"}],\"inLanguage\":\"es\"},{\"@type\":\"ImageObject\",\"@id\":\"https:\/\/soledaddurazo.com\/blog\/2025\/06\/16\/sonora-el-segundo-puerto-mas-importante-para-personas-deportadas-de-eeuu\/#primaryimage\",\"inLanguage\":\"es\",\"url\":\"https:\/\/soledaddurazo.com\/storage\/2025\/06\/images-8.jpeg\",\"contentUrl\":\"https:\/\/soledaddurazo.com\/storage\/2025\/06\/images-8.jpeg\",\"width\":275,\"height\":183},{\"@type\":\"WebPage\",\"@id\":\"https:\/\/soledaddurazo.com\/blog\/2025\/06\/16\/sonora-el-segundo-puerto-mas-importante-para-personas-deportadas-de-eeuu\/#webpage\",\"url\":\"https:\/\/soledaddurazo.com\/blog\/2025\/06\/16\/sonora-el-segundo-puerto-mas-importante-para-personas-deportadas-de-eeuu\/\",\"name\":\"Sonora, el segundo puerto m\\u00e1s importante para personas deportadas de EEUU - Periodista SoledadDurazo.com\",\"isPartOf\":{\"@id\":\"https:\/\/soledaddurazo.com\/#website\"},\"primaryImageOfPage\":{\"@id\":\"https:\/\/soledaddurazo.com\/blog\/2025\/06\/16\/sonora-el-segundo-puerto-mas-importante-para-personas-deportadas-de-eeuu\/#primaryimage\"},\"datePublished\":\"2025-06-17T00:28:12+00:00\",\"dateModified\":\"2025-06-17T00:28:12+00:00\",\"breadcrumb\":{\"@id\":\"https:\/\/soledaddurazo.com\/blog\/2025\/06\/16\/sonora-el-segundo-puerto-mas-importante-para-personas-deportadas-de-eeuu\/#breadcrumb\"},\"inLanguage\":\"es\",\"potentialAction\":[{\"@type\":\"ReadAction\",\"target\":[\"https:\/\/soledaddurazo.com\/blog\/2025\/06\/16\/sonora-el-segundo-puerto-mas-importante-para-personas-deportadas-de-eeuu\/\"]}]},{\"@type\":\"BreadcrumbList\",\"@id\":\"https:\/\/soledaddurazo.com\/blog\/2025\/06\/16\/sonora-el-segundo-puerto-mas-importante-para-personas-deportadas-de-eeuu\/#breadcrumb\",\"itemListElement\":[{\"@type\":\"ListItem\",\"position\":1,\"name\":\"Home\",\"item\":\"https:\/\/soledaddurazo.com\/\"},{\"@type\":\"ListItem\",\"position\":2,\"name\":\"Sonora, el segundo puerto m\\u00e1s importante para personas deportadas de EEUU\"}]},{\"@type\":\"Article\",\"@id\":\"https:\/\/soledaddurazo.com\/blog\/2025\/06\/16\/sonora-el-segundo-puerto-mas-importante-para-personas-deportadas-de-eeuu\/#article\",\"isPartOf\":{\"@id\":\"https:\/\/soledaddurazo.com\/blog\/2025\/06\/16\/sonora-el-segundo-puerto-mas-importante-para-personas-deportadas-de-eeuu\/#webpage\"},\"author\":{\"@id\":\"https:\/\/soledaddurazo.com\/#\/schema\/person\/822d8e13aa288585e6546f179853758b\"},\"headline\":\"Sonora, el segundo puerto m\\u00e1s importante para personas deportadas de EEUU\",\"datePublished\":\"2025-06-17T00:28:12+00:00\",\"dateModified\":\"2025-06-17T00:28:12+00:00\",\"mainEntityOfPage\":{\"@id\":\"https:\/\/soledaddurazo.com\/blog\/2025\/06\/16\/sonora-el-segundo-puerto-mas-importante-para-personas-deportadas-de-eeuu\/#webpage\"},\"wordCount\":201,\"commentCount\":0,\"publisher\":{\"@id\":\"https:\/\/soledaddurazo.com\/#organization\"},\"image\":{\"@id\":\"https:\/\/soledaddurazo.com\/blog\/2025\/06\/16\/sonora-el-segundo-puerto-mas-importante-para-personas-deportadas-de-eeuu\/#primaryimage\"},\"thumbnailUrl\":\"https:\/\/soledaddurazo.com\/storage\/2025\/06\/images-8.jpeg\",\"articleSection\":[\"Lo digo como es\",\"principal\"],\"inLanguage\":\"es\",\"potentialAction\":[{\"@type\":\"CommentAction\",\"name\":\"Comment\",\"target\":[\"https:\/\/soledaddurazo.com\/blog\/2025\/06\/16\/sonora-el-segundo-puerto-mas-importante-para-personas-deportadas-de-eeuu\/#respond\"]}]},{\"@type\":\"Person\",\"@id\":\"https:\/\/soledaddurazo.com\/#\/schema\/person\/822d8e13aa288585e6546f179853758b\",\"name\":\"Redacci\\u00f3n\",\"image\":{\"@type\":\"ImageObject\",\"@id\":\"https:\/\/soledaddurazo.com\/#personlogo\",\"inLanguage\":\"es\",\"url\":\"https:\/\/secure.gravatar.com\/avatar\/c4e193752f756fd61f04deebed3a3a20dc188d37edb53682d313ac57f2725d54?s=96&d=mm&r=g\",\"contentUrl\":\"https:\/\/secure.gravatar.com\/avatar\/c4e193752f756fd61f04deebed3a3a20dc188d37edb53682d313ac57f2725d54?s=96&d=mm&r=g\",\"caption\":\"Redacci\\u00f3n\"},\"sameAs\":[\"https:\/\/soledaddurazo.com\"]}]}<\/script>\n ","yoast_head_json":{"title":"Sonora, el segundo puerto m\u00e1s importante para personas deportadas de EEUU - Periodista SoledadDurazo.com","robots":{"index":"index","follow":"follow","max-snippet":"max-snippet:-1","max-image-preview":"max-image-preview:large","max-video-preview":"max-video-preview:-1"},"canonical":"https:\/\/soledaddurazo.com\/blog\/2025\/06\/16\/sonora-el-segundo-puerto-mas-importante-para-personas-deportadas-de-eeuu\/","og_locale":"es_MX","og_type":"article","og_title":"Sonora, el segundo puerto m\u00e1s importante para personas deportadas de EEUU","og_description":"Del 20 de enero a la fecha han sido deportadas de Estados Unidos a M\u00e9xico m\u00e1s de me 56 mil personas de las cuales el 21 por ciento lleg\u00f3 v\u00eda a\u00e9rea y el resto lo hizo v\u00eda terrestre, explic\u00f3 el Dr. Jos\u00e9 Israel Ibarra Gonz\u00e1lez. El Profesor de Migraci\u00f3n y Derechos Humanos fue entrevistado por [&hellip;]","og_url":"https:\/\/soledaddurazo.com\/blog\/2025\/06\/16\/sonora-el-segundo-puerto-mas-importante-para-personas-deportadas-de-eeuu\/","og_site_name":"Periodista SoledadDurazo.com","article_publisher":"https:\/\/www.facebook.com\/soledad.durazo.9\/","article_published_time":"2025-06-17T00:28:12+00:00","og_image":[{"width":275,"height":183,"url":"https:\/\/soledaddurazo.com\/storage\/2025\/06\/images-8.jpeg","type":"image\/jpeg"}],"twitter_card":"summary_large_image","twitter_creator":"@SoledadDurazo","twitter_site":"@SoledadDurazo","twitter_misc":{"Escrito por":"Redacci\u00f3n","Tiempo de lectura":"1 minuto"},"schema":{"@context":"https:\/\/schema.org","@graph":[{"@type":"Organization","@id":"https:\/\/soledaddurazo.com\/#organization","name":"Soledad Durazo","url":"https:\/\/soledaddurazo.com\/","sameAs":["https:\/\/www.facebook.com\/soledad.durazo.9\/","https:\/\/www.instagram.com\/soledaddurazo","https:\/\/www.youtube.com\/channel\/UC9yGPw8-Vbl_B2XNkRwPS-w","https:\/\/twitter.com\/SoledadDurazo"],"logo":{"@type":"ImageObject","@id":"https:\/\/soledaddurazo.com\/#logo","inLanguage":"es","url":"https:\/\/soledaddurazo.com\/storage\/2021\/11\/nllp-720x375-1-2.png","contentUrl":"https:\/\/soledaddurazo.com\/storage\/2021\/11\/nllp-720x375-1-2.png","width":720,"height":375,"caption":"Soledad Durazo"},"image":{"@id":"https:\/\/soledaddurazo.com\/#logo"}},{"@type":"WebSite","@id":"https:\/\/soledaddurazo.com\/#website","url":"https:\/\/soledaddurazo.com\/","name":"Periodista SoledadDurazo.com","description":"Periodista sonorense. Directora de www.SoledadDurazo.com Columnista, conductora de radio y Tv. Catedr\u00e1tica en la UNISON","publisher":{"@id":"https:\/\/soledaddurazo.com\/#organization"},"potentialAction":[{"@type":"SearchAction","target":{"@type":"EntryPoint","urlTemplate":"https:\/\/soledaddurazo.com\/?s={search_term_string}"},"query-input":"required name=search_term_string"}],"inLanguage":"es"},{"@type":"ImageObject","@id":"https:\/\/soledaddurazo.com\/blog\/2025\/06\/16\/sonora-el-segundo-puerto-mas-importante-para-personas-deportadas-de-eeuu\/#primaryimage","inLanguage":"es","url":"https:\/\/soledaddurazo.com\/storage\/2025\/06\/images-8.jpeg","contentUrl":"https:\/\/soledaddurazo.com\/storage\/2025\/06\/images-8.jpeg","width":275,"height":183},{"@type":"WebPage","@id":"https:\/\/soledaddurazo.com\/blog\/2025\/06\/16\/sonora-el-segundo-puerto-mas-importante-para-personas-deportadas-de-eeuu\/#webpage","url":"https:\/\/soledaddurazo.com\/blog\/2025\/06\/16\/sonora-el-segundo-puerto-mas-importante-para-personas-deportadas-de-eeuu\/","name":"Sonora, el segundo puerto m\u00e1s importante para personas deportadas de EEUU - Periodista SoledadDurazo.com","isPartOf":{"@id":"https:\/\/soledaddurazo.com\/#website"},"primaryImageOfPage":{"@id":"https:\/\/soledaddurazo.com\/blog\/2025\/06\/16\/sonora-el-segundo-puerto-mas-importante-para-personas-deportadas-de-eeuu\/#primaryimage"},"datePublished":"2025-06-17T00:28:12+00:00","dateModified":"2025-06-17T00:28:12+00:00","breadcrumb":{"@id":"https:\/\/soledaddurazo.com\/blog\/2025\/06\/16\/sonora-el-segundo-puerto-mas-importante-para-personas-deportadas-de-eeuu\/#breadcrumb"},"inLanguage":"es","potentialAction":[{"@type":"ReadAction","target":["https:\/\/soledaddurazo.com\/blog\/2025\/06\/16\/sonora-el-segundo-puerto-mas-importante-para-personas-deportadas-de-eeuu\/"]}]},{"@type":"BreadcrumbList","@id":"https:\/\/soledaddurazo.com\/blog\/2025\/06\/16\/sonora-el-segundo-puerto-mas-importante-para-personas-deportadas-de-eeuu\/#breadcrumb","itemListElement":[{"@type":"ListItem","position":1,"name":"Home","item":"https:\/\/soledaddurazo.com\/"},{"@type":"ListItem","position":2,"name":"Sonora, el segundo puerto m\u00e1s importante para personas deportadas de EEUU"}]},{"@type":"Article","@id":"https:\/\/soledaddurazo.com\/blog\/2025\/06\/16\/sonora-el-segundo-puerto-mas-importante-para-personas-deportadas-de-eeuu\/#article","isPartOf":{"@id":"https:\/\/soledaddurazo.com\/blog\/2025\/06\/16\/sonora-el-segundo-puerto-mas-importante-para-personas-deportadas-de-eeuu\/#webpage"},"author":{"@id":"https:\/\/soledaddurazo.com\/#\/schema\/person\/822d8e13aa288585e6546f179853758b"},"headline":"Sonora, el segundo puerto m\u00e1s importante para personas deportadas de EEUU","datePublished":"2025-06-17T00:28:12+00:00","dateModified":"2025-06-17T00:28:12+00:00","mainEntityOfPage":{"@id":"https:\/\/soledaddurazo.com\/blog\/2025\/06\/16\/sonora-el-segundo-puerto-mas-importante-para-personas-deportadas-de-eeuu\/#webpage"},"wordCount":201,"commentCount":0,"publisher":{"@id":"https:\/\/soledaddurazo.com\/#organization"},"image":{"@id":"https:\/\/soledaddurazo.com\/blog\/2025\/06\/16\/sonora-el-segundo-puerto-mas-importante-para-personas-deportadas-de-eeuu\/#primaryimage"},"thumbnailUrl":"https:\/\/soledaddurazo.com\/storage\/2025\/06\/images-8.jpeg","articleSection":["Lo digo como es","principal"],"inLanguage":"es","potentialAction":[{"@type":"CommentAction","name":"Comment","target":["https:\/\/soledaddurazo.com\/blog\/2025\/06\/16\/sonora-el-segundo-puerto-mas-importante-para-personas-deportadas-de-eeuu\/#respond"]}]},{"@type":"Person","@id":"https:\/\/soledaddurazo.com\/#\/schema\/person\/822d8e13aa288585e6546f179853758b","name":"Redacci\u00f3n","image":{"@type":"ImageObject","@id":"https:\/\/soledaddurazo.com\/#personlogo","inLanguage":"es","url":"https:\/\/secure.gravatar.com\/avatar\/c4e193752f756fd61f04deebed3a3a20dc188d37edb53682d313ac57f2725d54?s=96&d=mm&r=g","contentUrl":"https:\/\/secure.gravatar.com\/avatar\/c4e193752f756fd61f04deebed3a3a20dc188d37edb53682d313ac57f2725d54?s=96&d=mm&r=g","caption":"Redacci\u00f3n"},"sameAs":["https:\/\/soledaddurazo.com"]}]}},"_links":{"self":[{"href":"https:\/\/soledaddurazo.com\/api\/wp\/v2\/posts\/22873","targetHints":{"allow":["GET"]}}],"collection":[{"href":"https:\/\/soledaddurazo.com\/api\/wp\/v2\/posts"}],"about":[{"href":"https:\/\/soledaddurazo.com\/api\/wp\/v2\/types\/post"}],"author":[{"embeddable":true,"href":"https:\/\/soledaddurazo.com\/api\/wp\/v2\/users\/1"}],"replies":[{"embeddable":true,"href":"https:\/\/soledaddurazo.com\/api\/wp\/v2\/comments?post=22873"}],"version-history":[{"count":1,"href":"https:\/\/soledaddurazo.com\/api\/wp\/v2\/posts\/22873\/revisions"}],"predecessor-version":[{"id":22875,"href":"https:\/\/soledaddurazo.com\/api\/wp\/v2\/posts\/22873\/revisions\/22875"}],"wp:featuredmedia":[{"embeddable":true,"href":"https:\/\/soledaddurazo.com\/api\/wp\/v2\/media\/22874"}],"wp:attachment":[{"href":"https:\/\/soledaddurazo.com\/api\/wp\/v2\/media?parent=22873"}],"wp:term":[{"taxonomy":"category","embeddable":true,"href":"https:\/\/soledaddurazo.com\/api\/wp\/v2\/categories?post=22873"},{"taxonomy":"post_tag","embeddable":true,"href":"https:\/\/soledaddurazo.com\/api\/wp\/v2\/tags?post=22873"}],"curies":[{"name":"wp","href":"https:\/\/api.w.org\/{rel}","templated":true}]}}