{"id":22862,"date":"2025-06-16T12:22:43","date_gmt":"2025-06-16T19:22:43","guid":{"rendered":"https:\/\/soledaddurazo.com\/?p=22862"},"modified":"2025-06-16T12:22:43","modified_gmt":"2025-06-16T19:22:43","slug":"crit-sonora-renueva-su-consejo-local-benefactor-en-ceremonia-oficial","status":"publish","type":"post","link":"https:\/\/soledaddurazo.com\/blog\/2025\/06\/16\/crit-sonora-renueva-su-consejo-local-benefactor-en-ceremonia-oficial\/","title":{"rendered":"CRIT Sonora renueva su Consejo Local Benefactor en ceremonia oficial"},"content":{"rendered":"<p data-start=\"177\" data-end=\"249\">\n<p data-start=\"251\" data-end=\"550\">El pasado 12 de junio de 2025, el Centro de Rehabilitaci\u00f3n e Inclusi\u00f3n Infantil Telet\u00f3n (CRIT) Sonora celebr\u00f3 la Ceremonia de Toma de Protesta del nuevo Consejo Local Benefactor, reafirmando as\u00ed el compromiso ciudadano con la inclusi\u00f3n y el bienestar de ni\u00f1as, ni\u00f1os y adolescentes con discapacidad.<\/p>\n<p data-start=\"552\" data-end=\"897\">Durante el acto protocolario, el Ing. Jorge Maz\u00f3n Rubio, presidente saliente del Consejo, ofreci\u00f3 un emotivo mensaje de despedida y fue reconocido por su destacada labor al frente del organismo desde su creaci\u00f3n en octubre de 2020. La Senadora Lorenia Valles Sampedro fue la encargada de entregarle un reconocimiento por su valiosa contribuci\u00f3n.<\/p>\n<p data-start=\"552\" data-end=\"897\"><a href=\"https:\/\/soledaddurazo.com\/storage\/2025\/06\/4.jpeg\"><img loading=\"lazy\" decoding=\"async\" class=\"aligncenter size-full wp-image-22864\" src=\"https:\/\/soledaddurazo.com\/storage\/2025\/06\/4.jpeg\" alt=\"\" width=\"1600\" height=\"1066\" srcset=\"https:\/\/soledaddurazo.com\/storage\/2025\/06\/4.jpeg 1600w, https:\/\/soledaddurazo.com\/storage\/2025\/06\/4-300x200.jpeg 300w, https:\/\/soledaddurazo.com\/storage\/2025\/06\/4-1024x682.jpeg 1024w, https:\/\/soledaddurazo.com\/storage\/2025\/06\/4-768x512.jpeg 768w, https:\/\/soledaddurazo.com\/storage\/2025\/06\/4-1536x1023.jpeg 1536w, https:\/\/soledaddurazo.com\/storage\/2025\/06\/4-600x400.jpeg 600w, https:\/\/soledaddurazo.com\/storage\/2025\/06\/4-750x500.jpeg 750w, https:\/\/soledaddurazo.com\/storage\/2025\/06\/4-1140x760.jpeg 1140w\" sizes=\"auto, (max-width: 1600px) 100vw, 1600px\" \/><\/a><\/p>\n<p data-start=\"899\" data-end=\"1216\">El evento cont\u00f3 con la presencia de autoridades como el Dr. F\u00e9lix Higuera Romero, en representaci\u00f3n del Gobernador del Estado, Dr. Alfonso Durazo Monta\u00f1o; el Lic. Jorge Manuel Alc\u00e1ntara Aguileta, Director General del Sistema Infantil Telet\u00f3n; y la nueva presidenta del Consejo, Lic. Silvia \u00c1lvarez Amaya, entre otros.<\/p>\n<p data-start=\"1218\" data-end=\"1626\">El Lic. Alc\u00e1ntara Aguileta encabez\u00f3 la toma de protesta, exhortando a los nuevos integrantes a servir con honestidad y compromiso. Por su parte, la Lic. \u00c1lvarez Amaya agradeci\u00f3 la confianza depositada y reiter\u00f3 su voluntad de fortalecer el impacto del CRIT en la comunidad sonorense. Destac\u00f3 la labor del personal del centro, subrayando que \u201caqu\u00ed se rehabilitan cuerpos, pero tambi\u00e9n se reconstruyen sue\u00f1os\u201d.<\/p>\n<p data-start=\"1218\" data-end=\"1626\"><a href=\"https:\/\/soledaddurazo.com\/storage\/2025\/06\/3.jpeg\"><img loading=\"lazy\" decoding=\"async\" class=\"aligncenter size-full wp-image-22865\" src=\"https:\/\/soledaddurazo.com\/storage\/2025\/06\/3.jpeg\" alt=\"\" width=\"1600\" height=\"1066\" srcset=\"https:\/\/soledaddurazo.com\/storage\/2025\/06\/3.jpeg 1600w, https:\/\/soledaddurazo.com\/storage\/2025\/06\/3-300x200.jpeg 300w, https:\/\/soledaddurazo.com\/storage\/2025\/06\/3-1024x682.jpeg 1024w, https:\/\/soledaddurazo.com\/storage\/2025\/06\/3-768x512.jpeg 768w, https:\/\/soledaddurazo.com\/storage\/2025\/06\/3-1536x1023.jpeg 1536w, https:\/\/soledaddurazo.com\/storage\/2025\/06\/3-600x400.jpeg 600w, https:\/\/soledaddurazo.com\/storage\/2025\/06\/3-750x500.jpeg 750w, https:\/\/soledaddurazo.com\/storage\/2025\/06\/3-1140x760.jpeg 1140w\" sizes=\"auto, (max-width: 1600px) 100vw, 1600px\" \/><\/a><\/p>\n<p data-start=\"1628\" data-end=\"1888\">El Consejo Local Benefactor es un \u00f3rgano ciudadano de apoyo voluntario, centrado en impulsar estrategias de vinculaci\u00f3n, recaudaci\u00f3n y promoci\u00f3n social. No forma parte de la operaci\u00f3n directa del CRIT, pero s\u00ed representa una pieza clave para su sostenibilidad.<\/p>\n<p data-start=\"1890\" data-end=\"2061\">Con este relevo, el CRIT Sonora contin\u00faa consolidando su compromiso con la inclusi\u00f3n, impulsado por el liderazgo renovado de un consejo comprometido con transformar vidas.<\/p>\n","protected":false},"excerpt":{"rendered":"<p>El pasado 12 de junio de 2025, el Centro de Rehabilitaci\u00f3n e Inclusi\u00f3n Infantil Telet\u00f3n (CRIT) Sonora celebr\u00f3 la Ceremonia de Toma de Protesta del nuevo Consejo Local Benefactor, reafirmando as\u00ed el compromiso ciudadano con la inclusi\u00f3n y el bienestar de ni\u00f1as, ni\u00f1os y adolescentes con discapacidad. Durante el acto protocolario, el Ing. Jorge Maz\u00f3n [&hellip;]<\/p>\n","protected":false},"author":1,"featured_media":22863,"comment_status":"open","ping_status":"open","sticky":false,"template":"","format":"standard","meta":{"footnotes":""},"categories":[160,153],"tags":[],"class_list":["post"],"yoast_head":" \n<title>CRIT Sonora renueva su Consejo Local Benefactor en ceremonia oficial - Periodista SoledadDurazo.com<\/title>\n<meta name=\"robots\" content=\"index, follow, max-snippet:-1, max-image-preview:large, max-video-preview:-1\" \/>\n<link rel=\"canonical\" href=\"https:\/\/soledaddurazo.com\/blog\/2025\/06\/16\/crit-sonora-renueva-su-consejo-local-benefactor-en-ceremonia-oficial\/\" \/>\n<meta property=\"og:locale\" content=\"es_MX\" \/>\n<meta property=\"og:type\" content=\"article\" \/>\n<meta property=\"og:title\" content=\"CRIT Sonora renueva su Consejo Local Benefactor en ceremonia oficial\" \/>\n<meta property=\"og:description\" content=\"El pasado 12 de junio de 2025, el Centro de Rehabilitaci\u00f3n e Inclusi\u00f3n Infantil Telet\u00f3n (CRIT) Sonora celebr\u00f3 la Ceremonia de Toma de Protesta del nuevo Consejo Local Benefactor, reafirmando as\u00ed el compromiso ciudadano con la inclusi\u00f3n y el bienestar de ni\u00f1as, ni\u00f1os y adolescentes con discapacidad. Durante el acto protocolario, el Ing. Jorge Maz\u00f3n [&hellip;]\" \/>\n<meta property=\"og:url\" content=\"https:\/\/soledaddurazo.com\/blog\/2025\/06\/16\/crit-sonora-renueva-su-consejo-local-benefactor-en-ceremonia-oficial\/\" \/>\n<meta property=\"og:site_name\" content=\"Periodista SoledadDurazo.com\" \/>\n<meta property=\"article:publisher\" content=\"https:\/\/www.facebook.com\/soledad.durazo.9\/\" \/>\n<meta property=\"article:published_time\" content=\"2025-06-16T19:22:43+00:00\" \/>\n<meta property=\"og:image\" content=\"https:\/\/soledaddurazo.com\/storage\/2025\/06\/1.jpeg\" \/>\n\t<meta property=\"og:image:width\" content=\"1600\" \/>\n\t<meta property=\"og:image:height\" content=\"1066\" \/>\n<meta name=\"twitter:card\" content=\"summary_large_image\" \/>\n<meta name=\"twitter:creator\" content=\"@SoledadDurazo\" \/>\n<meta name=\"twitter:site\" content=\"@SoledadDurazo\" \/>\n<meta name=\"twitter:label1\" content=\"Escrito por\" \/>\n\t<meta name=\"twitter:data1\" content=\"Redacci\u00f3n\" \/>\n\t<meta name=\"twitter:label2\" content=\"Tiempo de lectura\" \/>\n\t<meta name=\"twitter:data2\" content=\"2 minutos\" \/>\n<script type=\"application\/ld+json\" class=\"yoast-schema-graph\">{\"@context\":\"https:\/\/schema.org\",\"@graph\":[{\"@type\":\"Organization\",\"@id\":\"https:\/\/soledaddurazo.com\/#organization\",\"name\":\"Soledad Durazo\",\"url\":\"https:\/\/soledaddurazo.com\/\",\"sameAs\":[\"https:\/\/www.facebook.com\/soledad.durazo.9\/\",\"https:\/\/www.instagram.com\/soledaddurazo\",\"https:\/\/www.youtube.com\/channel\/UC9yGPw8-Vbl_B2XNkRwPS-w\",\"https:\/\/twitter.com\/SoledadDurazo\"],\"logo\":{\"@type\":\"ImageObject\",\"@id\":\"https:\/\/soledaddurazo.com\/#logo\",\"inLanguage\":\"es\",\"url\":\"https:\/\/soledaddurazo.com\/storage\/2021\/11\/nllp-720x375-1-2.png\",\"contentUrl\":\"https:\/\/soledaddurazo.com\/storage\/2021\/11\/nllp-720x375-1-2.png\",\"width\":720,\"height\":375,\"caption\":\"Soledad Durazo\"},\"image\":{\"@id\":\"https:\/\/soledaddurazo.com\/#logo\"}},{\"@type\":\"WebSite\",\"@id\":\"https:\/\/soledaddurazo.com\/#website\",\"url\":\"https:\/\/soledaddurazo.com\/\",\"name\":\"Periodista SoledadDurazo.com\",\"description\":\"Periodista sonorense. Directora de www.SoledadDurazo.com Columnista, conductora de radio y Tv. Catedr\\u00e1tica en la UNISON\",\"publisher\":{\"@id\":\"https:\/\/soledaddurazo.com\/#organization\"},\"potentialAction\":[{\"@type\":\"SearchAction\",\"target\":{\"@type\":\"EntryPoint\",\"urlTemplate\":\"https:\/\/soledaddurazo.com\/?s={search_term_string}\"},\"query-input\":\"required name=search_term_string\"}],\"inLanguage\":\"es\"},{\"@type\":\"ImageObject\",\"@id\":\"https:\/\/soledaddurazo.com\/blog\/2025\/06\/16\/crit-sonora-renueva-su-consejo-local-benefactor-en-ceremonia-oficial\/#primaryimage\",\"inLanguage\":\"es\",\"url\":\"https:\/\/soledaddurazo.com\/storage\/2025\/06\/1.jpeg\",\"contentUrl\":\"https:\/\/soledaddurazo.com\/storage\/2025\/06\/1.jpeg\",\"width\":1600,\"height\":1066},{\"@type\":\"WebPage\",\"@id\":\"https:\/\/soledaddurazo.com\/blog\/2025\/06\/16\/crit-sonora-renueva-su-consejo-local-benefactor-en-ceremonia-oficial\/#webpage\",\"url\":\"https:\/\/soledaddurazo.com\/blog\/2025\/06\/16\/crit-sonora-renueva-su-consejo-local-benefactor-en-ceremonia-oficial\/\",\"name\":\"CRIT Sonora renueva su Consejo Local Benefactor en ceremonia oficial - Periodista SoledadDurazo.com\",\"isPartOf\":{\"@id\":\"https:\/\/soledaddurazo.com\/#website\"},\"primaryImageOfPage\":{\"@id\":\"https:\/\/soledaddurazo.com\/blog\/2025\/06\/16\/crit-sonora-renueva-su-consejo-local-benefactor-en-ceremonia-oficial\/#primaryimage\"},\"datePublished\":\"2025-06-16T19:22:43+00:00\",\"dateModified\":\"2025-06-16T19:22:43+00:00\",\"breadcrumb\":{\"@id\":\"https:\/\/soledaddurazo.com\/blog\/2025\/06\/16\/crit-sonora-renueva-su-consejo-local-benefactor-en-ceremonia-oficial\/#breadcrumb\"},\"inLanguage\":\"es\",\"potentialAction\":[{\"@type\":\"ReadAction\",\"target\":[\"https:\/\/soledaddurazo.com\/blog\/2025\/06\/16\/crit-sonora-renueva-su-consejo-local-benefactor-en-ceremonia-oficial\/\"]}]},{\"@type\":\"BreadcrumbList\",\"@id\":\"https:\/\/soledaddurazo.com\/blog\/2025\/06\/16\/crit-sonora-renueva-su-consejo-local-benefactor-en-ceremonia-oficial\/#breadcrumb\",\"itemListElement\":[{\"@type\":\"ListItem\",\"position\":1,\"name\":\"Home\",\"item\":\"https:\/\/soledaddurazo.com\/\"},{\"@type\":\"ListItem\",\"position\":2,\"name\":\"CRIT Sonora renueva su Consejo Local Benefactor en ceremonia oficial\"}]},{\"@type\":\"Article\",\"@id\":\"https:\/\/soledaddurazo.com\/blog\/2025\/06\/16\/crit-sonora-renueva-su-consejo-local-benefactor-en-ceremonia-oficial\/#article\",\"isPartOf\":{\"@id\":\"https:\/\/soledaddurazo.com\/blog\/2025\/06\/16\/crit-sonora-renueva-su-consejo-local-benefactor-en-ceremonia-oficial\/#webpage\"},\"author\":{\"@id\":\"https:\/\/soledaddurazo.com\/#\/schema\/person\/822d8e13aa288585e6546f179853758b\"},\"headline\":\"CRIT Sonora renueva su Consejo Local Benefactor en ceremonia oficial\",\"datePublished\":\"2025-06-16T19:22:43+00:00\",\"dateModified\":\"2025-06-16T19:22:43+00:00\",\"mainEntityOfPage\":{\"@id\":\"https:\/\/soledaddurazo.com\/blog\/2025\/06\/16\/crit-sonora-renueva-su-consejo-local-benefactor-en-ceremonia-oficial\/#webpage\"},\"wordCount\":305,\"commentCount\":0,\"publisher\":{\"@id\":\"https:\/\/soledaddurazo.com\/#organization\"},\"image\":{\"@id\":\"https:\/\/soledaddurazo.com\/blog\/2025\/06\/16\/crit-sonora-renueva-su-consejo-local-benefactor-en-ceremonia-oficial\/#primaryimage\"},\"thumbnailUrl\":\"https:\/\/soledaddurazo.com\/storage\/2025\/06\/1.jpeg\",\"articleSection\":[\"Mas noticias\",\"principal\"],\"inLanguage\":\"es\",\"potentialAction\":[{\"@type\":\"CommentAction\",\"name\":\"Comment\",\"target\":[\"https:\/\/soledaddurazo.com\/blog\/2025\/06\/16\/crit-sonora-renueva-su-consejo-local-benefactor-en-ceremonia-oficial\/#respond\"]}]},{\"@type\":\"Person\",\"@id\":\"https:\/\/soledaddurazo.com\/#\/schema\/person\/822d8e13aa288585e6546f179853758b\",\"name\":\"Redacci\\u00f3n\",\"image\":{\"@type\":\"ImageObject\",\"@id\":\"https:\/\/soledaddurazo.com\/#personlogo\",\"inLanguage\":\"es\",\"url\":\"https:\/\/secure.gravatar.com\/avatar\/c4e193752f756fd61f04deebed3a3a20dc188d37edb53682d313ac57f2725d54?s=96&d=mm&r=g\",\"contentUrl\":\"https:\/\/secure.gravatar.com\/avatar\/c4e193752f756fd61f04deebed3a3a20dc188d37edb53682d313ac57f2725d54?s=96&d=mm&r=g\",\"caption\":\"Redacci\\u00f3n\"},\"sameAs\":[\"https:\/\/soledaddurazo.com\"]}]}<\/script>\n ","yoast_head_json":{"title":"CRIT Sonora renueva su Consejo Local Benefactor en ceremonia oficial - Periodista SoledadDurazo.com","robots":{"index":"index","follow":"follow","max-snippet":"max-snippet:-1","max-image-preview":"max-image-preview:large","max-video-preview":"max-video-preview:-1"},"canonical":"https:\/\/soledaddurazo.com\/blog\/2025\/06\/16\/crit-sonora-renueva-su-consejo-local-benefactor-en-ceremonia-oficial\/","og_locale":"es_MX","og_type":"article","og_title":"CRIT Sonora renueva su Consejo Local Benefactor en ceremonia oficial","og_description":"El pasado 12 de junio de 2025, el Centro de Rehabilitaci\u00f3n e Inclusi\u00f3n Infantil Telet\u00f3n (CRIT) Sonora celebr\u00f3 la Ceremonia de Toma de Protesta del nuevo Consejo Local Benefactor, reafirmando as\u00ed el compromiso ciudadano con la inclusi\u00f3n y el bienestar de ni\u00f1as, ni\u00f1os y adolescentes con discapacidad. Durante el acto protocolario, el Ing. Jorge Maz\u00f3n [&hellip;]","og_url":"https:\/\/soledaddurazo.com\/blog\/2025\/06\/16\/crit-sonora-renueva-su-consejo-local-benefactor-en-ceremonia-oficial\/","og_site_name":"Periodista SoledadDurazo.com","article_publisher":"https:\/\/www.facebook.com\/soledad.durazo.9\/","article_published_time":"2025-06-16T19:22:43+00:00","og_image":[{"width":1600,"height":1066,"url":"https:\/\/soledaddurazo.com\/storage\/2025\/06\/1.jpeg","type":"image\/jpeg"}],"twitter_card":"summary_large_image","twitter_creator":"@SoledadDurazo","twitter_site":"@SoledadDurazo","twitter_misc":{"Escrito por":"Redacci\u00f3n","Tiempo de lectura":"2 minutos"},"schema":{"@context":"https:\/\/schema.org","@graph":[{"@type":"Organization","@id":"https:\/\/soledaddurazo.com\/#organization","name":"Soledad Durazo","url":"https:\/\/soledaddurazo.com\/","sameAs":["https:\/\/www.facebook.com\/soledad.durazo.9\/","https:\/\/www.instagram.com\/soledaddurazo","https:\/\/www.youtube.com\/channel\/UC9yGPw8-Vbl_B2XNkRwPS-w","https:\/\/twitter.com\/SoledadDurazo"],"logo":{"@type":"ImageObject","@id":"https:\/\/soledaddurazo.com\/#logo","inLanguage":"es","url":"https:\/\/soledaddurazo.com\/storage\/2021\/11\/nllp-720x375-1-2.png","contentUrl":"https:\/\/soledaddurazo.com\/storage\/2021\/11\/nllp-720x375-1-2.png","width":720,"height":375,"caption":"Soledad Durazo"},"image":{"@id":"https:\/\/soledaddurazo.com\/#logo"}},{"@type":"WebSite","@id":"https:\/\/soledaddurazo.com\/#website","url":"https:\/\/soledaddurazo.com\/","name":"Periodista SoledadDurazo.com","description":"Periodista sonorense. Directora de www.SoledadDurazo.com Columnista, conductora de radio y Tv. Catedr\u00e1tica en la UNISON","publisher":{"@id":"https:\/\/soledaddurazo.com\/#organization"},"potentialAction":[{"@type":"SearchAction","target":{"@type":"EntryPoint","urlTemplate":"https:\/\/soledaddurazo.com\/?s={search_term_string}"},"query-input":"required name=search_term_string"}],"inLanguage":"es"},{"@type":"ImageObject","@id":"https:\/\/soledaddurazo.com\/blog\/2025\/06\/16\/crit-sonora-renueva-su-consejo-local-benefactor-en-ceremonia-oficial\/#primaryimage","inLanguage":"es","url":"https:\/\/soledaddurazo.com\/storage\/2025\/06\/1.jpeg","contentUrl":"https:\/\/soledaddurazo.com\/storage\/2025\/06\/1.jpeg","width":1600,"height":1066},{"@type":"WebPage","@id":"https:\/\/soledaddurazo.com\/blog\/2025\/06\/16\/crit-sonora-renueva-su-consejo-local-benefactor-en-ceremonia-oficial\/#webpage","url":"https:\/\/soledaddurazo.com\/blog\/2025\/06\/16\/crit-sonora-renueva-su-consejo-local-benefactor-en-ceremonia-oficial\/","name":"CRIT Sonora renueva su Consejo Local Benefactor en ceremonia oficial - Periodista SoledadDurazo.com","isPartOf":{"@id":"https:\/\/soledaddurazo.com\/#website"},"primaryImageOfPage":{"@id":"https:\/\/soledaddurazo.com\/blog\/2025\/06\/16\/crit-sonora-renueva-su-consejo-local-benefactor-en-ceremonia-oficial\/#primaryimage"},"datePublished":"2025-06-16T19:22:43+00:00","dateModified":"2025-06-16T19:22:43+00:00","breadcrumb":{"@id":"https:\/\/soledaddurazo.com\/blog\/2025\/06\/16\/crit-sonora-renueva-su-consejo-local-benefactor-en-ceremonia-oficial\/#breadcrumb"},"inLanguage":"es","potentialAction":[{"@type":"ReadAction","target":["https:\/\/soledaddurazo.com\/blog\/2025\/06\/16\/crit-sonora-renueva-su-consejo-local-benefactor-en-ceremonia-oficial\/"]}]},{"@type":"BreadcrumbList","@id":"https:\/\/soledaddurazo.com\/blog\/2025\/06\/16\/crit-sonora-renueva-su-consejo-local-benefactor-en-ceremonia-oficial\/#breadcrumb","itemListElement":[{"@type":"ListItem","position":1,"name":"Home","item":"https:\/\/soledaddurazo.com\/"},{"@type":"ListItem","position":2,"name":"CRIT Sonora renueva su Consejo Local Benefactor en ceremonia oficial"}]},{"@type":"Article","@id":"https:\/\/soledaddurazo.com\/blog\/2025\/06\/16\/crit-sonora-renueva-su-consejo-local-benefactor-en-ceremonia-oficial\/#article","isPartOf":{"@id":"https:\/\/soledaddurazo.com\/blog\/2025\/06\/16\/crit-sonora-renueva-su-consejo-local-benefactor-en-ceremonia-oficial\/#webpage"},"author":{"@id":"https:\/\/soledaddurazo.com\/#\/schema\/person\/822d8e13aa288585e6546f179853758b"},"headline":"CRIT Sonora renueva su Consejo Local Benefactor en ceremonia oficial","datePublished":"2025-06-16T19:22:43+00:00","dateModified":"2025-06-16T19:22:43+00:00","mainEntityOfPage":{"@id":"https:\/\/soledaddurazo.com\/blog\/2025\/06\/16\/crit-sonora-renueva-su-consejo-local-benefactor-en-ceremonia-oficial\/#webpage"},"wordCount":305,"commentCount":0,"publisher":{"@id":"https:\/\/soledaddurazo.com\/#organization"},"image":{"@id":"https:\/\/soledaddurazo.com\/blog\/2025\/06\/16\/crit-sonora-renueva-su-consejo-local-benefactor-en-ceremonia-oficial\/#primaryimage"},"thumbnailUrl":"https:\/\/soledaddurazo.com\/storage\/2025\/06\/1.jpeg","articleSection":["Mas noticias","principal"],"inLanguage":"es","potentialAction":[{"@type":"CommentAction","name":"Comment","target":["https:\/\/soledaddurazo.com\/blog\/2025\/06\/16\/crit-sonora-renueva-su-consejo-local-benefactor-en-ceremonia-oficial\/#respond"]}]},{"@type":"Person","@id":"https:\/\/soledaddurazo.com\/#\/schema\/person\/822d8e13aa288585e6546f179853758b","name":"Redacci\u00f3n","image":{"@type":"ImageObject","@id":"https:\/\/soledaddurazo.com\/#personlogo","inLanguage":"es","url":"https:\/\/secure.gravatar.com\/avatar\/c4e193752f756fd61f04deebed3a3a20dc188d37edb53682d313ac57f2725d54?s=96&d=mm&r=g","contentUrl":"https:\/\/secure.gravatar.com\/avatar\/c4e193752f756fd61f04deebed3a3a20dc188d37edb53682d313ac57f2725d54?s=96&d=mm&r=g","caption":"Redacci\u00f3n"},"sameAs":["https:\/\/soledaddurazo.com"]}]}},"_links":{"self":[{"href":"https:\/\/soledaddurazo.com\/api\/wp\/v2\/posts\/22862","targetHints":{"allow":["GET"]}}],"collection":[{"href":"https:\/\/soledaddurazo.com\/api\/wp\/v2\/posts"}],"about":[{"href":"https:\/\/soledaddurazo.com\/api\/wp\/v2\/types\/post"}],"author":[{"embeddable":true,"href":"https:\/\/soledaddurazo.com\/api\/wp\/v2\/users\/1"}],"replies":[{"embeddable":true,"href":"https:\/\/soledaddurazo.com\/api\/wp\/v2\/comments?post=22862"}],"version-history":[{"count":1,"href":"https:\/\/soledaddurazo.com\/api\/wp\/v2\/posts\/22862\/revisions"}],"predecessor-version":[{"id":22866,"href":"https:\/\/soledaddurazo.com\/api\/wp\/v2\/posts\/22862\/revisions\/22866"}],"wp:featuredmedia":[{"embeddable":true,"href":"https:\/\/soledaddurazo.com\/api\/wp\/v2\/media\/22863"}],"wp:attachment":[{"href":"https:\/\/soledaddurazo.com\/api\/wp\/v2\/media?parent=22862"}],"wp:term":[{"taxonomy":"category","embeddable":true,"href":"https:\/\/soledaddurazo.com\/api\/wp\/v2\/categories?post=22862"},{"taxonomy":"post_tag","embeddable":true,"href":"https:\/\/soledaddurazo.com\/api\/wp\/v2\/tags?post=22862"}],"curies":[{"name":"wp","href":"https:\/\/api.w.org\/{rel}","templated":true}]}}