{"id":22829,"date":"2025-06-09T17:33:40","date_gmt":"2025-06-10T00:33:40","guid":{"rendered":"https:\/\/soledaddurazo.com\/?p=22829"},"modified":"2025-06-09T17:33:40","modified_gmt":"2025-06-10T00:33:40","slug":"triste-cierre-de-mayo-inedito-quinto-mes","status":"publish","type":"post","link":"https:\/\/soledaddurazo.com\/blog\/2025\/06\/09\/triste-cierre-de-mayo-inedito-quinto-mes\/","title":{"rendered":"Triste Cierre de Mayo, In\u00e9dito Quinto Mes"},"content":{"rendered":"<p><strong>A L F A\u00a0\u00a0 O M E G A <\/strong><\/p>\n<p>&nbsp;<\/p>\n<p><strong><em>Estudiantes Mexicanos Fuera de Harvard<\/em><\/strong><\/p>\n<p><strong><em>Bloquean el 3.5 % de Arancel a Remesas <\/em><\/strong><\/p>\n<p><strong><em>\u00bfQui\u00e9n Paga Transporte y Comida a Centeistas?<\/em><\/strong><\/p>\n<p><strong><em>Ana Mar\u00eda Alvarado-Maxine Woodside<\/em><\/strong><\/p>\n<p>&nbsp;<\/p>\n<p><strong><em>El D\u00eda de la Marina fue instituido el 1 de junio por el Presidente Manuel \u00c1vila Camacho, para recordar que, en esa fecha del a\u00f1o 1917, zarp\u00f3, del Puerto de Veracruz, el primer buque mercante, \u201cTabasco\u201d, con tripulaci\u00f3n totalmente mexicana, a las \u00f3rdenes del Capit\u00e1n de Altura Rafael Izaguirre Casta\u00f1ares. El titular de Marina era el General de Divisi\u00f3n Heriberto Jara Corona. Este a\u00f1o la ceremonia conmemorativa ser\u00e1 en el Puerto de Acapulco.<\/em><\/strong><\/p>\n<p>El dicho popular apunta que \u201cNo hay Quinto Malo\u201d, en este 2025, no lo vimos como tal.<\/p>\n<p>Mayo, el quinto mes del a\u00f1o gregoriano en vigencia, es en honor de la diosa griega Artemisa y de la diosa romana Maia, ambas diosas de la fertilidad. La primera tambi\u00e9n de la caza y de la naturaleza; del renacimiento, la segunda.<\/p>\n<p>Por esta vez lo de que \u201c<strong>no hay quinto malo\u201d<\/strong>. Fall\u00f3 por sucesos nacionales e internacionales, poco o nada favorables para los mexicanos.<\/p>\n<p>Sin embargo, lo importante es no caer en el pesimismo.<\/p>\n<p>\u00a1Arriba corazones!<\/p>\n<p>Al mal tiempo, \u00a1buena cara!, porque no hay mal que dure cien a\u00f1os.<\/p>\n<p><strong>HARVARD SIN EXTRANJEROS<\/strong><\/p>\n<p>En los \u00faltimos d\u00edas el empresario-presidente del pa\u00eds m\u00e1s importante en el planeta, aunque los chinos y los rusos no lo ven as\u00ed, se sacudi\u00f3 la melena y asest\u00f3 \u201cgolpe potencialmente devastador\u201d contra la Universidad Harvard al decretar la cancelaci\u00f3n de visas a estudiantes extranjeros y de intercambio. Afectando a los mexicanos, que deber\u00e1n de buscar otra Universidad para no perder su visa.<\/p>\n<p>La determinaci\u00f3n presidencial contra la internacionalmente reconocida Universidad Harvard, se dio \u201cporque es la punta de lanza del antitrumpismo\u201d y acepta a estudiantes de \u201cpa\u00edses (que) no nos est\u00e1n ayudando y nosotros s\u00ed\u201d, y \u201ces una instituci\u00f3n que \u201ctolera comportamientos antisemitas\u201d.<\/p>\n<p>Alrededor de 6,800 estudiantes integran la poblaci\u00f3n extranjera; de ese total, el 27 % corresponde a mexicanos. No se revel\u00f3 la cifra exacta.<\/p>\n<p>La Universidad Harvard fue fundada el 28 de octubre de 1636 y se le impuso el apellido del cl\u00e9rigo puritano ingl\u00e9s John Harvard, su principal benefactor. John en septiembre de 1637, a los treinta a\u00f1os de edad.<\/p>\n<p>Nuestros j\u00f3venes acuden a esa Universidad, porque tiene una reputaci\u00f3n mundial en lo acad\u00e9mico, es una red de contactos de profesores y compa\u00f1eros estudiantes, hay oportunidad de obtener becas o ayuda financiera.<\/p>\n<p>Adem\u00e1s, los estudiantes extranjeros, mujeres y hombres, tienen una variedad de programas de estudio en ciencias naturales, sociales, humanidades y artes. Hay profesores de renombre internacional, se cuenta con recursos de vanguardia y la comunidad estudiantil es diversa.<\/p>\n<p>Las embajadas y los consulados norteamericanos, en todo el mundo, cierran las puertas a los solicitantes de visa para estudiar o participar en programas de intercambio, en Universidades de Estados Unidos. La orden fue dada por el Departamento de Estado.<\/p>\n<p><strong>IMPUESTOS A LAS REMESAS<\/strong><\/p>\n<p>En otra de sus \u201cocurrencias ma\u00f1aneras\u201d el empresario presidente norteamericano determin\u00f3 imponer el 3.5 por ciento de arancel a las remesas que hacen los indocumentados a sus familias en territorio mexicano.<\/p>\n<p>Eso representar\u00eda anualmente m\u00e1s de dos mil millones de d\u00f3lares para las arcas yanquis. Se considera dicha suma, despu\u00e9s de conocer que en el 2024 los env\u00edos sumaron 64 mil 745 millones de d\u00f3lares, cantidad importante para la econom\u00eda nacional.<\/p>\n<p>Seg\u00fan Donald Trump ese impuesto \u201ces necesario para financiar la seguridad fronteriza y mejorar la infraestructura de seguridad\u201d. Traducido al espa\u00f1ol, los mexicanos que trabajan en Estados Unidos de Am\u00e9rica estar\u00edan pagando la construcci\u00f3n del muro.<\/p>\n<p>Por su parte los Representantes Dem\u00f3cratas han manifestado su rechazo a tal iniciativa presidencial, aprobada en la C\u00e1mara por la mayor\u00eda de los Republicanos.<\/p>\n<p>Consideran los opositores a Trump que no es justo cobrar un impuesto sobre otros impuestos pagados por los trabajadores, al recibir el salario correspondiente.<\/p>\n<p>El asunto est\u00e1 en la C\u00e1mara de Senadores, donde se abordar\u00e1 a un grupo de 7.5 millones de trabajadores mexicanos; 2.4 con ciudadan\u00eda norteamericana y 5.1 sin ella.<\/p>\n<p>El Tribunal de Comercio Internacional, con sede en Manhattan, ya bloque\u00f3 la orden presidencial y se \u201ccae\u201d el D\u00eda de la Liberaci\u00f3n, con base en una demanda que en representaci\u00f3n de cinco empresas peque\u00f1a ha publicitado la organizaci\u00f3n Liberty Justice Center.<\/p>\n<p><strong>JLP CRE\u00d3 LA CNTE Y SALINAS LA UTILIZ\u00d3<\/strong><\/p>\n<p>De plano, con tristeza, comento que la Primera Presidenta de M\u00e9xico no puede o no quiere solucionar las demandas, justas e injustas, de los profesores de la Coordinaci\u00f3n Nacional de Trabajadores de la Educaci\u00f3n, un total del 10 por ciento de nuestro magisterio.<\/p>\n<p>Sus tres representantes, los titulares de Gobernaci\u00f3n, Educaci\u00f3n P\u00fablica e ISSSTE, no tienen la capacidad negociadora y carecen del carisma conciliador que es primordial en estos casos.<\/p>\n<p>Debe buscar a quienes le apoyen para terminar con el conflicto creado por un grupo de profesores, concentrados en la Ciudad de M\u00e9xico, mediante no simples concesiones sino acuerdos de posible ejecuci\u00f3n.<\/p>\n<p>Las preguntas que saltan:<\/p>\n<p>\u00bfQui\u00e9n o qui\u00e9nes pagan la transportaci\u00f3n de los manifestantes? \u00bfC\u00f3mo se cubren los gastos de desayunos, comidas y cenas? \u00bfCu\u00e1nto costaron las carpas o son alquiladas?<\/p>\n<p>La demanda principal, de la CNTE, es la derogaci\u00f3n de la Ley del ISSSTE de 2007, relacionada con los a\u00f1os para que maestras y maestros puedan jubilarse a los 55 y a los 58 a\u00f1os de edad.<\/p>\n<p>Una de las \u00faltimas declaraciones de Claudia Sheinbaum Pardo desconcierta, pues asegura que los manifestantes acampados quieren boicotear las elecciones del pr\u00f3ximo domingo. Con una acci\u00f3n de esa naturaleza o sin ella, la muerte de la Divisi\u00f3n de Poderes y la autonom\u00eda del Poder Judicial Federal, es segura.<\/p>\n<p>No hay arreglo. No termina el movimiento magisterial. No ceden los dirigentes cenecistas. El da\u00f1o a la econom\u00eda nacional, empresarial e individual, es catastr\u00f3fico.<\/p>\n<p>La CNTE es un organismo creado por el presidente Jos\u00e9 L\u00f3pez Portillo y utilizado por carlos salinas de gortari para encumbrar a la profesora Elba Esther Gordillo Morales y mandar a Carlos Jonguitud Barrios a gobernar San Luis Potos\u00ed.<\/p>\n<p>En el sexenio anterior gozaron de todos los privilegios que demandaron, por eso la actitud intransigente de su parte frente a la tozudez oficial. La derogaci\u00f3n que solicitan, al cien por ciento, ratifica que hay fondo pol\u00edtico y no es de extra\u00f1arse que haya funcionarios morenistas que apoya el plant\u00f3n.<\/p>\n<p><strong>ANA MAR\u00cdA ALVARADO<\/strong><\/p>\n<p>Cuando apenas empezaba su incursi\u00f3n en un programa radiof\u00f3nico, conoc\u00ed a una jovencita de nombre <strong>Ana Mar\u00eda Alvarado<\/strong> y recuerdo se integr\u00f3 al equipo de quien es \u201cLa Reina de la Radio\u201d, la carism\u00e1tica y guapa <strong>Maxine Woodside.<\/strong><\/p>\n<p>En esos a\u00f1os, m\u00e1s de treinta, en Radio F\u00f3rmula, compart\u00edamos cr\u00e9ditos con <strong>Flor Berenguer<\/strong>, <strong>Maricarmen Salazar<\/strong> y este comentarista period\u00edstico. Ten\u00edamos el programa de servicio social S.O.S, de 10:00 a.m. a 12:00 p.m., de lunes a viernes.<\/p>\n<p>Por esa \u00e9poca tambi\u00e9n se inici\u00f3 <strong>Laura P\u00e9rez Cisneros<\/strong>, en la rama de producci\u00f3n y pronto se convirti\u00f3 en el brazo derecho de <strong>Joaqu\u00edn L\u00f3pez D\u00f3riga<\/strong>, donde contin\u00faa en el programa noticiosa de Radio F\u00f3rmula con difusi\u00f3n nacional e internacional. Tambi\u00e9n colaboraba, en otra \u00e1rea, la diligente productora <strong>Adriana Castillo Rom\u00e1n<\/strong>.<\/p>\n<p>Bueno, despu\u00e9s de datos hist\u00f3ricos y agradables recuerdos, comento que hace poco m\u00e1s de dos a\u00f1os Ana Mar\u00eda Alvarado recibi\u00f3 la sorprendente noticia de que ya no aparecer\u00eda en pantalla en el programa \u201cTodo para La Mujer\u201d.<\/p>\n<p>Se produjo el problema laboral judicial, pues Anita estuvo nada m\u00e1s \u00a132 a\u00f1os al lado de Maxine! Su trabajo, lo comento como espectador, trascendente, acertado y siempre tambi\u00e9n carism\u00e1tica como su jefa.<\/p>\n<p>Anita no recibi\u00f3 una indemnizaci\u00f3n justa y acudi\u00f3 a un abogado para presentar la demanda correspondiente, pero Maxine se excus\u00f3 porque no era parte patronal.<\/p>\n<p>Tras dos a\u00f1os exactos del juicio, un Tribunal, del Centro Federal de Conciliaci\u00f3n y Registro Laboral, orden\u00f3 que procede el pago de la indemnizaci\u00f3n a Ana Mar\u00eda, porque si existi\u00f3 una relaci\u00f3n laboral entre las dos personas.<\/p>\n<p>Maxine tom\u00f3 la orden judicial, con sentido del humor. Ha dicho: \u201cEsto no se ha terminado. Yo soy el Am\u00e9rica, la otra parte es el Santos Laguna. Estamos en el medio tiempo\u201d.<\/p>\n<p>Anita, en estas semanas el Am\u00e9rica est\u00e1 de capa ca\u00edda. Le gan\u00f3 Toluca, hermano del Santos.<\/p>\n<p><strong>LOS MUERTOS\u2026 \u00a1S\u00cd VOTAN!<\/strong><\/p>\n<p>Despido el \u00faltimo d\u00eda de mayo, trascribiendo lo que apareci\u00f3 en redes sociales, un anciano sostiene el di\u00e1logo en una casilla electoral:<\/p>\n<p>\u201cUn viejito llega al centro de votaci\u00f3n y pregunta:<\/p>\n<p>&#8211; \u00bfPuede averiguar si mi esposa ya vot\u00f3?<\/p>\n<p>&#8211; \u00bfCu\u00e1l es el nombre de su esposa?<\/p>\n<p>&#8211; Mar\u00eda Altagracia de la Rosa P\u00e9rez Burgos<\/p>\n<p>&#8211; S\u00ed, ya vot\u00f3. \u00bfPero, ustedes, no viven juntos?<\/p>\n<p>&#8211; No, ella muri\u00f3 hace 15 a\u00f1os, pero en cada elecci\u00f3n viene a votar, y yo quisiera verla\u201d.<\/p>\n<p><strong>jherrerav@live.com.mx<\/strong><\/p>\n<p>&nbsp;<\/p>\n<p>&nbsp;<\/p>\n<p>&nbsp;<\/p>\n<p>&nbsp;<\/p>\n","protected":false},"excerpt":{"rendered":"<p>A L F A\u00a0\u00a0 O M E G A &nbsp; Estudiantes Mexicanos Fuera de Harvard Bloquean el 3.5 % de Arancel a Remesas \u00bfQui\u00e9n Paga Transporte y Comida a Centeistas? Ana Mar\u00eda Alvarado-Maxine Woodside &nbsp; El D\u00eda de la Marina fue instituido el 1 de junio por el Presidente Manuel \u00c1vila Camacho, para recordar que, [&hellip;]<\/p>\n","protected":false},"author":1,"featured_media":22188,"comment_status":"open","ping_status":"open","sticky":false,"template":"","format":"standard","meta":{"footnotes":""},"categories":[172],"tags":[],"class_list":["post"],"yoast_head":" \n<title>Triste Cierre de Mayo, In\u00e9dito Quinto Mes - Periodista SoledadDurazo.com<\/title>\n<meta name=\"robots\" content=\"index, follow, max-snippet:-1, max-image-preview:large, max-video-preview:-1\" \/>\n<link rel=\"canonical\" href=\"https:\/\/soledaddurazo.com\/blog\/2025\/06\/09\/triste-cierre-de-mayo-inedito-quinto-mes\/\" \/>\n<meta property=\"og:locale\" content=\"es_MX\" \/>\n<meta property=\"og:type\" content=\"article\" \/>\n<meta property=\"og:title\" content=\"Triste Cierre de Mayo, In\u00e9dito Quinto Mes\" \/>\n<meta property=\"og:description\" content=\"A L F A\u00a0\u00a0 O M E G A &nbsp; Estudiantes Mexicanos Fuera de Harvard Bloquean el 3.5 % de Arancel a Remesas \u00bfQui\u00e9n Paga Transporte y Comida a Centeistas? Ana Mar\u00eda Alvarado-Maxine Woodside &nbsp; El D\u00eda de la Marina fue instituido el 1 de junio por el Presidente Manuel \u00c1vila Camacho, para recordar que, [&hellip;]\" \/>\n<meta property=\"og:url\" content=\"https:\/\/soledaddurazo.com\/blog\/2025\/06\/09\/triste-cierre-de-mayo-inedito-quinto-mes\/\" \/>\n<meta property=\"og:site_name\" content=\"Periodista SoledadDurazo.com\" \/>\n<meta property=\"article:publisher\" content=\"https:\/\/www.facebook.com\/soledad.durazo.9\/\" \/>\n<meta property=\"article:published_time\" content=\"2025-06-10T00:33:40+00:00\" \/>\n<meta property=\"og:image\" content=\"https:\/\/soledaddurazo.com\/storage\/2025\/03\/jorge-herrera.png\" \/>\n\t<meta property=\"og:image:width\" content=\"758\" \/>\n\t<meta property=\"og:image:height\" content=\"974\" \/>\n<meta name=\"twitter:card\" content=\"summary_large_image\" \/>\n<meta name=\"twitter:creator\" content=\"@SoledadDurazo\" \/>\n<meta name=\"twitter:site\" content=\"@SoledadDurazo\" \/>\n<meta name=\"twitter:label1\" content=\"Escrito por\" \/>\n\t<meta name=\"twitter:data1\" content=\"Redacci\u00f3n\" \/>\n\t<meta name=\"twitter:label2\" content=\"Tiempo de lectura\" \/>\n\t<meta name=\"twitter:data2\" content=\"8 minutos\" \/>\n<script type=\"application\/ld+json\" class=\"yoast-schema-graph\">{\"@context\":\"https:\/\/schema.org\",\"@graph\":[{\"@type\":\"Organization\",\"@id\":\"https:\/\/soledaddurazo.com\/#organization\",\"name\":\"Soledad Durazo\",\"url\":\"https:\/\/soledaddurazo.com\/\",\"sameAs\":[\"https:\/\/www.facebook.com\/soledad.durazo.9\/\",\"https:\/\/www.instagram.com\/soledaddurazo\",\"https:\/\/www.youtube.com\/channel\/UC9yGPw8-Vbl_B2XNkRwPS-w\",\"https:\/\/twitter.com\/SoledadDurazo\"],\"logo\":{\"@type\":\"ImageObject\",\"@id\":\"https:\/\/soledaddurazo.com\/#logo\",\"inLanguage\":\"es\",\"url\":\"https:\/\/soledaddurazo.com\/storage\/2021\/11\/nllp-720x375-1-2.png\",\"contentUrl\":\"https:\/\/soledaddurazo.com\/storage\/2021\/11\/nllp-720x375-1-2.png\",\"width\":720,\"height\":375,\"caption\":\"Soledad Durazo\"},\"image\":{\"@id\":\"https:\/\/soledaddurazo.com\/#logo\"}},{\"@type\":\"WebSite\",\"@id\":\"https:\/\/soledaddurazo.com\/#website\",\"url\":\"https:\/\/soledaddurazo.com\/\",\"name\":\"Periodista SoledadDurazo.com\",\"description\":\"Periodista sonorense. Directora de www.SoledadDurazo.com Columnista, conductora de radio y Tv. Catedr\\u00e1tica en la UNISON\",\"publisher\":{\"@id\":\"https:\/\/soledaddurazo.com\/#organization\"},\"potentialAction\":[{\"@type\":\"SearchAction\",\"target\":{\"@type\":\"EntryPoint\",\"urlTemplate\":\"https:\/\/soledaddurazo.com\/?s={search_term_string}\"},\"query-input\":\"required name=search_term_string\"}],\"inLanguage\":\"es\"},{\"@type\":\"ImageObject\",\"@id\":\"https:\/\/soledaddurazo.com\/blog\/2025\/06\/09\/triste-cierre-de-mayo-inedito-quinto-mes\/#primaryimage\",\"inLanguage\":\"es\",\"url\":\"https:\/\/soledaddurazo.com\/storage\/2025\/03\/jorge-herrera.png\",\"contentUrl\":\"https:\/\/soledaddurazo.com\/storage\/2025\/03\/jorge-herrera.png\",\"width\":758,\"height\":974},{\"@type\":\"WebPage\",\"@id\":\"https:\/\/soledaddurazo.com\/blog\/2025\/06\/09\/triste-cierre-de-mayo-inedito-quinto-mes\/#webpage\",\"url\":\"https:\/\/soledaddurazo.com\/blog\/2025\/06\/09\/triste-cierre-de-mayo-inedito-quinto-mes\/\",\"name\":\"Triste Cierre de Mayo, In\\u00e9dito Quinto Mes - Periodista SoledadDurazo.com\",\"isPartOf\":{\"@id\":\"https:\/\/soledaddurazo.com\/#website\"},\"primaryImageOfPage\":{\"@id\":\"https:\/\/soledaddurazo.com\/blog\/2025\/06\/09\/triste-cierre-de-mayo-inedito-quinto-mes\/#primaryimage\"},\"datePublished\":\"2025-06-10T00:33:40+00:00\",\"dateModified\":\"2025-06-10T00:33:40+00:00\",\"breadcrumb\":{\"@id\":\"https:\/\/soledaddurazo.com\/blog\/2025\/06\/09\/triste-cierre-de-mayo-inedito-quinto-mes\/#breadcrumb\"},\"inLanguage\":\"es\",\"potentialAction\":[{\"@type\":\"ReadAction\",\"target\":[\"https:\/\/soledaddurazo.com\/blog\/2025\/06\/09\/triste-cierre-de-mayo-inedito-quinto-mes\/\"]}]},{\"@type\":\"BreadcrumbList\",\"@id\":\"https:\/\/soledaddurazo.com\/blog\/2025\/06\/09\/triste-cierre-de-mayo-inedito-quinto-mes\/#breadcrumb\",\"itemListElement\":[{\"@type\":\"ListItem\",\"position\":1,\"name\":\"Home\",\"item\":\"https:\/\/soledaddurazo.com\/\"},{\"@type\":\"ListItem\",\"position\":2,\"name\":\"Triste Cierre de Mayo, In\\u00e9dito Quinto Mes\"}]},{\"@type\":\"Article\",\"@id\":\"https:\/\/soledaddurazo.com\/blog\/2025\/06\/09\/triste-cierre-de-mayo-inedito-quinto-mes\/#article\",\"isPartOf\":{\"@id\":\"https:\/\/soledaddurazo.com\/blog\/2025\/06\/09\/triste-cierre-de-mayo-inedito-quinto-mes\/#webpage\"},\"author\":{\"@id\":\"https:\/\/soledaddurazo.com\/#\/schema\/person\/822d8e13aa288585e6546f179853758b\"},\"headline\":\"Triste Cierre de Mayo, In\\u00e9dito Quinto Mes\",\"datePublished\":\"2025-06-10T00:33:40+00:00\",\"dateModified\":\"2025-06-10T00:33:40+00:00\",\"mainEntityOfPage\":{\"@id\":\"https:\/\/soledaddurazo.com\/blog\/2025\/06\/09\/triste-cierre-de-mayo-inedito-quinto-mes\/#webpage\"},\"wordCount\":1577,\"commentCount\":0,\"publisher\":{\"@id\":\"https:\/\/soledaddurazo.com\/#organization\"},\"image\":{\"@id\":\"https:\/\/soledaddurazo.com\/blog\/2025\/06\/09\/triste-cierre-de-mayo-inedito-quinto-mes\/#primaryimage\"},\"thumbnailUrl\":\"https:\/\/soledaddurazo.com\/storage\/2025\/03\/jorge-herrera.png\",\"articleSection\":[\"Jorge Herrera\"],\"inLanguage\":\"es\",\"potentialAction\":[{\"@type\":\"CommentAction\",\"name\":\"Comment\",\"target\":[\"https:\/\/soledaddurazo.com\/blog\/2025\/06\/09\/triste-cierre-de-mayo-inedito-quinto-mes\/#respond\"]}]},{\"@type\":\"Person\",\"@id\":\"https:\/\/soledaddurazo.com\/#\/schema\/person\/822d8e13aa288585e6546f179853758b\",\"name\":\"Redacci\\u00f3n\",\"image\":{\"@type\":\"ImageObject\",\"@id\":\"https:\/\/soledaddurazo.com\/#personlogo\",\"inLanguage\":\"es\",\"url\":\"https:\/\/secure.gravatar.com\/avatar\/c4e193752f756fd61f04deebed3a3a20dc188d37edb53682d313ac57f2725d54?s=96&d=mm&r=g\",\"contentUrl\":\"https:\/\/secure.gravatar.com\/avatar\/c4e193752f756fd61f04deebed3a3a20dc188d37edb53682d313ac57f2725d54?s=96&d=mm&r=g\",\"caption\":\"Redacci\\u00f3n\"},\"sameAs\":[\"https:\/\/soledaddurazo.com\"]}]}<\/script>\n ","yoast_head_json":{"title":"Triste Cierre de Mayo, In\u00e9dito Quinto Mes - Periodista SoledadDurazo.com","robots":{"index":"index","follow":"follow","max-snippet":"max-snippet:-1","max-image-preview":"max-image-preview:large","max-video-preview":"max-video-preview:-1"},"canonical":"https:\/\/soledaddurazo.com\/blog\/2025\/06\/09\/triste-cierre-de-mayo-inedito-quinto-mes\/","og_locale":"es_MX","og_type":"article","og_title":"Triste Cierre de Mayo, In\u00e9dito Quinto Mes","og_description":"A L F A\u00a0\u00a0 O M E G A &nbsp; Estudiantes Mexicanos Fuera de Harvard Bloquean el 3.5 % de Arancel a Remesas \u00bfQui\u00e9n Paga Transporte y Comida a Centeistas? Ana Mar\u00eda Alvarado-Maxine Woodside &nbsp; El D\u00eda de la Marina fue instituido el 1 de junio por el Presidente Manuel \u00c1vila Camacho, para recordar que, [&hellip;]","og_url":"https:\/\/soledaddurazo.com\/blog\/2025\/06\/09\/triste-cierre-de-mayo-inedito-quinto-mes\/","og_site_name":"Periodista SoledadDurazo.com","article_publisher":"https:\/\/www.facebook.com\/soledad.durazo.9\/","article_published_time":"2025-06-10T00:33:40+00:00","og_image":[{"width":758,"height":974,"url":"https:\/\/soledaddurazo.com\/storage\/2025\/03\/jorge-herrera.png","type":"image\/png"}],"twitter_card":"summary_large_image","twitter_creator":"@SoledadDurazo","twitter_site":"@SoledadDurazo","twitter_misc":{"Escrito por":"Redacci\u00f3n","Tiempo de lectura":"8 minutos"},"schema":{"@context":"https:\/\/schema.org","@graph":[{"@type":"Organization","@id":"https:\/\/soledaddurazo.com\/#organization","name":"Soledad Durazo","url":"https:\/\/soledaddurazo.com\/","sameAs":["https:\/\/www.facebook.com\/soledad.durazo.9\/","https:\/\/www.instagram.com\/soledaddurazo","https:\/\/www.youtube.com\/channel\/UC9yGPw8-Vbl_B2XNkRwPS-w","https:\/\/twitter.com\/SoledadDurazo"],"logo":{"@type":"ImageObject","@id":"https:\/\/soledaddurazo.com\/#logo","inLanguage":"es","url":"https:\/\/soledaddurazo.com\/storage\/2021\/11\/nllp-720x375-1-2.png","contentUrl":"https:\/\/soledaddurazo.com\/storage\/2021\/11\/nllp-720x375-1-2.png","width":720,"height":375,"caption":"Soledad Durazo"},"image":{"@id":"https:\/\/soledaddurazo.com\/#logo"}},{"@type":"WebSite","@id":"https:\/\/soledaddurazo.com\/#website","url":"https:\/\/soledaddurazo.com\/","name":"Periodista SoledadDurazo.com","description":"Periodista sonorense. Directora de www.SoledadDurazo.com Columnista, conductora de radio y Tv. Catedr\u00e1tica en la UNISON","publisher":{"@id":"https:\/\/soledaddurazo.com\/#organization"},"potentialAction":[{"@type":"SearchAction","target":{"@type":"EntryPoint","urlTemplate":"https:\/\/soledaddurazo.com\/?s={search_term_string}"},"query-input":"required name=search_term_string"}],"inLanguage":"es"},{"@type":"ImageObject","@id":"https:\/\/soledaddurazo.com\/blog\/2025\/06\/09\/triste-cierre-de-mayo-inedito-quinto-mes\/#primaryimage","inLanguage":"es","url":"https:\/\/soledaddurazo.com\/storage\/2025\/03\/jorge-herrera.png","contentUrl":"https:\/\/soledaddurazo.com\/storage\/2025\/03\/jorge-herrera.png","width":758,"height":974},{"@type":"WebPage","@id":"https:\/\/soledaddurazo.com\/blog\/2025\/06\/09\/triste-cierre-de-mayo-inedito-quinto-mes\/#webpage","url":"https:\/\/soledaddurazo.com\/blog\/2025\/06\/09\/triste-cierre-de-mayo-inedito-quinto-mes\/","name":"Triste Cierre de Mayo, In\u00e9dito Quinto Mes - Periodista SoledadDurazo.com","isPartOf":{"@id":"https:\/\/soledaddurazo.com\/#website"},"primaryImageOfPage":{"@id":"https:\/\/soledaddurazo.com\/blog\/2025\/06\/09\/triste-cierre-de-mayo-inedito-quinto-mes\/#primaryimage"},"datePublished":"2025-06-10T00:33:40+00:00","dateModified":"2025-06-10T00:33:40+00:00","breadcrumb":{"@id":"https:\/\/soledaddurazo.com\/blog\/2025\/06\/09\/triste-cierre-de-mayo-inedito-quinto-mes\/#breadcrumb"},"inLanguage":"es","potentialAction":[{"@type":"ReadAction","target":["https:\/\/soledaddurazo.com\/blog\/2025\/06\/09\/triste-cierre-de-mayo-inedito-quinto-mes\/"]}]},{"@type":"BreadcrumbList","@id":"https:\/\/soledaddurazo.com\/blog\/2025\/06\/09\/triste-cierre-de-mayo-inedito-quinto-mes\/#breadcrumb","itemListElement":[{"@type":"ListItem","position":1,"name":"Home","item":"https:\/\/soledaddurazo.com\/"},{"@type":"ListItem","position":2,"name":"Triste Cierre de Mayo, In\u00e9dito Quinto Mes"}]},{"@type":"Article","@id":"https:\/\/soledaddurazo.com\/blog\/2025\/06\/09\/triste-cierre-de-mayo-inedito-quinto-mes\/#article","isPartOf":{"@id":"https:\/\/soledaddurazo.com\/blog\/2025\/06\/09\/triste-cierre-de-mayo-inedito-quinto-mes\/#webpage"},"author":{"@id":"https:\/\/soledaddurazo.com\/#\/schema\/person\/822d8e13aa288585e6546f179853758b"},"headline":"Triste Cierre de Mayo, In\u00e9dito Quinto Mes","datePublished":"2025-06-10T00:33:40+00:00","dateModified":"2025-06-10T00:33:40+00:00","mainEntityOfPage":{"@id":"https:\/\/soledaddurazo.com\/blog\/2025\/06\/09\/triste-cierre-de-mayo-inedito-quinto-mes\/#webpage"},"wordCount":1577,"commentCount":0,"publisher":{"@id":"https:\/\/soledaddurazo.com\/#organization"},"image":{"@id":"https:\/\/soledaddurazo.com\/blog\/2025\/06\/09\/triste-cierre-de-mayo-inedito-quinto-mes\/#primaryimage"},"thumbnailUrl":"https:\/\/soledaddurazo.com\/storage\/2025\/03\/jorge-herrera.png","articleSection":["Jorge Herrera"],"inLanguage":"es","potentialAction":[{"@type":"CommentAction","name":"Comment","target":["https:\/\/soledaddurazo.com\/blog\/2025\/06\/09\/triste-cierre-de-mayo-inedito-quinto-mes\/#respond"]}]},{"@type":"Person","@id":"https:\/\/soledaddurazo.com\/#\/schema\/person\/822d8e13aa288585e6546f179853758b","name":"Redacci\u00f3n","image":{"@type":"ImageObject","@id":"https:\/\/soledaddurazo.com\/#personlogo","inLanguage":"es","url":"https:\/\/secure.gravatar.com\/avatar\/c4e193752f756fd61f04deebed3a3a20dc188d37edb53682d313ac57f2725d54?s=96&d=mm&r=g","contentUrl":"https:\/\/secure.gravatar.com\/avatar\/c4e193752f756fd61f04deebed3a3a20dc188d37edb53682d313ac57f2725d54?s=96&d=mm&r=g","caption":"Redacci\u00f3n"},"sameAs":["https:\/\/soledaddurazo.com"]}]}},"_links":{"self":[{"href":"https:\/\/soledaddurazo.com\/api\/wp\/v2\/posts\/22829","targetHints":{"allow":["GET"]}}],"collection":[{"href":"https:\/\/soledaddurazo.com\/api\/wp\/v2\/posts"}],"about":[{"href":"https:\/\/soledaddurazo.com\/api\/wp\/v2\/types\/post"}],"author":[{"embeddable":true,"href":"https:\/\/soledaddurazo.com\/api\/wp\/v2\/users\/1"}],"replies":[{"embeddable":true,"href":"https:\/\/soledaddurazo.com\/api\/wp\/v2\/comments?post=22829"}],"version-history":[{"count":1,"href":"https:\/\/soledaddurazo.com\/api\/wp\/v2\/posts\/22829\/revisions"}],"predecessor-version":[{"id":22830,"href":"https:\/\/soledaddurazo.com\/api\/wp\/v2\/posts\/22829\/revisions\/22830"}],"wp:featuredmedia":[{"embeddable":true,"href":"https:\/\/soledaddurazo.com\/api\/wp\/v2\/media\/22188"}],"wp:attachment":[{"href":"https:\/\/soledaddurazo.com\/api\/wp\/v2\/media?parent=22829"}],"wp:term":[{"taxonomy":"category","embeddable":true,"href":"https:\/\/soledaddurazo.com\/api\/wp\/v2\/categories?post=22829"},{"taxonomy":"post_tag","embeddable":true,"href":"https:\/\/soledaddurazo.com\/api\/wp\/v2\/tags?post=22829"}],"curies":[{"name":"wp","href":"https:\/\/api.w.org\/{rel}","templated":true}]}}