{"id":22776,"date":"2025-05-27T23:09:35","date_gmt":"2025-05-28T06:09:35","guid":{"rendered":"https:\/\/soledaddurazo.com\/?p=22776"},"modified":"2025-05-27T23:09:35","modified_gmt":"2025-05-28T06:09:35","slug":"recomendaciones-para-protegerse-del-calor-extremo-emite-imss","status":"publish","type":"post","link":"https:\/\/soledaddurazo.com\/blog\/2025\/05\/27\/recomendaciones-para-protegerse-del-calor-extremo-emite-imss\/","title":{"rendered":"Recomendaciones para protegerse del calor extremo, emite IMSS"},"content":{"rendered":"<p data-start=\"116\" data-end=\"203\"><strong data-start=\"116\" data-end=\"203\">IMSS emite sugerencias para proteger a trabajadores del campo ante el calor extremo<\/strong><\/p>\n<p data-start=\"205\" data-end=\"488\">Con el fin de prevenir golpes de calor y proteger la salud de quienes trabajan al aire libre, el Instituto Mexicano del Seguro Social (IMSS) emiti\u00f3 una serie de recomendaciones dirigidas especialmente a las personas que laboran en el campo durante la temporada de altas temperaturas.<\/p>\n<p data-start=\"490\" data-end=\"766\">Entre las medidas sugeridas destacan hacer pausas de 10 minutos cada dos horas en lugares sombreados o frescos, beber agua cada 30 minutos, usar ropa ligera y de colores claros, preferir sombreros o bandanas fr\u00edas, y realizar actividades durante las horas m\u00e1s frescas del d\u00eda.<\/p>\n<p data-start=\"768\" data-end=\"1253\">El doctor Gabriel Alejandro Real Ornelas, encargado del \u00e1rea de Toxicolog\u00eda y Salud Ambiental de la Coordinaci\u00f3n de Salud en el Trabajo del IMSS, se\u00f1al\u00f3 que en muchas regiones del pa\u00eds, especialmente en el norte y noreste, las temperaturas en el campo pueden sobrepasar los 35\u00b0C entre los meses de abril y septiembre. En los invernaderos, los term\u00f3metros pueden superar incluso los 40\u00b0C, condiciones que pueden poner en riesgo la salud de los trabajadores y disminuir su productividad.<\/p>\n<p data-start=\"1255\" data-end=\"1558\">Explic\u00f3 que el calor excesivo afecta negativamente la concentraci\u00f3n y el rendimiento f\u00edsico, lo que aumenta la posibilidad de agotamiento y accidentes durante la jornada laboral. A partir de los 32\u00b0C, los efectos en el cuerpo humano se intensifican, por lo que resulta crucial tomar medidas preventivas.<\/p>\n<p data-start=\"1560\" data-end=\"1843\">Citando investigaciones cient\u00edficas, Real Ornelas detall\u00f3 que una exposici\u00f3n prolongada al calor puede provocar fatiga, reducir la concentraci\u00f3n y afectar el desempe\u00f1o en labores como la siembra, la cosecha o el manejo de maquinaria, elevando tambi\u00e9n el riesgo de errores y lesiones.<\/p>\n<p data-start=\"1845\" data-end=\"2184\">Como parte de las acciones para mitigar estos efectos, el especialista record\u00f3 que este a\u00f1o entr\u00f3 en vigor la Norma Oficial Mexicana NOM-003-STPS-2023, que establece criterios m\u00ednimos de seguridad y salud para el trabajo en actividades agr\u00edcolas. Esta norma recomienda establecer descansos frecuentes cuando la temperatura supere los 28\u00b0C.<\/p>\n<p data-start=\"2186\" data-end=\"2494\">Asimismo, el doctor Real Ornelas enfatiz\u00f3 la importancia de mantenerse hidratado. Lo ideal es beber un vaso de agua cada 30 minutos, preferentemente a una temperatura de entre 15\u00b0C y 22\u00b0C, para favorecer su absorci\u00f3n. Tambi\u00e9n aconsej\u00f3 evitar bebidas con cafe\u00edna o alcohol, ya que favorecen la deshidrataci\u00f3n.<\/p>\n<p data-start=\"2496\" data-end=\"2785\">Sobre la vestimenta, recomend\u00f3 utilizar ropa ligera, de manga larga, holgada y de colores claros, lo cual ayuda a protegerse de la radiaci\u00f3n solar. Adem\u00e1s, sugiri\u00f3 trabajar durante la ma\u00f1ana o al atardecer y aprovechar las sombras naturales o estructuras que reduzcan la exposici\u00f3n al sol.<\/p>\n<p data-start=\"2787\" data-end=\"3080\">Es fundamental reconocer los primeros s\u00edntomas de un golpe de calor, como mareo, n\u00e1useas, piel enrojecida y caliente, sudoraci\u00f3n excesiva, cansancio extremo o dificultad para respirar. Ante cualquiera de estos signos, se debe buscar atenci\u00f3n m\u00e9dica de inmediato y descansar en un sitio fresco.<\/p>\n<p data-start=\"3082\" data-end=\"3332\">El especialista destac\u00f3 tambi\u00e9n la importancia de crear una cultura preventiva mediante la capacitaci\u00f3n de los trabajadores agr\u00edcolas, de forma que puedan identificar los riesgos del calor extremo y tomar decisiones informadas para proteger su salud.<\/p>\n<p data-start=\"3334\" data-end=\"3751\">Finalmente, record\u00f3 que las empresas tienen la obligaci\u00f3n de implementar medidas como pausas frecuentes, buena ventilaci\u00f3n, hidrataci\u00f3n constante y ropa adecuada, adem\u00e1s de fomentar el autocuidado y la colaboraci\u00f3n entre compa\u00f1eros. Recomend\u00f3 apoyarse en los recursos del programa Entornos Laborales Seguros y Saludables (ELSSA) del IMSS, que ofrece herramientas y formaci\u00f3n para mantener ambientes laborales seguros.<\/p>\n","protected":false},"excerpt":{"rendered":"<p>IMSS emite sugerencias para proteger a trabajadores del campo ante el calor extremo Con el fin de prevenir golpes de calor y proteger la salud de quienes trabajan al aire libre, el Instituto Mexicano del Seguro Social (IMSS) emiti\u00f3 una serie de recomendaciones dirigidas especialmente a las personas que laboran en el campo durante la [&hellip;]<\/p>\n","protected":false},"author":1,"featured_media":22777,"comment_status":"open","ping_status":"open","sticky":false,"template":"","format":"standard","meta":{"footnotes":""},"categories":[159,153],"tags":[],"class_list":["post"],"yoast_head":" \n<title>Recomendaciones para protegerse del calor extremo, emite IMSS - Periodista SoledadDurazo.com<\/title>\n<meta name=\"robots\" content=\"index, follow, max-snippet:-1, max-image-preview:large, max-video-preview:-1\" \/>\n<link rel=\"canonical\" href=\"https:\/\/soledaddurazo.com\/blog\/2025\/05\/27\/recomendaciones-para-protegerse-del-calor-extremo-emite-imss\/\" \/>\n<meta property=\"og:locale\" content=\"es_MX\" \/>\n<meta property=\"og:type\" content=\"article\" \/>\n<meta property=\"og:title\" content=\"Recomendaciones para protegerse del calor extremo, emite IMSS\" \/>\n<meta property=\"og:description\" content=\"IMSS emite sugerencias para proteger a trabajadores del campo ante el calor extremo Con el fin de prevenir golpes de calor y proteger la salud de quienes trabajan al aire libre, el Instituto Mexicano del Seguro Social (IMSS) emiti\u00f3 una serie de recomendaciones dirigidas especialmente a las personas que laboran en el campo durante la [&hellip;]\" \/>\n<meta property=\"og:url\" content=\"https:\/\/soledaddurazo.com\/blog\/2025\/05\/27\/recomendaciones-para-protegerse-del-calor-extremo-emite-imss\/\" \/>\n<meta property=\"og:site_name\" content=\"Periodista SoledadDurazo.com\" \/>\n<meta property=\"article:publisher\" content=\"https:\/\/www.facebook.com\/soledad.durazo.9\/\" \/>\n<meta property=\"article:published_time\" content=\"2025-05-28T06:09:35+00:00\" \/>\n<meta property=\"og:image\" content=\"https:\/\/soledaddurazo.com\/storage\/2025\/05\/ca.jpeg\" \/>\n\t<meta property=\"og:image:width\" content=\"1600\" \/>\n\t<meta property=\"og:image:height\" content=\"900\" \/>\n<meta name=\"twitter:card\" content=\"summary_large_image\" \/>\n<meta name=\"twitter:creator\" content=\"@SoledadDurazo\" \/>\n<meta name=\"twitter:site\" content=\"@SoledadDurazo\" \/>\n<meta name=\"twitter:label1\" content=\"Escrito por\" \/>\n\t<meta name=\"twitter:data1\" content=\"Redacci\u00f3n\" \/>\n\t<meta name=\"twitter:label2\" content=\"Tiempo de lectura\" \/>\n\t<meta name=\"twitter:data2\" content=\"3 minutos\" \/>\n<script type=\"application\/ld+json\" class=\"yoast-schema-graph\">{\"@context\":\"https:\/\/schema.org\",\"@graph\":[{\"@type\":\"Organization\",\"@id\":\"https:\/\/soledaddurazo.com\/#organization\",\"name\":\"Soledad Durazo\",\"url\":\"https:\/\/soledaddurazo.com\/\",\"sameAs\":[\"https:\/\/www.facebook.com\/soledad.durazo.9\/\",\"https:\/\/www.instagram.com\/soledaddurazo\",\"https:\/\/www.youtube.com\/channel\/UC9yGPw8-Vbl_B2XNkRwPS-w\",\"https:\/\/twitter.com\/SoledadDurazo\"],\"logo\":{\"@type\":\"ImageObject\",\"@id\":\"https:\/\/soledaddurazo.com\/#logo\",\"inLanguage\":\"es\",\"url\":\"https:\/\/soledaddurazo.com\/storage\/2021\/11\/nllp-720x375-1-2.png\",\"contentUrl\":\"https:\/\/soledaddurazo.com\/storage\/2021\/11\/nllp-720x375-1-2.png\",\"width\":720,\"height\":375,\"caption\":\"Soledad Durazo\"},\"image\":{\"@id\":\"https:\/\/soledaddurazo.com\/#logo\"}},{\"@type\":\"WebSite\",\"@id\":\"https:\/\/soledaddurazo.com\/#website\",\"url\":\"https:\/\/soledaddurazo.com\/\",\"name\":\"Periodista SoledadDurazo.com\",\"description\":\"Periodista sonorense. Directora de www.SoledadDurazo.com Columnista, conductora de radio y Tv. Catedr\\u00e1tica en la UNISON\",\"publisher\":{\"@id\":\"https:\/\/soledaddurazo.com\/#organization\"},\"potentialAction\":[{\"@type\":\"SearchAction\",\"target\":{\"@type\":\"EntryPoint\",\"urlTemplate\":\"https:\/\/soledaddurazo.com\/?s={search_term_string}\"},\"query-input\":\"required name=search_term_string\"}],\"inLanguage\":\"es\"},{\"@type\":\"ImageObject\",\"@id\":\"https:\/\/soledaddurazo.com\/blog\/2025\/05\/27\/recomendaciones-para-protegerse-del-calor-extremo-emite-imss\/#primaryimage\",\"inLanguage\":\"es\",\"url\":\"https:\/\/soledaddurazo.com\/storage\/2025\/05\/ca.jpeg\",\"contentUrl\":\"https:\/\/soledaddurazo.com\/storage\/2025\/05\/ca.jpeg\",\"width\":1600,\"height\":900},{\"@type\":\"WebPage\",\"@id\":\"https:\/\/soledaddurazo.com\/blog\/2025\/05\/27\/recomendaciones-para-protegerse-del-calor-extremo-emite-imss\/#webpage\",\"url\":\"https:\/\/soledaddurazo.com\/blog\/2025\/05\/27\/recomendaciones-para-protegerse-del-calor-extremo-emite-imss\/\",\"name\":\"Recomendaciones para protegerse del calor extremo, emite IMSS - Periodista SoledadDurazo.com\",\"isPartOf\":{\"@id\":\"https:\/\/soledaddurazo.com\/#website\"},\"primaryImageOfPage\":{\"@id\":\"https:\/\/soledaddurazo.com\/blog\/2025\/05\/27\/recomendaciones-para-protegerse-del-calor-extremo-emite-imss\/#primaryimage\"},\"datePublished\":\"2025-05-28T06:09:35+00:00\",\"dateModified\":\"2025-05-28T06:09:35+00:00\",\"breadcrumb\":{\"@id\":\"https:\/\/soledaddurazo.com\/blog\/2025\/05\/27\/recomendaciones-para-protegerse-del-calor-extremo-emite-imss\/#breadcrumb\"},\"inLanguage\":\"es\",\"potentialAction\":[{\"@type\":\"ReadAction\",\"target\":[\"https:\/\/soledaddurazo.com\/blog\/2025\/05\/27\/recomendaciones-para-protegerse-del-calor-extremo-emite-imss\/\"]}]},{\"@type\":\"BreadcrumbList\",\"@id\":\"https:\/\/soledaddurazo.com\/blog\/2025\/05\/27\/recomendaciones-para-protegerse-del-calor-extremo-emite-imss\/#breadcrumb\",\"itemListElement\":[{\"@type\":\"ListItem\",\"position\":1,\"name\":\"Home\",\"item\":\"https:\/\/soledaddurazo.com\/\"},{\"@type\":\"ListItem\",\"position\":2,\"name\":\"Recomendaciones para protegerse del calor extremo, emite IMSS\"}]},{\"@type\":\"Article\",\"@id\":\"https:\/\/soledaddurazo.com\/blog\/2025\/05\/27\/recomendaciones-para-protegerse-del-calor-extremo-emite-imss\/#article\",\"isPartOf\":{\"@id\":\"https:\/\/soledaddurazo.com\/blog\/2025\/05\/27\/recomendaciones-para-protegerse-del-calor-extremo-emite-imss\/#webpage\"},\"author\":{\"@id\":\"https:\/\/soledaddurazo.com\/#\/schema\/person\/822d8e13aa288585e6546f179853758b\"},\"headline\":\"Recomendaciones para protegerse del calor extremo, emite IMSS\",\"datePublished\":\"2025-05-28T06:09:35+00:00\",\"dateModified\":\"2025-05-28T06:09:35+00:00\",\"mainEntityOfPage\":{\"@id\":\"https:\/\/soledaddurazo.com\/blog\/2025\/05\/27\/recomendaciones-para-protegerse-del-calor-extremo-emite-imss\/#webpage\"},\"wordCount\":597,\"commentCount\":0,\"publisher\":{\"@id\":\"https:\/\/soledaddurazo.com\/#organization\"},\"image\":{\"@id\":\"https:\/\/soledaddurazo.com\/blog\/2025\/05\/27\/recomendaciones-para-protegerse-del-calor-extremo-emite-imss\/#primaryimage\"},\"thumbnailUrl\":\"https:\/\/soledaddurazo.com\/storage\/2025\/05\/ca.jpeg\",\"articleSection\":[\"Mi Sonora\",\"principal\"],\"inLanguage\":\"es\",\"potentialAction\":[{\"@type\":\"CommentAction\",\"name\":\"Comment\",\"target\":[\"https:\/\/soledaddurazo.com\/blog\/2025\/05\/27\/recomendaciones-para-protegerse-del-calor-extremo-emite-imss\/#respond\"]}]},{\"@type\":\"Person\",\"@id\":\"https:\/\/soledaddurazo.com\/#\/schema\/person\/822d8e13aa288585e6546f179853758b\",\"name\":\"Redacci\\u00f3n\",\"image\":{\"@type\":\"ImageObject\",\"@id\":\"https:\/\/soledaddurazo.com\/#personlogo\",\"inLanguage\":\"es\",\"url\":\"https:\/\/secure.gravatar.com\/avatar\/c4e193752f756fd61f04deebed3a3a20dc188d37edb53682d313ac57f2725d54?s=96&d=mm&r=g\",\"contentUrl\":\"https:\/\/secure.gravatar.com\/avatar\/c4e193752f756fd61f04deebed3a3a20dc188d37edb53682d313ac57f2725d54?s=96&d=mm&r=g\",\"caption\":\"Redacci\\u00f3n\"},\"sameAs\":[\"https:\/\/soledaddurazo.com\"]}]}<\/script>\n ","yoast_head_json":{"title":"Recomendaciones para protegerse del calor extremo, emite IMSS - Periodista SoledadDurazo.com","robots":{"index":"index","follow":"follow","max-snippet":"max-snippet:-1","max-image-preview":"max-image-preview:large","max-video-preview":"max-video-preview:-1"},"canonical":"https:\/\/soledaddurazo.com\/blog\/2025\/05\/27\/recomendaciones-para-protegerse-del-calor-extremo-emite-imss\/","og_locale":"es_MX","og_type":"article","og_title":"Recomendaciones para protegerse del calor extremo, emite IMSS","og_description":"IMSS emite sugerencias para proteger a trabajadores del campo ante el calor extremo Con el fin de prevenir golpes de calor y proteger la salud de quienes trabajan al aire libre, el Instituto Mexicano del Seguro Social (IMSS) emiti\u00f3 una serie de recomendaciones dirigidas especialmente a las personas que laboran en el campo durante la [&hellip;]","og_url":"https:\/\/soledaddurazo.com\/blog\/2025\/05\/27\/recomendaciones-para-protegerse-del-calor-extremo-emite-imss\/","og_site_name":"Periodista SoledadDurazo.com","article_publisher":"https:\/\/www.facebook.com\/soledad.durazo.9\/","article_published_time":"2025-05-28T06:09:35+00:00","og_image":[{"width":1600,"height":900,"url":"https:\/\/soledaddurazo.com\/storage\/2025\/05\/ca.jpeg","type":"image\/jpeg"}],"twitter_card":"summary_large_image","twitter_creator":"@SoledadDurazo","twitter_site":"@SoledadDurazo","twitter_misc":{"Escrito por":"Redacci\u00f3n","Tiempo de lectura":"3 minutos"},"schema":{"@context":"https:\/\/schema.org","@graph":[{"@type":"Organization","@id":"https:\/\/soledaddurazo.com\/#organization","name":"Soledad Durazo","url":"https:\/\/soledaddurazo.com\/","sameAs":["https:\/\/www.facebook.com\/soledad.durazo.9\/","https:\/\/www.instagram.com\/soledaddurazo","https:\/\/www.youtube.com\/channel\/UC9yGPw8-Vbl_B2XNkRwPS-w","https:\/\/twitter.com\/SoledadDurazo"],"logo":{"@type":"ImageObject","@id":"https:\/\/soledaddurazo.com\/#logo","inLanguage":"es","url":"https:\/\/soledaddurazo.com\/storage\/2021\/11\/nllp-720x375-1-2.png","contentUrl":"https:\/\/soledaddurazo.com\/storage\/2021\/11\/nllp-720x375-1-2.png","width":720,"height":375,"caption":"Soledad Durazo"},"image":{"@id":"https:\/\/soledaddurazo.com\/#logo"}},{"@type":"WebSite","@id":"https:\/\/soledaddurazo.com\/#website","url":"https:\/\/soledaddurazo.com\/","name":"Periodista SoledadDurazo.com","description":"Periodista sonorense. Directora de www.SoledadDurazo.com Columnista, conductora de radio y Tv. Catedr\u00e1tica en la UNISON","publisher":{"@id":"https:\/\/soledaddurazo.com\/#organization"},"potentialAction":[{"@type":"SearchAction","target":{"@type":"EntryPoint","urlTemplate":"https:\/\/soledaddurazo.com\/?s={search_term_string}"},"query-input":"required name=search_term_string"}],"inLanguage":"es"},{"@type":"ImageObject","@id":"https:\/\/soledaddurazo.com\/blog\/2025\/05\/27\/recomendaciones-para-protegerse-del-calor-extremo-emite-imss\/#primaryimage","inLanguage":"es","url":"https:\/\/soledaddurazo.com\/storage\/2025\/05\/ca.jpeg","contentUrl":"https:\/\/soledaddurazo.com\/storage\/2025\/05\/ca.jpeg","width":1600,"height":900},{"@type":"WebPage","@id":"https:\/\/soledaddurazo.com\/blog\/2025\/05\/27\/recomendaciones-para-protegerse-del-calor-extremo-emite-imss\/#webpage","url":"https:\/\/soledaddurazo.com\/blog\/2025\/05\/27\/recomendaciones-para-protegerse-del-calor-extremo-emite-imss\/","name":"Recomendaciones para protegerse del calor extremo, emite IMSS - Periodista SoledadDurazo.com","isPartOf":{"@id":"https:\/\/soledaddurazo.com\/#website"},"primaryImageOfPage":{"@id":"https:\/\/soledaddurazo.com\/blog\/2025\/05\/27\/recomendaciones-para-protegerse-del-calor-extremo-emite-imss\/#primaryimage"},"datePublished":"2025-05-28T06:09:35+00:00","dateModified":"2025-05-28T06:09:35+00:00","breadcrumb":{"@id":"https:\/\/soledaddurazo.com\/blog\/2025\/05\/27\/recomendaciones-para-protegerse-del-calor-extremo-emite-imss\/#breadcrumb"},"inLanguage":"es","potentialAction":[{"@type":"ReadAction","target":["https:\/\/soledaddurazo.com\/blog\/2025\/05\/27\/recomendaciones-para-protegerse-del-calor-extremo-emite-imss\/"]}]},{"@type":"BreadcrumbList","@id":"https:\/\/soledaddurazo.com\/blog\/2025\/05\/27\/recomendaciones-para-protegerse-del-calor-extremo-emite-imss\/#breadcrumb","itemListElement":[{"@type":"ListItem","position":1,"name":"Home","item":"https:\/\/soledaddurazo.com\/"},{"@type":"ListItem","position":2,"name":"Recomendaciones para protegerse del calor extremo, emite IMSS"}]},{"@type":"Article","@id":"https:\/\/soledaddurazo.com\/blog\/2025\/05\/27\/recomendaciones-para-protegerse-del-calor-extremo-emite-imss\/#article","isPartOf":{"@id":"https:\/\/soledaddurazo.com\/blog\/2025\/05\/27\/recomendaciones-para-protegerse-del-calor-extremo-emite-imss\/#webpage"},"author":{"@id":"https:\/\/soledaddurazo.com\/#\/schema\/person\/822d8e13aa288585e6546f179853758b"},"headline":"Recomendaciones para protegerse del calor extremo, emite IMSS","datePublished":"2025-05-28T06:09:35+00:00","dateModified":"2025-05-28T06:09:35+00:00","mainEntityOfPage":{"@id":"https:\/\/soledaddurazo.com\/blog\/2025\/05\/27\/recomendaciones-para-protegerse-del-calor-extremo-emite-imss\/#webpage"},"wordCount":597,"commentCount":0,"publisher":{"@id":"https:\/\/soledaddurazo.com\/#organization"},"image":{"@id":"https:\/\/soledaddurazo.com\/blog\/2025\/05\/27\/recomendaciones-para-protegerse-del-calor-extremo-emite-imss\/#primaryimage"},"thumbnailUrl":"https:\/\/soledaddurazo.com\/storage\/2025\/05\/ca.jpeg","articleSection":["Mi Sonora","principal"],"inLanguage":"es","potentialAction":[{"@type":"CommentAction","name":"Comment","target":["https:\/\/soledaddurazo.com\/blog\/2025\/05\/27\/recomendaciones-para-protegerse-del-calor-extremo-emite-imss\/#respond"]}]},{"@type":"Person","@id":"https:\/\/soledaddurazo.com\/#\/schema\/person\/822d8e13aa288585e6546f179853758b","name":"Redacci\u00f3n","image":{"@type":"ImageObject","@id":"https:\/\/soledaddurazo.com\/#personlogo","inLanguage":"es","url":"https:\/\/secure.gravatar.com\/avatar\/c4e193752f756fd61f04deebed3a3a20dc188d37edb53682d313ac57f2725d54?s=96&d=mm&r=g","contentUrl":"https:\/\/secure.gravatar.com\/avatar\/c4e193752f756fd61f04deebed3a3a20dc188d37edb53682d313ac57f2725d54?s=96&d=mm&r=g","caption":"Redacci\u00f3n"},"sameAs":["https:\/\/soledaddurazo.com"]}]}},"_links":{"self":[{"href":"https:\/\/soledaddurazo.com\/api\/wp\/v2\/posts\/22776","targetHints":{"allow":["GET"]}}],"collection":[{"href":"https:\/\/soledaddurazo.com\/api\/wp\/v2\/posts"}],"about":[{"href":"https:\/\/soledaddurazo.com\/api\/wp\/v2\/types\/post"}],"author":[{"embeddable":true,"href":"https:\/\/soledaddurazo.com\/api\/wp\/v2\/users\/1"}],"replies":[{"embeddable":true,"href":"https:\/\/soledaddurazo.com\/api\/wp\/v2\/comments?post=22776"}],"version-history":[{"count":1,"href":"https:\/\/soledaddurazo.com\/api\/wp\/v2\/posts\/22776\/revisions"}],"predecessor-version":[{"id":22778,"href":"https:\/\/soledaddurazo.com\/api\/wp\/v2\/posts\/22776\/revisions\/22778"}],"wp:featuredmedia":[{"embeddable":true,"href":"https:\/\/soledaddurazo.com\/api\/wp\/v2\/media\/22777"}],"wp:attachment":[{"href":"https:\/\/soledaddurazo.com\/api\/wp\/v2\/media?parent=22776"}],"wp:term":[{"taxonomy":"category","embeddable":true,"href":"https:\/\/soledaddurazo.com\/api\/wp\/v2\/categories?post=22776"},{"taxonomy":"post_tag","embeddable":true,"href":"https:\/\/soledaddurazo.com\/api\/wp\/v2\/tags?post=22776"}],"curies":[{"name":"wp","href":"https:\/\/api.w.org\/{rel}","templated":true}]}}