{"id":22765,"date":"2025-05-27T20:53:12","date_gmt":"2025-05-28T03:53:12","guid":{"rendered":"https:\/\/soledaddurazo.com\/?p=22765"},"modified":"2025-05-27T20:53:12","modified_gmt":"2025-05-28T03:53:12","slug":"se-acabo-la-fiesta-regresamos-a-la-realidad","status":"publish","type":"post","link":"https:\/\/soledaddurazo.com\/blog\/2025\/05\/27\/se-acabo-la-fiesta-regresamos-a-la-realidad\/","title":{"rendered":"Se acab\u00f3 la fiesta, regresamos a la realidad"},"content":{"rendered":"<p><a href=\"https:\/\/soledaddurazo.com\/storage\/2025\/05\/aff8362a-cc27-4360-bb3b-294425ada9f5.jpeg\"><img loading=\"lazy\" decoding=\"async\" class=\"aligncenter size-full wp-image-22766\" src=\"https:\/\/soledaddurazo.com\/storage\/2025\/05\/aff8362a-cc27-4360-bb3b-294425ada9f5.jpeg\" alt=\"\" width=\"960\" height=\"720\" srcset=\"https:\/\/soledaddurazo.com\/storage\/2025\/05\/aff8362a-cc27-4360-bb3b-294425ada9f5.jpeg 960w, https:\/\/soledaddurazo.com\/storage\/2025\/05\/aff8362a-cc27-4360-bb3b-294425ada9f5-300x225.jpeg 300w, https:\/\/soledaddurazo.com\/storage\/2025\/05\/aff8362a-cc27-4360-bb3b-294425ada9f5-768x576.jpeg 768w, https:\/\/soledaddurazo.com\/storage\/2025\/05\/aff8362a-cc27-4360-bb3b-294425ada9f5-600x450.jpeg 600w, https:\/\/soledaddurazo.com\/storage\/2025\/05\/aff8362a-cc27-4360-bb3b-294425ada9f5-750x563.jpeg 750w\" sizes=\"auto, (max-width: 960px) 100vw, 960px\" \/><\/a><\/p>\n<p>Un mes de mayo muy ajetreado para los hermosillenses y para la ciudad capital, lleg\u00f3 a su fin ayer domingo. Ajetreado en materia de festividades, por llevarse a cabo en nuestra ciudad las festividades m\u00e1s importantes del a\u00f1o y que incluso, por razones que desconozco, coinciden en fechas.<\/p>\n<p>La Expo Gan, es organizada por la Uni\u00f3n Ganadera Regional de Sonora y celebr\u00f3 40 a\u00f1os de realizarse, dura casi un mes y ha sido fuertemente criticada, por los altos precios que ofrece al p\u00fablico asistente y por el alto consumo de bebidas embriagantes que hay, que la convierte en la cantina m\u00e1s grande del estado.<\/p>\n<p>Como lo dijimos en un despacho anterior, la Expo Gan es un modelo de negocio exitoso, por la cantidad de personas que se dieron cita una vez m\u00e1s, al recinto ferial para asistir a los bailes populares, a las presentaciones de cantantes y grupos de moda en el palenque y para disfrutar de juegos mec\u00e1nicos y otras atracciones instaladas. Fueron varios fines de semana que los asistentes abarrotaron el cupo de la Expo Gan, que es de 55 mil personas.<\/p>\n<p>Las Fiestas del Pitic, celebraron su edici\u00f3n 23, organizadas por el Ayuntamiento de Hermosillo, se realizan en el primer cuadro de la ciudad, que se convierte en una verbena popular con puestos de alimentos, artesan\u00edas, bebidas y una completa cartelera de presentaciones art\u00edsticas y culturales, a los que el pueblo sabio y bueno, tiene acceso gratis.<\/p>\n<p>Miles de hermosillenses abarrotaron las calles del centro de la ciudad en todas las jornadas de Las Fiestas del Pitic, vimos nuevamente a Caifanes, el grupo de rock mexicano de culto, el m\u00e1s exitoso de este pa\u00eds, icono de toda una generaci\u00f3n, que complaci\u00f3 a miles de chavorrucos y nuevas generaciones de seguidores presentes, con las mejores rolas de su repertorio.<\/p>\n<p>A pesar de algunas fallas del sonido en los lugares cercanos al escenario, contrastando con las partes m\u00e1s alejadas donde se escuchaba perfectamente; los problemas en las cuerdas vocales de Sa\u00fal Hern\u00e1ndez al inicio de todas sus presentaciones, pero que al calentar la garganta es el mismo de siempre, no fue impedimento para que miles volvi\u00e9ramos a quedar extasiados con el rito caif\u00e1n, que nos siguen cayendo fine.<\/p>\n<p>Miguel Bos\u00e9, ofreci\u00f3 un concierto inolvidable, decenas de damas seguidoras del cantante espa\u00f1ol, hicieron guarida desde tempranas horas del s\u00e1bado para apartar lugar para presenciar de cerca la actuaci\u00f3n del hijo del finado torero Luis Miguel Domingu\u00edn.<\/p>\n<p>El cantante sinaloense de regional mexicano, Ed\u00e9n Mu\u00f1oz, cerr\u00f3 con broche de oro Las Fiestas del Pitic, protecci\u00f3n civil municipal report\u00f3 una asistencia de 70 mil personas en la presentaci\u00f3n de este aut\u00e9ntico \u00eddolo musical, que tambi\u00e9n se present\u00f3 tres veces en el palenque de la Expo Gan, pero con los precios de los boletos de hasta 3 mil pesitos en las primeras filas.<\/p>\n<p>Ricos y pobres pudieron ver gratis la actuaci\u00f3n de este cartel art\u00edstico de corte internacional en Las Fiestas del Pitic, pero con sus muy marcadas diferencias, pues el Ayuntamiento de Hermosillo puso su dosis de clasismo, al instalar zona VIP. Los hermosillenses de a pie, vieron con recelo nuevamente a la clase pol\u00edtica y empresarial e invitados especiales del Presidente Municipal, disfrutar del mismo espect\u00e1culo, pero en un lugar privilegiado, con m\u00e1s comodidades, sin apretujones, con sillas acojinadas. Hay que convivir con el pueblo, pero mezclarse\u2026jam\u00e1s, hay niveles.<\/p>\n<p>Creo que ya es hora de ir pensando en que la Expo Gan dure menos, como en sus inicios, que eran 15 d\u00edas y creo que es hora de proponer que las Fiestas del Pitic aumenten su duraci\u00f3n a 10 d\u00edas.<\/p>\n<p>Mientras queda la resaca de estas festividades, al circular en los alrededores del Vado del R\u00edo, un nauseabundo buqu\u00e9 inunda por completo el interior de mi carro y me hace voltear a contemplar al peque\u00f1o r\u00edo de aguas negras que corre a lo largo del canal del Vado del R\u00edo que contamina toda la zona poniente de nuestra ciudad y que es un criadero de mosquitos y un foco de infecci\u00f3n para miles de hermosillenses. \u00bfY Agua de Hermosillo? Bien gracias.<\/p>\n<p><a href=\"https:\/\/soledaddurazo.com\/storage\/2025\/05\/71c55e93-1331-4810-8cbe-3611b4abdacb.jpeg\"><img loading=\"lazy\" decoding=\"async\" class=\"aligncenter size-full wp-image-22767\" src=\"https:\/\/soledaddurazo.com\/storage\/2025\/05\/71c55e93-1331-4810-8cbe-3611b4abdacb.jpeg\" alt=\"\" width=\"1600\" height=\"716\" srcset=\"https:\/\/soledaddurazo.com\/storage\/2025\/05\/71c55e93-1331-4810-8cbe-3611b4abdacb.jpeg 1600w, https:\/\/soledaddurazo.com\/storage\/2025\/05\/71c55e93-1331-4810-8cbe-3611b4abdacb-300x134.jpeg 300w, https:\/\/soledaddurazo.com\/storage\/2025\/05\/71c55e93-1331-4810-8cbe-3611b4abdacb-1024x458.jpeg 1024w, https:\/\/soledaddurazo.com\/storage\/2025\/05\/71c55e93-1331-4810-8cbe-3611b4abdacb-768x344.jpeg 768w, https:\/\/soledaddurazo.com\/storage\/2025\/05\/71c55e93-1331-4810-8cbe-3611b4abdacb-1536x687.jpeg 1536w, https:\/\/soledaddurazo.com\/storage\/2025\/05\/71c55e93-1331-4810-8cbe-3611b4abdacb-600x269.jpeg 600w, https:\/\/soledaddurazo.com\/storage\/2025\/05\/71c55e93-1331-4810-8cbe-3611b4abdacb-750x336.jpeg 750w, https:\/\/soledaddurazo.com\/storage\/2025\/05\/71c55e93-1331-4810-8cbe-3611b4abdacb-1140x510.jpeg 1140w\" sizes=\"auto, (max-width: 1600px) 100vw, 1600px\" \/><\/a><\/p>\n<p>En fin, como toda fiesta, es bonita mientras dura, pero el regreso a la realidad del Hermosillo con inseguridad; ejecuciones; fosas clandestinas; baches; problemas viales; drenajes colapsados que contaminan y producen mosquitos, es ineludible.<\/p>\n<p><strong>\u00bfSE\u00d1ALES O DESPRECIOS?<\/strong><\/p>\n<p>La reciente aparici\u00f3n del Presidente Municipal de Hermosillo, Antonio Astiazar\u00e1n en un evento del Partido Sonorense, pronunciando un discurso hasta con frases propias de campa\u00f1a pol\u00edtica, ha ocasionado distintas interpretaciones.<\/p>\n<p>Para seguir dando pie a m\u00e1s especulaciones, le comento que en Las Fiestas del Pitic, el dirigente del Partido Sonorense Al\u00ed Camacho y varios de sus Regidores, fueron los m\u00e1s apapachados por Antonio Astiazar\u00e1n.<\/p>\n<p>Lo extra\u00f1o es que Astiazar\u00e1n Guti\u00e9rrez encabeza un gobierno de coalici\u00f3n con PAN, PRI y PRD, los dirigentes de esos partidos brillaron por su ausencia.<\/p>\n<p>Ni Gildardo Real dirigente del PAN, ni Guadalupe Soto del PRI, ni Joel Ram\u00edrez del PRD, se aparecieron a los eventos de Las Fiestas del Pitic y ni siquiera le dedicaron una publicaci\u00f3n en redes sociales de apoyo a la organizaci\u00f3n de Las Fiestas del Pitic.<\/p>\n<p>Tampoco se vio la presencia de la dirigencia de Movimiento Ciudadano que presumiblemente tiene muy buena relaci\u00f3n con Astiazar\u00e1n Guti\u00e9rrez.<\/p>\n<p>\u00bfTendr\u00e1 alg\u00fan sustento esa falta de bonhom\u00eda de los dirigentes partidistas de la coalici\u00f3n que gobierna en Hermosillo para con Las Fiestas del Pitic y el Presidente Municipal Antonio Astiazar\u00e1n?<\/p>\n<p>Aunque al final creo que en pol\u00edtica no hay casualidades y hay desprecios que se agradecen\u2026dicen, dicen.<\/p>\n<p><strong>SOMOS M\u00c9XICO BUSCA REGISTRO PARTIDISTA<\/strong><\/p>\n<p>Como atento espectador del acontecer de la vida p\u00fablica, siempre es interesante, escuchar conceptos de actores que se desenvuelven en otras latitudes de mayor jerarqu\u00eda pol\u00edtica, por eso atend\u00ed la invitaci\u00f3n del siempre diligente doctor Joaqu\u00edn Robles Linares, a una reuni\u00f3n con el fil\u00f3sofo, investigador, escritor y ex Secretario Ejecutivo del Instituto Nacional Electoral, Edmundo Jacobo G\u00f3mez.<\/p>\n<p>Edmundo Jacobo G\u00f3mez es originario de Hermosillo, pero desempe\u00f1ando su vida profesional desde hace muchos a\u00f1os en la CDMX, nos dedic\u00f3 buen de su tiempo el pasado viernes a un grupo de colegas y a un servidor, para compartirnos su visi\u00f3n de la estructura actual del poder actual en M\u00e9xico; sus equilibrios; las instituciones que lo garantizan y los riesgos que considera avecinan al actual r\u00e9gimen de la Cuarta Transformaci\u00f3n; las virtudes como l\u00edder de Andr\u00e9s Manuel L\u00f3pez Obrador para encabezar el Movimiento de Regeneraci\u00f3n Nacional y convertirlo en muy poco tiempo en la principal fuerza pol\u00edtica de este pa\u00eds, colocando a los partidos pol\u00edticos tradicionales, en una crisis que amenaza su extinci\u00f3n.<\/p>\n<p>Excelente diagn\u00f3stico de lo que llev\u00f3 al derrumbe del bipartidismo en el poder en M\u00e9xico, pero con mucha incertidumbre para encontrar el camino que fortalezca una oposici\u00f3n partidista que marque un contrapeso en este pa\u00eds.<\/p>\n<p>En ese sentido, Edmundo Jacobo revel\u00f3 que trabaja para que la organizaci\u00f3n \u201cSomos M\u00e9xico\u201d alcance su registro como partido pol\u00edtico, organizaci\u00f3n que tiene ya en Sonora, hombres y mujeres que den la cara y que pronto dar\u00e1n noticias.<\/p>\n<p><strong>ELY SALLARD UNA 4X4 DE TERRITORIO<\/strong><\/p>\n<p>Siguiendo con la tarea de llevar beneficios para los habitantes de su Distrito, la Diputada Ely Sallard logr\u00f3 gestionar ante instancias gubernamentales, instalar en la colonia Villa Bonita, la feria de servicios \u201cSonora Atiende\u201d el pasado s\u00e1bado, donde las dependencias del Gobierno del Estado salieron nuevamente a las calles a ofrecer distintos servicios como atenci\u00f3n veterinaria a mascotas, incluyendo esterilizaci\u00f3n; orientaci\u00f3n sobre salud sexual; donaci\u00f3n de \u00e1rboles para forestaci\u00f3n; atenci\u00f3n m\u00e9dica preventiva; servicios del Registro Civil y muchos otros m\u00e1s.<\/p>\n<p>Acompa\u00f1ada del Coordinador de Bienes y Concesiones, Antonio Gallardo, el Diputado Federal Jacobo Mendoza, Ely Sallard hizo entrega de un proyecto productivo a una persona con capacidades diferentes, se hizo entrega de unas escrituras y hasta atestigu\u00f3 una boda civil.<\/p>\n<p>Una mujer que sabe triunfar en pol\u00edtica y que sabe tambi\u00e9n que los triunfos en pol\u00edtica pertenecen a los que nunca se rinden, como aquella gotita de agua que rompi\u00f3 la piedra por su constancia, es la Diputada Ely Sallard, una mujer 4&#215;4 de territorio, que no hay que perderla de vista.<\/p>\n<p><strong>RETAZOS INTERESANTES<\/strong><\/p>\n<p>1.- Hoy al filo del mediod\u00eda, el Gobernador del Estado, estar\u00e1 haciendo entrega de las obras de rehabilitaci\u00f3n y modernizaci\u00f3n del Mercado Municipal, hist\u00f3rico inmueble de principios del siglo pasado, que volver\u00e1 a recobrar vida con instalaciones m\u00e1s dignas.<\/p>\n<p>2.- Con la detenci\u00f3n del Coordinador General del Sistema Penitenciario, el capit\u00e1n del Ej\u00e9rcito, Gerardo C., por la fuga de \u201cEl Ponchis\u201d un peligroso delincuente, integrante de un grupo delictivo que sali\u00f3 por la puerta principal del Cereso de Hermosillo, es otra demostraci\u00f3n de que el Gobernador Alfonso Durazo no dar\u00e1 impunidad al mal proceder de sus funcionarios.<\/p>\n<p>Los invito a escuchar los viernes la mesa de an\u00e1lisis de SONORA EN RED NOTICIAS, ejercicio de opini\u00f3n que realizo en compa\u00f1\u00eda de mis amigos Arturo Chapo Soto, Arturo Ballesteros y Octaviano Rojas, por el 93.3 del cuadrante de F.M. desde Guaymas para todo el sur de Sonora, y por la se\u00f1al del canal 14 de Estrella Tucson TV, en el sur de Arizona.<\/p>\n<p>Y en Radio Sol 104.7 F.M. LENGUAS VESPERTINAS, de lunes a viernes a las 17:00 horas, le vamos a ofrecer una peque\u00f1a dosis de grilla.<\/p>\n<p>Podemos interactuar a trav\u00e9s de mi cuenta de Twitter @feroropeza20 o en mi correo electr\u00f3nico <a href=\"mailto:luiso@hmo.megared.net.mx\">luiso@hmo.megared.net.mx<\/a><\/p>\n<p>&nbsp;<\/p>\n","protected":false},"excerpt":{"rendered":"<p>Un mes de mayo muy ajetreado para los hermosillenses y para la ciudad capital, lleg\u00f3 a su fin ayer domingo. Ajetreado en materia de festividades, por llevarse a cabo en nuestra ciudad las festividades m\u00e1s importantes del a\u00f1o y que incluso, por razones que desconozco, coinciden en fechas. La Expo Gan, es organizada por la [&hellip;]<\/p>\n","protected":false},"author":1,"featured_media":22141,"comment_status":"open","ping_status":"open","sticky":false,"template":"","format":"standard","meta":{"footnotes":""},"categories":[173],"tags":[],"class_list":["post"],"yoast_head":" \n<title>Se acab\u00f3 la fiesta, regresamos a la realidad - Periodista SoledadDurazo.com<\/title>\n<meta name=\"robots\" content=\"index, follow, max-snippet:-1, max-image-preview:large, max-video-preview:-1\" \/>\n<link rel=\"canonical\" href=\"https:\/\/soledaddurazo.com\/blog\/2025\/05\/27\/se-acabo-la-fiesta-regresamos-a-la-realidad\/\" \/>\n<meta property=\"og:locale\" content=\"es_MX\" \/>\n<meta property=\"og:type\" content=\"article\" \/>\n<meta property=\"og:title\" content=\"Se acab\u00f3 la fiesta, regresamos a la realidad\" \/>\n<meta property=\"og:description\" content=\"Un mes de mayo muy ajetreado para los hermosillenses y para la ciudad capital, lleg\u00f3 a su fin ayer domingo. Ajetreado en materia de festividades, por llevarse a cabo en nuestra ciudad las festividades m\u00e1s importantes del a\u00f1o y que incluso, por razones que desconozco, coinciden en fechas. La Expo Gan, es organizada por la [&hellip;]\" \/>\n<meta property=\"og:url\" content=\"https:\/\/soledaddurazo.com\/blog\/2025\/05\/27\/se-acabo-la-fiesta-regresamos-a-la-realidad\/\" \/>\n<meta property=\"og:site_name\" content=\"Periodista SoledadDurazo.com\" \/>\n<meta property=\"article:publisher\" content=\"https:\/\/www.facebook.com\/soledad.durazo.9\/\" \/>\n<meta property=\"article:published_time\" content=\"2025-05-28T03:53:12+00:00\" \/>\n<meta property=\"og:image\" content=\"https:\/\/soledaddurazo.com\/storage\/2025\/03\/9a-GRAFICO-FERNANDO-OROPEZA.jpeg\" \/>\n\t<meta property=\"og:image:width\" content=\"1092\" \/>\n\t<meta property=\"og:image:height\" content=\"983\" \/>\n<meta name=\"twitter:card\" content=\"summary_large_image\" \/>\n<meta name=\"twitter:creator\" content=\"@SoledadDurazo\" \/>\n<meta name=\"twitter:site\" content=\"@SoledadDurazo\" \/>\n<meta name=\"twitter:label1\" content=\"Escrito por\" \/>\n\t<meta name=\"twitter:data1\" content=\"Redacci\u00f3n\" \/>\n\t<meta name=\"twitter:label2\" content=\"Tiempo de lectura\" \/>\n\t<meta name=\"twitter:data2\" content=\"8 minutos\" \/>\n<script type=\"application\/ld+json\" class=\"yoast-schema-graph\">{\"@context\":\"https:\/\/schema.org\",\"@graph\":[{\"@type\":\"Organization\",\"@id\":\"https:\/\/soledaddurazo.com\/#organization\",\"name\":\"Soledad Durazo\",\"url\":\"https:\/\/soledaddurazo.com\/\",\"sameAs\":[\"https:\/\/www.facebook.com\/soledad.durazo.9\/\",\"https:\/\/www.instagram.com\/soledaddurazo\",\"https:\/\/www.youtube.com\/channel\/UC9yGPw8-Vbl_B2XNkRwPS-w\",\"https:\/\/twitter.com\/SoledadDurazo\"],\"logo\":{\"@type\":\"ImageObject\",\"@id\":\"https:\/\/soledaddurazo.com\/#logo\",\"inLanguage\":\"es\",\"url\":\"https:\/\/soledaddurazo.com\/storage\/2021\/11\/nllp-720x375-1-2.png\",\"contentUrl\":\"https:\/\/soledaddurazo.com\/storage\/2021\/11\/nllp-720x375-1-2.png\",\"width\":720,\"height\":375,\"caption\":\"Soledad Durazo\"},\"image\":{\"@id\":\"https:\/\/soledaddurazo.com\/#logo\"}},{\"@type\":\"WebSite\",\"@id\":\"https:\/\/soledaddurazo.com\/#website\",\"url\":\"https:\/\/soledaddurazo.com\/\",\"name\":\"Periodista SoledadDurazo.com\",\"description\":\"Periodista sonorense. Directora de www.SoledadDurazo.com Columnista, conductora de radio y Tv. Catedr\\u00e1tica en la UNISON\",\"publisher\":{\"@id\":\"https:\/\/soledaddurazo.com\/#organization\"},\"potentialAction\":[{\"@type\":\"SearchAction\",\"target\":{\"@type\":\"EntryPoint\",\"urlTemplate\":\"https:\/\/soledaddurazo.com\/?s={search_term_string}\"},\"query-input\":\"required name=search_term_string\"}],\"inLanguage\":\"es\"},{\"@type\":\"ImageObject\",\"@id\":\"https:\/\/soledaddurazo.com\/blog\/2025\/05\/27\/se-acabo-la-fiesta-regresamos-a-la-realidad\/#primaryimage\",\"inLanguage\":\"es\",\"url\":\"https:\/\/soledaddurazo.com\/storage\/2025\/03\/9a-GRAFICO-FERNANDO-OROPEZA.jpeg\",\"contentUrl\":\"https:\/\/soledaddurazo.com\/storage\/2025\/03\/9a-GRAFICO-FERNANDO-OROPEZA.jpeg\",\"width\":1092,\"height\":983},{\"@type\":\"WebPage\",\"@id\":\"https:\/\/soledaddurazo.com\/blog\/2025\/05\/27\/se-acabo-la-fiesta-regresamos-a-la-realidad\/#webpage\",\"url\":\"https:\/\/soledaddurazo.com\/blog\/2025\/05\/27\/se-acabo-la-fiesta-regresamos-a-la-realidad\/\",\"name\":\"Se acab\\u00f3 la fiesta, regresamos a la realidad - Periodista SoledadDurazo.com\",\"isPartOf\":{\"@id\":\"https:\/\/soledaddurazo.com\/#website\"},\"primaryImageOfPage\":{\"@id\":\"https:\/\/soledaddurazo.com\/blog\/2025\/05\/27\/se-acabo-la-fiesta-regresamos-a-la-realidad\/#primaryimage\"},\"datePublished\":\"2025-05-28T03:53:12+00:00\",\"dateModified\":\"2025-05-28T03:53:12+00:00\",\"breadcrumb\":{\"@id\":\"https:\/\/soledaddurazo.com\/blog\/2025\/05\/27\/se-acabo-la-fiesta-regresamos-a-la-realidad\/#breadcrumb\"},\"inLanguage\":\"es\",\"potentialAction\":[{\"@type\":\"ReadAction\",\"target\":[\"https:\/\/soledaddurazo.com\/blog\/2025\/05\/27\/se-acabo-la-fiesta-regresamos-a-la-realidad\/\"]}]},{\"@type\":\"BreadcrumbList\",\"@id\":\"https:\/\/soledaddurazo.com\/blog\/2025\/05\/27\/se-acabo-la-fiesta-regresamos-a-la-realidad\/#breadcrumb\",\"itemListElement\":[{\"@type\":\"ListItem\",\"position\":1,\"name\":\"Home\",\"item\":\"https:\/\/soledaddurazo.com\/\"},{\"@type\":\"ListItem\",\"position\":2,\"name\":\"Se acab\\u00f3 la fiesta, regresamos a la realidad\"}]},{\"@type\":\"Article\",\"@id\":\"https:\/\/soledaddurazo.com\/blog\/2025\/05\/27\/se-acabo-la-fiesta-regresamos-a-la-realidad\/#article\",\"isPartOf\":{\"@id\":\"https:\/\/soledaddurazo.com\/blog\/2025\/05\/27\/se-acabo-la-fiesta-regresamos-a-la-realidad\/#webpage\"},\"author\":{\"@id\":\"https:\/\/soledaddurazo.com\/#\/schema\/person\/822d8e13aa288585e6546f179853758b\"},\"headline\":\"Se acab\\u00f3 la fiesta, regresamos a la realidad\",\"datePublished\":\"2025-05-28T03:53:12+00:00\",\"dateModified\":\"2025-05-28T03:53:12+00:00\",\"mainEntityOfPage\":{\"@id\":\"https:\/\/soledaddurazo.com\/blog\/2025\/05\/27\/se-acabo-la-fiesta-regresamos-a-la-realidad\/#webpage\"},\"wordCount\":1683,\"commentCount\":0,\"publisher\":{\"@id\":\"https:\/\/soledaddurazo.com\/#organization\"},\"image\":{\"@id\":\"https:\/\/soledaddurazo.com\/blog\/2025\/05\/27\/se-acabo-la-fiesta-regresamos-a-la-realidad\/#primaryimage\"},\"thumbnailUrl\":\"https:\/\/soledaddurazo.com\/storage\/2025\/03\/9a-GRAFICO-FERNANDO-OROPEZA.jpeg\",\"articleSection\":[\"Fernando Oropeza\"],\"inLanguage\":\"es\",\"potentialAction\":[{\"@type\":\"CommentAction\",\"name\":\"Comment\",\"target\":[\"https:\/\/soledaddurazo.com\/blog\/2025\/05\/27\/se-acabo-la-fiesta-regresamos-a-la-realidad\/#respond\"]}]},{\"@type\":\"Person\",\"@id\":\"https:\/\/soledaddurazo.com\/#\/schema\/person\/822d8e13aa288585e6546f179853758b\",\"name\":\"Redacci\\u00f3n\",\"image\":{\"@type\":\"ImageObject\",\"@id\":\"https:\/\/soledaddurazo.com\/#personlogo\",\"inLanguage\":\"es\",\"url\":\"https:\/\/secure.gravatar.com\/avatar\/c4e193752f756fd61f04deebed3a3a20dc188d37edb53682d313ac57f2725d54?s=96&d=mm&r=g\",\"contentUrl\":\"https:\/\/secure.gravatar.com\/avatar\/c4e193752f756fd61f04deebed3a3a20dc188d37edb53682d313ac57f2725d54?s=96&d=mm&r=g\",\"caption\":\"Redacci\\u00f3n\"},\"sameAs\":[\"https:\/\/soledaddurazo.com\"]}]}<\/script>\n ","yoast_head_json":{"title":"Se acab\u00f3 la fiesta, regresamos a la realidad - Periodista SoledadDurazo.com","robots":{"index":"index","follow":"follow","max-snippet":"max-snippet:-1","max-image-preview":"max-image-preview:large","max-video-preview":"max-video-preview:-1"},"canonical":"https:\/\/soledaddurazo.com\/blog\/2025\/05\/27\/se-acabo-la-fiesta-regresamos-a-la-realidad\/","og_locale":"es_MX","og_type":"article","og_title":"Se acab\u00f3 la fiesta, regresamos a la realidad","og_description":"Un mes de mayo muy ajetreado para los hermosillenses y para la ciudad capital, lleg\u00f3 a su fin ayer domingo. Ajetreado en materia de festividades, por llevarse a cabo en nuestra ciudad las festividades m\u00e1s importantes del a\u00f1o y que incluso, por razones que desconozco, coinciden en fechas. La Expo Gan, es organizada por la [&hellip;]","og_url":"https:\/\/soledaddurazo.com\/blog\/2025\/05\/27\/se-acabo-la-fiesta-regresamos-a-la-realidad\/","og_site_name":"Periodista SoledadDurazo.com","article_publisher":"https:\/\/www.facebook.com\/soledad.durazo.9\/","article_published_time":"2025-05-28T03:53:12+00:00","og_image":[{"width":1092,"height":983,"url":"https:\/\/soledaddurazo.com\/storage\/2025\/03\/9a-GRAFICO-FERNANDO-OROPEZA.jpeg","type":"image\/jpeg"}],"twitter_card":"summary_large_image","twitter_creator":"@SoledadDurazo","twitter_site":"@SoledadDurazo","twitter_misc":{"Escrito por":"Redacci\u00f3n","Tiempo de lectura":"8 minutos"},"schema":{"@context":"https:\/\/schema.org","@graph":[{"@type":"Organization","@id":"https:\/\/soledaddurazo.com\/#organization","name":"Soledad Durazo","url":"https:\/\/soledaddurazo.com\/","sameAs":["https:\/\/www.facebook.com\/soledad.durazo.9\/","https:\/\/www.instagram.com\/soledaddurazo","https:\/\/www.youtube.com\/channel\/UC9yGPw8-Vbl_B2XNkRwPS-w","https:\/\/twitter.com\/SoledadDurazo"],"logo":{"@type":"ImageObject","@id":"https:\/\/soledaddurazo.com\/#logo","inLanguage":"es","url":"https:\/\/soledaddurazo.com\/storage\/2021\/11\/nllp-720x375-1-2.png","contentUrl":"https:\/\/soledaddurazo.com\/storage\/2021\/11\/nllp-720x375-1-2.png","width":720,"height":375,"caption":"Soledad Durazo"},"image":{"@id":"https:\/\/soledaddurazo.com\/#logo"}},{"@type":"WebSite","@id":"https:\/\/soledaddurazo.com\/#website","url":"https:\/\/soledaddurazo.com\/","name":"Periodista SoledadDurazo.com","description":"Periodista sonorense. Directora de www.SoledadDurazo.com Columnista, conductora de radio y Tv. Catedr\u00e1tica en la UNISON","publisher":{"@id":"https:\/\/soledaddurazo.com\/#organization"},"potentialAction":[{"@type":"SearchAction","target":{"@type":"EntryPoint","urlTemplate":"https:\/\/soledaddurazo.com\/?s={search_term_string}"},"query-input":"required name=search_term_string"}],"inLanguage":"es"},{"@type":"ImageObject","@id":"https:\/\/soledaddurazo.com\/blog\/2025\/05\/27\/se-acabo-la-fiesta-regresamos-a-la-realidad\/#primaryimage","inLanguage":"es","url":"https:\/\/soledaddurazo.com\/storage\/2025\/03\/9a-GRAFICO-FERNANDO-OROPEZA.jpeg","contentUrl":"https:\/\/soledaddurazo.com\/storage\/2025\/03\/9a-GRAFICO-FERNANDO-OROPEZA.jpeg","width":1092,"height":983},{"@type":"WebPage","@id":"https:\/\/soledaddurazo.com\/blog\/2025\/05\/27\/se-acabo-la-fiesta-regresamos-a-la-realidad\/#webpage","url":"https:\/\/soledaddurazo.com\/blog\/2025\/05\/27\/se-acabo-la-fiesta-regresamos-a-la-realidad\/","name":"Se acab\u00f3 la fiesta, regresamos a la realidad - Periodista SoledadDurazo.com","isPartOf":{"@id":"https:\/\/soledaddurazo.com\/#website"},"primaryImageOfPage":{"@id":"https:\/\/soledaddurazo.com\/blog\/2025\/05\/27\/se-acabo-la-fiesta-regresamos-a-la-realidad\/#primaryimage"},"datePublished":"2025-05-28T03:53:12+00:00","dateModified":"2025-05-28T03:53:12+00:00","breadcrumb":{"@id":"https:\/\/soledaddurazo.com\/blog\/2025\/05\/27\/se-acabo-la-fiesta-regresamos-a-la-realidad\/#breadcrumb"},"inLanguage":"es","potentialAction":[{"@type":"ReadAction","target":["https:\/\/soledaddurazo.com\/blog\/2025\/05\/27\/se-acabo-la-fiesta-regresamos-a-la-realidad\/"]}]},{"@type":"BreadcrumbList","@id":"https:\/\/soledaddurazo.com\/blog\/2025\/05\/27\/se-acabo-la-fiesta-regresamos-a-la-realidad\/#breadcrumb","itemListElement":[{"@type":"ListItem","position":1,"name":"Home","item":"https:\/\/soledaddurazo.com\/"},{"@type":"ListItem","position":2,"name":"Se acab\u00f3 la fiesta, regresamos a la realidad"}]},{"@type":"Article","@id":"https:\/\/soledaddurazo.com\/blog\/2025\/05\/27\/se-acabo-la-fiesta-regresamos-a-la-realidad\/#article","isPartOf":{"@id":"https:\/\/soledaddurazo.com\/blog\/2025\/05\/27\/se-acabo-la-fiesta-regresamos-a-la-realidad\/#webpage"},"author":{"@id":"https:\/\/soledaddurazo.com\/#\/schema\/person\/822d8e13aa288585e6546f179853758b"},"headline":"Se acab\u00f3 la fiesta, regresamos a la realidad","datePublished":"2025-05-28T03:53:12+00:00","dateModified":"2025-05-28T03:53:12+00:00","mainEntityOfPage":{"@id":"https:\/\/soledaddurazo.com\/blog\/2025\/05\/27\/se-acabo-la-fiesta-regresamos-a-la-realidad\/#webpage"},"wordCount":1683,"commentCount":0,"publisher":{"@id":"https:\/\/soledaddurazo.com\/#organization"},"image":{"@id":"https:\/\/soledaddurazo.com\/blog\/2025\/05\/27\/se-acabo-la-fiesta-regresamos-a-la-realidad\/#primaryimage"},"thumbnailUrl":"https:\/\/soledaddurazo.com\/storage\/2025\/03\/9a-GRAFICO-FERNANDO-OROPEZA.jpeg","articleSection":["Fernando Oropeza"],"inLanguage":"es","potentialAction":[{"@type":"CommentAction","name":"Comment","target":["https:\/\/soledaddurazo.com\/blog\/2025\/05\/27\/se-acabo-la-fiesta-regresamos-a-la-realidad\/#respond"]}]},{"@type":"Person","@id":"https:\/\/soledaddurazo.com\/#\/schema\/person\/822d8e13aa288585e6546f179853758b","name":"Redacci\u00f3n","image":{"@type":"ImageObject","@id":"https:\/\/soledaddurazo.com\/#personlogo","inLanguage":"es","url":"https:\/\/secure.gravatar.com\/avatar\/c4e193752f756fd61f04deebed3a3a20dc188d37edb53682d313ac57f2725d54?s=96&d=mm&r=g","contentUrl":"https:\/\/secure.gravatar.com\/avatar\/c4e193752f756fd61f04deebed3a3a20dc188d37edb53682d313ac57f2725d54?s=96&d=mm&r=g","caption":"Redacci\u00f3n"},"sameAs":["https:\/\/soledaddurazo.com"]}]}},"_links":{"self":[{"href":"https:\/\/soledaddurazo.com\/api\/wp\/v2\/posts\/22765","targetHints":{"allow":["GET"]}}],"collection":[{"href":"https:\/\/soledaddurazo.com\/api\/wp\/v2\/posts"}],"about":[{"href":"https:\/\/soledaddurazo.com\/api\/wp\/v2\/types\/post"}],"author":[{"embeddable":true,"href":"https:\/\/soledaddurazo.com\/api\/wp\/v2\/users\/1"}],"replies":[{"embeddable":true,"href":"https:\/\/soledaddurazo.com\/api\/wp\/v2\/comments?post=22765"}],"version-history":[{"count":1,"href":"https:\/\/soledaddurazo.com\/api\/wp\/v2\/posts\/22765\/revisions"}],"predecessor-version":[{"id":22768,"href":"https:\/\/soledaddurazo.com\/api\/wp\/v2\/posts\/22765\/revisions\/22768"}],"wp:featuredmedia":[{"embeddable":true,"href":"https:\/\/soledaddurazo.com\/api\/wp\/v2\/media\/22141"}],"wp:attachment":[{"href":"https:\/\/soledaddurazo.com\/api\/wp\/v2\/media?parent=22765"}],"wp:term":[{"taxonomy":"category","embeddable":true,"href":"https:\/\/soledaddurazo.com\/api\/wp\/v2\/categories?post=22765"},{"taxonomy":"post_tag","embeddable":true,"href":"https:\/\/soledaddurazo.com\/api\/wp\/v2\/tags?post=22765"}],"curies":[{"name":"wp","href":"https:\/\/api.w.org\/{rel}","templated":true}]}}