{"id":22761,"date":"2025-05-26T17:51:33","date_gmt":"2025-05-27T00:51:33","guid":{"rendered":"https:\/\/soledaddurazo.com\/?p=22761"},"modified":"2025-05-26T17:51:33","modified_gmt":"2025-05-27T00:51:33","slug":"la-genetica-no-es-destino-ni-el-la-infancia-es-destino-la-clave-esta-en-el-estilo-de-vida-veronica-del-castillo","status":"publish","type":"post","link":"https:\/\/soledaddurazo.com\/blog\/2025\/05\/26\/la-genetica-no-es-destino-ni-el-la-infancia-es-destino-la-clave-esta-en-el-estilo-de-vida-veronica-del-castillo\/","title":{"rendered":"La gen\u00e9tica no es destino ni el la infancia es destino, la clave est\u00e1 en el estilo de vida: Ver\u00f3nica del Castillo"},"content":{"rendered":"<p>De su transici\u00f3n del periodismo a escritora del tres libros, Ver\u00f3nica del Castillo, llev\u00f3 una cabo una charla con la periodista Soledad Durazo durante el programa de noticias Radio F\u00f3rmula Sonora sobre su m\u00e1s reciente trabajo literario titulado <em><strong>&#8220;Neuroabundancia&#8221;<\/strong><\/em> que invita a <em>&#8220;Hackear tu mente para lograr el \u00e9xito&#8221;<\/em>.<\/p>\n<p>&nbsp;<\/p>\n<p>&nbsp;<\/p>\n<div class=\"lyte-wrapper fourthree\" style=\"width:420px;max-width:100%;margin:5px;\"><div class=\"lyMe\" id=\"WYL_OWwAWMLhiYc\"><div id=\"lyte_OWwAWMLhiYc\" data-src=\"\/\/i.ytimg.com\/vi\/OWwAWMLhiYc\/hqdefault.jpg\" class=\"pL\"><div class=\"tC\"><div class=\"tT\"><\/div><\/div><div class=\"play\"><\/div><div class=\"ctrl\"><div class=\"Lctrl\"><\/div><div class=\"Rctrl\"><\/div><\/div><\/div><noscript><a href=\"https:\/\/youtu.be\/OWwAWMLhiYc\"><img loading=\"lazy\" decoding=\"async\" src=\"https:\/\/i.ytimg.com\/vi\/OWwAWMLhiYc\/0.jpg\" alt=\"\" width=\"420\" height=\"295\" \/><br \/>Ver este video en YouTube<\/a><\/noscript><\/div><\/div><div class=\"lL\" style=\"max-width:100%;width:420px;margin:5px;\"><\/div>\n","protected":false},"excerpt":{"rendered":"<p>De su transici\u00f3n del periodismo a escritora del tres libros, Ver\u00f3nica del Castillo, llev\u00f3 una cabo una charla con la periodista Soledad Durazo durante el programa de noticias Radio F\u00f3rmula Sonora sobre su m\u00e1s reciente trabajo literario titulado &#8220;Neuroabundancia&#8221; que invita a &#8220;Hackear tu mente para lograr el \u00e9xito&#8221;. &nbsp; &nbsp; Ver este video en [&hellip;]<\/p>\n","protected":false},"author":1,"featured_media":22763,"comment_status":"open","ping_status":"open","sticky":false,"template":"","format":"standard","meta":{"footnotes":""},"categories":[162,153],"tags":[],"class_list":["post"],"yoast_head":" \n<title>La gen\u00e9tica no es destino ni el la infancia es destino, la clave est\u00e1 en el estilo de vida: Ver\u00f3nica del Castillo - Periodista SoledadDurazo.com<\/title>\n<meta name=\"robots\" content=\"index, follow, max-snippet:-1, max-image-preview:large, max-video-preview:-1\" \/>\n<link rel=\"canonical\" href=\"https:\/\/soledaddurazo.com\/blog\/2025\/05\/26\/la-genetica-no-es-destino-ni-el-la-infancia-es-destino-la-clave-esta-en-el-estilo-de-vida-veronica-del-castillo\/\" \/>\n<meta property=\"og:locale\" content=\"es_MX\" \/>\n<meta property=\"og:type\" content=\"article\" \/>\n<meta property=\"og:title\" content=\"La gen\u00e9tica no es destino ni el la infancia es destino, la clave est\u00e1 en el estilo de vida: Ver\u00f3nica del Castillo\" \/>\n<meta property=\"og:description\" content=\"De su transici\u00f3n del periodismo a escritora del tres libros, Ver\u00f3nica del Castillo, llev\u00f3 una cabo una charla con la periodista Soledad Durazo durante el programa de noticias Radio F\u00f3rmula Sonora sobre su m\u00e1s reciente trabajo literario titulado &#8220;Neuroabundancia&#8221; que invita a &#8220;Hackear tu mente para lograr el \u00e9xito&#8221;. &nbsp; &nbsp; Ver este video en [&hellip;]\" \/>\n<meta property=\"og:url\" content=\"https:\/\/soledaddurazo.com\/blog\/2025\/05\/26\/la-genetica-no-es-destino-ni-el-la-infancia-es-destino-la-clave-esta-en-el-estilo-de-vida-veronica-del-castillo\/\" \/>\n<meta property=\"og:site_name\" content=\"Periodista SoledadDurazo.com\" \/>\n<meta property=\"article:publisher\" content=\"https:\/\/www.facebook.com\/soledad.durazo.9\/\" \/>\n<meta property=\"article:published_time\" content=\"2025-05-27T00:51:33+00:00\" \/>\n<meta property=\"og:image\" content=\"https:\/\/soledaddurazo.com\/storage\/2025\/05\/images-3.jpeg\" \/>\n\t<meta property=\"og:image:width\" content=\"299\" \/>\n\t<meta property=\"og:image:height\" content=\"168\" \/>\n<meta name=\"twitter:card\" content=\"summary_large_image\" \/>\n<meta name=\"twitter:creator\" content=\"@SoledadDurazo\" \/>\n<meta name=\"twitter:site\" content=\"@SoledadDurazo\" \/>\n<meta name=\"twitter:label1\" content=\"Escrito por\" \/>\n\t<meta name=\"twitter:data1\" content=\"Redacci\u00f3n\" \/>\n\t<meta name=\"twitter:label2\" content=\"Tiempo de lectura\" \/>\n\t<meta name=\"twitter:data2\" content=\"1 minuto\" \/>\n<script type=\"application\/ld+json\" class=\"yoast-schema-graph\">{\"@context\":\"https:\/\/schema.org\",\"@graph\":[{\"@type\":\"Organization\",\"@id\":\"https:\/\/soledaddurazo.com\/#organization\",\"name\":\"Soledad Durazo\",\"url\":\"https:\/\/soledaddurazo.com\/\",\"sameAs\":[\"https:\/\/www.facebook.com\/soledad.durazo.9\/\",\"https:\/\/www.instagram.com\/soledaddurazo\",\"https:\/\/www.youtube.com\/channel\/UC9yGPw8-Vbl_B2XNkRwPS-w\",\"https:\/\/twitter.com\/SoledadDurazo\"],\"logo\":{\"@type\":\"ImageObject\",\"@id\":\"https:\/\/soledaddurazo.com\/#logo\",\"inLanguage\":\"es\",\"url\":\"https:\/\/soledaddurazo.com\/storage\/2021\/11\/nllp-720x375-1-2.png\",\"contentUrl\":\"https:\/\/soledaddurazo.com\/storage\/2021\/11\/nllp-720x375-1-2.png\",\"width\":720,\"height\":375,\"caption\":\"Soledad Durazo\"},\"image\":{\"@id\":\"https:\/\/soledaddurazo.com\/#logo\"}},{\"@type\":\"WebSite\",\"@id\":\"https:\/\/soledaddurazo.com\/#website\",\"url\":\"https:\/\/soledaddurazo.com\/\",\"name\":\"Periodista SoledadDurazo.com\",\"description\":\"Periodista sonorense. Directora de www.SoledadDurazo.com Columnista, conductora de radio y Tv. Catedr\\u00e1tica en la UNISON\",\"publisher\":{\"@id\":\"https:\/\/soledaddurazo.com\/#organization\"},\"potentialAction\":[{\"@type\":\"SearchAction\",\"target\":{\"@type\":\"EntryPoint\",\"urlTemplate\":\"https:\/\/soledaddurazo.com\/?s={search_term_string}\"},\"query-input\":\"required name=search_term_string\"}],\"inLanguage\":\"es\"},{\"@type\":\"ImageObject\",\"@id\":\"https:\/\/soledaddurazo.com\/blog\/2025\/05\/26\/la-genetica-no-es-destino-ni-el-la-infancia-es-destino-la-clave-esta-en-el-estilo-de-vida-veronica-del-castillo\/#primaryimage\",\"inLanguage\":\"es\",\"url\":\"https:\/\/soledaddurazo.com\/storage\/2025\/05\/images-3.jpeg\",\"contentUrl\":\"https:\/\/soledaddurazo.com\/storage\/2025\/05\/images-3.jpeg\",\"width\":299,\"height\":168},{\"@type\":\"WebPage\",\"@id\":\"https:\/\/soledaddurazo.com\/blog\/2025\/05\/26\/la-genetica-no-es-destino-ni-el-la-infancia-es-destino-la-clave-esta-en-el-estilo-de-vida-veronica-del-castillo\/#webpage\",\"url\":\"https:\/\/soledaddurazo.com\/blog\/2025\/05\/26\/la-genetica-no-es-destino-ni-el-la-infancia-es-destino-la-clave-esta-en-el-estilo-de-vida-veronica-del-castillo\/\",\"name\":\"La gen\\u00e9tica no es destino ni el la infancia es destino, la clave est\\u00e1 en el estilo de vida: Ver\\u00f3nica del Castillo - Periodista SoledadDurazo.com\",\"isPartOf\":{\"@id\":\"https:\/\/soledaddurazo.com\/#website\"},\"primaryImageOfPage\":{\"@id\":\"https:\/\/soledaddurazo.com\/blog\/2025\/05\/26\/la-genetica-no-es-destino-ni-el-la-infancia-es-destino-la-clave-esta-en-el-estilo-de-vida-veronica-del-castillo\/#primaryimage\"},\"datePublished\":\"2025-05-27T00:51:33+00:00\",\"dateModified\":\"2025-05-27T00:51:33+00:00\",\"breadcrumb\":{\"@id\":\"https:\/\/soledaddurazo.com\/blog\/2025\/05\/26\/la-genetica-no-es-destino-ni-el-la-infancia-es-destino-la-clave-esta-en-el-estilo-de-vida-veronica-del-castillo\/#breadcrumb\"},\"inLanguage\":\"es\",\"potentialAction\":[{\"@type\":\"ReadAction\",\"target\":[\"https:\/\/soledaddurazo.com\/blog\/2025\/05\/26\/la-genetica-no-es-destino-ni-el-la-infancia-es-destino-la-clave-esta-en-el-estilo-de-vida-veronica-del-castillo\/\"]}]},{\"@type\":\"BreadcrumbList\",\"@id\":\"https:\/\/soledaddurazo.com\/blog\/2025\/05\/26\/la-genetica-no-es-destino-ni-el-la-infancia-es-destino-la-clave-esta-en-el-estilo-de-vida-veronica-del-castillo\/#breadcrumb\",\"itemListElement\":[{\"@type\":\"ListItem\",\"position\":1,\"name\":\"Home\",\"item\":\"https:\/\/soledaddurazo.com\/\"},{\"@type\":\"ListItem\",\"position\":2,\"name\":\"La gen\\u00e9tica no es destino ni el la infancia es destino, la clave est\\u00e1 en el estilo de vida: Ver\\u00f3nica del Castillo\"}]},{\"@type\":\"Article\",\"@id\":\"https:\/\/soledaddurazo.com\/blog\/2025\/05\/26\/la-genetica-no-es-destino-ni-el-la-infancia-es-destino-la-clave-esta-en-el-estilo-de-vida-veronica-del-castillo\/#article\",\"isPartOf\":{\"@id\":\"https:\/\/soledaddurazo.com\/blog\/2025\/05\/26\/la-genetica-no-es-destino-ni-el-la-infancia-es-destino-la-clave-esta-en-el-estilo-de-vida-veronica-del-castillo\/#webpage\"},\"author\":{\"@id\":\"https:\/\/soledaddurazo.com\/#\/schema\/person\/822d8e13aa288585e6546f179853758b\"},\"headline\":\"La gen\\u00e9tica no es destino ni el la infancia es destino, la clave est\\u00e1 en el estilo de vida: Ver\\u00f3nica del Castillo\",\"datePublished\":\"2025-05-27T00:51:33+00:00\",\"dateModified\":\"2025-05-27T00:51:33+00:00\",\"mainEntityOfPage\":{\"@id\":\"https:\/\/soledaddurazo.com\/blog\/2025\/05\/26\/la-genetica-no-es-destino-ni-el-la-infancia-es-destino-la-clave-esta-en-el-estilo-de-vida-veronica-del-castillo\/#webpage\"},\"wordCount\":83,\"commentCount\":0,\"publisher\":{\"@id\":\"https:\/\/soledaddurazo.com\/#organization\"},\"image\":{\"@id\":\"https:\/\/soledaddurazo.com\/blog\/2025\/05\/26\/la-genetica-no-es-destino-ni-el-la-infancia-es-destino-la-clave-esta-en-el-estilo-de-vida-veronica-del-castillo\/#primaryimage\"},\"thumbnailUrl\":\"https:\/\/soledaddurazo.com\/storage\/2025\/05\/images-3.jpeg\",\"articleSection\":[\"Lo digo como es\",\"principal\"],\"inLanguage\":\"es\",\"potentialAction\":[{\"@type\":\"CommentAction\",\"name\":\"Comment\",\"target\":[\"https:\/\/soledaddurazo.com\/blog\/2025\/05\/26\/la-genetica-no-es-destino-ni-el-la-infancia-es-destino-la-clave-esta-en-el-estilo-de-vida-veronica-del-castillo\/#respond\"]}]},{\"@type\":\"Person\",\"@id\":\"https:\/\/soledaddurazo.com\/#\/schema\/person\/822d8e13aa288585e6546f179853758b\",\"name\":\"Redacci\\u00f3n\",\"image\":{\"@type\":\"ImageObject\",\"@id\":\"https:\/\/soledaddurazo.com\/#personlogo\",\"inLanguage\":\"es\",\"url\":\"https:\/\/secure.gravatar.com\/avatar\/c4e193752f756fd61f04deebed3a3a20dc188d37edb53682d313ac57f2725d54?s=96&d=mm&r=g\",\"contentUrl\":\"https:\/\/secure.gravatar.com\/avatar\/c4e193752f756fd61f04deebed3a3a20dc188d37edb53682d313ac57f2725d54?s=96&d=mm&r=g\",\"caption\":\"Redacci\\u00f3n\"},\"sameAs\":[\"https:\/\/soledaddurazo.com\"]}]}<\/script>\n ","yoast_head_json":{"title":"La gen\u00e9tica no es destino ni el la infancia es destino, la clave est\u00e1 en el estilo de vida: Ver\u00f3nica del Castillo - Periodista SoledadDurazo.com","robots":{"index":"index","follow":"follow","max-snippet":"max-snippet:-1","max-image-preview":"max-image-preview:large","max-video-preview":"max-video-preview:-1"},"canonical":"https:\/\/soledaddurazo.com\/blog\/2025\/05\/26\/la-genetica-no-es-destino-ni-el-la-infancia-es-destino-la-clave-esta-en-el-estilo-de-vida-veronica-del-castillo\/","og_locale":"es_MX","og_type":"article","og_title":"La gen\u00e9tica no es destino ni el la infancia es destino, la clave est\u00e1 en el estilo de vida: Ver\u00f3nica del Castillo","og_description":"De su transici\u00f3n del periodismo a escritora del tres libros, Ver\u00f3nica del Castillo, llev\u00f3 una cabo una charla con la periodista Soledad Durazo durante el programa de noticias Radio F\u00f3rmula Sonora sobre su m\u00e1s reciente trabajo literario titulado &#8220;Neuroabundancia&#8221; que invita a &#8220;Hackear tu mente para lograr el \u00e9xito&#8221;. &nbsp; &nbsp; Ver este video en [&hellip;]","og_url":"https:\/\/soledaddurazo.com\/blog\/2025\/05\/26\/la-genetica-no-es-destino-ni-el-la-infancia-es-destino-la-clave-esta-en-el-estilo-de-vida-veronica-del-castillo\/","og_site_name":"Periodista SoledadDurazo.com","article_publisher":"https:\/\/www.facebook.com\/soledad.durazo.9\/","article_published_time":"2025-05-27T00:51:33+00:00","og_image":[{"width":299,"height":168,"url":"https:\/\/soledaddurazo.com\/storage\/2025\/05\/images-3.jpeg","type":"image\/jpeg"}],"twitter_card":"summary_large_image","twitter_creator":"@SoledadDurazo","twitter_site":"@SoledadDurazo","twitter_misc":{"Escrito por":"Redacci\u00f3n","Tiempo de lectura":"1 minuto"},"schema":{"@context":"https:\/\/schema.org","@graph":[{"@type":"Organization","@id":"https:\/\/soledaddurazo.com\/#organization","name":"Soledad Durazo","url":"https:\/\/soledaddurazo.com\/","sameAs":["https:\/\/www.facebook.com\/soledad.durazo.9\/","https:\/\/www.instagram.com\/soledaddurazo","https:\/\/www.youtube.com\/channel\/UC9yGPw8-Vbl_B2XNkRwPS-w","https:\/\/twitter.com\/SoledadDurazo"],"logo":{"@type":"ImageObject","@id":"https:\/\/soledaddurazo.com\/#logo","inLanguage":"es","url":"https:\/\/soledaddurazo.com\/storage\/2021\/11\/nllp-720x375-1-2.png","contentUrl":"https:\/\/soledaddurazo.com\/storage\/2021\/11\/nllp-720x375-1-2.png","width":720,"height":375,"caption":"Soledad Durazo"},"image":{"@id":"https:\/\/soledaddurazo.com\/#logo"}},{"@type":"WebSite","@id":"https:\/\/soledaddurazo.com\/#website","url":"https:\/\/soledaddurazo.com\/","name":"Periodista SoledadDurazo.com","description":"Periodista sonorense. Directora de www.SoledadDurazo.com Columnista, conductora de radio y Tv. Catedr\u00e1tica en la UNISON","publisher":{"@id":"https:\/\/soledaddurazo.com\/#organization"},"potentialAction":[{"@type":"SearchAction","target":{"@type":"EntryPoint","urlTemplate":"https:\/\/soledaddurazo.com\/?s={search_term_string}"},"query-input":"required name=search_term_string"}],"inLanguage":"es"},{"@type":"ImageObject","@id":"https:\/\/soledaddurazo.com\/blog\/2025\/05\/26\/la-genetica-no-es-destino-ni-el-la-infancia-es-destino-la-clave-esta-en-el-estilo-de-vida-veronica-del-castillo\/#primaryimage","inLanguage":"es","url":"https:\/\/soledaddurazo.com\/storage\/2025\/05\/images-3.jpeg","contentUrl":"https:\/\/soledaddurazo.com\/storage\/2025\/05\/images-3.jpeg","width":299,"height":168},{"@type":"WebPage","@id":"https:\/\/soledaddurazo.com\/blog\/2025\/05\/26\/la-genetica-no-es-destino-ni-el-la-infancia-es-destino-la-clave-esta-en-el-estilo-de-vida-veronica-del-castillo\/#webpage","url":"https:\/\/soledaddurazo.com\/blog\/2025\/05\/26\/la-genetica-no-es-destino-ni-el-la-infancia-es-destino-la-clave-esta-en-el-estilo-de-vida-veronica-del-castillo\/","name":"La gen\u00e9tica no es destino ni el la infancia es destino, la clave est\u00e1 en el estilo de vida: Ver\u00f3nica del Castillo - Periodista SoledadDurazo.com","isPartOf":{"@id":"https:\/\/soledaddurazo.com\/#website"},"primaryImageOfPage":{"@id":"https:\/\/soledaddurazo.com\/blog\/2025\/05\/26\/la-genetica-no-es-destino-ni-el-la-infancia-es-destino-la-clave-esta-en-el-estilo-de-vida-veronica-del-castillo\/#primaryimage"},"datePublished":"2025-05-27T00:51:33+00:00","dateModified":"2025-05-27T00:51:33+00:00","breadcrumb":{"@id":"https:\/\/soledaddurazo.com\/blog\/2025\/05\/26\/la-genetica-no-es-destino-ni-el-la-infancia-es-destino-la-clave-esta-en-el-estilo-de-vida-veronica-del-castillo\/#breadcrumb"},"inLanguage":"es","potentialAction":[{"@type":"ReadAction","target":["https:\/\/soledaddurazo.com\/blog\/2025\/05\/26\/la-genetica-no-es-destino-ni-el-la-infancia-es-destino-la-clave-esta-en-el-estilo-de-vida-veronica-del-castillo\/"]}]},{"@type":"BreadcrumbList","@id":"https:\/\/soledaddurazo.com\/blog\/2025\/05\/26\/la-genetica-no-es-destino-ni-el-la-infancia-es-destino-la-clave-esta-en-el-estilo-de-vida-veronica-del-castillo\/#breadcrumb","itemListElement":[{"@type":"ListItem","position":1,"name":"Home","item":"https:\/\/soledaddurazo.com\/"},{"@type":"ListItem","position":2,"name":"La gen\u00e9tica no es destino ni el la infancia es destino, la clave est\u00e1 en el estilo de vida: Ver\u00f3nica del Castillo"}]},{"@type":"Article","@id":"https:\/\/soledaddurazo.com\/blog\/2025\/05\/26\/la-genetica-no-es-destino-ni-el-la-infancia-es-destino-la-clave-esta-en-el-estilo-de-vida-veronica-del-castillo\/#article","isPartOf":{"@id":"https:\/\/soledaddurazo.com\/blog\/2025\/05\/26\/la-genetica-no-es-destino-ni-el-la-infancia-es-destino-la-clave-esta-en-el-estilo-de-vida-veronica-del-castillo\/#webpage"},"author":{"@id":"https:\/\/soledaddurazo.com\/#\/schema\/person\/822d8e13aa288585e6546f179853758b"},"headline":"La gen\u00e9tica no es destino ni el la infancia es destino, la clave est\u00e1 en el estilo de vida: Ver\u00f3nica del Castillo","datePublished":"2025-05-27T00:51:33+00:00","dateModified":"2025-05-27T00:51:33+00:00","mainEntityOfPage":{"@id":"https:\/\/soledaddurazo.com\/blog\/2025\/05\/26\/la-genetica-no-es-destino-ni-el-la-infancia-es-destino-la-clave-esta-en-el-estilo-de-vida-veronica-del-castillo\/#webpage"},"wordCount":83,"commentCount":0,"publisher":{"@id":"https:\/\/soledaddurazo.com\/#organization"},"image":{"@id":"https:\/\/soledaddurazo.com\/blog\/2025\/05\/26\/la-genetica-no-es-destino-ni-el-la-infancia-es-destino-la-clave-esta-en-el-estilo-de-vida-veronica-del-castillo\/#primaryimage"},"thumbnailUrl":"https:\/\/soledaddurazo.com\/storage\/2025\/05\/images-3.jpeg","articleSection":["Lo digo como es","principal"],"inLanguage":"es","potentialAction":[{"@type":"CommentAction","name":"Comment","target":["https:\/\/soledaddurazo.com\/blog\/2025\/05\/26\/la-genetica-no-es-destino-ni-el-la-infancia-es-destino-la-clave-esta-en-el-estilo-de-vida-veronica-del-castillo\/#respond"]}]},{"@type":"Person","@id":"https:\/\/soledaddurazo.com\/#\/schema\/person\/822d8e13aa288585e6546f179853758b","name":"Redacci\u00f3n","image":{"@type":"ImageObject","@id":"https:\/\/soledaddurazo.com\/#personlogo","inLanguage":"es","url":"https:\/\/secure.gravatar.com\/avatar\/c4e193752f756fd61f04deebed3a3a20dc188d37edb53682d313ac57f2725d54?s=96&d=mm&r=g","contentUrl":"https:\/\/secure.gravatar.com\/avatar\/c4e193752f756fd61f04deebed3a3a20dc188d37edb53682d313ac57f2725d54?s=96&d=mm&r=g","caption":"Redacci\u00f3n"},"sameAs":["https:\/\/soledaddurazo.com"]}]}},"_links":{"self":[{"href":"https:\/\/soledaddurazo.com\/api\/wp\/v2\/posts\/22761","targetHints":{"allow":["GET"]}}],"collection":[{"href":"https:\/\/soledaddurazo.com\/api\/wp\/v2\/posts"}],"about":[{"href":"https:\/\/soledaddurazo.com\/api\/wp\/v2\/types\/post"}],"author":[{"embeddable":true,"href":"https:\/\/soledaddurazo.com\/api\/wp\/v2\/users\/1"}],"replies":[{"embeddable":true,"href":"https:\/\/soledaddurazo.com\/api\/wp\/v2\/comments?post=22761"}],"version-history":[{"count":1,"href":"https:\/\/soledaddurazo.com\/api\/wp\/v2\/posts\/22761\/revisions"}],"predecessor-version":[{"id":22764,"href":"https:\/\/soledaddurazo.com\/api\/wp\/v2\/posts\/22761\/revisions\/22764"}],"wp:featuredmedia":[{"embeddable":true,"href":"https:\/\/soledaddurazo.com\/api\/wp\/v2\/media\/22763"}],"wp:attachment":[{"href":"https:\/\/soledaddurazo.com\/api\/wp\/v2\/media?parent=22761"}],"wp:term":[{"taxonomy":"category","embeddable":true,"href":"https:\/\/soledaddurazo.com\/api\/wp\/v2\/categories?post=22761"},{"taxonomy":"post_tag","embeddable":true,"href":"https:\/\/soledaddurazo.com\/api\/wp\/v2\/tags?post=22761"}],"curies":[{"name":"wp","href":"https:\/\/api.w.org\/{rel}","templated":true}]}}