{"id":22501,"date":"2025-04-24T09:49:20","date_gmt":"2025-04-24T16:49:20","guid":{"rendered":"https:\/\/soledaddurazo.com\/?p=22501"},"modified":"2025-04-24T09:55:38","modified_gmt":"2025-04-24T16:55:38","slug":"crisis-en-sonora-desaparecen-258-menores-en-2024-1072-mas-que-en-2023","status":"publish","type":"post","link":"https:\/\/soledaddurazo.com\/blog\/2025\/04\/24\/crisis-en-sonora-desaparecen-258-menores-en-2024-1072-mas-que-en-2023\/","title":{"rendered":"Crisis en Sonora: desaparecen 258 menores en 2024, 1072% m\u00e1s que en 2023"},"content":{"rendered":"<p>Si algo ha llamado la atenci\u00f3n en los \u00faltimos a\u00f1os han sido los cientos, incluso miles, de desaparecidos que ha habido no solo en el pa\u00eds, sino tambi\u00e9n en el estado de Sonora. Y aunque las razones detr\u00e1s de estas desapariciones pueden ser muy variadas, una forma que tristemente se ha vuelto com\u00fan de encontrarlos es en fosas clandestinas y sin vida, sin discriminar g\u00e9nero o edad.<\/p>\n<p>Pero hay un grupo particularmente vulnerable dentro de estas cifras: las ni\u00f1as, ni\u00f1os y adolescentes.<\/p>\n<p>En 2023 desaparecieron 9,347 menores a nivel nacional; en Sonora fueron 22, de los cuales solo 7 fueron localizados. Para 2024, la cifra nacional subi\u00f3 a 10,355 casos (un aumento del 10.78%), y en Sonora se dispar\u00f3 a 258, un incremento del 1072.73%. Aunque 190 fueron encontrados con vida, 68 siguen sin ser localizados, lo que representa un aumento del 325% en menores no localizados en solo un a\u00f1o.<\/p>\n<p><a href=\"https:\/\/soledaddurazo.com\/storage\/2025\/04\/1.jpg\"><img loading=\"lazy\" decoding=\"async\" class=\"aligncenter size-full wp-image-22502\" src=\"https:\/\/soledaddurazo.com\/storage\/2025\/04\/1.jpg\" alt=\"\" width=\"1600\" height=\"499\" srcset=\"https:\/\/soledaddurazo.com\/storage\/2025\/04\/1.jpg 1600w, https:\/\/soledaddurazo.com\/storage\/2025\/04\/1-300x94.jpg 300w, https:\/\/soledaddurazo.com\/storage\/2025\/04\/1-1024x319.jpg 1024w, https:\/\/soledaddurazo.com\/storage\/2025\/04\/1-768x240.jpg 768w, https:\/\/soledaddurazo.com\/storage\/2025\/04\/1-1536x479.jpg 1536w, https:\/\/soledaddurazo.com\/storage\/2025\/04\/1-600x187.jpg 600w, https:\/\/soledaddurazo.com\/storage\/2025\/04\/1-750x234.jpg 750w, https:\/\/soledaddurazo.com\/storage\/2025\/04\/1-1140x356.jpg 1140w\" sizes=\"auto, (max-width: 1600px) 100vw, 1600px\" \/><\/a><\/p>\n<p><strong>(Datos nacionales 2023)<\/strong><\/p>\n<p>&nbsp;<\/p>\n<p>&nbsp;<\/p>\n<p><a href=\"https:\/\/soledaddurazo.com\/storage\/2025\/04\/2.png\"><img loading=\"lazy\" decoding=\"async\" class=\"aligncenter size-full wp-image-22503\" src=\"https:\/\/soledaddurazo.com\/storage\/2025\/04\/2.png\" alt=\"\" width=\"1673\" height=\"507\" srcset=\"https:\/\/soledaddurazo.com\/storage\/2025\/04\/2.png 1673w, https:\/\/soledaddurazo.com\/storage\/2025\/04\/2-300x91.png 300w, https:\/\/soledaddurazo.com\/storage\/2025\/04\/2-1024x310.png 1024w, https:\/\/soledaddurazo.com\/storage\/2025\/04\/2-768x233.png 768w, https:\/\/soledaddurazo.com\/storage\/2025\/04\/2-1536x465.png 1536w, https:\/\/soledaddurazo.com\/storage\/2025\/04\/2-600x182.png 600w, https:\/\/soledaddurazo.com\/storage\/2025\/04\/2-750x227.png 750w, https:\/\/soledaddurazo.com\/storage\/2025\/04\/2-1140x345.png 1140w\" sizes=\"auto, (max-width: 1673px) 100vw, 1673px\" \/><\/a><\/p>\n<p><strong>(Datos nacionales 2024)<\/strong><\/p>\n<p>&nbsp;<\/p>\n<p><strong> <a href=\"https:\/\/soledaddurazo.com\/storage\/2025\/04\/3.png\"><img loading=\"lazy\" decoding=\"async\" class=\"aligncenter size-full wp-image-22504\" src=\"https:\/\/soledaddurazo.com\/storage\/2025\/04\/3.png\" alt=\"\" width=\"1676\" height=\"507\" srcset=\"https:\/\/soledaddurazo.com\/storage\/2025\/04\/3.png 1676w, https:\/\/soledaddurazo.com\/storage\/2025\/04\/3-300x91.png 300w, https:\/\/soledaddurazo.com\/storage\/2025\/04\/3-1024x310.png 1024w, https:\/\/soledaddurazo.com\/storage\/2025\/04\/3-768x232.png 768w, https:\/\/soledaddurazo.com\/storage\/2025\/04\/3-1536x465.png 1536w, https:\/\/soledaddurazo.com\/storage\/2025\/04\/3-600x182.png 600w, https:\/\/soledaddurazo.com\/storage\/2025\/04\/3-750x227.png 750w, https:\/\/soledaddurazo.com\/storage\/2025\/04\/3-1140x345.png 1140w\" sizes=\"auto, (max-width: 1676px) 100vw, 1676px\" \/><\/a><\/strong><\/p>\n<p><strong>(Datos Sonora 2023)<\/strong><\/p>\n<p>&nbsp;<\/p>\n<p>&nbsp;<\/p>\n<p><a href=\"https:\/\/soledaddurazo.com\/storage\/2025\/04\/4.png\"><img loading=\"lazy\" decoding=\"async\" class=\"aligncenter size-full wp-image-22505\" src=\"https:\/\/soledaddurazo.com\/storage\/2025\/04\/4.png\" alt=\"\" width=\"1671\" height=\"529\" srcset=\"https:\/\/soledaddurazo.com\/storage\/2025\/04\/4.png 1671w, https:\/\/soledaddurazo.com\/storage\/2025\/04\/4-300x95.png 300w, https:\/\/soledaddurazo.com\/storage\/2025\/04\/4-1024x324.png 1024w, https:\/\/soledaddurazo.com\/storage\/2025\/04\/4-768x243.png 768w, https:\/\/soledaddurazo.com\/storage\/2025\/04\/4-1536x486.png 1536w, https:\/\/soledaddurazo.com\/storage\/2025\/04\/4-600x190.png 600w, https:\/\/soledaddurazo.com\/storage\/2025\/04\/4-750x237.png 750w, https:\/\/soledaddurazo.com\/storage\/2025\/04\/4-1140x361.png 1140w\" sizes=\"auto, (max-width: 1671px) 100vw, 1671px\" \/><\/a><\/p>\n<p><strong>(Datos Sonora 2024)<\/strong><\/p>\n<p><strong>\u00a0<\/strong><\/p>\n<p>Este salto genera preguntas urgentes:<\/p>\n<p><strong><em>\u00bfQu\u00e9 est\u00e1 ocurriendo con la ni\u00f1ez y adolescencia en Sonora?, <\/em><\/strong><\/p>\n<p><strong><em>\u00bfPor qu\u00e9 se dispararon las desapariciones?, <\/em><\/strong><\/p>\n<p><strong><em>\u00bfSe est\u00e1 visibilizando el problema o silenciando?<\/em><\/strong><\/p>\n<p>Seg\u00fan declaraciones del gobernador de Sonora \u201cUno de los problemas que se presenta con frecuencia, lo estamos viviendo lamentablemente&#8230; los familiares se inconforman por la ausencia de uno de sus integrantes. Quiero decirles a ustedes y a la sociedad, que en el 97.2 por ciento de los homicidios que ocurren en el estado, las v\u00edctimas se esmeraron en el transcurso de su vida en crear un entorno de riesgo, en virtud de las actividades ilegales en las que estuvieron involucrados\u201d mencion\u00f3 el 10 de enero del 2025 en el D\u00eda del Polic\u00eda.<\/p>\n<p>A su vez, datos de la Fundaci\u00f3n Nueva Generaci\u00f3n Sonora, revelan que los delitos m\u00e1s comunes entre adolescentes internados son posesi\u00f3n de armas (25%), robos (17%) y narcomenudeo (11%), entre otros. Lejos de justificar las desapariciones, estos datos muestran c\u00f3mo el contexto de vulnerabilidad facilita el acercamiento al crimen organizado.<\/p>\n<p>&nbsp;<\/p>\n<p><a href=\"https:\/\/soledaddurazo.com\/storage\/2025\/04\/55.png\"><img loading=\"lazy\" decoding=\"async\" class=\"aligncenter size-full wp-image-22506\" src=\"https:\/\/soledaddurazo.com\/storage\/2025\/04\/55.png\" alt=\"\" width=\"615\" height=\"325\" srcset=\"https:\/\/soledaddurazo.com\/storage\/2025\/04\/55.png 615w, https:\/\/soledaddurazo.com\/storage\/2025\/04\/55-300x159.png 300w, https:\/\/soledaddurazo.com\/storage\/2025\/04\/55-600x317.png 600w\" sizes=\"auto, (max-width: 615px) 100vw, 615px\" \/><\/a><\/p>\n<p>En Hermosillo, entre enero y marzo de 2025 se registraron 96 aprehensiones de menores por faltas administrativas y 28 por delitos como portaci\u00f3n de armas y narc\u00f3ticos. En marzo, las detenciones por delitos aumentaron 166% respecto a los meses anteriores.<\/p>\n<p>La FGR document\u00f3 que al menos 22 menores, entre 11 y 14 a\u00f1os, fueron reclutados por c\u00e1rteles en municipios como Caborca y Sonoyta, utilizados como sicarios, \u201chalcones\u201d o traficantes. El enganche ocurre v\u00eda redes sociales o por reclutadores locales, a menudo familiares. En muchos casos hay coerci\u00f3n: amenazas, secuestros o intimidaci\u00f3n a sus familias.<\/p>\n<p>Pobreza, deserci\u00f3n escolar y violencia normalizada hacen que el narco parezca una salida viable para muchos j\u00f3venes. Y los c\u00e1rteles lo saben: buscan menores por ser manipulables, poco visibles y con penas reducidas.<\/p>\n<p>Mientras el n\u00famero de menores desaparecidos en el pa\u00eds creci\u00f3 poco m\u00e1s del 10%, en Sonora fue de m\u00e1s del 1000%. No son cifras: son 68 ni\u00f1as y ni\u00f1os que siguen sin volver a casa.<\/p>\n<p>El problema crece y las respuestas siguen siendo insuficientes. La narrativa oficial culpabiliza a las v\u00edctimas y oculta las causas reales: abandono, falta de oportunidades y crimen organizado. Nombrar el problema es el primer paso para enfrentarlo. Sonora tiene una deuda con su ni\u00f1ez. La pregunta sigue siendo: \u00bfcu\u00e1ntos ni\u00f1os, ni\u00f1as y adolescentes m\u00e1s?<\/p>\n<p>&nbsp;<\/p>\n<p>&nbsp;<\/p>\n<p>&nbsp;<\/p>\n<p>&nbsp;<\/p>\n<p>&nbsp;<\/p>\n","protected":false},"excerpt":{"rendered":"<p>Si algo ha llamado la atenci\u00f3n en los \u00faltimos a\u00f1os han sido los cientos, incluso miles, de desaparecidos que ha habido no solo en el pa\u00eds, sino tambi\u00e9n en el estado de Sonora. Y aunque las razones detr\u00e1s de estas desapariciones pueden ser muy variadas, una forma que tristemente se ha vuelto com\u00fan de encontrarlos [&hellip;]<\/p>\n","protected":false},"author":1,"featured_media":22507,"comment_status":"open","ping_status":"open","sticky":false,"template":"","format":"standard","meta":{"footnotes":""},"categories":[153],"tags":[],"class_list":["post"],"yoast_head":" \n<title>Crisis en Sonora: desaparecen 258 menores en 2024, 1072% m\u00e1s que en 2023 - Periodista SoledadDurazo.com<\/title>\n<meta name=\"robots\" content=\"index, follow, max-snippet:-1, max-image-preview:large, max-video-preview:-1\" \/>\n<link rel=\"canonical\" href=\"https:\/\/soledaddurazo.com\/blog\/2025\/04\/24\/crisis-en-sonora-desaparecen-258-menores-en-2024-1072-mas-que-en-2023\/\" \/>\n<meta property=\"og:locale\" content=\"es_MX\" \/>\n<meta property=\"og:type\" content=\"article\" \/>\n<meta property=\"og:title\" content=\"Crisis en Sonora: desaparecen 258 menores en 2024, 1072% m\u00e1s que en 2023\" \/>\n<meta property=\"og:description\" content=\"Si algo ha llamado la atenci\u00f3n en los \u00faltimos a\u00f1os han sido los cientos, incluso miles, de desaparecidos que ha habido no solo en el pa\u00eds, sino tambi\u00e9n en el estado de Sonora. Y aunque las razones detr\u00e1s de estas desapariciones pueden ser muy variadas, una forma que tristemente se ha vuelto com\u00fan de encontrarlos [&hellip;]\" \/>\n<meta property=\"og:url\" content=\"https:\/\/soledaddurazo.com\/blog\/2025\/04\/24\/crisis-en-sonora-desaparecen-258-menores-en-2024-1072-mas-que-en-2023\/\" \/>\n<meta property=\"og:site_name\" content=\"Periodista SoledadDurazo.com\" \/>\n<meta property=\"article:publisher\" content=\"https:\/\/www.facebook.com\/soledad.durazo.9\/\" \/>\n<meta property=\"article:published_time\" content=\"2025-04-24T16:49:20+00:00\" \/>\n<meta property=\"article:modified_time\" content=\"2025-04-24T16:55:38+00:00\" \/>\n<meta property=\"og:image\" content=\"https:\/\/soledaddurazo.com\/storage\/2025\/04\/fcb9ced4-acde-4a0c-b3c9-aa260289442a.jpeg\" \/>\n\t<meta property=\"og:image:width\" content=\"965\" \/>\n\t<meta property=\"og:image:height\" content=\"605\" \/>\n<meta name=\"twitter:card\" content=\"summary_large_image\" \/>\n<meta name=\"twitter:creator\" content=\"@SoledadDurazo\" \/>\n<meta name=\"twitter:site\" content=\"@SoledadDurazo\" \/>\n<meta name=\"twitter:label1\" content=\"Escrito por\" \/>\n\t<meta name=\"twitter:data1\" content=\"Redacci\u00f3n\" \/>\n\t<meta name=\"twitter:label2\" content=\"Tiempo de lectura\" \/>\n\t<meta name=\"twitter:data2\" content=\"4 minutos\" \/>\n<script type=\"application\/ld+json\" class=\"yoast-schema-graph\">{\"@context\":\"https:\/\/schema.org\",\"@graph\":[{\"@type\":\"Organization\",\"@id\":\"https:\/\/soledaddurazo.com\/#organization\",\"name\":\"Soledad Durazo\",\"url\":\"https:\/\/soledaddurazo.com\/\",\"sameAs\":[\"https:\/\/www.facebook.com\/soledad.durazo.9\/\",\"https:\/\/www.instagram.com\/soledaddurazo\",\"https:\/\/www.youtube.com\/channel\/UC9yGPw8-Vbl_B2XNkRwPS-w\",\"https:\/\/twitter.com\/SoledadDurazo\"],\"logo\":{\"@type\":\"ImageObject\",\"@id\":\"https:\/\/soledaddurazo.com\/#logo\",\"inLanguage\":\"es\",\"url\":\"https:\/\/soledaddurazo.com\/storage\/2021\/11\/nllp-720x375-1-2.png\",\"contentUrl\":\"https:\/\/soledaddurazo.com\/storage\/2021\/11\/nllp-720x375-1-2.png\",\"width\":720,\"height\":375,\"caption\":\"Soledad Durazo\"},\"image\":{\"@id\":\"https:\/\/soledaddurazo.com\/#logo\"}},{\"@type\":\"WebSite\",\"@id\":\"https:\/\/soledaddurazo.com\/#website\",\"url\":\"https:\/\/soledaddurazo.com\/\",\"name\":\"Periodista SoledadDurazo.com\",\"description\":\"Periodista sonorense. Directora de www.SoledadDurazo.com Columnista, conductora de radio y Tv. Catedr\\u00e1tica en la UNISON\",\"publisher\":{\"@id\":\"https:\/\/soledaddurazo.com\/#organization\"},\"potentialAction\":[{\"@type\":\"SearchAction\",\"target\":{\"@type\":\"EntryPoint\",\"urlTemplate\":\"https:\/\/soledaddurazo.com\/?s={search_term_string}\"},\"query-input\":\"required name=search_term_string\"}],\"inLanguage\":\"es\"},{\"@type\":\"ImageObject\",\"@id\":\"https:\/\/soledaddurazo.com\/blog\/2025\/04\/24\/crisis-en-sonora-desaparecen-258-menores-en-2024-1072-mas-que-en-2023\/#primaryimage\",\"inLanguage\":\"es\",\"url\":\"https:\/\/soledaddurazo.com\/storage\/2025\/04\/fcb9ced4-acde-4a0c-b3c9-aa260289442a.jpeg\",\"contentUrl\":\"https:\/\/soledaddurazo.com\/storage\/2025\/04\/fcb9ced4-acde-4a0c-b3c9-aa260289442a.jpeg\",\"width\":965,\"height\":605},{\"@type\":\"WebPage\",\"@id\":\"https:\/\/soledaddurazo.com\/blog\/2025\/04\/24\/crisis-en-sonora-desaparecen-258-menores-en-2024-1072-mas-que-en-2023\/#webpage\",\"url\":\"https:\/\/soledaddurazo.com\/blog\/2025\/04\/24\/crisis-en-sonora-desaparecen-258-menores-en-2024-1072-mas-que-en-2023\/\",\"name\":\"Crisis en Sonora: desaparecen 258 menores en 2024, 1072% m\\u00e1s que en 2023 - Periodista SoledadDurazo.com\",\"isPartOf\":{\"@id\":\"https:\/\/soledaddurazo.com\/#website\"},\"primaryImageOfPage\":{\"@id\":\"https:\/\/soledaddurazo.com\/blog\/2025\/04\/24\/crisis-en-sonora-desaparecen-258-menores-en-2024-1072-mas-que-en-2023\/#primaryimage\"},\"datePublished\":\"2025-04-24T16:49:20+00:00\",\"dateModified\":\"2025-04-24T16:55:38+00:00\",\"breadcrumb\":{\"@id\":\"https:\/\/soledaddurazo.com\/blog\/2025\/04\/24\/crisis-en-sonora-desaparecen-258-menores-en-2024-1072-mas-que-en-2023\/#breadcrumb\"},\"inLanguage\":\"es\",\"potentialAction\":[{\"@type\":\"ReadAction\",\"target\":[\"https:\/\/soledaddurazo.com\/blog\/2025\/04\/24\/crisis-en-sonora-desaparecen-258-menores-en-2024-1072-mas-que-en-2023\/\"]}]},{\"@type\":\"BreadcrumbList\",\"@id\":\"https:\/\/soledaddurazo.com\/blog\/2025\/04\/24\/crisis-en-sonora-desaparecen-258-menores-en-2024-1072-mas-que-en-2023\/#breadcrumb\",\"itemListElement\":[{\"@type\":\"ListItem\",\"position\":1,\"name\":\"Home\",\"item\":\"https:\/\/soledaddurazo.com\/\"},{\"@type\":\"ListItem\",\"position\":2,\"name\":\"Crisis en Sonora: desaparecen 258 menores en 2024, 1072% m\\u00e1s que en 2023\"}]},{\"@type\":\"Article\",\"@id\":\"https:\/\/soledaddurazo.com\/blog\/2025\/04\/24\/crisis-en-sonora-desaparecen-258-menores-en-2024-1072-mas-que-en-2023\/#article\",\"isPartOf\":{\"@id\":\"https:\/\/soledaddurazo.com\/blog\/2025\/04\/24\/crisis-en-sonora-desaparecen-258-menores-en-2024-1072-mas-que-en-2023\/#webpage\"},\"author\":{\"@id\":\"https:\/\/soledaddurazo.com\/#\/schema\/person\/822d8e13aa288585e6546f179853758b\"},\"headline\":\"Crisis en Sonora: desaparecen 258 menores en 2024, 1072% m\\u00e1s que en 2023\",\"datePublished\":\"2025-04-24T16:49:20+00:00\",\"dateModified\":\"2025-04-24T16:55:38+00:00\",\"mainEntityOfPage\":{\"@id\":\"https:\/\/soledaddurazo.com\/blog\/2025\/04\/24\/crisis-en-sonora-desaparecen-258-menores-en-2024-1072-mas-que-en-2023\/#webpage\"},\"wordCount\":580,\"commentCount\":0,\"publisher\":{\"@id\":\"https:\/\/soledaddurazo.com\/#organization\"},\"image\":{\"@id\":\"https:\/\/soledaddurazo.com\/blog\/2025\/04\/24\/crisis-en-sonora-desaparecen-258-menores-en-2024-1072-mas-que-en-2023\/#primaryimage\"},\"thumbnailUrl\":\"https:\/\/soledaddurazo.com\/storage\/2025\/04\/fcb9ced4-acde-4a0c-b3c9-aa260289442a.jpeg\",\"articleSection\":[\"principal\"],\"inLanguage\":\"es\",\"potentialAction\":[{\"@type\":\"CommentAction\",\"name\":\"Comment\",\"target\":[\"https:\/\/soledaddurazo.com\/blog\/2025\/04\/24\/crisis-en-sonora-desaparecen-258-menores-en-2024-1072-mas-que-en-2023\/#respond\"]}]},{\"@type\":\"Person\",\"@id\":\"https:\/\/soledaddurazo.com\/#\/schema\/person\/822d8e13aa288585e6546f179853758b\",\"name\":\"Redacci\\u00f3n\",\"image\":{\"@type\":\"ImageObject\",\"@id\":\"https:\/\/soledaddurazo.com\/#personlogo\",\"inLanguage\":\"es\",\"url\":\"https:\/\/secure.gravatar.com\/avatar\/c4e193752f756fd61f04deebed3a3a20dc188d37edb53682d313ac57f2725d54?s=96&d=mm&r=g\",\"contentUrl\":\"https:\/\/secure.gravatar.com\/avatar\/c4e193752f756fd61f04deebed3a3a20dc188d37edb53682d313ac57f2725d54?s=96&d=mm&r=g\",\"caption\":\"Redacci\\u00f3n\"},\"sameAs\":[\"https:\/\/soledaddurazo.com\"]}]}<\/script>\n ","yoast_head_json":{"title":"Crisis en Sonora: desaparecen 258 menores en 2024, 1072% m\u00e1s que en 2023 - Periodista SoledadDurazo.com","robots":{"index":"index","follow":"follow","max-snippet":"max-snippet:-1","max-image-preview":"max-image-preview:large","max-video-preview":"max-video-preview:-1"},"canonical":"https:\/\/soledaddurazo.com\/blog\/2025\/04\/24\/crisis-en-sonora-desaparecen-258-menores-en-2024-1072-mas-que-en-2023\/","og_locale":"es_MX","og_type":"article","og_title":"Crisis en Sonora: desaparecen 258 menores en 2024, 1072% m\u00e1s que en 2023","og_description":"Si algo ha llamado la atenci\u00f3n en los \u00faltimos a\u00f1os han sido los cientos, incluso miles, de desaparecidos que ha habido no solo en el pa\u00eds, sino tambi\u00e9n en el estado de Sonora. Y aunque las razones detr\u00e1s de estas desapariciones pueden ser muy variadas, una forma que tristemente se ha vuelto com\u00fan de encontrarlos [&hellip;]","og_url":"https:\/\/soledaddurazo.com\/blog\/2025\/04\/24\/crisis-en-sonora-desaparecen-258-menores-en-2024-1072-mas-que-en-2023\/","og_site_name":"Periodista SoledadDurazo.com","article_publisher":"https:\/\/www.facebook.com\/soledad.durazo.9\/","article_published_time":"2025-04-24T16:49:20+00:00","article_modified_time":"2025-04-24T16:55:38+00:00","og_image":[{"width":965,"height":605,"url":"https:\/\/soledaddurazo.com\/storage\/2025\/04\/fcb9ced4-acde-4a0c-b3c9-aa260289442a.jpeg","type":"image\/jpeg"}],"twitter_card":"summary_large_image","twitter_creator":"@SoledadDurazo","twitter_site":"@SoledadDurazo","twitter_misc":{"Escrito por":"Redacci\u00f3n","Tiempo de lectura":"4 minutos"},"schema":{"@context":"https:\/\/schema.org","@graph":[{"@type":"Organization","@id":"https:\/\/soledaddurazo.com\/#organization","name":"Soledad Durazo","url":"https:\/\/soledaddurazo.com\/","sameAs":["https:\/\/www.facebook.com\/soledad.durazo.9\/","https:\/\/www.instagram.com\/soledaddurazo","https:\/\/www.youtube.com\/channel\/UC9yGPw8-Vbl_B2XNkRwPS-w","https:\/\/twitter.com\/SoledadDurazo"],"logo":{"@type":"ImageObject","@id":"https:\/\/soledaddurazo.com\/#logo","inLanguage":"es","url":"https:\/\/soledaddurazo.com\/storage\/2021\/11\/nllp-720x375-1-2.png","contentUrl":"https:\/\/soledaddurazo.com\/storage\/2021\/11\/nllp-720x375-1-2.png","width":720,"height":375,"caption":"Soledad Durazo"},"image":{"@id":"https:\/\/soledaddurazo.com\/#logo"}},{"@type":"WebSite","@id":"https:\/\/soledaddurazo.com\/#website","url":"https:\/\/soledaddurazo.com\/","name":"Periodista SoledadDurazo.com","description":"Periodista sonorense. Directora de www.SoledadDurazo.com Columnista, conductora de radio y Tv. Catedr\u00e1tica en la UNISON","publisher":{"@id":"https:\/\/soledaddurazo.com\/#organization"},"potentialAction":[{"@type":"SearchAction","target":{"@type":"EntryPoint","urlTemplate":"https:\/\/soledaddurazo.com\/?s={search_term_string}"},"query-input":"required name=search_term_string"}],"inLanguage":"es"},{"@type":"ImageObject","@id":"https:\/\/soledaddurazo.com\/blog\/2025\/04\/24\/crisis-en-sonora-desaparecen-258-menores-en-2024-1072-mas-que-en-2023\/#primaryimage","inLanguage":"es","url":"https:\/\/soledaddurazo.com\/storage\/2025\/04\/fcb9ced4-acde-4a0c-b3c9-aa260289442a.jpeg","contentUrl":"https:\/\/soledaddurazo.com\/storage\/2025\/04\/fcb9ced4-acde-4a0c-b3c9-aa260289442a.jpeg","width":965,"height":605},{"@type":"WebPage","@id":"https:\/\/soledaddurazo.com\/blog\/2025\/04\/24\/crisis-en-sonora-desaparecen-258-menores-en-2024-1072-mas-que-en-2023\/#webpage","url":"https:\/\/soledaddurazo.com\/blog\/2025\/04\/24\/crisis-en-sonora-desaparecen-258-menores-en-2024-1072-mas-que-en-2023\/","name":"Crisis en Sonora: desaparecen 258 menores en 2024, 1072% m\u00e1s que en 2023 - Periodista SoledadDurazo.com","isPartOf":{"@id":"https:\/\/soledaddurazo.com\/#website"},"primaryImageOfPage":{"@id":"https:\/\/soledaddurazo.com\/blog\/2025\/04\/24\/crisis-en-sonora-desaparecen-258-menores-en-2024-1072-mas-que-en-2023\/#primaryimage"},"datePublished":"2025-04-24T16:49:20+00:00","dateModified":"2025-04-24T16:55:38+00:00","breadcrumb":{"@id":"https:\/\/soledaddurazo.com\/blog\/2025\/04\/24\/crisis-en-sonora-desaparecen-258-menores-en-2024-1072-mas-que-en-2023\/#breadcrumb"},"inLanguage":"es","potentialAction":[{"@type":"ReadAction","target":["https:\/\/soledaddurazo.com\/blog\/2025\/04\/24\/crisis-en-sonora-desaparecen-258-menores-en-2024-1072-mas-que-en-2023\/"]}]},{"@type":"BreadcrumbList","@id":"https:\/\/soledaddurazo.com\/blog\/2025\/04\/24\/crisis-en-sonora-desaparecen-258-menores-en-2024-1072-mas-que-en-2023\/#breadcrumb","itemListElement":[{"@type":"ListItem","position":1,"name":"Home","item":"https:\/\/soledaddurazo.com\/"},{"@type":"ListItem","position":2,"name":"Crisis en Sonora: desaparecen 258 menores en 2024, 1072% m\u00e1s que en 2023"}]},{"@type":"Article","@id":"https:\/\/soledaddurazo.com\/blog\/2025\/04\/24\/crisis-en-sonora-desaparecen-258-menores-en-2024-1072-mas-que-en-2023\/#article","isPartOf":{"@id":"https:\/\/soledaddurazo.com\/blog\/2025\/04\/24\/crisis-en-sonora-desaparecen-258-menores-en-2024-1072-mas-que-en-2023\/#webpage"},"author":{"@id":"https:\/\/soledaddurazo.com\/#\/schema\/person\/822d8e13aa288585e6546f179853758b"},"headline":"Crisis en Sonora: desaparecen 258 menores en 2024, 1072% m\u00e1s que en 2023","datePublished":"2025-04-24T16:49:20+00:00","dateModified":"2025-04-24T16:55:38+00:00","mainEntityOfPage":{"@id":"https:\/\/soledaddurazo.com\/blog\/2025\/04\/24\/crisis-en-sonora-desaparecen-258-menores-en-2024-1072-mas-que-en-2023\/#webpage"},"wordCount":580,"commentCount":0,"publisher":{"@id":"https:\/\/soledaddurazo.com\/#organization"},"image":{"@id":"https:\/\/soledaddurazo.com\/blog\/2025\/04\/24\/crisis-en-sonora-desaparecen-258-menores-en-2024-1072-mas-que-en-2023\/#primaryimage"},"thumbnailUrl":"https:\/\/soledaddurazo.com\/storage\/2025\/04\/fcb9ced4-acde-4a0c-b3c9-aa260289442a.jpeg","articleSection":["principal"],"inLanguage":"es","potentialAction":[{"@type":"CommentAction","name":"Comment","target":["https:\/\/soledaddurazo.com\/blog\/2025\/04\/24\/crisis-en-sonora-desaparecen-258-menores-en-2024-1072-mas-que-en-2023\/#respond"]}]},{"@type":"Person","@id":"https:\/\/soledaddurazo.com\/#\/schema\/person\/822d8e13aa288585e6546f179853758b","name":"Redacci\u00f3n","image":{"@type":"ImageObject","@id":"https:\/\/soledaddurazo.com\/#personlogo","inLanguage":"es","url":"https:\/\/secure.gravatar.com\/avatar\/c4e193752f756fd61f04deebed3a3a20dc188d37edb53682d313ac57f2725d54?s=96&d=mm&r=g","contentUrl":"https:\/\/secure.gravatar.com\/avatar\/c4e193752f756fd61f04deebed3a3a20dc188d37edb53682d313ac57f2725d54?s=96&d=mm&r=g","caption":"Redacci\u00f3n"},"sameAs":["https:\/\/soledaddurazo.com"]}]}},"_links":{"self":[{"href":"https:\/\/soledaddurazo.com\/api\/wp\/v2\/posts\/22501","targetHints":{"allow":["GET"]}}],"collection":[{"href":"https:\/\/soledaddurazo.com\/api\/wp\/v2\/posts"}],"about":[{"href":"https:\/\/soledaddurazo.com\/api\/wp\/v2\/types\/post"}],"author":[{"embeddable":true,"href":"https:\/\/soledaddurazo.com\/api\/wp\/v2\/users\/1"}],"replies":[{"embeddable":true,"href":"https:\/\/soledaddurazo.com\/api\/wp\/v2\/comments?post=22501"}],"version-history":[{"count":3,"href":"https:\/\/soledaddurazo.com\/api\/wp\/v2\/posts\/22501\/revisions"}],"predecessor-version":[{"id":22510,"href":"https:\/\/soledaddurazo.com\/api\/wp\/v2\/posts\/22501\/revisions\/22510"}],"wp:featuredmedia":[{"embeddable":true,"href":"https:\/\/soledaddurazo.com\/api\/wp\/v2\/media\/22507"}],"wp:attachment":[{"href":"https:\/\/soledaddurazo.com\/api\/wp\/v2\/media?parent=22501"}],"wp:term":[{"taxonomy":"category","embeddable":true,"href":"https:\/\/soledaddurazo.com\/api\/wp\/v2\/categories?post=22501"},{"taxonomy":"post_tag","embeddable":true,"href":"https:\/\/soledaddurazo.com\/api\/wp\/v2\/tags?post=22501"}],"curies":[{"name":"wp","href":"https:\/\/api.w.org\/{rel}","templated":true}]}}