{"id":22373,"date":"2025-04-07T09:11:14","date_gmt":"2025-04-07T16:11:14","guid":{"rendered":"https:\/\/soledaddurazo.com\/?p=22373"},"modified":"2025-04-07T09:14:49","modified_gmt":"2025-04-07T16:14:49","slug":"ataque-a-libertad-de-expresion","status":"publish","type":"post","link":"https:\/\/soledaddurazo.com\/blog\/2025\/04\/07\/ataque-a-libertad-de-expresion\/","title":{"rendered":"Ataque a libertad de expresi\u00f3n"},"content":{"rendered":"<p><a href=\"https:\/\/soledaddurazo.com\/storage\/2025\/04\/35ec97a7-c634-4753-af39-41e22da26c17.jpeg\"><img loading=\"lazy\" decoding=\"async\" class=\"aligncenter wp-image-22374\" src=\"https:\/\/soledaddurazo.com\/storage\/2025\/04\/35ec97a7-c634-4753-af39-41e22da26c17.jpeg\" alt=\"\" width=\"613\" height=\"624\" srcset=\"https:\/\/soledaddurazo.com\/storage\/2025\/04\/35ec97a7-c634-4753-af39-41e22da26c17.jpeg 1571w, https:\/\/soledaddurazo.com\/storage\/2025\/04\/35ec97a7-c634-4753-af39-41e22da26c17-295x300.jpeg 295w, https:\/\/soledaddurazo.com\/storage\/2025\/04\/35ec97a7-c634-4753-af39-41e22da26c17-1005x1024.jpeg 1005w, https:\/\/soledaddurazo.com\/storage\/2025\/04\/35ec97a7-c634-4753-af39-41e22da26c17-768x782.jpeg 768w, https:\/\/soledaddurazo.com\/storage\/2025\/04\/35ec97a7-c634-4753-af39-41e22da26c17-1508x1536.jpeg 1508w, https:\/\/soledaddurazo.com\/storage\/2025\/04\/35ec97a7-c634-4753-af39-41e22da26c17-600x611.jpeg 600w, https:\/\/soledaddurazo.com\/storage\/2025\/04\/35ec97a7-c634-4753-af39-41e22da26c17-75x75.jpeg 75w, https:\/\/soledaddurazo.com\/storage\/2025\/04\/35ec97a7-c634-4753-af39-41e22da26c17-750x764.jpeg 750w, https:\/\/soledaddurazo.com\/storage\/2025\/04\/35ec97a7-c634-4753-af39-41e22da26c17-1140x1161.jpeg 1140w\" sizes=\"auto, (max-width: 613px) 100vw, 613px\" \/><\/a><br \/>\nCoincidentemente hace unas semanas escuchaba con atenci\u00f3n una entrevista televisiva con Pedro C\u00e1rdenas, Oficial de Protecci\u00f3n y Defensa de Art\u00edculo 19, organizaci\u00f3n defensora de la libertad de expresi\u00f3n y los derechos de los periodistas, en la que advierte el alarmante incremento de procesos legales contra periodistas y comunicadores en los \u00faltimos a\u00f1os en nuestro pa\u00eds.<\/p>\n<p>Esta organizaci\u00f3n no gubernamental tiene documentadas 158 casos de acoso judicial contra periodistas, el 60% de estas demandas provienen de alguna autoridad y el 40% restante de empresarios o personas con alg\u00fan v\u00ednculo gubernamental.<\/p>\n<p>Adem\u00e1s del acoso judicial, los periodistas en M\u00e9xico son agredidos, acosados, levantados, exiliados y asesinados. Art\u00edculo 19 ha documentado desde principios de este siglo hasta la fecha, 171 asesinatos de periodistas en M\u00e9xico y 19 desapariciones, casi por nada, la organizaci\u00f3n Reporteros Sin Fronteras, clasifica a M\u00e9xico como el pa\u00eds m\u00e1s peligroso para ejercer el periodismo, fuera de las zonas de guerra, y lo coloca en el puesto 121 en su Clasificaci\u00f3n Mundial de la Libertad de Prensa 2024.<\/p>\n<p>Todo lo que le acabo de enumerar estimado lector, es sin duda, el accionar de los factores reales del poder, sean econ\u00f3micos o pol\u00edticos, por amedrentar el ejercicio period\u00edstico o inhibir la libertad de expresi\u00f3n, algo a lo que los que ejercemos nuestra libertad de expresi\u00f3n en un medio de comunicaci\u00f3n formal, estamos expuestos.<br \/>\nHace unos d\u00edas, el periodista Rafael Cano Franco, de reconocido prestigio en el medio, adem\u00e1s de quien tengo el privilegio de contar con su amistad, realiz\u00f3 algunos se\u00f1alamientos en su gustada video columna, sobre Guillermo Ru\u00edz Campoy, empresario de Navojoa metido a la pol\u00edtica, ex funcionario municipal y dirigente municipal del Partido Sonorense.<\/p>\n<p><a href=\"https:\/\/soledaddurazo.com\/storage\/2025\/04\/7409170c-cb7d-4ed5-9c8c-5bf3bb22db17.jpeg\"><img loading=\"lazy\" decoding=\"async\" class=\"aligncenter size-full wp-image-22376\" src=\"https:\/\/soledaddurazo.com\/storage\/2025\/04\/7409170c-cb7d-4ed5-9c8c-5bf3bb22db17.jpeg\" alt=\"\" width=\"225\" height=\"225\" srcset=\"https:\/\/soledaddurazo.com\/storage\/2025\/04\/7409170c-cb7d-4ed5-9c8c-5bf3bb22db17.jpeg 225w, https:\/\/soledaddurazo.com\/storage\/2025\/04\/7409170c-cb7d-4ed5-9c8c-5bf3bb22db17-150x150.jpeg 150w, https:\/\/soledaddurazo.com\/storage\/2025\/04\/7409170c-cb7d-4ed5-9c8c-5bf3bb22db17-100x100.jpeg 100w, https:\/\/soledaddurazo.com\/storage\/2025\/04\/7409170c-cb7d-4ed5-9c8c-5bf3bb22db17-75x75.jpeg 75w\" sizes=\"auto, (max-width: 225px) 100vw, 225px\" \/><\/a><\/p>\n<p>No le gustaron los se\u00f1alamientos de Rafael Cano Franco, al se\u00f1or Guillermo Ru\u00edz Campoy, que, en lugar de pedir un derecho de r\u00e9plica para aclarar la informaci\u00f3n, corri\u00f3 a una agencia del ministerio p\u00fablico a levantar una denuncia de car\u00e1cter penal contra un periodista, no s\u00e9 si por hacerse publicidad gratis o porque es un intento genuino de limpiar la mancha de su honor. De lo que s\u00ed estoy seguro, es que el propio Guillermo Ru\u00edz provoc\u00f3 con su demanda, que medio Navojoa, mucha gente en Hermosillo y otras ciudades del estado, consultaran lo dicho por Rafael Cano Franco, para enterarse de sus se\u00f1alamientos period\u00edsticos.<\/p>\n<p>Algunos aprendices de pol\u00edticos, muy aldeanos y con el cutis muy sensible, en lugar de dialogar, hacer pol\u00edtica, que es lo que presumen saber hacer, cuando son blanco de un se\u00f1alamiento p\u00fablico inc\u00f3modo, buscan la salida f\u00e1cil, el intento de censura a la libertad de expresi\u00f3n, en este caso, con una acci\u00f3n de tipo judicial, ignorando que, para un periodista, las demandas son como medallas de guerra.<\/p>\n<p>Mi solidaridad y apoyo al colega Rafael Cano Franco.<br \/>\n\u00a1Solo somos periodistas!<br \/>\nhttps:\/\/www.facebook.com\/share\/p\/19VcDz3NWA\/<\/p>\n<p><strong>LA CROC DEJA AL PRI Y SE SUMA AL PT<\/strong><br \/>\nAyer por la ma\u00f1ana, en la sede de la Confederaci\u00f3n Revolucionaria de Obreros y Campesinos en Hermosillo, el dirigente nacional de esa organizaci\u00f3n, Isa\u00edas Gonz\u00e1lez Cuevas, junto a la dirigente estatal, Adriana Estrada, recibieron a la plana mayor del Partido del Trabajo en Sonora, encabezada por su Comisionado Nacional y Diputado Federal, Ram\u00f3n Flores; a la Diputada Federal, Diana Karina Barreras y la Diputada local, Jazm\u00edn G\u00f3mez, para firmar un convenio de colaboraci\u00f3n.<\/p>\n<p>En cristiano, lo que le acabo de comentar quiere decir, que la CROC, organizaci\u00f3n tradicionalmente priista, se brinca a las filas del Partido del Trabajo en Sonora. El PT Sonora, que dirige el Diputado Ram\u00f3n Flores, es el primero en el pa\u00eds, en firmar este convenio con la CROC.<\/p>\n<p>Se sigue desmoronando el PRI, con claras se\u00f1ales de debilidad y falta de organizaci\u00f3n, apenas hace una semana, comentamos que hasta la dirigente municipal de Navojoa, sin avisar, ni entregar llaves de las oficinas municipales de ese partido, se brinc\u00f3 al Partido Verde Ecologista.<br \/>\nAhora fue la CROC que refuerza las filas del PT y el Diputado Ram\u00f3n Flores, sigue demostrando su ortodoxia como dirigente de ese partido, bajo su batuta, el PT ha crecido como una fuerza pol\u00edtica importante, parte de la Cuarta Transformaci\u00f3n.<\/p>\n<p><strong>EXPO MINERA CANANEA 2025<\/strong><br \/>\nLa Presidenta Municipal de Cananea, Carmen Esmeralda Gonz\u00e1lez, ha comenzado con mucho \u00edmpetu su administraci\u00f3n, con muchos proyectos bajo el brazo e ilusiones por realizar una buena gesti\u00f3n al frente del Ayuntamiento, para seguir por el camino de la pol\u00edtica.<\/p>\n<p>Fue as\u00ed que se ech\u00f3 la tarea a cuestas de convocar al sector minero del pa\u00eds y organizar la Expo Minera Cananea 2025, para exaltar la vocaci\u00f3n minera de Cananea, promover la belleza natural de esa regi\u00f3n y llevarle a sus habitantes, una fecha para festejar con una completa cartelera de eventos culturales, deportivos y presentaciones art\u00edsticas.<\/p>\n<p>El Colectivo de Reporteros Sonorenses A.C. fue invitado por la Presidenta Carmen Esmeralda Gonz\u00e1lez para dar cobertura a la inauguraci\u00f3n de la Expo Minera, por ah\u00ed vimos a la crema y nata de la miner\u00eda en Sonora, a la Presidenta de la Comisi\u00f3n de Miner\u00eda en el Senado, Lorenia Valles Sampedro, la Presidenta de la Comisi\u00f3n de Miner\u00eda en el Congreso del Estado, Iris S\u00e1nchez Chiu; al dirigente de la CTM y l\u00edder minero, Javier Villarreal; Jos\u00e9 Juli\u00e1n Chavira, Director de Operaciones de Grupo M\u00e9xico; al Presidente de la Asociaci\u00f3n de Ingenieros de Minas, Metalurgistas y Ge\u00f3logos de M\u00e9xico (AIMMGM) Distrito Sonora, David Ramos F\u00e9lix; los Presidentes Municipales de Agua Prieta, Jos\u00e9 Manuel Quijada Lamadrid; de Quiriego, Renato Flores; de \u00c1lamos, Samuel Borb\u00f3n; de Magdalena, Arturo Duarte; de Naco, Lorenzo Villegas y de Ures, Gast\u00f3n Rodr\u00edguez.<\/p>\n<p>La inauguraci\u00f3n estuvo a cargo de la Senadora Lorenia Valles, que resalt\u00f3 la importancia de la actividad minera para Sonora y para el pa\u00eds, Cananea tiene la mayor reserva de cobre en el mundo y es el tercer productor de ese mineral en el mundo, la miner\u00eda produce 417 mil empleos y 2.7 millones de empleos indirectos; representa el 2.7% del PIB en nuestro pa\u00eds.<\/p>\n<p>Subrayo el compromiso de las empresas mineras por una actividad minera responsable, y la reciprocidad del Gobierno del Estado de Sonora para ser un facilitador de la inversi\u00f3n.<\/p>\n<p>Lo que pudimos constatar en la inauguraci\u00f3n de la Expo Minera Cananea, fue la gran asistencia a las presentaciones art\u00edsticas realizadas en el centro de la ciudad.<\/p>\n<p>A lo largo de la historia, a muchos gobiernos municipales han llegado pol\u00edticos bien intencionados como la Presidenta Municipal de Cananea, pero como dice aquel viejo proverbio \u201cel camino al infierno est\u00e1 empedrado de buenas intenciones\u201d, gobernar no es una tarea sencilla y se torna m\u00e1s dif\u00edcil cuando los gobernantes se rodean de colaboradores improvisados e incompetentes, los resultados ser\u00e1n directamente proporcionales a la capacidad de esos colaboradores, es decir, si te rodeas de ineptos, as\u00ed de malos ser\u00e1n tus resultados.<\/p>\n<p>El Director de Comunicaci\u00f3n Social, un tal Zar Mart\u00ednez, ech\u00f3 por la borda, cualquier percepci\u00f3n positiva que como medio de comunicaci\u00f3n pudi\u00e9ramos tener de la Expo Minera Cananea 2025.<\/p>\n<p>Definitivamente la regla de oro es que los peque\u00f1os detalles, hacen la gran diferencia y eso lo sabe de sobra la Mun\u00edcipe de Cananea Carmen Esmeralda Gonz\u00e1lez, porque ella es periodista tambi\u00e9n.<\/p>\n<p>Los invito a escuchar los viernes la mesa de an\u00e1lisis de SONORA EN RED NOTICIAS, ejercicio de opini\u00f3n que realizo en compa\u00f1\u00eda de mis amigos Arturo Chapo Soto, Arturo Ballesteros y Octaviano Rojas, por el 93.3 del cuadrante de F.M. desde Guaymas para todo el sur de Sonora, y por la se\u00f1al del canal 14 de Estrella Tucson TV, en el sur de Arizona.<\/p>\n<p>Y en Radio Sol 104.7 F.M. LENGUAS VESPERTINAS, de lunes a viernes a las 17:00 horas, le vamos a ofrecer una peque\u00f1a dosis de grilla.<\/p>\n<p>Podemos interactuar a trav\u00e9s de mi cuenta de Twitter @feroropeza20 o en mi correo electr\u00f3nico luiso@hmo.megared.net.mx<\/p>\n","protected":false},"excerpt":{"rendered":"<p>Coincidentemente hace unas semanas escuchaba con atenci\u00f3n una entrevista televisiva con Pedro C\u00e1rdenas, Oficial de Protecci\u00f3n y Defensa de Art\u00edculo 19, organizaci\u00f3n defensora de la libertad de expresi\u00f3n y los derechos de los periodistas, en la que advierte el alarmante incremento de procesos legales contra periodistas y comunicadores en los \u00faltimos a\u00f1os en nuestro pa\u00eds. [&hellip;]<\/p>\n","protected":false},"author":1,"featured_media":22141,"comment_status":"open","ping_status":"open","sticky":false,"template":"","format":"standard","meta":{"footnotes":""},"categories":[173],"tags":[],"class_list":["post"],"yoast_head":" \n<title>Ataque a libertad de expresi\u00f3n - Periodista SoledadDurazo.com<\/title>\n<meta name=\"robots\" content=\"index, follow, max-snippet:-1, max-image-preview:large, max-video-preview:-1\" \/>\n<link rel=\"canonical\" href=\"https:\/\/soledaddurazo.com\/blog\/2025\/04\/07\/ataque-a-libertad-de-expresion\/\" \/>\n<meta property=\"og:locale\" content=\"es_MX\" \/>\n<meta property=\"og:type\" content=\"article\" \/>\n<meta property=\"og:title\" content=\"Ataque a libertad de expresi\u00f3n\" \/>\n<meta property=\"og:description\" content=\"Coincidentemente hace unas semanas escuchaba con atenci\u00f3n una entrevista televisiva con Pedro C\u00e1rdenas, Oficial de Protecci\u00f3n y Defensa de Art\u00edculo 19, organizaci\u00f3n defensora de la libertad de expresi\u00f3n y los derechos de los periodistas, en la que advierte el alarmante incremento de procesos legales contra periodistas y comunicadores en los \u00faltimos a\u00f1os en nuestro pa\u00eds. [&hellip;]\" \/>\n<meta property=\"og:url\" content=\"https:\/\/soledaddurazo.com\/blog\/2025\/04\/07\/ataque-a-libertad-de-expresion\/\" \/>\n<meta property=\"og:site_name\" content=\"Periodista SoledadDurazo.com\" \/>\n<meta property=\"article:publisher\" content=\"https:\/\/www.facebook.com\/soledad.durazo.9\/\" \/>\n<meta property=\"article:published_time\" content=\"2025-04-07T16:11:14+00:00\" \/>\n<meta property=\"article:modified_time\" content=\"2025-04-07T16:14:49+00:00\" \/>\n<meta property=\"og:image\" content=\"https:\/\/soledaddurazo.com\/storage\/2025\/03\/9a-GRAFICO-FERNANDO-OROPEZA.jpeg\" \/>\n\t<meta property=\"og:image:width\" content=\"1092\" \/>\n\t<meta property=\"og:image:height\" content=\"983\" \/>\n<meta name=\"twitter:card\" content=\"summary_large_image\" \/>\n<meta name=\"twitter:creator\" content=\"@SoledadDurazo\" \/>\n<meta name=\"twitter:site\" content=\"@SoledadDurazo\" \/>\n<meta name=\"twitter:label1\" content=\"Escrito por\" \/>\n\t<meta name=\"twitter:data1\" content=\"Redacci\u00f3n\" \/>\n\t<meta name=\"twitter:label2\" content=\"Tiempo de lectura\" \/>\n\t<meta name=\"twitter:data2\" content=\"7 minutos\" \/>\n<script type=\"application\/ld+json\" class=\"yoast-schema-graph\">{\"@context\":\"https:\/\/schema.org\",\"@graph\":[{\"@type\":\"Organization\",\"@id\":\"https:\/\/soledaddurazo.com\/#organization\",\"name\":\"Soledad Durazo\",\"url\":\"https:\/\/soledaddurazo.com\/\",\"sameAs\":[\"https:\/\/www.facebook.com\/soledad.durazo.9\/\",\"https:\/\/www.instagram.com\/soledaddurazo\",\"https:\/\/www.youtube.com\/channel\/UC9yGPw8-Vbl_B2XNkRwPS-w\",\"https:\/\/twitter.com\/SoledadDurazo\"],\"logo\":{\"@type\":\"ImageObject\",\"@id\":\"https:\/\/soledaddurazo.com\/#logo\",\"inLanguage\":\"es\",\"url\":\"https:\/\/soledaddurazo.com\/storage\/2021\/11\/nllp-720x375-1-2.png\",\"contentUrl\":\"https:\/\/soledaddurazo.com\/storage\/2021\/11\/nllp-720x375-1-2.png\",\"width\":720,\"height\":375,\"caption\":\"Soledad Durazo\"},\"image\":{\"@id\":\"https:\/\/soledaddurazo.com\/#logo\"}},{\"@type\":\"WebSite\",\"@id\":\"https:\/\/soledaddurazo.com\/#website\",\"url\":\"https:\/\/soledaddurazo.com\/\",\"name\":\"Periodista SoledadDurazo.com\",\"description\":\"Periodista sonorense. Directora de www.SoledadDurazo.com Columnista, conductora de radio y Tv. Catedr\\u00e1tica en la UNISON\",\"publisher\":{\"@id\":\"https:\/\/soledaddurazo.com\/#organization\"},\"potentialAction\":[{\"@type\":\"SearchAction\",\"target\":{\"@type\":\"EntryPoint\",\"urlTemplate\":\"https:\/\/soledaddurazo.com\/?s={search_term_string}\"},\"query-input\":\"required name=search_term_string\"}],\"inLanguage\":\"es\"},{\"@type\":\"ImageObject\",\"@id\":\"https:\/\/soledaddurazo.com\/blog\/2025\/04\/07\/ataque-a-libertad-de-expresion\/#primaryimage\",\"inLanguage\":\"es\",\"url\":\"https:\/\/soledaddurazo.com\/storage\/2025\/03\/9a-GRAFICO-FERNANDO-OROPEZA.jpeg\",\"contentUrl\":\"https:\/\/soledaddurazo.com\/storage\/2025\/03\/9a-GRAFICO-FERNANDO-OROPEZA.jpeg\",\"width\":1092,\"height\":983},{\"@type\":\"WebPage\",\"@id\":\"https:\/\/soledaddurazo.com\/blog\/2025\/04\/07\/ataque-a-libertad-de-expresion\/#webpage\",\"url\":\"https:\/\/soledaddurazo.com\/blog\/2025\/04\/07\/ataque-a-libertad-de-expresion\/\",\"name\":\"Ataque a libertad de expresi\\u00f3n - Periodista SoledadDurazo.com\",\"isPartOf\":{\"@id\":\"https:\/\/soledaddurazo.com\/#website\"},\"primaryImageOfPage\":{\"@id\":\"https:\/\/soledaddurazo.com\/blog\/2025\/04\/07\/ataque-a-libertad-de-expresion\/#primaryimage\"},\"datePublished\":\"2025-04-07T16:11:14+00:00\",\"dateModified\":\"2025-04-07T16:14:49+00:00\",\"breadcrumb\":{\"@id\":\"https:\/\/soledaddurazo.com\/blog\/2025\/04\/07\/ataque-a-libertad-de-expresion\/#breadcrumb\"},\"inLanguage\":\"es\",\"potentialAction\":[{\"@type\":\"ReadAction\",\"target\":[\"https:\/\/soledaddurazo.com\/blog\/2025\/04\/07\/ataque-a-libertad-de-expresion\/\"]}]},{\"@type\":\"BreadcrumbList\",\"@id\":\"https:\/\/soledaddurazo.com\/blog\/2025\/04\/07\/ataque-a-libertad-de-expresion\/#breadcrumb\",\"itemListElement\":[{\"@type\":\"ListItem\",\"position\":1,\"name\":\"Home\",\"item\":\"https:\/\/soledaddurazo.com\/\"},{\"@type\":\"ListItem\",\"position\":2,\"name\":\"Ataque a libertad de expresi\\u00f3n\"}]},{\"@type\":\"Article\",\"@id\":\"https:\/\/soledaddurazo.com\/blog\/2025\/04\/07\/ataque-a-libertad-de-expresion\/#article\",\"isPartOf\":{\"@id\":\"https:\/\/soledaddurazo.com\/blog\/2025\/04\/07\/ataque-a-libertad-de-expresion\/#webpage\"},\"author\":{\"@id\":\"https:\/\/soledaddurazo.com\/#\/schema\/person\/822d8e13aa288585e6546f179853758b\"},\"headline\":\"Ataque a libertad de expresi\\u00f3n\",\"datePublished\":\"2025-04-07T16:11:14+00:00\",\"dateModified\":\"2025-04-07T16:14:49+00:00\",\"mainEntityOfPage\":{\"@id\":\"https:\/\/soledaddurazo.com\/blog\/2025\/04\/07\/ataque-a-libertad-de-expresion\/#webpage\"},\"wordCount\":1402,\"commentCount\":0,\"publisher\":{\"@id\":\"https:\/\/soledaddurazo.com\/#organization\"},\"image\":{\"@id\":\"https:\/\/soledaddurazo.com\/blog\/2025\/04\/07\/ataque-a-libertad-de-expresion\/#primaryimage\"},\"thumbnailUrl\":\"https:\/\/soledaddurazo.com\/storage\/2025\/03\/9a-GRAFICO-FERNANDO-OROPEZA.jpeg\",\"articleSection\":[\"Fernando Oropeza\"],\"inLanguage\":\"es\",\"potentialAction\":[{\"@type\":\"CommentAction\",\"name\":\"Comment\",\"target\":[\"https:\/\/soledaddurazo.com\/blog\/2025\/04\/07\/ataque-a-libertad-de-expresion\/#respond\"]}]},{\"@type\":\"Person\",\"@id\":\"https:\/\/soledaddurazo.com\/#\/schema\/person\/822d8e13aa288585e6546f179853758b\",\"name\":\"Redacci\\u00f3n\",\"image\":{\"@type\":\"ImageObject\",\"@id\":\"https:\/\/soledaddurazo.com\/#personlogo\",\"inLanguage\":\"es\",\"url\":\"https:\/\/secure.gravatar.com\/avatar\/c4e193752f756fd61f04deebed3a3a20dc188d37edb53682d313ac57f2725d54?s=96&d=mm&r=g\",\"contentUrl\":\"https:\/\/secure.gravatar.com\/avatar\/c4e193752f756fd61f04deebed3a3a20dc188d37edb53682d313ac57f2725d54?s=96&d=mm&r=g\",\"caption\":\"Redacci\\u00f3n\"},\"sameAs\":[\"https:\/\/soledaddurazo.com\"]}]}<\/script>\n ","yoast_head_json":{"title":"Ataque a libertad de expresi\u00f3n - Periodista SoledadDurazo.com","robots":{"index":"index","follow":"follow","max-snippet":"max-snippet:-1","max-image-preview":"max-image-preview:large","max-video-preview":"max-video-preview:-1"},"canonical":"https:\/\/soledaddurazo.com\/blog\/2025\/04\/07\/ataque-a-libertad-de-expresion\/","og_locale":"es_MX","og_type":"article","og_title":"Ataque a libertad de expresi\u00f3n","og_description":"Coincidentemente hace unas semanas escuchaba con atenci\u00f3n una entrevista televisiva con Pedro C\u00e1rdenas, Oficial de Protecci\u00f3n y Defensa de Art\u00edculo 19, organizaci\u00f3n defensora de la libertad de expresi\u00f3n y los derechos de los periodistas, en la que advierte el alarmante incremento de procesos legales contra periodistas y comunicadores en los \u00faltimos a\u00f1os en nuestro pa\u00eds. [&hellip;]","og_url":"https:\/\/soledaddurazo.com\/blog\/2025\/04\/07\/ataque-a-libertad-de-expresion\/","og_site_name":"Periodista SoledadDurazo.com","article_publisher":"https:\/\/www.facebook.com\/soledad.durazo.9\/","article_published_time":"2025-04-07T16:11:14+00:00","article_modified_time":"2025-04-07T16:14:49+00:00","og_image":[{"width":1092,"height":983,"url":"https:\/\/soledaddurazo.com\/storage\/2025\/03\/9a-GRAFICO-FERNANDO-OROPEZA.jpeg","type":"image\/jpeg"}],"twitter_card":"summary_large_image","twitter_creator":"@SoledadDurazo","twitter_site":"@SoledadDurazo","twitter_misc":{"Escrito por":"Redacci\u00f3n","Tiempo de lectura":"7 minutos"},"schema":{"@context":"https:\/\/schema.org","@graph":[{"@type":"Organization","@id":"https:\/\/soledaddurazo.com\/#organization","name":"Soledad Durazo","url":"https:\/\/soledaddurazo.com\/","sameAs":["https:\/\/www.facebook.com\/soledad.durazo.9\/","https:\/\/www.instagram.com\/soledaddurazo","https:\/\/www.youtube.com\/channel\/UC9yGPw8-Vbl_B2XNkRwPS-w","https:\/\/twitter.com\/SoledadDurazo"],"logo":{"@type":"ImageObject","@id":"https:\/\/soledaddurazo.com\/#logo","inLanguage":"es","url":"https:\/\/soledaddurazo.com\/storage\/2021\/11\/nllp-720x375-1-2.png","contentUrl":"https:\/\/soledaddurazo.com\/storage\/2021\/11\/nllp-720x375-1-2.png","width":720,"height":375,"caption":"Soledad Durazo"},"image":{"@id":"https:\/\/soledaddurazo.com\/#logo"}},{"@type":"WebSite","@id":"https:\/\/soledaddurazo.com\/#website","url":"https:\/\/soledaddurazo.com\/","name":"Periodista SoledadDurazo.com","description":"Periodista sonorense. Directora de www.SoledadDurazo.com Columnista, conductora de radio y Tv. Catedr\u00e1tica en la UNISON","publisher":{"@id":"https:\/\/soledaddurazo.com\/#organization"},"potentialAction":[{"@type":"SearchAction","target":{"@type":"EntryPoint","urlTemplate":"https:\/\/soledaddurazo.com\/?s={search_term_string}"},"query-input":"required name=search_term_string"}],"inLanguage":"es"},{"@type":"ImageObject","@id":"https:\/\/soledaddurazo.com\/blog\/2025\/04\/07\/ataque-a-libertad-de-expresion\/#primaryimage","inLanguage":"es","url":"https:\/\/soledaddurazo.com\/storage\/2025\/03\/9a-GRAFICO-FERNANDO-OROPEZA.jpeg","contentUrl":"https:\/\/soledaddurazo.com\/storage\/2025\/03\/9a-GRAFICO-FERNANDO-OROPEZA.jpeg","width":1092,"height":983},{"@type":"WebPage","@id":"https:\/\/soledaddurazo.com\/blog\/2025\/04\/07\/ataque-a-libertad-de-expresion\/#webpage","url":"https:\/\/soledaddurazo.com\/blog\/2025\/04\/07\/ataque-a-libertad-de-expresion\/","name":"Ataque a libertad de expresi\u00f3n - Periodista SoledadDurazo.com","isPartOf":{"@id":"https:\/\/soledaddurazo.com\/#website"},"primaryImageOfPage":{"@id":"https:\/\/soledaddurazo.com\/blog\/2025\/04\/07\/ataque-a-libertad-de-expresion\/#primaryimage"},"datePublished":"2025-04-07T16:11:14+00:00","dateModified":"2025-04-07T16:14:49+00:00","breadcrumb":{"@id":"https:\/\/soledaddurazo.com\/blog\/2025\/04\/07\/ataque-a-libertad-de-expresion\/#breadcrumb"},"inLanguage":"es","potentialAction":[{"@type":"ReadAction","target":["https:\/\/soledaddurazo.com\/blog\/2025\/04\/07\/ataque-a-libertad-de-expresion\/"]}]},{"@type":"BreadcrumbList","@id":"https:\/\/soledaddurazo.com\/blog\/2025\/04\/07\/ataque-a-libertad-de-expresion\/#breadcrumb","itemListElement":[{"@type":"ListItem","position":1,"name":"Home","item":"https:\/\/soledaddurazo.com\/"},{"@type":"ListItem","position":2,"name":"Ataque a libertad de expresi\u00f3n"}]},{"@type":"Article","@id":"https:\/\/soledaddurazo.com\/blog\/2025\/04\/07\/ataque-a-libertad-de-expresion\/#article","isPartOf":{"@id":"https:\/\/soledaddurazo.com\/blog\/2025\/04\/07\/ataque-a-libertad-de-expresion\/#webpage"},"author":{"@id":"https:\/\/soledaddurazo.com\/#\/schema\/person\/822d8e13aa288585e6546f179853758b"},"headline":"Ataque a libertad de expresi\u00f3n","datePublished":"2025-04-07T16:11:14+00:00","dateModified":"2025-04-07T16:14:49+00:00","mainEntityOfPage":{"@id":"https:\/\/soledaddurazo.com\/blog\/2025\/04\/07\/ataque-a-libertad-de-expresion\/#webpage"},"wordCount":1402,"commentCount":0,"publisher":{"@id":"https:\/\/soledaddurazo.com\/#organization"},"image":{"@id":"https:\/\/soledaddurazo.com\/blog\/2025\/04\/07\/ataque-a-libertad-de-expresion\/#primaryimage"},"thumbnailUrl":"https:\/\/soledaddurazo.com\/storage\/2025\/03\/9a-GRAFICO-FERNANDO-OROPEZA.jpeg","articleSection":["Fernando Oropeza"],"inLanguage":"es","potentialAction":[{"@type":"CommentAction","name":"Comment","target":["https:\/\/soledaddurazo.com\/blog\/2025\/04\/07\/ataque-a-libertad-de-expresion\/#respond"]}]},{"@type":"Person","@id":"https:\/\/soledaddurazo.com\/#\/schema\/person\/822d8e13aa288585e6546f179853758b","name":"Redacci\u00f3n","image":{"@type":"ImageObject","@id":"https:\/\/soledaddurazo.com\/#personlogo","inLanguage":"es","url":"https:\/\/secure.gravatar.com\/avatar\/c4e193752f756fd61f04deebed3a3a20dc188d37edb53682d313ac57f2725d54?s=96&d=mm&r=g","contentUrl":"https:\/\/secure.gravatar.com\/avatar\/c4e193752f756fd61f04deebed3a3a20dc188d37edb53682d313ac57f2725d54?s=96&d=mm&r=g","caption":"Redacci\u00f3n"},"sameAs":["https:\/\/soledaddurazo.com"]}]}},"_links":{"self":[{"href":"https:\/\/soledaddurazo.com\/api\/wp\/v2\/posts\/22373","targetHints":{"allow":["GET"]}}],"collection":[{"href":"https:\/\/soledaddurazo.com\/api\/wp\/v2\/posts"}],"about":[{"href":"https:\/\/soledaddurazo.com\/api\/wp\/v2\/types\/post"}],"author":[{"embeddable":true,"href":"https:\/\/soledaddurazo.com\/api\/wp\/v2\/users\/1"}],"replies":[{"embeddable":true,"href":"https:\/\/soledaddurazo.com\/api\/wp\/v2\/comments?post=22373"}],"version-history":[{"count":3,"href":"https:\/\/soledaddurazo.com\/api\/wp\/v2\/posts\/22373\/revisions"}],"predecessor-version":[{"id":22378,"href":"https:\/\/soledaddurazo.com\/api\/wp\/v2\/posts\/22373\/revisions\/22378"}],"wp:featuredmedia":[{"embeddable":true,"href":"https:\/\/soledaddurazo.com\/api\/wp\/v2\/media\/22141"}],"wp:attachment":[{"href":"https:\/\/soledaddurazo.com\/api\/wp\/v2\/media?parent=22373"}],"wp:term":[{"taxonomy":"category","embeddable":true,"href":"https:\/\/soledaddurazo.com\/api\/wp\/v2\/categories?post=22373"},{"taxonomy":"post_tag","embeddable":true,"href":"https:\/\/soledaddurazo.com\/api\/wp\/v2\/tags?post=22373"}],"curies":[{"name":"wp","href":"https:\/\/api.w.org\/{rel}","templated":true}]}}