{"id":22363,"date":"2025-04-02T22:44:07","date_gmt":"2025-04-03T05:44:07","guid":{"rendered":"https:\/\/soledaddurazo.com\/?p=22363"},"modified":"2025-04-02T22:44:07","modified_gmt":"2025-04-03T05:44:07","slug":"impresentables-aspiran-a-magistratura-en-el-tribunal-estatal-electoral","status":"publish","type":"post","link":"https:\/\/soledaddurazo.com\/blog\/2025\/04\/02\/impresentables-aspiran-a-magistratura-en-el-tribunal-estatal-electoral\/","title":{"rendered":"Impresentables aspiran a Magistratura en el Tribunal Estatal Electoral"},"content":{"rendered":"<p><a href=\"https:\/\/soledaddurazo.com\/storage\/2025\/04\/9c09fdc5-3dd4-4cde-b295-4c14140e79d1.jpeg\"><img loading=\"lazy\" decoding=\"async\" class=\"aligncenter size-full wp-image-22365\" src=\"https:\/\/soledaddurazo.com\/storage\/2025\/04\/9c09fdc5-3dd4-4cde-b295-4c14140e79d1.jpeg\" alt=\"\" width=\"275\" height=\"183\" \/><\/a><\/p>\n<p>La Comisi\u00f3n de Justicia del Senado de la Rep\u00fablica, sigue desahogando las comparecencias de los mil 60 aspirantes de 30 entidades federativas, que se registraron en la convocatoria para ser designados Magistrados Electorales, a Sonora le corresponde designar dos Magistrados.<\/p>\n<p>La Comisi\u00f3n de Justicia que preside el Senador Javier Corral realiza las entrevistas a cada uno de los aspirantes y emitir\u00e1 un listado de los candidatos que cumplieron los requisitos de idoneidad y elegibilidad, para ocupar el cargo de Magistrado el pr\u00f3ximo 4 de abril para ser entregado a la Junta de Coordinaci\u00f3n Pol\u00edtica ese mismo d\u00eda.<\/p>\n<p>Entre los que comparecieron, hay dos aspirantes que llaman la atenci\u00f3n, y no en forma positiva, pues tienen en su historial temas cuestionables que aqu\u00ed en Sonora levantaron la ceja de m\u00e1s de uno. Me refiero a Octavio Grijalva V\u00e1zquez y Ana Maribel Salcido Jashimoto, ambos ex Consejeros del Instituto Estatal Electoral.<\/p>\n<p>En el caso del primero, se le recuerda tambi\u00e9n por su actuaci\u00f3n como Visitador de la Comisi\u00f3n Estatal de Derechos Humanos y su simult\u00e1nea defensa jur\u00eddica del feminicida de origen hind\u00fa que en 2013 asesin\u00f3 brutalmente a una joven dama de Hermosillo, y que indign\u00f3 a la sociedad hermosillense.<\/p>\n<p>Hace unos a\u00f1os, Grijalva V\u00e1zquez quiso ser, parad\u00f3jicamente, titular de la Comisi\u00f3n Estatal de Atenci\u00f3n a V\u00edctima, su aspiraci\u00f3n sirvi\u00f3 para que grupos feministas pusieran el grito en el cielo y con razones de sobra, pues el se\u00f1alado cuenta con una larga lista de pleitos legales y adem\u00e1s de estar vinculado al grupo pol\u00edtico del ex Gobernador Guillermo Padr\u00e9s, a quien apoy\u00f3 en el IEE.<\/p>\n<p>En esa misma bolsa, se cuenta a Ana Maribel Salcido Jashimoto, tambi\u00e9n ex Consejera Electoral, que en m\u00faltiples ocasiones se le se\u00f1al\u00f3 de obedecer las \u00f3rdenes de Guillermo Padr\u00e9s El\u00edas.<\/p>\n<p>Recordamos aquellos tiempos previos a la elecci\u00f3n de 2015, los representantes de los partidos oposici\u00f3n exigieron al desacreditado PAN Gobierno, que el proceso electoral fuera llevado a cabo por el INE, pues no se pod\u00eda confiar en la imparcialidad de Salcido Jashimoto y el grupo de consejeros padrecistas.<\/p>\n<p>Con esos antecedentes, \u00bfde verdad queremos que lleguen juzgadores electorales cuestionados sobre su historial y sobre su imparcialidad? Es chamba del Senado de la Rep\u00fablica revisar bien los perfiles y elegir bien para nosotros los sonorenses.<\/p>\n<p><strong>ELY SALLARD EXPONE ACIERTOS DEL PROGRAMA DE VIVIENDA DEL GOBIERNO FEDERAL <\/strong><\/p>\n<p>Indiscutiblemente que la experiencia desarrollada desde la iniciativa privada en el sector vivienda, le dan a la Diputada Ely Sallard la voz completa a la hora de evaluar programas sobre ese sector y una opini\u00f3n valiosa desde el Poder Legislativo, para reforzar la pol\u00edtica de vivienda en el estado.<\/p>\n<p>El lunes pasado ante colegas de la Mesa Kiosco Mayor, la Diputada plante\u00f3 detalles importantes sobre el Programa de Vivienda para el Bienestar, promovido por la Presidenta Claudia Sheinbaum para reactivar la construcci\u00f3n de vivienda de inter\u00e9s social y que tiene como meta, construir un mill\u00f3n de viviendas en el pa\u00eds.<\/p>\n<p>La Presidenta de la Comisi\u00f3n de Vivienda y la Comisi\u00f3n de Hacienda en el Congreso del Estado, se\u00f1al\u00f3 que la Presidenta Sheinbaum fue muy inteligente al involucrar a municipios y gobiernos estatales en este programa, para abaratar los costos en la construcci\u00f3n de vivienda.<\/p>\n<p>Es decir, los desarrolladores llegar\u00e1n a construir en los terrenos asignados, municipios y gobiernos estatales, coadyuvar\u00e1n en absorber la tramitolog\u00eda, la introducci\u00f3n de los servicios como agua, luz y la urbanizaci\u00f3n de los terrenos donde se construir\u00e1n las viviendas del programa.<\/p>\n<p>La Diputada Ely Sallard acaba de organizar un conversatorio sobre el tema del Programa de Vivienda para el Bienestar, con funcionarios federales del sector, para informar a la ciudadan\u00eda las bondades de este programa que reactivar\u00e1 la oferta de vivienda de inter\u00e9s social y que en Sonora alcanzar\u00e1 la cifra de 33 mil viviendas.<\/p>\n<p><strong>C\u00c9LIDA L\u00d3PEZ NACI\u00d3 CON LA MANO LEVANTADA<\/strong><\/p>\n<p>Amplia exposici\u00f3n sobre su responsabilidad que tiene al frente de la Secretar\u00eda de Agricultura, Ganader\u00eda, Recursos Hidr\u00e1ulicos, Pesca y Acuacultura, realiz\u00f3 C\u00e9lida L\u00f3pez, la ma\u00f1ana de ayer en la reuni\u00f3n del Colectivo de Reporteros Sonorenses A.C.<\/p>\n<p>La sequ\u00eda, inyecci\u00f3n de nubes, reconversi\u00f3n de cultivos, apoyos a agricultores, exportaci\u00f3n de ganado, sanidad ganadera y permisos de pesca, fueron algunos de los temas que expuso detalladamente.<\/p>\n<p>En su faceta de funcionaria p\u00fablica, C\u00e9lida L\u00f3pez ha venido manejando un perfil muy ejecutivo, personalmente extra\u00f1o a aquella C\u00e9lida L\u00f3pez, estridente, intr\u00e9pida, con amplia capacidad para polemizar y muy grilla.<\/p>\n<p>Pues en la primera visita que realiza como titular de la Sagarhpa a una mesa de periodistas, le pregunt\u00e9 a C\u00e9lida L\u00f3pez sobre el aumento de la exposici\u00f3n medi\u00e1tica y a ras de suelo de varios funcionarios estatales, por los tiempos que se acercan y sobre sus aspiraciones, no vacil\u00f3 en se\u00f1alar que ella naci\u00f3 con la mano levantada.<\/p>\n<p>Se\u00f1al\u00f3 la actual incertidumbre por que no se ha definido si la candidatura ser\u00e1 para un hombre o una mujer, adem\u00e1s de que el Gobernador Durazo ha indicado que se vale levantar la mano para participar y que la regla de oro que existe, es no distraerse del trabajo en su dependencia, para dedicarse a buscar una candidatura.<\/p>\n<p>Entre m\u00e1s hombres y mujeres participen, el movimiento de la Cuarta Transformaci\u00f3n se fortalece. As\u00ed que ya se puede contar en la lista de aspirantes, una m\u00e1s, C\u00e9lida L\u00f3pez C\u00e1rdenas.<\/p>\n<p><strong>OPERAN DE LA TIROIDES AL GOBERNADOR ALFONSO DURAZO<\/strong><\/p>\n<p>Desde su cuenta de la red social X, ayer por la noche, el Gobernador del Estado, Alfonso Durazo, inform\u00f3 que fue sometido a una intervenci\u00f3n quir\u00fargica programada de manera preventiva en la tiroides, sin ninguna complicaci\u00f3n, se\u00f1alando que se encuentra en casa, convaleciendo y con buen estado de salud.<\/p>\n<p>El Mandatario indic\u00f3 que permanecer\u00e1 en su casa en recuperaci\u00f3n por las pr\u00f3ximas dos semanas, pero estar\u00e1 atendiendo los asuntos de gobierno y en constante comunicaci\u00f3n con sus colaboradores.<\/p>\n<p>Una pronta recuperaci\u00f3n le deseamos al Gobernador Durazo.<\/p>\n<p><strong>PARETNESIS LUCTUOSO<\/strong><\/p>\n<p>Me sorprendi\u00f3 la noticia del fallecimiento del ingeniero Casimiro Navarro Valenzuela, ex Presidente Municipal de Hermosillo en el periodo 1982-1985.<\/p>\n<p>Despu\u00e9s de haberse sentido mal por d\u00edas, tuvo un accidente cerebro vascular, los doctores al atenderlo, descubrieron que anduvo tres d\u00edas trabajando preinfartado, se complic\u00f3 m\u00e1s su salud y muri\u00f3 ayer por la ma\u00f1ana, apenas a la edad de 73 a\u00f1os.<\/p>\n<p>Un hombre de familia, serio, honrado, el \u00faltimo panista decente, lo hab\u00eda saludado el mes de diciembre pasado, el ingeniero Casimiro Navarro se ve\u00eda entero.<\/p>\n<p>Mis m\u00e1s sentidas condolencias a su esposa, hijos y nietos. Descansa en paz el ingeniero Casimiro Navarro Valenzuela.<\/p>\n<p>Los invito a escuchar los viernes la mesa de an\u00e1lisis de SONORA EN RED NOTICIAS, ejercicio de opini\u00f3n que realizo en compa\u00f1\u00eda de mis amigos Arturo Chapo Soto, Arturo Ballesteros y Octaviano Rojas, por el 93.3 del cuadrante de F.M. desde Guaymas para todo el sur de Sonora, y por la se\u00f1al del canal 14 de Estrella Tucson TV, en el sur de Arizona.<\/p>\n<p>Y en Radio Sol 104.7 F.M. LENGUAS VESPERTINAS, de lunes a viernes a las 17:00 horas, le vamos a ofrecer una peque\u00f1a dosis de grilla.<\/p>\n<p>Podemos interactuar a trav\u00e9s de mi cuenta de Twitter @feroropeza20 o en mi correo electr\u00f3nico <a href=\"mailto:luiso@hmo.megared.net.mx\">luiso@hmo.megared.net.mx<\/a><\/p>\n<p>&nbsp;<\/p>\n<p>&nbsp;<\/p>\n<p>&nbsp;<\/p>\n","protected":false},"excerpt":{"rendered":"<p>La Comisi\u00f3n de Justicia del Senado de la Rep\u00fablica, sigue desahogando las comparecencias de los mil 60 aspirantes de 30 entidades federativas, que se registraron en la convocatoria para ser designados Magistrados Electorales, a Sonora le corresponde designar dos Magistrados. La Comisi\u00f3n de Justicia que preside el Senador Javier Corral realiza las entrevistas a cada [&hellip;]<\/p>\n","protected":false},"author":1,"featured_media":22141,"comment_status":"open","ping_status":"open","sticky":false,"template":"","format":"standard","meta":{"footnotes":""},"categories":[173],"tags":[],"class_list":["post"],"yoast_head":" \n<title>Impresentables aspiran a Magistratura en el Tribunal Estatal Electoral - Periodista SoledadDurazo.com<\/title>\n<meta name=\"robots\" content=\"index, follow, max-snippet:-1, max-image-preview:large, max-video-preview:-1\" \/>\n<link rel=\"canonical\" href=\"https:\/\/soledaddurazo.com\/blog\/2025\/04\/02\/impresentables-aspiran-a-magistratura-en-el-tribunal-estatal-electoral\/\" \/>\n<meta property=\"og:locale\" content=\"es_MX\" \/>\n<meta property=\"og:type\" content=\"article\" \/>\n<meta property=\"og:title\" content=\"Impresentables aspiran a Magistratura en el Tribunal Estatal Electoral\" \/>\n<meta property=\"og:description\" content=\"La Comisi\u00f3n de Justicia del Senado de la Rep\u00fablica, sigue desahogando las comparecencias de los mil 60 aspirantes de 30 entidades federativas, que se registraron en la convocatoria para ser designados Magistrados Electorales, a Sonora le corresponde designar dos Magistrados. La Comisi\u00f3n de Justicia que preside el Senador Javier Corral realiza las entrevistas a cada [&hellip;]\" \/>\n<meta property=\"og:url\" content=\"https:\/\/soledaddurazo.com\/blog\/2025\/04\/02\/impresentables-aspiran-a-magistratura-en-el-tribunal-estatal-electoral\/\" \/>\n<meta property=\"og:site_name\" content=\"Periodista SoledadDurazo.com\" \/>\n<meta property=\"article:publisher\" content=\"https:\/\/www.facebook.com\/soledad.durazo.9\/\" \/>\n<meta property=\"article:published_time\" content=\"2025-04-03T05:44:07+00:00\" \/>\n<meta property=\"og:image\" content=\"https:\/\/soledaddurazo.com\/storage\/2025\/03\/9a-GRAFICO-FERNANDO-OROPEZA.jpeg\" \/>\n\t<meta property=\"og:image:width\" content=\"1092\" \/>\n\t<meta property=\"og:image:height\" content=\"983\" \/>\n<meta name=\"twitter:card\" content=\"summary_large_image\" \/>\n<meta name=\"twitter:creator\" content=\"@SoledadDurazo\" \/>\n<meta name=\"twitter:site\" content=\"@SoledadDurazo\" \/>\n<meta name=\"twitter:label1\" content=\"Escrito por\" \/>\n\t<meta name=\"twitter:data1\" content=\"Redacci\u00f3n\" \/>\n\t<meta name=\"twitter:label2\" content=\"Tiempo de lectura\" \/>\n\t<meta name=\"twitter:data2\" content=\"6 minutos\" \/>\n<script type=\"application\/ld+json\" class=\"yoast-schema-graph\">{\"@context\":\"https:\/\/schema.org\",\"@graph\":[{\"@type\":\"Organization\",\"@id\":\"https:\/\/soledaddurazo.com\/#organization\",\"name\":\"Soledad Durazo\",\"url\":\"https:\/\/soledaddurazo.com\/\",\"sameAs\":[\"https:\/\/www.facebook.com\/soledad.durazo.9\/\",\"https:\/\/www.instagram.com\/soledaddurazo\",\"https:\/\/www.youtube.com\/channel\/UC9yGPw8-Vbl_B2XNkRwPS-w\",\"https:\/\/twitter.com\/SoledadDurazo\"],\"logo\":{\"@type\":\"ImageObject\",\"@id\":\"https:\/\/soledaddurazo.com\/#logo\",\"inLanguage\":\"es\",\"url\":\"https:\/\/soledaddurazo.com\/storage\/2021\/11\/nllp-720x375-1-2.png\",\"contentUrl\":\"https:\/\/soledaddurazo.com\/storage\/2021\/11\/nllp-720x375-1-2.png\",\"width\":720,\"height\":375,\"caption\":\"Soledad Durazo\"},\"image\":{\"@id\":\"https:\/\/soledaddurazo.com\/#logo\"}},{\"@type\":\"WebSite\",\"@id\":\"https:\/\/soledaddurazo.com\/#website\",\"url\":\"https:\/\/soledaddurazo.com\/\",\"name\":\"Periodista SoledadDurazo.com\",\"description\":\"Periodista sonorense. Directora de www.SoledadDurazo.com Columnista, conductora de radio y Tv. Catedr\\u00e1tica en la UNISON\",\"publisher\":{\"@id\":\"https:\/\/soledaddurazo.com\/#organization\"},\"potentialAction\":[{\"@type\":\"SearchAction\",\"target\":{\"@type\":\"EntryPoint\",\"urlTemplate\":\"https:\/\/soledaddurazo.com\/?s={search_term_string}\"},\"query-input\":\"required name=search_term_string\"}],\"inLanguage\":\"es\"},{\"@type\":\"ImageObject\",\"@id\":\"https:\/\/soledaddurazo.com\/blog\/2025\/04\/02\/impresentables-aspiran-a-magistratura-en-el-tribunal-estatal-electoral\/#primaryimage\",\"inLanguage\":\"es\",\"url\":\"https:\/\/soledaddurazo.com\/storage\/2025\/03\/9a-GRAFICO-FERNANDO-OROPEZA.jpeg\",\"contentUrl\":\"https:\/\/soledaddurazo.com\/storage\/2025\/03\/9a-GRAFICO-FERNANDO-OROPEZA.jpeg\",\"width\":1092,\"height\":983},{\"@type\":\"WebPage\",\"@id\":\"https:\/\/soledaddurazo.com\/blog\/2025\/04\/02\/impresentables-aspiran-a-magistratura-en-el-tribunal-estatal-electoral\/#webpage\",\"url\":\"https:\/\/soledaddurazo.com\/blog\/2025\/04\/02\/impresentables-aspiran-a-magistratura-en-el-tribunal-estatal-electoral\/\",\"name\":\"Impresentables aspiran a Magistratura en el Tribunal Estatal Electoral - Periodista SoledadDurazo.com\",\"isPartOf\":{\"@id\":\"https:\/\/soledaddurazo.com\/#website\"},\"primaryImageOfPage\":{\"@id\":\"https:\/\/soledaddurazo.com\/blog\/2025\/04\/02\/impresentables-aspiran-a-magistratura-en-el-tribunal-estatal-electoral\/#primaryimage\"},\"datePublished\":\"2025-04-03T05:44:07+00:00\",\"dateModified\":\"2025-04-03T05:44:07+00:00\",\"breadcrumb\":{\"@id\":\"https:\/\/soledaddurazo.com\/blog\/2025\/04\/02\/impresentables-aspiran-a-magistratura-en-el-tribunal-estatal-electoral\/#breadcrumb\"},\"inLanguage\":\"es\",\"potentialAction\":[{\"@type\":\"ReadAction\",\"target\":[\"https:\/\/soledaddurazo.com\/blog\/2025\/04\/02\/impresentables-aspiran-a-magistratura-en-el-tribunal-estatal-electoral\/\"]}]},{\"@type\":\"BreadcrumbList\",\"@id\":\"https:\/\/soledaddurazo.com\/blog\/2025\/04\/02\/impresentables-aspiran-a-magistratura-en-el-tribunal-estatal-electoral\/#breadcrumb\",\"itemListElement\":[{\"@type\":\"ListItem\",\"position\":1,\"name\":\"Home\",\"item\":\"https:\/\/soledaddurazo.com\/\"},{\"@type\":\"ListItem\",\"position\":2,\"name\":\"Impresentables aspiran a Magistratura en el Tribunal Estatal Electoral\"}]},{\"@type\":\"Article\",\"@id\":\"https:\/\/soledaddurazo.com\/blog\/2025\/04\/02\/impresentables-aspiran-a-magistratura-en-el-tribunal-estatal-electoral\/#article\",\"isPartOf\":{\"@id\":\"https:\/\/soledaddurazo.com\/blog\/2025\/04\/02\/impresentables-aspiran-a-magistratura-en-el-tribunal-estatal-electoral\/#webpage\"},\"author\":{\"@id\":\"https:\/\/soledaddurazo.com\/#\/schema\/person\/822d8e13aa288585e6546f179853758b\"},\"headline\":\"Impresentables aspiran a Magistratura en el Tribunal Estatal Electoral\",\"datePublished\":\"2025-04-03T05:44:07+00:00\",\"dateModified\":\"2025-04-03T05:44:07+00:00\",\"mainEntityOfPage\":{\"@id\":\"https:\/\/soledaddurazo.com\/blog\/2025\/04\/02\/impresentables-aspiran-a-magistratura-en-el-tribunal-estatal-electoral\/#webpage\"},\"wordCount\":1300,\"commentCount\":0,\"publisher\":{\"@id\":\"https:\/\/soledaddurazo.com\/#organization\"},\"image\":{\"@id\":\"https:\/\/soledaddurazo.com\/blog\/2025\/04\/02\/impresentables-aspiran-a-magistratura-en-el-tribunal-estatal-electoral\/#primaryimage\"},\"thumbnailUrl\":\"https:\/\/soledaddurazo.com\/storage\/2025\/03\/9a-GRAFICO-FERNANDO-OROPEZA.jpeg\",\"articleSection\":[\"Fernando Oropeza\"],\"inLanguage\":\"es\",\"potentialAction\":[{\"@type\":\"CommentAction\",\"name\":\"Comment\",\"target\":[\"https:\/\/soledaddurazo.com\/blog\/2025\/04\/02\/impresentables-aspiran-a-magistratura-en-el-tribunal-estatal-electoral\/#respond\"]}]},{\"@type\":\"Person\",\"@id\":\"https:\/\/soledaddurazo.com\/#\/schema\/person\/822d8e13aa288585e6546f179853758b\",\"name\":\"Redacci\\u00f3n\",\"image\":{\"@type\":\"ImageObject\",\"@id\":\"https:\/\/soledaddurazo.com\/#personlogo\",\"inLanguage\":\"es\",\"url\":\"https:\/\/secure.gravatar.com\/avatar\/c4e193752f756fd61f04deebed3a3a20dc188d37edb53682d313ac57f2725d54?s=96&d=mm&r=g\",\"contentUrl\":\"https:\/\/secure.gravatar.com\/avatar\/c4e193752f756fd61f04deebed3a3a20dc188d37edb53682d313ac57f2725d54?s=96&d=mm&r=g\",\"caption\":\"Redacci\\u00f3n\"},\"sameAs\":[\"https:\/\/soledaddurazo.com\"]}]}<\/script>\n ","yoast_head_json":{"title":"Impresentables aspiran a Magistratura en el Tribunal Estatal Electoral - Periodista SoledadDurazo.com","robots":{"index":"index","follow":"follow","max-snippet":"max-snippet:-1","max-image-preview":"max-image-preview:large","max-video-preview":"max-video-preview:-1"},"canonical":"https:\/\/soledaddurazo.com\/blog\/2025\/04\/02\/impresentables-aspiran-a-magistratura-en-el-tribunal-estatal-electoral\/","og_locale":"es_MX","og_type":"article","og_title":"Impresentables aspiran a Magistratura en el Tribunal Estatal Electoral","og_description":"La Comisi\u00f3n de Justicia del Senado de la Rep\u00fablica, sigue desahogando las comparecencias de los mil 60 aspirantes de 30 entidades federativas, que se registraron en la convocatoria para ser designados Magistrados Electorales, a Sonora le corresponde designar dos Magistrados. La Comisi\u00f3n de Justicia que preside el Senador Javier Corral realiza las entrevistas a cada [&hellip;]","og_url":"https:\/\/soledaddurazo.com\/blog\/2025\/04\/02\/impresentables-aspiran-a-magistratura-en-el-tribunal-estatal-electoral\/","og_site_name":"Periodista SoledadDurazo.com","article_publisher":"https:\/\/www.facebook.com\/soledad.durazo.9\/","article_published_time":"2025-04-03T05:44:07+00:00","og_image":[{"width":1092,"height":983,"url":"https:\/\/soledaddurazo.com\/storage\/2025\/03\/9a-GRAFICO-FERNANDO-OROPEZA.jpeg","type":"image\/jpeg"}],"twitter_card":"summary_large_image","twitter_creator":"@SoledadDurazo","twitter_site":"@SoledadDurazo","twitter_misc":{"Escrito por":"Redacci\u00f3n","Tiempo de lectura":"6 minutos"},"schema":{"@context":"https:\/\/schema.org","@graph":[{"@type":"Organization","@id":"https:\/\/soledaddurazo.com\/#organization","name":"Soledad Durazo","url":"https:\/\/soledaddurazo.com\/","sameAs":["https:\/\/www.facebook.com\/soledad.durazo.9\/","https:\/\/www.instagram.com\/soledaddurazo","https:\/\/www.youtube.com\/channel\/UC9yGPw8-Vbl_B2XNkRwPS-w","https:\/\/twitter.com\/SoledadDurazo"],"logo":{"@type":"ImageObject","@id":"https:\/\/soledaddurazo.com\/#logo","inLanguage":"es","url":"https:\/\/soledaddurazo.com\/storage\/2021\/11\/nllp-720x375-1-2.png","contentUrl":"https:\/\/soledaddurazo.com\/storage\/2021\/11\/nllp-720x375-1-2.png","width":720,"height":375,"caption":"Soledad Durazo"},"image":{"@id":"https:\/\/soledaddurazo.com\/#logo"}},{"@type":"WebSite","@id":"https:\/\/soledaddurazo.com\/#website","url":"https:\/\/soledaddurazo.com\/","name":"Periodista SoledadDurazo.com","description":"Periodista sonorense. Directora de www.SoledadDurazo.com Columnista, conductora de radio y Tv. Catedr\u00e1tica en la UNISON","publisher":{"@id":"https:\/\/soledaddurazo.com\/#organization"},"potentialAction":[{"@type":"SearchAction","target":{"@type":"EntryPoint","urlTemplate":"https:\/\/soledaddurazo.com\/?s={search_term_string}"},"query-input":"required name=search_term_string"}],"inLanguage":"es"},{"@type":"ImageObject","@id":"https:\/\/soledaddurazo.com\/blog\/2025\/04\/02\/impresentables-aspiran-a-magistratura-en-el-tribunal-estatal-electoral\/#primaryimage","inLanguage":"es","url":"https:\/\/soledaddurazo.com\/storage\/2025\/03\/9a-GRAFICO-FERNANDO-OROPEZA.jpeg","contentUrl":"https:\/\/soledaddurazo.com\/storage\/2025\/03\/9a-GRAFICO-FERNANDO-OROPEZA.jpeg","width":1092,"height":983},{"@type":"WebPage","@id":"https:\/\/soledaddurazo.com\/blog\/2025\/04\/02\/impresentables-aspiran-a-magistratura-en-el-tribunal-estatal-electoral\/#webpage","url":"https:\/\/soledaddurazo.com\/blog\/2025\/04\/02\/impresentables-aspiran-a-magistratura-en-el-tribunal-estatal-electoral\/","name":"Impresentables aspiran a Magistratura en el Tribunal Estatal Electoral - Periodista SoledadDurazo.com","isPartOf":{"@id":"https:\/\/soledaddurazo.com\/#website"},"primaryImageOfPage":{"@id":"https:\/\/soledaddurazo.com\/blog\/2025\/04\/02\/impresentables-aspiran-a-magistratura-en-el-tribunal-estatal-electoral\/#primaryimage"},"datePublished":"2025-04-03T05:44:07+00:00","dateModified":"2025-04-03T05:44:07+00:00","breadcrumb":{"@id":"https:\/\/soledaddurazo.com\/blog\/2025\/04\/02\/impresentables-aspiran-a-magistratura-en-el-tribunal-estatal-electoral\/#breadcrumb"},"inLanguage":"es","potentialAction":[{"@type":"ReadAction","target":["https:\/\/soledaddurazo.com\/blog\/2025\/04\/02\/impresentables-aspiran-a-magistratura-en-el-tribunal-estatal-electoral\/"]}]},{"@type":"BreadcrumbList","@id":"https:\/\/soledaddurazo.com\/blog\/2025\/04\/02\/impresentables-aspiran-a-magistratura-en-el-tribunal-estatal-electoral\/#breadcrumb","itemListElement":[{"@type":"ListItem","position":1,"name":"Home","item":"https:\/\/soledaddurazo.com\/"},{"@type":"ListItem","position":2,"name":"Impresentables aspiran a Magistratura en el Tribunal Estatal Electoral"}]},{"@type":"Article","@id":"https:\/\/soledaddurazo.com\/blog\/2025\/04\/02\/impresentables-aspiran-a-magistratura-en-el-tribunal-estatal-electoral\/#article","isPartOf":{"@id":"https:\/\/soledaddurazo.com\/blog\/2025\/04\/02\/impresentables-aspiran-a-magistratura-en-el-tribunal-estatal-electoral\/#webpage"},"author":{"@id":"https:\/\/soledaddurazo.com\/#\/schema\/person\/822d8e13aa288585e6546f179853758b"},"headline":"Impresentables aspiran a Magistratura en el Tribunal Estatal Electoral","datePublished":"2025-04-03T05:44:07+00:00","dateModified":"2025-04-03T05:44:07+00:00","mainEntityOfPage":{"@id":"https:\/\/soledaddurazo.com\/blog\/2025\/04\/02\/impresentables-aspiran-a-magistratura-en-el-tribunal-estatal-electoral\/#webpage"},"wordCount":1300,"commentCount":0,"publisher":{"@id":"https:\/\/soledaddurazo.com\/#organization"},"image":{"@id":"https:\/\/soledaddurazo.com\/blog\/2025\/04\/02\/impresentables-aspiran-a-magistratura-en-el-tribunal-estatal-electoral\/#primaryimage"},"thumbnailUrl":"https:\/\/soledaddurazo.com\/storage\/2025\/03\/9a-GRAFICO-FERNANDO-OROPEZA.jpeg","articleSection":["Fernando Oropeza"],"inLanguage":"es","potentialAction":[{"@type":"CommentAction","name":"Comment","target":["https:\/\/soledaddurazo.com\/blog\/2025\/04\/02\/impresentables-aspiran-a-magistratura-en-el-tribunal-estatal-electoral\/#respond"]}]},{"@type":"Person","@id":"https:\/\/soledaddurazo.com\/#\/schema\/person\/822d8e13aa288585e6546f179853758b","name":"Redacci\u00f3n","image":{"@type":"ImageObject","@id":"https:\/\/soledaddurazo.com\/#personlogo","inLanguage":"es","url":"https:\/\/secure.gravatar.com\/avatar\/c4e193752f756fd61f04deebed3a3a20dc188d37edb53682d313ac57f2725d54?s=96&d=mm&r=g","contentUrl":"https:\/\/secure.gravatar.com\/avatar\/c4e193752f756fd61f04deebed3a3a20dc188d37edb53682d313ac57f2725d54?s=96&d=mm&r=g","caption":"Redacci\u00f3n"},"sameAs":["https:\/\/soledaddurazo.com"]}]}},"_links":{"self":[{"href":"https:\/\/soledaddurazo.com\/api\/wp\/v2\/posts\/22363","targetHints":{"allow":["GET"]}}],"collection":[{"href":"https:\/\/soledaddurazo.com\/api\/wp\/v2\/posts"}],"about":[{"href":"https:\/\/soledaddurazo.com\/api\/wp\/v2\/types\/post"}],"author":[{"embeddable":true,"href":"https:\/\/soledaddurazo.com\/api\/wp\/v2\/users\/1"}],"replies":[{"embeddable":true,"href":"https:\/\/soledaddurazo.com\/api\/wp\/v2\/comments?post=22363"}],"version-history":[{"count":1,"href":"https:\/\/soledaddurazo.com\/api\/wp\/v2\/posts\/22363\/revisions"}],"predecessor-version":[{"id":22366,"href":"https:\/\/soledaddurazo.com\/api\/wp\/v2\/posts\/22363\/revisions\/22366"}],"wp:featuredmedia":[{"embeddable":true,"href":"https:\/\/soledaddurazo.com\/api\/wp\/v2\/media\/22141"}],"wp:attachment":[{"href":"https:\/\/soledaddurazo.com\/api\/wp\/v2\/media?parent=22363"}],"wp:term":[{"taxonomy":"category","embeddable":true,"href":"https:\/\/soledaddurazo.com\/api\/wp\/v2\/categories?post=22363"},{"taxonomy":"post_tag","embeddable":true,"href":"https:\/\/soledaddurazo.com\/api\/wp\/v2\/tags?post=22363"}],"curies":[{"name":"wp","href":"https:\/\/api.w.org\/{rel}","templated":true}]}}