{"id":22360,"date":"2025-04-02T22:05:46","date_gmt":"2025-04-03T05:05:46","guid":{"rendered":"https:\/\/soledaddurazo.com\/?p=22360"},"modified":"2025-04-16T14:49:02","modified_gmt":"2025-04-16T21:49:02","slug":"se-realizara-el-campeonato-wbc-mexico-vs-colombia-en-el-malecon-turistico","status":"publish","type":"post","link":"https:\/\/soledaddurazo.com\/blog\/2025\/04\/02\/se-realizara-el-campeonato-wbc-mexico-vs-colombia-en-el-malecon-turistico\/","title":{"rendered":"Se realizar\u00e1  el Campeonato WBC M\u00e9xico vs. Colombia en el Malec\u00f3n Tur\u00edstico"},"content":{"rendered":"<p>Este pr\u00f3ximo viernes 11 de abril a partir de las 18:00 horas en el Malec\u00f3n Tur\u00edstico se realizar\u00e1 el Campeonato WBC Colombia vs. M\u00e9xico donde participar\u00e1n en pelea estelar Miguel Rom\u00e1n y \u00d3scar \u201cGuerrero\u201d Escand\u00f3n, en evento organizado por Latin KO, Box Televisa y el Ayuntamiento de Guaymas.<\/p>\n<p>En conferencia de prensa, el coordinador de festividades, Sergio Guerrero Hern\u00e1ndez, indic\u00f3 que \u201cMickey\u201d Rom\u00e1n y \u201cGuerrero\u201d Escand\u00f3n se enfrentar\u00e1n a 10 rounds en peso Superpluma, encabezando la gala box\u00edstica que presentar\u00e1 Latin KO Promotions que tendr\u00e1 transmisi\u00f3n en vivo por Box Televisa y que incluir\u00e1 adem\u00e1s ocho peleas m\u00e1s del talento sonorense.<\/p>\n<p>Box Televisa ha confirmado que su cuerpo de narradores estelares estar\u00e1 presente en este programa, entre los que destacan Carlos \u201cEl Zar\u201d Aguilar, Mariana \u201cBarbie\u201d Ju\u00e1rez, Marco Antonio Barrera e I\u00f1aki Arzate estar\u00e1n narrando en vivo las acciones, as\u00ed como la reportera Marie Claire haciendo las notas de color y ambiente.<\/p>\n<p>Para el jueves 10 est\u00e1 prevista la ceremonia de pesaje frente al monumento al pescador a partir de las 11:00 de la ma\u00f1ana y ese mismo d\u00eda, Mariana \u201cBarby\u201d Ju\u00e1rez ofrecer\u00e1 una conferencia contra las adicciones frente a Palacio Municipal a partir de las 16:00 horas.<\/p>\n<p>Para la zona de ringside numerado hay cupo limitado, mientras que cada boleto de entrada ringside general y gradas ser\u00e1 canjeado en palacio municipal o en oficinas de DIF por un kilo de croquetas para mascotas o bien, por un paquete de pa\u00f1ales para adulto, con lo que entre afici\u00f3n, promotores y autoridades locales, se har\u00e1 una loable labor social.<\/p>\n<p>La alcaldesa Karla C\u00f3rdova Gonz\u00e1lez indic\u00f3 esta actividad busca que ni\u00f1os y adolescentes encuentren en el deporte una disciplina y esto ayude a reconstruir el tejido social, por ello buscamos promover este tipo de actividades; adem\u00e1s, se har\u00e1 un homenaje a tres leyendas del boxeo guaymense Julio C\u00e9sar \u201cNavajo\u201d Borboa, el c\u00e9lebre peleador Marcos Geraldo, ex campe\u00f3n nacional y al ex seleccionado nacional con una brillante carrera en el boxeo amateur y que puso en alto a M\u00e9xico, Sonora y Guaymas, Vicente L\u00f3pez Arellano, ya finado.<\/p>\n","protected":false},"excerpt":{"rendered":"<p>Este pr\u00f3ximo viernes 11 de abril a partir de las 18:00 horas en el Malec\u00f3n Tur\u00edstico se realizar\u00e1 el Campeonato WBC Colombia vs. M\u00e9xico donde participar\u00e1n en pelea estelar Miguel Rom\u00e1n y \u00d3scar \u201cGuerrero\u201d Escand\u00f3n, en evento organizado por Latin KO, Box Televisa y el Ayuntamiento de Guaymas. En conferencia de prensa, el coordinador de [&hellip;]<\/p>\n","protected":false},"author":1,"featured_media":22361,"comment_status":"open","ping_status":"open","sticky":false,"template":"","format":"standard","meta":{"footnotes":""},"categories":[160],"tags":[],"class_list":["post"],"yoast_head":" \n<title>Se realizar\u00e1 el Campeonato WBC M\u00e9xico vs. Colombia en el Malec\u00f3n Tur\u00edstico - Periodista SoledadDurazo.com<\/title>\n<meta name=\"robots\" content=\"index, follow, max-snippet:-1, max-image-preview:large, max-video-preview:-1\" \/>\n<link rel=\"canonical\" href=\"https:\/\/soledaddurazo.com\/blog\/2025\/04\/02\/se-realizara-el-campeonato-wbc-mexico-vs-colombia-en-el-malecon-turistico\/\" \/>\n<meta property=\"og:locale\" content=\"es_MX\" \/>\n<meta property=\"og:type\" content=\"article\" \/>\n<meta property=\"og:title\" content=\"Se realizar\u00e1 el Campeonato WBC M\u00e9xico vs. Colombia en el Malec\u00f3n Tur\u00edstico\" \/>\n<meta property=\"og:description\" content=\"Este pr\u00f3ximo viernes 11 de abril a partir de las 18:00 horas en el Malec\u00f3n Tur\u00edstico se realizar\u00e1 el Campeonato WBC Colombia vs. M\u00e9xico donde participar\u00e1n en pelea estelar Miguel Rom\u00e1n y \u00d3scar \u201cGuerrero\u201d Escand\u00f3n, en evento organizado por Latin KO, Box Televisa y el Ayuntamiento de Guaymas. En conferencia de prensa, el coordinador de [&hellip;]\" \/>\n<meta property=\"og:url\" content=\"https:\/\/soledaddurazo.com\/blog\/2025\/04\/02\/se-realizara-el-campeonato-wbc-mexico-vs-colombia-en-el-malecon-turistico\/\" \/>\n<meta property=\"og:site_name\" content=\"Periodista SoledadDurazo.com\" \/>\n<meta property=\"article:publisher\" content=\"https:\/\/www.facebook.com\/soledad.durazo.9\/\" \/>\n<meta property=\"article:published_time\" content=\"2025-04-03T05:05:46+00:00\" \/>\n<meta property=\"article:modified_time\" content=\"2025-04-16T21:49:02+00:00\" \/>\n<meta property=\"og:image\" content=\"https:\/\/soledaddurazo.com\/storage\/2025\/04\/31036fc4-e10e-4050-8815-be6a0a1565b0.jpeg\" \/>\n\t<meta property=\"og:image:width\" content=\"1600\" \/>\n\t<meta property=\"og:image:height\" content=\"1600\" \/>\n<meta name=\"twitter:card\" content=\"summary_large_image\" \/>\n<meta name=\"twitter:creator\" content=\"@SoledadDurazo\" \/>\n<meta name=\"twitter:site\" content=\"@SoledadDurazo\" \/>\n<meta name=\"twitter:label1\" content=\"Escrito por\" \/>\n\t<meta name=\"twitter:data1\" content=\"Redacci\u00f3n\" \/>\n\t<meta name=\"twitter:label2\" content=\"Tiempo de lectura\" \/>\n\t<meta name=\"twitter:data2\" content=\"2 minutos\" \/>\n<script type=\"application\/ld+json\" class=\"yoast-schema-graph\">{\"@context\":\"https:\/\/schema.org\",\"@graph\":[{\"@type\":\"Organization\",\"@id\":\"https:\/\/soledaddurazo.com\/#organization\",\"name\":\"Soledad Durazo\",\"url\":\"https:\/\/soledaddurazo.com\/\",\"sameAs\":[\"https:\/\/www.facebook.com\/soledad.durazo.9\/\",\"https:\/\/www.instagram.com\/soledaddurazo\",\"https:\/\/www.youtube.com\/channel\/UC9yGPw8-Vbl_B2XNkRwPS-w\",\"https:\/\/twitter.com\/SoledadDurazo\"],\"logo\":{\"@type\":\"ImageObject\",\"@id\":\"https:\/\/soledaddurazo.com\/#logo\",\"inLanguage\":\"es\",\"url\":\"https:\/\/soledaddurazo.com\/storage\/2021\/11\/nllp-720x375-1-2.png\",\"contentUrl\":\"https:\/\/soledaddurazo.com\/storage\/2021\/11\/nllp-720x375-1-2.png\",\"width\":720,\"height\":375,\"caption\":\"Soledad Durazo\"},\"image\":{\"@id\":\"https:\/\/soledaddurazo.com\/#logo\"}},{\"@type\":\"WebSite\",\"@id\":\"https:\/\/soledaddurazo.com\/#website\",\"url\":\"https:\/\/soledaddurazo.com\/\",\"name\":\"Periodista SoledadDurazo.com\",\"description\":\"Periodista sonorense. Directora de www.SoledadDurazo.com Columnista, conductora de radio y Tv. Catedr\\u00e1tica en la UNISON\",\"publisher\":{\"@id\":\"https:\/\/soledaddurazo.com\/#organization\"},\"potentialAction\":[{\"@type\":\"SearchAction\",\"target\":{\"@type\":\"EntryPoint\",\"urlTemplate\":\"https:\/\/soledaddurazo.com\/?s={search_term_string}\"},\"query-input\":\"required name=search_term_string\"}],\"inLanguage\":\"es\"},{\"@type\":\"ImageObject\",\"@id\":\"https:\/\/soledaddurazo.com\/blog\/2025\/04\/02\/se-realizara-el-campeonato-wbc-mexico-vs-colombia-en-el-malecon-turistico\/#primaryimage\",\"inLanguage\":\"es\",\"url\":\"https:\/\/soledaddurazo.com\/storage\/2025\/04\/31036fc4-e10e-4050-8815-be6a0a1565b0.jpeg\",\"contentUrl\":\"https:\/\/soledaddurazo.com\/storage\/2025\/04\/31036fc4-e10e-4050-8815-be6a0a1565b0.jpeg\",\"width\":1600,\"height\":1600},{\"@type\":\"WebPage\",\"@id\":\"https:\/\/soledaddurazo.com\/blog\/2025\/04\/02\/se-realizara-el-campeonato-wbc-mexico-vs-colombia-en-el-malecon-turistico\/#webpage\",\"url\":\"https:\/\/soledaddurazo.com\/blog\/2025\/04\/02\/se-realizara-el-campeonato-wbc-mexico-vs-colombia-en-el-malecon-turistico\/\",\"name\":\"Se realizar\\u00e1 el Campeonato WBC M\\u00e9xico vs. Colombia en el Malec\\u00f3n Tur\\u00edstico - Periodista SoledadDurazo.com\",\"isPartOf\":{\"@id\":\"https:\/\/soledaddurazo.com\/#website\"},\"primaryImageOfPage\":{\"@id\":\"https:\/\/soledaddurazo.com\/blog\/2025\/04\/02\/se-realizara-el-campeonato-wbc-mexico-vs-colombia-en-el-malecon-turistico\/#primaryimage\"},\"datePublished\":\"2025-04-03T05:05:46+00:00\",\"dateModified\":\"2025-04-16T21:49:02+00:00\",\"breadcrumb\":{\"@id\":\"https:\/\/soledaddurazo.com\/blog\/2025\/04\/02\/se-realizara-el-campeonato-wbc-mexico-vs-colombia-en-el-malecon-turistico\/#breadcrumb\"},\"inLanguage\":\"es\",\"potentialAction\":[{\"@type\":\"ReadAction\",\"target\":[\"https:\/\/soledaddurazo.com\/blog\/2025\/04\/02\/se-realizara-el-campeonato-wbc-mexico-vs-colombia-en-el-malecon-turistico\/\"]}]},{\"@type\":\"BreadcrumbList\",\"@id\":\"https:\/\/soledaddurazo.com\/blog\/2025\/04\/02\/se-realizara-el-campeonato-wbc-mexico-vs-colombia-en-el-malecon-turistico\/#breadcrumb\",\"itemListElement\":[{\"@type\":\"ListItem\",\"position\":1,\"name\":\"Home\",\"item\":\"https:\/\/soledaddurazo.com\/\"},{\"@type\":\"ListItem\",\"position\":2,\"name\":\"Se realizar\\u00e1 el Campeonato WBC M\\u00e9xico vs. Colombia en el Malec\\u00f3n Tur\\u00edstico\"}]},{\"@type\":\"Article\",\"@id\":\"https:\/\/soledaddurazo.com\/blog\/2025\/04\/02\/se-realizara-el-campeonato-wbc-mexico-vs-colombia-en-el-malecon-turistico\/#article\",\"isPartOf\":{\"@id\":\"https:\/\/soledaddurazo.com\/blog\/2025\/04\/02\/se-realizara-el-campeonato-wbc-mexico-vs-colombia-en-el-malecon-turistico\/#webpage\"},\"author\":{\"@id\":\"https:\/\/soledaddurazo.com\/#\/schema\/person\/822d8e13aa288585e6546f179853758b\"},\"headline\":\"Se realizar\\u00e1 el Campeonato WBC M\\u00e9xico vs. Colombia en el Malec\\u00f3n Tur\\u00edstico\",\"datePublished\":\"2025-04-03T05:05:46+00:00\",\"dateModified\":\"2025-04-16T21:49:02+00:00\",\"mainEntityOfPage\":{\"@id\":\"https:\/\/soledaddurazo.com\/blog\/2025\/04\/02\/se-realizara-el-campeonato-wbc-mexico-vs-colombia-en-el-malecon-turistico\/#webpage\"},\"wordCount\":385,\"commentCount\":0,\"publisher\":{\"@id\":\"https:\/\/soledaddurazo.com\/#organization\"},\"image\":{\"@id\":\"https:\/\/soledaddurazo.com\/blog\/2025\/04\/02\/se-realizara-el-campeonato-wbc-mexico-vs-colombia-en-el-malecon-turistico\/#primaryimage\"},\"thumbnailUrl\":\"https:\/\/soledaddurazo.com\/storage\/2025\/04\/31036fc4-e10e-4050-8815-be6a0a1565b0.jpeg\",\"articleSection\":[\"Mas noticias\"],\"inLanguage\":\"es\",\"potentialAction\":[{\"@type\":\"CommentAction\",\"name\":\"Comment\",\"target\":[\"https:\/\/soledaddurazo.com\/blog\/2025\/04\/02\/se-realizara-el-campeonato-wbc-mexico-vs-colombia-en-el-malecon-turistico\/#respond\"]}]},{\"@type\":\"Person\",\"@id\":\"https:\/\/soledaddurazo.com\/#\/schema\/person\/822d8e13aa288585e6546f179853758b\",\"name\":\"Redacci\\u00f3n\",\"image\":{\"@type\":\"ImageObject\",\"@id\":\"https:\/\/soledaddurazo.com\/#personlogo\",\"inLanguage\":\"es\",\"url\":\"https:\/\/secure.gravatar.com\/avatar\/c4e193752f756fd61f04deebed3a3a20dc188d37edb53682d313ac57f2725d54?s=96&d=mm&r=g\",\"contentUrl\":\"https:\/\/secure.gravatar.com\/avatar\/c4e193752f756fd61f04deebed3a3a20dc188d37edb53682d313ac57f2725d54?s=96&d=mm&r=g\",\"caption\":\"Redacci\\u00f3n\"},\"sameAs\":[\"https:\/\/soledaddurazo.com\"]}]}<\/script>\n ","yoast_head_json":{"title":"Se realizar\u00e1 el Campeonato WBC M\u00e9xico vs. Colombia en el Malec\u00f3n Tur\u00edstico - Periodista SoledadDurazo.com","robots":{"index":"index","follow":"follow","max-snippet":"max-snippet:-1","max-image-preview":"max-image-preview:large","max-video-preview":"max-video-preview:-1"},"canonical":"https:\/\/soledaddurazo.com\/blog\/2025\/04\/02\/se-realizara-el-campeonato-wbc-mexico-vs-colombia-en-el-malecon-turistico\/","og_locale":"es_MX","og_type":"article","og_title":"Se realizar\u00e1 el Campeonato WBC M\u00e9xico vs. Colombia en el Malec\u00f3n Tur\u00edstico","og_description":"Este pr\u00f3ximo viernes 11 de abril a partir de las 18:00 horas en el Malec\u00f3n Tur\u00edstico se realizar\u00e1 el Campeonato WBC Colombia vs. M\u00e9xico donde participar\u00e1n en pelea estelar Miguel Rom\u00e1n y \u00d3scar \u201cGuerrero\u201d Escand\u00f3n, en evento organizado por Latin KO, Box Televisa y el Ayuntamiento de Guaymas. En conferencia de prensa, el coordinador de [&hellip;]","og_url":"https:\/\/soledaddurazo.com\/blog\/2025\/04\/02\/se-realizara-el-campeonato-wbc-mexico-vs-colombia-en-el-malecon-turistico\/","og_site_name":"Periodista SoledadDurazo.com","article_publisher":"https:\/\/www.facebook.com\/soledad.durazo.9\/","article_published_time":"2025-04-03T05:05:46+00:00","article_modified_time":"2025-04-16T21:49:02+00:00","og_image":[{"width":1600,"height":1600,"url":"https:\/\/soledaddurazo.com\/storage\/2025\/04\/31036fc4-e10e-4050-8815-be6a0a1565b0.jpeg","type":"image\/jpeg"}],"twitter_card":"summary_large_image","twitter_creator":"@SoledadDurazo","twitter_site":"@SoledadDurazo","twitter_misc":{"Escrito por":"Redacci\u00f3n","Tiempo de lectura":"2 minutos"},"schema":{"@context":"https:\/\/schema.org","@graph":[{"@type":"Organization","@id":"https:\/\/soledaddurazo.com\/#organization","name":"Soledad Durazo","url":"https:\/\/soledaddurazo.com\/","sameAs":["https:\/\/www.facebook.com\/soledad.durazo.9\/","https:\/\/www.instagram.com\/soledaddurazo","https:\/\/www.youtube.com\/channel\/UC9yGPw8-Vbl_B2XNkRwPS-w","https:\/\/twitter.com\/SoledadDurazo"],"logo":{"@type":"ImageObject","@id":"https:\/\/soledaddurazo.com\/#logo","inLanguage":"es","url":"https:\/\/soledaddurazo.com\/storage\/2021\/11\/nllp-720x375-1-2.png","contentUrl":"https:\/\/soledaddurazo.com\/storage\/2021\/11\/nllp-720x375-1-2.png","width":720,"height":375,"caption":"Soledad Durazo"},"image":{"@id":"https:\/\/soledaddurazo.com\/#logo"}},{"@type":"WebSite","@id":"https:\/\/soledaddurazo.com\/#website","url":"https:\/\/soledaddurazo.com\/","name":"Periodista SoledadDurazo.com","description":"Periodista sonorense. Directora de www.SoledadDurazo.com Columnista, conductora de radio y Tv. Catedr\u00e1tica en la UNISON","publisher":{"@id":"https:\/\/soledaddurazo.com\/#organization"},"potentialAction":[{"@type":"SearchAction","target":{"@type":"EntryPoint","urlTemplate":"https:\/\/soledaddurazo.com\/?s={search_term_string}"},"query-input":"required name=search_term_string"}],"inLanguage":"es"},{"@type":"ImageObject","@id":"https:\/\/soledaddurazo.com\/blog\/2025\/04\/02\/se-realizara-el-campeonato-wbc-mexico-vs-colombia-en-el-malecon-turistico\/#primaryimage","inLanguage":"es","url":"https:\/\/soledaddurazo.com\/storage\/2025\/04\/31036fc4-e10e-4050-8815-be6a0a1565b0.jpeg","contentUrl":"https:\/\/soledaddurazo.com\/storage\/2025\/04\/31036fc4-e10e-4050-8815-be6a0a1565b0.jpeg","width":1600,"height":1600},{"@type":"WebPage","@id":"https:\/\/soledaddurazo.com\/blog\/2025\/04\/02\/se-realizara-el-campeonato-wbc-mexico-vs-colombia-en-el-malecon-turistico\/#webpage","url":"https:\/\/soledaddurazo.com\/blog\/2025\/04\/02\/se-realizara-el-campeonato-wbc-mexico-vs-colombia-en-el-malecon-turistico\/","name":"Se realizar\u00e1 el Campeonato WBC M\u00e9xico vs. Colombia en el Malec\u00f3n Tur\u00edstico - Periodista SoledadDurazo.com","isPartOf":{"@id":"https:\/\/soledaddurazo.com\/#website"},"primaryImageOfPage":{"@id":"https:\/\/soledaddurazo.com\/blog\/2025\/04\/02\/se-realizara-el-campeonato-wbc-mexico-vs-colombia-en-el-malecon-turistico\/#primaryimage"},"datePublished":"2025-04-03T05:05:46+00:00","dateModified":"2025-04-16T21:49:02+00:00","breadcrumb":{"@id":"https:\/\/soledaddurazo.com\/blog\/2025\/04\/02\/se-realizara-el-campeonato-wbc-mexico-vs-colombia-en-el-malecon-turistico\/#breadcrumb"},"inLanguage":"es","potentialAction":[{"@type":"ReadAction","target":["https:\/\/soledaddurazo.com\/blog\/2025\/04\/02\/se-realizara-el-campeonato-wbc-mexico-vs-colombia-en-el-malecon-turistico\/"]}]},{"@type":"BreadcrumbList","@id":"https:\/\/soledaddurazo.com\/blog\/2025\/04\/02\/se-realizara-el-campeonato-wbc-mexico-vs-colombia-en-el-malecon-turistico\/#breadcrumb","itemListElement":[{"@type":"ListItem","position":1,"name":"Home","item":"https:\/\/soledaddurazo.com\/"},{"@type":"ListItem","position":2,"name":"Se realizar\u00e1 el Campeonato WBC M\u00e9xico vs. Colombia en el Malec\u00f3n Tur\u00edstico"}]},{"@type":"Article","@id":"https:\/\/soledaddurazo.com\/blog\/2025\/04\/02\/se-realizara-el-campeonato-wbc-mexico-vs-colombia-en-el-malecon-turistico\/#article","isPartOf":{"@id":"https:\/\/soledaddurazo.com\/blog\/2025\/04\/02\/se-realizara-el-campeonato-wbc-mexico-vs-colombia-en-el-malecon-turistico\/#webpage"},"author":{"@id":"https:\/\/soledaddurazo.com\/#\/schema\/person\/822d8e13aa288585e6546f179853758b"},"headline":"Se realizar\u00e1 el Campeonato WBC M\u00e9xico vs. Colombia en el Malec\u00f3n Tur\u00edstico","datePublished":"2025-04-03T05:05:46+00:00","dateModified":"2025-04-16T21:49:02+00:00","mainEntityOfPage":{"@id":"https:\/\/soledaddurazo.com\/blog\/2025\/04\/02\/se-realizara-el-campeonato-wbc-mexico-vs-colombia-en-el-malecon-turistico\/#webpage"},"wordCount":385,"commentCount":0,"publisher":{"@id":"https:\/\/soledaddurazo.com\/#organization"},"image":{"@id":"https:\/\/soledaddurazo.com\/blog\/2025\/04\/02\/se-realizara-el-campeonato-wbc-mexico-vs-colombia-en-el-malecon-turistico\/#primaryimage"},"thumbnailUrl":"https:\/\/soledaddurazo.com\/storage\/2025\/04\/31036fc4-e10e-4050-8815-be6a0a1565b0.jpeg","articleSection":["Mas noticias"],"inLanguage":"es","potentialAction":[{"@type":"CommentAction","name":"Comment","target":["https:\/\/soledaddurazo.com\/blog\/2025\/04\/02\/se-realizara-el-campeonato-wbc-mexico-vs-colombia-en-el-malecon-turistico\/#respond"]}]},{"@type":"Person","@id":"https:\/\/soledaddurazo.com\/#\/schema\/person\/822d8e13aa288585e6546f179853758b","name":"Redacci\u00f3n","image":{"@type":"ImageObject","@id":"https:\/\/soledaddurazo.com\/#personlogo","inLanguage":"es","url":"https:\/\/secure.gravatar.com\/avatar\/c4e193752f756fd61f04deebed3a3a20dc188d37edb53682d313ac57f2725d54?s=96&d=mm&r=g","contentUrl":"https:\/\/secure.gravatar.com\/avatar\/c4e193752f756fd61f04deebed3a3a20dc188d37edb53682d313ac57f2725d54?s=96&d=mm&r=g","caption":"Redacci\u00f3n"},"sameAs":["https:\/\/soledaddurazo.com"]}]}},"_links":{"self":[{"href":"https:\/\/soledaddurazo.com\/api\/wp\/v2\/posts\/22360","targetHints":{"allow":["GET"]}}],"collection":[{"href":"https:\/\/soledaddurazo.com\/api\/wp\/v2\/posts"}],"about":[{"href":"https:\/\/soledaddurazo.com\/api\/wp\/v2\/types\/post"}],"author":[{"embeddable":true,"href":"https:\/\/soledaddurazo.com\/api\/wp\/v2\/users\/1"}],"replies":[{"embeddable":true,"href":"https:\/\/soledaddurazo.com\/api\/wp\/v2\/comments?post=22360"}],"version-history":[{"count":1,"href":"https:\/\/soledaddurazo.com\/api\/wp\/v2\/posts\/22360\/revisions"}],"predecessor-version":[{"id":22362,"href":"https:\/\/soledaddurazo.com\/api\/wp\/v2\/posts\/22360\/revisions\/22362"}],"wp:featuredmedia":[{"embeddable":true,"href":"https:\/\/soledaddurazo.com\/api\/wp\/v2\/media\/22361"}],"wp:attachment":[{"href":"https:\/\/soledaddurazo.com\/api\/wp\/v2\/media?parent=22360"}],"wp:term":[{"taxonomy":"category","embeddable":true,"href":"https:\/\/soledaddurazo.com\/api\/wp\/v2\/categories?post=22360"},{"taxonomy":"post_tag","embeddable":true,"href":"https:\/\/soledaddurazo.com\/api\/wp\/v2\/tags?post=22360"}],"curies":[{"name":"wp","href":"https:\/\/api.w.org\/{rel}","templated":true}]}}