{"id":22256,"date":"2025-03-18T10:31:12","date_gmt":"2025-03-18T17:31:12","guid":{"rendered":"https:\/\/soledaddurazo.com\/?p=22256"},"modified":"2025-04-01T09:59:00","modified_gmt":"2025-04-01T16:59:00","slug":"aun-es-tiempo-no-olvides-la-silla-de-ninos-para-viajes","status":"publish","type":"post","link":"https:\/\/soledaddurazo.com\/blog\/2025\/03\/18\/aun-es-tiempo-no-olvides-la-silla-de-ninos-para-viajes\/","title":{"rendered":"\u00a1Falta un mes para vacaciones! No olvides conseguir la silla del auto para la seguridad de los ni\u00f1os"},"content":{"rendered":"<p>Respondemos a una duda frecuente sobre la seguridad infantil en el autom\u00f3vil:\u00a0<strong>sillas de coche hasta que edad<\/strong>\u00a0se deben usar. Te contamos qu\u00e9 dice la legislaci\u00f3n, pero tambi\u00e9n\u00a0<strong>hasta cu\u00e1ndo es m\u00e1s seguro mantener a los ni\u00f1os en el sistema de retenci\u00f3n infanti<\/strong>l.<\/p>\n<h2 id=\"sillas-de-coche-hasta-que-edad-se-deben-usar\" class=\"wp-block-heading\"><span id=\"Sillas_de_coche_hasta_que_edad_se_deben_usar\" class=\"ez-toc-section\"><\/span>Sillas de coche hasta que edad se deben usar<\/h2>\n<div id=\"ez-toc-container\" class=\"ez-toc-v2_0_72 counter-hierarchy ez-toc-counter ez-toc-grey ez-toc-container-direction\">\n<div class=\"ez-toc-title-container\">\n<p class=\"ez-toc-title\">Tabla de Contenidos<\/p>\n<\/div>\n<nav><\/nav>\n<\/div>\n<p>La \u00faltima modificaci\u00f3n del R.G de Circulaci\u00f3n de 2015 nos indica que<strong>\u00a0todos los menores de edad con una altura inferior a los 135 cm deben viajar obligatoriamente en un sistema de retenci\u00f3n infantil.<\/strong><\/p>\n<p>Eso\u00a0<strong>NO<\/strong>\u00a0quiere decir que sea recomendable quitar el sistema de retenci\u00f3n a los ni\u00f1os cuando alcanzan los 135 cm, ya que su pelvis no est\u00e1 a\u00fan desarrollada, y las crestas il\u00edacas no pueden retener correctamente la banda ventral del cintur\u00f3n de seguridad. Por este motivo la recomendaci\u00f3n es\u00a0<strong>mantener la silla de coche hasta la altura de 150 cm.<\/strong><\/p>\n<figure class=\"wp-block-jetpack-image-compare\">\n<div class=\"juxtapose\" data-mode=\"horizontal\"><img loading=\"lazy\" decoding=\"async\" id=\"2846\" class=\"image-compare__image-before\" src=\"https:\/\/i1.wp.com\/elultimokoala.com\/blog\/storage\/2020\/07\/cinturon-seguridad-para-ni%C3%B1os.jpg?ssl=1\" alt=\"SRI coche\" width=\"793\" height=\"478\" \/><\/div>\n<\/figure>\n<p>En la imagen puedes apreciar en la fotograf\u00eda de la izquierda, en unos ni\u00f1os sin SRI que superan los 135 cm de altura, como el cintur\u00f3n no apoya correctamente en la pelvis, sino en las partes blandas, con elevado riesgo de lesiones abdominales. Por el contrario, en la imagen de la derecha, el cintur\u00f3n queda correctamente posicionado gracias al guiado del SRI, adem\u00e1s de proteger en un impacto lateral.<\/p>\n<figure class=\"wp-block-embed alignleft is-type-video is-provider-youtube wp-block-embed-youtube wp-embed-aspect-16-9 wp-has-aspect-ratio\">\n<div class=\"wp-block-embed__wrapper\"><\/div>\n<\/figure>\n<p>Si quieres comprender\u00a0<strong><a href=\"https:\/\/elultimokoala.com\/blog\/como-funciona-el-cinturon-de-seguridad-para-ninos-en-el-coche\/\" target=\"_blank\" rel=\"noreferrer noopener\">c\u00f3mo funciona el cintur\u00f3n de seguridad en ni\u00f1os<\/a><\/strong>, en el post que se enlaza te lo explicamos con m\u00e1s detalle.<\/p>\n<p>En este video, podemos ver la<strong>\u00a0importancia\u00a0<\/strong>que tiene el<strong>\u00a0uso correcto del cintur\u00f3n de seguridad en ni\u00f1os<\/strong>.<\/p>\n<h2 id=\"sillas-de-coche-hasta-que-edad-esta-permitido-su-uso\" class=\"wp-block-heading\"><span id=\"Sillas_de_coche_hasta_que_edad_esta_permitido_su_uso\" class=\"ez-toc-section\"><\/span>Sillas de coche hasta que edad est\u00e1 permitido su uso<\/h2>\n<p><a href=\"https:\/\/soledaddurazo.com\/storage\/2025\/03\/2.jpeg\"><img loading=\"lazy\" decoding=\"async\" class=\"aligncenter size-full wp-image-22257\" src=\"https:\/\/soledaddurazo.com\/storage\/2025\/03\/2.jpeg\" alt=\"\" width=\"760\" height=\"760\" srcset=\"https:\/\/soledaddurazo.com\/storage\/2025\/03\/2.jpeg 760w, https:\/\/soledaddurazo.com\/storage\/2025\/03\/2-300x300.jpeg 300w, https:\/\/soledaddurazo.com\/storage\/2025\/03\/2-150x150.jpeg 150w, https:\/\/soledaddurazo.com\/storage\/2025\/03\/2-600x600.jpeg 600w, https:\/\/soledaddurazo.com\/storage\/2025\/03\/2-100x100.jpeg 100w, https:\/\/soledaddurazo.com\/storage\/2025\/03\/2-75x75.jpeg 75w, https:\/\/soledaddurazo.com\/storage\/2025\/03\/2-750x750.jpeg 750w\" sizes=\"auto, (max-width: 760px) 100vw, 760px\" \/><\/a><\/p>\n<p>No existe un l\u00edmite de edad en el uso de las sillas de auto. El l\u00edmite de uso de las sillas de coche lo marca la normativa de homologaci\u00f3n.<\/p>\n<p>En la normativa actual R129 el<strong>\u00a0l\u00edmite de uso<\/strong>\u00a0de las sillas es\u00a0<strong>por altura<\/strong>, y en las sillas elevadoras con respaldo, tambi\u00e9n conocidas como\u00a0<strong><a href=\"https:\/\/elultimokoala.com\/353-sillas-grupo-3\">sillas de coche grupo 3<\/a><\/strong>, va<strong>\u00a0hasta los 150 cm<\/strong>.<\/p>\n<p>Si quieres conocer las\u00a0<strong><a href=\"https:\/\/elultimokoala.com\/blog\/sillas-i-size-y-normativa-r129\/\" target=\"_blank\" rel=\"noreferrer noopener\">normativas de homologaci\u00f3n de sillas de coche<\/a><\/strong>, en el enlace encontrar\u00e1s toda la informaci\u00f3n.<\/p>\n<h3 id=\"sillas-de-coche-hasta-que-edad-para-ninos\" class=\"wp-block-heading\"><span id=\"Sillas_de_coche_hasta_que_edad_para_ninos\" class=\"ez-toc-section\"><\/span>Sillas de coche hasta que edad para ni\u00f1os<\/h3>\n<p><a href=\"https:\/\/soledaddurazo.com\/storage\/2025\/03\/cms_cuando-puede-viajar-un-nino-en-el-asiento-delantero-del-carro-3jpg__88yoKYh4VcmNtjeQxWsDnXj6H9WNrXCy15jd9SFa.jpeg\"><img loading=\"lazy\" decoding=\"async\" class=\"aligncenter size-full wp-image-22258\" src=\"https:\/\/soledaddurazo.com\/storage\/2025\/03\/cms_cuando-puede-viajar-un-nino-en-el-asiento-delantero-del-carro-3jpg__88yoKYh4VcmNtjeQxWsDnXj6H9WNrXCy15jd9SFa.jpeg\" alt=\"\" width=\"1000\" height=\"668\" srcset=\"https:\/\/soledaddurazo.com\/storage\/2025\/03\/cms_cuando-puede-viajar-un-nino-en-el-asiento-delantero-del-carro-3jpg__88yoKYh4VcmNtjeQxWsDnXj6H9WNrXCy15jd9SFa.jpeg 1000w, https:\/\/soledaddurazo.com\/storage\/2025\/03\/cms_cuando-puede-viajar-un-nino-en-el-asiento-delantero-del-carro-3jpg__88yoKYh4VcmNtjeQxWsDnXj6H9WNrXCy15jd9SFa-300x200.jpeg 300w, https:\/\/soledaddurazo.com\/storage\/2025\/03\/cms_cuando-puede-viajar-un-nino-en-el-asiento-delantero-del-carro-3jpg__88yoKYh4VcmNtjeQxWsDnXj6H9WNrXCy15jd9SFa-768x513.jpeg 768w, https:\/\/soledaddurazo.com\/storage\/2025\/03\/cms_cuando-puede-viajar-un-nino-en-el-asiento-delantero-del-carro-3jpg__88yoKYh4VcmNtjeQxWsDnXj6H9WNrXCy15jd9SFa-600x401.jpeg 600w, https:\/\/soledaddurazo.com\/storage\/2025\/03\/cms_cuando-puede-viajar-un-nino-en-el-asiento-delantero-del-carro-3jpg__88yoKYh4VcmNtjeQxWsDnXj6H9WNrXCy15jd9SFa-750x501.jpeg 750w\" sizes=\"auto, (max-width: 1000px) 100vw, 1000px\" \/><\/a><\/p>\n<p>Una de las consultas m\u00e1s frecuentes que recibimos es hasta que edad deben usar los ni\u00f1os\u00a0<strong><a href=\"https:\/\/elultimokoala.com\/blog\/sillas-a-contramarcha\/\" target=\"_blank\" rel=\"noreferrer noopener\">sillas de coche a contramarcha<\/a><\/strong>. Esta es la\u00a0<strong>forma m\u00e1s segura de viajar<\/strong>, y evita en un 95% el riesgo de que fallezcan o sufran lesiones en un accidente, por lo que recomendamos mantenerles a contramarcha durante todo el tiempo que sea posible.<\/p>\n<p>Esto es hasta las sillas de grupo 2, es decir, 125 cm. Podemos encontrar\u00a0<strong><a href=\"https:\/\/elultimokoala.com\/352-sillas-grupo-2\" target=\"_blank\" rel=\"noreferrer noopener\">sillas a contramarcha\u00a0<\/a><\/strong>que nos durar\u00e1n desde el a\u00f1o<strong>\u00a0hasta los 6 u 8 a\u00f1os de edad<\/strong>. Posteriormente, las\u00a0<strong><a href=\"https:\/\/elultimokoala.com\/353-sillas-grupo-3\">sillas de grupo 2 \u2013 3\u00a0<\/a><\/strong>proporcionan comodidad y seguridad a nuestros hijos, hasta que alcancen los 150 cm de altura.<\/p>\n<p>Es importante recibir un buen asesoramiento, teniendo en cuenta los percentiles de peso y altura de nuestro hijo, para que podamos aprovechar al m\u00e1ximo el SRI. En nuestra\u00a0<strong><a href=\"https:\/\/elultimokoala.com\/642-sillas-bebe-coche-tipos-guia-completa\">gu\u00eda completa sobre sillas de coche para beb\u00e9s\u00a0<\/a><\/strong>encontrar\u00e1s toda la informaci\u00f3n que necesitas.<\/p>\n<h3 id=\"sillas-coche-hasta-que-edad-y-peso-estan-permitidas\" class=\"wp-block-heading\"><span id=\"Sillas_coche_hasta_que_edad_y_peso_estan_permitidas\" class=\"ez-toc-section\"><\/span>Sillas coche hasta que edad y peso est\u00e1n permitidas<\/h3>\n<p>Esta tabla te indica hasta cu\u00e1ndo se pueden usar las sillas de auto, seg\u00fan las normativas con que hayan sido homologadas. Ten en cuenta que en algunas ocasiones, el fabricante puede a\u00f1adir otros l\u00edmites, que siempre debemos respetar.<\/p>\n<p><a href=\"https:\/\/soledaddurazo.com\/storage\/2025\/03\/1-1.png\"><img loading=\"lazy\" decoding=\"async\" class=\"aligncenter size-full wp-image-22255\" src=\"https:\/\/soledaddurazo.com\/storage\/2025\/03\/1-1.png\" alt=\"\" width=\"547\" height=\"197\" srcset=\"https:\/\/soledaddurazo.com\/storage\/2025\/03\/1-1.png 547w, https:\/\/soledaddurazo.com\/storage\/2025\/03\/1-1-300x108.png 300w\" sizes=\"auto, (max-width: 547px) 100vw, 547px\" \/><\/a><\/p>\n<p>En este post encontrar\u00e1s informaci\u00f3n ampliada sobre los<a href=\"https:\/\/elultimokoala.com\/blog\/grupos-sillas-coche-ninos-sri\/\" target=\"_blank\" rel=\"noreferrer noopener\">\u00a0grupos de sillas de coche para ni\u00f1os<\/a>.<\/p>\n<p>No obstante, puedes acudir a nuestras\u00a0<strong><a href=\"https:\/\/elultimokoala.com\/content\/19-tiendas-en-madrid\" target=\"_blank\" rel=\"noreferrer noopener\">tiendas de sillas de coches de beb\u00e9 en Madrid<\/a><\/strong>, donde te asesoraremos para que encuentres la\u00a0<a href=\"https:\/\/elultimokoala.com\/blog\/mejores-marcas-sillas-de-coche-para-bebes\/\">silla de coche m\u00e1s segura<\/a>, que mejor se adapte a tus necesidades.<\/p>\n<p><strong>Fuente: elultimokoala.com<\/strong><\/p>\n","protected":false},"excerpt":{"rendered":"<p>Respondemos a una duda frecuente sobre la seguridad infantil en el autom\u00f3vil:\u00a0sillas de coche hasta que edad\u00a0se deben usar. Te contamos qu\u00e9 dice la legislaci\u00f3n, pero tambi\u00e9n\u00a0hasta cu\u00e1ndo es m\u00e1s seguro mantener a los ni\u00f1os en el sistema de retenci\u00f3n infantil. Sillas de coche hasta que edad se deben usar Tabla de Contenidos La \u00faltima [&hellip;]<\/p>\n","protected":false},"author":1,"featured_media":22257,"comment_status":"open","ping_status":"open","sticky":false,"template":"","format":"standard","meta":{"footnotes":""},"categories":[153],"tags":[],"class_list":["post"],"yoast_head":" \n<title>\u00a1Falta un mes para vacaciones! No olvides conseguir la silla del auto para la seguridad de los ni\u00f1os - Periodista SoledadDurazo.com<\/title>\n<meta name=\"robots\" content=\"index, follow, max-snippet:-1, max-image-preview:large, max-video-preview:-1\" \/>\n<link rel=\"canonical\" href=\"https:\/\/soledaddurazo.com\/blog\/2025\/03\/18\/aun-es-tiempo-no-olvides-la-silla-de-ninos-para-viajes\/\" \/>\n<meta property=\"og:locale\" content=\"es_MX\" \/>\n<meta property=\"og:type\" content=\"article\" \/>\n<meta property=\"og:title\" content=\"\u00a1Falta un mes para vacaciones! No olvides conseguir la silla del auto para la seguridad de los ni\u00f1os\" \/>\n<meta property=\"og:description\" content=\"Respondemos a una duda frecuente sobre la seguridad infantil en el autom\u00f3vil:\u00a0sillas de coche hasta que edad\u00a0se deben usar. Te contamos qu\u00e9 dice la legislaci\u00f3n, pero tambi\u00e9n\u00a0hasta cu\u00e1ndo es m\u00e1s seguro mantener a los ni\u00f1os en el sistema de retenci\u00f3n infantil. Sillas de coche hasta que edad se deben usar Tabla de Contenidos La \u00faltima [&hellip;]\" \/>\n<meta property=\"og:url\" content=\"https:\/\/soledaddurazo.com\/blog\/2025\/03\/18\/aun-es-tiempo-no-olvides-la-silla-de-ninos-para-viajes\/\" \/>\n<meta property=\"og:site_name\" content=\"Periodista SoledadDurazo.com\" \/>\n<meta property=\"article:publisher\" content=\"https:\/\/www.facebook.com\/soledad.durazo.9\/\" \/>\n<meta property=\"article:published_time\" content=\"2025-03-18T17:31:12+00:00\" \/>\n<meta property=\"article:modified_time\" content=\"2025-04-01T16:59:00+00:00\" \/>\n<meta property=\"og:image\" content=\"https:\/\/soledaddurazo.com\/storage\/2025\/03\/2.jpeg\" \/>\n\t<meta property=\"og:image:width\" content=\"760\" \/>\n\t<meta property=\"og:image:height\" content=\"760\" \/>\n<meta name=\"twitter:card\" content=\"summary_large_image\" \/>\n<meta name=\"twitter:creator\" content=\"@SoledadDurazo\" \/>\n<meta name=\"twitter:site\" content=\"@SoledadDurazo\" \/>\n<meta name=\"twitter:label1\" content=\"Escrito por\" \/>\n\t<meta name=\"twitter:data1\" content=\"Redacci\u00f3n\" \/>\n\t<meta name=\"twitter:label2\" content=\"Tiempo de lectura\" \/>\n\t<meta name=\"twitter:data2\" content=\"4 minutos\" \/>\n<script type=\"application\/ld+json\" class=\"yoast-schema-graph\">{\"@context\":\"https:\/\/schema.org\",\"@graph\":[{\"@type\":\"Organization\",\"@id\":\"https:\/\/soledaddurazo.com\/#organization\",\"name\":\"Soledad Durazo\",\"url\":\"https:\/\/soledaddurazo.com\/\",\"sameAs\":[\"https:\/\/www.facebook.com\/soledad.durazo.9\/\",\"https:\/\/www.instagram.com\/soledaddurazo\",\"https:\/\/www.youtube.com\/channel\/UC9yGPw8-Vbl_B2XNkRwPS-w\",\"https:\/\/twitter.com\/SoledadDurazo\"],\"logo\":{\"@type\":\"ImageObject\",\"@id\":\"https:\/\/soledaddurazo.com\/#logo\",\"inLanguage\":\"es\",\"url\":\"https:\/\/soledaddurazo.com\/storage\/2021\/11\/nllp-720x375-1-2.png\",\"contentUrl\":\"https:\/\/soledaddurazo.com\/storage\/2021\/11\/nllp-720x375-1-2.png\",\"width\":720,\"height\":375,\"caption\":\"Soledad Durazo\"},\"image\":{\"@id\":\"https:\/\/soledaddurazo.com\/#logo\"}},{\"@type\":\"WebSite\",\"@id\":\"https:\/\/soledaddurazo.com\/#website\",\"url\":\"https:\/\/soledaddurazo.com\/\",\"name\":\"Periodista SoledadDurazo.com\",\"description\":\"Periodista sonorense. Directora de www.SoledadDurazo.com Columnista, conductora de radio y Tv. Catedr\\u00e1tica en la UNISON\",\"publisher\":{\"@id\":\"https:\/\/soledaddurazo.com\/#organization\"},\"potentialAction\":[{\"@type\":\"SearchAction\",\"target\":{\"@type\":\"EntryPoint\",\"urlTemplate\":\"https:\/\/soledaddurazo.com\/?s={search_term_string}\"},\"query-input\":\"required name=search_term_string\"}],\"inLanguage\":\"es\"},{\"@type\":\"ImageObject\",\"@id\":\"https:\/\/soledaddurazo.com\/blog\/2025\/03\/18\/aun-es-tiempo-no-olvides-la-silla-de-ninos-para-viajes\/#primaryimage\",\"inLanguage\":\"es\",\"url\":\"https:\/\/soledaddurazo.com\/storage\/2025\/03\/2.jpeg\",\"contentUrl\":\"https:\/\/soledaddurazo.com\/storage\/2025\/03\/2.jpeg\",\"width\":760,\"height\":760},{\"@type\":\"WebPage\",\"@id\":\"https:\/\/soledaddurazo.com\/blog\/2025\/03\/18\/aun-es-tiempo-no-olvides-la-silla-de-ninos-para-viajes\/#webpage\",\"url\":\"https:\/\/soledaddurazo.com\/blog\/2025\/03\/18\/aun-es-tiempo-no-olvides-la-silla-de-ninos-para-viajes\/\",\"name\":\"\\u00a1Falta un mes para vacaciones! No olvides conseguir la silla del auto para la seguridad de los ni\\u00f1os - Periodista SoledadDurazo.com\",\"isPartOf\":{\"@id\":\"https:\/\/soledaddurazo.com\/#website\"},\"primaryImageOfPage\":{\"@id\":\"https:\/\/soledaddurazo.com\/blog\/2025\/03\/18\/aun-es-tiempo-no-olvides-la-silla-de-ninos-para-viajes\/#primaryimage\"},\"datePublished\":\"2025-03-18T17:31:12+00:00\",\"dateModified\":\"2025-04-01T16:59:00+00:00\",\"breadcrumb\":{\"@id\":\"https:\/\/soledaddurazo.com\/blog\/2025\/03\/18\/aun-es-tiempo-no-olvides-la-silla-de-ninos-para-viajes\/#breadcrumb\"},\"inLanguage\":\"es\",\"potentialAction\":[{\"@type\":\"ReadAction\",\"target\":[\"https:\/\/soledaddurazo.com\/blog\/2025\/03\/18\/aun-es-tiempo-no-olvides-la-silla-de-ninos-para-viajes\/\"]}]},{\"@type\":\"BreadcrumbList\",\"@id\":\"https:\/\/soledaddurazo.com\/blog\/2025\/03\/18\/aun-es-tiempo-no-olvides-la-silla-de-ninos-para-viajes\/#breadcrumb\",\"itemListElement\":[{\"@type\":\"ListItem\",\"position\":1,\"name\":\"Home\",\"item\":\"https:\/\/soledaddurazo.com\/\"},{\"@type\":\"ListItem\",\"position\":2,\"name\":\"\\u00a1Falta un mes para vacaciones! No olvides conseguir la silla del auto para la seguridad de los ni\\u00f1os\"}]},{\"@type\":\"Article\",\"@id\":\"https:\/\/soledaddurazo.com\/blog\/2025\/03\/18\/aun-es-tiempo-no-olvides-la-silla-de-ninos-para-viajes\/#article\",\"isPartOf\":{\"@id\":\"https:\/\/soledaddurazo.com\/blog\/2025\/03\/18\/aun-es-tiempo-no-olvides-la-silla-de-ninos-para-viajes\/#webpage\"},\"author\":{\"@id\":\"https:\/\/soledaddurazo.com\/#\/schema\/person\/822d8e13aa288585e6546f179853758b\"},\"headline\":\"\\u00a1Falta un mes para vacaciones! No olvides conseguir la silla del auto para la seguridad de los ni\\u00f1os\",\"datePublished\":\"2025-03-18T17:31:12+00:00\",\"dateModified\":\"2025-04-01T16:59:00+00:00\",\"mainEntityOfPage\":{\"@id\":\"https:\/\/soledaddurazo.com\/blog\/2025\/03\/18\/aun-es-tiempo-no-olvides-la-silla-de-ninos-para-viajes\/#webpage\"},\"wordCount\":674,\"commentCount\":0,\"publisher\":{\"@id\":\"https:\/\/soledaddurazo.com\/#organization\"},\"image\":{\"@id\":\"https:\/\/soledaddurazo.com\/blog\/2025\/03\/18\/aun-es-tiempo-no-olvides-la-silla-de-ninos-para-viajes\/#primaryimage\"},\"thumbnailUrl\":\"https:\/\/soledaddurazo.com\/storage\/2025\/03\/2.jpeg\",\"articleSection\":[\"principal\"],\"inLanguage\":\"es\",\"potentialAction\":[{\"@type\":\"CommentAction\",\"name\":\"Comment\",\"target\":[\"https:\/\/soledaddurazo.com\/blog\/2025\/03\/18\/aun-es-tiempo-no-olvides-la-silla-de-ninos-para-viajes\/#respond\"]}]},{\"@type\":\"Person\",\"@id\":\"https:\/\/soledaddurazo.com\/#\/schema\/person\/822d8e13aa288585e6546f179853758b\",\"name\":\"Redacci\\u00f3n\",\"image\":{\"@type\":\"ImageObject\",\"@id\":\"https:\/\/soledaddurazo.com\/#personlogo\",\"inLanguage\":\"es\",\"url\":\"https:\/\/secure.gravatar.com\/avatar\/c4e193752f756fd61f04deebed3a3a20dc188d37edb53682d313ac57f2725d54?s=96&d=mm&r=g\",\"contentUrl\":\"https:\/\/secure.gravatar.com\/avatar\/c4e193752f756fd61f04deebed3a3a20dc188d37edb53682d313ac57f2725d54?s=96&d=mm&r=g\",\"caption\":\"Redacci\\u00f3n\"},\"sameAs\":[\"https:\/\/soledaddurazo.com\"]}]}<\/script>\n ","yoast_head_json":{"title":"\u00a1Falta un mes para vacaciones! No olvides conseguir la silla del auto para la seguridad de los ni\u00f1os - Periodista SoledadDurazo.com","robots":{"index":"index","follow":"follow","max-snippet":"max-snippet:-1","max-image-preview":"max-image-preview:large","max-video-preview":"max-video-preview:-1"},"canonical":"https:\/\/soledaddurazo.com\/blog\/2025\/03\/18\/aun-es-tiempo-no-olvides-la-silla-de-ninos-para-viajes\/","og_locale":"es_MX","og_type":"article","og_title":"\u00a1Falta un mes para vacaciones! No olvides conseguir la silla del auto para la seguridad de los ni\u00f1os","og_description":"Respondemos a una duda frecuente sobre la seguridad infantil en el autom\u00f3vil:\u00a0sillas de coche hasta que edad\u00a0se deben usar. Te contamos qu\u00e9 dice la legislaci\u00f3n, pero tambi\u00e9n\u00a0hasta cu\u00e1ndo es m\u00e1s seguro mantener a los ni\u00f1os en el sistema de retenci\u00f3n infantil. Sillas de coche hasta que edad se deben usar Tabla de Contenidos La \u00faltima [&hellip;]","og_url":"https:\/\/soledaddurazo.com\/blog\/2025\/03\/18\/aun-es-tiempo-no-olvides-la-silla-de-ninos-para-viajes\/","og_site_name":"Periodista SoledadDurazo.com","article_publisher":"https:\/\/www.facebook.com\/soledad.durazo.9\/","article_published_time":"2025-03-18T17:31:12+00:00","article_modified_time":"2025-04-01T16:59:00+00:00","og_image":[{"width":760,"height":760,"url":"https:\/\/soledaddurazo.com\/storage\/2025\/03\/2.jpeg","type":"image\/jpeg"}],"twitter_card":"summary_large_image","twitter_creator":"@SoledadDurazo","twitter_site":"@SoledadDurazo","twitter_misc":{"Escrito por":"Redacci\u00f3n","Tiempo de lectura":"4 minutos"},"schema":{"@context":"https:\/\/schema.org","@graph":[{"@type":"Organization","@id":"https:\/\/soledaddurazo.com\/#organization","name":"Soledad Durazo","url":"https:\/\/soledaddurazo.com\/","sameAs":["https:\/\/www.facebook.com\/soledad.durazo.9\/","https:\/\/www.instagram.com\/soledaddurazo","https:\/\/www.youtube.com\/channel\/UC9yGPw8-Vbl_B2XNkRwPS-w","https:\/\/twitter.com\/SoledadDurazo"],"logo":{"@type":"ImageObject","@id":"https:\/\/soledaddurazo.com\/#logo","inLanguage":"es","url":"https:\/\/soledaddurazo.com\/storage\/2021\/11\/nllp-720x375-1-2.png","contentUrl":"https:\/\/soledaddurazo.com\/storage\/2021\/11\/nllp-720x375-1-2.png","width":720,"height":375,"caption":"Soledad Durazo"},"image":{"@id":"https:\/\/soledaddurazo.com\/#logo"}},{"@type":"WebSite","@id":"https:\/\/soledaddurazo.com\/#website","url":"https:\/\/soledaddurazo.com\/","name":"Periodista SoledadDurazo.com","description":"Periodista sonorense. Directora de www.SoledadDurazo.com Columnista, conductora de radio y Tv. Catedr\u00e1tica en la UNISON","publisher":{"@id":"https:\/\/soledaddurazo.com\/#organization"},"potentialAction":[{"@type":"SearchAction","target":{"@type":"EntryPoint","urlTemplate":"https:\/\/soledaddurazo.com\/?s={search_term_string}"},"query-input":"required name=search_term_string"}],"inLanguage":"es"},{"@type":"ImageObject","@id":"https:\/\/soledaddurazo.com\/blog\/2025\/03\/18\/aun-es-tiempo-no-olvides-la-silla-de-ninos-para-viajes\/#primaryimage","inLanguage":"es","url":"https:\/\/soledaddurazo.com\/storage\/2025\/03\/2.jpeg","contentUrl":"https:\/\/soledaddurazo.com\/storage\/2025\/03\/2.jpeg","width":760,"height":760},{"@type":"WebPage","@id":"https:\/\/soledaddurazo.com\/blog\/2025\/03\/18\/aun-es-tiempo-no-olvides-la-silla-de-ninos-para-viajes\/#webpage","url":"https:\/\/soledaddurazo.com\/blog\/2025\/03\/18\/aun-es-tiempo-no-olvides-la-silla-de-ninos-para-viajes\/","name":"\u00a1Falta un mes para vacaciones! No olvides conseguir la silla del auto para la seguridad de los ni\u00f1os - Periodista SoledadDurazo.com","isPartOf":{"@id":"https:\/\/soledaddurazo.com\/#website"},"primaryImageOfPage":{"@id":"https:\/\/soledaddurazo.com\/blog\/2025\/03\/18\/aun-es-tiempo-no-olvides-la-silla-de-ninos-para-viajes\/#primaryimage"},"datePublished":"2025-03-18T17:31:12+00:00","dateModified":"2025-04-01T16:59:00+00:00","breadcrumb":{"@id":"https:\/\/soledaddurazo.com\/blog\/2025\/03\/18\/aun-es-tiempo-no-olvides-la-silla-de-ninos-para-viajes\/#breadcrumb"},"inLanguage":"es","potentialAction":[{"@type":"ReadAction","target":["https:\/\/soledaddurazo.com\/blog\/2025\/03\/18\/aun-es-tiempo-no-olvides-la-silla-de-ninos-para-viajes\/"]}]},{"@type":"BreadcrumbList","@id":"https:\/\/soledaddurazo.com\/blog\/2025\/03\/18\/aun-es-tiempo-no-olvides-la-silla-de-ninos-para-viajes\/#breadcrumb","itemListElement":[{"@type":"ListItem","position":1,"name":"Home","item":"https:\/\/soledaddurazo.com\/"},{"@type":"ListItem","position":2,"name":"\u00a1Falta un mes para vacaciones! No olvides conseguir la silla del auto para la seguridad de los ni\u00f1os"}]},{"@type":"Article","@id":"https:\/\/soledaddurazo.com\/blog\/2025\/03\/18\/aun-es-tiempo-no-olvides-la-silla-de-ninos-para-viajes\/#article","isPartOf":{"@id":"https:\/\/soledaddurazo.com\/blog\/2025\/03\/18\/aun-es-tiempo-no-olvides-la-silla-de-ninos-para-viajes\/#webpage"},"author":{"@id":"https:\/\/soledaddurazo.com\/#\/schema\/person\/822d8e13aa288585e6546f179853758b"},"headline":"\u00a1Falta un mes para vacaciones! No olvides conseguir la silla del auto para la seguridad de los ni\u00f1os","datePublished":"2025-03-18T17:31:12+00:00","dateModified":"2025-04-01T16:59:00+00:00","mainEntityOfPage":{"@id":"https:\/\/soledaddurazo.com\/blog\/2025\/03\/18\/aun-es-tiempo-no-olvides-la-silla-de-ninos-para-viajes\/#webpage"},"wordCount":674,"commentCount":0,"publisher":{"@id":"https:\/\/soledaddurazo.com\/#organization"},"image":{"@id":"https:\/\/soledaddurazo.com\/blog\/2025\/03\/18\/aun-es-tiempo-no-olvides-la-silla-de-ninos-para-viajes\/#primaryimage"},"thumbnailUrl":"https:\/\/soledaddurazo.com\/storage\/2025\/03\/2.jpeg","articleSection":["principal"],"inLanguage":"es","potentialAction":[{"@type":"CommentAction","name":"Comment","target":["https:\/\/soledaddurazo.com\/blog\/2025\/03\/18\/aun-es-tiempo-no-olvides-la-silla-de-ninos-para-viajes\/#respond"]}]},{"@type":"Person","@id":"https:\/\/soledaddurazo.com\/#\/schema\/person\/822d8e13aa288585e6546f179853758b","name":"Redacci\u00f3n","image":{"@type":"ImageObject","@id":"https:\/\/soledaddurazo.com\/#personlogo","inLanguage":"es","url":"https:\/\/secure.gravatar.com\/avatar\/c4e193752f756fd61f04deebed3a3a20dc188d37edb53682d313ac57f2725d54?s=96&d=mm&r=g","contentUrl":"https:\/\/secure.gravatar.com\/avatar\/c4e193752f756fd61f04deebed3a3a20dc188d37edb53682d313ac57f2725d54?s=96&d=mm&r=g","caption":"Redacci\u00f3n"},"sameAs":["https:\/\/soledaddurazo.com"]}]}},"_links":{"self":[{"href":"https:\/\/soledaddurazo.com\/api\/wp\/v2\/posts\/22256","targetHints":{"allow":["GET"]}}],"collection":[{"href":"https:\/\/soledaddurazo.com\/api\/wp\/v2\/posts"}],"about":[{"href":"https:\/\/soledaddurazo.com\/api\/wp\/v2\/types\/post"}],"author":[{"embeddable":true,"href":"https:\/\/soledaddurazo.com\/api\/wp\/v2\/users\/1"}],"replies":[{"embeddable":true,"href":"https:\/\/soledaddurazo.com\/api\/wp\/v2\/comments?post=22256"}],"version-history":[{"count":4,"href":"https:\/\/soledaddurazo.com\/api\/wp\/v2\/posts\/22256\/revisions"}],"predecessor-version":[{"id":22263,"href":"https:\/\/soledaddurazo.com\/api\/wp\/v2\/posts\/22256\/revisions\/22263"}],"wp:featuredmedia":[{"embeddable":true,"href":"https:\/\/soledaddurazo.com\/api\/wp\/v2\/media\/22257"}],"wp:attachment":[{"href":"https:\/\/soledaddurazo.com\/api\/wp\/v2\/media?parent=22256"}],"wp:term":[{"taxonomy":"category","embeddable":true,"href":"https:\/\/soledaddurazo.com\/api\/wp\/v2\/categories?post=22256"},{"taxonomy":"post_tag","embeddable":true,"href":"https:\/\/soledaddurazo.com\/api\/wp\/v2\/tags?post=22256"}],"curies":[{"name":"wp","href":"https:\/\/api.w.org\/{rel}","templated":true}]}}