{"id":22092,"date":"2025-02-25T09:03:25","date_gmt":"2025-02-25T16:03:25","guid":{"rendered":"https:\/\/soledaddurazo.com\/?p=22092"},"modified":"2025-02-25T09:03:25","modified_gmt":"2025-02-25T16:03:25","slug":"desarticulan-grupo-delictivo-en-el-desierto-sonorense","status":"publish","type":"post","link":"https:\/\/soledaddurazo.com\/blog\/2025\/02\/25\/desarticulan-grupo-delictivo-en-el-desierto-sonorense\/","title":{"rendered":"Desarticulan grupo delictivo en el desierto sonorense"},"content":{"rendered":"<ul>\n<li>Pena capital a narcotraficantes en Estados Unidos<\/li>\n<li>Otra iniciativa presidencial con error<\/li>\n<\/ul>\n<p><a href=\"https:\/\/soledaddurazo.com\/storage\/2025\/02\/1.jpeg\"><img loading=\"lazy\" decoding=\"async\" class=\"aligncenter size-full wp-image-22093\" src=\"https:\/\/soledaddurazo.com\/storage\/2025\/02\/1.jpeg\" alt=\"\" width=\"1024\" height=\"680\" srcset=\"https:\/\/soledaddurazo.com\/storage\/2025\/02\/1.jpeg 1024w, https:\/\/soledaddurazo.com\/storage\/2025\/02\/1-300x199.jpeg 300w, https:\/\/soledaddurazo.com\/storage\/2025\/02\/1-768x510.jpeg 768w, https:\/\/soledaddurazo.com\/storage\/2025\/02\/1-600x398.jpeg 600w, https:\/\/soledaddurazo.com\/storage\/2025\/02\/1-750x498.jpeg 750w\" sizes=\"auto, (max-width: 1024px) 100vw, 1024px\" \/><\/a><\/p>\n<p>La regi\u00f3n del desierto de Sonora, al norte de nuestro estado, se ha convertido en el frente de batalla en el que varios grupos de la delincuencia organizada se disputan las rutas de trasiego de sustancias il\u00edcitas y personas que ilegalmente buscan llegar a territorio de Estados Unidos a buscar el llamado sue\u00f1o americano.<\/p>\n<p>El gobierno que encabeza Alfonso Durazo ha combatido sin cuartel a las expresiones de inseguridad, utilizando todos los recursos a su alcance, con una coordinaci\u00f3n muy estrecha con el Gobierno Federal, utilizando la inteligencia policial como uno de los recursos, para dar mejores resultados.<\/p>\n<p>Quienes damos seguimiento a lo relativo a la complejidad del fen\u00f3meno de la inseguridad que se viven en los \u00faltimos a\u00f1os en nuestra regi\u00f3n, hemos subrayado sobre los constantes operativos que vienen realizando las corporaciones de seguridad, no de manera aislada y el n\u00famero de detenciones de generadores de violencia, de droga en cantidades importantes, de armamento y veh\u00edculos de todo tipo, incluyendo los llamados \u201cmonstruos\u201d que se fabrican con blindaje artesanal.<\/p>\n<p>La Polic\u00eda Estatal al mando del Comisario General, Jos\u00e9 Guadalupe Mart\u00ednez Lavariega, acaba de desarticular a una organizaci\u00f3n delictiva en la regi\u00f3n del desierto de Sonora, al detener a su l\u00edder, que se suma a otras detenciones previas de la estructura superior de esa organizaci\u00f3n criminal.<\/p>\n<p>Oportunos estos buenos resultados operativos de la Polic\u00eda Estatal, bajo el mando del Comisario General, Mart\u00ednez Lavariega, en mejor momento no pudieron haber llegado, no hay que olvidar el contexto actual que se vive en toda la frontera norte,\u00a0 el futuro de la buena relaci\u00f3n binacional entre M\u00e9xico y Estados Unidos, depende de los resultados que se ofrezcan en la contenci\u00f3n de la migraci\u00f3n ilegal y el tr\u00e1fico de sustancias il\u00edcitas, sobre todo el fentanilo.<\/p>\n<p>El nuevo mando de la Polic\u00eda Estatal ha mostrado en poco tiempo, liderazgo y capacidad de organizaci\u00f3n para mejorar los resultados operativos, un acierto el nombramiento realizado por el Gobernador Alfonso Durazo.<\/p>\n<p><strong>PENA CAPITAL A NARCOTR\u00c1FICANTES EN ESTADOS UNIDOS<\/strong><\/p>\n<p>Despu\u00e9s de que la Casa Blanca declarara que le abrir\u00e1 las puertas del infierno a los C\u00e1rteles de la Droga y que se confirmara que hay voluntad pol\u00edtica para aplicar la pena de muertes a narcotraficantes, una vieja promesa de campa\u00f1a del Presidente Donald Trump, la pena capital ronda sobre varios casos de narcotraficantes detenidos en la Uni\u00f3n Americana.<\/p>\n<p>Ismael Zambada, en un mensaje epistolar dirigido al Consulado de M\u00e9xico, exigi\u00f3 al Gobierno de nuestro pa\u00eds, intervenir para que se le cancele el proceso penal que se le lleva en una Corte del estado de Nueva York en Estados Unidos y no se le dicte la pena de muerte, debido a que su detenci\u00f3n y traslado al vecino pa\u00eds del norte, fue ilegal, un secuestro transfronterizo. De no ser as\u00ed la relaci\u00f3n bilateral podr\u00eda colapsar.<\/p>\n<p>Al revelar en una primera carta que antes de su captura y extracci\u00f3n hacia Estados Unidos, Ismael Zambada hab\u00eda acordado reunirse con el Gobernador Rocha Moya y el Diputado electo, Melesio Cuen en una localidad rural en las afueras de Culiac\u00e1n para mediar por los desacuerdos pol\u00edticos entre ambos personajes, se\u00f1al\u00f3 que frente a \u00e9l, hab\u00edan asesinado a Cuen.<\/p>\n<p>Esta primera misiva, coloc\u00f3 al Gobernador de Sinaloa en la orilla de un precipicio pol\u00edtico del cual, todav\u00eda no puede salir, a pesar de que su Fiscal arm\u00f3 un montaje muy chafa para se\u00f1alar que el Diputado electo, Melesio Cuen hab\u00eda sido asesinado en un asalto en una gasolinera. La versi\u00f3n se derrumb\u00f3 y el gobernador de Sinaloa es parte de la crisis pol\u00edtica y de inseguridad que sufre Sinaloa.<\/p>\n<p>Ismael Zambada es un hombre que ocup\u00f3 por m\u00e1s de 40 a\u00f1os un liderazgo importante en la principal organizaci\u00f3n criminal de nuestro pa\u00eds, ahora es una fiera acorralada, doblemente peligrosa, por la informaci\u00f3n del ayer y del hoy que posee, sobre el negocio del narcotr\u00e1fico en nuestro pa\u00eds.<\/p>\n<p><strong>OTRA INICIATIVA PRESIDENCIAL CON ERROR<\/strong><\/p>\n<p>Algo raro est\u00e1 sucediendo con las iniciativas que llegan del Poder Ejecutivo a la C\u00e1mara de Diputados.<\/p>\n<p>Recordamos que la iniciativa del paquete presupuestal enviado por la Presidencia de la Rep\u00fablica, llevaba varios dardos envenenados, que contradec\u00edan las promesas de campa\u00f1a de la Doctora Claudia Sheinbaum, como el recorte presupuestal a la educaci\u00f3n superior.<\/p>\n<p>Se tuvo que corregir sobre la marcha la propuesta presupuestal para no exponer al mayor de los rid\u00edculos a la Presidenta Sheinbaum.<\/p>\n<p>A la C\u00e1mara de Diputados lleg\u00f3 el pasado siete de febrero la iniciativa de reforma a la Ley del ISSSTE, con un error que aparentemente afecta a los maestros afiliados al SNTE. \u00bfRaro no?<\/p>\n<p>Esto parece toda una contradicci\u00f3n, despu\u00e9s de que una semana despu\u00e9s de llegada la iniciativa, la dirigencia del SNTE, a cargo de su Secretario General Alfonso Cepeda, se reuniera con Andr\u00e9s Manuel L\u00f3pez Beltr\u00e1n y la dirigente nacional de Morena, Mar\u00eda Luisa Alcalde, para comprometerse a aportar tres millones de nuevos afiliados a Morena.<\/p>\n<p>Ayer, el dirigente magisterial, durante la inauguraci\u00f3n de los foros de consulta para la construcci\u00f3n de un nuevo sistema de maestros en la C\u00e1mara de Diputados, declar\u00f3 que, por alg\u00fan error, lleg\u00f3 a la C\u00e1mara de Diputados una iniciativa donde se establec\u00eda que se aplicar\u00eda un descuento adicional para el seguro de salud del ISSSTE a los trabajadores de base de todos los niveles que ganaran m\u00e1s de 10 UMAS.<\/p>\n<p>El dirigente magisterial aclar\u00f3 que no se aplicar\u00e1 tal descuento a ning\u00fan maestro de base, quiz\u00e1 se aplique para trabajadores de confianza y otros m\u00e1s que s\u00ed tienen altos salarios.<\/p>\n<p>Los invito a escuchar de lunes a jueves a las 6 de la tarde, SONORA EN RED NOTICIAS, espacio que comparto con mi amigo Arturo Chapo Soto, Arturo Ballesteros y Octaviano Rojas, por el 93.3 del cuadrante de F.M. desde Guaymas para todo el sur de Sonora, informativo que tambi\u00e9n puede ser visto, por la se\u00f1al del canal 14 de Estrella Tucson TV, en el sur de Arizona.<\/p>\n<p>Y en Radio Sol 104.7 F.M. LENGUAS VESPERTINAS, de lunes a viernes a las 17:00 horas, le vamos a ofrecer una peque\u00f1a dosis de grilla que vuelva amena la tarde.<\/p>\n<p>Podemos interactuar a trav\u00e9s de mi cuenta de Twitter @feroropeza20 o en mi correo electr\u00f3nico <a href=\"mailto:luiso@hmo.megared.net.mx\">luiso@hmo.megared.net.mx<\/a><\/p>\n<p>&nbsp;<\/p>\n<p>&nbsp;<\/p>\n<p>&nbsp;<\/p>\n<p>&nbsp;<\/p>\n<p>&nbsp;<\/p>\n","protected":false},"excerpt":{"rendered":"<p>Pena capital a narcotraficantes en Estados Unidos Otra iniciativa presidencial con error La regi\u00f3n del desierto de Sonora, al norte de nuestro estado, se ha convertido en el frente de batalla en el que varios grupos de la delincuencia organizada se disputan las rutas de trasiego de sustancias il\u00edcitas y personas que ilegalmente buscan llegar [&hellip;]<\/p>\n","protected":false},"author":1,"featured_media":21671,"comment_status":"open","ping_status":"open","sticky":false,"template":"","format":"standard","meta":{"footnotes":""},"categories":[173],"tags":[],"class_list":["post"],"yoast_head":" \n<title>Desarticulan grupo delictivo en el desierto sonorense - Periodista SoledadDurazo.com<\/title>\n<meta name=\"robots\" content=\"index, follow, max-snippet:-1, max-image-preview:large, max-video-preview:-1\" \/>\n<link rel=\"canonical\" href=\"https:\/\/soledaddurazo.com\/blog\/2025\/02\/25\/desarticulan-grupo-delictivo-en-el-desierto-sonorense\/\" \/>\n<meta property=\"og:locale\" content=\"es_MX\" \/>\n<meta property=\"og:type\" content=\"article\" \/>\n<meta property=\"og:title\" content=\"Desarticulan grupo delictivo en el desierto sonorense\" \/>\n<meta property=\"og:description\" content=\"Pena capital a narcotraficantes en Estados Unidos Otra iniciativa presidencial con error La regi\u00f3n del desierto de Sonora, al norte de nuestro estado, se ha convertido en el frente de batalla en el que varios grupos de la delincuencia organizada se disputan las rutas de trasiego de sustancias il\u00edcitas y personas que ilegalmente buscan llegar [&hellip;]\" \/>\n<meta property=\"og:url\" content=\"https:\/\/soledaddurazo.com\/blog\/2025\/02\/25\/desarticulan-grupo-delictivo-en-el-desierto-sonorense\/\" \/>\n<meta property=\"og:site_name\" content=\"Periodista SoledadDurazo.com\" \/>\n<meta property=\"article:publisher\" content=\"https:\/\/www.facebook.com\/soledad.durazo.9\/\" \/>\n<meta property=\"article:published_time\" content=\"2025-02-25T16:03:25+00:00\" \/>\n<meta property=\"og:image\" content=\"https:\/\/soledaddurazo.com\/storage\/2024\/12\/9a-GRAFICO-FERNANDO-OROPEZA.jpeg\" \/>\n\t<meta property=\"og:image:width\" content=\"1092\" \/>\n\t<meta property=\"og:image:height\" content=\"983\" \/>\n<meta name=\"twitter:card\" content=\"summary_large_image\" \/>\n<meta name=\"twitter:creator\" content=\"@SoledadDurazo\" \/>\n<meta name=\"twitter:site\" content=\"@SoledadDurazo\" \/>\n<meta name=\"twitter:label1\" content=\"Escrito por\" \/>\n\t<meta name=\"twitter:data1\" content=\"Redacci\u00f3n\" \/>\n\t<meta name=\"twitter:label2\" content=\"Tiempo de lectura\" \/>\n\t<meta name=\"twitter:data2\" content=\"5 minutos\" \/>\n<script type=\"application\/ld+json\" class=\"yoast-schema-graph\">{\"@context\":\"https:\/\/schema.org\",\"@graph\":[{\"@type\":\"Organization\",\"@id\":\"https:\/\/soledaddurazo.com\/#organization\",\"name\":\"Soledad Durazo\",\"url\":\"https:\/\/soledaddurazo.com\/\",\"sameAs\":[\"https:\/\/www.facebook.com\/soledad.durazo.9\/\",\"https:\/\/www.instagram.com\/soledaddurazo\",\"https:\/\/www.youtube.com\/channel\/UC9yGPw8-Vbl_B2XNkRwPS-w\",\"https:\/\/twitter.com\/SoledadDurazo\"],\"logo\":{\"@type\":\"ImageObject\",\"@id\":\"https:\/\/soledaddurazo.com\/#logo\",\"inLanguage\":\"es\",\"url\":\"https:\/\/soledaddurazo.com\/storage\/2021\/11\/nllp-720x375-1-2.png\",\"contentUrl\":\"https:\/\/soledaddurazo.com\/storage\/2021\/11\/nllp-720x375-1-2.png\",\"width\":720,\"height\":375,\"caption\":\"Soledad Durazo\"},\"image\":{\"@id\":\"https:\/\/soledaddurazo.com\/#logo\"}},{\"@type\":\"WebSite\",\"@id\":\"https:\/\/soledaddurazo.com\/#website\",\"url\":\"https:\/\/soledaddurazo.com\/\",\"name\":\"Periodista SoledadDurazo.com\",\"description\":\"Periodista sonorense. Directora de www.SoledadDurazo.com Columnista, conductora de radio y Tv. Catedr\\u00e1tica en la UNISON\",\"publisher\":{\"@id\":\"https:\/\/soledaddurazo.com\/#organization\"},\"potentialAction\":[{\"@type\":\"SearchAction\",\"target\":{\"@type\":\"EntryPoint\",\"urlTemplate\":\"https:\/\/soledaddurazo.com\/?s={search_term_string}\"},\"query-input\":\"required name=search_term_string\"}],\"inLanguage\":\"es\"},{\"@type\":\"ImageObject\",\"@id\":\"https:\/\/soledaddurazo.com\/blog\/2025\/02\/25\/desarticulan-grupo-delictivo-en-el-desierto-sonorense\/#primaryimage\",\"inLanguage\":\"es\",\"url\":\"https:\/\/soledaddurazo.com\/storage\/2024\/12\/9a-GRAFICO-FERNANDO-OROPEZA.jpeg\",\"contentUrl\":\"https:\/\/soledaddurazo.com\/storage\/2024\/12\/9a-GRAFICO-FERNANDO-OROPEZA.jpeg\",\"width\":1092,\"height\":983},{\"@type\":\"WebPage\",\"@id\":\"https:\/\/soledaddurazo.com\/blog\/2025\/02\/25\/desarticulan-grupo-delictivo-en-el-desierto-sonorense\/#webpage\",\"url\":\"https:\/\/soledaddurazo.com\/blog\/2025\/02\/25\/desarticulan-grupo-delictivo-en-el-desierto-sonorense\/\",\"name\":\"Desarticulan grupo delictivo en el desierto sonorense - Periodista SoledadDurazo.com\",\"isPartOf\":{\"@id\":\"https:\/\/soledaddurazo.com\/#website\"},\"primaryImageOfPage\":{\"@id\":\"https:\/\/soledaddurazo.com\/blog\/2025\/02\/25\/desarticulan-grupo-delictivo-en-el-desierto-sonorense\/#primaryimage\"},\"datePublished\":\"2025-02-25T16:03:25+00:00\",\"dateModified\":\"2025-02-25T16:03:25+00:00\",\"breadcrumb\":{\"@id\":\"https:\/\/soledaddurazo.com\/blog\/2025\/02\/25\/desarticulan-grupo-delictivo-en-el-desierto-sonorense\/#breadcrumb\"},\"inLanguage\":\"es\",\"potentialAction\":[{\"@type\":\"ReadAction\",\"target\":[\"https:\/\/soledaddurazo.com\/blog\/2025\/02\/25\/desarticulan-grupo-delictivo-en-el-desierto-sonorense\/\"]}]},{\"@type\":\"BreadcrumbList\",\"@id\":\"https:\/\/soledaddurazo.com\/blog\/2025\/02\/25\/desarticulan-grupo-delictivo-en-el-desierto-sonorense\/#breadcrumb\",\"itemListElement\":[{\"@type\":\"ListItem\",\"position\":1,\"name\":\"Home\",\"item\":\"https:\/\/soledaddurazo.com\/\"},{\"@type\":\"ListItem\",\"position\":2,\"name\":\"Desarticulan grupo delictivo en el desierto sonorense\"}]},{\"@type\":\"Article\",\"@id\":\"https:\/\/soledaddurazo.com\/blog\/2025\/02\/25\/desarticulan-grupo-delictivo-en-el-desierto-sonorense\/#article\",\"isPartOf\":{\"@id\":\"https:\/\/soledaddurazo.com\/blog\/2025\/02\/25\/desarticulan-grupo-delictivo-en-el-desierto-sonorense\/#webpage\"},\"author\":{\"@id\":\"https:\/\/soledaddurazo.com\/#\/schema\/person\/822d8e13aa288585e6546f179853758b\"},\"headline\":\"Desarticulan grupo delictivo en el desierto sonorense\",\"datePublished\":\"2025-02-25T16:03:25+00:00\",\"dateModified\":\"2025-02-25T16:03:25+00:00\",\"mainEntityOfPage\":{\"@id\":\"https:\/\/soledaddurazo.com\/blog\/2025\/02\/25\/desarticulan-grupo-delictivo-en-el-desierto-sonorense\/#webpage\"},\"wordCount\":1133,\"commentCount\":0,\"publisher\":{\"@id\":\"https:\/\/soledaddurazo.com\/#organization\"},\"image\":{\"@id\":\"https:\/\/soledaddurazo.com\/blog\/2025\/02\/25\/desarticulan-grupo-delictivo-en-el-desierto-sonorense\/#primaryimage\"},\"thumbnailUrl\":\"https:\/\/soledaddurazo.com\/storage\/2024\/12\/9a-GRAFICO-FERNANDO-OROPEZA.jpeg\",\"articleSection\":[\"Fernando Oropeza\"],\"inLanguage\":\"es\",\"potentialAction\":[{\"@type\":\"CommentAction\",\"name\":\"Comment\",\"target\":[\"https:\/\/soledaddurazo.com\/blog\/2025\/02\/25\/desarticulan-grupo-delictivo-en-el-desierto-sonorense\/#respond\"]}]},{\"@type\":\"Person\",\"@id\":\"https:\/\/soledaddurazo.com\/#\/schema\/person\/822d8e13aa288585e6546f179853758b\",\"name\":\"Redacci\\u00f3n\",\"image\":{\"@type\":\"ImageObject\",\"@id\":\"https:\/\/soledaddurazo.com\/#personlogo\",\"inLanguage\":\"es\",\"url\":\"https:\/\/secure.gravatar.com\/avatar\/c4e193752f756fd61f04deebed3a3a20dc188d37edb53682d313ac57f2725d54?s=96&d=mm&r=g\",\"contentUrl\":\"https:\/\/secure.gravatar.com\/avatar\/c4e193752f756fd61f04deebed3a3a20dc188d37edb53682d313ac57f2725d54?s=96&d=mm&r=g\",\"caption\":\"Redacci\\u00f3n\"},\"sameAs\":[\"https:\/\/soledaddurazo.com\"]}]}<\/script>\n ","yoast_head_json":{"title":"Desarticulan grupo delictivo en el desierto sonorense - Periodista SoledadDurazo.com","robots":{"index":"index","follow":"follow","max-snippet":"max-snippet:-1","max-image-preview":"max-image-preview:large","max-video-preview":"max-video-preview:-1"},"canonical":"https:\/\/soledaddurazo.com\/blog\/2025\/02\/25\/desarticulan-grupo-delictivo-en-el-desierto-sonorense\/","og_locale":"es_MX","og_type":"article","og_title":"Desarticulan grupo delictivo en el desierto sonorense","og_description":"Pena capital a narcotraficantes en Estados Unidos Otra iniciativa presidencial con error La regi\u00f3n del desierto de Sonora, al norte de nuestro estado, se ha convertido en el frente de batalla en el que varios grupos de la delincuencia organizada se disputan las rutas de trasiego de sustancias il\u00edcitas y personas que ilegalmente buscan llegar [&hellip;]","og_url":"https:\/\/soledaddurazo.com\/blog\/2025\/02\/25\/desarticulan-grupo-delictivo-en-el-desierto-sonorense\/","og_site_name":"Periodista SoledadDurazo.com","article_publisher":"https:\/\/www.facebook.com\/soledad.durazo.9\/","article_published_time":"2025-02-25T16:03:25+00:00","og_image":[{"width":1092,"height":983,"url":"https:\/\/soledaddurazo.com\/storage\/2024\/12\/9a-GRAFICO-FERNANDO-OROPEZA.jpeg","type":"image\/jpeg"}],"twitter_card":"summary_large_image","twitter_creator":"@SoledadDurazo","twitter_site":"@SoledadDurazo","twitter_misc":{"Escrito por":"Redacci\u00f3n","Tiempo de lectura":"5 minutos"},"schema":{"@context":"https:\/\/schema.org","@graph":[{"@type":"Organization","@id":"https:\/\/soledaddurazo.com\/#organization","name":"Soledad Durazo","url":"https:\/\/soledaddurazo.com\/","sameAs":["https:\/\/www.facebook.com\/soledad.durazo.9\/","https:\/\/www.instagram.com\/soledaddurazo","https:\/\/www.youtube.com\/channel\/UC9yGPw8-Vbl_B2XNkRwPS-w","https:\/\/twitter.com\/SoledadDurazo"],"logo":{"@type":"ImageObject","@id":"https:\/\/soledaddurazo.com\/#logo","inLanguage":"es","url":"https:\/\/soledaddurazo.com\/storage\/2021\/11\/nllp-720x375-1-2.png","contentUrl":"https:\/\/soledaddurazo.com\/storage\/2021\/11\/nllp-720x375-1-2.png","width":720,"height":375,"caption":"Soledad Durazo"},"image":{"@id":"https:\/\/soledaddurazo.com\/#logo"}},{"@type":"WebSite","@id":"https:\/\/soledaddurazo.com\/#website","url":"https:\/\/soledaddurazo.com\/","name":"Periodista SoledadDurazo.com","description":"Periodista sonorense. Directora de www.SoledadDurazo.com Columnista, conductora de radio y Tv. Catedr\u00e1tica en la UNISON","publisher":{"@id":"https:\/\/soledaddurazo.com\/#organization"},"potentialAction":[{"@type":"SearchAction","target":{"@type":"EntryPoint","urlTemplate":"https:\/\/soledaddurazo.com\/?s={search_term_string}"},"query-input":"required name=search_term_string"}],"inLanguage":"es"},{"@type":"ImageObject","@id":"https:\/\/soledaddurazo.com\/blog\/2025\/02\/25\/desarticulan-grupo-delictivo-en-el-desierto-sonorense\/#primaryimage","inLanguage":"es","url":"https:\/\/soledaddurazo.com\/storage\/2024\/12\/9a-GRAFICO-FERNANDO-OROPEZA.jpeg","contentUrl":"https:\/\/soledaddurazo.com\/storage\/2024\/12\/9a-GRAFICO-FERNANDO-OROPEZA.jpeg","width":1092,"height":983},{"@type":"WebPage","@id":"https:\/\/soledaddurazo.com\/blog\/2025\/02\/25\/desarticulan-grupo-delictivo-en-el-desierto-sonorense\/#webpage","url":"https:\/\/soledaddurazo.com\/blog\/2025\/02\/25\/desarticulan-grupo-delictivo-en-el-desierto-sonorense\/","name":"Desarticulan grupo delictivo en el desierto sonorense - Periodista SoledadDurazo.com","isPartOf":{"@id":"https:\/\/soledaddurazo.com\/#website"},"primaryImageOfPage":{"@id":"https:\/\/soledaddurazo.com\/blog\/2025\/02\/25\/desarticulan-grupo-delictivo-en-el-desierto-sonorense\/#primaryimage"},"datePublished":"2025-02-25T16:03:25+00:00","dateModified":"2025-02-25T16:03:25+00:00","breadcrumb":{"@id":"https:\/\/soledaddurazo.com\/blog\/2025\/02\/25\/desarticulan-grupo-delictivo-en-el-desierto-sonorense\/#breadcrumb"},"inLanguage":"es","potentialAction":[{"@type":"ReadAction","target":["https:\/\/soledaddurazo.com\/blog\/2025\/02\/25\/desarticulan-grupo-delictivo-en-el-desierto-sonorense\/"]}]},{"@type":"BreadcrumbList","@id":"https:\/\/soledaddurazo.com\/blog\/2025\/02\/25\/desarticulan-grupo-delictivo-en-el-desierto-sonorense\/#breadcrumb","itemListElement":[{"@type":"ListItem","position":1,"name":"Home","item":"https:\/\/soledaddurazo.com\/"},{"@type":"ListItem","position":2,"name":"Desarticulan grupo delictivo en el desierto sonorense"}]},{"@type":"Article","@id":"https:\/\/soledaddurazo.com\/blog\/2025\/02\/25\/desarticulan-grupo-delictivo-en-el-desierto-sonorense\/#article","isPartOf":{"@id":"https:\/\/soledaddurazo.com\/blog\/2025\/02\/25\/desarticulan-grupo-delictivo-en-el-desierto-sonorense\/#webpage"},"author":{"@id":"https:\/\/soledaddurazo.com\/#\/schema\/person\/822d8e13aa288585e6546f179853758b"},"headline":"Desarticulan grupo delictivo en el desierto sonorense","datePublished":"2025-02-25T16:03:25+00:00","dateModified":"2025-02-25T16:03:25+00:00","mainEntityOfPage":{"@id":"https:\/\/soledaddurazo.com\/blog\/2025\/02\/25\/desarticulan-grupo-delictivo-en-el-desierto-sonorense\/#webpage"},"wordCount":1133,"commentCount":0,"publisher":{"@id":"https:\/\/soledaddurazo.com\/#organization"},"image":{"@id":"https:\/\/soledaddurazo.com\/blog\/2025\/02\/25\/desarticulan-grupo-delictivo-en-el-desierto-sonorense\/#primaryimage"},"thumbnailUrl":"https:\/\/soledaddurazo.com\/storage\/2024\/12\/9a-GRAFICO-FERNANDO-OROPEZA.jpeg","articleSection":["Fernando Oropeza"],"inLanguage":"es","potentialAction":[{"@type":"CommentAction","name":"Comment","target":["https:\/\/soledaddurazo.com\/blog\/2025\/02\/25\/desarticulan-grupo-delictivo-en-el-desierto-sonorense\/#respond"]}]},{"@type":"Person","@id":"https:\/\/soledaddurazo.com\/#\/schema\/person\/822d8e13aa288585e6546f179853758b","name":"Redacci\u00f3n","image":{"@type":"ImageObject","@id":"https:\/\/soledaddurazo.com\/#personlogo","inLanguage":"es","url":"https:\/\/secure.gravatar.com\/avatar\/c4e193752f756fd61f04deebed3a3a20dc188d37edb53682d313ac57f2725d54?s=96&d=mm&r=g","contentUrl":"https:\/\/secure.gravatar.com\/avatar\/c4e193752f756fd61f04deebed3a3a20dc188d37edb53682d313ac57f2725d54?s=96&d=mm&r=g","caption":"Redacci\u00f3n"},"sameAs":["https:\/\/soledaddurazo.com"]}]}},"_links":{"self":[{"href":"https:\/\/soledaddurazo.com\/api\/wp\/v2\/posts\/22092","targetHints":{"allow":["GET"]}}],"collection":[{"href":"https:\/\/soledaddurazo.com\/api\/wp\/v2\/posts"}],"about":[{"href":"https:\/\/soledaddurazo.com\/api\/wp\/v2\/types\/post"}],"author":[{"embeddable":true,"href":"https:\/\/soledaddurazo.com\/api\/wp\/v2\/users\/1"}],"replies":[{"embeddable":true,"href":"https:\/\/soledaddurazo.com\/api\/wp\/v2\/comments?post=22092"}],"version-history":[{"count":1,"href":"https:\/\/soledaddurazo.com\/api\/wp\/v2\/posts\/22092\/revisions"}],"predecessor-version":[{"id":22094,"href":"https:\/\/soledaddurazo.com\/api\/wp\/v2\/posts\/22092\/revisions\/22094"}],"wp:featuredmedia":[{"embeddable":true,"href":"https:\/\/soledaddurazo.com\/api\/wp\/v2\/media\/21671"}],"wp:attachment":[{"href":"https:\/\/soledaddurazo.com\/api\/wp\/v2\/media?parent=22092"}],"wp:term":[{"taxonomy":"category","embeddable":true,"href":"https:\/\/soledaddurazo.com\/api\/wp\/v2\/categories?post=22092"},{"taxonomy":"post_tag","embeddable":true,"href":"https:\/\/soledaddurazo.com\/api\/wp\/v2\/tags?post=22092"}],"curies":[{"name":"wp","href":"https:\/\/api.w.org\/{rel}","templated":true}]}}