{"id":22087,"date":"2025-02-24T20:34:03","date_gmt":"2025-02-25T03:34:03","guid":{"rendered":"https:\/\/soledaddurazo.com\/?p=22087"},"modified":"2025-02-24T20:34:03","modified_gmt":"2025-02-25T03:34:03","slug":"nueve-medallas-obtienen-jovenes-de-la-escuela-de-ciclismo-de-grupo-mexico","status":"publish","type":"post","link":"https:\/\/soledaddurazo.com\/blog\/2025\/02\/24\/nueve-medallas-obtienen-jovenes-de-la-escuela-de-ciclismo-de-grupo-mexico\/","title":{"rendered":"Nueve medallas obtienen j\u00f3venes de la Escuela de Ciclismo de Grupo M\u00e9xico"},"content":{"rendered":"<p>Los j\u00f3venes de la Escuela de Ciclismo Grupo M\u00e9xico-AR Monex tuvieron una participaci\u00f3n destacada en la primera etapa del Serial Sonora MTB 2025, celebrada en la pista La Jolla, en Hermosillo, al lograr subir a 9 ciclistas al podio de este evento que signific\u00f3 su primera competencia oficial.<\/p>\n<p><a href=\"https:\/\/soledaddurazo.com\/storage\/2025\/02\/59.jpeg\"><img loading=\"lazy\" decoding=\"async\" class=\"aligncenter  wp-image-22089\" src=\"https:\/\/soledaddurazo.com\/storage\/2025\/02\/59.jpeg\" alt=\"\" width=\"725\" height=\"484\" srcset=\"https:\/\/soledaddurazo.com\/storage\/2025\/02\/59.jpeg 1600w, https:\/\/soledaddurazo.com\/storage\/2025\/02\/59-300x200.jpeg 300w, https:\/\/soledaddurazo.com\/storage\/2025\/02\/59-1024x684.jpeg 1024w, https:\/\/soledaddurazo.com\/storage\/2025\/02\/59-768x513.jpeg 768w, https:\/\/soledaddurazo.com\/storage\/2025\/02\/59-1536x1026.jpeg 1536w, https:\/\/soledaddurazo.com\/storage\/2025\/02\/59-600x401.jpeg 600w, https:\/\/soledaddurazo.com\/storage\/2025\/02\/59-750x501.jpeg 750w, https:\/\/soledaddurazo.com\/storage\/2025\/02\/59-1140x762.jpeg 1140w\" sizes=\"auto, (max-width: 725px) 100vw, 725px\" \/><\/a><\/p>\n<p>Con un desempe\u00f1o sobresaliente, los 12 atletas provenientes de Cananea, Esqueda y Nacozari lograron posicionarse en lugares destacados de distintas categor\u00edas.<\/p>\n<p>En los primeros lugares, dos ciclistas lograron imponerse en sus respectivas categor\u00edas: Dylan Gerardo L\u00f3pez Meraz, de Cananea, quien obtuvo el primer puesto en Infantil Varonil, y Diana Mar\u00eda Casiano Guti\u00e9rrez, de Esqueda, ganadora de la categor\u00eda Juvenil A Femenil.<\/p>\n<p><a href=\"https:\/\/soledaddurazo.com\/storage\/2025\/02\/60.jpeg\"><img loading=\"lazy\" decoding=\"async\" class=\"aligncenter  wp-image-22090\" src=\"https:\/\/soledaddurazo.com\/storage\/2025\/02\/60.jpeg\" alt=\"\" width=\"729\" height=\"487\" srcset=\"https:\/\/soledaddurazo.com\/storage\/2025\/02\/60.jpeg 1600w, https:\/\/soledaddurazo.com\/storage\/2025\/02\/60-300x200.jpeg 300w, https:\/\/soledaddurazo.com\/storage\/2025\/02\/60-1024x684.jpeg 1024w, https:\/\/soledaddurazo.com\/storage\/2025\/02\/60-768x513.jpeg 768w, https:\/\/soledaddurazo.com\/storage\/2025\/02\/60-1536x1026.jpeg 1536w, https:\/\/soledaddurazo.com\/storage\/2025\/02\/60-600x401.jpeg 600w, https:\/\/soledaddurazo.com\/storage\/2025\/02\/60-750x501.jpeg 750w, https:\/\/soledaddurazo.com\/storage\/2025\/02\/60-1140x762.jpeg 1140w\" sizes=\"auto, (max-width: 729px) 100vw, 729px\" \/><\/a><\/p>\n<p>Cuatro ciclistas de Grupo M\u00e9xico aseguraron su posici\u00f3n en el segundo lugar del podio: Alan Josu\u00e9 S\u00e1nchez Somoza, de Esqueda, en la categor\u00eda Infantil Varonil; Kevin Alexis Hern\u00e1ndez Ruis, de Nacozari, en la Juvenil B Varonil; Luis Fernando Qui\u00f1\u00f3nez Gayt\u00e1n, de Cananea, en Juvenil A Varonil; y Jes\u00fas Adolfo S\u00e1nchez Somoza, de Esqueda, en la Juvenil A Varonil.<\/p>\n<p>En los terceros lugares, tres ciclistas completaron la destacada participaci\u00f3n de Grupo M\u00e9xico en el evento: Carolina Torres C\u00f3rdoba, de Cananea, en Infantil Femenil; Adri\u00e1n Gabriel Ortega Torrecillas, de Esqueda, en Juvenil B Varonil, y Jorge Luis Mora Hern\u00e1ndez, en Juvenil C Varonil.<\/p>\n<p>Este resultado refleja la importancia del proyecto de formaci\u00f3n ciclista impulsado por Grupo M\u00e9xico en conjunto con AR Monex, que busca fortalecer el talento juvenil en el ciclismo de monta\u00f1a y abrirles camino hacia un futuro profesional en el deporte.<\/p>\n<p>Desde su creaci\u00f3n en 2024, la Escuela de Ciclismo Grupo M\u00e9xico-AR Monex ha trabajado en la formaci\u00f3n de nuevos talentos en este deporte, brindando apoyo y oportunidades a los j\u00f3venes ciclistas de las comunidades mineras donde Grupo M\u00e9xico tiene presencia.<\/p>\n<p>El Serial Sonora MTB 2025 es un circuito de competencias de ciclismo de monta\u00f1a que recorrer\u00e1 diversas ciudades del estado, con futuras etapas en Guaymas, Ciudad Obreg\u00f3n, Cananea y Nogales.<\/p>\n","protected":false},"excerpt":{"rendered":"<p>Los j\u00f3venes de la Escuela de Ciclismo Grupo M\u00e9xico-AR Monex tuvieron una participaci\u00f3n destacada en la primera etapa del Serial Sonora MTB 2025, celebrada en la pista La Jolla, en Hermosillo, al lograr subir a 9 ciclistas al podio de este evento que signific\u00f3 su primera competencia oficial. Con un desempe\u00f1o sobresaliente, los 12 atletas [&hellip;]<\/p>\n","protected":false},"author":1,"featured_media":22088,"comment_status":"open","ping_status":"open","sticky":false,"template":"","format":"standard","meta":{"footnotes":""},"categories":[159],"tags":[],"class_list":["post"],"yoast_head":" \n<title>Nueve medallas obtienen j\u00f3venes de la Escuela de Ciclismo de Grupo M\u00e9xico - Periodista SoledadDurazo.com<\/title>\n<meta name=\"robots\" content=\"index, follow, max-snippet:-1, max-image-preview:large, max-video-preview:-1\" \/>\n<link rel=\"canonical\" href=\"https:\/\/soledaddurazo.com\/blog\/2025\/02\/24\/nueve-medallas-obtienen-jovenes-de-la-escuela-de-ciclismo-de-grupo-mexico\/\" \/>\n<meta property=\"og:locale\" content=\"es_MX\" \/>\n<meta property=\"og:type\" content=\"article\" \/>\n<meta property=\"og:title\" content=\"Nueve medallas obtienen j\u00f3venes de la Escuela de Ciclismo de Grupo M\u00e9xico\" \/>\n<meta property=\"og:description\" content=\"Los j\u00f3venes de la Escuela de Ciclismo Grupo M\u00e9xico-AR Monex tuvieron una participaci\u00f3n destacada en la primera etapa del Serial Sonora MTB 2025, celebrada en la pista La Jolla, en Hermosillo, al lograr subir a 9 ciclistas al podio de este evento que signific\u00f3 su primera competencia oficial. Con un desempe\u00f1o sobresaliente, los 12 atletas [&hellip;]\" \/>\n<meta property=\"og:url\" content=\"https:\/\/soledaddurazo.com\/blog\/2025\/02\/24\/nueve-medallas-obtienen-jovenes-de-la-escuela-de-ciclismo-de-grupo-mexico\/\" \/>\n<meta property=\"og:site_name\" content=\"Periodista SoledadDurazo.com\" \/>\n<meta property=\"article:publisher\" content=\"https:\/\/www.facebook.com\/soledad.durazo.9\/\" \/>\n<meta property=\"article:published_time\" content=\"2025-02-25T03:34:03+00:00\" \/>\n<meta property=\"og:image\" content=\"https:\/\/soledaddurazo.com\/storage\/2025\/02\/58.jpeg\" \/>\n\t<meta property=\"og:image:width\" content=\"1600\" \/>\n\t<meta property=\"og:image:height\" content=\"1069\" \/>\n<meta name=\"twitter:card\" content=\"summary_large_image\" \/>\n<meta name=\"twitter:creator\" content=\"@SoledadDurazo\" \/>\n<meta name=\"twitter:site\" content=\"@SoledadDurazo\" \/>\n<meta name=\"twitter:label1\" content=\"Escrito por\" \/>\n\t<meta name=\"twitter:data1\" content=\"Redacci\u00f3n\" \/>\n\t<meta name=\"twitter:label2\" content=\"Tiempo de lectura\" \/>\n\t<meta name=\"twitter:data2\" content=\"2 minutos\" \/>\n<script type=\"application\/ld+json\" class=\"yoast-schema-graph\">{\"@context\":\"https:\/\/schema.org\",\"@graph\":[{\"@type\":\"Organization\",\"@id\":\"https:\/\/soledaddurazo.com\/#organization\",\"name\":\"Soledad Durazo\",\"url\":\"https:\/\/soledaddurazo.com\/\",\"sameAs\":[\"https:\/\/www.facebook.com\/soledad.durazo.9\/\",\"https:\/\/www.instagram.com\/soledaddurazo\",\"https:\/\/www.youtube.com\/channel\/UC9yGPw8-Vbl_B2XNkRwPS-w\",\"https:\/\/twitter.com\/SoledadDurazo\"],\"logo\":{\"@type\":\"ImageObject\",\"@id\":\"https:\/\/soledaddurazo.com\/#logo\",\"inLanguage\":\"es\",\"url\":\"https:\/\/soledaddurazo.com\/storage\/2021\/11\/nllp-720x375-1-2.png\",\"contentUrl\":\"https:\/\/soledaddurazo.com\/storage\/2021\/11\/nllp-720x375-1-2.png\",\"width\":720,\"height\":375,\"caption\":\"Soledad Durazo\"},\"image\":{\"@id\":\"https:\/\/soledaddurazo.com\/#logo\"}},{\"@type\":\"WebSite\",\"@id\":\"https:\/\/soledaddurazo.com\/#website\",\"url\":\"https:\/\/soledaddurazo.com\/\",\"name\":\"Periodista SoledadDurazo.com\",\"description\":\"Periodista sonorense. Directora de www.SoledadDurazo.com Columnista, conductora de radio y Tv. Catedr\\u00e1tica en la UNISON\",\"publisher\":{\"@id\":\"https:\/\/soledaddurazo.com\/#organization\"},\"potentialAction\":[{\"@type\":\"SearchAction\",\"target\":{\"@type\":\"EntryPoint\",\"urlTemplate\":\"https:\/\/soledaddurazo.com\/?s={search_term_string}\"},\"query-input\":\"required name=search_term_string\"}],\"inLanguage\":\"es\"},{\"@type\":\"ImageObject\",\"@id\":\"https:\/\/soledaddurazo.com\/blog\/2025\/02\/24\/nueve-medallas-obtienen-jovenes-de-la-escuela-de-ciclismo-de-grupo-mexico\/#primaryimage\",\"inLanguage\":\"es\",\"url\":\"https:\/\/soledaddurazo.com\/storage\/2025\/02\/58.jpeg\",\"contentUrl\":\"https:\/\/soledaddurazo.com\/storage\/2025\/02\/58.jpeg\",\"width\":1600,\"height\":1069},{\"@type\":\"WebPage\",\"@id\":\"https:\/\/soledaddurazo.com\/blog\/2025\/02\/24\/nueve-medallas-obtienen-jovenes-de-la-escuela-de-ciclismo-de-grupo-mexico\/#webpage\",\"url\":\"https:\/\/soledaddurazo.com\/blog\/2025\/02\/24\/nueve-medallas-obtienen-jovenes-de-la-escuela-de-ciclismo-de-grupo-mexico\/\",\"name\":\"Nueve medallas obtienen j\\u00f3venes de la Escuela de Ciclismo de Grupo M\\u00e9xico - Periodista SoledadDurazo.com\",\"isPartOf\":{\"@id\":\"https:\/\/soledaddurazo.com\/#website\"},\"primaryImageOfPage\":{\"@id\":\"https:\/\/soledaddurazo.com\/blog\/2025\/02\/24\/nueve-medallas-obtienen-jovenes-de-la-escuela-de-ciclismo-de-grupo-mexico\/#primaryimage\"},\"datePublished\":\"2025-02-25T03:34:03+00:00\",\"dateModified\":\"2025-02-25T03:34:03+00:00\",\"breadcrumb\":{\"@id\":\"https:\/\/soledaddurazo.com\/blog\/2025\/02\/24\/nueve-medallas-obtienen-jovenes-de-la-escuela-de-ciclismo-de-grupo-mexico\/#breadcrumb\"},\"inLanguage\":\"es\",\"potentialAction\":[{\"@type\":\"ReadAction\",\"target\":[\"https:\/\/soledaddurazo.com\/blog\/2025\/02\/24\/nueve-medallas-obtienen-jovenes-de-la-escuela-de-ciclismo-de-grupo-mexico\/\"]}]},{\"@type\":\"BreadcrumbList\",\"@id\":\"https:\/\/soledaddurazo.com\/blog\/2025\/02\/24\/nueve-medallas-obtienen-jovenes-de-la-escuela-de-ciclismo-de-grupo-mexico\/#breadcrumb\",\"itemListElement\":[{\"@type\":\"ListItem\",\"position\":1,\"name\":\"Home\",\"item\":\"https:\/\/soledaddurazo.com\/\"},{\"@type\":\"ListItem\",\"position\":2,\"name\":\"Nueve medallas obtienen j\\u00f3venes de la Escuela de Ciclismo de Grupo M\\u00e9xico\"}]},{\"@type\":\"Article\",\"@id\":\"https:\/\/soledaddurazo.com\/blog\/2025\/02\/24\/nueve-medallas-obtienen-jovenes-de-la-escuela-de-ciclismo-de-grupo-mexico\/#article\",\"isPartOf\":{\"@id\":\"https:\/\/soledaddurazo.com\/blog\/2025\/02\/24\/nueve-medallas-obtienen-jovenes-de-la-escuela-de-ciclismo-de-grupo-mexico\/#webpage\"},\"author\":{\"@id\":\"https:\/\/soledaddurazo.com\/#\/schema\/person\/822d8e13aa288585e6546f179853758b\"},\"headline\":\"Nueve medallas obtienen j\\u00f3venes de la Escuela de Ciclismo de Grupo M\\u00e9xico\",\"datePublished\":\"2025-02-25T03:34:03+00:00\",\"dateModified\":\"2025-02-25T03:34:03+00:00\",\"mainEntityOfPage\":{\"@id\":\"https:\/\/soledaddurazo.com\/blog\/2025\/02\/24\/nueve-medallas-obtienen-jovenes-de-la-escuela-de-ciclismo-de-grupo-mexico\/#webpage\"},\"wordCount\":363,\"commentCount\":0,\"publisher\":{\"@id\":\"https:\/\/soledaddurazo.com\/#organization\"},\"image\":{\"@id\":\"https:\/\/soledaddurazo.com\/blog\/2025\/02\/24\/nueve-medallas-obtienen-jovenes-de-la-escuela-de-ciclismo-de-grupo-mexico\/#primaryimage\"},\"thumbnailUrl\":\"https:\/\/soledaddurazo.com\/storage\/2025\/02\/58.jpeg\",\"articleSection\":[\"Mi Sonora\"],\"inLanguage\":\"es\",\"potentialAction\":[{\"@type\":\"CommentAction\",\"name\":\"Comment\",\"target\":[\"https:\/\/soledaddurazo.com\/blog\/2025\/02\/24\/nueve-medallas-obtienen-jovenes-de-la-escuela-de-ciclismo-de-grupo-mexico\/#respond\"]}]},{\"@type\":\"Person\",\"@id\":\"https:\/\/soledaddurazo.com\/#\/schema\/person\/822d8e13aa288585e6546f179853758b\",\"name\":\"Redacci\\u00f3n\",\"image\":{\"@type\":\"ImageObject\",\"@id\":\"https:\/\/soledaddurazo.com\/#personlogo\",\"inLanguage\":\"es\",\"url\":\"https:\/\/secure.gravatar.com\/avatar\/c4e193752f756fd61f04deebed3a3a20dc188d37edb53682d313ac57f2725d54?s=96&d=mm&r=g\",\"contentUrl\":\"https:\/\/secure.gravatar.com\/avatar\/c4e193752f756fd61f04deebed3a3a20dc188d37edb53682d313ac57f2725d54?s=96&d=mm&r=g\",\"caption\":\"Redacci\\u00f3n\"},\"sameAs\":[\"https:\/\/soledaddurazo.com\"]}]}<\/script>\n ","yoast_head_json":{"title":"Nueve medallas obtienen j\u00f3venes de la Escuela de Ciclismo de Grupo M\u00e9xico - Periodista SoledadDurazo.com","robots":{"index":"index","follow":"follow","max-snippet":"max-snippet:-1","max-image-preview":"max-image-preview:large","max-video-preview":"max-video-preview:-1"},"canonical":"https:\/\/soledaddurazo.com\/blog\/2025\/02\/24\/nueve-medallas-obtienen-jovenes-de-la-escuela-de-ciclismo-de-grupo-mexico\/","og_locale":"es_MX","og_type":"article","og_title":"Nueve medallas obtienen j\u00f3venes de la Escuela de Ciclismo de Grupo M\u00e9xico","og_description":"Los j\u00f3venes de la Escuela de Ciclismo Grupo M\u00e9xico-AR Monex tuvieron una participaci\u00f3n destacada en la primera etapa del Serial Sonora MTB 2025, celebrada en la pista La Jolla, en Hermosillo, al lograr subir a 9 ciclistas al podio de este evento que signific\u00f3 su primera competencia oficial. Con un desempe\u00f1o sobresaliente, los 12 atletas [&hellip;]","og_url":"https:\/\/soledaddurazo.com\/blog\/2025\/02\/24\/nueve-medallas-obtienen-jovenes-de-la-escuela-de-ciclismo-de-grupo-mexico\/","og_site_name":"Periodista SoledadDurazo.com","article_publisher":"https:\/\/www.facebook.com\/soledad.durazo.9\/","article_published_time":"2025-02-25T03:34:03+00:00","og_image":[{"width":1600,"height":1069,"url":"https:\/\/soledaddurazo.com\/storage\/2025\/02\/58.jpeg","type":"image\/jpeg"}],"twitter_card":"summary_large_image","twitter_creator":"@SoledadDurazo","twitter_site":"@SoledadDurazo","twitter_misc":{"Escrito por":"Redacci\u00f3n","Tiempo de lectura":"2 minutos"},"schema":{"@context":"https:\/\/schema.org","@graph":[{"@type":"Organization","@id":"https:\/\/soledaddurazo.com\/#organization","name":"Soledad Durazo","url":"https:\/\/soledaddurazo.com\/","sameAs":["https:\/\/www.facebook.com\/soledad.durazo.9\/","https:\/\/www.instagram.com\/soledaddurazo","https:\/\/www.youtube.com\/channel\/UC9yGPw8-Vbl_B2XNkRwPS-w","https:\/\/twitter.com\/SoledadDurazo"],"logo":{"@type":"ImageObject","@id":"https:\/\/soledaddurazo.com\/#logo","inLanguage":"es","url":"https:\/\/soledaddurazo.com\/storage\/2021\/11\/nllp-720x375-1-2.png","contentUrl":"https:\/\/soledaddurazo.com\/storage\/2021\/11\/nllp-720x375-1-2.png","width":720,"height":375,"caption":"Soledad Durazo"},"image":{"@id":"https:\/\/soledaddurazo.com\/#logo"}},{"@type":"WebSite","@id":"https:\/\/soledaddurazo.com\/#website","url":"https:\/\/soledaddurazo.com\/","name":"Periodista SoledadDurazo.com","description":"Periodista sonorense. Directora de www.SoledadDurazo.com Columnista, conductora de radio y Tv. Catedr\u00e1tica en la UNISON","publisher":{"@id":"https:\/\/soledaddurazo.com\/#organization"},"potentialAction":[{"@type":"SearchAction","target":{"@type":"EntryPoint","urlTemplate":"https:\/\/soledaddurazo.com\/?s={search_term_string}"},"query-input":"required name=search_term_string"}],"inLanguage":"es"},{"@type":"ImageObject","@id":"https:\/\/soledaddurazo.com\/blog\/2025\/02\/24\/nueve-medallas-obtienen-jovenes-de-la-escuela-de-ciclismo-de-grupo-mexico\/#primaryimage","inLanguage":"es","url":"https:\/\/soledaddurazo.com\/storage\/2025\/02\/58.jpeg","contentUrl":"https:\/\/soledaddurazo.com\/storage\/2025\/02\/58.jpeg","width":1600,"height":1069},{"@type":"WebPage","@id":"https:\/\/soledaddurazo.com\/blog\/2025\/02\/24\/nueve-medallas-obtienen-jovenes-de-la-escuela-de-ciclismo-de-grupo-mexico\/#webpage","url":"https:\/\/soledaddurazo.com\/blog\/2025\/02\/24\/nueve-medallas-obtienen-jovenes-de-la-escuela-de-ciclismo-de-grupo-mexico\/","name":"Nueve medallas obtienen j\u00f3venes de la Escuela de Ciclismo de Grupo M\u00e9xico - Periodista SoledadDurazo.com","isPartOf":{"@id":"https:\/\/soledaddurazo.com\/#website"},"primaryImageOfPage":{"@id":"https:\/\/soledaddurazo.com\/blog\/2025\/02\/24\/nueve-medallas-obtienen-jovenes-de-la-escuela-de-ciclismo-de-grupo-mexico\/#primaryimage"},"datePublished":"2025-02-25T03:34:03+00:00","dateModified":"2025-02-25T03:34:03+00:00","breadcrumb":{"@id":"https:\/\/soledaddurazo.com\/blog\/2025\/02\/24\/nueve-medallas-obtienen-jovenes-de-la-escuela-de-ciclismo-de-grupo-mexico\/#breadcrumb"},"inLanguage":"es","potentialAction":[{"@type":"ReadAction","target":["https:\/\/soledaddurazo.com\/blog\/2025\/02\/24\/nueve-medallas-obtienen-jovenes-de-la-escuela-de-ciclismo-de-grupo-mexico\/"]}]},{"@type":"BreadcrumbList","@id":"https:\/\/soledaddurazo.com\/blog\/2025\/02\/24\/nueve-medallas-obtienen-jovenes-de-la-escuela-de-ciclismo-de-grupo-mexico\/#breadcrumb","itemListElement":[{"@type":"ListItem","position":1,"name":"Home","item":"https:\/\/soledaddurazo.com\/"},{"@type":"ListItem","position":2,"name":"Nueve medallas obtienen j\u00f3venes de la Escuela de Ciclismo de Grupo M\u00e9xico"}]},{"@type":"Article","@id":"https:\/\/soledaddurazo.com\/blog\/2025\/02\/24\/nueve-medallas-obtienen-jovenes-de-la-escuela-de-ciclismo-de-grupo-mexico\/#article","isPartOf":{"@id":"https:\/\/soledaddurazo.com\/blog\/2025\/02\/24\/nueve-medallas-obtienen-jovenes-de-la-escuela-de-ciclismo-de-grupo-mexico\/#webpage"},"author":{"@id":"https:\/\/soledaddurazo.com\/#\/schema\/person\/822d8e13aa288585e6546f179853758b"},"headline":"Nueve medallas obtienen j\u00f3venes de la Escuela de Ciclismo de Grupo M\u00e9xico","datePublished":"2025-02-25T03:34:03+00:00","dateModified":"2025-02-25T03:34:03+00:00","mainEntityOfPage":{"@id":"https:\/\/soledaddurazo.com\/blog\/2025\/02\/24\/nueve-medallas-obtienen-jovenes-de-la-escuela-de-ciclismo-de-grupo-mexico\/#webpage"},"wordCount":363,"commentCount":0,"publisher":{"@id":"https:\/\/soledaddurazo.com\/#organization"},"image":{"@id":"https:\/\/soledaddurazo.com\/blog\/2025\/02\/24\/nueve-medallas-obtienen-jovenes-de-la-escuela-de-ciclismo-de-grupo-mexico\/#primaryimage"},"thumbnailUrl":"https:\/\/soledaddurazo.com\/storage\/2025\/02\/58.jpeg","articleSection":["Mi Sonora"],"inLanguage":"es","potentialAction":[{"@type":"CommentAction","name":"Comment","target":["https:\/\/soledaddurazo.com\/blog\/2025\/02\/24\/nueve-medallas-obtienen-jovenes-de-la-escuela-de-ciclismo-de-grupo-mexico\/#respond"]}]},{"@type":"Person","@id":"https:\/\/soledaddurazo.com\/#\/schema\/person\/822d8e13aa288585e6546f179853758b","name":"Redacci\u00f3n","image":{"@type":"ImageObject","@id":"https:\/\/soledaddurazo.com\/#personlogo","inLanguage":"es","url":"https:\/\/secure.gravatar.com\/avatar\/c4e193752f756fd61f04deebed3a3a20dc188d37edb53682d313ac57f2725d54?s=96&d=mm&r=g","contentUrl":"https:\/\/secure.gravatar.com\/avatar\/c4e193752f756fd61f04deebed3a3a20dc188d37edb53682d313ac57f2725d54?s=96&d=mm&r=g","caption":"Redacci\u00f3n"},"sameAs":["https:\/\/soledaddurazo.com"]}]}},"_links":{"self":[{"href":"https:\/\/soledaddurazo.com\/api\/wp\/v2\/posts\/22087","targetHints":{"allow":["GET"]}}],"collection":[{"href":"https:\/\/soledaddurazo.com\/api\/wp\/v2\/posts"}],"about":[{"href":"https:\/\/soledaddurazo.com\/api\/wp\/v2\/types\/post"}],"author":[{"embeddable":true,"href":"https:\/\/soledaddurazo.com\/api\/wp\/v2\/users\/1"}],"replies":[{"embeddable":true,"href":"https:\/\/soledaddurazo.com\/api\/wp\/v2\/comments?post=22087"}],"version-history":[{"count":1,"href":"https:\/\/soledaddurazo.com\/api\/wp\/v2\/posts\/22087\/revisions"}],"predecessor-version":[{"id":22091,"href":"https:\/\/soledaddurazo.com\/api\/wp\/v2\/posts\/22087\/revisions\/22091"}],"wp:featuredmedia":[{"embeddable":true,"href":"https:\/\/soledaddurazo.com\/api\/wp\/v2\/media\/22088"}],"wp:attachment":[{"href":"https:\/\/soledaddurazo.com\/api\/wp\/v2\/media?parent=22087"}],"wp:term":[{"taxonomy":"category","embeddable":true,"href":"https:\/\/soledaddurazo.com\/api\/wp\/v2\/categories?post=22087"},{"taxonomy":"post_tag","embeddable":true,"href":"https:\/\/soledaddurazo.com\/api\/wp\/v2\/tags?post=22087"}],"curies":[{"name":"wp","href":"https:\/\/api.w.org\/{rel}","templated":true}]}}