{"id":22084,"date":"2025-02-24T13:57:33","date_gmt":"2025-02-24T20:57:33","guid":{"rendered":"https:\/\/soledaddurazo.com\/?p=22084"},"modified":"2025-02-24T13:57:33","modified_gmt":"2025-02-24T20:57:33","slug":"arranca-programa-vivienda-para-el-bienestar-en-sonora","status":"publish","type":"post","link":"https:\/\/soledaddurazo.com\/blog\/2025\/02\/24\/arranca-programa-vivienda-para-el-bienestar-en-sonora\/","title":{"rendered":"Arranca Programa Vivienda para el Bienestar en Sonora"},"content":{"rendered":"<ul>\n<li><em>Programa de Vivienda para el Bienestar en Guaymas<\/em><\/li>\n<li><em>Modifican iniciativa de reforma a Ley del ISSSTE<\/em><\/li>\n<li><em>Peque\u00f1a Dosis de Grilla Dominical<\/em><\/li>\n<li><em>Falleci\u00f3 el periodista Luis Alberto Viveros<\/em><\/li>\n<\/ul>\n<p><a href=\"https:\/\/soledaddurazo.com\/storage\/2025\/02\/57.jpeg\"><img loading=\"lazy\" decoding=\"async\" class=\"aligncenter size-full wp-image-22085\" src=\"https:\/\/soledaddurazo.com\/storage\/2025\/02\/57.jpeg\" alt=\"\" width=\"1600\" height=\"1066\" srcset=\"https:\/\/soledaddurazo.com\/storage\/2025\/02\/57.jpeg 1600w, https:\/\/soledaddurazo.com\/storage\/2025\/02\/57-300x200.jpeg 300w, https:\/\/soledaddurazo.com\/storage\/2025\/02\/57-1024x682.jpeg 1024w, https:\/\/soledaddurazo.com\/storage\/2025\/02\/57-768x512.jpeg 768w, https:\/\/soledaddurazo.com\/storage\/2025\/02\/57-1536x1023.jpeg 1536w, https:\/\/soledaddurazo.com\/storage\/2025\/02\/57-600x400.jpeg 600w, https:\/\/soledaddurazo.com\/storage\/2025\/02\/57-750x500.jpeg 750w, https:\/\/soledaddurazo.com\/storage\/2025\/02\/57-1140x760.jpeg 1140w\" sizes=\"auto, (max-width: 1600px) 100vw, 1600px\" \/><\/a><\/p>\n<p>No tard\u00f3 mucho tiempo la Presidenta Claudia Sheinbaum en echar a andar el Programa Nacional de Vivienda para el Bienestar, para cumplir con su promesa de campa\u00f1a de construir m\u00e1s de un mill\u00f3n de viviendas de inter\u00e9s social en todo el pa\u00eds, durante su sexenio.<\/p>\n<p>El Gobierno que encabeza Alfonso Durazo hab\u00eda venido realizando esfuerzos para reactivar la construcci\u00f3n de vivienda de inter\u00e9s social, que desde a\u00f1os, se dej\u00f3 de construir en nuestra entidad, este esfuerzo se intersect\u00f3 con el Programa Nacional de Vivienda para el Bienestar y ayer, en Cajeme, se puso la primera piedra, para arrancar con la construcci\u00f3n de 328 viviendas, en un predio de la colonia Maximiliano R. G\u00f3mez, de alrededor de seis hect\u00e1reas, que fueron donadas por el municipio, seg\u00fan nos inform\u00f3 el eficiente titular de Bienes y Concesiones, Antonio Gallardo, antes de iniciar el acto protocolario que encabez\u00f3 el Gobernador Alfonso Durazo y Edna Elena Vega Rangel, Secretaria de Desarrollo Agrario, Territorial y Urbano.<\/p>\n<p>Con la mayor\u00eda de Presidentes Municipales del sur del estado presentes, Senadores, Diputados Federales, locales, Secretarios y Directores Generales del Gobierno del Estado, el Gobernador mencion\u00f3 que ser\u00e1n construidas este a\u00f1o 4 mil 767 viviendas en todo el estado y la meta es construir 33 mil 800 nuevas viviendas de inter\u00e9s social en los pr\u00f3ximos seis a\u00f1os y dar prioridad a las familias que perciban menos de dos salarios m\u00ednimos, as\u00ed como a j\u00f3venes y mujeres que estudian y trabajan; lo cual permitir\u00e1 garantizar a la poblaci\u00f3n de sectores vulnerables una vivienda adecuada y accesible, como un derecho y no m\u00e1s como un privilegio.<\/p>\n<p>Paralelamente al Programa Nacional de Vivienda para el Bienestar que se realizar\u00e1 a trav\u00e9s del INFONAVIT y la Comisi\u00f3n Nacional de Vivienda, el Gobierno Federal pondr\u00e1 a operar un intenso programa de regulaci\u00f3n de la tenencia de la tierra, con la meta de entregar 700 mil escrituras en el sexenio, de las cuales 30 mil corresponder\u00e1n a Sonora.<\/p>\n<p>La construcci\u00f3n es uno de los principales motores que mueve la econom\u00eda en nuestro pa\u00eds, con un aporte superior al 6% del Producto Interno Bruto, involucra tambi\u00e9n a otros sectores de la econom\u00eda y es un gran generador de empleos, ah\u00ed reside la importancia que el gobierno sea el complemento de la iniciativa privada para realizar inversi\u00f3n en obra p\u00fablica, que no solo genere desarrollo en las comunidades, tambi\u00e9n genere bienestar y mueva la econom\u00eda regional.<\/p>\n<p>Como buen pol\u00edtico, el Gobernador Alfonso Durazo, sabe de la importancia de este programa que brindar\u00e1 mayor dinamismo al sector construcci\u00f3n y generar\u00e1 380 mil empleos directos e indirectos para el estado, he ah\u00ed la raz\u00f3n de su puntual gesti\u00f3n para que Sonora fuera la primera entidad en arrancar este programa.<\/p>\n<p><strong>PROGRAMA DE VIVIENDA PARA EL BIENESTAR EN GUAYMAS<\/strong><\/p>\n<p>En Cajeme saludamos a la Presidenta Municipal de Guaymas, Karla C\u00f3rdoba, que reporta tener los terrenos para que llegue la inversi\u00f3n del Programa Vivienda para el Bienestar al puerto.<\/p>\n<p>Ser\u00e1n alrededor de 900 viviendas de inter\u00e9s social que se construir\u00e1n en la zona norte del puerto y ser\u00e1 en este mismo a\u00f1o cuando comiencen las obras.<\/p>\n<p>La doctora Karla C\u00f3rdoba reporta todos los preparativos listos para que este pr\u00f3ximo jueves 27, arranque en Guaymas, la edici\u00f3n del Carnaval de Guaymas \u201cLa Fiesta es Nuestra 2025\u201d, con la actuaci\u00f3n del grupo Laberinto; el viernes 28 la Casetera; el s\u00e1bado 1 de marzo, La Original Banda El Lim\u00f3n; el 2 de marzo Kalimba; el 3 de marzo La Brissa y directamente desde Colombia, Juanes, cerrar\u00e1 la noche del 4 de marzo.<\/p>\n<p>Las presentaciones de artistas ser\u00e1n gratuitas para todos aquellos que acudan al Malec\u00f3n a disfrutar de esta singular celebraci\u00f3n, que el a\u00f1o anterior, report\u00f3 cero incidentes de inseguridad y en este a\u00f1o, se han coordinado los tres \u00f3rdenes de gobierno, para que los festejos se realicen en un ambiente familiar y seguro.<\/p>\n<p>La verdad sea dicha, usted puede caminar por las calles del centro de Guaymas, sin ning\u00fan temor y sin ning\u00fan problema, hay un gran ambiente y el puerto espera a todos los visitantes a las fiestas carnestolendas con los brazos abiertos.<\/p>\n<p><strong>MODIFICAN INICIATIVA DE REFORMA A LEY DEL ISSSTE <\/strong><\/p>\n<p>Ayer mismo, en Cajeme, convers\u00e9 con el Diputado de Nueva Alianza, el profesor C\u00e9sar Adalberto Salazar, al respecto de la inquietud surgida entre las huestes magisteriales del pa\u00eds, por la iniciativa de reforma a la Ley del ISSSTE para aplicar mayores descuentos en el sueldo a todos aquellos maestros que ganen m\u00e1s de 10 UMAS.<\/p>\n<p>\u201cLa prioridad para el SNTE en estos momentos es que se mejore la calidad de atenci\u00f3n en los hospitales del ISSSTE y se atienda el rezago en vivienda. Realizar mayores descuentos a maestros que ganen m\u00e1s, no es tema y la iniciativa ya se corrigi\u00f3\u201d.<\/p>\n<p>El Secretario de Educaci\u00f3n y Cultura, Froyl\u00e1n G\u00e1mez, ha declarado desde el pasado viernes, que la iniciativa de reforma, fue modificada y que no hay motivo para que maestros realicen suspensiones de labores en protesta y afecten el aprendizaje de los alumnos.<\/p>\n<p><strong>PEQUE\u00d1A DOSIS DE GRILLA DOMINICAL<\/strong><\/p>\n<p>La peque\u00f1a dosis de grilla de la jornada dominical de ayer en Cajeme para el arranque del Programa Nacional de Vivienda para el Bienestar, estuvo a cargo del Gobernador Alfonso Durazo, por aquello de que los tiempos electorales ya est\u00e1n en marcha.<\/p>\n<p>Con su ya frase cl\u00e1sica, \u201c<em>por si se los encuentran en una boleta, hay se los encargo\u201d<\/em> al referirse a los funcionarios y representantes populares que estaban presentes ayer por la tarde en Cajeme.<\/p>\n<p>Vimos a la Senadora Lorenia Valles, a la Presidenta Municipal de Guaymas, Karla C\u00f3rdoba; a la Secretaria de Agricultura, C\u00e9lida L\u00f3pez; a la Jefa de la Oficina del Ejecutivo, Paulina Oca\u00f1a; a las Diputadas Ely Sallard; Amairany Pe\u00f1a; la Directora del DIF, Lizeth V\u00e1zquez; \u00a0al Senador Heriberto Aguilar; los Diputados Federales, Ram\u00f3n Flores, Jacobo Mendoza; el Diputado Omar Del Valle; el Secretario de Educaci\u00f3n, Froyl\u00e1n G\u00e1mez; Fernando Rojo de la Vega, Secretario del Bienestar; el Coordinador de Bienes y Concesiones, Antonio Gallardo y otros m\u00e1s que se me pueden pasar.<\/p>\n<p>Las se\u00f1ales est\u00e1n dadas, es tiempo de correr a ras de suelo, ahora m\u00e1s que nunca, el tiempo de medir y tomar decisiones, vendr\u00e1 m\u00e1s adelante, pero el que no se mueve, no sale en la foto.<\/p>\n<p><strong>PARENTESIS LUCTUOSO<\/strong><\/p>\n<p>Por la tarde de ayer, circul\u00f3 la noticia del fallecimiento del periodista Luis Alberto Viveros. En los \u00faltimos meses sufri\u00f3 severos quebrantos en su salud, que no pudo superar. Descanse en paz.<\/p>\n<p>Los invito a escuchar de lunes a jueves a las 6 de la tarde, SONORA EN RED NOTICIAS, espacio que comparto con mi amigo Arturo Chapo Soto, Arturo Ballesteros y Octaviano Rojas, por el 93.3 del cuadrante de F.M. desde Guaymas para todo el sur de Sonora, informativo que tambi\u00e9n puede ser visto, por la se\u00f1al del canal 14 de Estrella Tucson TV, en el sur de Arizona.<\/p>\n<p>Y en Radio Sol 104.7 F.M. LENGUAS VESPERTINAS, de lunes a viernes a las 17:00 horas, le vamos a ofrecer una peque\u00f1a dosis de grilla que vuelva amena la tarde.<\/p>\n<p>Podemos interactuar a trav\u00e9s de mi cuenta de Twitter @feroropeza20 o en mi correo electr\u00f3nico <a href=\"mailto:luiso@hmo.megared.net.mx\">luiso@hmo.megared.net.mx<\/a><\/p>\n<p>&nbsp;<\/p>\n<p>&nbsp;<\/p>\n<p>&nbsp;<\/p>\n","protected":false},"excerpt":{"rendered":"<p>Programa de Vivienda para el Bienestar en Guaymas Modifican iniciativa de reforma a Ley del ISSSTE Peque\u00f1a Dosis de Grilla Dominical Falleci\u00f3 el periodista Luis Alberto Viveros No tard\u00f3 mucho tiempo la Presidenta Claudia Sheinbaum en echar a andar el Programa Nacional de Vivienda para el Bienestar, para cumplir con su promesa de campa\u00f1a de [&hellip;]<\/p>\n","protected":false},"author":1,"featured_media":21671,"comment_status":"open","ping_status":"open","sticky":false,"template":"","format":"standard","meta":{"footnotes":""},"categories":[173],"tags":[],"class_list":["post"],"yoast_head":" \n<title>Arranca Programa Vivienda para el Bienestar en Sonora - Periodista SoledadDurazo.com<\/title>\n<meta name=\"robots\" content=\"index, follow, max-snippet:-1, max-image-preview:large, max-video-preview:-1\" \/>\n<link rel=\"canonical\" href=\"https:\/\/soledaddurazo.com\/blog\/2025\/02\/24\/arranca-programa-vivienda-para-el-bienestar-en-sonora\/\" \/>\n<meta property=\"og:locale\" content=\"es_MX\" \/>\n<meta property=\"og:type\" content=\"article\" \/>\n<meta property=\"og:title\" content=\"Arranca Programa Vivienda para el Bienestar en Sonora\" \/>\n<meta property=\"og:description\" content=\"Programa de Vivienda para el Bienestar en Guaymas Modifican iniciativa de reforma a Ley del ISSSTE Peque\u00f1a Dosis de Grilla Dominical Falleci\u00f3 el periodista Luis Alberto Viveros No tard\u00f3 mucho tiempo la Presidenta Claudia Sheinbaum en echar a andar el Programa Nacional de Vivienda para el Bienestar, para cumplir con su promesa de campa\u00f1a de [&hellip;]\" \/>\n<meta property=\"og:url\" content=\"https:\/\/soledaddurazo.com\/blog\/2025\/02\/24\/arranca-programa-vivienda-para-el-bienestar-en-sonora\/\" \/>\n<meta property=\"og:site_name\" content=\"Periodista SoledadDurazo.com\" \/>\n<meta property=\"article:publisher\" content=\"https:\/\/www.facebook.com\/soledad.durazo.9\/\" \/>\n<meta property=\"article:published_time\" content=\"2025-02-24T20:57:33+00:00\" \/>\n<meta property=\"og:image\" content=\"https:\/\/soledaddurazo.com\/storage\/2024\/12\/9a-GRAFICO-FERNANDO-OROPEZA.jpeg\" \/>\n\t<meta property=\"og:image:width\" content=\"1092\" \/>\n\t<meta property=\"og:image:height\" content=\"983\" \/>\n<meta name=\"twitter:card\" content=\"summary_large_image\" \/>\n<meta name=\"twitter:creator\" content=\"@SoledadDurazo\" \/>\n<meta name=\"twitter:site\" content=\"@SoledadDurazo\" \/>\n<meta name=\"twitter:label1\" content=\"Escrito por\" \/>\n\t<meta name=\"twitter:data1\" content=\"Redacci\u00f3n\" \/>\n\t<meta name=\"twitter:label2\" content=\"Tiempo de lectura\" \/>\n\t<meta name=\"twitter:data2\" content=\"6 minutos\" \/>\n<script type=\"application\/ld+json\" class=\"yoast-schema-graph\">{\"@context\":\"https:\/\/schema.org\",\"@graph\":[{\"@type\":\"Organization\",\"@id\":\"https:\/\/soledaddurazo.com\/#organization\",\"name\":\"Soledad Durazo\",\"url\":\"https:\/\/soledaddurazo.com\/\",\"sameAs\":[\"https:\/\/www.facebook.com\/soledad.durazo.9\/\",\"https:\/\/www.instagram.com\/soledaddurazo\",\"https:\/\/www.youtube.com\/channel\/UC9yGPw8-Vbl_B2XNkRwPS-w\",\"https:\/\/twitter.com\/SoledadDurazo\"],\"logo\":{\"@type\":\"ImageObject\",\"@id\":\"https:\/\/soledaddurazo.com\/#logo\",\"inLanguage\":\"es\",\"url\":\"https:\/\/soledaddurazo.com\/storage\/2021\/11\/nllp-720x375-1-2.png\",\"contentUrl\":\"https:\/\/soledaddurazo.com\/storage\/2021\/11\/nllp-720x375-1-2.png\",\"width\":720,\"height\":375,\"caption\":\"Soledad Durazo\"},\"image\":{\"@id\":\"https:\/\/soledaddurazo.com\/#logo\"}},{\"@type\":\"WebSite\",\"@id\":\"https:\/\/soledaddurazo.com\/#website\",\"url\":\"https:\/\/soledaddurazo.com\/\",\"name\":\"Periodista SoledadDurazo.com\",\"description\":\"Periodista sonorense. Directora de www.SoledadDurazo.com Columnista, conductora de radio y Tv. Catedr\\u00e1tica en la UNISON\",\"publisher\":{\"@id\":\"https:\/\/soledaddurazo.com\/#organization\"},\"potentialAction\":[{\"@type\":\"SearchAction\",\"target\":{\"@type\":\"EntryPoint\",\"urlTemplate\":\"https:\/\/soledaddurazo.com\/?s={search_term_string}\"},\"query-input\":\"required name=search_term_string\"}],\"inLanguage\":\"es\"},{\"@type\":\"ImageObject\",\"@id\":\"https:\/\/soledaddurazo.com\/blog\/2025\/02\/24\/arranca-programa-vivienda-para-el-bienestar-en-sonora\/#primaryimage\",\"inLanguage\":\"es\",\"url\":\"https:\/\/soledaddurazo.com\/storage\/2024\/12\/9a-GRAFICO-FERNANDO-OROPEZA.jpeg\",\"contentUrl\":\"https:\/\/soledaddurazo.com\/storage\/2024\/12\/9a-GRAFICO-FERNANDO-OROPEZA.jpeg\",\"width\":1092,\"height\":983},{\"@type\":\"WebPage\",\"@id\":\"https:\/\/soledaddurazo.com\/blog\/2025\/02\/24\/arranca-programa-vivienda-para-el-bienestar-en-sonora\/#webpage\",\"url\":\"https:\/\/soledaddurazo.com\/blog\/2025\/02\/24\/arranca-programa-vivienda-para-el-bienestar-en-sonora\/\",\"name\":\"Arranca Programa Vivienda para el Bienestar en Sonora - Periodista SoledadDurazo.com\",\"isPartOf\":{\"@id\":\"https:\/\/soledaddurazo.com\/#website\"},\"primaryImageOfPage\":{\"@id\":\"https:\/\/soledaddurazo.com\/blog\/2025\/02\/24\/arranca-programa-vivienda-para-el-bienestar-en-sonora\/#primaryimage\"},\"datePublished\":\"2025-02-24T20:57:33+00:00\",\"dateModified\":\"2025-02-24T20:57:33+00:00\",\"breadcrumb\":{\"@id\":\"https:\/\/soledaddurazo.com\/blog\/2025\/02\/24\/arranca-programa-vivienda-para-el-bienestar-en-sonora\/#breadcrumb\"},\"inLanguage\":\"es\",\"potentialAction\":[{\"@type\":\"ReadAction\",\"target\":[\"https:\/\/soledaddurazo.com\/blog\/2025\/02\/24\/arranca-programa-vivienda-para-el-bienestar-en-sonora\/\"]}]},{\"@type\":\"BreadcrumbList\",\"@id\":\"https:\/\/soledaddurazo.com\/blog\/2025\/02\/24\/arranca-programa-vivienda-para-el-bienestar-en-sonora\/#breadcrumb\",\"itemListElement\":[{\"@type\":\"ListItem\",\"position\":1,\"name\":\"Home\",\"item\":\"https:\/\/soledaddurazo.com\/\"},{\"@type\":\"ListItem\",\"position\":2,\"name\":\"Arranca Programa Vivienda para el Bienestar en Sonora\"}]},{\"@type\":\"Article\",\"@id\":\"https:\/\/soledaddurazo.com\/blog\/2025\/02\/24\/arranca-programa-vivienda-para-el-bienestar-en-sonora\/#article\",\"isPartOf\":{\"@id\":\"https:\/\/soledaddurazo.com\/blog\/2025\/02\/24\/arranca-programa-vivienda-para-el-bienestar-en-sonora\/#webpage\"},\"author\":{\"@id\":\"https:\/\/soledaddurazo.com\/#\/schema\/person\/822d8e13aa288585e6546f179853758b\"},\"headline\":\"Arranca Programa Vivienda para el Bienestar en Sonora\",\"datePublished\":\"2025-02-24T20:57:33+00:00\",\"dateModified\":\"2025-02-24T20:57:33+00:00\",\"mainEntityOfPage\":{\"@id\":\"https:\/\/soledaddurazo.com\/blog\/2025\/02\/24\/arranca-programa-vivienda-para-el-bienestar-en-sonora\/#webpage\"},\"wordCount\":1298,\"commentCount\":0,\"publisher\":{\"@id\":\"https:\/\/soledaddurazo.com\/#organization\"},\"image\":{\"@id\":\"https:\/\/soledaddurazo.com\/blog\/2025\/02\/24\/arranca-programa-vivienda-para-el-bienestar-en-sonora\/#primaryimage\"},\"thumbnailUrl\":\"https:\/\/soledaddurazo.com\/storage\/2024\/12\/9a-GRAFICO-FERNANDO-OROPEZA.jpeg\",\"articleSection\":[\"Fernando Oropeza\"],\"inLanguage\":\"es\",\"potentialAction\":[{\"@type\":\"CommentAction\",\"name\":\"Comment\",\"target\":[\"https:\/\/soledaddurazo.com\/blog\/2025\/02\/24\/arranca-programa-vivienda-para-el-bienestar-en-sonora\/#respond\"]}]},{\"@type\":\"Person\",\"@id\":\"https:\/\/soledaddurazo.com\/#\/schema\/person\/822d8e13aa288585e6546f179853758b\",\"name\":\"Redacci\\u00f3n\",\"image\":{\"@type\":\"ImageObject\",\"@id\":\"https:\/\/soledaddurazo.com\/#personlogo\",\"inLanguage\":\"es\",\"url\":\"https:\/\/secure.gravatar.com\/avatar\/c4e193752f756fd61f04deebed3a3a20dc188d37edb53682d313ac57f2725d54?s=96&d=mm&r=g\",\"contentUrl\":\"https:\/\/secure.gravatar.com\/avatar\/c4e193752f756fd61f04deebed3a3a20dc188d37edb53682d313ac57f2725d54?s=96&d=mm&r=g\",\"caption\":\"Redacci\\u00f3n\"},\"sameAs\":[\"https:\/\/soledaddurazo.com\"]}]}<\/script>\n ","yoast_head_json":{"title":"Arranca Programa Vivienda para el Bienestar en Sonora - Periodista SoledadDurazo.com","robots":{"index":"index","follow":"follow","max-snippet":"max-snippet:-1","max-image-preview":"max-image-preview:large","max-video-preview":"max-video-preview:-1"},"canonical":"https:\/\/soledaddurazo.com\/blog\/2025\/02\/24\/arranca-programa-vivienda-para-el-bienestar-en-sonora\/","og_locale":"es_MX","og_type":"article","og_title":"Arranca Programa Vivienda para el Bienestar en Sonora","og_description":"Programa de Vivienda para el Bienestar en Guaymas Modifican iniciativa de reforma a Ley del ISSSTE Peque\u00f1a Dosis de Grilla Dominical Falleci\u00f3 el periodista Luis Alberto Viveros No tard\u00f3 mucho tiempo la Presidenta Claudia Sheinbaum en echar a andar el Programa Nacional de Vivienda para el Bienestar, para cumplir con su promesa de campa\u00f1a de [&hellip;]","og_url":"https:\/\/soledaddurazo.com\/blog\/2025\/02\/24\/arranca-programa-vivienda-para-el-bienestar-en-sonora\/","og_site_name":"Periodista SoledadDurazo.com","article_publisher":"https:\/\/www.facebook.com\/soledad.durazo.9\/","article_published_time":"2025-02-24T20:57:33+00:00","og_image":[{"width":1092,"height":983,"url":"https:\/\/soledaddurazo.com\/storage\/2024\/12\/9a-GRAFICO-FERNANDO-OROPEZA.jpeg","type":"image\/jpeg"}],"twitter_card":"summary_large_image","twitter_creator":"@SoledadDurazo","twitter_site":"@SoledadDurazo","twitter_misc":{"Escrito por":"Redacci\u00f3n","Tiempo de lectura":"6 minutos"},"schema":{"@context":"https:\/\/schema.org","@graph":[{"@type":"Organization","@id":"https:\/\/soledaddurazo.com\/#organization","name":"Soledad Durazo","url":"https:\/\/soledaddurazo.com\/","sameAs":["https:\/\/www.facebook.com\/soledad.durazo.9\/","https:\/\/www.instagram.com\/soledaddurazo","https:\/\/www.youtube.com\/channel\/UC9yGPw8-Vbl_B2XNkRwPS-w","https:\/\/twitter.com\/SoledadDurazo"],"logo":{"@type":"ImageObject","@id":"https:\/\/soledaddurazo.com\/#logo","inLanguage":"es","url":"https:\/\/soledaddurazo.com\/storage\/2021\/11\/nllp-720x375-1-2.png","contentUrl":"https:\/\/soledaddurazo.com\/storage\/2021\/11\/nllp-720x375-1-2.png","width":720,"height":375,"caption":"Soledad Durazo"},"image":{"@id":"https:\/\/soledaddurazo.com\/#logo"}},{"@type":"WebSite","@id":"https:\/\/soledaddurazo.com\/#website","url":"https:\/\/soledaddurazo.com\/","name":"Periodista SoledadDurazo.com","description":"Periodista sonorense. Directora de www.SoledadDurazo.com Columnista, conductora de radio y Tv. Catedr\u00e1tica en la UNISON","publisher":{"@id":"https:\/\/soledaddurazo.com\/#organization"},"potentialAction":[{"@type":"SearchAction","target":{"@type":"EntryPoint","urlTemplate":"https:\/\/soledaddurazo.com\/?s={search_term_string}"},"query-input":"required name=search_term_string"}],"inLanguage":"es"},{"@type":"ImageObject","@id":"https:\/\/soledaddurazo.com\/blog\/2025\/02\/24\/arranca-programa-vivienda-para-el-bienestar-en-sonora\/#primaryimage","inLanguage":"es","url":"https:\/\/soledaddurazo.com\/storage\/2024\/12\/9a-GRAFICO-FERNANDO-OROPEZA.jpeg","contentUrl":"https:\/\/soledaddurazo.com\/storage\/2024\/12\/9a-GRAFICO-FERNANDO-OROPEZA.jpeg","width":1092,"height":983},{"@type":"WebPage","@id":"https:\/\/soledaddurazo.com\/blog\/2025\/02\/24\/arranca-programa-vivienda-para-el-bienestar-en-sonora\/#webpage","url":"https:\/\/soledaddurazo.com\/blog\/2025\/02\/24\/arranca-programa-vivienda-para-el-bienestar-en-sonora\/","name":"Arranca Programa Vivienda para el Bienestar en Sonora - Periodista SoledadDurazo.com","isPartOf":{"@id":"https:\/\/soledaddurazo.com\/#website"},"primaryImageOfPage":{"@id":"https:\/\/soledaddurazo.com\/blog\/2025\/02\/24\/arranca-programa-vivienda-para-el-bienestar-en-sonora\/#primaryimage"},"datePublished":"2025-02-24T20:57:33+00:00","dateModified":"2025-02-24T20:57:33+00:00","breadcrumb":{"@id":"https:\/\/soledaddurazo.com\/blog\/2025\/02\/24\/arranca-programa-vivienda-para-el-bienestar-en-sonora\/#breadcrumb"},"inLanguage":"es","potentialAction":[{"@type":"ReadAction","target":["https:\/\/soledaddurazo.com\/blog\/2025\/02\/24\/arranca-programa-vivienda-para-el-bienestar-en-sonora\/"]}]},{"@type":"BreadcrumbList","@id":"https:\/\/soledaddurazo.com\/blog\/2025\/02\/24\/arranca-programa-vivienda-para-el-bienestar-en-sonora\/#breadcrumb","itemListElement":[{"@type":"ListItem","position":1,"name":"Home","item":"https:\/\/soledaddurazo.com\/"},{"@type":"ListItem","position":2,"name":"Arranca Programa Vivienda para el Bienestar en Sonora"}]},{"@type":"Article","@id":"https:\/\/soledaddurazo.com\/blog\/2025\/02\/24\/arranca-programa-vivienda-para-el-bienestar-en-sonora\/#article","isPartOf":{"@id":"https:\/\/soledaddurazo.com\/blog\/2025\/02\/24\/arranca-programa-vivienda-para-el-bienestar-en-sonora\/#webpage"},"author":{"@id":"https:\/\/soledaddurazo.com\/#\/schema\/person\/822d8e13aa288585e6546f179853758b"},"headline":"Arranca Programa Vivienda para el Bienestar en Sonora","datePublished":"2025-02-24T20:57:33+00:00","dateModified":"2025-02-24T20:57:33+00:00","mainEntityOfPage":{"@id":"https:\/\/soledaddurazo.com\/blog\/2025\/02\/24\/arranca-programa-vivienda-para-el-bienestar-en-sonora\/#webpage"},"wordCount":1298,"commentCount":0,"publisher":{"@id":"https:\/\/soledaddurazo.com\/#organization"},"image":{"@id":"https:\/\/soledaddurazo.com\/blog\/2025\/02\/24\/arranca-programa-vivienda-para-el-bienestar-en-sonora\/#primaryimage"},"thumbnailUrl":"https:\/\/soledaddurazo.com\/storage\/2024\/12\/9a-GRAFICO-FERNANDO-OROPEZA.jpeg","articleSection":["Fernando Oropeza"],"inLanguage":"es","potentialAction":[{"@type":"CommentAction","name":"Comment","target":["https:\/\/soledaddurazo.com\/blog\/2025\/02\/24\/arranca-programa-vivienda-para-el-bienestar-en-sonora\/#respond"]}]},{"@type":"Person","@id":"https:\/\/soledaddurazo.com\/#\/schema\/person\/822d8e13aa288585e6546f179853758b","name":"Redacci\u00f3n","image":{"@type":"ImageObject","@id":"https:\/\/soledaddurazo.com\/#personlogo","inLanguage":"es","url":"https:\/\/secure.gravatar.com\/avatar\/c4e193752f756fd61f04deebed3a3a20dc188d37edb53682d313ac57f2725d54?s=96&d=mm&r=g","contentUrl":"https:\/\/secure.gravatar.com\/avatar\/c4e193752f756fd61f04deebed3a3a20dc188d37edb53682d313ac57f2725d54?s=96&d=mm&r=g","caption":"Redacci\u00f3n"},"sameAs":["https:\/\/soledaddurazo.com"]}]}},"_links":{"self":[{"href":"https:\/\/soledaddurazo.com\/api\/wp\/v2\/posts\/22084","targetHints":{"allow":["GET"]}}],"collection":[{"href":"https:\/\/soledaddurazo.com\/api\/wp\/v2\/posts"}],"about":[{"href":"https:\/\/soledaddurazo.com\/api\/wp\/v2\/types\/post"}],"author":[{"embeddable":true,"href":"https:\/\/soledaddurazo.com\/api\/wp\/v2\/users\/1"}],"replies":[{"embeddable":true,"href":"https:\/\/soledaddurazo.com\/api\/wp\/v2\/comments?post=22084"}],"version-history":[{"count":1,"href":"https:\/\/soledaddurazo.com\/api\/wp\/v2\/posts\/22084\/revisions"}],"predecessor-version":[{"id":22086,"href":"https:\/\/soledaddurazo.com\/api\/wp\/v2\/posts\/22084\/revisions\/22086"}],"wp:featuredmedia":[{"embeddable":true,"href":"https:\/\/soledaddurazo.com\/api\/wp\/v2\/media\/21671"}],"wp:attachment":[{"href":"https:\/\/soledaddurazo.com\/api\/wp\/v2\/media?parent=22084"}],"wp:term":[{"taxonomy":"category","embeddable":true,"href":"https:\/\/soledaddurazo.com\/api\/wp\/v2\/categories?post=22084"},{"taxonomy":"post_tag","embeddable":true,"href":"https:\/\/soledaddurazo.com\/api\/wp\/v2\/tags?post=22084"}],"curies":[{"name":"wp","href":"https:\/\/api.w.org\/{rel}","templated":true}]}}