{"id":22079,"date":"2025-02-24T01:02:00","date_gmt":"2025-02-24T08:02:00","guid":{"rendered":"https:\/\/soledaddurazo.com\/?p=22079"},"modified":"2025-02-24T01:02:00","modified_gmt":"2025-02-24T08:02:00","slug":"inicia-en-sonora-campana-de-afiliacion-a-morena","status":"publish","type":"post","link":"https:\/\/soledaddurazo.com\/blog\/2025\/02\/24\/inicia-en-sonora-campana-de-afiliacion-a-morena\/","title":{"rendered":"Inicia en Sonora campa\u00f1a de afiliaci\u00f3n a Morena"},"content":{"rendered":"<p>Morena inicia campa\u00f1a de afiliaci\u00f3n en Sonora<\/p>\n<p>Hermosillo, Sonora.- Desde la Plaza de los Cien A\u00f1os en Hermosillo, Morena dio inicio a su campa\u00f1a de afiliaci\u00f3n y reafiliaci\u00f3n, consolidando el compromiso de sus dirigentes nacionales, con el fortalecimiento del movimiento.<br \/>\nAsistieron \u00c1lvaro Bracamontes Sierra, secretario t\u00e9cnico del Consejo Nacional de Morena; Judith Armenta Cota, presidenta del Comit\u00e9 Estatal de Morena en Sonora; y Ram\u00f3n Duarte, secretario del Comit\u00e9 Ejecutivo Estatal, tambi\u00e9n estuvo presente Liliana Russo, secretaria estatal de Comunicaci\u00f3n, Difusi\u00f3n y Propaganda, quien enfatiz\u00f3 que la meta en Sonora en afiliar a 215,088 personas, fortaleciendo la base del movimiento en la entidad. Adem\u00e1s, asistieron los dem\u00e1s integrantes del Comit\u00e9 Ejecutivo Estatal, junto con los enlaces de los siete distritos que conforman el estado de Sonora.<br \/>\nCon esta campa\u00f1a, Morena busca consolidar su estructura en Sonora, fortaleciendo la organizaci\u00f3n territorial y promoviendo la participaci\u00f3n ciudadana en el movimiento de transformaci\u00f3n.<\/p>\n","protected":false},"excerpt":{"rendered":"<p>Morena inicia campa\u00f1a de afiliaci\u00f3n en Sonora Hermosillo, Sonora.- Desde la Plaza de los Cien A\u00f1os en Hermosillo, Morena dio inicio a su campa\u00f1a de afiliaci\u00f3n y reafiliaci\u00f3n, consolidando el compromiso de sus dirigentes nacionales, con el fortalecimiento del movimiento. Asistieron \u00c1lvaro Bracamontes Sierra, secretario t\u00e9cnico del Consejo Nacional de Morena; Judith Armenta Cota, presidenta [&hellip;]<\/p>\n","protected":false},"author":1,"featured_media":22080,"comment_status":"open","ping_status":"open","sticky":false,"template":"","format":"standard","meta":{"footnotes":""},"categories":[160],"tags":[],"class_list":["post"],"yoast_head":" \n<title>Inicia en Sonora campa\u00f1a de afiliaci\u00f3n a Morena - Periodista SoledadDurazo.com<\/title>\n<meta name=\"robots\" content=\"index, follow, max-snippet:-1, max-image-preview:large, max-video-preview:-1\" \/>\n<link rel=\"canonical\" href=\"https:\/\/soledaddurazo.com\/blog\/2025\/02\/24\/inicia-en-sonora-campana-de-afiliacion-a-morena\/\" \/>\n<meta property=\"og:locale\" content=\"es_MX\" \/>\n<meta property=\"og:type\" content=\"article\" \/>\n<meta property=\"og:title\" content=\"Inicia en Sonora campa\u00f1a de afiliaci\u00f3n a Morena\" \/>\n<meta property=\"og:description\" content=\"Morena inicia campa\u00f1a de afiliaci\u00f3n en Sonora Hermosillo, Sonora.- Desde la Plaza de los Cien A\u00f1os en Hermosillo, Morena dio inicio a su campa\u00f1a de afiliaci\u00f3n y reafiliaci\u00f3n, consolidando el compromiso de sus dirigentes nacionales, con el fortalecimiento del movimiento. Asistieron \u00c1lvaro Bracamontes Sierra, secretario t\u00e9cnico del Consejo Nacional de Morena; Judith Armenta Cota, presidenta [&hellip;]\" \/>\n<meta property=\"og:url\" content=\"https:\/\/soledaddurazo.com\/blog\/2025\/02\/24\/inicia-en-sonora-campana-de-afiliacion-a-morena\/\" \/>\n<meta property=\"og:site_name\" content=\"Periodista SoledadDurazo.com\" \/>\n<meta property=\"article:publisher\" content=\"https:\/\/www.facebook.com\/soledad.durazo.9\/\" \/>\n<meta property=\"article:published_time\" content=\"2025-02-24T08:02:00+00:00\" \/>\n<meta property=\"og:image\" content=\"https:\/\/soledaddurazo.com\/storage\/2025\/02\/56.jpeg\" \/>\n\t<meta property=\"og:image:width\" content=\"1600\" \/>\n\t<meta property=\"og:image:height\" content=\"1575\" \/>\n<meta name=\"twitter:card\" content=\"summary_large_image\" \/>\n<meta name=\"twitter:creator\" content=\"@SoledadDurazo\" \/>\n<meta name=\"twitter:site\" content=\"@SoledadDurazo\" \/>\n<meta name=\"twitter:label1\" content=\"Escrito por\" \/>\n\t<meta name=\"twitter:data1\" content=\"Redacci\u00f3n\" \/>\n\t<meta name=\"twitter:label2\" content=\"Tiempo de lectura\" \/>\n\t<meta name=\"twitter:data2\" content=\"1 minuto\" \/>\n<script type=\"application\/ld+json\" class=\"yoast-schema-graph\">{\"@context\":\"https:\/\/schema.org\",\"@graph\":[{\"@type\":\"Organization\",\"@id\":\"https:\/\/soledaddurazo.com\/#organization\",\"name\":\"Soledad Durazo\",\"url\":\"https:\/\/soledaddurazo.com\/\",\"sameAs\":[\"https:\/\/www.facebook.com\/soledad.durazo.9\/\",\"https:\/\/www.instagram.com\/soledaddurazo\",\"https:\/\/www.youtube.com\/channel\/UC9yGPw8-Vbl_B2XNkRwPS-w\",\"https:\/\/twitter.com\/SoledadDurazo\"],\"logo\":{\"@type\":\"ImageObject\",\"@id\":\"https:\/\/soledaddurazo.com\/#logo\",\"inLanguage\":\"es\",\"url\":\"https:\/\/soledaddurazo.com\/storage\/2021\/11\/nllp-720x375-1-2.png\",\"contentUrl\":\"https:\/\/soledaddurazo.com\/storage\/2021\/11\/nllp-720x375-1-2.png\",\"width\":720,\"height\":375,\"caption\":\"Soledad Durazo\"},\"image\":{\"@id\":\"https:\/\/soledaddurazo.com\/#logo\"}},{\"@type\":\"WebSite\",\"@id\":\"https:\/\/soledaddurazo.com\/#website\",\"url\":\"https:\/\/soledaddurazo.com\/\",\"name\":\"Periodista SoledadDurazo.com\",\"description\":\"Periodista sonorense. Directora de www.SoledadDurazo.com Columnista, conductora de radio y Tv. Catedr\\u00e1tica en la UNISON\",\"publisher\":{\"@id\":\"https:\/\/soledaddurazo.com\/#organization\"},\"potentialAction\":[{\"@type\":\"SearchAction\",\"target\":{\"@type\":\"EntryPoint\",\"urlTemplate\":\"https:\/\/soledaddurazo.com\/?s={search_term_string}\"},\"query-input\":\"required name=search_term_string\"}],\"inLanguage\":\"es\"},{\"@type\":\"ImageObject\",\"@id\":\"https:\/\/soledaddurazo.com\/blog\/2025\/02\/24\/inicia-en-sonora-campana-de-afiliacion-a-morena\/#primaryimage\",\"inLanguage\":\"es\",\"url\":\"https:\/\/soledaddurazo.com\/storage\/2025\/02\/56.jpeg\",\"contentUrl\":\"https:\/\/soledaddurazo.com\/storage\/2025\/02\/56.jpeg\",\"width\":1600,\"height\":1575},{\"@type\":\"WebPage\",\"@id\":\"https:\/\/soledaddurazo.com\/blog\/2025\/02\/24\/inicia-en-sonora-campana-de-afiliacion-a-morena\/#webpage\",\"url\":\"https:\/\/soledaddurazo.com\/blog\/2025\/02\/24\/inicia-en-sonora-campana-de-afiliacion-a-morena\/\",\"name\":\"Inicia en Sonora campa\\u00f1a de afiliaci\\u00f3n a Morena - Periodista SoledadDurazo.com\",\"isPartOf\":{\"@id\":\"https:\/\/soledaddurazo.com\/#website\"},\"primaryImageOfPage\":{\"@id\":\"https:\/\/soledaddurazo.com\/blog\/2025\/02\/24\/inicia-en-sonora-campana-de-afiliacion-a-morena\/#primaryimage\"},\"datePublished\":\"2025-02-24T08:02:00+00:00\",\"dateModified\":\"2025-02-24T08:02:00+00:00\",\"breadcrumb\":{\"@id\":\"https:\/\/soledaddurazo.com\/blog\/2025\/02\/24\/inicia-en-sonora-campana-de-afiliacion-a-morena\/#breadcrumb\"},\"inLanguage\":\"es\",\"potentialAction\":[{\"@type\":\"ReadAction\",\"target\":[\"https:\/\/soledaddurazo.com\/blog\/2025\/02\/24\/inicia-en-sonora-campana-de-afiliacion-a-morena\/\"]}]},{\"@type\":\"BreadcrumbList\",\"@id\":\"https:\/\/soledaddurazo.com\/blog\/2025\/02\/24\/inicia-en-sonora-campana-de-afiliacion-a-morena\/#breadcrumb\",\"itemListElement\":[{\"@type\":\"ListItem\",\"position\":1,\"name\":\"Home\",\"item\":\"https:\/\/soledaddurazo.com\/\"},{\"@type\":\"ListItem\",\"position\":2,\"name\":\"Inicia en Sonora campa\\u00f1a de afiliaci\\u00f3n a Morena\"}]},{\"@type\":\"Article\",\"@id\":\"https:\/\/soledaddurazo.com\/blog\/2025\/02\/24\/inicia-en-sonora-campana-de-afiliacion-a-morena\/#article\",\"isPartOf\":{\"@id\":\"https:\/\/soledaddurazo.com\/blog\/2025\/02\/24\/inicia-en-sonora-campana-de-afiliacion-a-morena\/#webpage\"},\"author\":{\"@id\":\"https:\/\/soledaddurazo.com\/#\/schema\/person\/822d8e13aa288585e6546f179853758b\"},\"headline\":\"Inicia en Sonora campa\\u00f1a de afiliaci\\u00f3n a Morena\",\"datePublished\":\"2025-02-24T08:02:00+00:00\",\"dateModified\":\"2025-02-24T08:02:00+00:00\",\"mainEntityOfPage\":{\"@id\":\"https:\/\/soledaddurazo.com\/blog\/2025\/02\/24\/inicia-en-sonora-campana-de-afiliacion-a-morena\/#webpage\"},\"wordCount\":176,\"commentCount\":0,\"publisher\":{\"@id\":\"https:\/\/soledaddurazo.com\/#organization\"},\"image\":{\"@id\":\"https:\/\/soledaddurazo.com\/blog\/2025\/02\/24\/inicia-en-sonora-campana-de-afiliacion-a-morena\/#primaryimage\"},\"thumbnailUrl\":\"https:\/\/soledaddurazo.com\/storage\/2025\/02\/56.jpeg\",\"articleSection\":[\"Mas noticias\"],\"inLanguage\":\"es\",\"potentialAction\":[{\"@type\":\"CommentAction\",\"name\":\"Comment\",\"target\":[\"https:\/\/soledaddurazo.com\/blog\/2025\/02\/24\/inicia-en-sonora-campana-de-afiliacion-a-morena\/#respond\"]}]},{\"@type\":\"Person\",\"@id\":\"https:\/\/soledaddurazo.com\/#\/schema\/person\/822d8e13aa288585e6546f179853758b\",\"name\":\"Redacci\\u00f3n\",\"image\":{\"@type\":\"ImageObject\",\"@id\":\"https:\/\/soledaddurazo.com\/#personlogo\",\"inLanguage\":\"es\",\"url\":\"https:\/\/secure.gravatar.com\/avatar\/c4e193752f756fd61f04deebed3a3a20dc188d37edb53682d313ac57f2725d54?s=96&d=mm&r=g\",\"contentUrl\":\"https:\/\/secure.gravatar.com\/avatar\/c4e193752f756fd61f04deebed3a3a20dc188d37edb53682d313ac57f2725d54?s=96&d=mm&r=g\",\"caption\":\"Redacci\\u00f3n\"},\"sameAs\":[\"https:\/\/soledaddurazo.com\"]}]}<\/script>\n ","yoast_head_json":{"title":"Inicia en Sonora campa\u00f1a de afiliaci\u00f3n a Morena - Periodista SoledadDurazo.com","robots":{"index":"index","follow":"follow","max-snippet":"max-snippet:-1","max-image-preview":"max-image-preview:large","max-video-preview":"max-video-preview:-1"},"canonical":"https:\/\/soledaddurazo.com\/blog\/2025\/02\/24\/inicia-en-sonora-campana-de-afiliacion-a-morena\/","og_locale":"es_MX","og_type":"article","og_title":"Inicia en Sonora campa\u00f1a de afiliaci\u00f3n a Morena","og_description":"Morena inicia campa\u00f1a de afiliaci\u00f3n en Sonora Hermosillo, Sonora.- Desde la Plaza de los Cien A\u00f1os en Hermosillo, Morena dio inicio a su campa\u00f1a de afiliaci\u00f3n y reafiliaci\u00f3n, consolidando el compromiso de sus dirigentes nacionales, con el fortalecimiento del movimiento. Asistieron \u00c1lvaro Bracamontes Sierra, secretario t\u00e9cnico del Consejo Nacional de Morena; Judith Armenta Cota, presidenta [&hellip;]","og_url":"https:\/\/soledaddurazo.com\/blog\/2025\/02\/24\/inicia-en-sonora-campana-de-afiliacion-a-morena\/","og_site_name":"Periodista SoledadDurazo.com","article_publisher":"https:\/\/www.facebook.com\/soledad.durazo.9\/","article_published_time":"2025-02-24T08:02:00+00:00","og_image":[{"width":1600,"height":1575,"url":"https:\/\/soledaddurazo.com\/storage\/2025\/02\/56.jpeg","type":"image\/jpeg"}],"twitter_card":"summary_large_image","twitter_creator":"@SoledadDurazo","twitter_site":"@SoledadDurazo","twitter_misc":{"Escrito por":"Redacci\u00f3n","Tiempo de lectura":"1 minuto"},"schema":{"@context":"https:\/\/schema.org","@graph":[{"@type":"Organization","@id":"https:\/\/soledaddurazo.com\/#organization","name":"Soledad Durazo","url":"https:\/\/soledaddurazo.com\/","sameAs":["https:\/\/www.facebook.com\/soledad.durazo.9\/","https:\/\/www.instagram.com\/soledaddurazo","https:\/\/www.youtube.com\/channel\/UC9yGPw8-Vbl_B2XNkRwPS-w","https:\/\/twitter.com\/SoledadDurazo"],"logo":{"@type":"ImageObject","@id":"https:\/\/soledaddurazo.com\/#logo","inLanguage":"es","url":"https:\/\/soledaddurazo.com\/storage\/2021\/11\/nllp-720x375-1-2.png","contentUrl":"https:\/\/soledaddurazo.com\/storage\/2021\/11\/nllp-720x375-1-2.png","width":720,"height":375,"caption":"Soledad Durazo"},"image":{"@id":"https:\/\/soledaddurazo.com\/#logo"}},{"@type":"WebSite","@id":"https:\/\/soledaddurazo.com\/#website","url":"https:\/\/soledaddurazo.com\/","name":"Periodista SoledadDurazo.com","description":"Periodista sonorense. Directora de www.SoledadDurazo.com Columnista, conductora de radio y Tv. Catedr\u00e1tica en la UNISON","publisher":{"@id":"https:\/\/soledaddurazo.com\/#organization"},"potentialAction":[{"@type":"SearchAction","target":{"@type":"EntryPoint","urlTemplate":"https:\/\/soledaddurazo.com\/?s={search_term_string}"},"query-input":"required name=search_term_string"}],"inLanguage":"es"},{"@type":"ImageObject","@id":"https:\/\/soledaddurazo.com\/blog\/2025\/02\/24\/inicia-en-sonora-campana-de-afiliacion-a-morena\/#primaryimage","inLanguage":"es","url":"https:\/\/soledaddurazo.com\/storage\/2025\/02\/56.jpeg","contentUrl":"https:\/\/soledaddurazo.com\/storage\/2025\/02\/56.jpeg","width":1600,"height":1575},{"@type":"WebPage","@id":"https:\/\/soledaddurazo.com\/blog\/2025\/02\/24\/inicia-en-sonora-campana-de-afiliacion-a-morena\/#webpage","url":"https:\/\/soledaddurazo.com\/blog\/2025\/02\/24\/inicia-en-sonora-campana-de-afiliacion-a-morena\/","name":"Inicia en Sonora campa\u00f1a de afiliaci\u00f3n a Morena - Periodista SoledadDurazo.com","isPartOf":{"@id":"https:\/\/soledaddurazo.com\/#website"},"primaryImageOfPage":{"@id":"https:\/\/soledaddurazo.com\/blog\/2025\/02\/24\/inicia-en-sonora-campana-de-afiliacion-a-morena\/#primaryimage"},"datePublished":"2025-02-24T08:02:00+00:00","dateModified":"2025-02-24T08:02:00+00:00","breadcrumb":{"@id":"https:\/\/soledaddurazo.com\/blog\/2025\/02\/24\/inicia-en-sonora-campana-de-afiliacion-a-morena\/#breadcrumb"},"inLanguage":"es","potentialAction":[{"@type":"ReadAction","target":["https:\/\/soledaddurazo.com\/blog\/2025\/02\/24\/inicia-en-sonora-campana-de-afiliacion-a-morena\/"]}]},{"@type":"BreadcrumbList","@id":"https:\/\/soledaddurazo.com\/blog\/2025\/02\/24\/inicia-en-sonora-campana-de-afiliacion-a-morena\/#breadcrumb","itemListElement":[{"@type":"ListItem","position":1,"name":"Home","item":"https:\/\/soledaddurazo.com\/"},{"@type":"ListItem","position":2,"name":"Inicia en Sonora campa\u00f1a de afiliaci\u00f3n a Morena"}]},{"@type":"Article","@id":"https:\/\/soledaddurazo.com\/blog\/2025\/02\/24\/inicia-en-sonora-campana-de-afiliacion-a-morena\/#article","isPartOf":{"@id":"https:\/\/soledaddurazo.com\/blog\/2025\/02\/24\/inicia-en-sonora-campana-de-afiliacion-a-morena\/#webpage"},"author":{"@id":"https:\/\/soledaddurazo.com\/#\/schema\/person\/822d8e13aa288585e6546f179853758b"},"headline":"Inicia en Sonora campa\u00f1a de afiliaci\u00f3n a Morena","datePublished":"2025-02-24T08:02:00+00:00","dateModified":"2025-02-24T08:02:00+00:00","mainEntityOfPage":{"@id":"https:\/\/soledaddurazo.com\/blog\/2025\/02\/24\/inicia-en-sonora-campana-de-afiliacion-a-morena\/#webpage"},"wordCount":176,"commentCount":0,"publisher":{"@id":"https:\/\/soledaddurazo.com\/#organization"},"image":{"@id":"https:\/\/soledaddurazo.com\/blog\/2025\/02\/24\/inicia-en-sonora-campana-de-afiliacion-a-morena\/#primaryimage"},"thumbnailUrl":"https:\/\/soledaddurazo.com\/storage\/2025\/02\/56.jpeg","articleSection":["Mas noticias"],"inLanguage":"es","potentialAction":[{"@type":"CommentAction","name":"Comment","target":["https:\/\/soledaddurazo.com\/blog\/2025\/02\/24\/inicia-en-sonora-campana-de-afiliacion-a-morena\/#respond"]}]},{"@type":"Person","@id":"https:\/\/soledaddurazo.com\/#\/schema\/person\/822d8e13aa288585e6546f179853758b","name":"Redacci\u00f3n","image":{"@type":"ImageObject","@id":"https:\/\/soledaddurazo.com\/#personlogo","inLanguage":"es","url":"https:\/\/secure.gravatar.com\/avatar\/c4e193752f756fd61f04deebed3a3a20dc188d37edb53682d313ac57f2725d54?s=96&d=mm&r=g","contentUrl":"https:\/\/secure.gravatar.com\/avatar\/c4e193752f756fd61f04deebed3a3a20dc188d37edb53682d313ac57f2725d54?s=96&d=mm&r=g","caption":"Redacci\u00f3n"},"sameAs":["https:\/\/soledaddurazo.com"]}]}},"_links":{"self":[{"href":"https:\/\/soledaddurazo.com\/api\/wp\/v2\/posts\/22079","targetHints":{"allow":["GET"]}}],"collection":[{"href":"https:\/\/soledaddurazo.com\/api\/wp\/v2\/posts"}],"about":[{"href":"https:\/\/soledaddurazo.com\/api\/wp\/v2\/types\/post"}],"author":[{"embeddable":true,"href":"https:\/\/soledaddurazo.com\/api\/wp\/v2\/users\/1"}],"replies":[{"embeddable":true,"href":"https:\/\/soledaddurazo.com\/api\/wp\/v2\/comments?post=22079"}],"version-history":[{"count":1,"href":"https:\/\/soledaddurazo.com\/api\/wp\/v2\/posts\/22079\/revisions"}],"predecessor-version":[{"id":22081,"href":"https:\/\/soledaddurazo.com\/api\/wp\/v2\/posts\/22079\/revisions\/22081"}],"wp:featuredmedia":[{"embeddable":true,"href":"https:\/\/soledaddurazo.com\/api\/wp\/v2\/media\/22080"}],"wp:attachment":[{"href":"https:\/\/soledaddurazo.com\/api\/wp\/v2\/media?parent=22079"}],"wp:term":[{"taxonomy":"category","embeddable":true,"href":"https:\/\/soledaddurazo.com\/api\/wp\/v2\/categories?post=22079"},{"taxonomy":"post_tag","embeddable":true,"href":"https:\/\/soledaddurazo.com\/api\/wp\/v2\/tags?post=22079"}],"curies":[{"name":"wp","href":"https:\/\/api.w.org\/{rel}","templated":true}]}}